{"id":277601,"date":"2019-07-09T10:13:42","date_gmt":"2019-07-09T14:13:42","guid":{"rendered":"https:\/\/www.ip.gov.py\/ip\/?p=277601"},"modified":"2019-07-09T10:13:42","modified_gmt":"2019-07-09T14:13:42","slug":"gobierno-argentino-decreta-duelo-por-de-la-rua-que-sera-velado-en-congreso","status":"publish","type":"post","link":"https:\/\/www.ip.gov.py\/ip\/2019\/07\/09\/gobierno-argentino-decreta-duelo-por-de-la-rua-que-sera-velado-en-congreso\/","title":{"rendered":"Gobierno argentino decreta duelo por De la R\u00faa, que ser\u00e1 velado en Congreso"},"content":{"rendered":"<p style=\"text-align: justify;\"><em><strong>Buenos Aires.-<\/strong> <\/em>El Gobierno de Argentina decret\u00f3 este martes tres d\u00edas de duelo nacional por el fallecimiento del expresidente Fernando de la R\u00faa (1999-2001), cuyos restos mortales ser\u00e1n velados en la tarde de este martes en el Sal\u00f3n de los Pasos Perdidos del Congreso Nacional, en Buenos Aires.<!--more--><\/p>\n<p style=\"text-align: justify;\">Seg\u00fan confirmaron a Efe fuentes partidarias, el \u00faltimo adi\u00f3s al exmandatario se llevar\u00e1 a cabo desde las 16 a las 20 horas (19 a 23 GMT), en la misma jornada en la que se conmemora el D\u00eda de la Independencia con m\u00faltiples actos que a pesar del duelo no ser\u00e1n suspendidos.<\/p>\n<p style=\"text-align: justify;\">Una vez concluida la ceremonia, el f\u00e9retro ser\u00e1 trasladado a una sala de velatorios del barrio porte\u00f1o de N\u00fa\u00f1ez y ya ma\u00f1ana se proceder\u00e1 a su inhumaci\u00f3n en un cementerio de la localidad bonaerense de Pilar.<\/p>\n<p style=\"text-align: justify;\">De la R\u00faa, de 81 a\u00f1os, falleci\u00f3 hoy en un centro m\u00e9dico bonaerense donde estaba internado como consecuencia de una descomposici\u00f3n card\u00edaca y renal.<\/p>\n<p style=\"text-align: justify;\">\u00abHa muerto el expresidente De la R\u00faa. Un dirigente bienintencionado, una buena persona. Todo mi cari\u00f1o para la familia\u00bb, dijo el actual jefe de Estado, Mauricio Macri, al comienzo de su discurso por el d\u00eda de la Independencia, que se celebra este martes.<\/p>\n<p style=\"text-align: justify;\">Ya ayer por la noche trascendi\u00f3 que quien fuera mandatario durante la grave crisis de 2001, que sufr\u00eda desde hace a\u00f1os diversos problemas de salud, estaba hospitalizado \u00aben estado muy delicado\u00bb.<\/p>\n<p style=\"text-align: justify;\">El expresidente hab\u00eda sido internado a comienzos de enero pasado en el Hospital Universitario Austral de Pilar por una infecci\u00f3n respiratoria que agrav\u00f3 dolencias cardiovasculares previas, lo que oblig\u00f3 a practicarle una angioplastia coronaria y permanecer en el \u00e1rea de cuidados cr\u00edticos.<\/p>\n<p style=\"text-align: justify;\">Casi un mes despu\u00e9s fue dado de alta y derivado a un centro de tratamiento y rehabilitaci\u00f3n de patolog\u00edas neurol\u00f3gicas.<\/p>\n<p style=\"text-align: justify;\">En mayo se supo que debi\u00f3 ser hospitalizado de nuevo por problemas renales.<\/p>\n<p style=\"text-align: justify;\">De la R\u00faa naci\u00f3 en C\u00f3rdoba el 15 de septiembre de 1937 y a los 21 a\u00f1os se licenci\u00f3 en Derecho.<\/p>\n<p style=\"text-align: justify;\">Vinculado a la Uni\u00f3n C\u00edvica Radical y tras asumir como senador en 1973, fue candidato ese a\u00f1o a la Vicepresidencia de la Rep\u00fablica, formando t\u00e1ndem con Ricardo Balb\u00edn, qui\u00e9n le hab\u00eda ganado a Ra\u00fal Alfons\u00edn en las elecciones internas de los radicales, pero fue derrotado por Juan Domingo Per\u00f3n.<\/p>\n<p style=\"text-align: justify;\">Legislador hasta 1976, cuando los militares dieron el golpe de Estado que desencaden\u00f3 la \u00faltima dictadura argentina, que se extendi\u00f3 hasta 1983, De La R\u00faa desarroll\u00f3 ya de nuevo en democracia una intensa carrera pol\u00edtica como diputado, senador y alcalde de Buenos Aires.<\/p>\n<p style=\"text-align: justify;\">Su carrera lleg\u00f3 a lo m\u00e1s alto el 10 de diciembre de 1999, al ser elegido presidente del pa\u00eds y sucedi\u00f3 al peronista Carlos Menem (1989-1999) para un mandato de cuatro a\u00f1os.<\/p>\n<p style=\"text-align: justify;\">Sin embargo, a finales de 2001, en medio de la grave crisis en la que estaba sumergido el pa\u00eds, el \u00abcorralito bancario\u00bb y tr\u00e1gicas revueltas en las calles, De la R\u00faa acab\u00f3 renunciando y abandonando la Casa de Gobierno en helic\u00f3ptero, una imagen que le dio la vuelta al mundo. EFE<\/p>\n","protected":false},"excerpt":{"rendered":"<p>Buenos Aires.- El Gobierno de Argentina decret\u00f3 este martes tres d\u00edas de duelo nacional por el fallecimiento del expresidente Fernando de la R\u00faa (1999-2001), cuyos restos mortales ser\u00e1n velados en la tarde de este martes en el Sal\u00f3n de los Pasos Perdidos del Congreso Nacional, en Buenos Aires.<\/p>\n","protected":false},"author":23,"featured_media":277605,"comment_status":"closed","ping_status":"closed","sticky":false,"template":"","format":"standard","meta":{"_monsterinsights_skip_tracking":false,"_monsterinsights_sitenote_active":false,"_monsterinsights_sitenote_note":"","_monsterinsights_sitenote_category":0,"footnotes":""},"categories":[5],"tags":[],"class_list":{"0":"post-277601","1":"post","2":"type-post","3":"status-publish","4":"format-standard","5":"has-post-thumbnail","7":"category-internacionales"},"yoast_head":"<!-- This site is optimized with the Yoast SEO plugin v27.4 - https:\/\/yoast.com\/product\/yoast-seo-wordpress\/ -->\n<title>Gobierno argentino decreta duelo por De la R\u00faa, que ser\u00e1 velado en Congreso - .::Agencia IP::.<\/title>\n<meta name=\"robots\" content=\"index, follow, max-snippet:-1, max-image-preview:large, max-video-preview:-1\" \/>\n<link rel=\"canonical\" href=\"https:\/\/www.ip.gov.py\/ip\/2019\/07\/09\/gobierno-argentino-decreta-duelo-por-de-la-rua-que-sera-velado-en-congreso\/\" \/>\n<meta property=\"og:locale\" content=\"es_ES\" \/>\n<meta property=\"og:type\" content=\"article\" \/>\n<meta property=\"og:title\" content=\"Gobierno argentino decreta duelo por De la R\u00faa, que ser\u00e1 velado en Congreso - .::Agencia IP::.\" \/>\n<meta property=\"og:description\" content=\"Buenos Aires.- El Gobierno de Argentina decret\u00f3 este martes tres d\u00edas de duelo nacional por el fallecimiento del expresidente Fernando de la R\u00faa (1999-2001), cuyos restos mortales ser\u00e1n velados en la tarde de este martes en el Sal\u00f3n de los Pasos Perdidos del Congreso Nacional, en Buenos Aires.\" \/>\n<meta property=\"og:url\" content=\"https:\/\/www.ip.gov.py\/ip\/2019\/07\/09\/gobierno-argentino-decreta-duelo-por-de-la-rua-que-sera-velado-en-congreso\/\" \/>\n<meta property=\"og:site_name\" content=\".::Agencia IP::.\" \/>\n<meta property=\"article:publisher\" content=\"https:\/\/www.facebook.com\/IPParaguay\/\" \/>\n<meta property=\"article:published_time\" content=\"2019-07-09T14:13:42+00:00\" \/>\n<meta property=\"og:image\" content=\"https:\/\/www.ip.gov.py\/ip\/wp-content\/uploads\/2019\/07\/De-la-R\u00faa-Gentileza-Clar\u00edn.png\" \/>\n\t<meta property=\"og:image:width\" content=\"651\" \/>\n\t<meta property=\"og:image:height\" content=\"463\" \/>\n\t<meta property=\"og:image:type\" content=\"image\/png\" \/>\n<meta name=\"author\" content=\"Noelia Ferreira\" \/>\n<meta name=\"twitter:card\" content=\"summary_large_image\" \/>\n<meta name=\"twitter:creator\" content=\"@IPParaguay\" \/>\n<meta name=\"twitter:site\" content=\"@IPParaguay\" \/>\n<meta name=\"twitter:label1\" content=\"Escrito por\" \/>\n\t<meta name=\"twitter:data1\" content=\"Noelia Ferreira\" \/>\n\t<meta name=\"twitter:label2\" content=\"Tiempo de lectura\" \/>\n\t<meta name=\"twitter:data2\" content=\"3 minutos\" \/>\n<script type=\"application\/ld+json\" class=\"yoast-schema-graph\">{\"@context\":\"https:\\\/\\\/schema.org\",\"@graph\":[{\"@type\":\"Article\",\"@id\":\"https:\\\/\\\/www.ip.gov.py\\\/ip\\\/2019\\\/07\\\/09\\\/gobierno-argentino-decreta-duelo-por-de-la-rua-que-sera-velado-en-congreso\\\/#article\",\"isPartOf\":{\"@id\":\"https:\\\/\\\/www.ip.gov.py\\\/ip\\\/2019\\\/07\\\/09\\\/gobierno-argentino-decreta-duelo-por-de-la-rua-que-sera-velado-en-congreso\\\/\"},\"author\":{\"name\":\"Noelia Ferreira\",\"@id\":\"https:\\\/\\\/www.ip.gov.py\\\/ip\\\/#\\\/schema\\\/person\\\/791af27a9219bdbf9064abb776bb41c2\"},\"headline\":\"Gobierno argentino decreta duelo por De la R\u00faa, que ser\u00e1 velado en Congreso\",\"datePublished\":\"2019-07-09T14:13:42+00:00\",\"mainEntityOfPage\":{\"@id\":\"https:\\\/\\\/www.ip.gov.py\\\/ip\\\/2019\\\/07\\\/09\\\/gobierno-argentino-decreta-duelo-por-de-la-rua-que-sera-velado-en-congreso\\\/\"},\"wordCount\":558,\"publisher\":{\"@id\":\"https:\\\/\\\/www.ip.gov.py\\\/ip\\\/#organization\"},\"image\":{\"@id\":\"https:\\\/\\\/www.ip.gov.py\\\/ip\\\/2019\\\/07\\\/09\\\/gobierno-argentino-decreta-duelo-por-de-la-rua-que-sera-velado-en-congreso\\\/#primaryimage\"},\"thumbnailUrl\":\"https:\\\/\\\/www.ip.gov.py\\\/ip\\\/wp-content\\\/uploads\\\/2019\\\/07\\\/De-la-R\u00faa-Gentileza-Clar\u00edn.png\",\"articleSection\":[\"Internacionales\"],\"inLanguage\":\"es\"},{\"@type\":\"WebPage\",\"@id\":\"https:\\\/\\\/www.ip.gov.py\\\/ip\\\/2019\\\/07\\\/09\\\/gobierno-argentino-decreta-duelo-por-de-la-rua-que-sera-velado-en-congreso\\\/\",\"url\":\"https:\\\/\\\/www.ip.gov.py\\\/ip\\\/2019\\\/07\\\/09\\\/gobierno-argentino-decreta-duelo-por-de-la-rua-que-sera-velado-en-congreso\\\/\",\"name\":\"Gobierno argentino decreta duelo por De la R\u00faa, que ser\u00e1 velado en Congreso - .::Agencia IP::.\",\"isPartOf\":{\"@id\":\"https:\\\/\\\/www.ip.gov.py\\\/ip\\\/#website\"},\"primaryImageOfPage\":{\"@id\":\"https:\\\/\\\/www.ip.gov.py\\\/ip\\\/2019\\\/07\\\/09\\\/gobierno-argentino-decreta-duelo-por-de-la-rua-que-sera-velado-en-congreso\\\/#primaryimage\"},\"image\":{\"@id\":\"https:\\\/\\\/www.ip.gov.py\\\/ip\\\/2019\\\/07\\\/09\\\/gobierno-argentino-decreta-duelo-por-de-la-rua-que-sera-velado-en-congreso\\\/#primaryimage\"},\"thumbnailUrl\":\"https:\\\/\\\/www.ip.gov.py\\\/ip\\\/wp-content\\\/uploads\\\/2019\\\/07\\\/De-la-R\u00faa-Gentileza-Clar\u00edn.png\",\"datePublished\":\"2019-07-09T14:13:42+00:00\",\"breadcrumb\":{\"@id\":\"https:\\\/\\\/www.ip.gov.py\\\/ip\\\/2019\\\/07\\\/09\\\/gobierno-argentino-decreta-duelo-por-de-la-rua-que-sera-velado-en-congreso\\\/#breadcrumb\"},\"inLanguage\":\"es\",\"potentialAction\":[{\"@type\":\"ReadAction\",\"target\":[\"https:\\\/\\\/www.ip.gov.py\\\/ip\\\/2019\\\/07\\\/09\\\/gobierno-argentino-decreta-duelo-por-de-la-rua-que-sera-velado-en-congreso\\\/\"]}]},{\"@type\":\"ImageObject\",\"inLanguage\":\"es\",\"@id\":\"https:\\\/\\\/www.ip.gov.py\\\/ip\\\/2019\\\/07\\\/09\\\/gobierno-argentino-decreta-duelo-por-de-la-rua-que-sera-velado-en-congreso\\\/#primaryimage\",\"url\":\"https:\\\/\\\/www.ip.gov.py\\\/ip\\\/wp-content\\\/uploads\\\/2019\\\/07\\\/De-la-R\u00faa-Gentileza-Clar\u00edn.png\",\"contentUrl\":\"https:\\\/\\\/www.ip.gov.py\\\/ip\\\/wp-content\\\/uploads\\\/2019\\\/07\\\/De-la-R\u00faa-Gentileza-Clar\u00edn.png\",\"width\":651,\"height\":463,\"caption\":\"Fernando de la R\u00faa Foto: Gentileza Clar\u00edn\"},{\"@type\":\"BreadcrumbList\",\"@id\":\"https:\\\/\\\/www.ip.gov.py\\\/ip\\\/2019\\\/07\\\/09\\\/gobierno-argentino-decreta-duelo-por-de-la-rua-que-sera-velado-en-congreso\\\/#breadcrumb\",\"itemListElement\":[{\"@type\":\"ListItem\",\"position\":1,\"name\":\"Portada\",\"item\":\"https:\\\/\\\/www.ip.gov.py\\\/ip\\\/\"},{\"@type\":\"ListItem\",\"position\":2,\"name\":\"Gobierno argentino decreta duelo por De la R\u00faa, que ser\u00e1 velado en Congreso\"}]},{\"@type\":\"WebSite\",\"@id\":\"https:\\\/\\\/www.ip.gov.py\\\/ip\\\/#website\",\"url\":\"https:\\\/\\\/www.ip.gov.py\\\/ip\\\/\",\"name\":\".::Agencia IP::.\",\"description\":\"\",\"publisher\":{\"@id\":\"https:\\\/\\\/www.ip.gov.py\\\/ip\\\/#organization\"},\"potentialAction\":[{\"@type\":\"SearchAction\",\"target\":{\"@type\":\"EntryPoint\",\"urlTemplate\":\"https:\\\/\\\/www.ip.gov.py\\\/ip\\\/?s={search_term_string}\"},\"query-input\":{\"@type\":\"PropertyValueSpecification\",\"valueRequired\":true,\"valueName\":\"search_term_string\"}}],\"inLanguage\":\"es\"},{\"@type\":\"Organization\",\"@id\":\"https:\\\/\\\/www.ip.gov.py\\\/ip\\\/#organization\",\"name\":\"Agencia IP\",\"url\":\"https:\\\/\\\/www.ip.gov.py\\\/ip\\\/\",\"logo\":{\"@type\":\"ImageObject\",\"inLanguage\":\"es\",\"@id\":\"https:\\\/\\\/www.ip.gov.py\\\/ip\\\/#\\\/schema\\\/logo\\\/image\\\/\",\"url\":\"https:\\\/\\\/www.ip.gov.py\\\/ip\\\/wp-content\\\/uploads\\\/2018\\\/01\\\/Agencia-IP.jpg\",\"contentUrl\":\"https:\\\/\\\/www.ip.gov.py\\\/ip\\\/wp-content\\\/uploads\\\/2018\\\/01\\\/Agencia-IP.jpg\",\"width\":150,\"height\":150,\"caption\":\"Agencia IP\"},\"image\":{\"@id\":\"https:\\\/\\\/www.ip.gov.py\\\/ip\\\/#\\\/schema\\\/logo\\\/image\\\/\"},\"sameAs\":[\"https:\\\/\\\/www.facebook.com\\\/IPParaguay\\\/\",\"https:\\\/\\\/x.com\\\/IPParaguay\",\"https:\\\/\\\/www.instagram.com\\\/IPParaguay\"]},{\"@type\":\"Person\",\"@id\":\"https:\\\/\\\/www.ip.gov.py\\\/ip\\\/#\\\/schema\\\/person\\\/791af27a9219bdbf9064abb776bb41c2\",\"name\":\"Noelia Ferreira\",\"sameAs\":[\"http:\\\/\\\/www.ip.gov.py\"],\"url\":\"https:\\\/\\\/www.ip.gov.py\\\/ip\\\/author\\\/nferreira\\\/\"}]}<\/script>\n<!-- \/ Yoast SEO plugin. -->","yoast_head_json":{"title":"Gobierno argentino decreta duelo por De la R\u00faa, que ser\u00e1 velado en Congreso - .::Agencia IP::.","robots":{"index":"index","follow":"follow","max-snippet":"max-snippet:-1","max-image-preview":"max-image-preview:large","max-video-preview":"max-video-preview:-1"},"canonical":"https:\/\/www.ip.gov.py\/ip\/2019\/07\/09\/gobierno-argentino-decreta-duelo-por-de-la-rua-que-sera-velado-en-congreso\/","og_locale":"es_ES","og_type":"article","og_title":"Gobierno argentino decreta duelo por De la R\u00faa, que ser\u00e1 velado en Congreso - .::Agencia IP::.","og_description":"Buenos Aires.- El Gobierno de Argentina decret\u00f3 este martes tres d\u00edas de duelo nacional por el fallecimiento del expresidente Fernando de la R\u00faa (1999-2001), cuyos restos mortales ser\u00e1n velados en la tarde de este martes en el Sal\u00f3n de los Pasos Perdidos del Congreso Nacional, en Buenos Aires.","og_url":"https:\/\/www.ip.gov.py\/ip\/2019\/07\/09\/gobierno-argentino-decreta-duelo-por-de-la-rua-que-sera-velado-en-congreso\/","og_site_name":".::Agencia IP::.","article_publisher":"https:\/\/www.facebook.com\/IPParaguay\/","article_published_time":"2019-07-09T14:13:42+00:00","og_image":[{"width":651,"height":463,"url":"https:\/\/www.ip.gov.py\/ip\/wp-content\/uploads\/2019\/07\/De-la-R\u00faa-Gentileza-Clar\u00edn.png","type":"image\/png"}],"author":"Noelia Ferreira","twitter_card":"summary_large_image","twitter_creator":"@IPParaguay","twitter_site":"@IPParaguay","twitter_misc":{"Escrito por":"Noelia Ferreira","Tiempo de lectura":"3 minutos"},"schema":{"@context":"https:\/\/schema.org","@graph":[{"@type":"Article","@id":"https:\/\/www.ip.gov.py\/ip\/2019\/07\/09\/gobierno-argentino-decreta-duelo-por-de-la-rua-que-sera-velado-en-congreso\/#article","isPartOf":{"@id":"https:\/\/www.ip.gov.py\/ip\/2019\/07\/09\/gobierno-argentino-decreta-duelo-por-de-la-rua-que-sera-velado-en-congreso\/"},"author":{"name":"Noelia Ferreira","@id":"https:\/\/www.ip.gov.py\/ip\/#\/schema\/person\/791af27a9219bdbf9064abb776bb41c2"},"headline":"Gobierno argentino decreta duelo por De la R\u00faa, que ser\u00e1 velado en Congreso","datePublished":"2019-07-09T14:13:42+00:00","mainEntityOfPage":{"@id":"https:\/\/www.ip.gov.py\/ip\/2019\/07\/09\/gobierno-argentino-decreta-duelo-por-de-la-rua-que-sera-velado-en-congreso\/"},"wordCount":558,"publisher":{"@id":"https:\/\/www.ip.gov.py\/ip\/#organization"},"image":{"@id":"https:\/\/www.ip.gov.py\/ip\/2019\/07\/09\/gobierno-argentino-decreta-duelo-por-de-la-rua-que-sera-velado-en-congreso\/#primaryimage"},"thumbnailUrl":"https:\/\/www.ip.gov.py\/ip\/wp-content\/uploads\/2019\/07\/De-la-R\u00faa-Gentileza-Clar\u00edn.png","articleSection":["Internacionales"],"inLanguage":"es"},{"@type":"WebPage","@id":"https:\/\/www.ip.gov.py\/ip\/2019\/07\/09\/gobierno-argentino-decreta-duelo-por-de-la-rua-que-sera-velado-en-congreso\/","url":"https:\/\/www.ip.gov.py\/ip\/2019\/07\/09\/gobierno-argentino-decreta-duelo-por-de-la-rua-que-sera-velado-en-congreso\/","name":"Gobierno argentino decreta duelo por De la R\u00faa, que ser\u00e1 velado en Congreso - .::Agencia IP::.","isPartOf":{"@id":"https:\/\/www.ip.gov.py\/ip\/#website"},"primaryImageOfPage":{"@id":"https:\/\/www.ip.gov.py\/ip\/2019\/07\/09\/gobierno-argentino-decreta-duelo-por-de-la-rua-que-sera-velado-en-congreso\/#primaryimage"},"image":{"@id":"https:\/\/www.ip.gov.py\/ip\/2019\/07\/09\/gobierno-argentino-decreta-duelo-por-de-la-rua-que-sera-velado-en-congreso\/#primaryimage"},"thumbnailUrl":"https:\/\/www.ip.gov.py\/ip\/wp-content\/uploads\/2019\/07\/De-la-R\u00faa-Gentileza-Clar\u00edn.png","datePublished":"2019-07-09T14:13:42+00:00","breadcrumb":{"@id":"https:\/\/www.ip.gov.py\/ip\/2019\/07\/09\/gobierno-argentino-decreta-duelo-por-de-la-rua-que-sera-velado-en-congreso\/#breadcrumb"},"inLanguage":"es","potentialAction":[{"@type":"ReadAction","target":["https:\/\/www.ip.gov.py\/ip\/2019\/07\/09\/gobierno-argentino-decreta-duelo-por-de-la-rua-que-sera-velado-en-congreso\/"]}]},{"@type":"ImageObject","inLanguage":"es","@id":"https:\/\/www.ip.gov.py\/ip\/2019\/07\/09\/gobierno-argentino-decreta-duelo-por-de-la-rua-que-sera-velado-en-congreso\/#primaryimage","url":"https:\/\/www.ip.gov.py\/ip\/wp-content\/uploads\/2019\/07\/De-la-R\u00faa-Gentileza-Clar\u00edn.png","contentUrl":"https:\/\/www.ip.gov.py\/ip\/wp-content\/uploads\/2019\/07\/De-la-R\u00faa-Gentileza-Clar\u00edn.png","width":651,"height":463,"caption":"Fernando de la R\u00faa Foto: Gentileza Clar\u00edn"},{"@type":"BreadcrumbList","@id":"https:\/\/www.ip.gov.py\/ip\/2019\/07\/09\/gobierno-argentino-decreta-duelo-por-de-la-rua-que-sera-velado-en-congreso\/#breadcrumb","itemListElement":[{"@type":"ListItem","position":1,"name":"Portada","item":"https:\/\/www.ip.gov.py\/ip\/"},{"@type":"ListItem","position":2,"name":"Gobierno argentino decreta duelo por De la R\u00faa, que ser\u00e1 velado en Congreso"}]},{"@type":"WebSite","@id":"https:\/\/www.ip.gov.py\/ip\/#website","url":"https:\/\/www.ip.gov.py\/ip\/","name":".::Agencia IP::.","description":"","publisher":{"@id":"https:\/\/www.ip.gov.py\/ip\/#organization"},"potentialAction":[{"@type":"SearchAction","target":{"@type":"EntryPoint","urlTemplate":"https:\/\/www.ip.gov.py\/ip\/?s={search_term_string}"},"query-input":{"@type":"PropertyValueSpecification","valueRequired":true,"valueName":"search_term_string"}}],"inLanguage":"es"},{"@type":"Organization","@id":"https:\/\/www.ip.gov.py\/ip\/#organization","name":"Agencia IP","url":"https:\/\/www.ip.gov.py\/ip\/","logo":{"@type":"ImageObject","inLanguage":"es","@id":"https:\/\/www.ip.gov.py\/ip\/#\/schema\/logo\/image\/","url":"https:\/\/www.ip.gov.py\/ip\/wp-content\/uploads\/2018\/01\/Agencia-IP.jpg","contentUrl":"https:\/\/www.ip.gov.py\/ip\/wp-content\/uploads\/2018\/01\/Agencia-IP.jpg","width":150,"height":150,"caption":"Agencia IP"},"image":{"@id":"https:\/\/www.ip.gov.py\/ip\/#\/schema\/logo\/image\/"},"sameAs":["https:\/\/www.facebook.com\/IPParaguay\/","https:\/\/x.com\/IPParaguay","https:\/\/www.instagram.com\/IPParaguay"]},{"@type":"Person","@id":"https:\/\/www.ip.gov.py\/ip\/#\/schema\/person\/791af27a9219bdbf9064abb776bb41c2","name":"Noelia Ferreira","sameAs":["http:\/\/www.ip.gov.py"],"url":"https:\/\/www.ip.gov.py\/ip\/author\/nferreira\/"}]}},"_links":{"self":[{"href":"https:\/\/www.ip.gov.py\/ip\/wp-json\/wp\/v2\/posts\/277601","targetHints":{"allow":["GET"]}}],"collection":[{"href":"https:\/\/www.ip.gov.py\/ip\/wp-json\/wp\/v2\/posts"}],"about":[{"href":"https:\/\/www.ip.gov.py\/ip\/wp-json\/wp\/v2\/types\/post"}],"author":[{"embeddable":true,"href":"https:\/\/www.ip.gov.py\/ip\/wp-json\/wp\/v2\/users\/23"}],"replies":[{"embeddable":true,"href":"https:\/\/www.ip.gov.py\/ip\/wp-json\/wp\/v2\/comments?post=277601"}],"version-history":[{"count":0,"href":"https:\/\/www.ip.gov.py\/ip\/wp-json\/wp\/v2\/posts\/277601\/revisions"}],"wp:featuredmedia":[{"embeddable":true,"href":"https:\/\/www.ip.gov.py\/ip\/wp-json\/wp\/v2\/media\/277605"}],"wp:attachment":[{"href":"https:\/\/www.ip.gov.py\/ip\/wp-json\/wp\/v2\/media?parent=277601"}],"wp:term":[{"taxonomy":"category","embeddable":true,"href":"https:\/\/www.ip.gov.py\/ip\/wp-json\/wp\/v2\/categories?post=277601"},{"taxonomy":"post_tag","embeddable":true,"href":"https:\/\/www.ip.gov.py\/ip\/wp-json\/wp\/v2\/tags?post=277601"}],"curies":[{"name":"wp","href":"https:\/\/api.w.org\/{rel}","templated":true}]}}