{"id":278807,"date":"2019-07-19T07:32:03","date_gmt":"2019-07-19T11:32:03","guid":{"rendered":"https:\/\/www.ip.gov.py\/ip\/?p=278807"},"modified":"2019-07-19T11:30:37","modified_gmt":"2019-07-19T15:30:37","slug":"hoy-presentaran-libro-acerca-de-la-guerra-contra-el-paraguay","status":"publish","type":"post","link":"https:\/\/www.ip.gov.py\/ip\/2019\/07\/19\/hoy-presentaran-libro-acerca-de-la-guerra-contra-el-paraguay\/","title":{"rendered":"Se present\u00f3 el libro acerca de la Guerra contra el Paraguay"},"content":{"rendered":"<p style=\"text-align: justify;\"><em><strong>Asunci\u00f3n, IP.-<\/strong><\/em> La Secretar\u00eda Nacional de Cultura (SNC) realiz\u00f3 ayer el lanzamiento del libro \u201cA prop\u00f3sito de la guerra contra el Paraguay por la Confederaci\u00f3n Argentina, el Uruguay y el Brasil\u201d, de M. TH. Mannequin, en el Archivo Nacional.<!--more--><\/p>\n<p style=\"text-align: justify;\">La actividad se realiz\u00f3 en el Archivo Nacional, sitio Mariscal Estigarribia esquina Iturbe y se realiza en el marco de la Conmemoraci\u00f3n del Sesquicentenario de la Epopeya Nacional (1864-1870).<\/p>\n<p style=\"text-align: justify;\">La obra hecha en coedici\u00f3n de la SNC, la Alianza Francesa y la editorial Arandur\u00e3 cuenta con un estudio introductorio de la historiadora, Liliana M. Brezzo y la traducci\u00f3n de Carlos Guggiari Chase, aportes a la traducci\u00f3n, Guido Rodr\u00edguez-Alcal\u00e1, la revisi\u00f3n de la traducci\u00f3n, Dominique Scobry; y la presentaci\u00f3n estar\u00e1 a cargo del Embajador Ricardo Scavonne Yegros, Acad\u00e9mico de N\u00famero de la Academia Paraguaya de la Historia.<\/p>\n<p style=\"text-align: justify;\">Mannequin inicia su texto se\u00f1alando \u201cEn la guerra los pueblos padecen siempre en su intereses econ\u00f3micos y, por otra parte, puede dudarse de que puedan ganar alguna cosa. Pero ordinariamente se hace la guerra en nombre de dichos intereses, sea obedeciendo a teor\u00edas perversas sea aduciendo pretextos invocados para disimular ambiciones morbosas\u201d.<\/p>\n<p style=\"text-align: justify;\">Y finaliza expresando \u201cNo s\u00e9 qu\u00e9 transformaciones puede aportar la guerra actual en la constituci\u00f3n \u00edntima del Paraguay. Este pa\u00eds difiere considerablemente de todos aquellos pa\u00edses sobre los cuales he conversado con el lector m\u00e1s de una vez, que merecer\u00eda un trabajo aparte; pero muy ciertamente la guerra no le ser\u00e1 ventajosa. No es con las armas al hombro que los pueblos secuestrados por sus instituciones solitarias deben iniciar sus tratos con el extranjero\u201d.<\/p>\n<p style=\"text-align: justify;\">Theodore Mannequin y la Propaganda del Paraguay en Europa durante la guerra contra la Triple Alianza 1864-1870. Por Liliana M. Brezzo<\/p>\n<p style=\"text-align: justify;\">A iniciativa de la SNC se realiza la publicaci\u00f3n de la primera edici\u00f3n en espa\u00f1ol de la obra del publicista franc\u00e9s Theodore Mannequin (1819-\u00bf1895?). El folleto se edit\u00f3 originalmente en Par\u00eds en el a\u00f1o 1866 como expresi\u00f3n de los debates que se produjeron durante el conflicto b\u00e9lico. Sin embargo, su gestaci\u00f3n se puede remontar una d\u00e9cada antes, en los intercambios epistolares de Mannequin con letrados y diplom\u00e1ticos comprometidos o interesados en el devenir de las sociedades del R\u00edo de la Plata, se\u00f1ala parte del texto introductorio a cargo de Brezzo.<\/p>\n<p style=\"text-align: justify;\">\u201cDeclarada la guerra de la Triple Alianza, el gobierno paraguayo de Francisco Solano L\u00f3pez autoriz\u00f3 a C\u00e1ndido Bareiro (1833-1870), titular de la representaci\u00f3n diplom\u00e1tica en Europa, a efectuar erogaciones destinadas a financiar la publicaci\u00f3n de art\u00edculos en la prensa y de escritos en otros formatos que sustentaran la equidad de su causa y divulgaran una imagen positiva del pa\u00eds para neutralizar la que los escritores reclutados por los gobiernos aliados pregonaban en hojas francesas como Les D\u00e9bats y La Patrie\u201d, explica.<\/p>\n<p style=\"text-align: justify;\">Igualmente indica \u201cAl principio, la Legaci\u00f3n paraguaya s\u00f3lo cont\u00f3 en Par\u00eds con La Opini\u00f3n Nacional, un peri\u00f3dico de poca importancia y circulaci\u00f3n. Fue clave para modificar esa situaci\u00f3n el concurso del periodista franc\u00e9s Charles Expilly, quien ten\u00eda buenos contactos en la prensa de su pa\u00eds y una reconocida posici\u00f3n cr\u00edtica respecto al Brasil\u201d.<\/p>\n<p style=\"text-align: justify;\">\u201cEstos esfuerzos se vieron robustecidos con el concurso de otros intelectuales y publicistas como el del argentino Juan Bautista Alberdi (1810-1884). En efecto, en los primeros a\u00f1os de la d\u00e9cada de 1860, Gregorio Benites (1834-1909), joven secretario de la Legaci\u00f3n paraguaya en Europa conoci\u00f3 a Albredi quien se hallaba ya desvinculado de su cargo de Ministro Plenipotenciario y Encargado de Negocios de la Rep\u00fablica Argentina ante las cortes de Francia, Inglaterra, Espa\u00f1a y el Vaticano, luego que Bartolom\u00e9 Mitre asumiera la presidencia, en 1862\u201d.<\/p>\n<p style=\"text-align: justify;\">\u201cAl igual que lo hacen Alberdi y Gregorio Benites, el lector est\u00e1 invitado, ciento cincuenta a\u00f1os despu\u00e9s, a leer o a revisitar la obra de Theodore Mannequin, a disentir, polemizar o coincidir con parte de sus argumentos; a observar la guerra con nuevos ojos, y ver lo que otros no pudieron ver en el pasado y, de este modo, a componer una visi\u00f3n m\u00e1s completa del conflicto y de su significado para Sudam\u00e9rica\u201d.<\/p>\n","protected":false},"excerpt":{"rendered":"<p>Asunci\u00f3n, IP.- La Secretar\u00eda Nacional de Cultura (SNC) realiz\u00f3 ayer el lanzamiento del libro \u201cA prop\u00f3sito de la guerra contra el Paraguay por la Confederaci\u00f3n Argentina, el Uruguay y el Brasil\u201d, de M. TH. Mannequin, en el Archivo Nacional.<\/p>\n","protected":false},"author":23,"featured_media":278875,"comment_status":"closed","ping_status":"closed","sticky":false,"template":"","format":"standard","meta":{"_monsterinsights_skip_tracking":false,"_monsterinsights_sitenote_active":false,"_monsterinsights_sitenote_note":"","_monsterinsights_sitenote_category":0,"footnotes":""},"categories":[7],"tags":[],"class_list":{"0":"post-278807","1":"post","2":"type-post","3":"status-publish","4":"format-standard","5":"has-post-thumbnail","7":"category-cultura"},"yoast_head":"<!-- This site is optimized with the Yoast SEO plugin v27.5 - https:\/\/yoast.com\/product\/yoast-seo-wordpress\/ -->\n<title>Se present\u00f3 el libro acerca de la Guerra contra el Paraguay - .::Agencia IP::.<\/title>\n<meta name=\"robots\" content=\"index, follow, max-snippet:-1, max-image-preview:large, max-video-preview:-1\" \/>\n<link rel=\"canonical\" href=\"https:\/\/www.ip.gov.py\/ip\/2019\/07\/19\/hoy-presentaran-libro-acerca-de-la-guerra-contra-el-paraguay\/\" \/>\n<meta property=\"og:locale\" content=\"es_ES\" \/>\n<meta property=\"og:type\" content=\"article\" \/>\n<meta property=\"og:title\" content=\"Se present\u00f3 el libro acerca de la Guerra contra el Paraguay - .::Agencia IP::.\" \/>\n<meta property=\"og:description\" content=\"Asunci\u00f3n, IP.- La Secretar\u00eda Nacional de Cultura (SNC) realiz\u00f3 ayer el lanzamiento del libro \u201cA prop\u00f3sito de la guerra contra el Paraguay por la Confederaci\u00f3n Argentina, el Uruguay y el Brasil\u201d, de M. TH. Mannequin, en el Archivo Nacional.\" \/>\n<meta property=\"og:url\" content=\"https:\/\/www.ip.gov.py\/ip\/2019\/07\/19\/hoy-presentaran-libro-acerca-de-la-guerra-contra-el-paraguay\/\" \/>\n<meta property=\"og:site_name\" content=\".::Agencia IP::.\" \/>\n<meta property=\"article:publisher\" content=\"https:\/\/www.facebook.com\/IPParaguay\/\" \/>\n<meta property=\"article:published_time\" content=\"2019-07-19T11:32:03+00:00\" \/>\n<meta property=\"article:modified_time\" content=\"2019-07-19T15:30:37+00:00\" \/>\n<meta property=\"og:image\" content=\"https:\/\/www.ip.gov.py\/ip\/wp-content\/uploads\/2019\/07\/SNC-7.jpg\" \/>\n\t<meta property=\"og:image:width\" content=\"5196\" \/>\n\t<meta property=\"og:image:height\" content=\"3464\" \/>\n\t<meta property=\"og:image:type\" content=\"image\/jpeg\" \/>\n<meta name=\"author\" content=\"Noelia Ferreira\" \/>\n<meta name=\"twitter:card\" content=\"summary_large_image\" \/>\n<meta name=\"twitter:creator\" content=\"@IPParaguay\" \/>\n<meta name=\"twitter:site\" content=\"@IPParaguay\" \/>\n<meta name=\"twitter:label1\" content=\"Escrito por\" \/>\n\t<meta name=\"twitter:data1\" content=\"Noelia Ferreira\" \/>\n\t<meta name=\"twitter:label2\" content=\"Tiempo de lectura\" \/>\n\t<meta name=\"twitter:data2\" content=\"4 minutos\" \/>\n<script type=\"application\/ld+json\" class=\"yoast-schema-graph\">{\"@context\":\"https:\\\/\\\/schema.org\",\"@graph\":[{\"@type\":\"Article\",\"@id\":\"https:\\\/\\\/www.ip.gov.py\\\/ip\\\/2019\\\/07\\\/19\\\/hoy-presentaran-libro-acerca-de-la-guerra-contra-el-paraguay\\\/#article\",\"isPartOf\":{\"@id\":\"https:\\\/\\\/www.ip.gov.py\\\/ip\\\/2019\\\/07\\\/19\\\/hoy-presentaran-libro-acerca-de-la-guerra-contra-el-paraguay\\\/\"},\"author\":{\"name\":\"Noelia Ferreira\",\"@id\":\"https:\\\/\\\/www.ip.gov.py\\\/ip\\\/#\\\/schema\\\/person\\\/791af27a9219bdbf9064abb776bb41c2\"},\"headline\":\"Se present\u00f3 el libro acerca de la Guerra contra el Paraguay\",\"datePublished\":\"2019-07-19T11:32:03+00:00\",\"dateModified\":\"2019-07-19T15:30:37+00:00\",\"mainEntityOfPage\":{\"@id\":\"https:\\\/\\\/www.ip.gov.py\\\/ip\\\/2019\\\/07\\\/19\\\/hoy-presentaran-libro-acerca-de-la-guerra-contra-el-paraguay\\\/\"},\"wordCount\":737,\"publisher\":{\"@id\":\"https:\\\/\\\/www.ip.gov.py\\\/ip\\\/#organization\"},\"image\":{\"@id\":\"https:\\\/\\\/www.ip.gov.py\\\/ip\\\/2019\\\/07\\\/19\\\/hoy-presentaran-libro-acerca-de-la-guerra-contra-el-paraguay\\\/#primaryimage\"},\"thumbnailUrl\":\"https:\\\/\\\/www.ip.gov.py\\\/ip\\\/wp-content\\\/uploads\\\/2019\\\/07\\\/SNC-7.jpg\",\"articleSection\":[\"Cultura\"],\"inLanguage\":\"es\"},{\"@type\":\"WebPage\",\"@id\":\"https:\\\/\\\/www.ip.gov.py\\\/ip\\\/2019\\\/07\\\/19\\\/hoy-presentaran-libro-acerca-de-la-guerra-contra-el-paraguay\\\/\",\"url\":\"https:\\\/\\\/www.ip.gov.py\\\/ip\\\/2019\\\/07\\\/19\\\/hoy-presentaran-libro-acerca-de-la-guerra-contra-el-paraguay\\\/\",\"name\":\"Se present\u00f3 el libro acerca de la Guerra contra el Paraguay - .::Agencia IP::.\",\"isPartOf\":{\"@id\":\"https:\\\/\\\/www.ip.gov.py\\\/ip\\\/#website\"},\"primaryImageOfPage\":{\"@id\":\"https:\\\/\\\/www.ip.gov.py\\\/ip\\\/2019\\\/07\\\/19\\\/hoy-presentaran-libro-acerca-de-la-guerra-contra-el-paraguay\\\/#primaryimage\"},\"image\":{\"@id\":\"https:\\\/\\\/www.ip.gov.py\\\/ip\\\/2019\\\/07\\\/19\\\/hoy-presentaran-libro-acerca-de-la-guerra-contra-el-paraguay\\\/#primaryimage\"},\"thumbnailUrl\":\"https:\\\/\\\/www.ip.gov.py\\\/ip\\\/wp-content\\\/uploads\\\/2019\\\/07\\\/SNC-7.jpg\",\"datePublished\":\"2019-07-19T11:32:03+00:00\",\"dateModified\":\"2019-07-19T15:30:37+00:00\",\"breadcrumb\":{\"@id\":\"https:\\\/\\\/www.ip.gov.py\\\/ip\\\/2019\\\/07\\\/19\\\/hoy-presentaran-libro-acerca-de-la-guerra-contra-el-paraguay\\\/#breadcrumb\"},\"inLanguage\":\"es\",\"potentialAction\":[{\"@type\":\"ReadAction\",\"target\":[\"https:\\\/\\\/www.ip.gov.py\\\/ip\\\/2019\\\/07\\\/19\\\/hoy-presentaran-libro-acerca-de-la-guerra-contra-el-paraguay\\\/\"]}]},{\"@type\":\"ImageObject\",\"inLanguage\":\"es\",\"@id\":\"https:\\\/\\\/www.ip.gov.py\\\/ip\\\/2019\\\/07\\\/19\\\/hoy-presentaran-libro-acerca-de-la-guerra-contra-el-paraguay\\\/#primaryimage\",\"url\":\"https:\\\/\\\/www.ip.gov.py\\\/ip\\\/wp-content\\\/uploads\\\/2019\\\/07\\\/SNC-7.jpg\",\"contentUrl\":\"https:\\\/\\\/www.ip.gov.py\\\/ip\\\/wp-content\\\/uploads\\\/2019\\\/07\\\/SNC-7.jpg\",\"width\":5196,\"height\":3464,\"caption\":\"Foto: SNC\"},{\"@type\":\"BreadcrumbList\",\"@id\":\"https:\\\/\\\/www.ip.gov.py\\\/ip\\\/2019\\\/07\\\/19\\\/hoy-presentaran-libro-acerca-de-la-guerra-contra-el-paraguay\\\/#breadcrumb\",\"itemListElement\":[{\"@type\":\"ListItem\",\"position\":1,\"name\":\"Portada\",\"item\":\"https:\\\/\\\/www.ip.gov.py\\\/ip\\\/\"},{\"@type\":\"ListItem\",\"position\":2,\"name\":\"Se present\u00f3 el libro acerca de la Guerra contra el Paraguay\"}]},{\"@type\":\"WebSite\",\"@id\":\"https:\\\/\\\/www.ip.gov.py\\\/ip\\\/#website\",\"url\":\"https:\\\/\\\/www.ip.gov.py\\\/ip\\\/\",\"name\":\".::Agencia IP::.\",\"description\":\"\",\"publisher\":{\"@id\":\"https:\\\/\\\/www.ip.gov.py\\\/ip\\\/#organization\"},\"potentialAction\":[{\"@type\":\"SearchAction\",\"target\":{\"@type\":\"EntryPoint\",\"urlTemplate\":\"https:\\\/\\\/www.ip.gov.py\\\/ip\\\/?s={search_term_string}\"},\"query-input\":{\"@type\":\"PropertyValueSpecification\",\"valueRequired\":true,\"valueName\":\"search_term_string\"}}],\"inLanguage\":\"es\"},{\"@type\":\"Organization\",\"@id\":\"https:\\\/\\\/www.ip.gov.py\\\/ip\\\/#organization\",\"name\":\"Agencia IP\",\"url\":\"https:\\\/\\\/www.ip.gov.py\\\/ip\\\/\",\"logo\":{\"@type\":\"ImageObject\",\"inLanguage\":\"es\",\"@id\":\"https:\\\/\\\/www.ip.gov.py\\\/ip\\\/#\\\/schema\\\/logo\\\/image\\\/\",\"url\":\"https:\\\/\\\/www.ip.gov.py\\\/ip\\\/wp-content\\\/uploads\\\/2018\\\/01\\\/Agencia-IP.jpg\",\"contentUrl\":\"https:\\\/\\\/www.ip.gov.py\\\/ip\\\/wp-content\\\/uploads\\\/2018\\\/01\\\/Agencia-IP.jpg\",\"width\":150,\"height\":150,\"caption\":\"Agencia IP\"},\"image\":{\"@id\":\"https:\\\/\\\/www.ip.gov.py\\\/ip\\\/#\\\/schema\\\/logo\\\/image\\\/\"},\"sameAs\":[\"https:\\\/\\\/www.facebook.com\\\/IPParaguay\\\/\",\"https:\\\/\\\/x.com\\\/IPParaguay\",\"https:\\\/\\\/www.instagram.com\\\/IPParaguay\"]},{\"@type\":\"Person\",\"@id\":\"https:\\\/\\\/www.ip.gov.py\\\/ip\\\/#\\\/schema\\\/person\\\/791af27a9219bdbf9064abb776bb41c2\",\"name\":\"Noelia Ferreira\",\"sameAs\":[\"http:\\\/\\\/www.ip.gov.py\"],\"url\":\"https:\\\/\\\/www.ip.gov.py\\\/ip\\\/author\\\/nferreira\\\/\"}]}<\/script>\n<!-- \/ Yoast SEO plugin. -->","yoast_head_json":{"title":"Se present\u00f3 el libro acerca de la Guerra contra el Paraguay - .::Agencia IP::.","robots":{"index":"index","follow":"follow","max-snippet":"max-snippet:-1","max-image-preview":"max-image-preview:large","max-video-preview":"max-video-preview:-1"},"canonical":"https:\/\/www.ip.gov.py\/ip\/2019\/07\/19\/hoy-presentaran-libro-acerca-de-la-guerra-contra-el-paraguay\/","og_locale":"es_ES","og_type":"article","og_title":"Se present\u00f3 el libro acerca de la Guerra contra el Paraguay - .::Agencia IP::.","og_description":"Asunci\u00f3n, IP.- La Secretar\u00eda Nacional de Cultura (SNC) realiz\u00f3 ayer el lanzamiento del libro \u201cA prop\u00f3sito de la guerra contra el Paraguay por la Confederaci\u00f3n Argentina, el Uruguay y el Brasil\u201d, de M. TH. Mannequin, en el Archivo Nacional.","og_url":"https:\/\/www.ip.gov.py\/ip\/2019\/07\/19\/hoy-presentaran-libro-acerca-de-la-guerra-contra-el-paraguay\/","og_site_name":".::Agencia IP::.","article_publisher":"https:\/\/www.facebook.com\/IPParaguay\/","article_published_time":"2019-07-19T11:32:03+00:00","article_modified_time":"2019-07-19T15:30:37+00:00","og_image":[{"width":5196,"height":3464,"url":"https:\/\/www.ip.gov.py\/ip\/wp-content\/uploads\/2019\/07\/SNC-7.jpg","type":"image\/jpeg"}],"author":"Noelia Ferreira","twitter_card":"summary_large_image","twitter_creator":"@IPParaguay","twitter_site":"@IPParaguay","twitter_misc":{"Escrito por":"Noelia Ferreira","Tiempo de lectura":"4 minutos"},"schema":{"@context":"https:\/\/schema.org","@graph":[{"@type":"Article","@id":"https:\/\/www.ip.gov.py\/ip\/2019\/07\/19\/hoy-presentaran-libro-acerca-de-la-guerra-contra-el-paraguay\/#article","isPartOf":{"@id":"https:\/\/www.ip.gov.py\/ip\/2019\/07\/19\/hoy-presentaran-libro-acerca-de-la-guerra-contra-el-paraguay\/"},"author":{"name":"Noelia Ferreira","@id":"https:\/\/www.ip.gov.py\/ip\/#\/schema\/person\/791af27a9219bdbf9064abb776bb41c2"},"headline":"Se present\u00f3 el libro acerca de la Guerra contra el Paraguay","datePublished":"2019-07-19T11:32:03+00:00","dateModified":"2019-07-19T15:30:37+00:00","mainEntityOfPage":{"@id":"https:\/\/www.ip.gov.py\/ip\/2019\/07\/19\/hoy-presentaran-libro-acerca-de-la-guerra-contra-el-paraguay\/"},"wordCount":737,"publisher":{"@id":"https:\/\/www.ip.gov.py\/ip\/#organization"},"image":{"@id":"https:\/\/www.ip.gov.py\/ip\/2019\/07\/19\/hoy-presentaran-libro-acerca-de-la-guerra-contra-el-paraguay\/#primaryimage"},"thumbnailUrl":"https:\/\/www.ip.gov.py\/ip\/wp-content\/uploads\/2019\/07\/SNC-7.jpg","articleSection":["Cultura"],"inLanguage":"es"},{"@type":"WebPage","@id":"https:\/\/www.ip.gov.py\/ip\/2019\/07\/19\/hoy-presentaran-libro-acerca-de-la-guerra-contra-el-paraguay\/","url":"https:\/\/www.ip.gov.py\/ip\/2019\/07\/19\/hoy-presentaran-libro-acerca-de-la-guerra-contra-el-paraguay\/","name":"Se present\u00f3 el libro acerca de la Guerra contra el Paraguay - .::Agencia IP::.","isPartOf":{"@id":"https:\/\/www.ip.gov.py\/ip\/#website"},"primaryImageOfPage":{"@id":"https:\/\/www.ip.gov.py\/ip\/2019\/07\/19\/hoy-presentaran-libro-acerca-de-la-guerra-contra-el-paraguay\/#primaryimage"},"image":{"@id":"https:\/\/www.ip.gov.py\/ip\/2019\/07\/19\/hoy-presentaran-libro-acerca-de-la-guerra-contra-el-paraguay\/#primaryimage"},"thumbnailUrl":"https:\/\/www.ip.gov.py\/ip\/wp-content\/uploads\/2019\/07\/SNC-7.jpg","datePublished":"2019-07-19T11:32:03+00:00","dateModified":"2019-07-19T15:30:37+00:00","breadcrumb":{"@id":"https:\/\/www.ip.gov.py\/ip\/2019\/07\/19\/hoy-presentaran-libro-acerca-de-la-guerra-contra-el-paraguay\/#breadcrumb"},"inLanguage":"es","potentialAction":[{"@type":"ReadAction","target":["https:\/\/www.ip.gov.py\/ip\/2019\/07\/19\/hoy-presentaran-libro-acerca-de-la-guerra-contra-el-paraguay\/"]}]},{"@type":"ImageObject","inLanguage":"es","@id":"https:\/\/www.ip.gov.py\/ip\/2019\/07\/19\/hoy-presentaran-libro-acerca-de-la-guerra-contra-el-paraguay\/#primaryimage","url":"https:\/\/www.ip.gov.py\/ip\/wp-content\/uploads\/2019\/07\/SNC-7.jpg","contentUrl":"https:\/\/www.ip.gov.py\/ip\/wp-content\/uploads\/2019\/07\/SNC-7.jpg","width":5196,"height":3464,"caption":"Foto: SNC"},{"@type":"BreadcrumbList","@id":"https:\/\/www.ip.gov.py\/ip\/2019\/07\/19\/hoy-presentaran-libro-acerca-de-la-guerra-contra-el-paraguay\/#breadcrumb","itemListElement":[{"@type":"ListItem","position":1,"name":"Portada","item":"https:\/\/www.ip.gov.py\/ip\/"},{"@type":"ListItem","position":2,"name":"Se present\u00f3 el libro acerca de la Guerra contra el Paraguay"}]},{"@type":"WebSite","@id":"https:\/\/www.ip.gov.py\/ip\/#website","url":"https:\/\/www.ip.gov.py\/ip\/","name":".::Agencia IP::.","description":"","publisher":{"@id":"https:\/\/www.ip.gov.py\/ip\/#organization"},"potentialAction":[{"@type":"SearchAction","target":{"@type":"EntryPoint","urlTemplate":"https:\/\/www.ip.gov.py\/ip\/?s={search_term_string}"},"query-input":{"@type":"PropertyValueSpecification","valueRequired":true,"valueName":"search_term_string"}}],"inLanguage":"es"},{"@type":"Organization","@id":"https:\/\/www.ip.gov.py\/ip\/#organization","name":"Agencia IP","url":"https:\/\/www.ip.gov.py\/ip\/","logo":{"@type":"ImageObject","inLanguage":"es","@id":"https:\/\/www.ip.gov.py\/ip\/#\/schema\/logo\/image\/","url":"https:\/\/www.ip.gov.py\/ip\/wp-content\/uploads\/2018\/01\/Agencia-IP.jpg","contentUrl":"https:\/\/www.ip.gov.py\/ip\/wp-content\/uploads\/2018\/01\/Agencia-IP.jpg","width":150,"height":150,"caption":"Agencia IP"},"image":{"@id":"https:\/\/www.ip.gov.py\/ip\/#\/schema\/logo\/image\/"},"sameAs":["https:\/\/www.facebook.com\/IPParaguay\/","https:\/\/x.com\/IPParaguay","https:\/\/www.instagram.com\/IPParaguay"]},{"@type":"Person","@id":"https:\/\/www.ip.gov.py\/ip\/#\/schema\/person\/791af27a9219bdbf9064abb776bb41c2","name":"Noelia Ferreira","sameAs":["http:\/\/www.ip.gov.py"],"url":"https:\/\/www.ip.gov.py\/ip\/author\/nferreira\/"}]}},"_links":{"self":[{"href":"https:\/\/www.ip.gov.py\/ip\/wp-json\/wp\/v2\/posts\/278807","targetHints":{"allow":["GET"]}}],"collection":[{"href":"https:\/\/www.ip.gov.py\/ip\/wp-json\/wp\/v2\/posts"}],"about":[{"href":"https:\/\/www.ip.gov.py\/ip\/wp-json\/wp\/v2\/types\/post"}],"author":[{"embeddable":true,"href":"https:\/\/www.ip.gov.py\/ip\/wp-json\/wp\/v2\/users\/23"}],"replies":[{"embeddable":true,"href":"https:\/\/www.ip.gov.py\/ip\/wp-json\/wp\/v2\/comments?post=278807"}],"version-history":[{"count":0,"href":"https:\/\/www.ip.gov.py\/ip\/wp-json\/wp\/v2\/posts\/278807\/revisions"}],"wp:featuredmedia":[{"embeddable":true,"href":"https:\/\/www.ip.gov.py\/ip\/wp-json\/wp\/v2\/media\/278875"}],"wp:attachment":[{"href":"https:\/\/www.ip.gov.py\/ip\/wp-json\/wp\/v2\/media?parent=278807"}],"wp:term":[{"taxonomy":"category","embeddable":true,"href":"https:\/\/www.ip.gov.py\/ip\/wp-json\/wp\/v2\/categories?post=278807"},{"taxonomy":"post_tag","embeddable":true,"href":"https:\/\/www.ip.gov.py\/ip\/wp-json\/wp\/v2\/tags?post=278807"}],"curies":[{"name":"wp","href":"https:\/\/api.w.org\/{rel}","templated":true}]}}