{"id":279903,"date":"2019-07-28T11:14:34","date_gmt":"2019-07-28T15:14:34","guid":{"rendered":"https:\/\/www.ip.gov.py\/ip\/?p=279903"},"modified":"2019-07-28T11:14:34","modified_gmt":"2019-07-28T15:14:34","slug":"circuito-vivencial-del-mundo-guarani-transportara-a-sus-visitantes-al-nativo-ancestral","status":"publish","type":"post","link":"https:\/\/www.ip.gov.py\/ip\/2019\/07\/28\/circuito-vivencial-del-mundo-guarani-transportara-a-sus-visitantes-al-nativo-ancestral\/","title":{"rendered":"Circuito Vivencial del Mundo Guaran\u00ed transportar\u00e1 a sus visitantes al nativo ancestral"},"content":{"rendered":"<p style=\"text-align: justify;\"><em><strong>Asunci\u00f3n, IP.-<\/strong> <\/em>Con el prop\u00f3sito de valorizar la cultura aut\u00f3ctona guaran\u00ed, el futuro Circuito Vivencial Mundo Guaran\u00ed ofrecer\u00e1 a los visitantes, un viaje por el Bosque Atl\u00e1ntico del Alto Paran\u00e1, y por superficies de agua; les transportar\u00e1 al \u00e1mbito ancestral de aquellos tiempos, y les mostrar\u00e1 la realidad actual.<!--more--><\/p>\n<p style=\"text-align: justify;\">El proyecto, financiado por el Banco Interamericano de Desarrollo (BID), a trav\u00e9s de la Secretar\u00eda Nacional de Turismo (Senatur) y del Programa Nacional de Turismo (Pronatur), est\u00e1 ubicado en el entorno del Lago Yguaz\u00fa, Alto Paran\u00e1.<\/p>\n<p style=\"text-align: justify;\">Seg\u00fan inform\u00f3 la Senatur actualmente el mismo se encuentra en etapa de culminaci\u00f3n y pr\u00f3xima inauguraci\u00f3n, y est\u00e1 pensado para acompa\u00f1ar el crecimiento del sector tur\u00edstico, mediante el empoderamiento de las comunidades.<\/p>\n<p style=\"text-align: justify;\">La obra fue visitada por la representante del BID, Florencia Attademo-Hirt; acompa\u00f1ada de la ministra de Turismo, Sof\u00eda Montiel; el intendente de la localidad de Yguaz\u00fa, Mauro Kawano; miembros de ambas instituciones y representantes de la sociedad civil.<\/p>\n<figure id=\"attachment_279906\" aria-describedby=\"caption-attachment-279906\" style=\"width: 374px\" class=\"wp-caption alignright\"><img loading=\"lazy\" decoding=\"async\" class=\" wp-image-279906\" src=\"https:\/\/www.ip.gov.py\/ip\/wp-content\/uploads\/2019\/07\/IMG_0525-600x400.jpg\" alt=\"\" width=\"374\" height=\"249\" srcset=\"https:\/\/www.ip.gov.py\/ip\/wp-content\/uploads\/2019\/07\/IMG_0525-600x400.jpg 600w, https:\/\/www.ip.gov.py\/ip\/wp-content\/uploads\/2019\/07\/IMG_0525-768x512.jpg 768w, https:\/\/www.ip.gov.py\/ip\/wp-content\/uploads\/2019\/07\/IMG_0525-1024x682.jpg 1024w, https:\/\/www.ip.gov.py\/ip\/wp-content\/uploads\/2019\/07\/IMG_0525-696x464.jpg 696w, https:\/\/www.ip.gov.py\/ip\/wp-content\/uploads\/2019\/07\/IMG_0525-630x420.jpg 630w, https:\/\/www.ip.gov.py\/ip\/wp-content\/uploads\/2019\/07\/IMG_0525.jpg 1037w\" sizes=\"auto, (max-width: 374px) 100vw, 374px\" \/><figcaption id=\"caption-attachment-279906\" class=\"wp-caption-text\">Foto: Senatur<\/figcaption><\/figure>\n<p style=\"text-align: justify;\">Durante el recorrido, la representante del BID en nuestro pa\u00eds, manifest\u00f3 su satisfacci\u00f3n por el apoyo del banco, a un proyecto de tal envergadura. \u201cEl Paraguay, en general, y el Alto Paran\u00e1, en particular, tienen un gran potencial para expandir la oferta tur\u00edstica, incluyendo a las comunidades y mostrando la cultura local; con lo cual se generar\u00e1n empleo y productividad para la zona y para el pa\u00eds\u00bb, remarc\u00f3.<\/p>\n<p style=\"text-align: justify;\">Por su parte, la ministra de Turismo, indic\u00f3 que gracias al circuito vivencial, el visitante podr\u00e1 comprender la vida del Mundo Guaran\u00ed a trav\u00e9s de los elementos multimedia, de las simulaciones interactivas de paneles y otros que estar\u00e1n expuestos. \u00abCon este proyecto financiado por el BID, pretendemos reflejar el legado de los pueblos originarios, y todas las culturas que se han establecido a lo largo del tiempo en la regi\u00f3n\u00bb, destac\u00f3.<\/p>\n<figure id=\"attachment_279908\" aria-describedby=\"caption-attachment-279908\" style=\"width: 371px\" class=\"wp-caption alignright\"><img loading=\"lazy\" decoding=\"async\" class=\" wp-image-279908\" src=\"https:\/\/www.ip.gov.py\/ip\/wp-content\/uploads\/2019\/07\/IMG_0498-600x400.jpg\" alt=\"\" width=\"371\" height=\"247\" srcset=\"https:\/\/www.ip.gov.py\/ip\/wp-content\/uploads\/2019\/07\/IMG_0498-600x400.jpg 600w, https:\/\/www.ip.gov.py\/ip\/wp-content\/uploads\/2019\/07\/IMG_0498-768x512.jpg 768w, https:\/\/www.ip.gov.py\/ip\/wp-content\/uploads\/2019\/07\/IMG_0498-1024x683.jpg 1024w, https:\/\/www.ip.gov.py\/ip\/wp-content\/uploads\/2019\/07\/IMG_0498-696x464.jpg 696w, https:\/\/www.ip.gov.py\/ip\/wp-content\/uploads\/2019\/07\/IMG_0498-1068x712.jpg 1068w, https:\/\/www.ip.gov.py\/ip\/wp-content\/uploads\/2019\/07\/IMG_0498-630x420.jpg 630w\" sizes=\"auto, (max-width: 371px) 100vw, 371px\" \/><figcaption id=\"caption-attachment-279908\" class=\"wp-caption-text\">Foto: Senatur<\/figcaption><\/figure>\n<p style=\"text-align: justify;\">El atractivo tur\u00edstico posee un Centro de Interpretaci\u00f3n con una completa museograf\u00eda de la vida de las comunidades ancestrales y la biodiversidad. Adem\u00e1s, cuenta con 1.400 metros cuadrados de edificaci\u00f3n, cuya construcci\u00f3n se encuentra en 18 hect\u00e1reas cedidas a la Senatur por la Administraci\u00f3n Nacional de Electricidad (ANDE), las cuales forman parte de un \u00e1rea Silvestre Protegida de m\u00e1s de 1.700 hect\u00e1reas.<\/p>\n<p style=\"text-align: justify;\">El lugar cuenta tambi\u00e9n, con un sendero interpretativo, un embarcadero, espacios de estacionamiento y \u00e1rea de camping; y est\u00e1 construido con materiales como madera y tacuara (bamb\u00fa), combinados con vidrio.<\/p>\n<p style=\"text-align: justify;\">Acompa\u00f1aron a la delegaci\u00f3n, representantes del sector privado del d\u00e9cimo departamento, entre ellos el presidente ejecutivo del Centro de Informaci\u00f3n y Recursos para el Desarrollo (CIRD), Agust\u00edn Carrizosa; la presidenta del Consejo de Desarrollo Econ\u00f3mico y Social de Ciudad del Este (Codeleste), Linda Taiyen.<\/p>\n<figure id=\"attachment_279911\" aria-describedby=\"caption-attachment-279911\" style=\"width: 372px\" class=\"wp-caption alignright\"><img loading=\"lazy\" decoding=\"async\" class=\" wp-image-279911\" src=\"https:\/\/www.ip.gov.py\/ip\/wp-content\/uploads\/2019\/07\/IMG_0503-600x400.jpg\" alt=\"\" width=\"372\" height=\"248\" srcset=\"https:\/\/www.ip.gov.py\/ip\/wp-content\/uploads\/2019\/07\/IMG_0503-600x400.jpg 600w, https:\/\/www.ip.gov.py\/ip\/wp-content\/uploads\/2019\/07\/IMG_0503-768x512.jpg 768w, https:\/\/www.ip.gov.py\/ip\/wp-content\/uploads\/2019\/07\/IMG_0503-1024x683.jpg 1024w, https:\/\/www.ip.gov.py\/ip\/wp-content\/uploads\/2019\/07\/IMG_0503-696x464.jpg 696w, https:\/\/www.ip.gov.py\/ip\/wp-content\/uploads\/2019\/07\/IMG_0503-1068x712.jpg 1068w, https:\/\/www.ip.gov.py\/ip\/wp-content\/uploads\/2019\/07\/IMG_0503-630x420.jpg 630w\" sizes=\"auto, (max-width: 372px) 100vw, 372px\" \/><figcaption id=\"caption-attachment-279911\" class=\"wp-caption-text\">Foto: Senatur<\/figcaption><\/figure>\n<p style=\"text-align: justify;\">La lista prosigue con el presidente de EcoMonday S.A., Augusto Scavone; la presidenta y el director ejecutivo del Ciudad del Este y Regi\u00f3n del Convention Bureau, Liz Garcete y Gustavo Riego, respectivamente; y por Senatur, la directora de Pronatur, Carmen Silva; los asesores t\u00e9cnicos, Benjam\u00edn Chamorro y Doris Penoni; especialistas e invitados especiales.<\/p>\n<p style=\"text-align: justify;\">El emprendimiento, que represent\u00f3 una inversi\u00f3n de m\u00e1s de 15.000 millones de guaran\u00edes, fue construido por Tecnoedil S.A.; y actualmente, la empresa espa\u00f1ola Avanzia, tiene a su cargo la provisi\u00f3n y montaje de la museograf\u00eda.<\/p>\n","protected":false},"excerpt":{"rendered":"<p>Asunci\u00f3n, IP.- Con el prop\u00f3sito de valorizar la cultura aut\u00f3ctona guaran\u00ed, el futuro Circuito Vivencial Mundo Guaran\u00ed ofrecer\u00e1 a los visitantes, un viaje por el Bosque Atl\u00e1ntico del Alto Paran\u00e1, y por superficies de agua; les transportar\u00e1 al \u00e1mbito ancestral de aquellos tiempos, y les mostrar\u00e1 la realidad actual.<\/p>\n","protected":false},"author":23,"featured_media":279904,"comment_status":"closed","ping_status":"closed","sticky":false,"template":"","format":"standard","meta":{"_monsterinsights_skip_tracking":false,"_monsterinsights_sitenote_active":false,"_monsterinsights_sitenote_note":"","_monsterinsights_sitenote_category":0,"footnotes":""},"categories":[4],"tags":[],"class_list":{"0":"post-279903","1":"post","2":"type-post","3":"status-publish","4":"format-standard","5":"has-post-thumbnail","7":"category-nacionales"},"yoast_head":"<!-- This site is optimized with the Yoast SEO plugin v27.5 - https:\/\/yoast.com\/product\/yoast-seo-wordpress\/ -->\n<title>Circuito Vivencial del Mundo Guaran\u00ed transportar\u00e1 a sus visitantes al nativo ancestral - .::Agencia IP::.<\/title>\n<meta name=\"robots\" content=\"index, follow, max-snippet:-1, max-image-preview:large, max-video-preview:-1\" \/>\n<link rel=\"canonical\" href=\"https:\/\/www.ip.gov.py\/ip\/2019\/07\/28\/circuito-vivencial-del-mundo-guarani-transportara-a-sus-visitantes-al-nativo-ancestral\/\" \/>\n<meta property=\"og:locale\" content=\"es_ES\" \/>\n<meta property=\"og:type\" content=\"article\" \/>\n<meta property=\"og:title\" content=\"Circuito Vivencial del Mundo Guaran\u00ed transportar\u00e1 a sus visitantes al nativo ancestral - .::Agencia IP::.\" \/>\n<meta property=\"og:description\" content=\"Asunci\u00f3n, IP.- Con el prop\u00f3sito de valorizar la cultura aut\u00f3ctona guaran\u00ed, el futuro Circuito Vivencial Mundo Guaran\u00ed ofrecer\u00e1 a los visitantes, un viaje por el Bosque Atl\u00e1ntico del Alto Paran\u00e1, y por superficies de agua; les transportar\u00e1 al \u00e1mbito ancestral de aquellos tiempos, y les mostrar\u00e1 la realidad actual.\" \/>\n<meta property=\"og:url\" content=\"https:\/\/www.ip.gov.py\/ip\/2019\/07\/28\/circuito-vivencial-del-mundo-guarani-transportara-a-sus-visitantes-al-nativo-ancestral\/\" \/>\n<meta property=\"og:site_name\" content=\".::Agencia IP::.\" \/>\n<meta property=\"article:publisher\" content=\"https:\/\/www.facebook.com\/IPParaguay\/\" \/>\n<meta property=\"article:published_time\" content=\"2019-07-28T15:14:34+00:00\" \/>\n<meta property=\"og:image\" content=\"https:\/\/www.ip.gov.py\/ip\/wp-content\/uploads\/2019\/07\/IMG_0533.jpg\" \/>\n\t<meta property=\"og:image:width\" content=\"3456\" \/>\n\t<meta property=\"og:image:height\" content=\"2304\" \/>\n\t<meta property=\"og:image:type\" content=\"image\/jpeg\" \/>\n<meta name=\"author\" content=\"Noelia Ferreira\" \/>\n<meta name=\"twitter:card\" content=\"summary_large_image\" \/>\n<meta name=\"twitter:creator\" content=\"@IPParaguay\" \/>\n<meta name=\"twitter:site\" content=\"@IPParaguay\" \/>\n<meta name=\"twitter:label1\" content=\"Escrito por\" \/>\n\t<meta name=\"twitter:data1\" content=\"Noelia Ferreira\" \/>\n\t<meta name=\"twitter:label2\" content=\"Tiempo de lectura\" \/>\n\t<meta name=\"twitter:data2\" content=\"3 minutos\" \/>\n<script type=\"application\/ld+json\" class=\"yoast-schema-graph\">{\"@context\":\"https:\\\/\\\/schema.org\",\"@graph\":[{\"@type\":\"Article\",\"@id\":\"https:\\\/\\\/www.ip.gov.py\\\/ip\\\/2019\\\/07\\\/28\\\/circuito-vivencial-del-mundo-guarani-transportara-a-sus-visitantes-al-nativo-ancestral\\\/#article\",\"isPartOf\":{\"@id\":\"https:\\\/\\\/www.ip.gov.py\\\/ip\\\/2019\\\/07\\\/28\\\/circuito-vivencial-del-mundo-guarani-transportara-a-sus-visitantes-al-nativo-ancestral\\\/\"},\"author\":{\"name\":\"Noelia Ferreira\",\"@id\":\"https:\\\/\\\/www.ip.gov.py\\\/ip\\\/#\\\/schema\\\/person\\\/791af27a9219bdbf9064abb776bb41c2\"},\"headline\":\"Circuito Vivencial del Mundo Guaran\u00ed transportar\u00e1 a sus visitantes al nativo ancestral\",\"datePublished\":\"2019-07-28T15:14:34+00:00\",\"mainEntityOfPage\":{\"@id\":\"https:\\\/\\\/www.ip.gov.py\\\/ip\\\/2019\\\/07\\\/28\\\/circuito-vivencial-del-mundo-guarani-transportara-a-sus-visitantes-al-nativo-ancestral\\\/\"},\"wordCount\":604,\"publisher\":{\"@id\":\"https:\\\/\\\/www.ip.gov.py\\\/ip\\\/#organization\"},\"image\":{\"@id\":\"https:\\\/\\\/www.ip.gov.py\\\/ip\\\/2019\\\/07\\\/28\\\/circuito-vivencial-del-mundo-guarani-transportara-a-sus-visitantes-al-nativo-ancestral\\\/#primaryimage\"},\"thumbnailUrl\":\"https:\\\/\\\/www.ip.gov.py\\\/ip\\\/wp-content\\\/uploads\\\/2019\\\/07\\\/IMG_0533.jpg\",\"articleSection\":[\"Nacionales\"],\"inLanguage\":\"es\"},{\"@type\":\"WebPage\",\"@id\":\"https:\\\/\\\/www.ip.gov.py\\\/ip\\\/2019\\\/07\\\/28\\\/circuito-vivencial-del-mundo-guarani-transportara-a-sus-visitantes-al-nativo-ancestral\\\/\",\"url\":\"https:\\\/\\\/www.ip.gov.py\\\/ip\\\/2019\\\/07\\\/28\\\/circuito-vivencial-del-mundo-guarani-transportara-a-sus-visitantes-al-nativo-ancestral\\\/\",\"name\":\"Circuito Vivencial del Mundo Guaran\u00ed transportar\u00e1 a sus visitantes al nativo ancestral - .::Agencia IP::.\",\"isPartOf\":{\"@id\":\"https:\\\/\\\/www.ip.gov.py\\\/ip\\\/#website\"},\"primaryImageOfPage\":{\"@id\":\"https:\\\/\\\/www.ip.gov.py\\\/ip\\\/2019\\\/07\\\/28\\\/circuito-vivencial-del-mundo-guarani-transportara-a-sus-visitantes-al-nativo-ancestral\\\/#primaryimage\"},\"image\":{\"@id\":\"https:\\\/\\\/www.ip.gov.py\\\/ip\\\/2019\\\/07\\\/28\\\/circuito-vivencial-del-mundo-guarani-transportara-a-sus-visitantes-al-nativo-ancestral\\\/#primaryimage\"},\"thumbnailUrl\":\"https:\\\/\\\/www.ip.gov.py\\\/ip\\\/wp-content\\\/uploads\\\/2019\\\/07\\\/IMG_0533.jpg\",\"datePublished\":\"2019-07-28T15:14:34+00:00\",\"breadcrumb\":{\"@id\":\"https:\\\/\\\/www.ip.gov.py\\\/ip\\\/2019\\\/07\\\/28\\\/circuito-vivencial-del-mundo-guarani-transportara-a-sus-visitantes-al-nativo-ancestral\\\/#breadcrumb\"},\"inLanguage\":\"es\",\"potentialAction\":[{\"@type\":\"ReadAction\",\"target\":[\"https:\\\/\\\/www.ip.gov.py\\\/ip\\\/2019\\\/07\\\/28\\\/circuito-vivencial-del-mundo-guarani-transportara-a-sus-visitantes-al-nativo-ancestral\\\/\"]}]},{\"@type\":\"ImageObject\",\"inLanguage\":\"es\",\"@id\":\"https:\\\/\\\/www.ip.gov.py\\\/ip\\\/2019\\\/07\\\/28\\\/circuito-vivencial-del-mundo-guarani-transportara-a-sus-visitantes-al-nativo-ancestral\\\/#primaryimage\",\"url\":\"https:\\\/\\\/www.ip.gov.py\\\/ip\\\/wp-content\\\/uploads\\\/2019\\\/07\\\/IMG_0533.jpg\",\"contentUrl\":\"https:\\\/\\\/www.ip.gov.py\\\/ip\\\/wp-content\\\/uploads\\\/2019\\\/07\\\/IMG_0533.jpg\",\"width\":3456,\"height\":2304,\"caption\":\"Foto: Senatur\"},{\"@type\":\"BreadcrumbList\",\"@id\":\"https:\\\/\\\/www.ip.gov.py\\\/ip\\\/2019\\\/07\\\/28\\\/circuito-vivencial-del-mundo-guarani-transportara-a-sus-visitantes-al-nativo-ancestral\\\/#breadcrumb\",\"itemListElement\":[{\"@type\":\"ListItem\",\"position\":1,\"name\":\"Portada\",\"item\":\"https:\\\/\\\/www.ip.gov.py\\\/ip\\\/\"},{\"@type\":\"ListItem\",\"position\":2,\"name\":\"Circuito Vivencial del Mundo Guaran\u00ed transportar\u00e1 a sus visitantes al nativo ancestral\"}]},{\"@type\":\"WebSite\",\"@id\":\"https:\\\/\\\/www.ip.gov.py\\\/ip\\\/#website\",\"url\":\"https:\\\/\\\/www.ip.gov.py\\\/ip\\\/\",\"name\":\".::Agencia IP::.\",\"description\":\"\",\"publisher\":{\"@id\":\"https:\\\/\\\/www.ip.gov.py\\\/ip\\\/#organization\"},\"potentialAction\":[{\"@type\":\"SearchAction\",\"target\":{\"@type\":\"EntryPoint\",\"urlTemplate\":\"https:\\\/\\\/www.ip.gov.py\\\/ip\\\/?s={search_term_string}\"},\"query-input\":{\"@type\":\"PropertyValueSpecification\",\"valueRequired\":true,\"valueName\":\"search_term_string\"}}],\"inLanguage\":\"es\"},{\"@type\":\"Organization\",\"@id\":\"https:\\\/\\\/www.ip.gov.py\\\/ip\\\/#organization\",\"name\":\"Agencia IP\",\"url\":\"https:\\\/\\\/www.ip.gov.py\\\/ip\\\/\",\"logo\":{\"@type\":\"ImageObject\",\"inLanguage\":\"es\",\"@id\":\"https:\\\/\\\/www.ip.gov.py\\\/ip\\\/#\\\/schema\\\/logo\\\/image\\\/\",\"url\":\"https:\\\/\\\/www.ip.gov.py\\\/ip\\\/wp-content\\\/uploads\\\/2018\\\/01\\\/Agencia-IP.jpg\",\"contentUrl\":\"https:\\\/\\\/www.ip.gov.py\\\/ip\\\/wp-content\\\/uploads\\\/2018\\\/01\\\/Agencia-IP.jpg\",\"width\":150,\"height\":150,\"caption\":\"Agencia IP\"},\"image\":{\"@id\":\"https:\\\/\\\/www.ip.gov.py\\\/ip\\\/#\\\/schema\\\/logo\\\/image\\\/\"},\"sameAs\":[\"https:\\\/\\\/www.facebook.com\\\/IPParaguay\\\/\",\"https:\\\/\\\/x.com\\\/IPParaguay\",\"https:\\\/\\\/www.instagram.com\\\/IPParaguay\"]},{\"@type\":\"Person\",\"@id\":\"https:\\\/\\\/www.ip.gov.py\\\/ip\\\/#\\\/schema\\\/person\\\/791af27a9219bdbf9064abb776bb41c2\",\"name\":\"Noelia Ferreira\",\"sameAs\":[\"http:\\\/\\\/www.ip.gov.py\"],\"url\":\"https:\\\/\\\/www.ip.gov.py\\\/ip\\\/author\\\/nferreira\\\/\"}]}<\/script>\n<!-- \/ Yoast SEO plugin. -->","yoast_head_json":{"title":"Circuito Vivencial del Mundo Guaran\u00ed transportar\u00e1 a sus visitantes al nativo ancestral - .::Agencia IP::.","robots":{"index":"index","follow":"follow","max-snippet":"max-snippet:-1","max-image-preview":"max-image-preview:large","max-video-preview":"max-video-preview:-1"},"canonical":"https:\/\/www.ip.gov.py\/ip\/2019\/07\/28\/circuito-vivencial-del-mundo-guarani-transportara-a-sus-visitantes-al-nativo-ancestral\/","og_locale":"es_ES","og_type":"article","og_title":"Circuito Vivencial del Mundo Guaran\u00ed transportar\u00e1 a sus visitantes al nativo ancestral - .::Agencia IP::.","og_description":"Asunci\u00f3n, IP.- Con el prop\u00f3sito de valorizar la cultura aut\u00f3ctona guaran\u00ed, el futuro Circuito Vivencial Mundo Guaran\u00ed ofrecer\u00e1 a los visitantes, un viaje por el Bosque Atl\u00e1ntico del Alto Paran\u00e1, y por superficies de agua; les transportar\u00e1 al \u00e1mbito ancestral de aquellos tiempos, y les mostrar\u00e1 la realidad actual.","og_url":"https:\/\/www.ip.gov.py\/ip\/2019\/07\/28\/circuito-vivencial-del-mundo-guarani-transportara-a-sus-visitantes-al-nativo-ancestral\/","og_site_name":".::Agencia IP::.","article_publisher":"https:\/\/www.facebook.com\/IPParaguay\/","article_published_time":"2019-07-28T15:14:34+00:00","og_image":[{"width":3456,"height":2304,"url":"https:\/\/www.ip.gov.py\/ip\/wp-content\/uploads\/2019\/07\/IMG_0533.jpg","type":"image\/jpeg"}],"author":"Noelia Ferreira","twitter_card":"summary_large_image","twitter_creator":"@IPParaguay","twitter_site":"@IPParaguay","twitter_misc":{"Escrito por":"Noelia Ferreira","Tiempo de lectura":"3 minutos"},"schema":{"@context":"https:\/\/schema.org","@graph":[{"@type":"Article","@id":"https:\/\/www.ip.gov.py\/ip\/2019\/07\/28\/circuito-vivencial-del-mundo-guarani-transportara-a-sus-visitantes-al-nativo-ancestral\/#article","isPartOf":{"@id":"https:\/\/www.ip.gov.py\/ip\/2019\/07\/28\/circuito-vivencial-del-mundo-guarani-transportara-a-sus-visitantes-al-nativo-ancestral\/"},"author":{"name":"Noelia Ferreira","@id":"https:\/\/www.ip.gov.py\/ip\/#\/schema\/person\/791af27a9219bdbf9064abb776bb41c2"},"headline":"Circuito Vivencial del Mundo Guaran\u00ed transportar\u00e1 a sus visitantes al nativo ancestral","datePublished":"2019-07-28T15:14:34+00:00","mainEntityOfPage":{"@id":"https:\/\/www.ip.gov.py\/ip\/2019\/07\/28\/circuito-vivencial-del-mundo-guarani-transportara-a-sus-visitantes-al-nativo-ancestral\/"},"wordCount":604,"publisher":{"@id":"https:\/\/www.ip.gov.py\/ip\/#organization"},"image":{"@id":"https:\/\/www.ip.gov.py\/ip\/2019\/07\/28\/circuito-vivencial-del-mundo-guarani-transportara-a-sus-visitantes-al-nativo-ancestral\/#primaryimage"},"thumbnailUrl":"https:\/\/www.ip.gov.py\/ip\/wp-content\/uploads\/2019\/07\/IMG_0533.jpg","articleSection":["Nacionales"],"inLanguage":"es"},{"@type":"WebPage","@id":"https:\/\/www.ip.gov.py\/ip\/2019\/07\/28\/circuito-vivencial-del-mundo-guarani-transportara-a-sus-visitantes-al-nativo-ancestral\/","url":"https:\/\/www.ip.gov.py\/ip\/2019\/07\/28\/circuito-vivencial-del-mundo-guarani-transportara-a-sus-visitantes-al-nativo-ancestral\/","name":"Circuito Vivencial del Mundo Guaran\u00ed transportar\u00e1 a sus visitantes al nativo ancestral - .::Agencia IP::.","isPartOf":{"@id":"https:\/\/www.ip.gov.py\/ip\/#website"},"primaryImageOfPage":{"@id":"https:\/\/www.ip.gov.py\/ip\/2019\/07\/28\/circuito-vivencial-del-mundo-guarani-transportara-a-sus-visitantes-al-nativo-ancestral\/#primaryimage"},"image":{"@id":"https:\/\/www.ip.gov.py\/ip\/2019\/07\/28\/circuito-vivencial-del-mundo-guarani-transportara-a-sus-visitantes-al-nativo-ancestral\/#primaryimage"},"thumbnailUrl":"https:\/\/www.ip.gov.py\/ip\/wp-content\/uploads\/2019\/07\/IMG_0533.jpg","datePublished":"2019-07-28T15:14:34+00:00","breadcrumb":{"@id":"https:\/\/www.ip.gov.py\/ip\/2019\/07\/28\/circuito-vivencial-del-mundo-guarani-transportara-a-sus-visitantes-al-nativo-ancestral\/#breadcrumb"},"inLanguage":"es","potentialAction":[{"@type":"ReadAction","target":["https:\/\/www.ip.gov.py\/ip\/2019\/07\/28\/circuito-vivencial-del-mundo-guarani-transportara-a-sus-visitantes-al-nativo-ancestral\/"]}]},{"@type":"ImageObject","inLanguage":"es","@id":"https:\/\/www.ip.gov.py\/ip\/2019\/07\/28\/circuito-vivencial-del-mundo-guarani-transportara-a-sus-visitantes-al-nativo-ancestral\/#primaryimage","url":"https:\/\/www.ip.gov.py\/ip\/wp-content\/uploads\/2019\/07\/IMG_0533.jpg","contentUrl":"https:\/\/www.ip.gov.py\/ip\/wp-content\/uploads\/2019\/07\/IMG_0533.jpg","width":3456,"height":2304,"caption":"Foto: Senatur"},{"@type":"BreadcrumbList","@id":"https:\/\/www.ip.gov.py\/ip\/2019\/07\/28\/circuito-vivencial-del-mundo-guarani-transportara-a-sus-visitantes-al-nativo-ancestral\/#breadcrumb","itemListElement":[{"@type":"ListItem","position":1,"name":"Portada","item":"https:\/\/www.ip.gov.py\/ip\/"},{"@type":"ListItem","position":2,"name":"Circuito Vivencial del Mundo Guaran\u00ed transportar\u00e1 a sus visitantes al nativo ancestral"}]},{"@type":"WebSite","@id":"https:\/\/www.ip.gov.py\/ip\/#website","url":"https:\/\/www.ip.gov.py\/ip\/","name":".::Agencia IP::.","description":"","publisher":{"@id":"https:\/\/www.ip.gov.py\/ip\/#organization"},"potentialAction":[{"@type":"SearchAction","target":{"@type":"EntryPoint","urlTemplate":"https:\/\/www.ip.gov.py\/ip\/?s={search_term_string}"},"query-input":{"@type":"PropertyValueSpecification","valueRequired":true,"valueName":"search_term_string"}}],"inLanguage":"es"},{"@type":"Organization","@id":"https:\/\/www.ip.gov.py\/ip\/#organization","name":"Agencia IP","url":"https:\/\/www.ip.gov.py\/ip\/","logo":{"@type":"ImageObject","inLanguage":"es","@id":"https:\/\/www.ip.gov.py\/ip\/#\/schema\/logo\/image\/","url":"https:\/\/www.ip.gov.py\/ip\/wp-content\/uploads\/2018\/01\/Agencia-IP.jpg","contentUrl":"https:\/\/www.ip.gov.py\/ip\/wp-content\/uploads\/2018\/01\/Agencia-IP.jpg","width":150,"height":150,"caption":"Agencia IP"},"image":{"@id":"https:\/\/www.ip.gov.py\/ip\/#\/schema\/logo\/image\/"},"sameAs":["https:\/\/www.facebook.com\/IPParaguay\/","https:\/\/x.com\/IPParaguay","https:\/\/www.instagram.com\/IPParaguay"]},{"@type":"Person","@id":"https:\/\/www.ip.gov.py\/ip\/#\/schema\/person\/791af27a9219bdbf9064abb776bb41c2","name":"Noelia Ferreira","sameAs":["http:\/\/www.ip.gov.py"],"url":"https:\/\/www.ip.gov.py\/ip\/author\/nferreira\/"}]}},"_links":{"self":[{"href":"https:\/\/www.ip.gov.py\/ip\/wp-json\/wp\/v2\/posts\/279903","targetHints":{"allow":["GET"]}}],"collection":[{"href":"https:\/\/www.ip.gov.py\/ip\/wp-json\/wp\/v2\/posts"}],"about":[{"href":"https:\/\/www.ip.gov.py\/ip\/wp-json\/wp\/v2\/types\/post"}],"author":[{"embeddable":true,"href":"https:\/\/www.ip.gov.py\/ip\/wp-json\/wp\/v2\/users\/23"}],"replies":[{"embeddable":true,"href":"https:\/\/www.ip.gov.py\/ip\/wp-json\/wp\/v2\/comments?post=279903"}],"version-history":[{"count":0,"href":"https:\/\/www.ip.gov.py\/ip\/wp-json\/wp\/v2\/posts\/279903\/revisions"}],"wp:featuredmedia":[{"embeddable":true,"href":"https:\/\/www.ip.gov.py\/ip\/wp-json\/wp\/v2\/media\/279904"}],"wp:attachment":[{"href":"https:\/\/www.ip.gov.py\/ip\/wp-json\/wp\/v2\/media?parent=279903"}],"wp:term":[{"taxonomy":"category","embeddable":true,"href":"https:\/\/www.ip.gov.py\/ip\/wp-json\/wp\/v2\/categories?post=279903"},{"taxonomy":"post_tag","embeddable":true,"href":"https:\/\/www.ip.gov.py\/ip\/wp-json\/wp\/v2\/tags?post=279903"}],"curies":[{"name":"wp","href":"https:\/\/api.w.org\/{rel}","templated":true}]}}