{"id":280016,"date":"2019-07-29T10:29:03","date_gmt":"2019-07-29T14:29:03","guid":{"rendered":"https:\/\/www.ip.gov.py\/ip\/?p=280016"},"modified":"2019-07-29T10:29:37","modified_gmt":"2019-07-29T14:29:37","slug":"paraguay-ha-plantado-fuerte-su-bandera-para-negociar-un-entendimiento-con-brasil-evalua-gerente","status":"publish","type":"post","link":"https:\/\/www.ip.gov.py\/ip\/2019\/07\/29\/paraguay-ha-plantado-fuerte-su-bandera-para-negociar-un-entendimiento-con-brasil-evalua-gerente\/","title":{"rendered":"Paraguay ha plantado fuerte su bandera para negociar un entendimiento con Brasil, eval\u00faa gerente"},"content":{"rendered":"<p style=\"text-align: justify;\"><em><strong>Asunci\u00f3n, IP.-<\/strong><\/em> Con la decisi\u00f3n del gobierno nacional de pedir la anulaci\u00f3n del acta bilateral firmada en mayo pasado, y el nivel de participaci\u00f3n ciudadana que ha generado esta cuesti\u00f3n, el Paraguay deja plantada una bandera s\u00f3lida para negociar con Brasil un entendimiento de beneficios mutuos, seg\u00fan el gerente t\u00e9cnico de la ANDE, Fabi\u00e1n C\u00e1ceres.<\/p>\n<p><!--more--><\/p>\n<p style=\"text-align: justify;\">En conversaci\u00f3n con Radio Nacional del Paraguay, C\u00e1ceres valor\u00f3 \u00abla se\u00f1al que se dio anoche\u00bb desde el Poder Ejecutivo de escuchar las inquietudes y solicitar la anulaci\u00f3n del acta bilateral firmada a nivel diplom\u00e1tico y devolver su discusi\u00f3n a las instancias t\u00e9cnicas.<\/p>\n<p style=\"text-align: justify;\">\u00abCelebro que esto se reencauce al \u00e1mbito natural de donde nunca ten\u00eda que haber salido, y va a ser un desaf\u00edo, ahora los t\u00e9cnicos vamos a tener que trabajar con mucha m\u00e1s responsabilidad porque tenemos siete millones de especialistas en Itaipu que nos van a cobrar si es que metemos la pata\u00bb, dijo el alto funcionario.<\/p>\n<p style=\"text-align: justify;\">C\u00e1reces manifest\u00f3 adem\u00e1s su confianza en que el presidente de la Rep\u00fablica \u00abtiene la mejor de las intenciones\u00bb y que eso qued\u00f3 demostrado en la nueva posici\u00f3n manifestada anoche a trav\u00e9s del canciller nacional.<\/p>\n<p style=\"text-align: justify;\">\u00abEsto demuestra que s\u00ed estamos a tiempo y podemos revertir, buscar un punto de acuerdo intermedio para atender algunas de las inquietudes de nuestros amigos, due\u00f1os tambi\u00e9n de Itaipu que son los brasile\u00f1os, pero no en detrimento de solamente salir ganando y perjudicar al otro\u00bb, dijo C\u00e1ceres.<\/p>\n<p style=\"text-align: justify;\">Se\u00f1al\u00f3 que con toda la discusi\u00f3n generada en torno a este tema en los \u00faltimos d\u00edas \u00abtodos hemos creado conciencia de la importancia de que esto se maneje con mucha responsabilidad\u00bb. \u00abCreo que es una de las se\u00f1ales m\u00e1s importantes que queda\u00bb, evalu\u00f3.<\/p>\n<p style=\"text-align: justify;\">\u00abCon todo esto que pas\u00f3 hemos plantado la bandera paraguaya bien fuerte y s\u00f3lida para poder negociar con nuestros pares brasile\u00f1os y buscar un entendimiento mutuo que nos favorezca a los dos\u00bb, dijo.<\/p>\n<p style=\"text-align: justify;\">Afirm\u00f3 que en las nuevas negociaciones que tengan lugar \u00abde ninguna manera se debe claudicar ni permitir que nos saquen ninguno de los beneficios que con tanto trabajo y esfuerzo los t\u00e9cnicos de la ANDE han logrado en todo este tiempo de negociaci\u00f3n\u00bb.<\/p>\n<p style=\"text-align: justify;\">Un factor a tener en cuenta en las nuevas conversaciones es el tama\u00f1o de ambos negociadores y no permitir que se imponga por la v\u00eda de la presi\u00f3n una voluntad unilateral sino alcanzar acuerdos por la v\u00eda del consenso, dijo. \u00abYo creo que ese es el camino correcto y a partir de ahora tenemos que transitar por ese camino\u00bb, a\u00f1adi\u00f3.<\/p>\n","protected":false},"excerpt":{"rendered":"<p>Asunci\u00f3n, IP.- Con la decisi\u00f3n del gobierno nacional de pedir la anulaci\u00f3n del acta bilateral firmada en mayo pasado, y el nivel de participaci\u00f3n ciudadana que ha generado esta cuesti\u00f3n, el Paraguay deja plantada una bandera s\u00f3lida para negociar con Brasil un entendimiento de beneficios mutuos, seg\u00fan el gerente t\u00e9cnico de la ANDE, Fabi\u00e1n C\u00e1ceres.<\/p>\n","protected":false},"author":2,"featured_media":92281,"comment_status":"closed","ping_status":"closed","sticky":false,"template":"","format":"standard","meta":{"_monsterinsights_skip_tracking":false,"_monsterinsights_sitenote_active":false,"_monsterinsights_sitenote_note":"","_monsterinsights_sitenote_category":0,"footnotes":""},"categories":[2,6],"tags":[],"class_list":{"0":"post-280016","1":"post","2":"type-post","3":"status-publish","4":"format-standard","5":"has-post-thumbnail","7":"category-destacado","8":"category-politica"},"yoast_head":"<!-- This site is optimized with the Yoast SEO plugin v27.4 - https:\/\/yoast.com\/product\/yoast-seo-wordpress\/ -->\n<title>Paraguay ha plantado fuerte su bandera para negociar un entendimiento con Brasil, eval\u00faa gerente - .::Agencia IP::.<\/title>\n<meta name=\"robots\" content=\"index, follow, max-snippet:-1, max-image-preview:large, max-video-preview:-1\" \/>\n<link rel=\"canonical\" href=\"https:\/\/www.ip.gov.py\/ip\/2019\/07\/29\/paraguay-ha-plantado-fuerte-su-bandera-para-negociar-un-entendimiento-con-brasil-evalua-gerente\/\" \/>\n<meta property=\"og:locale\" content=\"es_ES\" \/>\n<meta property=\"og:type\" content=\"article\" \/>\n<meta property=\"og:title\" content=\"Paraguay ha plantado fuerte su bandera para negociar un entendimiento con Brasil, eval\u00faa gerente - .::Agencia IP::.\" \/>\n<meta property=\"og:description\" content=\"Asunci\u00f3n, IP.- Con la decisi\u00f3n del gobierno nacional de pedir la anulaci\u00f3n del acta bilateral firmada en mayo pasado, y el nivel de participaci\u00f3n ciudadana que ha generado esta cuesti\u00f3n, el Paraguay deja plantada una bandera s\u00f3lida para negociar con Brasil un entendimiento de beneficios mutuos, seg\u00fan el gerente t\u00e9cnico de la ANDE, Fabi\u00e1n C\u00e1ceres.\" \/>\n<meta property=\"og:url\" content=\"https:\/\/www.ip.gov.py\/ip\/2019\/07\/29\/paraguay-ha-plantado-fuerte-su-bandera-para-negociar-un-entendimiento-con-brasil-evalua-gerente\/\" \/>\n<meta property=\"og:site_name\" content=\".::Agencia IP::.\" \/>\n<meta property=\"article:publisher\" content=\"https:\/\/www.facebook.com\/IPParaguay\/\" \/>\n<meta property=\"article:published_time\" content=\"2019-07-29T14:29:03+00:00\" \/>\n<meta property=\"article:modified_time\" content=\"2019-07-29T14:29:37+00:00\" \/>\n<meta property=\"og:image\" content=\"https:\/\/www.ip.gov.py\/ip\/wp-content\/uploads\/2016\/04\/edificio-_fachada-ande.jpg\" \/>\n\t<meta property=\"og:image:width\" content=\"1000\" \/>\n\t<meta property=\"og:image:height\" content=\"594\" \/>\n\t<meta property=\"og:image:type\" content=\"image\/jpeg\" \/>\n<meta name=\"author\" content=\"Roque Mereles\" \/>\n<meta name=\"twitter:card\" content=\"summary_large_image\" \/>\n<meta name=\"twitter:creator\" content=\"@IPParaguay\" \/>\n<meta name=\"twitter:site\" content=\"@IPParaguay\" \/>\n<meta name=\"twitter:label1\" content=\"Escrito por\" \/>\n\t<meta name=\"twitter:data1\" content=\"Roque Mereles\" \/>\n\t<meta name=\"twitter:label2\" content=\"Tiempo de lectura\" \/>\n\t<meta name=\"twitter:data2\" content=\"2 minutos\" \/>\n<script type=\"application\/ld+json\" class=\"yoast-schema-graph\">{\"@context\":\"https:\\\/\\\/schema.org\",\"@graph\":[{\"@type\":\"Article\",\"@id\":\"https:\\\/\\\/www.ip.gov.py\\\/ip\\\/2019\\\/07\\\/29\\\/paraguay-ha-plantado-fuerte-su-bandera-para-negociar-un-entendimiento-con-brasil-evalua-gerente\\\/#article\",\"isPartOf\":{\"@id\":\"https:\\\/\\\/www.ip.gov.py\\\/ip\\\/2019\\\/07\\\/29\\\/paraguay-ha-plantado-fuerte-su-bandera-para-negociar-un-entendimiento-con-brasil-evalua-gerente\\\/\"},\"author\":{\"name\":\"Roque Mereles\",\"@id\":\"https:\\\/\\\/www.ip.gov.py\\\/ip\\\/#\\\/schema\\\/person\\\/7ec1ca00d0a9301ecc37fff902ff6741\"},\"headline\":\"Paraguay ha plantado fuerte su bandera para negociar un entendimiento con Brasil, eval\u00faa gerente\",\"datePublished\":\"2019-07-29T14:29:03+00:00\",\"dateModified\":\"2019-07-29T14:29:37+00:00\",\"mainEntityOfPage\":{\"@id\":\"https:\\\/\\\/www.ip.gov.py\\\/ip\\\/2019\\\/07\\\/29\\\/paraguay-ha-plantado-fuerte-su-bandera-para-negociar-un-entendimiento-con-brasil-evalua-gerente\\\/\"},\"wordCount\":473,\"publisher\":{\"@id\":\"https:\\\/\\\/www.ip.gov.py\\\/ip\\\/#organization\"},\"image\":{\"@id\":\"https:\\\/\\\/www.ip.gov.py\\\/ip\\\/2019\\\/07\\\/29\\\/paraguay-ha-plantado-fuerte-su-bandera-para-negociar-un-entendimiento-con-brasil-evalua-gerente\\\/#primaryimage\"},\"thumbnailUrl\":\"https:\\\/\\\/www.ip.gov.py\\\/ip\\\/wp-content\\\/uploads\\\/2016\\\/04\\\/edificio-_fachada-ande.jpg\",\"articleSection\":[\"Destacado\",\"Pol\u00edtica\"],\"inLanguage\":\"es\"},{\"@type\":\"WebPage\",\"@id\":\"https:\\\/\\\/www.ip.gov.py\\\/ip\\\/2019\\\/07\\\/29\\\/paraguay-ha-plantado-fuerte-su-bandera-para-negociar-un-entendimiento-con-brasil-evalua-gerente\\\/\",\"url\":\"https:\\\/\\\/www.ip.gov.py\\\/ip\\\/2019\\\/07\\\/29\\\/paraguay-ha-plantado-fuerte-su-bandera-para-negociar-un-entendimiento-con-brasil-evalua-gerente\\\/\",\"name\":\"Paraguay ha plantado fuerte su bandera para negociar un entendimiento con Brasil, eval\u00faa gerente - .::Agencia IP::.\",\"isPartOf\":{\"@id\":\"https:\\\/\\\/www.ip.gov.py\\\/ip\\\/#website\"},\"primaryImageOfPage\":{\"@id\":\"https:\\\/\\\/www.ip.gov.py\\\/ip\\\/2019\\\/07\\\/29\\\/paraguay-ha-plantado-fuerte-su-bandera-para-negociar-un-entendimiento-con-brasil-evalua-gerente\\\/#primaryimage\"},\"image\":{\"@id\":\"https:\\\/\\\/www.ip.gov.py\\\/ip\\\/2019\\\/07\\\/29\\\/paraguay-ha-plantado-fuerte-su-bandera-para-negociar-un-entendimiento-con-brasil-evalua-gerente\\\/#primaryimage\"},\"thumbnailUrl\":\"https:\\\/\\\/www.ip.gov.py\\\/ip\\\/wp-content\\\/uploads\\\/2016\\\/04\\\/edificio-_fachada-ande.jpg\",\"datePublished\":\"2019-07-29T14:29:03+00:00\",\"dateModified\":\"2019-07-29T14:29:37+00:00\",\"breadcrumb\":{\"@id\":\"https:\\\/\\\/www.ip.gov.py\\\/ip\\\/2019\\\/07\\\/29\\\/paraguay-ha-plantado-fuerte-su-bandera-para-negociar-un-entendimiento-con-brasil-evalua-gerente\\\/#breadcrumb\"},\"inLanguage\":\"es\",\"potentialAction\":[{\"@type\":\"ReadAction\",\"target\":[\"https:\\\/\\\/www.ip.gov.py\\\/ip\\\/2019\\\/07\\\/29\\\/paraguay-ha-plantado-fuerte-su-bandera-para-negociar-un-entendimiento-con-brasil-evalua-gerente\\\/\"]}]},{\"@type\":\"ImageObject\",\"inLanguage\":\"es\",\"@id\":\"https:\\\/\\\/www.ip.gov.py\\\/ip\\\/2019\\\/07\\\/29\\\/paraguay-ha-plantado-fuerte-su-bandera-para-negociar-un-entendimiento-con-brasil-evalua-gerente\\\/#primaryimage\",\"url\":\"https:\\\/\\\/www.ip.gov.py\\\/ip\\\/wp-content\\\/uploads\\\/2016\\\/04\\\/edificio-_fachada-ande.jpg\",\"contentUrl\":\"https:\\\/\\\/www.ip.gov.py\\\/ip\\\/wp-content\\\/uploads\\\/2016\\\/04\\\/edificio-_fachada-ande.jpg\",\"width\":1000,\"height\":594,\"caption\":\"Fachada de la sede central de la ANDE.\"},{\"@type\":\"BreadcrumbList\",\"@id\":\"https:\\\/\\\/www.ip.gov.py\\\/ip\\\/2019\\\/07\\\/29\\\/paraguay-ha-plantado-fuerte-su-bandera-para-negociar-un-entendimiento-con-brasil-evalua-gerente\\\/#breadcrumb\",\"itemListElement\":[{\"@type\":\"ListItem\",\"position\":1,\"name\":\"Portada\",\"item\":\"https:\\\/\\\/www.ip.gov.py\\\/ip\\\/\"},{\"@type\":\"ListItem\",\"position\":2,\"name\":\"Paraguay ha plantado fuerte su bandera para negociar un entendimiento con Brasil, eval\u00faa gerente\"}]},{\"@type\":\"WebSite\",\"@id\":\"https:\\\/\\\/www.ip.gov.py\\\/ip\\\/#website\",\"url\":\"https:\\\/\\\/www.ip.gov.py\\\/ip\\\/\",\"name\":\".::Agencia IP::.\",\"description\":\"\",\"publisher\":{\"@id\":\"https:\\\/\\\/www.ip.gov.py\\\/ip\\\/#organization\"},\"potentialAction\":[{\"@type\":\"SearchAction\",\"target\":{\"@type\":\"EntryPoint\",\"urlTemplate\":\"https:\\\/\\\/www.ip.gov.py\\\/ip\\\/?s={search_term_string}\"},\"query-input\":{\"@type\":\"PropertyValueSpecification\",\"valueRequired\":true,\"valueName\":\"search_term_string\"}}],\"inLanguage\":\"es\"},{\"@type\":\"Organization\",\"@id\":\"https:\\\/\\\/www.ip.gov.py\\\/ip\\\/#organization\",\"name\":\"Agencia IP\",\"url\":\"https:\\\/\\\/www.ip.gov.py\\\/ip\\\/\",\"logo\":{\"@type\":\"ImageObject\",\"inLanguage\":\"es\",\"@id\":\"https:\\\/\\\/www.ip.gov.py\\\/ip\\\/#\\\/schema\\\/logo\\\/image\\\/\",\"url\":\"https:\\\/\\\/www.ip.gov.py\\\/ip\\\/wp-content\\\/uploads\\\/2018\\\/01\\\/Agencia-IP.jpg\",\"contentUrl\":\"https:\\\/\\\/www.ip.gov.py\\\/ip\\\/wp-content\\\/uploads\\\/2018\\\/01\\\/Agencia-IP.jpg\",\"width\":150,\"height\":150,\"caption\":\"Agencia IP\"},\"image\":{\"@id\":\"https:\\\/\\\/www.ip.gov.py\\\/ip\\\/#\\\/schema\\\/logo\\\/image\\\/\"},\"sameAs\":[\"https:\\\/\\\/www.facebook.com\\\/IPParaguay\\\/\",\"https:\\\/\\\/x.com\\\/IPParaguay\",\"https:\\\/\\\/www.instagram.com\\\/IPParaguay\"]},{\"@type\":\"Person\",\"@id\":\"https:\\\/\\\/www.ip.gov.py\\\/ip\\\/#\\\/schema\\\/person\\\/7ec1ca00d0a9301ecc37fff902ff6741\",\"name\":\"Roque Mereles\",\"url\":\"https:\\\/\\\/www.ip.gov.py\\\/ip\\\/author\\\/rmereles\\\/\"}]}<\/script>\n<!-- \/ Yoast SEO plugin. -->","yoast_head_json":{"title":"Paraguay ha plantado fuerte su bandera para negociar un entendimiento con Brasil, eval\u00faa gerente - .::Agencia IP::.","robots":{"index":"index","follow":"follow","max-snippet":"max-snippet:-1","max-image-preview":"max-image-preview:large","max-video-preview":"max-video-preview:-1"},"canonical":"https:\/\/www.ip.gov.py\/ip\/2019\/07\/29\/paraguay-ha-plantado-fuerte-su-bandera-para-negociar-un-entendimiento-con-brasil-evalua-gerente\/","og_locale":"es_ES","og_type":"article","og_title":"Paraguay ha plantado fuerte su bandera para negociar un entendimiento con Brasil, eval\u00faa gerente - .::Agencia IP::.","og_description":"Asunci\u00f3n, IP.- Con la decisi\u00f3n del gobierno nacional de pedir la anulaci\u00f3n del acta bilateral firmada en mayo pasado, y el nivel de participaci\u00f3n ciudadana que ha generado esta cuesti\u00f3n, el Paraguay deja plantada una bandera s\u00f3lida para negociar con Brasil un entendimiento de beneficios mutuos, seg\u00fan el gerente t\u00e9cnico de la ANDE, Fabi\u00e1n C\u00e1ceres.","og_url":"https:\/\/www.ip.gov.py\/ip\/2019\/07\/29\/paraguay-ha-plantado-fuerte-su-bandera-para-negociar-un-entendimiento-con-brasil-evalua-gerente\/","og_site_name":".::Agencia IP::.","article_publisher":"https:\/\/www.facebook.com\/IPParaguay\/","article_published_time":"2019-07-29T14:29:03+00:00","article_modified_time":"2019-07-29T14:29:37+00:00","og_image":[{"width":1000,"height":594,"url":"https:\/\/www.ip.gov.py\/ip\/wp-content\/uploads\/2016\/04\/edificio-_fachada-ande.jpg","type":"image\/jpeg"}],"author":"Roque Mereles","twitter_card":"summary_large_image","twitter_creator":"@IPParaguay","twitter_site":"@IPParaguay","twitter_misc":{"Escrito por":"Roque Mereles","Tiempo de lectura":"2 minutos"},"schema":{"@context":"https:\/\/schema.org","@graph":[{"@type":"Article","@id":"https:\/\/www.ip.gov.py\/ip\/2019\/07\/29\/paraguay-ha-plantado-fuerte-su-bandera-para-negociar-un-entendimiento-con-brasil-evalua-gerente\/#article","isPartOf":{"@id":"https:\/\/www.ip.gov.py\/ip\/2019\/07\/29\/paraguay-ha-plantado-fuerte-su-bandera-para-negociar-un-entendimiento-con-brasil-evalua-gerente\/"},"author":{"name":"Roque Mereles","@id":"https:\/\/www.ip.gov.py\/ip\/#\/schema\/person\/7ec1ca00d0a9301ecc37fff902ff6741"},"headline":"Paraguay ha plantado fuerte su bandera para negociar un entendimiento con Brasil, eval\u00faa gerente","datePublished":"2019-07-29T14:29:03+00:00","dateModified":"2019-07-29T14:29:37+00:00","mainEntityOfPage":{"@id":"https:\/\/www.ip.gov.py\/ip\/2019\/07\/29\/paraguay-ha-plantado-fuerte-su-bandera-para-negociar-un-entendimiento-con-brasil-evalua-gerente\/"},"wordCount":473,"publisher":{"@id":"https:\/\/www.ip.gov.py\/ip\/#organization"},"image":{"@id":"https:\/\/www.ip.gov.py\/ip\/2019\/07\/29\/paraguay-ha-plantado-fuerte-su-bandera-para-negociar-un-entendimiento-con-brasil-evalua-gerente\/#primaryimage"},"thumbnailUrl":"https:\/\/www.ip.gov.py\/ip\/wp-content\/uploads\/2016\/04\/edificio-_fachada-ande.jpg","articleSection":["Destacado","Pol\u00edtica"],"inLanguage":"es"},{"@type":"WebPage","@id":"https:\/\/www.ip.gov.py\/ip\/2019\/07\/29\/paraguay-ha-plantado-fuerte-su-bandera-para-negociar-un-entendimiento-con-brasil-evalua-gerente\/","url":"https:\/\/www.ip.gov.py\/ip\/2019\/07\/29\/paraguay-ha-plantado-fuerte-su-bandera-para-negociar-un-entendimiento-con-brasil-evalua-gerente\/","name":"Paraguay ha plantado fuerte su bandera para negociar un entendimiento con Brasil, eval\u00faa gerente - .::Agencia IP::.","isPartOf":{"@id":"https:\/\/www.ip.gov.py\/ip\/#website"},"primaryImageOfPage":{"@id":"https:\/\/www.ip.gov.py\/ip\/2019\/07\/29\/paraguay-ha-plantado-fuerte-su-bandera-para-negociar-un-entendimiento-con-brasil-evalua-gerente\/#primaryimage"},"image":{"@id":"https:\/\/www.ip.gov.py\/ip\/2019\/07\/29\/paraguay-ha-plantado-fuerte-su-bandera-para-negociar-un-entendimiento-con-brasil-evalua-gerente\/#primaryimage"},"thumbnailUrl":"https:\/\/www.ip.gov.py\/ip\/wp-content\/uploads\/2016\/04\/edificio-_fachada-ande.jpg","datePublished":"2019-07-29T14:29:03+00:00","dateModified":"2019-07-29T14:29:37+00:00","breadcrumb":{"@id":"https:\/\/www.ip.gov.py\/ip\/2019\/07\/29\/paraguay-ha-plantado-fuerte-su-bandera-para-negociar-un-entendimiento-con-brasil-evalua-gerente\/#breadcrumb"},"inLanguage":"es","potentialAction":[{"@type":"ReadAction","target":["https:\/\/www.ip.gov.py\/ip\/2019\/07\/29\/paraguay-ha-plantado-fuerte-su-bandera-para-negociar-un-entendimiento-con-brasil-evalua-gerente\/"]}]},{"@type":"ImageObject","inLanguage":"es","@id":"https:\/\/www.ip.gov.py\/ip\/2019\/07\/29\/paraguay-ha-plantado-fuerte-su-bandera-para-negociar-un-entendimiento-con-brasil-evalua-gerente\/#primaryimage","url":"https:\/\/www.ip.gov.py\/ip\/wp-content\/uploads\/2016\/04\/edificio-_fachada-ande.jpg","contentUrl":"https:\/\/www.ip.gov.py\/ip\/wp-content\/uploads\/2016\/04\/edificio-_fachada-ande.jpg","width":1000,"height":594,"caption":"Fachada de la sede central de la ANDE."},{"@type":"BreadcrumbList","@id":"https:\/\/www.ip.gov.py\/ip\/2019\/07\/29\/paraguay-ha-plantado-fuerte-su-bandera-para-negociar-un-entendimiento-con-brasil-evalua-gerente\/#breadcrumb","itemListElement":[{"@type":"ListItem","position":1,"name":"Portada","item":"https:\/\/www.ip.gov.py\/ip\/"},{"@type":"ListItem","position":2,"name":"Paraguay ha plantado fuerte su bandera para negociar un entendimiento con Brasil, eval\u00faa gerente"}]},{"@type":"WebSite","@id":"https:\/\/www.ip.gov.py\/ip\/#website","url":"https:\/\/www.ip.gov.py\/ip\/","name":".::Agencia IP::.","description":"","publisher":{"@id":"https:\/\/www.ip.gov.py\/ip\/#organization"},"potentialAction":[{"@type":"SearchAction","target":{"@type":"EntryPoint","urlTemplate":"https:\/\/www.ip.gov.py\/ip\/?s={search_term_string}"},"query-input":{"@type":"PropertyValueSpecification","valueRequired":true,"valueName":"search_term_string"}}],"inLanguage":"es"},{"@type":"Organization","@id":"https:\/\/www.ip.gov.py\/ip\/#organization","name":"Agencia IP","url":"https:\/\/www.ip.gov.py\/ip\/","logo":{"@type":"ImageObject","inLanguage":"es","@id":"https:\/\/www.ip.gov.py\/ip\/#\/schema\/logo\/image\/","url":"https:\/\/www.ip.gov.py\/ip\/wp-content\/uploads\/2018\/01\/Agencia-IP.jpg","contentUrl":"https:\/\/www.ip.gov.py\/ip\/wp-content\/uploads\/2018\/01\/Agencia-IP.jpg","width":150,"height":150,"caption":"Agencia IP"},"image":{"@id":"https:\/\/www.ip.gov.py\/ip\/#\/schema\/logo\/image\/"},"sameAs":["https:\/\/www.facebook.com\/IPParaguay\/","https:\/\/x.com\/IPParaguay","https:\/\/www.instagram.com\/IPParaguay"]},{"@type":"Person","@id":"https:\/\/www.ip.gov.py\/ip\/#\/schema\/person\/7ec1ca00d0a9301ecc37fff902ff6741","name":"Roque Mereles","url":"https:\/\/www.ip.gov.py\/ip\/author\/rmereles\/"}]}},"_links":{"self":[{"href":"https:\/\/www.ip.gov.py\/ip\/wp-json\/wp\/v2\/posts\/280016","targetHints":{"allow":["GET"]}}],"collection":[{"href":"https:\/\/www.ip.gov.py\/ip\/wp-json\/wp\/v2\/posts"}],"about":[{"href":"https:\/\/www.ip.gov.py\/ip\/wp-json\/wp\/v2\/types\/post"}],"author":[{"embeddable":true,"href":"https:\/\/www.ip.gov.py\/ip\/wp-json\/wp\/v2\/users\/2"}],"replies":[{"embeddable":true,"href":"https:\/\/www.ip.gov.py\/ip\/wp-json\/wp\/v2\/comments?post=280016"}],"version-history":[{"count":0,"href":"https:\/\/www.ip.gov.py\/ip\/wp-json\/wp\/v2\/posts\/280016\/revisions"}],"wp:featuredmedia":[{"embeddable":true,"href":"https:\/\/www.ip.gov.py\/ip\/wp-json\/wp\/v2\/media\/92281"}],"wp:attachment":[{"href":"https:\/\/www.ip.gov.py\/ip\/wp-json\/wp\/v2\/media?parent=280016"}],"wp:term":[{"taxonomy":"category","embeddable":true,"href":"https:\/\/www.ip.gov.py\/ip\/wp-json\/wp\/v2\/categories?post=280016"},{"taxonomy":"post_tag","embeddable":true,"href":"https:\/\/www.ip.gov.py\/ip\/wp-json\/wp\/v2\/tags?post=280016"}],"curies":[{"name":"wp","href":"https:\/\/api.w.org\/{rel}","templated":true}]}}