{"id":280844,"date":"2019-08-05T09:26:22","date_gmt":"2019-08-05T13:26:22","guid":{"rendered":"https:\/\/www.ip.gov.py\/ip\/?p=280844"},"modified":"2019-08-05T09:26:22","modified_gmt":"2019-08-05T13:26:22","slug":"premian-a-estudiantes-por-cortos-audiovisuales-sobre-las-campanas-de-las-cordilleras","status":"publish","type":"post","link":"https:\/\/www.ip.gov.py\/ip\/2019\/08\/05\/premian-a-estudiantes-por-cortos-audiovisuales-sobre-las-campanas-de-las-cordilleras\/","title":{"rendered":"Premian a estudiantes por cortos audiovisuales sobre las Campa\u00f1as de las Cordilleras"},"content":{"rendered":"<p style=\"text-align: justify;\"><em><strong>Asunci\u00f3n, IP.-<\/strong> <\/em>La Secretar\u00eda Nacional de Cultura (SNC) inform\u00f3 que j\u00f3venes estudiantes del departamento de Cordillera fueron premiados en el Concurso de Creaci\u00f3n Audiovisual \u201cA 150 a\u00f1os de la Campa\u00f1a de las Cordilleras\u201d.<!--more--><\/p>\n<p style=\"text-align: justify;\">La SNC, detalla que el acto de Premiaci\u00f3n de participantes del concurso se realiz\u00f3 en la sede de la Gobernaci\u00f3n de Cordillera, con presencia del ministro de Cultura, Rub\u00e9n Capdevila, en representaci\u00f3n de la Comisi\u00f3n Nacional de Conmemoraci\u00f3n del Sesquicentenario de la Epopeya Nacional (1864-1870), autoridades departamentales y miembros del jurado.<\/p>\n<p style=\"text-align: justify;\">En ese sentido, el ministro Capdevila hizo entrega de un reconocimiento por la gran labor a 14 instituciones educativas de Cordillera, para rescatar el arte, la historia y los valores patrios.<\/p>\n<figure id=\"attachment_280847\" aria-describedby=\"caption-attachment-280847\" style=\"width: 374px\" class=\"wp-caption alignright\"><img loading=\"lazy\" decoding=\"async\" class=\" wp-image-280847\" src=\"https:\/\/www.ip.gov.py\/ip\/wp-content\/uploads\/2019\/08\/WhatsApp-Image-2019-08-02-at-18.19.03-600x400.jpeg\" alt=\"\" width=\"374\" height=\"249\" srcset=\"https:\/\/www.ip.gov.py\/ip\/wp-content\/uploads\/2019\/08\/WhatsApp-Image-2019-08-02-at-18.19.03-600x400.jpeg 600w, https:\/\/www.ip.gov.py\/ip\/wp-content\/uploads\/2019\/08\/WhatsApp-Image-2019-08-02-at-18.19.03-768x512.jpeg 768w, https:\/\/www.ip.gov.py\/ip\/wp-content\/uploads\/2019\/08\/WhatsApp-Image-2019-08-02-at-18.19.03-1024x682.jpeg 1024w, https:\/\/www.ip.gov.py\/ip\/wp-content\/uploads\/2019\/08\/WhatsApp-Image-2019-08-02-at-18.19.03-696x464.jpeg 696w, https:\/\/www.ip.gov.py\/ip\/wp-content\/uploads\/2019\/08\/WhatsApp-Image-2019-08-02-at-18.19.03-1068x712.jpeg 1068w, https:\/\/www.ip.gov.py\/ip\/wp-content\/uploads\/2019\/08\/WhatsApp-Image-2019-08-02-at-18.19.03-630x420.jpeg 630w, https:\/\/www.ip.gov.py\/ip\/wp-content\/uploads\/2019\/08\/WhatsApp-Image-2019-08-02-at-18.19.03.jpeg 1280w\" sizes=\"auto, (max-width: 374px) 100vw, 374px\" \/><figcaption id=\"caption-attachment-280847\" class=\"wp-caption-text\">Foto: SNC<\/figcaption><\/figure>\n<p style=\"text-align: justify;\">Tambi\u00e9n entreg\u00f3 un pin del Sesquicentenario de la Guerra de la Triple Alianza a cada uno de los colegios.<\/p>\n<p style=\"text-align: justify;\">El presidente de la Comisi\u00f3n Departamental del Sesquicentenario de las Campa\u00f1as de la Cordillera, Almide Alcaraz, explic\u00f3 que los ganadores son de Eusebio Ayala, del Colegio EMD Dr. Eusebio Ayala con el corto \u201cEl Relato de un H\u00e9roe\u201d. Participaron 14 cortos de diferentes pueblos del departamento.<\/p>\n<p style=\"text-align: justify;\">\u201cBlasia Yanina Escobar Ojeda es Mejor Actriz y Aldo R\u00edos Serv\u00edn es Mejor Actor, ambos del Colegio Defensores del Chaco de Isla Puc\u00fa\u201d, precis\u00f3.<\/p>\n<p style=\"text-align: justify;\">El premio es Obra de Infraestructura para la Instituci\u00f3n Ganadora, y viajes a los destinos m\u00e1s emblem\u00e1ticos del Paraguay, a cargo de la Gobernaci\u00f3n de Cordillera.<\/p>\n<p style=\"text-align: justify;\">Fueron jurados del concurso, los destacados directores de cine, Tana Sch\u00e9mbori y Juan Carlos Maneglia; Ana Ivanova, actriz de Las Herederas; y la directora del Audiovisual de la SNC, Guillermina Villalba.<\/p>\n<p style=\"text-align: justify;\">La SNC tuvo una activa participaci\u00f3n apoyando el trabajo institucional que fue organizado por la Gobernaci\u00f3n de Cordillera y la Comisi\u00f3n Departamental del Sesquicentenario de las Campa\u00f1as de la Cordillera.<\/p>\n<p style=\"text-align: justify;\">La organizaci\u00f3n estuvo a cargo de la Comisi\u00f3n Departamental Sesquicentenario de la Campa\u00f1a de Las Cordilleras.<\/p>\n","protected":false},"excerpt":{"rendered":"<p>Asunci\u00f3n, IP.- La Secretar\u00eda Nacional de Cultura (SNC) inform\u00f3 que j\u00f3venes estudiantes del departamento de Cordillera fueron premiados en el Concurso de Creaci\u00f3n Audiovisual \u201cA 150 a\u00f1os de la Campa\u00f1a de las Cordilleras\u201d.<\/p>\n","protected":false},"author":23,"featured_media":280845,"comment_status":"closed","ping_status":"closed","sticky":false,"template":"","format":"standard","meta":{"_monsterinsights_skip_tracking":false,"_monsterinsights_sitenote_active":false,"_monsterinsights_sitenote_note":"","_monsterinsights_sitenote_category":0,"footnotes":""},"categories":[7],"tags":[],"class_list":{"0":"post-280844","1":"post","2":"type-post","3":"status-publish","4":"format-standard","5":"has-post-thumbnail","7":"category-cultura"},"yoast_head":"<!-- This site is optimized with the Yoast SEO plugin v27.5 - https:\/\/yoast.com\/product\/yoast-seo-wordpress\/ -->\n<title>Premian a estudiantes por cortos audiovisuales sobre las Campa\u00f1as de las Cordilleras - .::Agencia IP::.<\/title>\n<meta name=\"robots\" content=\"index, follow, max-snippet:-1, max-image-preview:large, max-video-preview:-1\" \/>\n<link rel=\"canonical\" href=\"https:\/\/www.ip.gov.py\/ip\/2019\/08\/05\/premian-a-estudiantes-por-cortos-audiovisuales-sobre-las-campanas-de-las-cordilleras\/\" \/>\n<meta property=\"og:locale\" content=\"es_ES\" \/>\n<meta property=\"og:type\" content=\"article\" \/>\n<meta property=\"og:title\" content=\"Premian a estudiantes por cortos audiovisuales sobre las Campa\u00f1as de las Cordilleras - .::Agencia IP::.\" \/>\n<meta property=\"og:description\" content=\"Asunci\u00f3n, IP.- La Secretar\u00eda Nacional de Cultura (SNC) inform\u00f3 que j\u00f3venes estudiantes del departamento de Cordillera fueron premiados en el Concurso de Creaci\u00f3n Audiovisual \u201cA 150 a\u00f1os de la Campa\u00f1a de las Cordilleras\u201d.\" \/>\n<meta property=\"og:url\" content=\"https:\/\/www.ip.gov.py\/ip\/2019\/08\/05\/premian-a-estudiantes-por-cortos-audiovisuales-sobre-las-campanas-de-las-cordilleras\/\" \/>\n<meta property=\"og:site_name\" content=\".::Agencia IP::.\" \/>\n<meta property=\"article:publisher\" content=\"https:\/\/www.facebook.com\/IPParaguay\/\" \/>\n<meta property=\"article:published_time\" content=\"2019-08-05T13:26:22+00:00\" \/>\n<meta property=\"og:image\" content=\"https:\/\/www.ip.gov.py\/ip\/wp-content\/uploads\/2019\/08\/Cultura-Premiaci\u00f3n-Estudiantes-Cordillera.jpeg\" \/>\n\t<meta property=\"og:image:width\" content=\"1280\" \/>\n\t<meta property=\"og:image:height\" content=\"601\" \/>\n\t<meta property=\"og:image:type\" content=\"image\/jpeg\" \/>\n<meta name=\"author\" content=\"Noelia Ferreira\" \/>\n<meta name=\"twitter:card\" content=\"summary_large_image\" \/>\n<meta name=\"twitter:creator\" content=\"@IPParaguay\" \/>\n<meta name=\"twitter:site\" content=\"@IPParaguay\" \/>\n<meta name=\"twitter:label1\" content=\"Escrito por\" \/>\n\t<meta name=\"twitter:data1\" content=\"Noelia Ferreira\" \/>\n\t<meta name=\"twitter:label2\" content=\"Tiempo de lectura\" \/>\n\t<meta name=\"twitter:data2\" content=\"2 minutos\" \/>\n<script type=\"application\/ld+json\" class=\"yoast-schema-graph\">{\"@context\":\"https:\\\/\\\/schema.org\",\"@graph\":[{\"@type\":\"Article\",\"@id\":\"https:\\\/\\\/www.ip.gov.py\\\/ip\\\/2019\\\/08\\\/05\\\/premian-a-estudiantes-por-cortos-audiovisuales-sobre-las-campanas-de-las-cordilleras\\\/#article\",\"isPartOf\":{\"@id\":\"https:\\\/\\\/www.ip.gov.py\\\/ip\\\/2019\\\/08\\\/05\\\/premian-a-estudiantes-por-cortos-audiovisuales-sobre-las-campanas-de-las-cordilleras\\\/\"},\"author\":{\"name\":\"Noelia Ferreira\",\"@id\":\"https:\\\/\\\/www.ip.gov.py\\\/ip\\\/#\\\/schema\\\/person\\\/791af27a9219bdbf9064abb776bb41c2\"},\"headline\":\"Premian a estudiantes por cortos audiovisuales sobre las Campa\u00f1as de las Cordilleras\",\"datePublished\":\"2019-08-05T13:26:22+00:00\",\"mainEntityOfPage\":{\"@id\":\"https:\\\/\\\/www.ip.gov.py\\\/ip\\\/2019\\\/08\\\/05\\\/premian-a-estudiantes-por-cortos-audiovisuales-sobre-las-campanas-de-las-cordilleras\\\/\"},\"wordCount\":357,\"publisher\":{\"@id\":\"https:\\\/\\\/www.ip.gov.py\\\/ip\\\/#organization\"},\"image\":{\"@id\":\"https:\\\/\\\/www.ip.gov.py\\\/ip\\\/2019\\\/08\\\/05\\\/premian-a-estudiantes-por-cortos-audiovisuales-sobre-las-campanas-de-las-cordilleras\\\/#primaryimage\"},\"thumbnailUrl\":\"https:\\\/\\\/www.ip.gov.py\\\/ip\\\/wp-content\\\/uploads\\\/2019\\\/08\\\/Cultura-Premiaci\u00f3n-Estudiantes-Cordillera.jpeg\",\"articleSection\":[\"Cultura\"],\"inLanguage\":\"es\"},{\"@type\":\"WebPage\",\"@id\":\"https:\\\/\\\/www.ip.gov.py\\\/ip\\\/2019\\\/08\\\/05\\\/premian-a-estudiantes-por-cortos-audiovisuales-sobre-las-campanas-de-las-cordilleras\\\/\",\"url\":\"https:\\\/\\\/www.ip.gov.py\\\/ip\\\/2019\\\/08\\\/05\\\/premian-a-estudiantes-por-cortos-audiovisuales-sobre-las-campanas-de-las-cordilleras\\\/\",\"name\":\"Premian a estudiantes por cortos audiovisuales sobre las Campa\u00f1as de las Cordilleras - .::Agencia IP::.\",\"isPartOf\":{\"@id\":\"https:\\\/\\\/www.ip.gov.py\\\/ip\\\/#website\"},\"primaryImageOfPage\":{\"@id\":\"https:\\\/\\\/www.ip.gov.py\\\/ip\\\/2019\\\/08\\\/05\\\/premian-a-estudiantes-por-cortos-audiovisuales-sobre-las-campanas-de-las-cordilleras\\\/#primaryimage\"},\"image\":{\"@id\":\"https:\\\/\\\/www.ip.gov.py\\\/ip\\\/2019\\\/08\\\/05\\\/premian-a-estudiantes-por-cortos-audiovisuales-sobre-las-campanas-de-las-cordilleras\\\/#primaryimage\"},\"thumbnailUrl\":\"https:\\\/\\\/www.ip.gov.py\\\/ip\\\/wp-content\\\/uploads\\\/2019\\\/08\\\/Cultura-Premiaci\u00f3n-Estudiantes-Cordillera.jpeg\",\"datePublished\":\"2019-08-05T13:26:22+00:00\",\"breadcrumb\":{\"@id\":\"https:\\\/\\\/www.ip.gov.py\\\/ip\\\/2019\\\/08\\\/05\\\/premian-a-estudiantes-por-cortos-audiovisuales-sobre-las-campanas-de-las-cordilleras\\\/#breadcrumb\"},\"inLanguage\":\"es\",\"potentialAction\":[{\"@type\":\"ReadAction\",\"target\":[\"https:\\\/\\\/www.ip.gov.py\\\/ip\\\/2019\\\/08\\\/05\\\/premian-a-estudiantes-por-cortos-audiovisuales-sobre-las-campanas-de-las-cordilleras\\\/\"]}]},{\"@type\":\"ImageObject\",\"inLanguage\":\"es\",\"@id\":\"https:\\\/\\\/www.ip.gov.py\\\/ip\\\/2019\\\/08\\\/05\\\/premian-a-estudiantes-por-cortos-audiovisuales-sobre-las-campanas-de-las-cordilleras\\\/#primaryimage\",\"url\":\"https:\\\/\\\/www.ip.gov.py\\\/ip\\\/wp-content\\\/uploads\\\/2019\\\/08\\\/Cultura-Premiaci\u00f3n-Estudiantes-Cordillera.jpeg\",\"contentUrl\":\"https:\\\/\\\/www.ip.gov.py\\\/ip\\\/wp-content\\\/uploads\\\/2019\\\/08\\\/Cultura-Premiaci\u00f3n-Estudiantes-Cordillera.jpeg\",\"width\":1280,\"height\":601,\"caption\":\"Foto: SNC\"},{\"@type\":\"BreadcrumbList\",\"@id\":\"https:\\\/\\\/www.ip.gov.py\\\/ip\\\/2019\\\/08\\\/05\\\/premian-a-estudiantes-por-cortos-audiovisuales-sobre-las-campanas-de-las-cordilleras\\\/#breadcrumb\",\"itemListElement\":[{\"@type\":\"ListItem\",\"position\":1,\"name\":\"Portada\",\"item\":\"https:\\\/\\\/www.ip.gov.py\\\/ip\\\/\"},{\"@type\":\"ListItem\",\"position\":2,\"name\":\"Premian a estudiantes por cortos audiovisuales sobre las Campa\u00f1as de las Cordilleras\"}]},{\"@type\":\"WebSite\",\"@id\":\"https:\\\/\\\/www.ip.gov.py\\\/ip\\\/#website\",\"url\":\"https:\\\/\\\/www.ip.gov.py\\\/ip\\\/\",\"name\":\".::Agencia IP::.\",\"description\":\"\",\"publisher\":{\"@id\":\"https:\\\/\\\/www.ip.gov.py\\\/ip\\\/#organization\"},\"potentialAction\":[{\"@type\":\"SearchAction\",\"target\":{\"@type\":\"EntryPoint\",\"urlTemplate\":\"https:\\\/\\\/www.ip.gov.py\\\/ip\\\/?s={search_term_string}\"},\"query-input\":{\"@type\":\"PropertyValueSpecification\",\"valueRequired\":true,\"valueName\":\"search_term_string\"}}],\"inLanguage\":\"es\"},{\"@type\":\"Organization\",\"@id\":\"https:\\\/\\\/www.ip.gov.py\\\/ip\\\/#organization\",\"name\":\"Agencia IP\",\"url\":\"https:\\\/\\\/www.ip.gov.py\\\/ip\\\/\",\"logo\":{\"@type\":\"ImageObject\",\"inLanguage\":\"es\",\"@id\":\"https:\\\/\\\/www.ip.gov.py\\\/ip\\\/#\\\/schema\\\/logo\\\/image\\\/\",\"url\":\"https:\\\/\\\/www.ip.gov.py\\\/ip\\\/wp-content\\\/uploads\\\/2018\\\/01\\\/Agencia-IP.jpg\",\"contentUrl\":\"https:\\\/\\\/www.ip.gov.py\\\/ip\\\/wp-content\\\/uploads\\\/2018\\\/01\\\/Agencia-IP.jpg\",\"width\":150,\"height\":150,\"caption\":\"Agencia IP\"},\"image\":{\"@id\":\"https:\\\/\\\/www.ip.gov.py\\\/ip\\\/#\\\/schema\\\/logo\\\/image\\\/\"},\"sameAs\":[\"https:\\\/\\\/www.facebook.com\\\/IPParaguay\\\/\",\"https:\\\/\\\/x.com\\\/IPParaguay\",\"https:\\\/\\\/www.instagram.com\\\/IPParaguay\"]},{\"@type\":\"Person\",\"@id\":\"https:\\\/\\\/www.ip.gov.py\\\/ip\\\/#\\\/schema\\\/person\\\/791af27a9219bdbf9064abb776bb41c2\",\"name\":\"Noelia Ferreira\",\"sameAs\":[\"http:\\\/\\\/www.ip.gov.py\"],\"url\":\"https:\\\/\\\/www.ip.gov.py\\\/ip\\\/author\\\/nferreira\\\/\"}]}<\/script>\n<!-- \/ Yoast SEO plugin. -->","yoast_head_json":{"title":"Premian a estudiantes por cortos audiovisuales sobre las Campa\u00f1as de las Cordilleras - .::Agencia IP::.","robots":{"index":"index","follow":"follow","max-snippet":"max-snippet:-1","max-image-preview":"max-image-preview:large","max-video-preview":"max-video-preview:-1"},"canonical":"https:\/\/www.ip.gov.py\/ip\/2019\/08\/05\/premian-a-estudiantes-por-cortos-audiovisuales-sobre-las-campanas-de-las-cordilleras\/","og_locale":"es_ES","og_type":"article","og_title":"Premian a estudiantes por cortos audiovisuales sobre las Campa\u00f1as de las Cordilleras - .::Agencia IP::.","og_description":"Asunci\u00f3n, IP.- La Secretar\u00eda Nacional de Cultura (SNC) inform\u00f3 que j\u00f3venes estudiantes del departamento de Cordillera fueron premiados en el Concurso de Creaci\u00f3n Audiovisual \u201cA 150 a\u00f1os de la Campa\u00f1a de las Cordilleras\u201d.","og_url":"https:\/\/www.ip.gov.py\/ip\/2019\/08\/05\/premian-a-estudiantes-por-cortos-audiovisuales-sobre-las-campanas-de-las-cordilleras\/","og_site_name":".::Agencia IP::.","article_publisher":"https:\/\/www.facebook.com\/IPParaguay\/","article_published_time":"2019-08-05T13:26:22+00:00","og_image":[{"width":1280,"height":601,"url":"https:\/\/www.ip.gov.py\/ip\/wp-content\/uploads\/2019\/08\/Cultura-Premiaci\u00f3n-Estudiantes-Cordillera.jpeg","type":"image\/jpeg"}],"author":"Noelia Ferreira","twitter_card":"summary_large_image","twitter_creator":"@IPParaguay","twitter_site":"@IPParaguay","twitter_misc":{"Escrito por":"Noelia Ferreira","Tiempo de lectura":"2 minutos"},"schema":{"@context":"https:\/\/schema.org","@graph":[{"@type":"Article","@id":"https:\/\/www.ip.gov.py\/ip\/2019\/08\/05\/premian-a-estudiantes-por-cortos-audiovisuales-sobre-las-campanas-de-las-cordilleras\/#article","isPartOf":{"@id":"https:\/\/www.ip.gov.py\/ip\/2019\/08\/05\/premian-a-estudiantes-por-cortos-audiovisuales-sobre-las-campanas-de-las-cordilleras\/"},"author":{"name":"Noelia Ferreira","@id":"https:\/\/www.ip.gov.py\/ip\/#\/schema\/person\/791af27a9219bdbf9064abb776bb41c2"},"headline":"Premian a estudiantes por cortos audiovisuales sobre las Campa\u00f1as de las Cordilleras","datePublished":"2019-08-05T13:26:22+00:00","mainEntityOfPage":{"@id":"https:\/\/www.ip.gov.py\/ip\/2019\/08\/05\/premian-a-estudiantes-por-cortos-audiovisuales-sobre-las-campanas-de-las-cordilleras\/"},"wordCount":357,"publisher":{"@id":"https:\/\/www.ip.gov.py\/ip\/#organization"},"image":{"@id":"https:\/\/www.ip.gov.py\/ip\/2019\/08\/05\/premian-a-estudiantes-por-cortos-audiovisuales-sobre-las-campanas-de-las-cordilleras\/#primaryimage"},"thumbnailUrl":"https:\/\/www.ip.gov.py\/ip\/wp-content\/uploads\/2019\/08\/Cultura-Premiaci\u00f3n-Estudiantes-Cordillera.jpeg","articleSection":["Cultura"],"inLanguage":"es"},{"@type":"WebPage","@id":"https:\/\/www.ip.gov.py\/ip\/2019\/08\/05\/premian-a-estudiantes-por-cortos-audiovisuales-sobre-las-campanas-de-las-cordilleras\/","url":"https:\/\/www.ip.gov.py\/ip\/2019\/08\/05\/premian-a-estudiantes-por-cortos-audiovisuales-sobre-las-campanas-de-las-cordilleras\/","name":"Premian a estudiantes por cortos audiovisuales sobre las Campa\u00f1as de las Cordilleras - .::Agencia IP::.","isPartOf":{"@id":"https:\/\/www.ip.gov.py\/ip\/#website"},"primaryImageOfPage":{"@id":"https:\/\/www.ip.gov.py\/ip\/2019\/08\/05\/premian-a-estudiantes-por-cortos-audiovisuales-sobre-las-campanas-de-las-cordilleras\/#primaryimage"},"image":{"@id":"https:\/\/www.ip.gov.py\/ip\/2019\/08\/05\/premian-a-estudiantes-por-cortos-audiovisuales-sobre-las-campanas-de-las-cordilleras\/#primaryimage"},"thumbnailUrl":"https:\/\/www.ip.gov.py\/ip\/wp-content\/uploads\/2019\/08\/Cultura-Premiaci\u00f3n-Estudiantes-Cordillera.jpeg","datePublished":"2019-08-05T13:26:22+00:00","breadcrumb":{"@id":"https:\/\/www.ip.gov.py\/ip\/2019\/08\/05\/premian-a-estudiantes-por-cortos-audiovisuales-sobre-las-campanas-de-las-cordilleras\/#breadcrumb"},"inLanguage":"es","potentialAction":[{"@type":"ReadAction","target":["https:\/\/www.ip.gov.py\/ip\/2019\/08\/05\/premian-a-estudiantes-por-cortos-audiovisuales-sobre-las-campanas-de-las-cordilleras\/"]}]},{"@type":"ImageObject","inLanguage":"es","@id":"https:\/\/www.ip.gov.py\/ip\/2019\/08\/05\/premian-a-estudiantes-por-cortos-audiovisuales-sobre-las-campanas-de-las-cordilleras\/#primaryimage","url":"https:\/\/www.ip.gov.py\/ip\/wp-content\/uploads\/2019\/08\/Cultura-Premiaci\u00f3n-Estudiantes-Cordillera.jpeg","contentUrl":"https:\/\/www.ip.gov.py\/ip\/wp-content\/uploads\/2019\/08\/Cultura-Premiaci\u00f3n-Estudiantes-Cordillera.jpeg","width":1280,"height":601,"caption":"Foto: SNC"},{"@type":"BreadcrumbList","@id":"https:\/\/www.ip.gov.py\/ip\/2019\/08\/05\/premian-a-estudiantes-por-cortos-audiovisuales-sobre-las-campanas-de-las-cordilleras\/#breadcrumb","itemListElement":[{"@type":"ListItem","position":1,"name":"Portada","item":"https:\/\/www.ip.gov.py\/ip\/"},{"@type":"ListItem","position":2,"name":"Premian a estudiantes por cortos audiovisuales sobre las Campa\u00f1as de las Cordilleras"}]},{"@type":"WebSite","@id":"https:\/\/www.ip.gov.py\/ip\/#website","url":"https:\/\/www.ip.gov.py\/ip\/","name":".::Agencia IP::.","description":"","publisher":{"@id":"https:\/\/www.ip.gov.py\/ip\/#organization"},"potentialAction":[{"@type":"SearchAction","target":{"@type":"EntryPoint","urlTemplate":"https:\/\/www.ip.gov.py\/ip\/?s={search_term_string}"},"query-input":{"@type":"PropertyValueSpecification","valueRequired":true,"valueName":"search_term_string"}}],"inLanguage":"es"},{"@type":"Organization","@id":"https:\/\/www.ip.gov.py\/ip\/#organization","name":"Agencia IP","url":"https:\/\/www.ip.gov.py\/ip\/","logo":{"@type":"ImageObject","inLanguage":"es","@id":"https:\/\/www.ip.gov.py\/ip\/#\/schema\/logo\/image\/","url":"https:\/\/www.ip.gov.py\/ip\/wp-content\/uploads\/2018\/01\/Agencia-IP.jpg","contentUrl":"https:\/\/www.ip.gov.py\/ip\/wp-content\/uploads\/2018\/01\/Agencia-IP.jpg","width":150,"height":150,"caption":"Agencia IP"},"image":{"@id":"https:\/\/www.ip.gov.py\/ip\/#\/schema\/logo\/image\/"},"sameAs":["https:\/\/www.facebook.com\/IPParaguay\/","https:\/\/x.com\/IPParaguay","https:\/\/www.instagram.com\/IPParaguay"]},{"@type":"Person","@id":"https:\/\/www.ip.gov.py\/ip\/#\/schema\/person\/791af27a9219bdbf9064abb776bb41c2","name":"Noelia Ferreira","sameAs":["http:\/\/www.ip.gov.py"],"url":"https:\/\/www.ip.gov.py\/ip\/author\/nferreira\/"}]}},"_links":{"self":[{"href":"https:\/\/www.ip.gov.py\/ip\/wp-json\/wp\/v2\/posts\/280844","targetHints":{"allow":["GET"]}}],"collection":[{"href":"https:\/\/www.ip.gov.py\/ip\/wp-json\/wp\/v2\/posts"}],"about":[{"href":"https:\/\/www.ip.gov.py\/ip\/wp-json\/wp\/v2\/types\/post"}],"author":[{"embeddable":true,"href":"https:\/\/www.ip.gov.py\/ip\/wp-json\/wp\/v2\/users\/23"}],"replies":[{"embeddable":true,"href":"https:\/\/www.ip.gov.py\/ip\/wp-json\/wp\/v2\/comments?post=280844"}],"version-history":[{"count":0,"href":"https:\/\/www.ip.gov.py\/ip\/wp-json\/wp\/v2\/posts\/280844\/revisions"}],"wp:featuredmedia":[{"embeddable":true,"href":"https:\/\/www.ip.gov.py\/ip\/wp-json\/wp\/v2\/media\/280845"}],"wp:attachment":[{"href":"https:\/\/www.ip.gov.py\/ip\/wp-json\/wp\/v2\/media?parent=280844"}],"wp:term":[{"taxonomy":"category","embeddable":true,"href":"https:\/\/www.ip.gov.py\/ip\/wp-json\/wp\/v2\/categories?post=280844"},{"taxonomy":"post_tag","embeddable":true,"href":"https:\/\/www.ip.gov.py\/ip\/wp-json\/wp\/v2\/tags?post=280844"}],"curies":[{"name":"wp","href":"https:\/\/api.w.org\/{rel}","templated":true}]}}