{"id":283645,"date":"2019-08-28T06:41:41","date_gmt":"2019-08-28T10:41:41","guid":{"rendered":"https:\/\/www.ip.gov.py\/ip\/?p=283645"},"modified":"2019-08-28T06:42:53","modified_gmt":"2019-08-28T10:42:53","slug":"dinapi-presenta-hara-la-primera-edicion-de-la-fiesta-creativa-en-villarrica","status":"publish","type":"post","link":"https:\/\/www.ip.gov.py\/ip\/2019\/08\/28\/dinapi-presenta-hara-la-primera-edicion-de-la-fiesta-creativa-en-villarrica\/","title":{"rendered":"Dinapi har\u00e1 este viernes la primera edici\u00f3n de la \u00abFiesta Creativa\u00bb en Villarrica"},"content":{"rendered":"<p style=\"text-align: justify;\"><em><strong>Asunci\u00f3n, IP.-<\/strong><\/em> La ciudad de Villarrica ser\u00e1 sede, este viernes de la primera Fiesta Creativa, promovida por la Direcci\u00f3n Nacional de Protecci\u00f3n Intelectual (Dinapi) para celebrar el inmenso potencial creativo local y acercar a los artistas las herramientas de propiedad intelectual que protegen el fruto de su trabajo y contribuyen a garantizarles una vida digna.<!--more--><\/p>\n<p style=\"text-align: justify;\">Desde las 10:00 y hasta las 22:00, en la Plaza de los H\u00e9roes de Villarrica y alrededores, se montar\u00e1n 3 escenarios, 2 salones de charlas y talleres y un espacio alternativo para que miles de personas puedan compartir el gran potencial creativo nacional.<\/p>\n<p style=\"text-align: justify;\">El evento contar\u00e1 con m\u00e1s de 30 actividades totalmente gratuitas: Espect\u00e1culos de m\u00fasica, moda, cine y baile; Talleres de capacitaci\u00f3n en diferentes artes y oficios creativos, como la producci\u00f3n audiovisual y literaria;\u00a0 y presentaciones de Grafiti y Rob\u00f3tica, entre otras. Adem\u00e1s, habr\u00e1 un espacio dedicado espec\u00edficamente a la gastronom\u00eda y artesan\u00eda local.<\/p>\n<p style=\"text-align: justify;\"><strong>Programa completo de las actividades con horario, actividad y lugar:<\/strong><\/p>\n<p style=\"text-align: justify;\">11.00 Charla sobre \u201cNociones generales sobre Derechos de Autor y Derechos Conexos. Organiza: Dinapi. Sal\u00f3n A (Centro Espa\u00f1ol)<\/p>\n<p style=\"text-align: justify;\">Charla-taller de Manejo de t\u00e9cnicas de dibujo art\u00edstico, acr\u00edlico y acuarela, a cargo de Gloria Valle. Sal\u00f3n B (Cooperativa Universitaria)<\/p>\n<p style=\"text-align: justify;\">12.10 Charla sobre \u201cDenominaci\u00f3n de Origen\u201d. Organiza: Dinapi. Sal\u00f3n A (Centro Espa\u00f1ol) Proyecci\u00f3n del Cortometraje \u00abBasybuky\u00bb, de M\u00f3nica Ismael. Sal\u00f3n B (Cooperativa Universitaria)<\/p>\n<p style=\"text-align: justify;\">12.30 Proyecci\u00f3n del Cortometraje \u00abCesteras Qom, de M\u00f3nica Ismael Sal\u00f3n B (Cooperativa Universitaria)<\/p>\n<figure id=\"attachment_283648\" aria-describedby=\"caption-attachment-283648\" style=\"width: 372px\" class=\"wp-caption alignright\"><img loading=\"lazy\" decoding=\"async\" class=\" wp-image-283648\" src=\"https:\/\/www.ip.gov.py\/ip\/wp-content\/uploads\/2019\/08\/WhatsApp-Image-2019-08-27-at-16.38.26-600x598.jpeg\" alt=\"\" width=\"372\" height=\"371\" srcset=\"https:\/\/www.ip.gov.py\/ip\/wp-content\/uploads\/2019\/08\/WhatsApp-Image-2019-08-27-at-16.38.26-600x598.jpeg 600w, https:\/\/www.ip.gov.py\/ip\/wp-content\/uploads\/2019\/08\/WhatsApp-Image-2019-08-27-at-16.38.26-150x150.jpeg 150w, https:\/\/www.ip.gov.py\/ip\/wp-content\/uploads\/2019\/08\/WhatsApp-Image-2019-08-27-at-16.38.26-768x765.jpeg 768w, https:\/\/www.ip.gov.py\/ip\/wp-content\/uploads\/2019\/08\/WhatsApp-Image-2019-08-27-at-16.38.26-1024x1020.jpeg 1024w, https:\/\/www.ip.gov.py\/ip\/wp-content\/uploads\/2019\/08\/WhatsApp-Image-2019-08-27-at-16.38.26-696x693.jpeg 696w, https:\/\/www.ip.gov.py\/ip\/wp-content\/uploads\/2019\/08\/WhatsApp-Image-2019-08-27-at-16.38.26-422x420.jpeg 422w, https:\/\/www.ip.gov.py\/ip\/wp-content\/uploads\/2019\/08\/WhatsApp-Image-2019-08-27-at-16.38.26.jpeg 1046w\" sizes=\"auto, (max-width: 372px) 100vw, 372px\" \/><figcaption id=\"caption-attachment-283648\" class=\"wp-caption-text\">Afiche Dinapi<\/figcaption><\/figure>\n<p style=\"text-align: justify;\">12.50 Charla sobre \u00abSalvaguarda del Patrimonio Cultural de los Pueblos Ind\u00edgenas\u00bb, cargo de M\u00f3nica Ismael.\u00a0\u00a0 Sal\u00f3n B (Cooperativa Universitaria)<\/p>\n<p style=\"text-align: justify;\">13.10 Trabajo de Gesti\u00f3n de Profesionales. Organiza: Dinapi. Sal\u00f3n A (Centro Espa\u00f1ol)<\/p>\n<p style=\"text-align: justify;\">13.20 Charla sobre \u00abIntroducci\u00f3n al pensamiento l\u00f3gico a trav\u00e9s de los videojuegos\u00bb, a cargo de Giuliano Lezcano. Sal\u00f3n B (Cooperativa Universitaria)<\/p>\n<p style=\"text-align: justify;\">Orquesta Filarm\u00f3nica y Coro de Villarrica. Escenario A<\/p>\n<p style=\"text-align: justify;\">14.00 Teatro Infantil \u00abEl Circo\u00bb\u00a0\u00a0 Escenario B<\/p>\n<p style=\"text-align: justify;\">14.10 Charla sobre \u201cDerechos de Autor y Conexos\u201d. Organizan:\u00a0 AIE, APA y SGP.\u00a0\u00a0\u00a0\u00a0\u00a0\u00a0\u00a0\u00a0\u00a0\u00a0\u00a0 Sal\u00f3n A (Centro Espa\u00f1ol)<\/p>\n<p style=\"text-align: justify;\">14.30 Charla sobre \u00abIntroducci\u00f3n a la Rob\u00f3tica\u00bb, a cargo de Jos\u00e9 \u00c1valos y equipo. Sal\u00f3n B (Cooperativa Universitaria)<\/p>\n<p style=\"text-align: justify;\">14.50 Blues con Gustavo S\u00e1nchez Haase. Escenario A<\/p>\n<p style=\"text-align: justify;\">15.10 Funci\u00f3n de Cine \u00abLos Buscadores\u00bb, de Maneglia-Sch\u00e9mbori. Sal\u00f3n A (Centro Espa\u00f1ol)<\/p>\n<p style=\"text-align: justify;\">Danza folcl\u00f3rica.Escenario B<\/p>\n<p style=\"text-align: justify;\">15.40 Charla sobre \u00abTatuajes: Su historia, t\u00e9cnicas y dise\u00f1os\u00bb, a cargo de Peter Pintos. Sal\u00f3n B (Cooperativa Universitaria). Concierto del grupo de Rock \u00abSupernova\u00bb\u00a0\u00a0\u00a0\u00a0\u00a0\u00a0\u00a0\u00a0\u00a0 Escenario A<\/p>\n<p style=\"text-align: justify;\">15.50 Show Infantil \u00abMargarita\u00bb. Escenario B<\/p>\n<p style=\"text-align: justify;\">16.30 Folclore con el Tr\u00edo San Valent\u00edn. Escenario A<\/p>\n<p style=\"text-align: justify;\">16.40 Danza Contempor\u00e1nea. Escenario B<\/p>\n<p style=\"text-align: justify;\">16.50 Cl\u00ednicas de percusi\u00f3n: \u201cInfluencia del Jazz en la m\u00fasica popular\u201d, a cargo de Riolo Alvarenga y Carlos Centuri\u00f3n. Sal\u00f3n B (Cooperativa Universitaria)<\/p>\n<p style=\"text-align: justify;\">17.10 Charla-taller sobre \u00abDirecci\u00f3n de Cine\u00bb, a cargo de Rodrigo Salom\u00f3n, director de \u201cLeal\u201d. Sal\u00f3n A (Centro Espa\u00f1ol)<\/p>\n<p style=\"text-align: justify;\">17.20 ACTO OFICIAL\u00a0 Escenario A<\/p>\n<p style=\"text-align: justify;\">18.00 Charla &#8211; taller de Luter\u00eda.\u00a0 Sal\u00f3n B (Cooperativa Universitaria)<\/p>\n<p style=\"text-align: justify;\">18.10 Desfile de Moda. Escenario A. Teatro para j\u00f3venes y adultos \u00abM\u00e9dico de Cabecera\u00bb. Escenario B<\/p>\n<p style=\"text-align: justify;\">18.40 Charla sobre Propiedad Intelectual. Organiza: Dinapi. Sal\u00f3n A (Centro Espa\u00f1ol)<\/p>\n<p style=\"text-align: justify;\">19.00 Presentaci\u00f3n de Riolo Alvarenga y su grupo \u00abAsunci\u00f3n Jazz Quartet\u00bb.\u00a0\u00a0\u00a0\u00a0\u00a0\u00a0 Escenario A<\/p>\n<p style=\"text-align: justify;\">19.10 Taller de T\u00e9cnicas de Grabaci\u00f3n, Montaje y Edici\u00f3n con App&#8217;s gratuitas de celulares, a cargo de Armando Aquino. Sal\u00f3n A (Centro Espa\u00f1ol). Charla &#8211; taller de Artes Pl\u00e1sticas.Sal\u00f3n B (Cooperativa Universitaria)<\/p>\n<p style=\"text-align: justify;\">19.20 Danza cl\u00e1sica. Escenario B<\/p>\n<p style=\"text-align: justify;\">19.50 Concierto del Grupo de Rock \u00abEngranaje\u00bb Escenario A<\/p>\n<p style=\"text-align: justify;\">20.00 M\u00fasica Electr\u00f3nica. Escenario B<\/p>\n<p style=\"text-align: justify;\">20.10 Proyecci\u00f3n de Documental \u00abAfinaci\u00f3n del Diablo\u00bb, y charla con su Director, Juan Carlos Lucas. Sal\u00f3n A (Centro Espa\u00f1ol)<\/p>\n<p style=\"text-align: justify;\">20.20 Charla &#8211; taller \u00abLiteratura: Proceso creativo y motivador\u00bb, a cargo del profesor Aldo Luberta. Sal\u00f3n B (Cooperativa Universitaria)<\/p>\n<p style=\"text-align: justify;\">20.40 Concierto del Grupo de Folklore Fusi\u00f3n \u00abPynandi\u00bb. Escenario A<\/p>\n<p style=\"text-align: justify;\">20.50 Danza Escenario B<\/p>\n<p style=\"text-align: justify;\">21.30 Espect\u00e1culo de Elencos Estables de la Asociaci\u00f3n de M\u00fasicos del Guair\u00e1 (AMG). Escenario A. M\u00fasica Escenario B<\/p>\n<p style=\"text-align: justify;\">22.20 Concierto del Grupo Generaci\u00f3n Escenario A<\/p>\n","protected":false},"excerpt":{"rendered":"<p>Asunci\u00f3n, IP.- La ciudad de Villarrica ser\u00e1 sede, este viernes de la primera Fiesta Creativa, promovida por la Direcci\u00f3n Nacional de Protecci\u00f3n Intelectual (Dinapi) para celebrar el inmenso potencial creativo local y acercar a los artistas las herramientas de propiedad intelectual que protegen el fruto de su trabajo y contribuyen a garantizarles una vida digna.<\/p>\n","protected":false},"author":23,"featured_media":283646,"comment_status":"closed","ping_status":"closed","sticky":false,"template":"","format":"standard","meta":{"_monsterinsights_skip_tracking":false,"_monsterinsights_sitenote_active":false,"_monsterinsights_sitenote_note":"","_monsterinsights_sitenote_category":0,"footnotes":""},"categories":[7],"tags":[],"class_list":{"0":"post-283645","1":"post","2":"type-post","3":"status-publish","4":"format-standard","5":"has-post-thumbnail","7":"category-cultura"},"yoast_head":"<!-- This site is optimized with the Yoast SEO plugin v27.5 - https:\/\/yoast.com\/product\/yoast-seo-wordpress\/ -->\n<title>Dinapi har\u00e1 este viernes la primera edici\u00f3n de la &quot;Fiesta Creativa&quot; en Villarrica - .::Agencia IP::.<\/title>\n<meta name=\"robots\" content=\"index, follow, max-snippet:-1, max-image-preview:large, max-video-preview:-1\" \/>\n<link rel=\"canonical\" href=\"https:\/\/www.ip.gov.py\/ip\/2019\/08\/28\/dinapi-presenta-hara-la-primera-edicion-de-la-fiesta-creativa-en-villarrica\/\" \/>\n<meta property=\"og:locale\" content=\"es_ES\" \/>\n<meta property=\"og:type\" content=\"article\" \/>\n<meta property=\"og:title\" content=\"Dinapi har\u00e1 este viernes la primera edici\u00f3n de la &quot;Fiesta Creativa&quot; en Villarrica - .::Agencia IP::.\" \/>\n<meta property=\"og:description\" content=\"Asunci\u00f3n, IP.- La ciudad de Villarrica ser\u00e1 sede, este viernes de la primera Fiesta Creativa, promovida por la Direcci\u00f3n Nacional de Protecci\u00f3n Intelectual (Dinapi) para celebrar el inmenso potencial creativo local y acercar a los artistas las herramientas de propiedad intelectual que protegen el fruto de su trabajo y contribuyen a garantizarles una vida digna.\" \/>\n<meta property=\"og:url\" content=\"https:\/\/www.ip.gov.py\/ip\/2019\/08\/28\/dinapi-presenta-hara-la-primera-edicion-de-la-fiesta-creativa-en-villarrica\/\" \/>\n<meta property=\"og:site_name\" content=\".::Agencia IP::.\" \/>\n<meta property=\"article:publisher\" content=\"https:\/\/www.facebook.com\/IPParaguay\/\" \/>\n<meta property=\"article:published_time\" content=\"2019-08-28T10:41:41+00:00\" \/>\n<meta property=\"article:modified_time\" content=\"2019-08-28T10:42:53+00:00\" \/>\n<meta property=\"og:image\" content=\"https:\/\/www.ip.gov.py\/ip\/wp-content\/uploads\/2019\/08\/WhatsApp-Image-2019-08-27-at-16.38.25.jpeg\" \/>\n\t<meta property=\"og:image:width\" content=\"1046\" \/>\n\t<meta property=\"og:image:height\" content=\"1044\" \/>\n\t<meta property=\"og:image:type\" content=\"image\/jpeg\" \/>\n<meta name=\"author\" content=\"Noelia Ferreira\" \/>\n<meta name=\"twitter:card\" content=\"summary_large_image\" \/>\n<meta name=\"twitter:creator\" content=\"@IPParaguay\" \/>\n<meta name=\"twitter:site\" content=\"@IPParaguay\" \/>\n<meta name=\"twitter:label1\" content=\"Escrito por\" \/>\n\t<meta name=\"twitter:data1\" content=\"Noelia Ferreira\" \/>\n\t<meta name=\"twitter:label2\" content=\"Tiempo de lectura\" \/>\n\t<meta name=\"twitter:data2\" content=\"4 minutos\" \/>\n<script type=\"application\/ld+json\" class=\"yoast-schema-graph\">{\"@context\":\"https:\\\/\\\/schema.org\",\"@graph\":[{\"@type\":\"Article\",\"@id\":\"https:\\\/\\\/www.ip.gov.py\\\/ip\\\/2019\\\/08\\\/28\\\/dinapi-presenta-hara-la-primera-edicion-de-la-fiesta-creativa-en-villarrica\\\/#article\",\"isPartOf\":{\"@id\":\"https:\\\/\\\/www.ip.gov.py\\\/ip\\\/2019\\\/08\\\/28\\\/dinapi-presenta-hara-la-primera-edicion-de-la-fiesta-creativa-en-villarrica\\\/\"},\"author\":{\"name\":\"Noelia Ferreira\",\"@id\":\"https:\\\/\\\/www.ip.gov.py\\\/ip\\\/#\\\/schema\\\/person\\\/791af27a9219bdbf9064abb776bb41c2\"},\"headline\":\"Dinapi har\u00e1 este viernes la primera edici\u00f3n de la \u00abFiesta Creativa\u00bb en Villarrica\",\"datePublished\":\"2019-08-28T10:41:41+00:00\",\"dateModified\":\"2019-08-28T10:42:53+00:00\",\"mainEntityOfPage\":{\"@id\":\"https:\\\/\\\/www.ip.gov.py\\\/ip\\\/2019\\\/08\\\/28\\\/dinapi-presenta-hara-la-primera-edicion-de-la-fiesta-creativa-en-villarrica\\\/\"},\"wordCount\":715,\"publisher\":{\"@id\":\"https:\\\/\\\/www.ip.gov.py\\\/ip\\\/#organization\"},\"image\":{\"@id\":\"https:\\\/\\\/www.ip.gov.py\\\/ip\\\/2019\\\/08\\\/28\\\/dinapi-presenta-hara-la-primera-edicion-de-la-fiesta-creativa-en-villarrica\\\/#primaryimage\"},\"thumbnailUrl\":\"https:\\\/\\\/www.ip.gov.py\\\/ip\\\/wp-content\\\/uploads\\\/2019\\\/08\\\/WhatsApp-Image-2019-08-27-at-16.38.25.jpeg\",\"articleSection\":[\"Cultura\"],\"inLanguage\":\"es\"},{\"@type\":\"WebPage\",\"@id\":\"https:\\\/\\\/www.ip.gov.py\\\/ip\\\/2019\\\/08\\\/28\\\/dinapi-presenta-hara-la-primera-edicion-de-la-fiesta-creativa-en-villarrica\\\/\",\"url\":\"https:\\\/\\\/www.ip.gov.py\\\/ip\\\/2019\\\/08\\\/28\\\/dinapi-presenta-hara-la-primera-edicion-de-la-fiesta-creativa-en-villarrica\\\/\",\"name\":\"Dinapi har\u00e1 este viernes la primera edici\u00f3n de la \\\"Fiesta Creativa\\\" en Villarrica - .::Agencia IP::.\",\"isPartOf\":{\"@id\":\"https:\\\/\\\/www.ip.gov.py\\\/ip\\\/#website\"},\"primaryImageOfPage\":{\"@id\":\"https:\\\/\\\/www.ip.gov.py\\\/ip\\\/2019\\\/08\\\/28\\\/dinapi-presenta-hara-la-primera-edicion-de-la-fiesta-creativa-en-villarrica\\\/#primaryimage\"},\"image\":{\"@id\":\"https:\\\/\\\/www.ip.gov.py\\\/ip\\\/2019\\\/08\\\/28\\\/dinapi-presenta-hara-la-primera-edicion-de-la-fiesta-creativa-en-villarrica\\\/#primaryimage\"},\"thumbnailUrl\":\"https:\\\/\\\/www.ip.gov.py\\\/ip\\\/wp-content\\\/uploads\\\/2019\\\/08\\\/WhatsApp-Image-2019-08-27-at-16.38.25.jpeg\",\"datePublished\":\"2019-08-28T10:41:41+00:00\",\"dateModified\":\"2019-08-28T10:42:53+00:00\",\"breadcrumb\":{\"@id\":\"https:\\\/\\\/www.ip.gov.py\\\/ip\\\/2019\\\/08\\\/28\\\/dinapi-presenta-hara-la-primera-edicion-de-la-fiesta-creativa-en-villarrica\\\/#breadcrumb\"},\"inLanguage\":\"es\",\"potentialAction\":[{\"@type\":\"ReadAction\",\"target\":[\"https:\\\/\\\/www.ip.gov.py\\\/ip\\\/2019\\\/08\\\/28\\\/dinapi-presenta-hara-la-primera-edicion-de-la-fiesta-creativa-en-villarrica\\\/\"]}]},{\"@type\":\"ImageObject\",\"inLanguage\":\"es\",\"@id\":\"https:\\\/\\\/www.ip.gov.py\\\/ip\\\/2019\\\/08\\\/28\\\/dinapi-presenta-hara-la-primera-edicion-de-la-fiesta-creativa-en-villarrica\\\/#primaryimage\",\"url\":\"https:\\\/\\\/www.ip.gov.py\\\/ip\\\/wp-content\\\/uploads\\\/2019\\\/08\\\/WhatsApp-Image-2019-08-27-at-16.38.25.jpeg\",\"contentUrl\":\"https:\\\/\\\/www.ip.gov.py\\\/ip\\\/wp-content\\\/uploads\\\/2019\\\/08\\\/WhatsApp-Image-2019-08-27-at-16.38.25.jpeg\",\"width\":1046,\"height\":1044,\"caption\":\"Afiche Dinapi\"},{\"@type\":\"BreadcrumbList\",\"@id\":\"https:\\\/\\\/www.ip.gov.py\\\/ip\\\/2019\\\/08\\\/28\\\/dinapi-presenta-hara-la-primera-edicion-de-la-fiesta-creativa-en-villarrica\\\/#breadcrumb\",\"itemListElement\":[{\"@type\":\"ListItem\",\"position\":1,\"name\":\"Portada\",\"item\":\"https:\\\/\\\/www.ip.gov.py\\\/ip\\\/\"},{\"@type\":\"ListItem\",\"position\":2,\"name\":\"Dinapi har\u00e1 este viernes la primera edici\u00f3n de la \u00abFiesta Creativa\u00bb en Villarrica\"}]},{\"@type\":\"WebSite\",\"@id\":\"https:\\\/\\\/www.ip.gov.py\\\/ip\\\/#website\",\"url\":\"https:\\\/\\\/www.ip.gov.py\\\/ip\\\/\",\"name\":\".::Agencia IP::.\",\"description\":\"\",\"publisher\":{\"@id\":\"https:\\\/\\\/www.ip.gov.py\\\/ip\\\/#organization\"},\"potentialAction\":[{\"@type\":\"SearchAction\",\"target\":{\"@type\":\"EntryPoint\",\"urlTemplate\":\"https:\\\/\\\/www.ip.gov.py\\\/ip\\\/?s={search_term_string}\"},\"query-input\":{\"@type\":\"PropertyValueSpecification\",\"valueRequired\":true,\"valueName\":\"search_term_string\"}}],\"inLanguage\":\"es\"},{\"@type\":\"Organization\",\"@id\":\"https:\\\/\\\/www.ip.gov.py\\\/ip\\\/#organization\",\"name\":\"Agencia IP\",\"url\":\"https:\\\/\\\/www.ip.gov.py\\\/ip\\\/\",\"logo\":{\"@type\":\"ImageObject\",\"inLanguage\":\"es\",\"@id\":\"https:\\\/\\\/www.ip.gov.py\\\/ip\\\/#\\\/schema\\\/logo\\\/image\\\/\",\"url\":\"https:\\\/\\\/www.ip.gov.py\\\/ip\\\/wp-content\\\/uploads\\\/2018\\\/01\\\/Agencia-IP.jpg\",\"contentUrl\":\"https:\\\/\\\/www.ip.gov.py\\\/ip\\\/wp-content\\\/uploads\\\/2018\\\/01\\\/Agencia-IP.jpg\",\"width\":150,\"height\":150,\"caption\":\"Agencia IP\"},\"image\":{\"@id\":\"https:\\\/\\\/www.ip.gov.py\\\/ip\\\/#\\\/schema\\\/logo\\\/image\\\/\"},\"sameAs\":[\"https:\\\/\\\/www.facebook.com\\\/IPParaguay\\\/\",\"https:\\\/\\\/x.com\\\/IPParaguay\",\"https:\\\/\\\/www.instagram.com\\\/IPParaguay\"]},{\"@type\":\"Person\",\"@id\":\"https:\\\/\\\/www.ip.gov.py\\\/ip\\\/#\\\/schema\\\/person\\\/791af27a9219bdbf9064abb776bb41c2\",\"name\":\"Noelia Ferreira\",\"sameAs\":[\"http:\\\/\\\/www.ip.gov.py\"],\"url\":\"https:\\\/\\\/www.ip.gov.py\\\/ip\\\/author\\\/nferreira\\\/\"}]}<\/script>\n<!-- \/ Yoast SEO plugin. -->","yoast_head_json":{"title":"Dinapi har\u00e1 este viernes la primera edici\u00f3n de la \"Fiesta Creativa\" en Villarrica - .::Agencia IP::.","robots":{"index":"index","follow":"follow","max-snippet":"max-snippet:-1","max-image-preview":"max-image-preview:large","max-video-preview":"max-video-preview:-1"},"canonical":"https:\/\/www.ip.gov.py\/ip\/2019\/08\/28\/dinapi-presenta-hara-la-primera-edicion-de-la-fiesta-creativa-en-villarrica\/","og_locale":"es_ES","og_type":"article","og_title":"Dinapi har\u00e1 este viernes la primera edici\u00f3n de la \"Fiesta Creativa\" en Villarrica - .::Agencia IP::.","og_description":"Asunci\u00f3n, IP.- La ciudad de Villarrica ser\u00e1 sede, este viernes de la primera Fiesta Creativa, promovida por la Direcci\u00f3n Nacional de Protecci\u00f3n Intelectual (Dinapi) para celebrar el inmenso potencial creativo local y acercar a los artistas las herramientas de propiedad intelectual que protegen el fruto de su trabajo y contribuyen a garantizarles una vida digna.","og_url":"https:\/\/www.ip.gov.py\/ip\/2019\/08\/28\/dinapi-presenta-hara-la-primera-edicion-de-la-fiesta-creativa-en-villarrica\/","og_site_name":".::Agencia IP::.","article_publisher":"https:\/\/www.facebook.com\/IPParaguay\/","article_published_time":"2019-08-28T10:41:41+00:00","article_modified_time":"2019-08-28T10:42:53+00:00","og_image":[{"width":1046,"height":1044,"url":"https:\/\/www.ip.gov.py\/ip\/wp-content\/uploads\/2019\/08\/WhatsApp-Image-2019-08-27-at-16.38.25.jpeg","type":"image\/jpeg"}],"author":"Noelia Ferreira","twitter_card":"summary_large_image","twitter_creator":"@IPParaguay","twitter_site":"@IPParaguay","twitter_misc":{"Escrito por":"Noelia Ferreira","Tiempo de lectura":"4 minutos"},"schema":{"@context":"https:\/\/schema.org","@graph":[{"@type":"Article","@id":"https:\/\/www.ip.gov.py\/ip\/2019\/08\/28\/dinapi-presenta-hara-la-primera-edicion-de-la-fiesta-creativa-en-villarrica\/#article","isPartOf":{"@id":"https:\/\/www.ip.gov.py\/ip\/2019\/08\/28\/dinapi-presenta-hara-la-primera-edicion-de-la-fiesta-creativa-en-villarrica\/"},"author":{"name":"Noelia Ferreira","@id":"https:\/\/www.ip.gov.py\/ip\/#\/schema\/person\/791af27a9219bdbf9064abb776bb41c2"},"headline":"Dinapi har\u00e1 este viernes la primera edici\u00f3n de la \u00abFiesta Creativa\u00bb en Villarrica","datePublished":"2019-08-28T10:41:41+00:00","dateModified":"2019-08-28T10:42:53+00:00","mainEntityOfPage":{"@id":"https:\/\/www.ip.gov.py\/ip\/2019\/08\/28\/dinapi-presenta-hara-la-primera-edicion-de-la-fiesta-creativa-en-villarrica\/"},"wordCount":715,"publisher":{"@id":"https:\/\/www.ip.gov.py\/ip\/#organization"},"image":{"@id":"https:\/\/www.ip.gov.py\/ip\/2019\/08\/28\/dinapi-presenta-hara-la-primera-edicion-de-la-fiesta-creativa-en-villarrica\/#primaryimage"},"thumbnailUrl":"https:\/\/www.ip.gov.py\/ip\/wp-content\/uploads\/2019\/08\/WhatsApp-Image-2019-08-27-at-16.38.25.jpeg","articleSection":["Cultura"],"inLanguage":"es"},{"@type":"WebPage","@id":"https:\/\/www.ip.gov.py\/ip\/2019\/08\/28\/dinapi-presenta-hara-la-primera-edicion-de-la-fiesta-creativa-en-villarrica\/","url":"https:\/\/www.ip.gov.py\/ip\/2019\/08\/28\/dinapi-presenta-hara-la-primera-edicion-de-la-fiesta-creativa-en-villarrica\/","name":"Dinapi har\u00e1 este viernes la primera edici\u00f3n de la \"Fiesta Creativa\" en Villarrica - .::Agencia IP::.","isPartOf":{"@id":"https:\/\/www.ip.gov.py\/ip\/#website"},"primaryImageOfPage":{"@id":"https:\/\/www.ip.gov.py\/ip\/2019\/08\/28\/dinapi-presenta-hara-la-primera-edicion-de-la-fiesta-creativa-en-villarrica\/#primaryimage"},"image":{"@id":"https:\/\/www.ip.gov.py\/ip\/2019\/08\/28\/dinapi-presenta-hara-la-primera-edicion-de-la-fiesta-creativa-en-villarrica\/#primaryimage"},"thumbnailUrl":"https:\/\/www.ip.gov.py\/ip\/wp-content\/uploads\/2019\/08\/WhatsApp-Image-2019-08-27-at-16.38.25.jpeg","datePublished":"2019-08-28T10:41:41+00:00","dateModified":"2019-08-28T10:42:53+00:00","breadcrumb":{"@id":"https:\/\/www.ip.gov.py\/ip\/2019\/08\/28\/dinapi-presenta-hara-la-primera-edicion-de-la-fiesta-creativa-en-villarrica\/#breadcrumb"},"inLanguage":"es","potentialAction":[{"@type":"ReadAction","target":["https:\/\/www.ip.gov.py\/ip\/2019\/08\/28\/dinapi-presenta-hara-la-primera-edicion-de-la-fiesta-creativa-en-villarrica\/"]}]},{"@type":"ImageObject","inLanguage":"es","@id":"https:\/\/www.ip.gov.py\/ip\/2019\/08\/28\/dinapi-presenta-hara-la-primera-edicion-de-la-fiesta-creativa-en-villarrica\/#primaryimage","url":"https:\/\/www.ip.gov.py\/ip\/wp-content\/uploads\/2019\/08\/WhatsApp-Image-2019-08-27-at-16.38.25.jpeg","contentUrl":"https:\/\/www.ip.gov.py\/ip\/wp-content\/uploads\/2019\/08\/WhatsApp-Image-2019-08-27-at-16.38.25.jpeg","width":1046,"height":1044,"caption":"Afiche Dinapi"},{"@type":"BreadcrumbList","@id":"https:\/\/www.ip.gov.py\/ip\/2019\/08\/28\/dinapi-presenta-hara-la-primera-edicion-de-la-fiesta-creativa-en-villarrica\/#breadcrumb","itemListElement":[{"@type":"ListItem","position":1,"name":"Portada","item":"https:\/\/www.ip.gov.py\/ip\/"},{"@type":"ListItem","position":2,"name":"Dinapi har\u00e1 este viernes la primera edici\u00f3n de la \u00abFiesta Creativa\u00bb en Villarrica"}]},{"@type":"WebSite","@id":"https:\/\/www.ip.gov.py\/ip\/#website","url":"https:\/\/www.ip.gov.py\/ip\/","name":".::Agencia IP::.","description":"","publisher":{"@id":"https:\/\/www.ip.gov.py\/ip\/#organization"},"potentialAction":[{"@type":"SearchAction","target":{"@type":"EntryPoint","urlTemplate":"https:\/\/www.ip.gov.py\/ip\/?s={search_term_string}"},"query-input":{"@type":"PropertyValueSpecification","valueRequired":true,"valueName":"search_term_string"}}],"inLanguage":"es"},{"@type":"Organization","@id":"https:\/\/www.ip.gov.py\/ip\/#organization","name":"Agencia IP","url":"https:\/\/www.ip.gov.py\/ip\/","logo":{"@type":"ImageObject","inLanguage":"es","@id":"https:\/\/www.ip.gov.py\/ip\/#\/schema\/logo\/image\/","url":"https:\/\/www.ip.gov.py\/ip\/wp-content\/uploads\/2018\/01\/Agencia-IP.jpg","contentUrl":"https:\/\/www.ip.gov.py\/ip\/wp-content\/uploads\/2018\/01\/Agencia-IP.jpg","width":150,"height":150,"caption":"Agencia IP"},"image":{"@id":"https:\/\/www.ip.gov.py\/ip\/#\/schema\/logo\/image\/"},"sameAs":["https:\/\/www.facebook.com\/IPParaguay\/","https:\/\/x.com\/IPParaguay","https:\/\/www.instagram.com\/IPParaguay"]},{"@type":"Person","@id":"https:\/\/www.ip.gov.py\/ip\/#\/schema\/person\/791af27a9219bdbf9064abb776bb41c2","name":"Noelia Ferreira","sameAs":["http:\/\/www.ip.gov.py"],"url":"https:\/\/www.ip.gov.py\/ip\/author\/nferreira\/"}]}},"_links":{"self":[{"href":"https:\/\/www.ip.gov.py\/ip\/wp-json\/wp\/v2\/posts\/283645","targetHints":{"allow":["GET"]}}],"collection":[{"href":"https:\/\/www.ip.gov.py\/ip\/wp-json\/wp\/v2\/posts"}],"about":[{"href":"https:\/\/www.ip.gov.py\/ip\/wp-json\/wp\/v2\/types\/post"}],"author":[{"embeddable":true,"href":"https:\/\/www.ip.gov.py\/ip\/wp-json\/wp\/v2\/users\/23"}],"replies":[{"embeddable":true,"href":"https:\/\/www.ip.gov.py\/ip\/wp-json\/wp\/v2\/comments?post=283645"}],"version-history":[{"count":0,"href":"https:\/\/www.ip.gov.py\/ip\/wp-json\/wp\/v2\/posts\/283645\/revisions"}],"wp:featuredmedia":[{"embeddable":true,"href":"https:\/\/www.ip.gov.py\/ip\/wp-json\/wp\/v2\/media\/283646"}],"wp:attachment":[{"href":"https:\/\/www.ip.gov.py\/ip\/wp-json\/wp\/v2\/media?parent=283645"}],"wp:term":[{"taxonomy":"category","embeddable":true,"href":"https:\/\/www.ip.gov.py\/ip\/wp-json\/wp\/v2\/categories?post=283645"},{"taxonomy":"post_tag","embeddable":true,"href":"https:\/\/www.ip.gov.py\/ip\/wp-json\/wp\/v2\/tags?post=283645"}],"curies":[{"name":"wp","href":"https:\/\/api.w.org\/{rel}","templated":true}]}}