{"id":300655,"date":"2020-01-29T16:42:46","date_gmt":"2020-01-29T19:42:46","guid":{"rendered":"https:\/\/www.ip.gov.py\/ip\/?p=300655"},"modified":"2020-01-29T16:49:17","modified_gmt":"2020-01-29T19:49:17","slug":"paraguay-y-chile-potencian-su-relacionamiento-comercial-indico-encargado-de-negocios","status":"publish","type":"post","link":"https:\/\/www.ip.gov.py\/ip\/2020\/01\/29\/paraguay-y-chile-potencian-su-relacionamiento-comercial-indico-encargado-de-negocios\/","title":{"rendered":"Paraguay y Chile potencian su relacionamiento comercial, indic\u00f3 encargado de negocios"},"content":{"rendered":"<p style=\"text-align: justify;\"><strong><em>Asunci\u00f3n, IP.- <\/em><\/strong>El encargado de negocios de la embajada de Chile en Paraguay, Carlos Brunel, se refiri\u00f3 a las relaciones comerciales entre ambos pa\u00edses que se encuentran consolidadas y con potencial de crecimiento, como lo demuestra la reciente exportaci\u00f3n de banana al pa\u00eds andino.<!--more--><\/p>\n<p style=\"text-align: justify;\">Brunel indic\u00f3 que Chile contin\u00faa siendo uno de los principales compradores de carne paraguaya, pese a que el a\u00f1o 2019 cerr\u00f3 con exportaciones paraguayas por US$ 300 millones, a diferencia de los US$ 500 millones del 2018.<\/p>\n<p style=\"text-align: justify;\">De igual manera indic\u00f3 que existen perspectivas favorables con la apertura de nuevos mercados, como el caso de la banana paraguaya que tuvo su <strong><a href=\"https:\/\/www.ip.gov.py\/ip\/paraguay-logro-concretar-su-primer-envio-de-banana-a-chile\/\">primera exportaci\u00f3n<\/a><\/strong> a Chile la semana pasada, tras a\u00f1os de tratativas.<\/p>\n<p style=\"text-align: justify;\">El encargado de negocios indic\u00f3 que el mercado chileno consume en un 100% bananas de origen ecuatoriano, pero con este primer env\u00edo y un trabajo fuerte de promoci\u00f3n puede ocupar un espacio importante de cuota de mercado.<\/p>\n<p style=\"text-align: justify;\">Destac\u00f3 que el env\u00edo se concret\u00f3 durante un encuentro entre centenares de empresarios de Paraguay y Chile, en diciembre del a\u00f1o pasado, lo que agiliz\u00f3 las negociaciones. Adem\u00e1s cit\u00f3 el inter\u00e9s de inversionistas chilenos por sectores como el inmobiliario, la hidrov\u00eda y las energ\u00edas renovables.<\/p>\n<p style=\"text-align: justify;\">Por \u00faltimo, se\u00f1al\u00f3 que existe inter\u00e9s por negociar un acuerdo de libre comercio con el Paraguay para dinamizar la actividad, que en el 2019 represent\u00f3 una balanza comercial de US$ 1.200 millones, dijo a Radio Nacional.<\/p>\n","protected":false},"excerpt":{"rendered":"<p>Asunci\u00f3n, IP.- El encargado de negocios de la embajada de Chile en Paraguay, Carlos Brunel, se refiri\u00f3 a las relaciones comerciales entre ambos pa\u00edses que se encuentran consolidadas y con potencial de crecimiento, como lo demuestra la reciente exportaci\u00f3n de banana al pa\u00eds andino.<\/p>\n","protected":false},"author":22,"featured_media":22635,"comment_status":"closed","ping_status":"closed","sticky":false,"template":"","format":"standard","meta":{"_monsterinsights_skip_tracking":false,"_monsterinsights_sitenote_active":false,"_monsterinsights_sitenote_note":"","_monsterinsights_sitenote_category":0,"footnotes":""},"categories":[9],"tags":[],"class_list":{"0":"post-300655","1":"post","2":"type-post","3":"status-publish","4":"format-standard","5":"has-post-thumbnail","7":"category-economia"},"yoast_head":"<!-- This site is optimized with the Yoast SEO plugin v27.5 - https:\/\/yoast.com\/product\/yoast-seo-wordpress\/ -->\n<title>Paraguay y Chile potencian su relacionamiento comercial, indic\u00f3 encargado de negocios - .::Agencia IP::.<\/title>\n<meta name=\"robots\" content=\"index, follow, max-snippet:-1, max-image-preview:large, max-video-preview:-1\" \/>\n<link rel=\"canonical\" href=\"https:\/\/www.ip.gov.py\/ip\/2020\/01\/29\/paraguay-y-chile-potencian-su-relacionamiento-comercial-indico-encargado-de-negocios\/\" \/>\n<meta property=\"og:locale\" content=\"es_ES\" \/>\n<meta property=\"og:type\" content=\"article\" \/>\n<meta property=\"og:title\" content=\"Paraguay y Chile potencian su relacionamiento comercial, indic\u00f3 encargado de negocios - .::Agencia IP::.\" \/>\n<meta property=\"og:description\" content=\"Asunci\u00f3n, IP.- El encargado de negocios de la embajada de Chile en Paraguay, Carlos Brunel, se refiri\u00f3 a las relaciones comerciales entre ambos pa\u00edses que se encuentran consolidadas y con potencial de crecimiento, como lo demuestra la reciente exportaci\u00f3n de banana al pa\u00eds andino.\" \/>\n<meta property=\"og:url\" content=\"https:\/\/www.ip.gov.py\/ip\/2020\/01\/29\/paraguay-y-chile-potencian-su-relacionamiento-comercial-indico-encargado-de-negocios\/\" \/>\n<meta property=\"og:site_name\" content=\".::Agencia IP::.\" \/>\n<meta property=\"article:publisher\" content=\"https:\/\/www.facebook.com\/IPParaguay\/\" \/>\n<meta property=\"article:published_time\" content=\"2020-01-29T19:42:46+00:00\" \/>\n<meta property=\"article:modified_time\" content=\"2020-01-29T19:49:17+00:00\" \/>\n<meta property=\"og:image\" content=\"https:\/\/www.ip.gov.py\/ip\/wp-content\/uploads\/2015\/05\/BANANA.jpg\" \/>\n\t<meta property=\"og:image:width\" content=\"1050\" \/>\n\t<meta property=\"og:image:height\" content=\"723\" \/>\n\t<meta property=\"og:image:type\" content=\"image\/jpeg\" \/>\n<meta name=\"author\" content=\"Alberto C\" \/>\n<meta name=\"twitter:card\" content=\"summary_large_image\" \/>\n<meta name=\"twitter:creator\" content=\"@IPParaguay\" \/>\n<meta name=\"twitter:site\" content=\"@IPParaguay\" \/>\n<meta name=\"twitter:label1\" content=\"Escrito por\" \/>\n\t<meta name=\"twitter:data1\" content=\"Alberto C\" \/>\n\t<meta name=\"twitter:label2\" content=\"Tiempo de lectura\" \/>\n\t<meta name=\"twitter:data2\" content=\"1 minuto\" \/>\n<script type=\"application\/ld+json\" class=\"yoast-schema-graph\">{\"@context\":\"https:\\\/\\\/schema.org\",\"@graph\":[{\"@type\":\"Article\",\"@id\":\"https:\\\/\\\/www.ip.gov.py\\\/ip\\\/2020\\\/01\\\/29\\\/paraguay-y-chile-potencian-su-relacionamiento-comercial-indico-encargado-de-negocios\\\/#article\",\"isPartOf\":{\"@id\":\"https:\\\/\\\/www.ip.gov.py\\\/ip\\\/2020\\\/01\\\/29\\\/paraguay-y-chile-potencian-su-relacionamiento-comercial-indico-encargado-de-negocios\\\/\"},\"author\":{\"name\":\"Alberto C\",\"@id\":\"https:\\\/\\\/www.ip.gov.py\\\/ip\\\/#\\\/schema\\\/person\\\/369fedd28420fad35e23b10a9df16fb8\"},\"headline\":\"Paraguay y Chile potencian su relacionamiento comercial, indic\u00f3 encargado de negocios\",\"datePublished\":\"2020-01-29T19:42:46+00:00\",\"dateModified\":\"2020-01-29T19:49:17+00:00\",\"mainEntityOfPage\":{\"@id\":\"https:\\\/\\\/www.ip.gov.py\\\/ip\\\/2020\\\/01\\\/29\\\/paraguay-y-chile-potencian-su-relacionamiento-comercial-indico-encargado-de-negocios\\\/\"},\"wordCount\":257,\"publisher\":{\"@id\":\"https:\\\/\\\/www.ip.gov.py\\\/ip\\\/#organization\"},\"image\":{\"@id\":\"https:\\\/\\\/www.ip.gov.py\\\/ip\\\/2020\\\/01\\\/29\\\/paraguay-y-chile-potencian-su-relacionamiento-comercial-indico-encargado-de-negocios\\\/#primaryimage\"},\"thumbnailUrl\":\"https:\\\/\\\/www.ip.gov.py\\\/ip\\\/wp-content\\\/uploads\\\/2015\\\/05\\\/BANANA.jpg\",\"articleSection\":[\"Econom\u00eda\"],\"inLanguage\":\"es\"},{\"@type\":\"WebPage\",\"@id\":\"https:\\\/\\\/www.ip.gov.py\\\/ip\\\/2020\\\/01\\\/29\\\/paraguay-y-chile-potencian-su-relacionamiento-comercial-indico-encargado-de-negocios\\\/\",\"url\":\"https:\\\/\\\/www.ip.gov.py\\\/ip\\\/2020\\\/01\\\/29\\\/paraguay-y-chile-potencian-su-relacionamiento-comercial-indico-encargado-de-negocios\\\/\",\"name\":\"Paraguay y Chile potencian su relacionamiento comercial, indic\u00f3 encargado de negocios - .::Agencia IP::.\",\"isPartOf\":{\"@id\":\"https:\\\/\\\/www.ip.gov.py\\\/ip\\\/#website\"},\"primaryImageOfPage\":{\"@id\":\"https:\\\/\\\/www.ip.gov.py\\\/ip\\\/2020\\\/01\\\/29\\\/paraguay-y-chile-potencian-su-relacionamiento-comercial-indico-encargado-de-negocios\\\/#primaryimage\"},\"image\":{\"@id\":\"https:\\\/\\\/www.ip.gov.py\\\/ip\\\/2020\\\/01\\\/29\\\/paraguay-y-chile-potencian-su-relacionamiento-comercial-indico-encargado-de-negocios\\\/#primaryimage\"},\"thumbnailUrl\":\"https:\\\/\\\/www.ip.gov.py\\\/ip\\\/wp-content\\\/uploads\\\/2015\\\/05\\\/BANANA.jpg\",\"datePublished\":\"2020-01-29T19:42:46+00:00\",\"dateModified\":\"2020-01-29T19:49:17+00:00\",\"breadcrumb\":{\"@id\":\"https:\\\/\\\/www.ip.gov.py\\\/ip\\\/2020\\\/01\\\/29\\\/paraguay-y-chile-potencian-su-relacionamiento-comercial-indico-encargado-de-negocios\\\/#breadcrumb\"},\"inLanguage\":\"es\",\"potentialAction\":[{\"@type\":\"ReadAction\",\"target\":[\"https:\\\/\\\/www.ip.gov.py\\\/ip\\\/2020\\\/01\\\/29\\\/paraguay-y-chile-potencian-su-relacionamiento-comercial-indico-encargado-de-negocios\\\/\"]}]},{\"@type\":\"ImageObject\",\"inLanguage\":\"es\",\"@id\":\"https:\\\/\\\/www.ip.gov.py\\\/ip\\\/2020\\\/01\\\/29\\\/paraguay-y-chile-potencian-su-relacionamiento-comercial-indico-encargado-de-negocios\\\/#primaryimage\",\"url\":\"https:\\\/\\\/www.ip.gov.py\\\/ip\\\/wp-content\\\/uploads\\\/2015\\\/05\\\/BANANA.jpg\",\"contentUrl\":\"https:\\\/\\\/www.ip.gov.py\\\/ip\\\/wp-content\\\/uploads\\\/2015\\\/05\\\/BANANA.jpg\",\"width\":1050,\"height\":723,\"caption\":\"Producci\u00f3n de banana en Caaguaz\u00fa. Foto Ilustraci\u00f3n\"},{\"@type\":\"BreadcrumbList\",\"@id\":\"https:\\\/\\\/www.ip.gov.py\\\/ip\\\/2020\\\/01\\\/29\\\/paraguay-y-chile-potencian-su-relacionamiento-comercial-indico-encargado-de-negocios\\\/#breadcrumb\",\"itemListElement\":[{\"@type\":\"ListItem\",\"position\":1,\"name\":\"Portada\",\"item\":\"https:\\\/\\\/www.ip.gov.py\\\/ip\\\/\"},{\"@type\":\"ListItem\",\"position\":2,\"name\":\"Paraguay y Chile potencian su relacionamiento comercial, indic\u00f3 encargado de negocios\"}]},{\"@type\":\"WebSite\",\"@id\":\"https:\\\/\\\/www.ip.gov.py\\\/ip\\\/#website\",\"url\":\"https:\\\/\\\/www.ip.gov.py\\\/ip\\\/\",\"name\":\".::Agencia IP::.\",\"description\":\"\",\"publisher\":{\"@id\":\"https:\\\/\\\/www.ip.gov.py\\\/ip\\\/#organization\"},\"potentialAction\":[{\"@type\":\"SearchAction\",\"target\":{\"@type\":\"EntryPoint\",\"urlTemplate\":\"https:\\\/\\\/www.ip.gov.py\\\/ip\\\/?s={search_term_string}\"},\"query-input\":{\"@type\":\"PropertyValueSpecification\",\"valueRequired\":true,\"valueName\":\"search_term_string\"}}],\"inLanguage\":\"es\"},{\"@type\":\"Organization\",\"@id\":\"https:\\\/\\\/www.ip.gov.py\\\/ip\\\/#organization\",\"name\":\"Agencia IP\",\"url\":\"https:\\\/\\\/www.ip.gov.py\\\/ip\\\/\",\"logo\":{\"@type\":\"ImageObject\",\"inLanguage\":\"es\",\"@id\":\"https:\\\/\\\/www.ip.gov.py\\\/ip\\\/#\\\/schema\\\/logo\\\/image\\\/\",\"url\":\"https:\\\/\\\/www.ip.gov.py\\\/ip\\\/wp-content\\\/uploads\\\/2018\\\/01\\\/Agencia-IP.jpg\",\"contentUrl\":\"https:\\\/\\\/www.ip.gov.py\\\/ip\\\/wp-content\\\/uploads\\\/2018\\\/01\\\/Agencia-IP.jpg\",\"width\":150,\"height\":150,\"caption\":\"Agencia IP\"},\"image\":{\"@id\":\"https:\\\/\\\/www.ip.gov.py\\\/ip\\\/#\\\/schema\\\/logo\\\/image\\\/\"},\"sameAs\":[\"https:\\\/\\\/www.facebook.com\\\/IPParaguay\\\/\",\"https:\\\/\\\/x.com\\\/IPParaguay\",\"https:\\\/\\\/www.instagram.com\\\/IPParaguay\"]},{\"@type\":\"Person\",\"@id\":\"https:\\\/\\\/www.ip.gov.py\\\/ip\\\/#\\\/schema\\\/person\\\/369fedd28420fad35e23b10a9df16fb8\",\"name\":\"Alberto C\",\"sameAs\":[\"https:\\\/\\\/www.ip.gov.py\"],\"url\":\"https:\\\/\\\/www.ip.gov.py\\\/ip\\\/author\\\/acelma\\\/\"}]}<\/script>\n<!-- \/ Yoast SEO plugin. -->","yoast_head_json":{"title":"Paraguay y Chile potencian su relacionamiento comercial, indic\u00f3 encargado de negocios - .::Agencia IP::.","robots":{"index":"index","follow":"follow","max-snippet":"max-snippet:-1","max-image-preview":"max-image-preview:large","max-video-preview":"max-video-preview:-1"},"canonical":"https:\/\/www.ip.gov.py\/ip\/2020\/01\/29\/paraguay-y-chile-potencian-su-relacionamiento-comercial-indico-encargado-de-negocios\/","og_locale":"es_ES","og_type":"article","og_title":"Paraguay y Chile potencian su relacionamiento comercial, indic\u00f3 encargado de negocios - .::Agencia IP::.","og_description":"Asunci\u00f3n, IP.- El encargado de negocios de la embajada de Chile en Paraguay, Carlos Brunel, se refiri\u00f3 a las relaciones comerciales entre ambos pa\u00edses que se encuentran consolidadas y con potencial de crecimiento, como lo demuestra la reciente exportaci\u00f3n de banana al pa\u00eds andino.","og_url":"https:\/\/www.ip.gov.py\/ip\/2020\/01\/29\/paraguay-y-chile-potencian-su-relacionamiento-comercial-indico-encargado-de-negocios\/","og_site_name":".::Agencia IP::.","article_publisher":"https:\/\/www.facebook.com\/IPParaguay\/","article_published_time":"2020-01-29T19:42:46+00:00","article_modified_time":"2020-01-29T19:49:17+00:00","og_image":[{"width":1050,"height":723,"url":"https:\/\/www.ip.gov.py\/ip\/wp-content\/uploads\/2015\/05\/BANANA.jpg","type":"image\/jpeg"}],"author":"Alberto C","twitter_card":"summary_large_image","twitter_creator":"@IPParaguay","twitter_site":"@IPParaguay","twitter_misc":{"Escrito por":"Alberto C","Tiempo de lectura":"1 minuto"},"schema":{"@context":"https:\/\/schema.org","@graph":[{"@type":"Article","@id":"https:\/\/www.ip.gov.py\/ip\/2020\/01\/29\/paraguay-y-chile-potencian-su-relacionamiento-comercial-indico-encargado-de-negocios\/#article","isPartOf":{"@id":"https:\/\/www.ip.gov.py\/ip\/2020\/01\/29\/paraguay-y-chile-potencian-su-relacionamiento-comercial-indico-encargado-de-negocios\/"},"author":{"name":"Alberto C","@id":"https:\/\/www.ip.gov.py\/ip\/#\/schema\/person\/369fedd28420fad35e23b10a9df16fb8"},"headline":"Paraguay y Chile potencian su relacionamiento comercial, indic\u00f3 encargado de negocios","datePublished":"2020-01-29T19:42:46+00:00","dateModified":"2020-01-29T19:49:17+00:00","mainEntityOfPage":{"@id":"https:\/\/www.ip.gov.py\/ip\/2020\/01\/29\/paraguay-y-chile-potencian-su-relacionamiento-comercial-indico-encargado-de-negocios\/"},"wordCount":257,"publisher":{"@id":"https:\/\/www.ip.gov.py\/ip\/#organization"},"image":{"@id":"https:\/\/www.ip.gov.py\/ip\/2020\/01\/29\/paraguay-y-chile-potencian-su-relacionamiento-comercial-indico-encargado-de-negocios\/#primaryimage"},"thumbnailUrl":"https:\/\/www.ip.gov.py\/ip\/wp-content\/uploads\/2015\/05\/BANANA.jpg","articleSection":["Econom\u00eda"],"inLanguage":"es"},{"@type":"WebPage","@id":"https:\/\/www.ip.gov.py\/ip\/2020\/01\/29\/paraguay-y-chile-potencian-su-relacionamiento-comercial-indico-encargado-de-negocios\/","url":"https:\/\/www.ip.gov.py\/ip\/2020\/01\/29\/paraguay-y-chile-potencian-su-relacionamiento-comercial-indico-encargado-de-negocios\/","name":"Paraguay y Chile potencian su relacionamiento comercial, indic\u00f3 encargado de negocios - .::Agencia IP::.","isPartOf":{"@id":"https:\/\/www.ip.gov.py\/ip\/#website"},"primaryImageOfPage":{"@id":"https:\/\/www.ip.gov.py\/ip\/2020\/01\/29\/paraguay-y-chile-potencian-su-relacionamiento-comercial-indico-encargado-de-negocios\/#primaryimage"},"image":{"@id":"https:\/\/www.ip.gov.py\/ip\/2020\/01\/29\/paraguay-y-chile-potencian-su-relacionamiento-comercial-indico-encargado-de-negocios\/#primaryimage"},"thumbnailUrl":"https:\/\/www.ip.gov.py\/ip\/wp-content\/uploads\/2015\/05\/BANANA.jpg","datePublished":"2020-01-29T19:42:46+00:00","dateModified":"2020-01-29T19:49:17+00:00","breadcrumb":{"@id":"https:\/\/www.ip.gov.py\/ip\/2020\/01\/29\/paraguay-y-chile-potencian-su-relacionamiento-comercial-indico-encargado-de-negocios\/#breadcrumb"},"inLanguage":"es","potentialAction":[{"@type":"ReadAction","target":["https:\/\/www.ip.gov.py\/ip\/2020\/01\/29\/paraguay-y-chile-potencian-su-relacionamiento-comercial-indico-encargado-de-negocios\/"]}]},{"@type":"ImageObject","inLanguage":"es","@id":"https:\/\/www.ip.gov.py\/ip\/2020\/01\/29\/paraguay-y-chile-potencian-su-relacionamiento-comercial-indico-encargado-de-negocios\/#primaryimage","url":"https:\/\/www.ip.gov.py\/ip\/wp-content\/uploads\/2015\/05\/BANANA.jpg","contentUrl":"https:\/\/www.ip.gov.py\/ip\/wp-content\/uploads\/2015\/05\/BANANA.jpg","width":1050,"height":723,"caption":"Producci\u00f3n de banana en Caaguaz\u00fa. Foto Ilustraci\u00f3n"},{"@type":"BreadcrumbList","@id":"https:\/\/www.ip.gov.py\/ip\/2020\/01\/29\/paraguay-y-chile-potencian-su-relacionamiento-comercial-indico-encargado-de-negocios\/#breadcrumb","itemListElement":[{"@type":"ListItem","position":1,"name":"Portada","item":"https:\/\/www.ip.gov.py\/ip\/"},{"@type":"ListItem","position":2,"name":"Paraguay y Chile potencian su relacionamiento comercial, indic\u00f3 encargado de negocios"}]},{"@type":"WebSite","@id":"https:\/\/www.ip.gov.py\/ip\/#website","url":"https:\/\/www.ip.gov.py\/ip\/","name":".::Agencia IP::.","description":"","publisher":{"@id":"https:\/\/www.ip.gov.py\/ip\/#organization"},"potentialAction":[{"@type":"SearchAction","target":{"@type":"EntryPoint","urlTemplate":"https:\/\/www.ip.gov.py\/ip\/?s={search_term_string}"},"query-input":{"@type":"PropertyValueSpecification","valueRequired":true,"valueName":"search_term_string"}}],"inLanguage":"es"},{"@type":"Organization","@id":"https:\/\/www.ip.gov.py\/ip\/#organization","name":"Agencia IP","url":"https:\/\/www.ip.gov.py\/ip\/","logo":{"@type":"ImageObject","inLanguage":"es","@id":"https:\/\/www.ip.gov.py\/ip\/#\/schema\/logo\/image\/","url":"https:\/\/www.ip.gov.py\/ip\/wp-content\/uploads\/2018\/01\/Agencia-IP.jpg","contentUrl":"https:\/\/www.ip.gov.py\/ip\/wp-content\/uploads\/2018\/01\/Agencia-IP.jpg","width":150,"height":150,"caption":"Agencia IP"},"image":{"@id":"https:\/\/www.ip.gov.py\/ip\/#\/schema\/logo\/image\/"},"sameAs":["https:\/\/www.facebook.com\/IPParaguay\/","https:\/\/x.com\/IPParaguay","https:\/\/www.instagram.com\/IPParaguay"]},{"@type":"Person","@id":"https:\/\/www.ip.gov.py\/ip\/#\/schema\/person\/369fedd28420fad35e23b10a9df16fb8","name":"Alberto C","sameAs":["https:\/\/www.ip.gov.py"],"url":"https:\/\/www.ip.gov.py\/ip\/author\/acelma\/"}]}},"_links":{"self":[{"href":"https:\/\/www.ip.gov.py\/ip\/wp-json\/wp\/v2\/posts\/300655","targetHints":{"allow":["GET"]}}],"collection":[{"href":"https:\/\/www.ip.gov.py\/ip\/wp-json\/wp\/v2\/posts"}],"about":[{"href":"https:\/\/www.ip.gov.py\/ip\/wp-json\/wp\/v2\/types\/post"}],"author":[{"embeddable":true,"href":"https:\/\/www.ip.gov.py\/ip\/wp-json\/wp\/v2\/users\/22"}],"replies":[{"embeddable":true,"href":"https:\/\/www.ip.gov.py\/ip\/wp-json\/wp\/v2\/comments?post=300655"}],"version-history":[{"count":0,"href":"https:\/\/www.ip.gov.py\/ip\/wp-json\/wp\/v2\/posts\/300655\/revisions"}],"wp:featuredmedia":[{"embeddable":true,"href":"https:\/\/www.ip.gov.py\/ip\/wp-json\/wp\/v2\/media\/22635"}],"wp:attachment":[{"href":"https:\/\/www.ip.gov.py\/ip\/wp-json\/wp\/v2\/media?parent=300655"}],"wp:term":[{"taxonomy":"category","embeddable":true,"href":"https:\/\/www.ip.gov.py\/ip\/wp-json\/wp\/v2\/categories?post=300655"},{"taxonomy":"post_tag","embeddable":true,"href":"https:\/\/www.ip.gov.py\/ip\/wp-json\/wp\/v2\/tags?post=300655"}],"curies":[{"name":"wp","href":"https:\/\/api.w.org\/{rel}","templated":true}]}}