{"id":303158,"date":"2020-02-16T14:31:20","date_gmt":"2020-02-16T17:31:20","guid":{"rendered":"https:\/\/www.ip.gov.py\/ip\/?p=303158"},"modified":"2020-02-16T14:31:20","modified_gmt":"2020-02-16T17:31:20","slug":"se-ponen-en-marcha-desvios-sobre-primer-presidente-por-obras-del-corredor-botanico","status":"publish","type":"post","link":"https:\/\/www.ip.gov.py\/ip\/2020\/02\/16\/se-ponen-en-marcha-desvios-sobre-primer-presidente-por-obras-del-corredor-botanico\/","title":{"rendered":"Se ponen en marcha desv\u00edos sobre Primer Presidente por obras del Corredor Bot\u00e1nico"},"content":{"rendered":"<p style=\"text-align: justify;\"><strong><em>Asunci\u00f3n, IP.- <\/em><\/strong>A partir de este lunes 17 se iniciar\u00e1n obras sobre la Avda. Primer Presidente (en su carril de salida de Asunci\u00f3n), por lo que se ponen a disposici\u00f3n caminos alternativos.<!--more--><\/p>\n<p style=\"text-align: justify;\">Las obras afectar\u00e1n el carril de salida de Asunci\u00f3n, desde Artigas hasta Sacramento. Por su parte, el tr\u00e1nsito de ingreso a Asunci\u00f3n por Primer Presidente y su intersecci\u00f3n con Artigas no se ver\u00e1 afectado en esta etapa.<\/p>\n<p style=\"text-align: justify;\">La salida de Asunci\u00f3n puede realizarse de forma normal por Sacramento y Primer Presidente o Sacramento e Itap\u00faa para dirigirse hacia la ruta Transchaco.<\/p>\n<p style=\"text-align: justify;\">Las personas que circulen por la Avda. Artigas hasta su final en la Avda. Primer Presidente deber\u00e1n tomar algunos de los desv\u00edos sugeridos:<\/p>\n<p style=\"text-align: justify;\">-girar en la calle Juana Pabla Carrillo, a una cuadra de Primer Presidente, donde podr\u00e1n ir tres cuadras hasta Sacramento para volver a salir a la Avda. y dirigirse hacia la Transchaco.<\/p>\n<p style=\"text-align: justify;\">-la salida por Artigas tiene una variante en la esquina de General Roa (una cuadra despu\u00e9s de Sant\u00edsima Trinidad). All\u00ed el automovilista puede girar a la derecha y avanzar una cuadra hasta Teodoro Rojas, donde debe dar giro a la izquierda y avanzar tres cuadras hasta Juana Pabla Carrillo.<\/p>\n<p style=\"text-align: justify;\">-quienes se dirigen hacia Zeballos Cu\u00e9 deber\u00e1n doblar una cuadra antes de Primer Presidente (sobre Juana Pablo Carrillo) y continuar dos cuadras, doblar a la derecha y llegar hasta Fiebrig.<\/p>\n","protected":false},"excerpt":{"rendered":"<p>Asunci\u00f3n, IP.- A partir de este lunes 17 se iniciar\u00e1n obras sobre la Avda. Primer Presidente (en su carril de salida de Asunci\u00f3n), por lo que se ponen a disposici\u00f3n caminos alternativos.<\/p>\n","protected":false},"author":22,"featured_media":303159,"comment_status":"closed","ping_status":"closed","sticky":false,"template":"","format":"standard","meta":{"_monsterinsights_skip_tracking":false,"_monsterinsights_sitenote_active":false,"_monsterinsights_sitenote_note":"","_monsterinsights_sitenote_category":0,"footnotes":""},"categories":[4],"tags":[],"class_list":{"0":"post-303158","1":"post","2":"type-post","3":"status-publish","4":"format-standard","5":"has-post-thumbnail","7":"category-nacionales"},"yoast_head":"<!-- This site is optimized with the Yoast SEO plugin v27.5 - https:\/\/yoast.com\/product\/yoast-seo-wordpress\/ -->\n<title>Se ponen en marcha desv\u00edos sobre Primer Presidente por obras del Corredor Bot\u00e1nico - .::Agencia IP::.<\/title>\n<meta name=\"robots\" content=\"index, follow, max-snippet:-1, max-image-preview:large, max-video-preview:-1\" \/>\n<link rel=\"canonical\" href=\"https:\/\/www.ip.gov.py\/ip\/2020\/02\/16\/se-ponen-en-marcha-desvios-sobre-primer-presidente-por-obras-del-corredor-botanico\/\" \/>\n<meta property=\"og:locale\" content=\"es_ES\" \/>\n<meta property=\"og:type\" content=\"article\" \/>\n<meta property=\"og:title\" content=\"Se ponen en marcha desv\u00edos sobre Primer Presidente por obras del Corredor Bot\u00e1nico - .::Agencia IP::.\" \/>\n<meta property=\"og:description\" content=\"Asunci\u00f3n, IP.- A partir de este lunes 17 se iniciar\u00e1n obras sobre la Avda. Primer Presidente (en su carril de salida de Asunci\u00f3n), por lo que se ponen a disposici\u00f3n caminos alternativos.\" \/>\n<meta property=\"og:url\" content=\"https:\/\/www.ip.gov.py\/ip\/2020\/02\/16\/se-ponen-en-marcha-desvios-sobre-primer-presidente-por-obras-del-corredor-botanico\/\" \/>\n<meta property=\"og:site_name\" content=\".::Agencia IP::.\" \/>\n<meta property=\"article:publisher\" content=\"https:\/\/www.facebook.com\/IPParaguay\/\" \/>\n<meta property=\"article:published_time\" content=\"2020-02-16T17:31:20+00:00\" \/>\n<meta property=\"og:image\" content=\"https:\/\/www.ip.gov.py\/ip\/wp-content\/uploads\/2020\/02\/desvios-botanico-mopc.jpg\" \/>\n\t<meta property=\"og:image:width\" content=\"1280\" \/>\n\t<meta property=\"og:image:height\" content=\"862\" \/>\n\t<meta property=\"og:image:type\" content=\"image\/jpeg\" \/>\n<meta name=\"author\" content=\"Alberto C\" \/>\n<meta name=\"twitter:card\" content=\"summary_large_image\" \/>\n<meta name=\"twitter:creator\" content=\"@IPParaguay\" \/>\n<meta name=\"twitter:site\" content=\"@IPParaguay\" \/>\n<meta name=\"twitter:label1\" content=\"Escrito por\" \/>\n\t<meta name=\"twitter:data1\" content=\"Alberto C\" \/>\n\t<meta name=\"twitter:label2\" content=\"Tiempo de lectura\" \/>\n\t<meta name=\"twitter:data2\" content=\"1 minuto\" \/>\n<script type=\"application\/ld+json\" class=\"yoast-schema-graph\">{\"@context\":\"https:\\\/\\\/schema.org\",\"@graph\":[{\"@type\":\"Article\",\"@id\":\"https:\\\/\\\/www.ip.gov.py\\\/ip\\\/2020\\\/02\\\/16\\\/se-ponen-en-marcha-desvios-sobre-primer-presidente-por-obras-del-corredor-botanico\\\/#article\",\"isPartOf\":{\"@id\":\"https:\\\/\\\/www.ip.gov.py\\\/ip\\\/2020\\\/02\\\/16\\\/se-ponen-en-marcha-desvios-sobre-primer-presidente-por-obras-del-corredor-botanico\\\/\"},\"author\":{\"name\":\"Alberto C\",\"@id\":\"https:\\\/\\\/www.ip.gov.py\\\/ip\\\/#\\\/schema\\\/person\\\/369fedd28420fad35e23b10a9df16fb8\"},\"headline\":\"Se ponen en marcha desv\u00edos sobre Primer Presidente por obras del Corredor Bot\u00e1nico\",\"datePublished\":\"2020-02-16T17:31:20+00:00\",\"mainEntityOfPage\":{\"@id\":\"https:\\\/\\\/www.ip.gov.py\\\/ip\\\/2020\\\/02\\\/16\\\/se-ponen-en-marcha-desvios-sobre-primer-presidente-por-obras-del-corredor-botanico\\\/\"},\"wordCount\":259,\"publisher\":{\"@id\":\"https:\\\/\\\/www.ip.gov.py\\\/ip\\\/#organization\"},\"image\":{\"@id\":\"https:\\\/\\\/www.ip.gov.py\\\/ip\\\/2020\\\/02\\\/16\\\/se-ponen-en-marcha-desvios-sobre-primer-presidente-por-obras-del-corredor-botanico\\\/#primaryimage\"},\"thumbnailUrl\":\"https:\\\/\\\/www.ip.gov.py\\\/ip\\\/wp-content\\\/uploads\\\/2020\\\/02\\\/desvios-botanico-mopc.jpg\",\"articleSection\":[\"Nacionales\"],\"inLanguage\":\"es\"},{\"@type\":\"WebPage\",\"@id\":\"https:\\\/\\\/www.ip.gov.py\\\/ip\\\/2020\\\/02\\\/16\\\/se-ponen-en-marcha-desvios-sobre-primer-presidente-por-obras-del-corredor-botanico\\\/\",\"url\":\"https:\\\/\\\/www.ip.gov.py\\\/ip\\\/2020\\\/02\\\/16\\\/se-ponen-en-marcha-desvios-sobre-primer-presidente-por-obras-del-corredor-botanico\\\/\",\"name\":\"Se ponen en marcha desv\u00edos sobre Primer Presidente por obras del Corredor Bot\u00e1nico - .::Agencia IP::.\",\"isPartOf\":{\"@id\":\"https:\\\/\\\/www.ip.gov.py\\\/ip\\\/#website\"},\"primaryImageOfPage\":{\"@id\":\"https:\\\/\\\/www.ip.gov.py\\\/ip\\\/2020\\\/02\\\/16\\\/se-ponen-en-marcha-desvios-sobre-primer-presidente-por-obras-del-corredor-botanico\\\/#primaryimage\"},\"image\":{\"@id\":\"https:\\\/\\\/www.ip.gov.py\\\/ip\\\/2020\\\/02\\\/16\\\/se-ponen-en-marcha-desvios-sobre-primer-presidente-por-obras-del-corredor-botanico\\\/#primaryimage\"},\"thumbnailUrl\":\"https:\\\/\\\/www.ip.gov.py\\\/ip\\\/wp-content\\\/uploads\\\/2020\\\/02\\\/desvios-botanico-mopc.jpg\",\"datePublished\":\"2020-02-16T17:31:20+00:00\",\"breadcrumb\":{\"@id\":\"https:\\\/\\\/www.ip.gov.py\\\/ip\\\/2020\\\/02\\\/16\\\/se-ponen-en-marcha-desvios-sobre-primer-presidente-por-obras-del-corredor-botanico\\\/#breadcrumb\"},\"inLanguage\":\"es\",\"potentialAction\":[{\"@type\":\"ReadAction\",\"target\":[\"https:\\\/\\\/www.ip.gov.py\\\/ip\\\/2020\\\/02\\\/16\\\/se-ponen-en-marcha-desvios-sobre-primer-presidente-por-obras-del-corredor-botanico\\\/\"]}]},{\"@type\":\"ImageObject\",\"inLanguage\":\"es\",\"@id\":\"https:\\\/\\\/www.ip.gov.py\\\/ip\\\/2020\\\/02\\\/16\\\/se-ponen-en-marcha-desvios-sobre-primer-presidente-por-obras-del-corredor-botanico\\\/#primaryimage\",\"url\":\"https:\\\/\\\/www.ip.gov.py\\\/ip\\\/wp-content\\\/uploads\\\/2020\\\/02\\\/desvios-botanico-mopc.jpg\",\"contentUrl\":\"https:\\\/\\\/www.ip.gov.py\\\/ip\\\/wp-content\\\/uploads\\\/2020\\\/02\\\/desvios-botanico-mopc.jpg\",\"width\":1280,\"height\":862},{\"@type\":\"BreadcrumbList\",\"@id\":\"https:\\\/\\\/www.ip.gov.py\\\/ip\\\/2020\\\/02\\\/16\\\/se-ponen-en-marcha-desvios-sobre-primer-presidente-por-obras-del-corredor-botanico\\\/#breadcrumb\",\"itemListElement\":[{\"@type\":\"ListItem\",\"position\":1,\"name\":\"Portada\",\"item\":\"https:\\\/\\\/www.ip.gov.py\\\/ip\\\/\"},{\"@type\":\"ListItem\",\"position\":2,\"name\":\"Se ponen en marcha desv\u00edos sobre Primer Presidente por obras del Corredor Bot\u00e1nico\"}]},{\"@type\":\"WebSite\",\"@id\":\"https:\\\/\\\/www.ip.gov.py\\\/ip\\\/#website\",\"url\":\"https:\\\/\\\/www.ip.gov.py\\\/ip\\\/\",\"name\":\".::Agencia IP::.\",\"description\":\"\",\"publisher\":{\"@id\":\"https:\\\/\\\/www.ip.gov.py\\\/ip\\\/#organization\"},\"potentialAction\":[{\"@type\":\"SearchAction\",\"target\":{\"@type\":\"EntryPoint\",\"urlTemplate\":\"https:\\\/\\\/www.ip.gov.py\\\/ip\\\/?s={search_term_string}\"},\"query-input\":{\"@type\":\"PropertyValueSpecification\",\"valueRequired\":true,\"valueName\":\"search_term_string\"}}],\"inLanguage\":\"es\"},{\"@type\":\"Organization\",\"@id\":\"https:\\\/\\\/www.ip.gov.py\\\/ip\\\/#organization\",\"name\":\"Agencia IP\",\"url\":\"https:\\\/\\\/www.ip.gov.py\\\/ip\\\/\",\"logo\":{\"@type\":\"ImageObject\",\"inLanguage\":\"es\",\"@id\":\"https:\\\/\\\/www.ip.gov.py\\\/ip\\\/#\\\/schema\\\/logo\\\/image\\\/\",\"url\":\"https:\\\/\\\/www.ip.gov.py\\\/ip\\\/wp-content\\\/uploads\\\/2018\\\/01\\\/Agencia-IP.jpg\",\"contentUrl\":\"https:\\\/\\\/www.ip.gov.py\\\/ip\\\/wp-content\\\/uploads\\\/2018\\\/01\\\/Agencia-IP.jpg\",\"width\":150,\"height\":150,\"caption\":\"Agencia IP\"},\"image\":{\"@id\":\"https:\\\/\\\/www.ip.gov.py\\\/ip\\\/#\\\/schema\\\/logo\\\/image\\\/\"},\"sameAs\":[\"https:\\\/\\\/www.facebook.com\\\/IPParaguay\\\/\",\"https:\\\/\\\/x.com\\\/IPParaguay\",\"https:\\\/\\\/www.instagram.com\\\/IPParaguay\"]},{\"@type\":\"Person\",\"@id\":\"https:\\\/\\\/www.ip.gov.py\\\/ip\\\/#\\\/schema\\\/person\\\/369fedd28420fad35e23b10a9df16fb8\",\"name\":\"Alberto C\",\"sameAs\":[\"https:\\\/\\\/www.ip.gov.py\"],\"url\":\"https:\\\/\\\/www.ip.gov.py\\\/ip\\\/author\\\/acelma\\\/\"}]}<\/script>\n<!-- \/ Yoast SEO plugin. -->","yoast_head_json":{"title":"Se ponen en marcha desv\u00edos sobre Primer Presidente por obras del Corredor Bot\u00e1nico - .::Agencia IP::.","robots":{"index":"index","follow":"follow","max-snippet":"max-snippet:-1","max-image-preview":"max-image-preview:large","max-video-preview":"max-video-preview:-1"},"canonical":"https:\/\/www.ip.gov.py\/ip\/2020\/02\/16\/se-ponen-en-marcha-desvios-sobre-primer-presidente-por-obras-del-corredor-botanico\/","og_locale":"es_ES","og_type":"article","og_title":"Se ponen en marcha desv\u00edos sobre Primer Presidente por obras del Corredor Bot\u00e1nico - .::Agencia IP::.","og_description":"Asunci\u00f3n, IP.- A partir de este lunes 17 se iniciar\u00e1n obras sobre la Avda. Primer Presidente (en su carril de salida de Asunci\u00f3n), por lo que se ponen a disposici\u00f3n caminos alternativos.","og_url":"https:\/\/www.ip.gov.py\/ip\/2020\/02\/16\/se-ponen-en-marcha-desvios-sobre-primer-presidente-por-obras-del-corredor-botanico\/","og_site_name":".::Agencia IP::.","article_publisher":"https:\/\/www.facebook.com\/IPParaguay\/","article_published_time":"2020-02-16T17:31:20+00:00","og_image":[{"width":1280,"height":862,"url":"https:\/\/www.ip.gov.py\/ip\/wp-content\/uploads\/2020\/02\/desvios-botanico-mopc.jpg","type":"image\/jpeg"}],"author":"Alberto C","twitter_card":"summary_large_image","twitter_creator":"@IPParaguay","twitter_site":"@IPParaguay","twitter_misc":{"Escrito por":"Alberto C","Tiempo de lectura":"1 minuto"},"schema":{"@context":"https:\/\/schema.org","@graph":[{"@type":"Article","@id":"https:\/\/www.ip.gov.py\/ip\/2020\/02\/16\/se-ponen-en-marcha-desvios-sobre-primer-presidente-por-obras-del-corredor-botanico\/#article","isPartOf":{"@id":"https:\/\/www.ip.gov.py\/ip\/2020\/02\/16\/se-ponen-en-marcha-desvios-sobre-primer-presidente-por-obras-del-corredor-botanico\/"},"author":{"name":"Alberto C","@id":"https:\/\/www.ip.gov.py\/ip\/#\/schema\/person\/369fedd28420fad35e23b10a9df16fb8"},"headline":"Se ponen en marcha desv\u00edos sobre Primer Presidente por obras del Corredor Bot\u00e1nico","datePublished":"2020-02-16T17:31:20+00:00","mainEntityOfPage":{"@id":"https:\/\/www.ip.gov.py\/ip\/2020\/02\/16\/se-ponen-en-marcha-desvios-sobre-primer-presidente-por-obras-del-corredor-botanico\/"},"wordCount":259,"publisher":{"@id":"https:\/\/www.ip.gov.py\/ip\/#organization"},"image":{"@id":"https:\/\/www.ip.gov.py\/ip\/2020\/02\/16\/se-ponen-en-marcha-desvios-sobre-primer-presidente-por-obras-del-corredor-botanico\/#primaryimage"},"thumbnailUrl":"https:\/\/www.ip.gov.py\/ip\/wp-content\/uploads\/2020\/02\/desvios-botanico-mopc.jpg","articleSection":["Nacionales"],"inLanguage":"es"},{"@type":"WebPage","@id":"https:\/\/www.ip.gov.py\/ip\/2020\/02\/16\/se-ponen-en-marcha-desvios-sobre-primer-presidente-por-obras-del-corredor-botanico\/","url":"https:\/\/www.ip.gov.py\/ip\/2020\/02\/16\/se-ponen-en-marcha-desvios-sobre-primer-presidente-por-obras-del-corredor-botanico\/","name":"Se ponen en marcha desv\u00edos sobre Primer Presidente por obras del Corredor Bot\u00e1nico - .::Agencia IP::.","isPartOf":{"@id":"https:\/\/www.ip.gov.py\/ip\/#website"},"primaryImageOfPage":{"@id":"https:\/\/www.ip.gov.py\/ip\/2020\/02\/16\/se-ponen-en-marcha-desvios-sobre-primer-presidente-por-obras-del-corredor-botanico\/#primaryimage"},"image":{"@id":"https:\/\/www.ip.gov.py\/ip\/2020\/02\/16\/se-ponen-en-marcha-desvios-sobre-primer-presidente-por-obras-del-corredor-botanico\/#primaryimage"},"thumbnailUrl":"https:\/\/www.ip.gov.py\/ip\/wp-content\/uploads\/2020\/02\/desvios-botanico-mopc.jpg","datePublished":"2020-02-16T17:31:20+00:00","breadcrumb":{"@id":"https:\/\/www.ip.gov.py\/ip\/2020\/02\/16\/se-ponen-en-marcha-desvios-sobre-primer-presidente-por-obras-del-corredor-botanico\/#breadcrumb"},"inLanguage":"es","potentialAction":[{"@type":"ReadAction","target":["https:\/\/www.ip.gov.py\/ip\/2020\/02\/16\/se-ponen-en-marcha-desvios-sobre-primer-presidente-por-obras-del-corredor-botanico\/"]}]},{"@type":"ImageObject","inLanguage":"es","@id":"https:\/\/www.ip.gov.py\/ip\/2020\/02\/16\/se-ponen-en-marcha-desvios-sobre-primer-presidente-por-obras-del-corredor-botanico\/#primaryimage","url":"https:\/\/www.ip.gov.py\/ip\/wp-content\/uploads\/2020\/02\/desvios-botanico-mopc.jpg","contentUrl":"https:\/\/www.ip.gov.py\/ip\/wp-content\/uploads\/2020\/02\/desvios-botanico-mopc.jpg","width":1280,"height":862},{"@type":"BreadcrumbList","@id":"https:\/\/www.ip.gov.py\/ip\/2020\/02\/16\/se-ponen-en-marcha-desvios-sobre-primer-presidente-por-obras-del-corredor-botanico\/#breadcrumb","itemListElement":[{"@type":"ListItem","position":1,"name":"Portada","item":"https:\/\/www.ip.gov.py\/ip\/"},{"@type":"ListItem","position":2,"name":"Se ponen en marcha desv\u00edos sobre Primer Presidente por obras del Corredor Bot\u00e1nico"}]},{"@type":"WebSite","@id":"https:\/\/www.ip.gov.py\/ip\/#website","url":"https:\/\/www.ip.gov.py\/ip\/","name":".::Agencia IP::.","description":"","publisher":{"@id":"https:\/\/www.ip.gov.py\/ip\/#organization"},"potentialAction":[{"@type":"SearchAction","target":{"@type":"EntryPoint","urlTemplate":"https:\/\/www.ip.gov.py\/ip\/?s={search_term_string}"},"query-input":{"@type":"PropertyValueSpecification","valueRequired":true,"valueName":"search_term_string"}}],"inLanguage":"es"},{"@type":"Organization","@id":"https:\/\/www.ip.gov.py\/ip\/#organization","name":"Agencia IP","url":"https:\/\/www.ip.gov.py\/ip\/","logo":{"@type":"ImageObject","inLanguage":"es","@id":"https:\/\/www.ip.gov.py\/ip\/#\/schema\/logo\/image\/","url":"https:\/\/www.ip.gov.py\/ip\/wp-content\/uploads\/2018\/01\/Agencia-IP.jpg","contentUrl":"https:\/\/www.ip.gov.py\/ip\/wp-content\/uploads\/2018\/01\/Agencia-IP.jpg","width":150,"height":150,"caption":"Agencia IP"},"image":{"@id":"https:\/\/www.ip.gov.py\/ip\/#\/schema\/logo\/image\/"},"sameAs":["https:\/\/www.facebook.com\/IPParaguay\/","https:\/\/x.com\/IPParaguay","https:\/\/www.instagram.com\/IPParaguay"]},{"@type":"Person","@id":"https:\/\/www.ip.gov.py\/ip\/#\/schema\/person\/369fedd28420fad35e23b10a9df16fb8","name":"Alberto C","sameAs":["https:\/\/www.ip.gov.py"],"url":"https:\/\/www.ip.gov.py\/ip\/author\/acelma\/"}]}},"_links":{"self":[{"href":"https:\/\/www.ip.gov.py\/ip\/wp-json\/wp\/v2\/posts\/303158","targetHints":{"allow":["GET"]}}],"collection":[{"href":"https:\/\/www.ip.gov.py\/ip\/wp-json\/wp\/v2\/posts"}],"about":[{"href":"https:\/\/www.ip.gov.py\/ip\/wp-json\/wp\/v2\/types\/post"}],"author":[{"embeddable":true,"href":"https:\/\/www.ip.gov.py\/ip\/wp-json\/wp\/v2\/users\/22"}],"replies":[{"embeddable":true,"href":"https:\/\/www.ip.gov.py\/ip\/wp-json\/wp\/v2\/comments?post=303158"}],"version-history":[{"count":0,"href":"https:\/\/www.ip.gov.py\/ip\/wp-json\/wp\/v2\/posts\/303158\/revisions"}],"wp:featuredmedia":[{"embeddable":true,"href":"https:\/\/www.ip.gov.py\/ip\/wp-json\/wp\/v2\/media\/303159"}],"wp:attachment":[{"href":"https:\/\/www.ip.gov.py\/ip\/wp-json\/wp\/v2\/media?parent=303158"}],"wp:term":[{"taxonomy":"category","embeddable":true,"href":"https:\/\/www.ip.gov.py\/ip\/wp-json\/wp\/v2\/categories?post=303158"},{"taxonomy":"post_tag","embeddable":true,"href":"https:\/\/www.ip.gov.py\/ip\/wp-json\/wp\/v2\/tags?post=303158"}],"curies":[{"name":"wp","href":"https:\/\/api.w.org\/{rel}","templated":true}]}}