{"id":305386,"date":"2020-03-02T07:50:18","date_gmt":"2020-03-02T10:50:18","guid":{"rendered":"https:\/\/www.ip.gov.py\/ip\/?p=305386"},"modified":"2020-03-02T07:52:35","modified_gmt":"2020-03-02T10:52:35","slug":"paraguay-condeno-el-ataque-contra-juan-guaido","status":"publish","type":"post","link":"https:\/\/www.ip.gov.py\/ip\/2020\/03\/02\/paraguay-condeno-el-ataque-contra-juan-guaido\/","title":{"rendered":"Paraguay conden\u00f3 el ataque contra Juan Guaid\u00f3"},"content":{"rendered":"<p style=\"text-align: justify;\"><em><strong>Asunci\u00f3n, IP.-<\/strong><\/em> El Ministerio de Relaciones Exteriores conden\u00f3 los actos violentos cometidos\u00a0 por fuerzas allegadas al r\u00e9gimen de Nicol\u00e1s Maduro contra una marcha encabezada por el presidente interino de Venezuela, Juan Guaid\u00f3, celebrada en Barquisimeto, en el estado de Lara. \u00a0<!--more--><\/p>\n<p style=\"text-align: justify;\">\u201cLa violaci\u00f3n de los derechos humanos en Venezuela debe\u00a0 cesar ya. Es imperativo celebrar elecciones presidenciales cre\u00edbles, transparentes y con amplia participaci\u00f3n y observaci\u00f3n imparcial, a la brevedad\u201d, se\u00f1al\u00f3 el Ministerio de Relaciones Exteriores a trav\u00e9s de su cuenta oficial en Twitter.<\/p>\n<p style=\"text-align: justify;\">Asimismo, Paraguay inst\u00f3 una vez m\u00e1s a la comunidad internacional a unir fuerzas en pro de este objetivo.<\/p>\n<p style=\"text-align: justify;\">Igualmente los pa\u00edses miembros del Grupo de Lima, condenaron los actos de violencia cometidos por grupos paramilitares del Gobierno de Nicol\u00e1s Maduro, contra Guaid\u00f3.<\/p>\n<p style=\"text-align: justify;\">El Grupo integrado por los gobiernos de Bolivia, Brasil, Canad\u00e1, Chile, Colombia, Costa Rica, Guatemala, Honduras, Panam\u00e1, Paraguay, Per\u00fa y Venezuela, representada por delegados de Guaid\u00f3, reafirm\u00f3 una vez m\u00e1s que el mecanismo para resolver la crisis que atraviesa Venezuela es una elecci\u00f3n presidencial libre y justa.<\/p>\n","protected":false},"excerpt":{"rendered":"<p>Asunci\u00f3n, IP.- El Ministerio de Relaciones Exteriores conden\u00f3 los actos violentos cometidos\u00a0 por fuerzas allegadas al r\u00e9gimen de Nicol\u00e1s Maduro contra una marcha encabezada por el presidente interino de Venezuela, Juan Guaid\u00f3, celebrada en Barquisimeto, en el estado de Lara. \u00a0<\/p>\n","protected":false},"author":7,"featured_media":257176,"comment_status":"closed","ping_status":"closed","sticky":false,"template":"","format":"standard","meta":{"_monsterinsights_skip_tracking":false,"_monsterinsights_sitenote_active":false,"_monsterinsights_sitenote_note":"","_monsterinsights_sitenote_category":0,"footnotes":""},"categories":[6],"tags":[],"class_list":{"0":"post-305386","1":"post","2":"type-post","3":"status-publish","4":"format-standard","5":"has-post-thumbnail","7":"category-politica"},"yoast_head":"<!-- This site is optimized with the Yoast SEO plugin v27.4 - https:\/\/yoast.com\/product\/yoast-seo-wordpress\/ -->\n<title>Paraguay conden\u00f3 el ataque contra Juan Guaid\u00f3 - .::Agencia IP::.<\/title>\n<meta name=\"robots\" content=\"index, follow, max-snippet:-1, max-image-preview:large, max-video-preview:-1\" \/>\n<link rel=\"canonical\" href=\"https:\/\/www.ip.gov.py\/ip\/2020\/03\/02\/paraguay-condeno-el-ataque-contra-juan-guaido\/\" \/>\n<meta property=\"og:locale\" content=\"es_ES\" \/>\n<meta property=\"og:type\" content=\"article\" \/>\n<meta property=\"og:title\" content=\"Paraguay conden\u00f3 el ataque contra Juan Guaid\u00f3 - .::Agencia IP::.\" \/>\n<meta property=\"og:description\" content=\"Asunci\u00f3n, IP.- El Ministerio de Relaciones Exteriores conden\u00f3 los actos violentos cometidos\u00a0 por fuerzas allegadas al r\u00e9gimen de Nicol\u00e1s Maduro contra una marcha encabezada por el presidente interino de Venezuela, Juan Guaid\u00f3, celebrada en Barquisimeto, en el estado de Lara. \u00a0\" \/>\n<meta property=\"og:url\" content=\"https:\/\/www.ip.gov.py\/ip\/2020\/03\/02\/paraguay-condeno-el-ataque-contra-juan-guaido\/\" \/>\n<meta property=\"og:site_name\" content=\".::Agencia IP::.\" \/>\n<meta property=\"article:publisher\" content=\"https:\/\/www.facebook.com\/IPParaguay\/\" \/>\n<meta property=\"article:published_time\" content=\"2020-03-02T10:50:18+00:00\" \/>\n<meta property=\"article:modified_time\" content=\"2020-03-02T10:52:35+00:00\" \/>\n<meta property=\"og:image\" content=\"https:\/\/www.ip.gov.py\/ip\/wp-content\/uploads\/2019\/01\/Juan-Guaido-Venezuela.jpg\" \/>\n\t<meta property=\"og:image:width\" content=\"800\" \/>\n\t<meta property=\"og:image:height\" content=\"533\" \/>\n\t<meta property=\"og:image:type\" content=\"image\/jpeg\" \/>\n<meta name=\"author\" content=\"Karina L\u00f3pez\" \/>\n<meta name=\"twitter:card\" content=\"summary_large_image\" \/>\n<meta name=\"twitter:creator\" content=\"@IPParaguay\" \/>\n<meta name=\"twitter:site\" content=\"@IPParaguay\" \/>\n<meta name=\"twitter:label1\" content=\"Escrito por\" \/>\n\t<meta name=\"twitter:data1\" content=\"Karina L\u00f3pez\" \/>\n\t<meta name=\"twitter:label2\" content=\"Tiempo de lectura\" \/>\n\t<meta name=\"twitter:data2\" content=\"1 minuto\" \/>\n<script type=\"application\/ld+json\" class=\"yoast-schema-graph\">{\"@context\":\"https:\\\/\\\/schema.org\",\"@graph\":[{\"@type\":\"Article\",\"@id\":\"https:\\\/\\\/www.ip.gov.py\\\/ip\\\/2020\\\/03\\\/02\\\/paraguay-condeno-el-ataque-contra-juan-guaido\\\/#article\",\"isPartOf\":{\"@id\":\"https:\\\/\\\/www.ip.gov.py\\\/ip\\\/2020\\\/03\\\/02\\\/paraguay-condeno-el-ataque-contra-juan-guaido\\\/\"},\"author\":{\"name\":\"Karina L\u00f3pez\",\"@id\":\"https:\\\/\\\/www.ip.gov.py\\\/ip\\\/#\\\/schema\\\/person\\\/613765cf13d420d448042e6802220539\"},\"headline\":\"Paraguay conden\u00f3 el ataque contra Juan Guaid\u00f3\",\"datePublished\":\"2020-03-02T10:50:18+00:00\",\"dateModified\":\"2020-03-02T10:52:35+00:00\",\"mainEntityOfPage\":{\"@id\":\"https:\\\/\\\/www.ip.gov.py\\\/ip\\\/2020\\\/03\\\/02\\\/paraguay-condeno-el-ataque-contra-juan-guaido\\\/\"},\"wordCount\":193,\"publisher\":{\"@id\":\"https:\\\/\\\/www.ip.gov.py\\\/ip\\\/#organization\"},\"image\":{\"@id\":\"https:\\\/\\\/www.ip.gov.py\\\/ip\\\/2020\\\/03\\\/02\\\/paraguay-condeno-el-ataque-contra-juan-guaido\\\/#primaryimage\"},\"thumbnailUrl\":\"https:\\\/\\\/www.ip.gov.py\\\/ip\\\/wp-content\\\/uploads\\\/2019\\\/01\\\/Juan-Guaido-Venezuela.jpg\",\"articleSection\":[\"Pol\u00edtica\"],\"inLanguage\":\"es\"},{\"@type\":\"WebPage\",\"@id\":\"https:\\\/\\\/www.ip.gov.py\\\/ip\\\/2020\\\/03\\\/02\\\/paraguay-condeno-el-ataque-contra-juan-guaido\\\/\",\"url\":\"https:\\\/\\\/www.ip.gov.py\\\/ip\\\/2020\\\/03\\\/02\\\/paraguay-condeno-el-ataque-contra-juan-guaido\\\/\",\"name\":\"Paraguay conden\u00f3 el ataque contra Juan Guaid\u00f3 - .::Agencia IP::.\",\"isPartOf\":{\"@id\":\"https:\\\/\\\/www.ip.gov.py\\\/ip\\\/#website\"},\"primaryImageOfPage\":{\"@id\":\"https:\\\/\\\/www.ip.gov.py\\\/ip\\\/2020\\\/03\\\/02\\\/paraguay-condeno-el-ataque-contra-juan-guaido\\\/#primaryimage\"},\"image\":{\"@id\":\"https:\\\/\\\/www.ip.gov.py\\\/ip\\\/2020\\\/03\\\/02\\\/paraguay-condeno-el-ataque-contra-juan-guaido\\\/#primaryimage\"},\"thumbnailUrl\":\"https:\\\/\\\/www.ip.gov.py\\\/ip\\\/wp-content\\\/uploads\\\/2019\\\/01\\\/Juan-Guaido-Venezuela.jpg\",\"datePublished\":\"2020-03-02T10:50:18+00:00\",\"dateModified\":\"2020-03-02T10:52:35+00:00\",\"breadcrumb\":{\"@id\":\"https:\\\/\\\/www.ip.gov.py\\\/ip\\\/2020\\\/03\\\/02\\\/paraguay-condeno-el-ataque-contra-juan-guaido\\\/#breadcrumb\"},\"inLanguage\":\"es\",\"potentialAction\":[{\"@type\":\"ReadAction\",\"target\":[\"https:\\\/\\\/www.ip.gov.py\\\/ip\\\/2020\\\/03\\\/02\\\/paraguay-condeno-el-ataque-contra-juan-guaido\\\/\"]}]},{\"@type\":\"ImageObject\",\"inLanguage\":\"es\",\"@id\":\"https:\\\/\\\/www.ip.gov.py\\\/ip\\\/2020\\\/03\\\/02\\\/paraguay-condeno-el-ataque-contra-juan-guaido\\\/#primaryimage\",\"url\":\"https:\\\/\\\/www.ip.gov.py\\\/ip\\\/wp-content\\\/uploads\\\/2019\\\/01\\\/Juan-Guaido-Venezuela.jpg\",\"contentUrl\":\"https:\\\/\\\/www.ip.gov.py\\\/ip\\\/wp-content\\\/uploads\\\/2019\\\/01\\\/Juan-Guaido-Venezuela.jpg\",\"width\":800,\"height\":533,\"caption\":\"Juan Guaid\u00f3. Foto EFE\"},{\"@type\":\"BreadcrumbList\",\"@id\":\"https:\\\/\\\/www.ip.gov.py\\\/ip\\\/2020\\\/03\\\/02\\\/paraguay-condeno-el-ataque-contra-juan-guaido\\\/#breadcrumb\",\"itemListElement\":[{\"@type\":\"ListItem\",\"position\":1,\"name\":\"Portada\",\"item\":\"https:\\\/\\\/www.ip.gov.py\\\/ip\\\/\"},{\"@type\":\"ListItem\",\"position\":2,\"name\":\"Paraguay conden\u00f3 el ataque contra Juan Guaid\u00f3\"}]},{\"@type\":\"WebSite\",\"@id\":\"https:\\\/\\\/www.ip.gov.py\\\/ip\\\/#website\",\"url\":\"https:\\\/\\\/www.ip.gov.py\\\/ip\\\/\",\"name\":\".::Agencia IP::.\",\"description\":\"\",\"publisher\":{\"@id\":\"https:\\\/\\\/www.ip.gov.py\\\/ip\\\/#organization\"},\"potentialAction\":[{\"@type\":\"SearchAction\",\"target\":{\"@type\":\"EntryPoint\",\"urlTemplate\":\"https:\\\/\\\/www.ip.gov.py\\\/ip\\\/?s={search_term_string}\"},\"query-input\":{\"@type\":\"PropertyValueSpecification\",\"valueRequired\":true,\"valueName\":\"search_term_string\"}}],\"inLanguage\":\"es\"},{\"@type\":\"Organization\",\"@id\":\"https:\\\/\\\/www.ip.gov.py\\\/ip\\\/#organization\",\"name\":\"Agencia IP\",\"url\":\"https:\\\/\\\/www.ip.gov.py\\\/ip\\\/\",\"logo\":{\"@type\":\"ImageObject\",\"inLanguage\":\"es\",\"@id\":\"https:\\\/\\\/www.ip.gov.py\\\/ip\\\/#\\\/schema\\\/logo\\\/image\\\/\",\"url\":\"https:\\\/\\\/www.ip.gov.py\\\/ip\\\/wp-content\\\/uploads\\\/2018\\\/01\\\/Agencia-IP.jpg\",\"contentUrl\":\"https:\\\/\\\/www.ip.gov.py\\\/ip\\\/wp-content\\\/uploads\\\/2018\\\/01\\\/Agencia-IP.jpg\",\"width\":150,\"height\":150,\"caption\":\"Agencia IP\"},\"image\":{\"@id\":\"https:\\\/\\\/www.ip.gov.py\\\/ip\\\/#\\\/schema\\\/logo\\\/image\\\/\"},\"sameAs\":[\"https:\\\/\\\/www.facebook.com\\\/IPParaguay\\\/\",\"https:\\\/\\\/x.com\\\/IPParaguay\",\"https:\\\/\\\/www.instagram.com\\\/IPParaguay\"]},{\"@type\":\"Person\",\"@id\":\"https:\\\/\\\/www.ip.gov.py\\\/ip\\\/#\\\/schema\\\/person\\\/613765cf13d420d448042e6802220539\",\"name\":\"Karina L\u00f3pez\",\"url\":\"https:\\\/\\\/www.ip.gov.py\\\/ip\\\/author\\\/klopez\\\/\"}]}<\/script>\n<!-- \/ Yoast SEO plugin. -->","yoast_head_json":{"title":"Paraguay conden\u00f3 el ataque contra Juan Guaid\u00f3 - .::Agencia IP::.","robots":{"index":"index","follow":"follow","max-snippet":"max-snippet:-1","max-image-preview":"max-image-preview:large","max-video-preview":"max-video-preview:-1"},"canonical":"https:\/\/www.ip.gov.py\/ip\/2020\/03\/02\/paraguay-condeno-el-ataque-contra-juan-guaido\/","og_locale":"es_ES","og_type":"article","og_title":"Paraguay conden\u00f3 el ataque contra Juan Guaid\u00f3 - .::Agencia IP::.","og_description":"Asunci\u00f3n, IP.- El Ministerio de Relaciones Exteriores conden\u00f3 los actos violentos cometidos\u00a0 por fuerzas allegadas al r\u00e9gimen de Nicol\u00e1s Maduro contra una marcha encabezada por el presidente interino de Venezuela, Juan Guaid\u00f3, celebrada en Barquisimeto, en el estado de Lara. \u00a0","og_url":"https:\/\/www.ip.gov.py\/ip\/2020\/03\/02\/paraguay-condeno-el-ataque-contra-juan-guaido\/","og_site_name":".::Agencia IP::.","article_publisher":"https:\/\/www.facebook.com\/IPParaguay\/","article_published_time":"2020-03-02T10:50:18+00:00","article_modified_time":"2020-03-02T10:52:35+00:00","og_image":[{"width":800,"height":533,"url":"https:\/\/www.ip.gov.py\/ip\/wp-content\/uploads\/2019\/01\/Juan-Guaido-Venezuela.jpg","type":"image\/jpeg"}],"author":"Karina L\u00f3pez","twitter_card":"summary_large_image","twitter_creator":"@IPParaguay","twitter_site":"@IPParaguay","twitter_misc":{"Escrito por":"Karina L\u00f3pez","Tiempo de lectura":"1 minuto"},"schema":{"@context":"https:\/\/schema.org","@graph":[{"@type":"Article","@id":"https:\/\/www.ip.gov.py\/ip\/2020\/03\/02\/paraguay-condeno-el-ataque-contra-juan-guaido\/#article","isPartOf":{"@id":"https:\/\/www.ip.gov.py\/ip\/2020\/03\/02\/paraguay-condeno-el-ataque-contra-juan-guaido\/"},"author":{"name":"Karina L\u00f3pez","@id":"https:\/\/www.ip.gov.py\/ip\/#\/schema\/person\/613765cf13d420d448042e6802220539"},"headline":"Paraguay conden\u00f3 el ataque contra Juan Guaid\u00f3","datePublished":"2020-03-02T10:50:18+00:00","dateModified":"2020-03-02T10:52:35+00:00","mainEntityOfPage":{"@id":"https:\/\/www.ip.gov.py\/ip\/2020\/03\/02\/paraguay-condeno-el-ataque-contra-juan-guaido\/"},"wordCount":193,"publisher":{"@id":"https:\/\/www.ip.gov.py\/ip\/#organization"},"image":{"@id":"https:\/\/www.ip.gov.py\/ip\/2020\/03\/02\/paraguay-condeno-el-ataque-contra-juan-guaido\/#primaryimage"},"thumbnailUrl":"https:\/\/www.ip.gov.py\/ip\/wp-content\/uploads\/2019\/01\/Juan-Guaido-Venezuela.jpg","articleSection":["Pol\u00edtica"],"inLanguage":"es"},{"@type":"WebPage","@id":"https:\/\/www.ip.gov.py\/ip\/2020\/03\/02\/paraguay-condeno-el-ataque-contra-juan-guaido\/","url":"https:\/\/www.ip.gov.py\/ip\/2020\/03\/02\/paraguay-condeno-el-ataque-contra-juan-guaido\/","name":"Paraguay conden\u00f3 el ataque contra Juan Guaid\u00f3 - .::Agencia IP::.","isPartOf":{"@id":"https:\/\/www.ip.gov.py\/ip\/#website"},"primaryImageOfPage":{"@id":"https:\/\/www.ip.gov.py\/ip\/2020\/03\/02\/paraguay-condeno-el-ataque-contra-juan-guaido\/#primaryimage"},"image":{"@id":"https:\/\/www.ip.gov.py\/ip\/2020\/03\/02\/paraguay-condeno-el-ataque-contra-juan-guaido\/#primaryimage"},"thumbnailUrl":"https:\/\/www.ip.gov.py\/ip\/wp-content\/uploads\/2019\/01\/Juan-Guaido-Venezuela.jpg","datePublished":"2020-03-02T10:50:18+00:00","dateModified":"2020-03-02T10:52:35+00:00","breadcrumb":{"@id":"https:\/\/www.ip.gov.py\/ip\/2020\/03\/02\/paraguay-condeno-el-ataque-contra-juan-guaido\/#breadcrumb"},"inLanguage":"es","potentialAction":[{"@type":"ReadAction","target":["https:\/\/www.ip.gov.py\/ip\/2020\/03\/02\/paraguay-condeno-el-ataque-contra-juan-guaido\/"]}]},{"@type":"ImageObject","inLanguage":"es","@id":"https:\/\/www.ip.gov.py\/ip\/2020\/03\/02\/paraguay-condeno-el-ataque-contra-juan-guaido\/#primaryimage","url":"https:\/\/www.ip.gov.py\/ip\/wp-content\/uploads\/2019\/01\/Juan-Guaido-Venezuela.jpg","contentUrl":"https:\/\/www.ip.gov.py\/ip\/wp-content\/uploads\/2019\/01\/Juan-Guaido-Venezuela.jpg","width":800,"height":533,"caption":"Juan Guaid\u00f3. Foto EFE"},{"@type":"BreadcrumbList","@id":"https:\/\/www.ip.gov.py\/ip\/2020\/03\/02\/paraguay-condeno-el-ataque-contra-juan-guaido\/#breadcrumb","itemListElement":[{"@type":"ListItem","position":1,"name":"Portada","item":"https:\/\/www.ip.gov.py\/ip\/"},{"@type":"ListItem","position":2,"name":"Paraguay conden\u00f3 el ataque contra Juan Guaid\u00f3"}]},{"@type":"WebSite","@id":"https:\/\/www.ip.gov.py\/ip\/#website","url":"https:\/\/www.ip.gov.py\/ip\/","name":".::Agencia IP::.","description":"","publisher":{"@id":"https:\/\/www.ip.gov.py\/ip\/#organization"},"potentialAction":[{"@type":"SearchAction","target":{"@type":"EntryPoint","urlTemplate":"https:\/\/www.ip.gov.py\/ip\/?s={search_term_string}"},"query-input":{"@type":"PropertyValueSpecification","valueRequired":true,"valueName":"search_term_string"}}],"inLanguage":"es"},{"@type":"Organization","@id":"https:\/\/www.ip.gov.py\/ip\/#organization","name":"Agencia IP","url":"https:\/\/www.ip.gov.py\/ip\/","logo":{"@type":"ImageObject","inLanguage":"es","@id":"https:\/\/www.ip.gov.py\/ip\/#\/schema\/logo\/image\/","url":"https:\/\/www.ip.gov.py\/ip\/wp-content\/uploads\/2018\/01\/Agencia-IP.jpg","contentUrl":"https:\/\/www.ip.gov.py\/ip\/wp-content\/uploads\/2018\/01\/Agencia-IP.jpg","width":150,"height":150,"caption":"Agencia IP"},"image":{"@id":"https:\/\/www.ip.gov.py\/ip\/#\/schema\/logo\/image\/"},"sameAs":["https:\/\/www.facebook.com\/IPParaguay\/","https:\/\/x.com\/IPParaguay","https:\/\/www.instagram.com\/IPParaguay"]},{"@type":"Person","@id":"https:\/\/www.ip.gov.py\/ip\/#\/schema\/person\/613765cf13d420d448042e6802220539","name":"Karina L\u00f3pez","url":"https:\/\/www.ip.gov.py\/ip\/author\/klopez\/"}]}},"_links":{"self":[{"href":"https:\/\/www.ip.gov.py\/ip\/wp-json\/wp\/v2\/posts\/305386","targetHints":{"allow":["GET"]}}],"collection":[{"href":"https:\/\/www.ip.gov.py\/ip\/wp-json\/wp\/v2\/posts"}],"about":[{"href":"https:\/\/www.ip.gov.py\/ip\/wp-json\/wp\/v2\/types\/post"}],"author":[{"embeddable":true,"href":"https:\/\/www.ip.gov.py\/ip\/wp-json\/wp\/v2\/users\/7"}],"replies":[{"embeddable":true,"href":"https:\/\/www.ip.gov.py\/ip\/wp-json\/wp\/v2\/comments?post=305386"}],"version-history":[{"count":0,"href":"https:\/\/www.ip.gov.py\/ip\/wp-json\/wp\/v2\/posts\/305386\/revisions"}],"wp:featuredmedia":[{"embeddable":true,"href":"https:\/\/www.ip.gov.py\/ip\/wp-json\/wp\/v2\/media\/257176"}],"wp:attachment":[{"href":"https:\/\/www.ip.gov.py\/ip\/wp-json\/wp\/v2\/media?parent=305386"}],"wp:term":[{"taxonomy":"category","embeddable":true,"href":"https:\/\/www.ip.gov.py\/ip\/wp-json\/wp\/v2\/categories?post=305386"},{"taxonomy":"post_tag","embeddable":true,"href":"https:\/\/www.ip.gov.py\/ip\/wp-json\/wp\/v2\/tags?post=305386"}],"curies":[{"name":"wp","href":"https:\/\/api.w.org\/{rel}","templated":true}]}}