{"id":305499,"date":"2020-03-02T13:11:42","date_gmt":"2020-03-02T16:11:42","guid":{"rendered":"https:\/\/www.ip.gov.py\/ip\/?p=305499"},"modified":"2020-03-02T13:49:08","modified_gmt":"2020-03-02T16:49:08","slug":"definen-terna-de-candidatos-para-nuevo-ministro-de-la-corte-suprema","status":"publish","type":"post","link":"https:\/\/www.ip.gov.py\/ip\/2020\/03\/02\/definen-terna-de-candidatos-para-nuevo-ministro-de-la-corte-suprema\/","title":{"rendered":"Definieron terna de candidatos para nuevo ministro de la Corte Suprema"},"content":{"rendered":"<p style=\"text-align: justify;\"><strong><em>Asunci\u00f3n, IP.- <\/em><\/strong>El Consejo de la Magistratura defini\u00f3 este lunes la terna de candidatos para la elecci\u00f3n de un nuevo ministro de la Corte, conformada por los doctores C\u00e9sar Manuel Diesel, Delio Vera Navarro y Gustavo Santander.<!--more--><\/p>\n<p style=\"text-align: justify;\">La elecci\u00f3n tuvo lugar durante la sesi\u00f3n ordinaria del Consejo de la Magistratura de este lunes, transmitida en vivo, en donde analizaron los perfiles de los 22 candidatos que llegaron hasta esta etapa.<\/p>\n<p style=\"text-align: justify;\">La nueva vacancia corresponde al puesto ocupado por Miryam Pe\u00f1a Candia, quien cumpli\u00f3 la edad m\u00e1xima constitucional de 75 a\u00f1os.<\/p>\n<p style=\"text-align: justify;\">Desde octubre del 2018 inici\u00f3 un proceso de renovaci\u00f3n de la Corte Suprema de Justicia con la edad m\u00e1xima cumplida por tres ministros, m\u00e1s la destituci\u00f3n por juicio pol\u00edtico del ministro Sindulfo Blanco.<\/p>\n<p style=\"text-align: justify;\">Por estos procesos asumieron como nuevos ministros de la Corte Suprema de Justicia los doctores Manuel Ram\u00edrez Candia, Eugenio Jim\u00e9nez Rol\u00f3n, Alberto Mart\u00ednez Sim\u00f3n y Mar\u00eda Carolina Llanes.<\/p>\n<p style=\"text-align: justify;\">La terna ser\u00e1 considerada por el Senado en una sesi\u00f3n extraordinaria y la elecci\u00f3n ratificada por el Poder Ejecutivo.<\/p>\n<p style=\"text-align: justify;\">El Consejo de la Magistratura est\u00e1 integrado por el diputado Roberto Gonz\u00e1lez, Cluadio Bacchetta, Luis Ben\u00edtez, Adri\u00e1n Salas, Jos\u00e9 Torres Kirmser, Carlos Ra\u00fal Cabrera, el senador Juan Bartolom\u00e9 Ram\u00edrez y Cristian Kriskovich.<\/p>\n","protected":false},"excerpt":{"rendered":"<p>Asunci\u00f3n, IP.- El Consejo de la Magistratura defini\u00f3 este lunes la terna de candidatos para la elecci\u00f3n de un nuevo ministro de la Corte, conformada por los doctores C\u00e9sar Manuel Diesel, Delio Vera Navarro y Gustavo Santander.<\/p>\n","protected":false},"author":22,"featured_media":305500,"comment_status":"closed","ping_status":"closed","sticky":false,"template":"","format":"standard","meta":{"_monsterinsights_skip_tracking":false,"_monsterinsights_sitenote_active":false,"_monsterinsights_sitenote_note":"","_monsterinsights_sitenote_category":0,"footnotes":""},"categories":[6],"tags":[],"class_list":{"0":"post-305499","1":"post","2":"type-post","3":"status-publish","4":"format-standard","5":"has-post-thumbnail","7":"category-politica"},"yoast_head":"<!-- This site is optimized with the Yoast SEO plugin v27.5 - https:\/\/yoast.com\/product\/yoast-seo-wordpress\/ -->\n<title>Definieron terna de candidatos para nuevo ministro de la Corte Suprema - .::Agencia IP::.<\/title>\n<meta name=\"robots\" content=\"index, follow, max-snippet:-1, max-image-preview:large, max-video-preview:-1\" \/>\n<link rel=\"canonical\" href=\"https:\/\/www.ip.gov.py\/ip\/2020\/03\/02\/definen-terna-de-candidatos-para-nuevo-ministro-de-la-corte-suprema\/\" \/>\n<meta property=\"og:locale\" content=\"es_ES\" \/>\n<meta property=\"og:type\" content=\"article\" \/>\n<meta property=\"og:title\" content=\"Definieron terna de candidatos para nuevo ministro de la Corte Suprema - .::Agencia IP::.\" \/>\n<meta property=\"og:description\" content=\"Asunci\u00f3n, IP.- El Consejo de la Magistratura defini\u00f3 este lunes la terna de candidatos para la elecci\u00f3n de un nuevo ministro de la Corte, conformada por los doctores C\u00e9sar Manuel Diesel, Delio Vera Navarro y Gustavo Santander.\" \/>\n<meta property=\"og:url\" content=\"https:\/\/www.ip.gov.py\/ip\/2020\/03\/02\/definen-terna-de-candidatos-para-nuevo-ministro-de-la-corte-suprema\/\" \/>\n<meta property=\"og:site_name\" content=\".::Agencia IP::.\" \/>\n<meta property=\"article:publisher\" content=\"https:\/\/www.facebook.com\/IPParaguay\/\" \/>\n<meta property=\"article:published_time\" content=\"2020-03-02T16:11:42+00:00\" \/>\n<meta property=\"article:modified_time\" content=\"2020-03-02T16:49:08+00:00\" \/>\n<meta property=\"og:image\" content=\"https:\/\/www.ip.gov.py\/ip\/wp-content\/uploads\/2020\/03\/sesion-consejo-magistratura.jpg\" \/>\n\t<meta property=\"og:image:width\" content=\"680\" \/>\n\t<meta property=\"og:image:height\" content=\"369\" \/>\n\t<meta property=\"og:image:type\" content=\"image\/jpeg\" \/>\n<meta name=\"author\" content=\"Alberto C\" \/>\n<meta name=\"twitter:card\" content=\"summary_large_image\" \/>\n<meta name=\"twitter:creator\" content=\"@IPParaguay\" \/>\n<meta name=\"twitter:site\" content=\"@IPParaguay\" \/>\n<meta name=\"twitter:label1\" content=\"Escrito por\" \/>\n\t<meta name=\"twitter:data1\" content=\"Alberto C\" \/>\n\t<meta name=\"twitter:label2\" content=\"Tiempo de lectura\" \/>\n\t<meta name=\"twitter:data2\" content=\"1 minuto\" \/>\n<script type=\"application\/ld+json\" class=\"yoast-schema-graph\">{\"@context\":\"https:\\\/\\\/schema.org\",\"@graph\":[{\"@type\":\"Article\",\"@id\":\"https:\\\/\\\/www.ip.gov.py\\\/ip\\\/2020\\\/03\\\/02\\\/definen-terna-de-candidatos-para-nuevo-ministro-de-la-corte-suprema\\\/#article\",\"isPartOf\":{\"@id\":\"https:\\\/\\\/www.ip.gov.py\\\/ip\\\/2020\\\/03\\\/02\\\/definen-terna-de-candidatos-para-nuevo-ministro-de-la-corte-suprema\\\/\"},\"author\":{\"name\":\"Alberto C\",\"@id\":\"https:\\\/\\\/www.ip.gov.py\\\/ip\\\/#\\\/schema\\\/person\\\/369fedd28420fad35e23b10a9df16fb8\"},\"headline\":\"Definieron terna de candidatos para nuevo ministro de la Corte Suprema\",\"datePublished\":\"2020-03-02T16:11:42+00:00\",\"dateModified\":\"2020-03-02T16:49:08+00:00\",\"mainEntityOfPage\":{\"@id\":\"https:\\\/\\\/www.ip.gov.py\\\/ip\\\/2020\\\/03\\\/02\\\/definen-terna-de-candidatos-para-nuevo-ministro-de-la-corte-suprema\\\/\"},\"wordCount\":237,\"publisher\":{\"@id\":\"https:\\\/\\\/www.ip.gov.py\\\/ip\\\/#organization\"},\"image\":{\"@id\":\"https:\\\/\\\/www.ip.gov.py\\\/ip\\\/2020\\\/03\\\/02\\\/definen-terna-de-candidatos-para-nuevo-ministro-de-la-corte-suprema\\\/#primaryimage\"},\"thumbnailUrl\":\"https:\\\/\\\/www.ip.gov.py\\\/ip\\\/wp-content\\\/uploads\\\/2020\\\/03\\\/sesion-consejo-magistratura.jpg\",\"articleSection\":[\"Pol\u00edtica\"],\"inLanguage\":\"es\"},{\"@type\":\"WebPage\",\"@id\":\"https:\\\/\\\/www.ip.gov.py\\\/ip\\\/2020\\\/03\\\/02\\\/definen-terna-de-candidatos-para-nuevo-ministro-de-la-corte-suprema\\\/\",\"url\":\"https:\\\/\\\/www.ip.gov.py\\\/ip\\\/2020\\\/03\\\/02\\\/definen-terna-de-candidatos-para-nuevo-ministro-de-la-corte-suprema\\\/\",\"name\":\"Definieron terna de candidatos para nuevo ministro de la Corte Suprema - .::Agencia IP::.\",\"isPartOf\":{\"@id\":\"https:\\\/\\\/www.ip.gov.py\\\/ip\\\/#website\"},\"primaryImageOfPage\":{\"@id\":\"https:\\\/\\\/www.ip.gov.py\\\/ip\\\/2020\\\/03\\\/02\\\/definen-terna-de-candidatos-para-nuevo-ministro-de-la-corte-suprema\\\/#primaryimage\"},\"image\":{\"@id\":\"https:\\\/\\\/www.ip.gov.py\\\/ip\\\/2020\\\/03\\\/02\\\/definen-terna-de-candidatos-para-nuevo-ministro-de-la-corte-suprema\\\/#primaryimage\"},\"thumbnailUrl\":\"https:\\\/\\\/www.ip.gov.py\\\/ip\\\/wp-content\\\/uploads\\\/2020\\\/03\\\/sesion-consejo-magistratura.jpg\",\"datePublished\":\"2020-03-02T16:11:42+00:00\",\"dateModified\":\"2020-03-02T16:49:08+00:00\",\"breadcrumb\":{\"@id\":\"https:\\\/\\\/www.ip.gov.py\\\/ip\\\/2020\\\/03\\\/02\\\/definen-terna-de-candidatos-para-nuevo-ministro-de-la-corte-suprema\\\/#breadcrumb\"},\"inLanguage\":\"es\",\"potentialAction\":[{\"@type\":\"ReadAction\",\"target\":[\"https:\\\/\\\/www.ip.gov.py\\\/ip\\\/2020\\\/03\\\/02\\\/definen-terna-de-candidatos-para-nuevo-ministro-de-la-corte-suprema\\\/\"]}]},{\"@type\":\"ImageObject\",\"inLanguage\":\"es\",\"@id\":\"https:\\\/\\\/www.ip.gov.py\\\/ip\\\/2020\\\/03\\\/02\\\/definen-terna-de-candidatos-para-nuevo-ministro-de-la-corte-suprema\\\/#primaryimage\",\"url\":\"https:\\\/\\\/www.ip.gov.py\\\/ip\\\/wp-content\\\/uploads\\\/2020\\\/03\\\/sesion-consejo-magistratura.jpg\",\"contentUrl\":\"https:\\\/\\\/www.ip.gov.py\\\/ip\\\/wp-content\\\/uploads\\\/2020\\\/03\\\/sesion-consejo-magistratura.jpg\",\"width\":680,\"height\":369,\"caption\":\"Foto CM.\"},{\"@type\":\"BreadcrumbList\",\"@id\":\"https:\\\/\\\/www.ip.gov.py\\\/ip\\\/2020\\\/03\\\/02\\\/definen-terna-de-candidatos-para-nuevo-ministro-de-la-corte-suprema\\\/#breadcrumb\",\"itemListElement\":[{\"@type\":\"ListItem\",\"position\":1,\"name\":\"Portada\",\"item\":\"https:\\\/\\\/www.ip.gov.py\\\/ip\\\/\"},{\"@type\":\"ListItem\",\"position\":2,\"name\":\"Definieron terna de candidatos para nuevo ministro de la Corte Suprema\"}]},{\"@type\":\"WebSite\",\"@id\":\"https:\\\/\\\/www.ip.gov.py\\\/ip\\\/#website\",\"url\":\"https:\\\/\\\/www.ip.gov.py\\\/ip\\\/\",\"name\":\".::Agencia IP::.\",\"description\":\"\",\"publisher\":{\"@id\":\"https:\\\/\\\/www.ip.gov.py\\\/ip\\\/#organization\"},\"potentialAction\":[{\"@type\":\"SearchAction\",\"target\":{\"@type\":\"EntryPoint\",\"urlTemplate\":\"https:\\\/\\\/www.ip.gov.py\\\/ip\\\/?s={search_term_string}\"},\"query-input\":{\"@type\":\"PropertyValueSpecification\",\"valueRequired\":true,\"valueName\":\"search_term_string\"}}],\"inLanguage\":\"es\"},{\"@type\":\"Organization\",\"@id\":\"https:\\\/\\\/www.ip.gov.py\\\/ip\\\/#organization\",\"name\":\"Agencia IP\",\"url\":\"https:\\\/\\\/www.ip.gov.py\\\/ip\\\/\",\"logo\":{\"@type\":\"ImageObject\",\"inLanguage\":\"es\",\"@id\":\"https:\\\/\\\/www.ip.gov.py\\\/ip\\\/#\\\/schema\\\/logo\\\/image\\\/\",\"url\":\"https:\\\/\\\/www.ip.gov.py\\\/ip\\\/wp-content\\\/uploads\\\/2018\\\/01\\\/Agencia-IP.jpg\",\"contentUrl\":\"https:\\\/\\\/www.ip.gov.py\\\/ip\\\/wp-content\\\/uploads\\\/2018\\\/01\\\/Agencia-IP.jpg\",\"width\":150,\"height\":150,\"caption\":\"Agencia IP\"},\"image\":{\"@id\":\"https:\\\/\\\/www.ip.gov.py\\\/ip\\\/#\\\/schema\\\/logo\\\/image\\\/\"},\"sameAs\":[\"https:\\\/\\\/www.facebook.com\\\/IPParaguay\\\/\",\"https:\\\/\\\/x.com\\\/IPParaguay\",\"https:\\\/\\\/www.instagram.com\\\/IPParaguay\"]},{\"@type\":\"Person\",\"@id\":\"https:\\\/\\\/www.ip.gov.py\\\/ip\\\/#\\\/schema\\\/person\\\/369fedd28420fad35e23b10a9df16fb8\",\"name\":\"Alberto C\",\"sameAs\":[\"https:\\\/\\\/www.ip.gov.py\"],\"url\":\"https:\\\/\\\/www.ip.gov.py\\\/ip\\\/author\\\/acelma\\\/\"}]}<\/script>\n<!-- \/ Yoast SEO plugin. -->","yoast_head_json":{"title":"Definieron terna de candidatos para nuevo ministro de la Corte Suprema - .::Agencia IP::.","robots":{"index":"index","follow":"follow","max-snippet":"max-snippet:-1","max-image-preview":"max-image-preview:large","max-video-preview":"max-video-preview:-1"},"canonical":"https:\/\/www.ip.gov.py\/ip\/2020\/03\/02\/definen-terna-de-candidatos-para-nuevo-ministro-de-la-corte-suprema\/","og_locale":"es_ES","og_type":"article","og_title":"Definieron terna de candidatos para nuevo ministro de la Corte Suprema - .::Agencia IP::.","og_description":"Asunci\u00f3n, IP.- El Consejo de la Magistratura defini\u00f3 este lunes la terna de candidatos para la elecci\u00f3n de un nuevo ministro de la Corte, conformada por los doctores C\u00e9sar Manuel Diesel, Delio Vera Navarro y Gustavo Santander.","og_url":"https:\/\/www.ip.gov.py\/ip\/2020\/03\/02\/definen-terna-de-candidatos-para-nuevo-ministro-de-la-corte-suprema\/","og_site_name":".::Agencia IP::.","article_publisher":"https:\/\/www.facebook.com\/IPParaguay\/","article_published_time":"2020-03-02T16:11:42+00:00","article_modified_time":"2020-03-02T16:49:08+00:00","og_image":[{"width":680,"height":369,"url":"https:\/\/www.ip.gov.py\/ip\/wp-content\/uploads\/2020\/03\/sesion-consejo-magistratura.jpg","type":"image\/jpeg"}],"author":"Alberto C","twitter_card":"summary_large_image","twitter_creator":"@IPParaguay","twitter_site":"@IPParaguay","twitter_misc":{"Escrito por":"Alberto C","Tiempo de lectura":"1 minuto"},"schema":{"@context":"https:\/\/schema.org","@graph":[{"@type":"Article","@id":"https:\/\/www.ip.gov.py\/ip\/2020\/03\/02\/definen-terna-de-candidatos-para-nuevo-ministro-de-la-corte-suprema\/#article","isPartOf":{"@id":"https:\/\/www.ip.gov.py\/ip\/2020\/03\/02\/definen-terna-de-candidatos-para-nuevo-ministro-de-la-corte-suprema\/"},"author":{"name":"Alberto C","@id":"https:\/\/www.ip.gov.py\/ip\/#\/schema\/person\/369fedd28420fad35e23b10a9df16fb8"},"headline":"Definieron terna de candidatos para nuevo ministro de la Corte Suprema","datePublished":"2020-03-02T16:11:42+00:00","dateModified":"2020-03-02T16:49:08+00:00","mainEntityOfPage":{"@id":"https:\/\/www.ip.gov.py\/ip\/2020\/03\/02\/definen-terna-de-candidatos-para-nuevo-ministro-de-la-corte-suprema\/"},"wordCount":237,"publisher":{"@id":"https:\/\/www.ip.gov.py\/ip\/#organization"},"image":{"@id":"https:\/\/www.ip.gov.py\/ip\/2020\/03\/02\/definen-terna-de-candidatos-para-nuevo-ministro-de-la-corte-suprema\/#primaryimage"},"thumbnailUrl":"https:\/\/www.ip.gov.py\/ip\/wp-content\/uploads\/2020\/03\/sesion-consejo-magistratura.jpg","articleSection":["Pol\u00edtica"],"inLanguage":"es"},{"@type":"WebPage","@id":"https:\/\/www.ip.gov.py\/ip\/2020\/03\/02\/definen-terna-de-candidatos-para-nuevo-ministro-de-la-corte-suprema\/","url":"https:\/\/www.ip.gov.py\/ip\/2020\/03\/02\/definen-terna-de-candidatos-para-nuevo-ministro-de-la-corte-suprema\/","name":"Definieron terna de candidatos para nuevo ministro de la Corte Suprema - .::Agencia IP::.","isPartOf":{"@id":"https:\/\/www.ip.gov.py\/ip\/#website"},"primaryImageOfPage":{"@id":"https:\/\/www.ip.gov.py\/ip\/2020\/03\/02\/definen-terna-de-candidatos-para-nuevo-ministro-de-la-corte-suprema\/#primaryimage"},"image":{"@id":"https:\/\/www.ip.gov.py\/ip\/2020\/03\/02\/definen-terna-de-candidatos-para-nuevo-ministro-de-la-corte-suprema\/#primaryimage"},"thumbnailUrl":"https:\/\/www.ip.gov.py\/ip\/wp-content\/uploads\/2020\/03\/sesion-consejo-magistratura.jpg","datePublished":"2020-03-02T16:11:42+00:00","dateModified":"2020-03-02T16:49:08+00:00","breadcrumb":{"@id":"https:\/\/www.ip.gov.py\/ip\/2020\/03\/02\/definen-terna-de-candidatos-para-nuevo-ministro-de-la-corte-suprema\/#breadcrumb"},"inLanguage":"es","potentialAction":[{"@type":"ReadAction","target":["https:\/\/www.ip.gov.py\/ip\/2020\/03\/02\/definen-terna-de-candidatos-para-nuevo-ministro-de-la-corte-suprema\/"]}]},{"@type":"ImageObject","inLanguage":"es","@id":"https:\/\/www.ip.gov.py\/ip\/2020\/03\/02\/definen-terna-de-candidatos-para-nuevo-ministro-de-la-corte-suprema\/#primaryimage","url":"https:\/\/www.ip.gov.py\/ip\/wp-content\/uploads\/2020\/03\/sesion-consejo-magistratura.jpg","contentUrl":"https:\/\/www.ip.gov.py\/ip\/wp-content\/uploads\/2020\/03\/sesion-consejo-magistratura.jpg","width":680,"height":369,"caption":"Foto CM."},{"@type":"BreadcrumbList","@id":"https:\/\/www.ip.gov.py\/ip\/2020\/03\/02\/definen-terna-de-candidatos-para-nuevo-ministro-de-la-corte-suprema\/#breadcrumb","itemListElement":[{"@type":"ListItem","position":1,"name":"Portada","item":"https:\/\/www.ip.gov.py\/ip\/"},{"@type":"ListItem","position":2,"name":"Definieron terna de candidatos para nuevo ministro de la Corte Suprema"}]},{"@type":"WebSite","@id":"https:\/\/www.ip.gov.py\/ip\/#website","url":"https:\/\/www.ip.gov.py\/ip\/","name":".::Agencia IP::.","description":"","publisher":{"@id":"https:\/\/www.ip.gov.py\/ip\/#organization"},"potentialAction":[{"@type":"SearchAction","target":{"@type":"EntryPoint","urlTemplate":"https:\/\/www.ip.gov.py\/ip\/?s={search_term_string}"},"query-input":{"@type":"PropertyValueSpecification","valueRequired":true,"valueName":"search_term_string"}}],"inLanguage":"es"},{"@type":"Organization","@id":"https:\/\/www.ip.gov.py\/ip\/#organization","name":"Agencia IP","url":"https:\/\/www.ip.gov.py\/ip\/","logo":{"@type":"ImageObject","inLanguage":"es","@id":"https:\/\/www.ip.gov.py\/ip\/#\/schema\/logo\/image\/","url":"https:\/\/www.ip.gov.py\/ip\/wp-content\/uploads\/2018\/01\/Agencia-IP.jpg","contentUrl":"https:\/\/www.ip.gov.py\/ip\/wp-content\/uploads\/2018\/01\/Agencia-IP.jpg","width":150,"height":150,"caption":"Agencia IP"},"image":{"@id":"https:\/\/www.ip.gov.py\/ip\/#\/schema\/logo\/image\/"},"sameAs":["https:\/\/www.facebook.com\/IPParaguay\/","https:\/\/x.com\/IPParaguay","https:\/\/www.instagram.com\/IPParaguay"]},{"@type":"Person","@id":"https:\/\/www.ip.gov.py\/ip\/#\/schema\/person\/369fedd28420fad35e23b10a9df16fb8","name":"Alberto C","sameAs":["https:\/\/www.ip.gov.py"],"url":"https:\/\/www.ip.gov.py\/ip\/author\/acelma\/"}]}},"_links":{"self":[{"href":"https:\/\/www.ip.gov.py\/ip\/wp-json\/wp\/v2\/posts\/305499","targetHints":{"allow":["GET"]}}],"collection":[{"href":"https:\/\/www.ip.gov.py\/ip\/wp-json\/wp\/v2\/posts"}],"about":[{"href":"https:\/\/www.ip.gov.py\/ip\/wp-json\/wp\/v2\/types\/post"}],"author":[{"embeddable":true,"href":"https:\/\/www.ip.gov.py\/ip\/wp-json\/wp\/v2\/users\/22"}],"replies":[{"embeddable":true,"href":"https:\/\/www.ip.gov.py\/ip\/wp-json\/wp\/v2\/comments?post=305499"}],"version-history":[{"count":0,"href":"https:\/\/www.ip.gov.py\/ip\/wp-json\/wp\/v2\/posts\/305499\/revisions"}],"wp:featuredmedia":[{"embeddable":true,"href":"https:\/\/www.ip.gov.py\/ip\/wp-json\/wp\/v2\/media\/305500"}],"wp:attachment":[{"href":"https:\/\/www.ip.gov.py\/ip\/wp-json\/wp\/v2\/media?parent=305499"}],"wp:term":[{"taxonomy":"category","embeddable":true,"href":"https:\/\/www.ip.gov.py\/ip\/wp-json\/wp\/v2\/categories?post=305499"},{"taxonomy":"post_tag","embeddable":true,"href":"https:\/\/www.ip.gov.py\/ip\/wp-json\/wp\/v2\/tags?post=305499"}],"curies":[{"name":"wp","href":"https:\/\/api.w.org\/{rel}","templated":true}]}}