{"id":305507,"date":"2020-03-02T13:13:12","date_gmt":"2020-03-02T16:13:12","guid":{"rendered":"https:\/\/www.ip.gov.py\/ip\/?p=305507"},"modified":"2020-03-02T13:13:12","modified_gmt":"2020-03-02T16:13:12","slug":"asumio-nuevo-director-ejecutivo-del-consejo-nacional-de-zonas-francas","status":"publish","type":"post","link":"https:\/\/www.ip.gov.py\/ip\/2020\/03\/02\/asumio-nuevo-director-ejecutivo-del-consejo-nacional-de-zonas-francas\/","title":{"rendered":"Asumi\u00f3 nuevo director ejecutivo del Consejo Nacional de Zonas Francas"},"content":{"rendered":"<p style=\"text-align: justify;\"><em><strong>Asunci\u00f3n, IP.-<\/strong><\/em> Este lunes, asumi\u00f3 oficialmente el nuevo director ejecutivo del Consejo Nacional de Zonas Francas, Roque Gonz\u00e1lez, en reemplazo de Ricardo Maldonado Banks. El traspaso de la direcci\u00f3n se realiz\u00f3 en la sede de la Subsecretar\u00eda de Estado de Tributaci\u00f3n (SET), con presencia del viceministro Oscar Oru\u00e9.<!--more--><\/p>\n<p style=\"text-align: justify;\">El documento de la designaci\u00f3n de Gonz\u00e1lez Sosa como nuevo director del Consejo de Zonas Francas, corresponde al Decreto N\u00b0 3401 de la Presidencia de la Rep\u00fablica.<\/p>\n<p style=\"text-align: justify;\">En ese sentido, el nuevo director refiri\u00f3 que proseguir\u00e1 con la l\u00ednea de dar participaci\u00f3n a las empresas, as\u00ed como tambi\u00e9n buscar ser el nexo entre el Consejo y los usuarios. Al mismo tiempo, expres\u00f3 su agradecimiento a las autoridades que conforman el ente.<\/p>\n<p style=\"text-align: justify;\">Por su parte, el viceministro de la SET y presidente del referido organismo, Oscar Oru\u00e9, manifest\u00f3 que el prop\u00f3sito se concentra en potenciar las zonas francas y existe un desaf\u00edo relacionado con la instalaci\u00f3n de una empresa brasilera, que invertir\u00e1 800 millones de d\u00f3lares en Paraguay.<\/p>\n<p style=\"text-align: justify;\">Coment\u00f3 que este a\u00f1o iniciar\u00e1 la construcci\u00f3n y aguardan que beneficie a m\u00e1s de 500 paraguayos directamente y a m\u00e1s de 2.000 personas de forma indirecta.<\/p>\n<p style=\"text-align: justify;\">Adem\u00e1s, record\u00f3 que el Consejo Nacional de Zonas Francas est\u00e1 integrado por el Ministerio de Hacienda, Ministerio de Industria y Comercio (MIC) y Ministerio de Obras P\u00fablicas y Comunicaciones (MOPC) y tambi\u00e9n parte del sector privado.<\/p>\n<p style=\"text-align: justify;\">Es importante mencionar que el Consejo de Zonas Francas es el organismo encargado de elaborar, proponer y ejecutar las pol\u00edticas y disposiciones referentes a la regulaci\u00f3n, operaci\u00f3n y control de zonas francas.<\/p>\n","protected":false},"excerpt":{"rendered":"<p>Asunci\u00f3n, IP.- Este lunes, asumi\u00f3 oficialmente el nuevo director ejecutivo del Consejo Nacional de Zonas Francas, Roque Gonz\u00e1lez, en reemplazo de Ricardo Maldonado Banks. El traspaso de la direcci\u00f3n se realiz\u00f3 en la sede de la Subsecretar\u00eda de Estado de Tributaci\u00f3n (SET), con presencia del viceministro Oscar Oru\u00e9.<\/p>\n","protected":false},"author":23,"featured_media":305509,"comment_status":"closed","ping_status":"closed","sticky":false,"template":"","format":"standard","meta":{"_monsterinsights_skip_tracking":false,"_monsterinsights_sitenote_active":false,"_monsterinsights_sitenote_note":"","_monsterinsights_sitenote_category":0,"footnotes":""},"categories":[9],"tags":[],"class_list":{"0":"post-305507","1":"post","2":"type-post","3":"status-publish","4":"format-standard","5":"has-post-thumbnail","7":"category-economia"},"yoast_head":"<!-- This site is optimized with the Yoast SEO plugin v27.5 - https:\/\/yoast.com\/product\/yoast-seo-wordpress\/ -->\n<title>Asumi\u00f3 nuevo director ejecutivo del Consejo Nacional de Zonas Francas - .::Agencia IP::.<\/title>\n<meta name=\"robots\" content=\"index, follow, max-snippet:-1, max-image-preview:large, max-video-preview:-1\" \/>\n<link rel=\"canonical\" href=\"https:\/\/www.ip.gov.py\/ip\/2020\/03\/02\/asumio-nuevo-director-ejecutivo-del-consejo-nacional-de-zonas-francas\/\" \/>\n<meta property=\"og:locale\" content=\"es_ES\" \/>\n<meta property=\"og:type\" content=\"article\" \/>\n<meta property=\"og:title\" content=\"Asumi\u00f3 nuevo director ejecutivo del Consejo Nacional de Zonas Francas - .::Agencia IP::.\" \/>\n<meta property=\"og:description\" content=\"Asunci\u00f3n, IP.- Este lunes, asumi\u00f3 oficialmente el nuevo director ejecutivo del Consejo Nacional de Zonas Francas, Roque Gonz\u00e1lez, en reemplazo de Ricardo Maldonado Banks. El traspaso de la direcci\u00f3n se realiz\u00f3 en la sede de la Subsecretar\u00eda de Estado de Tributaci\u00f3n (SET), con presencia del viceministro Oscar Oru\u00e9.\" \/>\n<meta property=\"og:url\" content=\"https:\/\/www.ip.gov.py\/ip\/2020\/03\/02\/asumio-nuevo-director-ejecutivo-del-consejo-nacional-de-zonas-francas\/\" \/>\n<meta property=\"og:site_name\" content=\".::Agencia IP::.\" \/>\n<meta property=\"article:publisher\" content=\"https:\/\/www.facebook.com\/IPParaguay\/\" \/>\n<meta property=\"article:published_time\" content=\"2020-03-02T16:13:12+00:00\" \/>\n<meta property=\"og:image\" content=\"https:\/\/www.ip.gov.py\/ip\/wp-content\/uploads\/2020\/03\/SET-Zona-Franca.jpg\" \/>\n\t<meta property=\"og:image:width\" content=\"786\" \/>\n\t<meta property=\"og:image:height\" content=\"497\" \/>\n\t<meta property=\"og:image:type\" content=\"image\/jpeg\" \/>\n<meta name=\"author\" content=\"Noelia Ferreira\" \/>\n<meta name=\"twitter:card\" content=\"summary_large_image\" \/>\n<meta name=\"twitter:creator\" content=\"@IPParaguay\" \/>\n<meta name=\"twitter:site\" content=\"@IPParaguay\" \/>\n<meta name=\"twitter:label1\" content=\"Escrito por\" \/>\n\t<meta name=\"twitter:data1\" content=\"Noelia Ferreira\" \/>\n\t<meta name=\"twitter:label2\" content=\"Tiempo de lectura\" \/>\n\t<meta name=\"twitter:data2\" content=\"1 minuto\" \/>\n<script type=\"application\/ld+json\" class=\"yoast-schema-graph\">{\"@context\":\"https:\\\/\\\/schema.org\",\"@graph\":[{\"@type\":\"Article\",\"@id\":\"https:\\\/\\\/www.ip.gov.py\\\/ip\\\/2020\\\/03\\\/02\\\/asumio-nuevo-director-ejecutivo-del-consejo-nacional-de-zonas-francas\\\/#article\",\"isPartOf\":{\"@id\":\"https:\\\/\\\/www.ip.gov.py\\\/ip\\\/2020\\\/03\\\/02\\\/asumio-nuevo-director-ejecutivo-del-consejo-nacional-de-zonas-francas\\\/\"},\"author\":{\"name\":\"Noelia Ferreira\",\"@id\":\"https:\\\/\\\/www.ip.gov.py\\\/ip\\\/#\\\/schema\\\/person\\\/791af27a9219bdbf9064abb776bb41c2\"},\"headline\":\"Asumi\u00f3 nuevo director ejecutivo del Consejo Nacional de Zonas Francas\",\"datePublished\":\"2020-03-02T16:13:12+00:00\",\"mainEntityOfPage\":{\"@id\":\"https:\\\/\\\/www.ip.gov.py\\\/ip\\\/2020\\\/03\\\/02\\\/asumio-nuevo-director-ejecutivo-del-consejo-nacional-de-zonas-francas\\\/\"},\"wordCount\":291,\"publisher\":{\"@id\":\"https:\\\/\\\/www.ip.gov.py\\\/ip\\\/#organization\"},\"image\":{\"@id\":\"https:\\\/\\\/www.ip.gov.py\\\/ip\\\/2020\\\/03\\\/02\\\/asumio-nuevo-director-ejecutivo-del-consejo-nacional-de-zonas-francas\\\/#primaryimage\"},\"thumbnailUrl\":\"https:\\\/\\\/www.ip.gov.py\\\/ip\\\/wp-content\\\/uploads\\\/2020\\\/03\\\/SET-Zona-Franca.jpg\",\"articleSection\":[\"Econom\u00eda\"],\"inLanguage\":\"es\"},{\"@type\":\"WebPage\",\"@id\":\"https:\\\/\\\/www.ip.gov.py\\\/ip\\\/2020\\\/03\\\/02\\\/asumio-nuevo-director-ejecutivo-del-consejo-nacional-de-zonas-francas\\\/\",\"url\":\"https:\\\/\\\/www.ip.gov.py\\\/ip\\\/2020\\\/03\\\/02\\\/asumio-nuevo-director-ejecutivo-del-consejo-nacional-de-zonas-francas\\\/\",\"name\":\"Asumi\u00f3 nuevo director ejecutivo del Consejo Nacional de Zonas Francas - .::Agencia IP::.\",\"isPartOf\":{\"@id\":\"https:\\\/\\\/www.ip.gov.py\\\/ip\\\/#website\"},\"primaryImageOfPage\":{\"@id\":\"https:\\\/\\\/www.ip.gov.py\\\/ip\\\/2020\\\/03\\\/02\\\/asumio-nuevo-director-ejecutivo-del-consejo-nacional-de-zonas-francas\\\/#primaryimage\"},\"image\":{\"@id\":\"https:\\\/\\\/www.ip.gov.py\\\/ip\\\/2020\\\/03\\\/02\\\/asumio-nuevo-director-ejecutivo-del-consejo-nacional-de-zonas-francas\\\/#primaryimage\"},\"thumbnailUrl\":\"https:\\\/\\\/www.ip.gov.py\\\/ip\\\/wp-content\\\/uploads\\\/2020\\\/03\\\/SET-Zona-Franca.jpg\",\"datePublished\":\"2020-03-02T16:13:12+00:00\",\"breadcrumb\":{\"@id\":\"https:\\\/\\\/www.ip.gov.py\\\/ip\\\/2020\\\/03\\\/02\\\/asumio-nuevo-director-ejecutivo-del-consejo-nacional-de-zonas-francas\\\/#breadcrumb\"},\"inLanguage\":\"es\",\"potentialAction\":[{\"@type\":\"ReadAction\",\"target\":[\"https:\\\/\\\/www.ip.gov.py\\\/ip\\\/2020\\\/03\\\/02\\\/asumio-nuevo-director-ejecutivo-del-consejo-nacional-de-zonas-francas\\\/\"]}]},{\"@type\":\"ImageObject\",\"inLanguage\":\"es\",\"@id\":\"https:\\\/\\\/www.ip.gov.py\\\/ip\\\/2020\\\/03\\\/02\\\/asumio-nuevo-director-ejecutivo-del-consejo-nacional-de-zonas-francas\\\/#primaryimage\",\"url\":\"https:\\\/\\\/www.ip.gov.py\\\/ip\\\/wp-content\\\/uploads\\\/2020\\\/03\\\/SET-Zona-Franca.jpg\",\"contentUrl\":\"https:\\\/\\\/www.ip.gov.py\\\/ip\\\/wp-content\\\/uploads\\\/2020\\\/03\\\/SET-Zona-Franca.jpg\",\"width\":786,\"height\":497,\"caption\":\"Foto: SET\"},{\"@type\":\"BreadcrumbList\",\"@id\":\"https:\\\/\\\/www.ip.gov.py\\\/ip\\\/2020\\\/03\\\/02\\\/asumio-nuevo-director-ejecutivo-del-consejo-nacional-de-zonas-francas\\\/#breadcrumb\",\"itemListElement\":[{\"@type\":\"ListItem\",\"position\":1,\"name\":\"Portada\",\"item\":\"https:\\\/\\\/www.ip.gov.py\\\/ip\\\/\"},{\"@type\":\"ListItem\",\"position\":2,\"name\":\"Asumi\u00f3 nuevo director ejecutivo del Consejo Nacional de Zonas Francas\"}]},{\"@type\":\"WebSite\",\"@id\":\"https:\\\/\\\/www.ip.gov.py\\\/ip\\\/#website\",\"url\":\"https:\\\/\\\/www.ip.gov.py\\\/ip\\\/\",\"name\":\".::Agencia IP::.\",\"description\":\"\",\"publisher\":{\"@id\":\"https:\\\/\\\/www.ip.gov.py\\\/ip\\\/#organization\"},\"potentialAction\":[{\"@type\":\"SearchAction\",\"target\":{\"@type\":\"EntryPoint\",\"urlTemplate\":\"https:\\\/\\\/www.ip.gov.py\\\/ip\\\/?s={search_term_string}\"},\"query-input\":{\"@type\":\"PropertyValueSpecification\",\"valueRequired\":true,\"valueName\":\"search_term_string\"}}],\"inLanguage\":\"es\"},{\"@type\":\"Organization\",\"@id\":\"https:\\\/\\\/www.ip.gov.py\\\/ip\\\/#organization\",\"name\":\"Agencia IP\",\"url\":\"https:\\\/\\\/www.ip.gov.py\\\/ip\\\/\",\"logo\":{\"@type\":\"ImageObject\",\"inLanguage\":\"es\",\"@id\":\"https:\\\/\\\/www.ip.gov.py\\\/ip\\\/#\\\/schema\\\/logo\\\/image\\\/\",\"url\":\"https:\\\/\\\/www.ip.gov.py\\\/ip\\\/wp-content\\\/uploads\\\/2018\\\/01\\\/Agencia-IP.jpg\",\"contentUrl\":\"https:\\\/\\\/www.ip.gov.py\\\/ip\\\/wp-content\\\/uploads\\\/2018\\\/01\\\/Agencia-IP.jpg\",\"width\":150,\"height\":150,\"caption\":\"Agencia IP\"},\"image\":{\"@id\":\"https:\\\/\\\/www.ip.gov.py\\\/ip\\\/#\\\/schema\\\/logo\\\/image\\\/\"},\"sameAs\":[\"https:\\\/\\\/www.facebook.com\\\/IPParaguay\\\/\",\"https:\\\/\\\/x.com\\\/IPParaguay\",\"https:\\\/\\\/www.instagram.com\\\/IPParaguay\"]},{\"@type\":\"Person\",\"@id\":\"https:\\\/\\\/www.ip.gov.py\\\/ip\\\/#\\\/schema\\\/person\\\/791af27a9219bdbf9064abb776bb41c2\",\"name\":\"Noelia Ferreira\",\"sameAs\":[\"http:\\\/\\\/www.ip.gov.py\"],\"url\":\"https:\\\/\\\/www.ip.gov.py\\\/ip\\\/author\\\/nferreira\\\/\"}]}<\/script>\n<!-- \/ Yoast SEO plugin. -->","yoast_head_json":{"title":"Asumi\u00f3 nuevo director ejecutivo del Consejo Nacional de Zonas Francas - .::Agencia IP::.","robots":{"index":"index","follow":"follow","max-snippet":"max-snippet:-1","max-image-preview":"max-image-preview:large","max-video-preview":"max-video-preview:-1"},"canonical":"https:\/\/www.ip.gov.py\/ip\/2020\/03\/02\/asumio-nuevo-director-ejecutivo-del-consejo-nacional-de-zonas-francas\/","og_locale":"es_ES","og_type":"article","og_title":"Asumi\u00f3 nuevo director ejecutivo del Consejo Nacional de Zonas Francas - .::Agencia IP::.","og_description":"Asunci\u00f3n, IP.- Este lunes, asumi\u00f3 oficialmente el nuevo director ejecutivo del Consejo Nacional de Zonas Francas, Roque Gonz\u00e1lez, en reemplazo de Ricardo Maldonado Banks. El traspaso de la direcci\u00f3n se realiz\u00f3 en la sede de la Subsecretar\u00eda de Estado de Tributaci\u00f3n (SET), con presencia del viceministro Oscar Oru\u00e9.","og_url":"https:\/\/www.ip.gov.py\/ip\/2020\/03\/02\/asumio-nuevo-director-ejecutivo-del-consejo-nacional-de-zonas-francas\/","og_site_name":".::Agencia IP::.","article_publisher":"https:\/\/www.facebook.com\/IPParaguay\/","article_published_time":"2020-03-02T16:13:12+00:00","og_image":[{"width":786,"height":497,"url":"https:\/\/www.ip.gov.py\/ip\/wp-content\/uploads\/2020\/03\/SET-Zona-Franca.jpg","type":"image\/jpeg"}],"author":"Noelia Ferreira","twitter_card":"summary_large_image","twitter_creator":"@IPParaguay","twitter_site":"@IPParaguay","twitter_misc":{"Escrito por":"Noelia Ferreira","Tiempo de lectura":"1 minuto"},"schema":{"@context":"https:\/\/schema.org","@graph":[{"@type":"Article","@id":"https:\/\/www.ip.gov.py\/ip\/2020\/03\/02\/asumio-nuevo-director-ejecutivo-del-consejo-nacional-de-zonas-francas\/#article","isPartOf":{"@id":"https:\/\/www.ip.gov.py\/ip\/2020\/03\/02\/asumio-nuevo-director-ejecutivo-del-consejo-nacional-de-zonas-francas\/"},"author":{"name":"Noelia Ferreira","@id":"https:\/\/www.ip.gov.py\/ip\/#\/schema\/person\/791af27a9219bdbf9064abb776bb41c2"},"headline":"Asumi\u00f3 nuevo director ejecutivo del Consejo Nacional de Zonas Francas","datePublished":"2020-03-02T16:13:12+00:00","mainEntityOfPage":{"@id":"https:\/\/www.ip.gov.py\/ip\/2020\/03\/02\/asumio-nuevo-director-ejecutivo-del-consejo-nacional-de-zonas-francas\/"},"wordCount":291,"publisher":{"@id":"https:\/\/www.ip.gov.py\/ip\/#organization"},"image":{"@id":"https:\/\/www.ip.gov.py\/ip\/2020\/03\/02\/asumio-nuevo-director-ejecutivo-del-consejo-nacional-de-zonas-francas\/#primaryimage"},"thumbnailUrl":"https:\/\/www.ip.gov.py\/ip\/wp-content\/uploads\/2020\/03\/SET-Zona-Franca.jpg","articleSection":["Econom\u00eda"],"inLanguage":"es"},{"@type":"WebPage","@id":"https:\/\/www.ip.gov.py\/ip\/2020\/03\/02\/asumio-nuevo-director-ejecutivo-del-consejo-nacional-de-zonas-francas\/","url":"https:\/\/www.ip.gov.py\/ip\/2020\/03\/02\/asumio-nuevo-director-ejecutivo-del-consejo-nacional-de-zonas-francas\/","name":"Asumi\u00f3 nuevo director ejecutivo del Consejo Nacional de Zonas Francas - .::Agencia IP::.","isPartOf":{"@id":"https:\/\/www.ip.gov.py\/ip\/#website"},"primaryImageOfPage":{"@id":"https:\/\/www.ip.gov.py\/ip\/2020\/03\/02\/asumio-nuevo-director-ejecutivo-del-consejo-nacional-de-zonas-francas\/#primaryimage"},"image":{"@id":"https:\/\/www.ip.gov.py\/ip\/2020\/03\/02\/asumio-nuevo-director-ejecutivo-del-consejo-nacional-de-zonas-francas\/#primaryimage"},"thumbnailUrl":"https:\/\/www.ip.gov.py\/ip\/wp-content\/uploads\/2020\/03\/SET-Zona-Franca.jpg","datePublished":"2020-03-02T16:13:12+00:00","breadcrumb":{"@id":"https:\/\/www.ip.gov.py\/ip\/2020\/03\/02\/asumio-nuevo-director-ejecutivo-del-consejo-nacional-de-zonas-francas\/#breadcrumb"},"inLanguage":"es","potentialAction":[{"@type":"ReadAction","target":["https:\/\/www.ip.gov.py\/ip\/2020\/03\/02\/asumio-nuevo-director-ejecutivo-del-consejo-nacional-de-zonas-francas\/"]}]},{"@type":"ImageObject","inLanguage":"es","@id":"https:\/\/www.ip.gov.py\/ip\/2020\/03\/02\/asumio-nuevo-director-ejecutivo-del-consejo-nacional-de-zonas-francas\/#primaryimage","url":"https:\/\/www.ip.gov.py\/ip\/wp-content\/uploads\/2020\/03\/SET-Zona-Franca.jpg","contentUrl":"https:\/\/www.ip.gov.py\/ip\/wp-content\/uploads\/2020\/03\/SET-Zona-Franca.jpg","width":786,"height":497,"caption":"Foto: SET"},{"@type":"BreadcrumbList","@id":"https:\/\/www.ip.gov.py\/ip\/2020\/03\/02\/asumio-nuevo-director-ejecutivo-del-consejo-nacional-de-zonas-francas\/#breadcrumb","itemListElement":[{"@type":"ListItem","position":1,"name":"Portada","item":"https:\/\/www.ip.gov.py\/ip\/"},{"@type":"ListItem","position":2,"name":"Asumi\u00f3 nuevo director ejecutivo del Consejo Nacional de Zonas Francas"}]},{"@type":"WebSite","@id":"https:\/\/www.ip.gov.py\/ip\/#website","url":"https:\/\/www.ip.gov.py\/ip\/","name":".::Agencia IP::.","description":"","publisher":{"@id":"https:\/\/www.ip.gov.py\/ip\/#organization"},"potentialAction":[{"@type":"SearchAction","target":{"@type":"EntryPoint","urlTemplate":"https:\/\/www.ip.gov.py\/ip\/?s={search_term_string}"},"query-input":{"@type":"PropertyValueSpecification","valueRequired":true,"valueName":"search_term_string"}}],"inLanguage":"es"},{"@type":"Organization","@id":"https:\/\/www.ip.gov.py\/ip\/#organization","name":"Agencia IP","url":"https:\/\/www.ip.gov.py\/ip\/","logo":{"@type":"ImageObject","inLanguage":"es","@id":"https:\/\/www.ip.gov.py\/ip\/#\/schema\/logo\/image\/","url":"https:\/\/www.ip.gov.py\/ip\/wp-content\/uploads\/2018\/01\/Agencia-IP.jpg","contentUrl":"https:\/\/www.ip.gov.py\/ip\/wp-content\/uploads\/2018\/01\/Agencia-IP.jpg","width":150,"height":150,"caption":"Agencia IP"},"image":{"@id":"https:\/\/www.ip.gov.py\/ip\/#\/schema\/logo\/image\/"},"sameAs":["https:\/\/www.facebook.com\/IPParaguay\/","https:\/\/x.com\/IPParaguay","https:\/\/www.instagram.com\/IPParaguay"]},{"@type":"Person","@id":"https:\/\/www.ip.gov.py\/ip\/#\/schema\/person\/791af27a9219bdbf9064abb776bb41c2","name":"Noelia Ferreira","sameAs":["http:\/\/www.ip.gov.py"],"url":"https:\/\/www.ip.gov.py\/ip\/author\/nferreira\/"}]}},"_links":{"self":[{"href":"https:\/\/www.ip.gov.py\/ip\/wp-json\/wp\/v2\/posts\/305507","targetHints":{"allow":["GET"]}}],"collection":[{"href":"https:\/\/www.ip.gov.py\/ip\/wp-json\/wp\/v2\/posts"}],"about":[{"href":"https:\/\/www.ip.gov.py\/ip\/wp-json\/wp\/v2\/types\/post"}],"author":[{"embeddable":true,"href":"https:\/\/www.ip.gov.py\/ip\/wp-json\/wp\/v2\/users\/23"}],"replies":[{"embeddable":true,"href":"https:\/\/www.ip.gov.py\/ip\/wp-json\/wp\/v2\/comments?post=305507"}],"version-history":[{"count":0,"href":"https:\/\/www.ip.gov.py\/ip\/wp-json\/wp\/v2\/posts\/305507\/revisions"}],"wp:featuredmedia":[{"embeddable":true,"href":"https:\/\/www.ip.gov.py\/ip\/wp-json\/wp\/v2\/media\/305509"}],"wp:attachment":[{"href":"https:\/\/www.ip.gov.py\/ip\/wp-json\/wp\/v2\/media?parent=305507"}],"wp:term":[{"taxonomy":"category","embeddable":true,"href":"https:\/\/www.ip.gov.py\/ip\/wp-json\/wp\/v2\/categories?post=305507"},{"taxonomy":"post_tag","embeddable":true,"href":"https:\/\/www.ip.gov.py\/ip\/wp-json\/wp\/v2\/tags?post=305507"}],"curies":[{"name":"wp","href":"https:\/\/api.w.org\/{rel}","templated":true}]}}