{"id":307801,"date":"2020-03-16T09:01:41","date_gmt":"2020-03-16T12:01:41","guid":{"rendered":"https:\/\/www.ip.gov.py\/ip\/?p=307801"},"modified":"2020-03-16T09:01:41","modified_gmt":"2020-03-16T12:01:41","slug":"espana-registra-mas-de-1-000-contagios-por-coronavirus-en-24-horas","status":"publish","type":"post","link":"https:\/\/www.ip.gov.py\/ip\/2020\/03\/16\/espana-registra-mas-de-1-000-contagios-por-coronavirus-en-24-horas\/","title":{"rendered":"Espa\u00f1a registra m\u00e1s de 1.000 contagios por coronavirus en 24 horas"},"content":{"rendered":"<p style=\"text-align: justify;\"><em><strong>Madrid.-<\/strong><\/em>El Ministerio de Sanidad del Gobierno de Espa\u00f1a confirm\u00f3 un crecimiento de m\u00e1s de mil casos nuevos por coronavirus en las \u00faltimas 24 horas, con lo cual se elevan a m\u00e1s de 8.700 los contagiados, con un 40% de los pacientes hospitalizados, mientras que el n\u00famero de fallecidos ascendi\u00f3 a casi 300.<!--more--><\/p>\n<p style=\"text-align: justify;\">\u00abAhora mismo en Espa\u00f1a notificados esta ma\u00f1ana son 8.744 casos en el pa\u00eds, lo que implica un incremento de algo m\u00e1s de 1.000 casos respecto a ayer [el 15 de marzo]\u00bb, inform\u00f3 en rueda de prensa el director del centro de alertas y emergencias del Ministerio de Sanidad, Fernando Sim\u00f3n.<\/p>\n<p style=\"text-align: justify;\">El n\u00famero de fallecimientos en las \u00faltimas horas ascendi\u00f3 a 297, mientras que 410 personas permanecen hospitalizadas en estado grave.<\/p>\n<p style=\"text-align: justify;\">Un total de 3.215 personas est\u00e1n siendo asistidas en centros hospitalarios, poco m\u00e1s del 40% de los casos, mientras que 521 personas ya se recuperaron de la enfermedad y fueron dadas de alta.<\/p>\n<p style=\"text-align: justify;\">La reducci\u00f3n de nuevos casos diarios, que el \u00faltimo d\u00eda eran 2.000 pero en esta jornada bajaron a un millar, se debe a que el Gobierno cambi\u00f3 la manera de gestionar el recuento de casos, por lo que los \u00faltimos datos son de la noche anterior.<\/p>\n<p style=\"text-align: justify;\">As\u00ed lo explic\u00f3 Fernando Sim\u00f3n, que advirti\u00f3 que los contagios \u00abno est\u00e1n bajando\u00bb, sino que el periodo de fin de semana y el cambio en los criterios para recoger la informaci\u00f3n procedente de las regiones espa\u00f1olas provoc\u00f3 \u00abretrasos en la informaci\u00f3n\u00bb.<\/p>\n<p style=\"text-align: justify;\">M\u00e1s de la mitad de los contagios registrados en Espa\u00f1a se siguen dando en la Comunidad de Madrid, donde los infectados ascienden a 4.665.<\/p>\n<p style=\"text-align: justify;\">El Ministerio de Sanidad no ofreci\u00f3 en esta ocasi\u00f3n un desglose de los casos en cada regi\u00f3n espa\u00f1ola, aunque se conoce que las m\u00e1s afectadas despu\u00e9s de Madrid siguen siendo Pa\u00eds Vasco, La Rioja y Catalu\u00f1a.<\/p>\n<p style=\"text-align: justify;\">Una de las nuevas cifras ofrecidas por el Gobierno es la de letalidad del COVID-19, que en Espa\u00f1a se sit\u00faa alrededor del 3%.<\/p>\n<p style=\"text-align: justify;\">Este porcentaje se debe a que algunos de los primeros focos de transmisi\u00f3n se dieron en centros de personas mayores, un colectivo especialmente vulnerable al virus, seg\u00fan explic\u00f3 Sim\u00f3n.<\/p>\n<p style=\"text-align: justify;\">Este 16 de marzo se reuni\u00f3 por primera vez el comit\u00e9 t\u00e9cnico de gesti\u00f3n del coronavirus desplegado en el marco del estado de alarma, dirigido por el presidente de Espa\u00f1a, Pedro S\u00e1nchez, e integrado por las autoridades de los Ministerios de Sanidad, Interior, Defensa y Transportes.<\/p>\n<p style=\"text-align: justify;\">La situaci\u00f3n en Espa\u00f1a sigue siendo de un \u00abincremento progresivo\u00bb de la detecci\u00f3n de contagios, algo que est\u00e1 suponiendo \u00abun estr\u00e9s considerable sobre los servicios sanitarios\u00bb, explic\u00f3 el director de emergencias sanitarias.<\/p>\n<p style=\"text-align: justify;\">El Gobierno espa\u00f1ol prev\u00e9 que se produzca un fuerte incremento de casos durante los pr\u00f3ximos 10 d\u00edas, momento en que se espera un pico de los contagios.<\/p>\n<p style=\"text-align: justify;\">El estado de alarma y las consecuentes medidas de restricci\u00f3n de la movilidad de los ciudadanos se aplicaron el 14 de marzo, por lo que Sanidad considera que todav\u00eda es pronto para ver su impacto.<\/p>\n<p style=\"text-align: justify;\">\u00abSi aplicamos las medidas que se est\u00e1n proponiendo y seguimos a rajatabla el distanciamiento social. Es muy probable que el impacto sea r\u00e1pido y dr\u00e1stico, a partir de hoy mismo, aunque no lo observaremos hasta dentro de 3 o 4 d\u00edas como m\u00ednimo\u00bb, se\u00f1al\u00f3 Sim\u00f3n.<\/p>\n<p style=\"text-align: justify;\">El Ministerio de Sanidad trabaja para recabar informaci\u00f3n m\u00e1s detallada sobre las caracter\u00edsticas de los pacientes, como edad y sexo, las cuales har\u00e1 p\u00fablica en los pr\u00f3ximos d\u00edas.<\/p>\n<p style=\"text-align: justify;\">\n","protected":false},"excerpt":{"rendered":"<p>Madrid.-El Ministerio de Sanidad del Gobierno de Espa\u00f1a confirm\u00f3 un crecimiento de m\u00e1s de mil casos nuevos por coronavirus en las \u00faltimas 24 horas, con lo cual se elevan a m\u00e1s de 8.700 los contagiados, con un 40% de los pacientes hospitalizados, mientras que el n\u00famero de fallecidos ascendi\u00f3 a casi 300.<\/p>\n","protected":false},"author":11,"featured_media":307803,"comment_status":"closed","ping_status":"closed","sticky":false,"template":"","format":"standard","meta":{"_monsterinsights_skip_tracking":false,"_monsterinsights_sitenote_active":false,"_monsterinsights_sitenote_note":"","_monsterinsights_sitenote_category":0,"footnotes":""},"categories":[5],"tags":[],"class_list":{"0":"post-307801","1":"post","2":"type-post","3":"status-publish","4":"format-standard","5":"has-post-thumbnail","7":"category-internacionales"},"yoast_head":"<!-- This site is optimized with the Yoast SEO plugin v27.5 - https:\/\/yoast.com\/product\/yoast-seo-wordpress\/ -->\n<title>Espa\u00f1a registra m\u00e1s de 1.000 contagios por coronavirus en 24 horas - .::Agencia IP::.<\/title>\n<meta name=\"robots\" content=\"index, follow, max-snippet:-1, max-image-preview:large, max-video-preview:-1\" \/>\n<link rel=\"canonical\" href=\"https:\/\/www.ip.gov.py\/ip\/2020\/03\/16\/espana-registra-mas-de-1-000-contagios-por-coronavirus-en-24-horas\/\" \/>\n<meta property=\"og:locale\" content=\"es_ES\" \/>\n<meta property=\"og:type\" content=\"article\" \/>\n<meta property=\"og:title\" content=\"Espa\u00f1a registra m\u00e1s de 1.000 contagios por coronavirus en 24 horas - .::Agencia IP::.\" \/>\n<meta property=\"og:description\" content=\"Madrid.-El Ministerio de Sanidad del Gobierno de Espa\u00f1a confirm\u00f3 un crecimiento de m\u00e1s de mil casos nuevos por coronavirus en las \u00faltimas 24 horas, con lo cual se elevan a m\u00e1s de 8.700 los contagiados, con un 40% de los pacientes hospitalizados, mientras que el n\u00famero de fallecidos ascendi\u00f3 a casi 300.\" \/>\n<meta property=\"og:url\" content=\"https:\/\/www.ip.gov.py\/ip\/2020\/03\/16\/espana-registra-mas-de-1-000-contagios-por-coronavirus-en-24-horas\/\" \/>\n<meta property=\"og:site_name\" content=\".::Agencia IP::.\" \/>\n<meta property=\"article:publisher\" content=\"https:\/\/www.facebook.com\/IPParaguay\/\" \/>\n<meta property=\"article:published_time\" content=\"2020-03-16T12:01:41+00:00\" \/>\n<meta property=\"og:image\" content=\"https:\/\/www.ip.gov.py\/ip\/wp-content\/uploads\/2020\/03\/Espa\u00f1a-2.jpg\" \/>\n\t<meta property=\"og:image:width\" content=\"624\" \/>\n\t<meta property=\"og:image:height\" content=\"351\" \/>\n\t<meta property=\"og:image:type\" content=\"image\/jpeg\" \/>\n<meta name=\"author\" content=\"vrios\" \/>\n<meta name=\"twitter:card\" content=\"summary_large_image\" \/>\n<meta name=\"twitter:creator\" content=\"@IPParaguay\" \/>\n<meta name=\"twitter:site\" content=\"@IPParaguay\" \/>\n<meta name=\"twitter:label1\" content=\"Escrito por\" \/>\n\t<meta name=\"twitter:data1\" content=\"vrios\" \/>\n\t<meta name=\"twitter:label2\" content=\"Tiempo de lectura\" \/>\n\t<meta name=\"twitter:data2\" content=\"3 minutos\" \/>\n<script type=\"application\/ld+json\" class=\"yoast-schema-graph\">{\"@context\":\"https:\\\/\\\/schema.org\",\"@graph\":[{\"@type\":\"Article\",\"@id\":\"https:\\\/\\\/www.ip.gov.py\\\/ip\\\/2020\\\/03\\\/16\\\/espana-registra-mas-de-1-000-contagios-por-coronavirus-en-24-horas\\\/#article\",\"isPartOf\":{\"@id\":\"https:\\\/\\\/www.ip.gov.py\\\/ip\\\/2020\\\/03\\\/16\\\/espana-registra-mas-de-1-000-contagios-por-coronavirus-en-24-horas\\\/\"},\"author\":{\"name\":\"vrios\",\"@id\":\"https:\\\/\\\/www.ip.gov.py\\\/ip\\\/#\\\/schema\\\/person\\\/fa3668852e893cb0423795330f919039\"},\"headline\":\"Espa\u00f1a registra m\u00e1s de 1.000 contagios por coronavirus en 24 horas\",\"datePublished\":\"2020-03-16T12:01:41+00:00\",\"mainEntityOfPage\":{\"@id\":\"https:\\\/\\\/www.ip.gov.py\\\/ip\\\/2020\\\/03\\\/16\\\/espana-registra-mas-de-1-000-contagios-por-coronavirus-en-24-horas\\\/\"},\"wordCount\":619,\"publisher\":{\"@id\":\"https:\\\/\\\/www.ip.gov.py\\\/ip\\\/#organization\"},\"image\":{\"@id\":\"https:\\\/\\\/www.ip.gov.py\\\/ip\\\/2020\\\/03\\\/16\\\/espana-registra-mas-de-1-000-contagios-por-coronavirus-en-24-horas\\\/#primaryimage\"},\"thumbnailUrl\":\"https:\\\/\\\/www.ip.gov.py\\\/ip\\\/wp-content\\\/uploads\\\/2020\\\/03\\\/Espa\u00f1a-2.jpg\",\"articleSection\":[\"Internacionales\"],\"inLanguage\":\"es\"},{\"@type\":\"WebPage\",\"@id\":\"https:\\\/\\\/www.ip.gov.py\\\/ip\\\/2020\\\/03\\\/16\\\/espana-registra-mas-de-1-000-contagios-por-coronavirus-en-24-horas\\\/\",\"url\":\"https:\\\/\\\/www.ip.gov.py\\\/ip\\\/2020\\\/03\\\/16\\\/espana-registra-mas-de-1-000-contagios-por-coronavirus-en-24-horas\\\/\",\"name\":\"Espa\u00f1a registra m\u00e1s de 1.000 contagios por coronavirus en 24 horas - .::Agencia IP::.\",\"isPartOf\":{\"@id\":\"https:\\\/\\\/www.ip.gov.py\\\/ip\\\/#website\"},\"primaryImageOfPage\":{\"@id\":\"https:\\\/\\\/www.ip.gov.py\\\/ip\\\/2020\\\/03\\\/16\\\/espana-registra-mas-de-1-000-contagios-por-coronavirus-en-24-horas\\\/#primaryimage\"},\"image\":{\"@id\":\"https:\\\/\\\/www.ip.gov.py\\\/ip\\\/2020\\\/03\\\/16\\\/espana-registra-mas-de-1-000-contagios-por-coronavirus-en-24-horas\\\/#primaryimage\"},\"thumbnailUrl\":\"https:\\\/\\\/www.ip.gov.py\\\/ip\\\/wp-content\\\/uploads\\\/2020\\\/03\\\/Espa\u00f1a-2.jpg\",\"datePublished\":\"2020-03-16T12:01:41+00:00\",\"breadcrumb\":{\"@id\":\"https:\\\/\\\/www.ip.gov.py\\\/ip\\\/2020\\\/03\\\/16\\\/espana-registra-mas-de-1-000-contagios-por-coronavirus-en-24-horas\\\/#breadcrumb\"},\"inLanguage\":\"es\",\"potentialAction\":[{\"@type\":\"ReadAction\",\"target\":[\"https:\\\/\\\/www.ip.gov.py\\\/ip\\\/2020\\\/03\\\/16\\\/espana-registra-mas-de-1-000-contagios-por-coronavirus-en-24-horas\\\/\"]}]},{\"@type\":\"ImageObject\",\"inLanguage\":\"es\",\"@id\":\"https:\\\/\\\/www.ip.gov.py\\\/ip\\\/2020\\\/03\\\/16\\\/espana-registra-mas-de-1-000-contagios-por-coronavirus-en-24-horas\\\/#primaryimage\",\"url\":\"https:\\\/\\\/www.ip.gov.py\\\/ip\\\/wp-content\\\/uploads\\\/2020\\\/03\\\/Espa\u00f1a-2.jpg\",\"contentUrl\":\"https:\\\/\\\/www.ip.gov.py\\\/ip\\\/wp-content\\\/uploads\\\/2020\\\/03\\\/Espa\u00f1a-2.jpg\",\"width\":624,\"height\":351,\"caption\":\"El Confindencial\"},{\"@type\":\"BreadcrumbList\",\"@id\":\"https:\\\/\\\/www.ip.gov.py\\\/ip\\\/2020\\\/03\\\/16\\\/espana-registra-mas-de-1-000-contagios-por-coronavirus-en-24-horas\\\/#breadcrumb\",\"itemListElement\":[{\"@type\":\"ListItem\",\"position\":1,\"name\":\"Portada\",\"item\":\"https:\\\/\\\/www.ip.gov.py\\\/ip\\\/\"},{\"@type\":\"ListItem\",\"position\":2,\"name\":\"Espa\u00f1a registra m\u00e1s de 1.000 contagios por coronavirus en 24 horas\"}]},{\"@type\":\"WebSite\",\"@id\":\"https:\\\/\\\/www.ip.gov.py\\\/ip\\\/#website\",\"url\":\"https:\\\/\\\/www.ip.gov.py\\\/ip\\\/\",\"name\":\".::Agencia IP::.\",\"description\":\"\",\"publisher\":{\"@id\":\"https:\\\/\\\/www.ip.gov.py\\\/ip\\\/#organization\"},\"potentialAction\":[{\"@type\":\"SearchAction\",\"target\":{\"@type\":\"EntryPoint\",\"urlTemplate\":\"https:\\\/\\\/www.ip.gov.py\\\/ip\\\/?s={search_term_string}\"},\"query-input\":{\"@type\":\"PropertyValueSpecification\",\"valueRequired\":true,\"valueName\":\"search_term_string\"}}],\"inLanguage\":\"es\"},{\"@type\":\"Organization\",\"@id\":\"https:\\\/\\\/www.ip.gov.py\\\/ip\\\/#organization\",\"name\":\"Agencia IP\",\"url\":\"https:\\\/\\\/www.ip.gov.py\\\/ip\\\/\",\"logo\":{\"@type\":\"ImageObject\",\"inLanguage\":\"es\",\"@id\":\"https:\\\/\\\/www.ip.gov.py\\\/ip\\\/#\\\/schema\\\/logo\\\/image\\\/\",\"url\":\"https:\\\/\\\/www.ip.gov.py\\\/ip\\\/wp-content\\\/uploads\\\/2018\\\/01\\\/Agencia-IP.jpg\",\"contentUrl\":\"https:\\\/\\\/www.ip.gov.py\\\/ip\\\/wp-content\\\/uploads\\\/2018\\\/01\\\/Agencia-IP.jpg\",\"width\":150,\"height\":150,\"caption\":\"Agencia IP\"},\"image\":{\"@id\":\"https:\\\/\\\/www.ip.gov.py\\\/ip\\\/#\\\/schema\\\/logo\\\/image\\\/\"},\"sameAs\":[\"https:\\\/\\\/www.facebook.com\\\/IPParaguay\\\/\",\"https:\\\/\\\/x.com\\\/IPParaguay\",\"https:\\\/\\\/www.instagram.com\\\/IPParaguay\"]},{\"@type\":\"Person\",\"@id\":\"https:\\\/\\\/www.ip.gov.py\\\/ip\\\/#\\\/schema\\\/person\\\/fa3668852e893cb0423795330f919039\",\"name\":\"vrios\",\"url\":\"https:\\\/\\\/www.ip.gov.py\\\/ip\\\/author\\\/vrios\\\/\"}]}<\/script>\n<!-- \/ Yoast SEO plugin. -->","yoast_head_json":{"title":"Espa\u00f1a registra m\u00e1s de 1.000 contagios por coronavirus en 24 horas - .::Agencia IP::.","robots":{"index":"index","follow":"follow","max-snippet":"max-snippet:-1","max-image-preview":"max-image-preview:large","max-video-preview":"max-video-preview:-1"},"canonical":"https:\/\/www.ip.gov.py\/ip\/2020\/03\/16\/espana-registra-mas-de-1-000-contagios-por-coronavirus-en-24-horas\/","og_locale":"es_ES","og_type":"article","og_title":"Espa\u00f1a registra m\u00e1s de 1.000 contagios por coronavirus en 24 horas - .::Agencia IP::.","og_description":"Madrid.-El Ministerio de Sanidad del Gobierno de Espa\u00f1a confirm\u00f3 un crecimiento de m\u00e1s de mil casos nuevos por coronavirus en las \u00faltimas 24 horas, con lo cual se elevan a m\u00e1s de 8.700 los contagiados, con un 40% de los pacientes hospitalizados, mientras que el n\u00famero de fallecidos ascendi\u00f3 a casi 300.","og_url":"https:\/\/www.ip.gov.py\/ip\/2020\/03\/16\/espana-registra-mas-de-1-000-contagios-por-coronavirus-en-24-horas\/","og_site_name":".::Agencia IP::.","article_publisher":"https:\/\/www.facebook.com\/IPParaguay\/","article_published_time":"2020-03-16T12:01:41+00:00","og_image":[{"width":624,"height":351,"url":"https:\/\/www.ip.gov.py\/ip\/wp-content\/uploads\/2020\/03\/Espa\u00f1a-2.jpg","type":"image\/jpeg"}],"author":"vrios","twitter_card":"summary_large_image","twitter_creator":"@IPParaguay","twitter_site":"@IPParaguay","twitter_misc":{"Escrito por":"vrios","Tiempo de lectura":"3 minutos"},"schema":{"@context":"https:\/\/schema.org","@graph":[{"@type":"Article","@id":"https:\/\/www.ip.gov.py\/ip\/2020\/03\/16\/espana-registra-mas-de-1-000-contagios-por-coronavirus-en-24-horas\/#article","isPartOf":{"@id":"https:\/\/www.ip.gov.py\/ip\/2020\/03\/16\/espana-registra-mas-de-1-000-contagios-por-coronavirus-en-24-horas\/"},"author":{"name":"vrios","@id":"https:\/\/www.ip.gov.py\/ip\/#\/schema\/person\/fa3668852e893cb0423795330f919039"},"headline":"Espa\u00f1a registra m\u00e1s de 1.000 contagios por coronavirus en 24 horas","datePublished":"2020-03-16T12:01:41+00:00","mainEntityOfPage":{"@id":"https:\/\/www.ip.gov.py\/ip\/2020\/03\/16\/espana-registra-mas-de-1-000-contagios-por-coronavirus-en-24-horas\/"},"wordCount":619,"publisher":{"@id":"https:\/\/www.ip.gov.py\/ip\/#organization"},"image":{"@id":"https:\/\/www.ip.gov.py\/ip\/2020\/03\/16\/espana-registra-mas-de-1-000-contagios-por-coronavirus-en-24-horas\/#primaryimage"},"thumbnailUrl":"https:\/\/www.ip.gov.py\/ip\/wp-content\/uploads\/2020\/03\/Espa\u00f1a-2.jpg","articleSection":["Internacionales"],"inLanguage":"es"},{"@type":"WebPage","@id":"https:\/\/www.ip.gov.py\/ip\/2020\/03\/16\/espana-registra-mas-de-1-000-contagios-por-coronavirus-en-24-horas\/","url":"https:\/\/www.ip.gov.py\/ip\/2020\/03\/16\/espana-registra-mas-de-1-000-contagios-por-coronavirus-en-24-horas\/","name":"Espa\u00f1a registra m\u00e1s de 1.000 contagios por coronavirus en 24 horas - .::Agencia IP::.","isPartOf":{"@id":"https:\/\/www.ip.gov.py\/ip\/#website"},"primaryImageOfPage":{"@id":"https:\/\/www.ip.gov.py\/ip\/2020\/03\/16\/espana-registra-mas-de-1-000-contagios-por-coronavirus-en-24-horas\/#primaryimage"},"image":{"@id":"https:\/\/www.ip.gov.py\/ip\/2020\/03\/16\/espana-registra-mas-de-1-000-contagios-por-coronavirus-en-24-horas\/#primaryimage"},"thumbnailUrl":"https:\/\/www.ip.gov.py\/ip\/wp-content\/uploads\/2020\/03\/Espa\u00f1a-2.jpg","datePublished":"2020-03-16T12:01:41+00:00","breadcrumb":{"@id":"https:\/\/www.ip.gov.py\/ip\/2020\/03\/16\/espana-registra-mas-de-1-000-contagios-por-coronavirus-en-24-horas\/#breadcrumb"},"inLanguage":"es","potentialAction":[{"@type":"ReadAction","target":["https:\/\/www.ip.gov.py\/ip\/2020\/03\/16\/espana-registra-mas-de-1-000-contagios-por-coronavirus-en-24-horas\/"]}]},{"@type":"ImageObject","inLanguage":"es","@id":"https:\/\/www.ip.gov.py\/ip\/2020\/03\/16\/espana-registra-mas-de-1-000-contagios-por-coronavirus-en-24-horas\/#primaryimage","url":"https:\/\/www.ip.gov.py\/ip\/wp-content\/uploads\/2020\/03\/Espa\u00f1a-2.jpg","contentUrl":"https:\/\/www.ip.gov.py\/ip\/wp-content\/uploads\/2020\/03\/Espa\u00f1a-2.jpg","width":624,"height":351,"caption":"El Confindencial"},{"@type":"BreadcrumbList","@id":"https:\/\/www.ip.gov.py\/ip\/2020\/03\/16\/espana-registra-mas-de-1-000-contagios-por-coronavirus-en-24-horas\/#breadcrumb","itemListElement":[{"@type":"ListItem","position":1,"name":"Portada","item":"https:\/\/www.ip.gov.py\/ip\/"},{"@type":"ListItem","position":2,"name":"Espa\u00f1a registra m\u00e1s de 1.000 contagios por coronavirus en 24 horas"}]},{"@type":"WebSite","@id":"https:\/\/www.ip.gov.py\/ip\/#website","url":"https:\/\/www.ip.gov.py\/ip\/","name":".::Agencia IP::.","description":"","publisher":{"@id":"https:\/\/www.ip.gov.py\/ip\/#organization"},"potentialAction":[{"@type":"SearchAction","target":{"@type":"EntryPoint","urlTemplate":"https:\/\/www.ip.gov.py\/ip\/?s={search_term_string}"},"query-input":{"@type":"PropertyValueSpecification","valueRequired":true,"valueName":"search_term_string"}}],"inLanguage":"es"},{"@type":"Organization","@id":"https:\/\/www.ip.gov.py\/ip\/#organization","name":"Agencia IP","url":"https:\/\/www.ip.gov.py\/ip\/","logo":{"@type":"ImageObject","inLanguage":"es","@id":"https:\/\/www.ip.gov.py\/ip\/#\/schema\/logo\/image\/","url":"https:\/\/www.ip.gov.py\/ip\/wp-content\/uploads\/2018\/01\/Agencia-IP.jpg","contentUrl":"https:\/\/www.ip.gov.py\/ip\/wp-content\/uploads\/2018\/01\/Agencia-IP.jpg","width":150,"height":150,"caption":"Agencia IP"},"image":{"@id":"https:\/\/www.ip.gov.py\/ip\/#\/schema\/logo\/image\/"},"sameAs":["https:\/\/www.facebook.com\/IPParaguay\/","https:\/\/x.com\/IPParaguay","https:\/\/www.instagram.com\/IPParaguay"]},{"@type":"Person","@id":"https:\/\/www.ip.gov.py\/ip\/#\/schema\/person\/fa3668852e893cb0423795330f919039","name":"vrios","url":"https:\/\/www.ip.gov.py\/ip\/author\/vrios\/"}]}},"_links":{"self":[{"href":"https:\/\/www.ip.gov.py\/ip\/wp-json\/wp\/v2\/posts\/307801","targetHints":{"allow":["GET"]}}],"collection":[{"href":"https:\/\/www.ip.gov.py\/ip\/wp-json\/wp\/v2\/posts"}],"about":[{"href":"https:\/\/www.ip.gov.py\/ip\/wp-json\/wp\/v2\/types\/post"}],"author":[{"embeddable":true,"href":"https:\/\/www.ip.gov.py\/ip\/wp-json\/wp\/v2\/users\/11"}],"replies":[{"embeddable":true,"href":"https:\/\/www.ip.gov.py\/ip\/wp-json\/wp\/v2\/comments?post=307801"}],"version-history":[{"count":0,"href":"https:\/\/www.ip.gov.py\/ip\/wp-json\/wp\/v2\/posts\/307801\/revisions"}],"wp:featuredmedia":[{"embeddable":true,"href":"https:\/\/www.ip.gov.py\/ip\/wp-json\/wp\/v2\/media\/307803"}],"wp:attachment":[{"href":"https:\/\/www.ip.gov.py\/ip\/wp-json\/wp\/v2\/media?parent=307801"}],"wp:term":[{"taxonomy":"category","embeddable":true,"href":"https:\/\/www.ip.gov.py\/ip\/wp-json\/wp\/v2\/categories?post=307801"},{"taxonomy":"post_tag","embeddable":true,"href":"https:\/\/www.ip.gov.py\/ip\/wp-json\/wp\/v2\/tags?post=307801"}],"curies":[{"name":"wp","href":"https:\/\/api.w.org\/{rel}","templated":true}]}}