{"id":310740,"date":"2020-04-04T08:12:51","date_gmt":"2020-04-04T12:12:51","guid":{"rendered":"https:\/\/www.ip.gov.py\/ip\/?p=310740"},"modified":"2020-04-04T08:12:51","modified_gmt":"2020-04-04T12:12:51","slug":"espana-registra-la-cifra-mas-baja-de-muertos-diarios-de-la-ultima-semana","status":"publish","type":"post","link":"https:\/\/www.ip.gov.py\/ip\/2020\/04\/04\/espana-registra-la-cifra-mas-baja-de-muertos-diarios-de-la-ultima-semana\/","title":{"rendered":"Espa\u00f1a registra la cifra m\u00e1s baja de muertos diarios de la \u00faltima semana"},"content":{"rendered":"<p style=\"text-align: justify;\"><em><strong>Espa\u00f1a.-<\/strong><\/em> La pandemia de coronavirus se sigue suavizando en Espa\u00f1a, donde hoy se registraron 809 nuevos fallecidos, la cifra diaria m\u00e1s baja de la \u00faltima semana, que eleva el total de v\u00edctimas fatales a 11.744, mientras los contagios tambi\u00e9n aumentan a un ritmo menor, con 7.026 nuevos infectados, que elevan el total a 124.736.<!--more--><\/p>\n<p style=\"text-align: justify;\">La cifra de fallecidos es notablemente inferior a la jornada previa, cuando se registraron 123 muertos m\u00e1s, hasta llegar a los 932.<\/p>\n<p style=\"text-align: justify;\">De acuerdo en el \u00faltimo balance del Ministerio de Sanidad espa\u00f1ol, del total de infectados por Covid-19, 57.612 necesitaron hospitalizaci\u00f3n, de las cuales 6.532 tuvieron que acceder a las Unidades de Cuidados Intensivos (UCI), apenas 116 m\u00e1s que la jornada previa.<\/p>\n<p style=\"text-align: justify;\">El dato que sigue alentando a las autoridades es el incremento de las altas m\u00e9dicas entre los diagnosticados, que ya son 34.219.<\/p>\n<p style=\"text-align: justify;\">En cuanto a los contagios el repunte fue de un 6%, el incremento porcentual diario m\u00e1s bajo desde que entr\u00f3 en vigor el estado de alarma y el confinamiento obligatorio de la poblaci\u00f3n, el pasado 14 de marzo, inform\u00f3 T\u00e9lam.<\/p>\n<p style=\"text-align: justify;\">Con estas cifras sobre la mesa, el presidente del gobierno espa\u00f1ol, Pedro S\u00e1nchez, se dispone a anunciar una segunda pr\u00f3rroga de 15 d\u00edas del estado de alarma, lo que llevar\u00e1 a que la sociedad espa\u00f1ola permanezca aislada hasta el 26 de abril.<\/p>\n<p style=\"text-align: justify;\">El objetivo principal del confinamiento es contener los contagios para evitar el colapso del sistema sanitario, especialmente en los lugares donde se produjeron los brotes m\u00e1s amplios, empezando por la Comunicad de Madrid, que concentra la mitad de los infectados, y siguiendo por Catalu\u00f1a.<\/p>\n<p style=\"text-align: justify;\">No obstante, los datos del Ministerio de Sanidad muestras que la presi\u00f3n en las UCI de los hospitales de la Comunidad de Madrid y Catalu\u00f1a est\u00e1 bajando, aunque los profesionales sanitarios contin\u00faan trabajando al l\u00edmite en t\u00e9rminos de recursos humanos y materiales.<\/p>\n<p style=\"text-align: justify;\">Por otro lado, hay malas noticias para los amantes del f\u00fatbol, ya que el experto en epidemias de referencia del gobierno catal\u00e1n, Oriol Mitj\u00e0, asegur\u00f3 hoy que en declaraciones radiales que \u00abno volver\u00eda a abrir el estadio Camp Nou\u00bb hasta el oto\u00f1o, arrojando agua fr\u00eda sobre las pretensiones de los directivos del FC Barcelona, referente del f\u00fatbol mundial, de volver a jugar esta temporada.<\/p>\n","protected":false},"excerpt":{"rendered":"<p>Espa\u00f1a.- La pandemia de coronavirus se sigue suavizando en Espa\u00f1a, donde hoy se registraron 809 nuevos fallecidos, la cifra diaria m\u00e1s baja de la \u00faltima semana, que eleva el total de v\u00edctimas fatales a 11.744, mientras los contagios tambi\u00e9n aumentan a un ritmo menor, con 7.026 nuevos infectados, que elevan el total a 124.736.<\/p>\n","protected":false},"author":23,"featured_media":309993,"comment_status":"closed","ping_status":"closed","sticky":false,"template":"","format":"standard","meta":{"_monsterinsights_skip_tracking":false,"_monsterinsights_sitenote_active":false,"_monsterinsights_sitenote_note":"","_monsterinsights_sitenote_category":0,"footnotes":""},"categories":[5],"tags":[],"class_list":{"0":"post-310740","1":"post","2":"type-post","3":"status-publish","4":"format-standard","5":"has-post-thumbnail","7":"category-internacionales"},"yoast_head":"<!-- This site is optimized with the Yoast SEO plugin v27.5 - https:\/\/yoast.com\/product\/yoast-seo-wordpress\/ -->\n<title>Espa\u00f1a registra la cifra m\u00e1s baja de muertos diarios de la \u00faltima semana - .::Agencia IP::.<\/title>\n<meta name=\"robots\" content=\"index, follow, max-snippet:-1, max-image-preview:large, max-video-preview:-1\" \/>\n<link rel=\"canonical\" href=\"https:\/\/www.ip.gov.py\/ip\/2020\/04\/04\/espana-registra-la-cifra-mas-baja-de-muertos-diarios-de-la-ultima-semana\/\" \/>\n<meta property=\"og:locale\" content=\"es_ES\" \/>\n<meta property=\"og:type\" content=\"article\" \/>\n<meta property=\"og:title\" content=\"Espa\u00f1a registra la cifra m\u00e1s baja de muertos diarios de la \u00faltima semana - .::Agencia IP::.\" \/>\n<meta property=\"og:description\" content=\"Espa\u00f1a.- La pandemia de coronavirus se sigue suavizando en Espa\u00f1a, donde hoy se registraron 809 nuevos fallecidos, la cifra diaria m\u00e1s baja de la \u00faltima semana, que eleva el total de v\u00edctimas fatales a 11.744, mientras los contagios tambi\u00e9n aumentan a un ritmo menor, con 7.026 nuevos infectados, que elevan el total a 124.736.\" \/>\n<meta property=\"og:url\" content=\"https:\/\/www.ip.gov.py\/ip\/2020\/04\/04\/espana-registra-la-cifra-mas-baja-de-muertos-diarios-de-la-ultima-semana\/\" \/>\n<meta property=\"og:site_name\" content=\".::Agencia IP::.\" \/>\n<meta property=\"article:publisher\" content=\"https:\/\/www.facebook.com\/IPParaguay\/\" \/>\n<meta property=\"article:published_time\" content=\"2020-04-04T12:12:51+00:00\" \/>\n<meta property=\"og:image\" content=\"https:\/\/www.ip.gov.py\/ip\/wp-content\/uploads\/2020\/03\/Espa\u00f1a-7.jpg\" \/>\n\t<meta property=\"og:image:width\" content=\"624\" \/>\n\t<meta property=\"og:image:height\" content=\"385\" \/>\n\t<meta property=\"og:image:type\" content=\"image\/jpeg\" \/>\n<meta name=\"author\" content=\"Noelia Ferreira\" \/>\n<meta name=\"twitter:card\" content=\"summary_large_image\" \/>\n<meta name=\"twitter:creator\" content=\"@IPParaguay\" \/>\n<meta name=\"twitter:site\" content=\"@IPParaguay\" \/>\n<meta name=\"twitter:label1\" content=\"Escrito por\" \/>\n\t<meta name=\"twitter:data1\" content=\"Noelia Ferreira\" \/>\n\t<meta name=\"twitter:label2\" content=\"Tiempo de lectura\" \/>\n\t<meta name=\"twitter:data2\" content=\"2 minutos\" \/>\n<script type=\"application\/ld+json\" class=\"yoast-schema-graph\">{\"@context\":\"https:\\\/\\\/schema.org\",\"@graph\":[{\"@type\":\"Article\",\"@id\":\"https:\\\/\\\/www.ip.gov.py\\\/ip\\\/2020\\\/04\\\/04\\\/espana-registra-la-cifra-mas-baja-de-muertos-diarios-de-la-ultima-semana\\\/#article\",\"isPartOf\":{\"@id\":\"https:\\\/\\\/www.ip.gov.py\\\/ip\\\/2020\\\/04\\\/04\\\/espana-registra-la-cifra-mas-baja-de-muertos-diarios-de-la-ultima-semana\\\/\"},\"author\":{\"name\":\"Noelia Ferreira\",\"@id\":\"https:\\\/\\\/www.ip.gov.py\\\/ip\\\/#\\\/schema\\\/person\\\/791af27a9219bdbf9064abb776bb41c2\"},\"headline\":\"Espa\u00f1a registra la cifra m\u00e1s baja de muertos diarios de la \u00faltima semana\",\"datePublished\":\"2020-04-04T12:12:51+00:00\",\"mainEntityOfPage\":{\"@id\":\"https:\\\/\\\/www.ip.gov.py\\\/ip\\\/2020\\\/04\\\/04\\\/espana-registra-la-cifra-mas-baja-de-muertos-diarios-de-la-ultima-semana\\\/\"},\"wordCount\":404,\"publisher\":{\"@id\":\"https:\\\/\\\/www.ip.gov.py\\\/ip\\\/#organization\"},\"image\":{\"@id\":\"https:\\\/\\\/www.ip.gov.py\\\/ip\\\/2020\\\/04\\\/04\\\/espana-registra-la-cifra-mas-baja-de-muertos-diarios-de-la-ultima-semana\\\/#primaryimage\"},\"thumbnailUrl\":\"https:\\\/\\\/www.ip.gov.py\\\/ip\\\/wp-content\\\/uploads\\\/2020\\\/03\\\/Espa\u00f1a-7.jpg\",\"articleSection\":[\"Internacionales\"],\"inLanguage\":\"es\"},{\"@type\":\"WebPage\",\"@id\":\"https:\\\/\\\/www.ip.gov.py\\\/ip\\\/2020\\\/04\\\/04\\\/espana-registra-la-cifra-mas-baja-de-muertos-diarios-de-la-ultima-semana\\\/\",\"url\":\"https:\\\/\\\/www.ip.gov.py\\\/ip\\\/2020\\\/04\\\/04\\\/espana-registra-la-cifra-mas-baja-de-muertos-diarios-de-la-ultima-semana\\\/\",\"name\":\"Espa\u00f1a registra la cifra m\u00e1s baja de muertos diarios de la \u00faltima semana - .::Agencia IP::.\",\"isPartOf\":{\"@id\":\"https:\\\/\\\/www.ip.gov.py\\\/ip\\\/#website\"},\"primaryImageOfPage\":{\"@id\":\"https:\\\/\\\/www.ip.gov.py\\\/ip\\\/2020\\\/04\\\/04\\\/espana-registra-la-cifra-mas-baja-de-muertos-diarios-de-la-ultima-semana\\\/#primaryimage\"},\"image\":{\"@id\":\"https:\\\/\\\/www.ip.gov.py\\\/ip\\\/2020\\\/04\\\/04\\\/espana-registra-la-cifra-mas-baja-de-muertos-diarios-de-la-ultima-semana\\\/#primaryimage\"},\"thumbnailUrl\":\"https:\\\/\\\/www.ip.gov.py\\\/ip\\\/wp-content\\\/uploads\\\/2020\\\/03\\\/Espa\u00f1a-7.jpg\",\"datePublished\":\"2020-04-04T12:12:51+00:00\",\"breadcrumb\":{\"@id\":\"https:\\\/\\\/www.ip.gov.py\\\/ip\\\/2020\\\/04\\\/04\\\/espana-registra-la-cifra-mas-baja-de-muertos-diarios-de-la-ultima-semana\\\/#breadcrumb\"},\"inLanguage\":\"es\",\"potentialAction\":[{\"@type\":\"ReadAction\",\"target\":[\"https:\\\/\\\/www.ip.gov.py\\\/ip\\\/2020\\\/04\\\/04\\\/espana-registra-la-cifra-mas-baja-de-muertos-diarios-de-la-ultima-semana\\\/\"]}]},{\"@type\":\"ImageObject\",\"inLanguage\":\"es\",\"@id\":\"https:\\\/\\\/www.ip.gov.py\\\/ip\\\/2020\\\/04\\\/04\\\/espana-registra-la-cifra-mas-baja-de-muertos-diarios-de-la-ultima-semana\\\/#primaryimage\",\"url\":\"https:\\\/\\\/www.ip.gov.py\\\/ip\\\/wp-content\\\/uploads\\\/2020\\\/03\\\/Espa\u00f1a-7.jpg\",\"contentUrl\":\"https:\\\/\\\/www.ip.gov.py\\\/ip\\\/wp-content\\\/uploads\\\/2020\\\/03\\\/Espa\u00f1a-7.jpg\",\"width\":624,\"height\":385,\"caption\":\"Foto La Rioja\"},{\"@type\":\"BreadcrumbList\",\"@id\":\"https:\\\/\\\/www.ip.gov.py\\\/ip\\\/2020\\\/04\\\/04\\\/espana-registra-la-cifra-mas-baja-de-muertos-diarios-de-la-ultima-semana\\\/#breadcrumb\",\"itemListElement\":[{\"@type\":\"ListItem\",\"position\":1,\"name\":\"Portada\",\"item\":\"https:\\\/\\\/www.ip.gov.py\\\/ip\\\/\"},{\"@type\":\"ListItem\",\"position\":2,\"name\":\"Espa\u00f1a registra la cifra m\u00e1s baja de muertos diarios de la \u00faltima semana\"}]},{\"@type\":\"WebSite\",\"@id\":\"https:\\\/\\\/www.ip.gov.py\\\/ip\\\/#website\",\"url\":\"https:\\\/\\\/www.ip.gov.py\\\/ip\\\/\",\"name\":\".::Agencia IP::.\",\"description\":\"\",\"publisher\":{\"@id\":\"https:\\\/\\\/www.ip.gov.py\\\/ip\\\/#organization\"},\"potentialAction\":[{\"@type\":\"SearchAction\",\"target\":{\"@type\":\"EntryPoint\",\"urlTemplate\":\"https:\\\/\\\/www.ip.gov.py\\\/ip\\\/?s={search_term_string}\"},\"query-input\":{\"@type\":\"PropertyValueSpecification\",\"valueRequired\":true,\"valueName\":\"search_term_string\"}}],\"inLanguage\":\"es\"},{\"@type\":\"Organization\",\"@id\":\"https:\\\/\\\/www.ip.gov.py\\\/ip\\\/#organization\",\"name\":\"Agencia IP\",\"url\":\"https:\\\/\\\/www.ip.gov.py\\\/ip\\\/\",\"logo\":{\"@type\":\"ImageObject\",\"inLanguage\":\"es\",\"@id\":\"https:\\\/\\\/www.ip.gov.py\\\/ip\\\/#\\\/schema\\\/logo\\\/image\\\/\",\"url\":\"https:\\\/\\\/www.ip.gov.py\\\/ip\\\/wp-content\\\/uploads\\\/2018\\\/01\\\/Agencia-IP.jpg\",\"contentUrl\":\"https:\\\/\\\/www.ip.gov.py\\\/ip\\\/wp-content\\\/uploads\\\/2018\\\/01\\\/Agencia-IP.jpg\",\"width\":150,\"height\":150,\"caption\":\"Agencia IP\"},\"image\":{\"@id\":\"https:\\\/\\\/www.ip.gov.py\\\/ip\\\/#\\\/schema\\\/logo\\\/image\\\/\"},\"sameAs\":[\"https:\\\/\\\/www.facebook.com\\\/IPParaguay\\\/\",\"https:\\\/\\\/x.com\\\/IPParaguay\",\"https:\\\/\\\/www.instagram.com\\\/IPParaguay\"]},{\"@type\":\"Person\",\"@id\":\"https:\\\/\\\/www.ip.gov.py\\\/ip\\\/#\\\/schema\\\/person\\\/791af27a9219bdbf9064abb776bb41c2\",\"name\":\"Noelia Ferreira\",\"sameAs\":[\"http:\\\/\\\/www.ip.gov.py\"],\"url\":\"https:\\\/\\\/www.ip.gov.py\\\/ip\\\/author\\\/nferreira\\\/\"}]}<\/script>\n<!-- \/ Yoast SEO plugin. -->","yoast_head_json":{"title":"Espa\u00f1a registra la cifra m\u00e1s baja de muertos diarios de la \u00faltima semana - .::Agencia IP::.","robots":{"index":"index","follow":"follow","max-snippet":"max-snippet:-1","max-image-preview":"max-image-preview:large","max-video-preview":"max-video-preview:-1"},"canonical":"https:\/\/www.ip.gov.py\/ip\/2020\/04\/04\/espana-registra-la-cifra-mas-baja-de-muertos-diarios-de-la-ultima-semana\/","og_locale":"es_ES","og_type":"article","og_title":"Espa\u00f1a registra la cifra m\u00e1s baja de muertos diarios de la \u00faltima semana - .::Agencia IP::.","og_description":"Espa\u00f1a.- La pandemia de coronavirus se sigue suavizando en Espa\u00f1a, donde hoy se registraron 809 nuevos fallecidos, la cifra diaria m\u00e1s baja de la \u00faltima semana, que eleva el total de v\u00edctimas fatales a 11.744, mientras los contagios tambi\u00e9n aumentan a un ritmo menor, con 7.026 nuevos infectados, que elevan el total a 124.736.","og_url":"https:\/\/www.ip.gov.py\/ip\/2020\/04\/04\/espana-registra-la-cifra-mas-baja-de-muertos-diarios-de-la-ultima-semana\/","og_site_name":".::Agencia IP::.","article_publisher":"https:\/\/www.facebook.com\/IPParaguay\/","article_published_time":"2020-04-04T12:12:51+00:00","og_image":[{"width":624,"height":385,"url":"https:\/\/www.ip.gov.py\/ip\/wp-content\/uploads\/2020\/03\/Espa\u00f1a-7.jpg","type":"image\/jpeg"}],"author":"Noelia Ferreira","twitter_card":"summary_large_image","twitter_creator":"@IPParaguay","twitter_site":"@IPParaguay","twitter_misc":{"Escrito por":"Noelia Ferreira","Tiempo de lectura":"2 minutos"},"schema":{"@context":"https:\/\/schema.org","@graph":[{"@type":"Article","@id":"https:\/\/www.ip.gov.py\/ip\/2020\/04\/04\/espana-registra-la-cifra-mas-baja-de-muertos-diarios-de-la-ultima-semana\/#article","isPartOf":{"@id":"https:\/\/www.ip.gov.py\/ip\/2020\/04\/04\/espana-registra-la-cifra-mas-baja-de-muertos-diarios-de-la-ultima-semana\/"},"author":{"name":"Noelia Ferreira","@id":"https:\/\/www.ip.gov.py\/ip\/#\/schema\/person\/791af27a9219bdbf9064abb776bb41c2"},"headline":"Espa\u00f1a registra la cifra m\u00e1s baja de muertos diarios de la \u00faltima semana","datePublished":"2020-04-04T12:12:51+00:00","mainEntityOfPage":{"@id":"https:\/\/www.ip.gov.py\/ip\/2020\/04\/04\/espana-registra-la-cifra-mas-baja-de-muertos-diarios-de-la-ultima-semana\/"},"wordCount":404,"publisher":{"@id":"https:\/\/www.ip.gov.py\/ip\/#organization"},"image":{"@id":"https:\/\/www.ip.gov.py\/ip\/2020\/04\/04\/espana-registra-la-cifra-mas-baja-de-muertos-diarios-de-la-ultima-semana\/#primaryimage"},"thumbnailUrl":"https:\/\/www.ip.gov.py\/ip\/wp-content\/uploads\/2020\/03\/Espa\u00f1a-7.jpg","articleSection":["Internacionales"],"inLanguage":"es"},{"@type":"WebPage","@id":"https:\/\/www.ip.gov.py\/ip\/2020\/04\/04\/espana-registra-la-cifra-mas-baja-de-muertos-diarios-de-la-ultima-semana\/","url":"https:\/\/www.ip.gov.py\/ip\/2020\/04\/04\/espana-registra-la-cifra-mas-baja-de-muertos-diarios-de-la-ultima-semana\/","name":"Espa\u00f1a registra la cifra m\u00e1s baja de muertos diarios de la \u00faltima semana - .::Agencia IP::.","isPartOf":{"@id":"https:\/\/www.ip.gov.py\/ip\/#website"},"primaryImageOfPage":{"@id":"https:\/\/www.ip.gov.py\/ip\/2020\/04\/04\/espana-registra-la-cifra-mas-baja-de-muertos-diarios-de-la-ultima-semana\/#primaryimage"},"image":{"@id":"https:\/\/www.ip.gov.py\/ip\/2020\/04\/04\/espana-registra-la-cifra-mas-baja-de-muertos-diarios-de-la-ultima-semana\/#primaryimage"},"thumbnailUrl":"https:\/\/www.ip.gov.py\/ip\/wp-content\/uploads\/2020\/03\/Espa\u00f1a-7.jpg","datePublished":"2020-04-04T12:12:51+00:00","breadcrumb":{"@id":"https:\/\/www.ip.gov.py\/ip\/2020\/04\/04\/espana-registra-la-cifra-mas-baja-de-muertos-diarios-de-la-ultima-semana\/#breadcrumb"},"inLanguage":"es","potentialAction":[{"@type":"ReadAction","target":["https:\/\/www.ip.gov.py\/ip\/2020\/04\/04\/espana-registra-la-cifra-mas-baja-de-muertos-diarios-de-la-ultima-semana\/"]}]},{"@type":"ImageObject","inLanguage":"es","@id":"https:\/\/www.ip.gov.py\/ip\/2020\/04\/04\/espana-registra-la-cifra-mas-baja-de-muertos-diarios-de-la-ultima-semana\/#primaryimage","url":"https:\/\/www.ip.gov.py\/ip\/wp-content\/uploads\/2020\/03\/Espa\u00f1a-7.jpg","contentUrl":"https:\/\/www.ip.gov.py\/ip\/wp-content\/uploads\/2020\/03\/Espa\u00f1a-7.jpg","width":624,"height":385,"caption":"Foto La Rioja"},{"@type":"BreadcrumbList","@id":"https:\/\/www.ip.gov.py\/ip\/2020\/04\/04\/espana-registra-la-cifra-mas-baja-de-muertos-diarios-de-la-ultima-semana\/#breadcrumb","itemListElement":[{"@type":"ListItem","position":1,"name":"Portada","item":"https:\/\/www.ip.gov.py\/ip\/"},{"@type":"ListItem","position":2,"name":"Espa\u00f1a registra la cifra m\u00e1s baja de muertos diarios de la \u00faltima semana"}]},{"@type":"WebSite","@id":"https:\/\/www.ip.gov.py\/ip\/#website","url":"https:\/\/www.ip.gov.py\/ip\/","name":".::Agencia IP::.","description":"","publisher":{"@id":"https:\/\/www.ip.gov.py\/ip\/#organization"},"potentialAction":[{"@type":"SearchAction","target":{"@type":"EntryPoint","urlTemplate":"https:\/\/www.ip.gov.py\/ip\/?s={search_term_string}"},"query-input":{"@type":"PropertyValueSpecification","valueRequired":true,"valueName":"search_term_string"}}],"inLanguage":"es"},{"@type":"Organization","@id":"https:\/\/www.ip.gov.py\/ip\/#organization","name":"Agencia IP","url":"https:\/\/www.ip.gov.py\/ip\/","logo":{"@type":"ImageObject","inLanguage":"es","@id":"https:\/\/www.ip.gov.py\/ip\/#\/schema\/logo\/image\/","url":"https:\/\/www.ip.gov.py\/ip\/wp-content\/uploads\/2018\/01\/Agencia-IP.jpg","contentUrl":"https:\/\/www.ip.gov.py\/ip\/wp-content\/uploads\/2018\/01\/Agencia-IP.jpg","width":150,"height":150,"caption":"Agencia IP"},"image":{"@id":"https:\/\/www.ip.gov.py\/ip\/#\/schema\/logo\/image\/"},"sameAs":["https:\/\/www.facebook.com\/IPParaguay\/","https:\/\/x.com\/IPParaguay","https:\/\/www.instagram.com\/IPParaguay"]},{"@type":"Person","@id":"https:\/\/www.ip.gov.py\/ip\/#\/schema\/person\/791af27a9219bdbf9064abb776bb41c2","name":"Noelia Ferreira","sameAs":["http:\/\/www.ip.gov.py"],"url":"https:\/\/www.ip.gov.py\/ip\/author\/nferreira\/"}]}},"_links":{"self":[{"href":"https:\/\/www.ip.gov.py\/ip\/wp-json\/wp\/v2\/posts\/310740","targetHints":{"allow":["GET"]}}],"collection":[{"href":"https:\/\/www.ip.gov.py\/ip\/wp-json\/wp\/v2\/posts"}],"about":[{"href":"https:\/\/www.ip.gov.py\/ip\/wp-json\/wp\/v2\/types\/post"}],"author":[{"embeddable":true,"href":"https:\/\/www.ip.gov.py\/ip\/wp-json\/wp\/v2\/users\/23"}],"replies":[{"embeddable":true,"href":"https:\/\/www.ip.gov.py\/ip\/wp-json\/wp\/v2\/comments?post=310740"}],"version-history":[{"count":0,"href":"https:\/\/www.ip.gov.py\/ip\/wp-json\/wp\/v2\/posts\/310740\/revisions"}],"wp:featuredmedia":[{"embeddable":true,"href":"https:\/\/www.ip.gov.py\/ip\/wp-json\/wp\/v2\/media\/309993"}],"wp:attachment":[{"href":"https:\/\/www.ip.gov.py\/ip\/wp-json\/wp\/v2\/media?parent=310740"}],"wp:term":[{"taxonomy":"category","embeddable":true,"href":"https:\/\/www.ip.gov.py\/ip\/wp-json\/wp\/v2\/categories?post=310740"},{"taxonomy":"post_tag","embeddable":true,"href":"https:\/\/www.ip.gov.py\/ip\/wp-json\/wp\/v2\/tags?post=310740"}],"curies":[{"name":"wp","href":"https:\/\/api.w.org\/{rel}","templated":true}]}}