{"id":321687,"date":"2020-06-23T13:57:36","date_gmt":"2020-06-23T17:57:36","guid":{"rendered":"https:\/\/www.ip.gov.py\/ip\/?p=321687"},"modified":"2020-06-23T15:29:19","modified_gmt":"2020-06-23T19:29:19","slug":"gobierno-proyecta-extender-por-cuatro-meses-la-asistencia-economica-a-traves-de-pytyvo-2-0","status":"publish","type":"post","link":"https:\/\/www.ip.gov.py\/ip\/2020\/06\/23\/gobierno-proyecta-extender-por-cuatro-meses-la-asistencia-economica-a-traves-de-pytyvo-2-0\/","title":{"rendered":"Gobierno proyecta extender por cuatro meses la asistencia econ\u00f3mica a trav\u00e9s de \u201cPytyv\u00f5 2.0\u201d"},"content":{"rendered":"<p style=\"text-align: justify;\"><em><strong>Asunci\u00f3n, Agencia IP.-<\/strong><\/em> El viceministro de Econom\u00eda, Humberto Colm\u00e1n, adelant\u00f3 que est\u00e1n ajustando los detalles de la nueva versi\u00f3n del subsidio econ\u00f3mico denominado \u201cPytyv\u00f5 2.0\u201d, destinado a trabajadores informales, principalmente de las zonas fronterizas. La idea es extender la cobertura por cuatro meses y llegar a m\u00e1s personas. <!--more--><\/p>\n<p style=\"text-align: justify;\">\u201cEstamos trabajando para llegar a las personas que realmente lo necesitan, la idea es alcanzar la misma cantidad o inclusive aumentar el n\u00famero de beneficiarios en esta regi\u00f3n. Recordemos que el Pytyv\u00f4 actual lleg\u00f3 a 125.000 personas de las ciudades de frontera\u201d, coment\u00f3 tras finalizar la reuni\u00f3n del Gabinete Social, este martes en Palacio de Gobierno.<\/p>\n<p style=\"text-align: justify;\">Manifest\u00f3 que el referido subsidio econ\u00f3mico estar\u00e1 orientado a los sectores que siguen afectados por la pandemia del coronavirus, cuya recuperaci\u00f3n es m\u00e1s lenta, como el caso del comercio y el sector de servicios, con mayor \u00e9nfasis en las ciudades fronterizas.<\/p>\n<p style=\"text-align: justify;\">El viceministro adelant\u00f3 que el monto que percibir\u00edan los trabajadores ser\u00eda menor al actual (548.000 guaran\u00edes), esto teniendo en cuenta que el objetivo del Gobierno es extender la cobertura por unos cuatro meses.<\/p>\n<p style=\"text-align: justify;\">En ese contexto, precis\u00f3 que nivel pa\u00eds se espera llegar a unas 800 mil personas quienes deber\u00e1n certificar que efectivamente son provenientes de la frontera.<\/p>\n<p style=\"text-align: justify;\">Manifest\u00f3 que para ejecutar esta asistencia proyectan utilizar las reasignaciones de la Ley de Emergencia a los que se adicionar\u00e1n otros recursos que ser\u00e1n dados a conocer en unos d\u00edas.<\/p>\n<p style=\"text-align: justify;\">Requerido sobre el plan de reactivaci\u00f3n econ\u00f3mica que tiene en Ejecutivo, sostuvo que la Canciller\u00eda est\u00e1 trabajando para llegar a un acuerdo con Brasil de modo a implementar el courier terrestre.<\/p>\n<p style=\"text-align: justify;\">\u201cTenemos varias opciones para cort\u00edsimo plazo para tener ese mecanismo de entrega de productos y para ello se requiere el visto bueno del otro lado (Brasil), para que el comercio pueda fluir y no tenga ninguna dificultad. Estamos avanzando en eso\u201d, asegur\u00f3 finalmente.<\/p>\n","protected":false},"excerpt":{"rendered":"<p>Asunci\u00f3n, Agencia IP.- El viceministro de Econom\u00eda, Humberto Colm\u00e1n, adelant\u00f3 que est\u00e1n ajustando los detalles de la nueva versi\u00f3n del subsidio econ\u00f3mico denominado \u201cPytyv\u00f5 2.0\u201d, destinado a trabajadores informales, principalmente de las zonas fronterizas. La idea es extender la cobertura por cuatro meses y llegar a m\u00e1s personas.<\/p>\n","protected":false},"author":7,"featured_media":321690,"comment_status":"closed","ping_status":"closed","sticky":false,"template":"","format":"standard","meta":{"_monsterinsights_skip_tracking":false,"_monsterinsights_sitenote_active":false,"_monsterinsights_sitenote_note":"","_monsterinsights_sitenote_category":0,"footnotes":""},"categories":[6],"tags":[],"class_list":{"0":"post-321687","1":"post","2":"type-post","3":"status-publish","4":"format-standard","5":"has-post-thumbnail","7":"category-politica"},"yoast_head":"<!-- This site is optimized with the Yoast SEO plugin v27.5 - https:\/\/yoast.com\/product\/yoast-seo-wordpress\/ -->\n<title>Gobierno proyecta extender por cuatro meses la asistencia econ\u00f3mica a trav\u00e9s de \u201cPytyv\u00f5 2.0\u201d - .::Agencia IP::.<\/title>\n<meta name=\"robots\" content=\"index, follow, max-snippet:-1, max-image-preview:large, max-video-preview:-1\" \/>\n<link rel=\"canonical\" href=\"https:\/\/www.ip.gov.py\/ip\/2020\/06\/23\/gobierno-proyecta-extender-por-cuatro-meses-la-asistencia-economica-a-traves-de-pytyvo-2-0\/\" \/>\n<meta property=\"og:locale\" content=\"es_ES\" \/>\n<meta property=\"og:type\" content=\"article\" \/>\n<meta property=\"og:title\" content=\"Gobierno proyecta extender por cuatro meses la asistencia econ\u00f3mica a trav\u00e9s de \u201cPytyv\u00f5 2.0\u201d - .::Agencia IP::.\" \/>\n<meta property=\"og:description\" content=\"Asunci\u00f3n, Agencia IP.- El viceministro de Econom\u00eda, Humberto Colm\u00e1n, adelant\u00f3 que est\u00e1n ajustando los detalles de la nueva versi\u00f3n del subsidio econ\u00f3mico denominado \u201cPytyv\u00f5 2.0\u201d, destinado a trabajadores informales, principalmente de las zonas fronterizas. La idea es extender la cobertura por cuatro meses y llegar a m\u00e1s personas.\" \/>\n<meta property=\"og:url\" content=\"https:\/\/www.ip.gov.py\/ip\/2020\/06\/23\/gobierno-proyecta-extender-por-cuatro-meses-la-asistencia-economica-a-traves-de-pytyvo-2-0\/\" \/>\n<meta property=\"og:site_name\" content=\".::Agencia IP::.\" \/>\n<meta property=\"article:publisher\" content=\"https:\/\/www.facebook.com\/IPParaguay\/\" \/>\n<meta property=\"article:published_time\" content=\"2020-06-23T17:57:36+00:00\" \/>\n<meta property=\"article:modified_time\" content=\"2020-06-23T19:29:19+00:00\" \/>\n<meta property=\"og:image\" content=\"https:\/\/www.ip.gov.py\/ip\/wp-content\/uploads\/2020\/06\/humberto-colma-viceministro-de-economia.jpg\" \/>\n\t<meta property=\"og:image:width\" content=\"1280\" \/>\n\t<meta property=\"og:image:height\" content=\"994\" \/>\n\t<meta property=\"og:image:type\" content=\"image\/jpeg\" \/>\n<meta name=\"author\" content=\"Karina L\u00f3pez\" \/>\n<meta name=\"twitter:card\" content=\"summary_large_image\" \/>\n<meta name=\"twitter:creator\" content=\"@IPParaguay\" \/>\n<meta name=\"twitter:site\" content=\"@IPParaguay\" \/>\n<meta name=\"twitter:label1\" content=\"Escrito por\" \/>\n\t<meta name=\"twitter:data1\" content=\"Karina L\u00f3pez\" \/>\n\t<meta name=\"twitter:label2\" content=\"Tiempo de lectura\" \/>\n\t<meta name=\"twitter:data2\" content=\"2 minutos\" \/>\n<script type=\"application\/ld+json\" class=\"yoast-schema-graph\">{\"@context\":\"https:\\\/\\\/schema.org\",\"@graph\":[{\"@type\":\"Article\",\"@id\":\"https:\\\/\\\/www.ip.gov.py\\\/ip\\\/2020\\\/06\\\/23\\\/gobierno-proyecta-extender-por-cuatro-meses-la-asistencia-economica-a-traves-de-pytyvo-2-0\\\/#article\",\"isPartOf\":{\"@id\":\"https:\\\/\\\/www.ip.gov.py\\\/ip\\\/2020\\\/06\\\/23\\\/gobierno-proyecta-extender-por-cuatro-meses-la-asistencia-economica-a-traves-de-pytyvo-2-0\\\/\"},\"author\":{\"name\":\"Karina L\u00f3pez\",\"@id\":\"https:\\\/\\\/www.ip.gov.py\\\/ip\\\/#\\\/schema\\\/person\\\/613765cf13d420d448042e6802220539\"},\"headline\":\"Gobierno proyecta extender por cuatro meses la asistencia econ\u00f3mica a trav\u00e9s de \u201cPytyv\u00f5 2.0\u201d\",\"datePublished\":\"2020-06-23T17:57:36+00:00\",\"dateModified\":\"2020-06-23T19:29:19+00:00\",\"mainEntityOfPage\":{\"@id\":\"https:\\\/\\\/www.ip.gov.py\\\/ip\\\/2020\\\/06\\\/23\\\/gobierno-proyecta-extender-por-cuatro-meses-la-asistencia-economica-a-traves-de-pytyvo-2-0\\\/\"},\"wordCount\":344,\"publisher\":{\"@id\":\"https:\\\/\\\/www.ip.gov.py\\\/ip\\\/#organization\"},\"image\":{\"@id\":\"https:\\\/\\\/www.ip.gov.py\\\/ip\\\/2020\\\/06\\\/23\\\/gobierno-proyecta-extender-por-cuatro-meses-la-asistencia-economica-a-traves-de-pytyvo-2-0\\\/#primaryimage\"},\"thumbnailUrl\":\"https:\\\/\\\/www.ip.gov.py\\\/ip\\\/wp-content\\\/uploads\\\/2020\\\/06\\\/humberto-colma-viceministro-de-economia.jpg\",\"articleSection\":[\"Pol\u00edtica\"],\"inLanguage\":\"es\"},{\"@type\":\"WebPage\",\"@id\":\"https:\\\/\\\/www.ip.gov.py\\\/ip\\\/2020\\\/06\\\/23\\\/gobierno-proyecta-extender-por-cuatro-meses-la-asistencia-economica-a-traves-de-pytyvo-2-0\\\/\",\"url\":\"https:\\\/\\\/www.ip.gov.py\\\/ip\\\/2020\\\/06\\\/23\\\/gobierno-proyecta-extender-por-cuatro-meses-la-asistencia-economica-a-traves-de-pytyvo-2-0\\\/\",\"name\":\"Gobierno proyecta extender por cuatro meses la asistencia econ\u00f3mica a trav\u00e9s de \u201cPytyv\u00f5 2.0\u201d - .::Agencia IP::.\",\"isPartOf\":{\"@id\":\"https:\\\/\\\/www.ip.gov.py\\\/ip\\\/#website\"},\"primaryImageOfPage\":{\"@id\":\"https:\\\/\\\/www.ip.gov.py\\\/ip\\\/2020\\\/06\\\/23\\\/gobierno-proyecta-extender-por-cuatro-meses-la-asistencia-economica-a-traves-de-pytyvo-2-0\\\/#primaryimage\"},\"image\":{\"@id\":\"https:\\\/\\\/www.ip.gov.py\\\/ip\\\/2020\\\/06\\\/23\\\/gobierno-proyecta-extender-por-cuatro-meses-la-asistencia-economica-a-traves-de-pytyvo-2-0\\\/#primaryimage\"},\"thumbnailUrl\":\"https:\\\/\\\/www.ip.gov.py\\\/ip\\\/wp-content\\\/uploads\\\/2020\\\/06\\\/humberto-colma-viceministro-de-economia.jpg\",\"datePublished\":\"2020-06-23T17:57:36+00:00\",\"dateModified\":\"2020-06-23T19:29:19+00:00\",\"breadcrumb\":{\"@id\":\"https:\\\/\\\/www.ip.gov.py\\\/ip\\\/2020\\\/06\\\/23\\\/gobierno-proyecta-extender-por-cuatro-meses-la-asistencia-economica-a-traves-de-pytyvo-2-0\\\/#breadcrumb\"},\"inLanguage\":\"es\",\"potentialAction\":[{\"@type\":\"ReadAction\",\"target\":[\"https:\\\/\\\/www.ip.gov.py\\\/ip\\\/2020\\\/06\\\/23\\\/gobierno-proyecta-extender-por-cuatro-meses-la-asistencia-economica-a-traves-de-pytyvo-2-0\\\/\"]}]},{\"@type\":\"ImageObject\",\"inLanguage\":\"es\",\"@id\":\"https:\\\/\\\/www.ip.gov.py\\\/ip\\\/2020\\\/06\\\/23\\\/gobierno-proyecta-extender-por-cuatro-meses-la-asistencia-economica-a-traves-de-pytyvo-2-0\\\/#primaryimage\",\"url\":\"https:\\\/\\\/www.ip.gov.py\\\/ip\\\/wp-content\\\/uploads\\\/2020\\\/06\\\/humberto-colma-viceministro-de-economia.jpg\",\"contentUrl\":\"https:\\\/\\\/www.ip.gov.py\\\/ip\\\/wp-content\\\/uploads\\\/2020\\\/06\\\/humberto-colma-viceministro-de-economia.jpg\",\"width\":1280,\"height\":994,\"caption\":\"Humberto Colm\u00e1n, viceministro de Econom\u00eda. Foto Agencia IP\"},{\"@type\":\"BreadcrumbList\",\"@id\":\"https:\\\/\\\/www.ip.gov.py\\\/ip\\\/2020\\\/06\\\/23\\\/gobierno-proyecta-extender-por-cuatro-meses-la-asistencia-economica-a-traves-de-pytyvo-2-0\\\/#breadcrumb\",\"itemListElement\":[{\"@type\":\"ListItem\",\"position\":1,\"name\":\"Portada\",\"item\":\"https:\\\/\\\/www.ip.gov.py\\\/ip\\\/\"},{\"@type\":\"ListItem\",\"position\":2,\"name\":\"Gobierno proyecta extender por cuatro meses la asistencia econ\u00f3mica a trav\u00e9s de \u201cPytyv\u00f5 2.0\u201d\"}]},{\"@type\":\"WebSite\",\"@id\":\"https:\\\/\\\/www.ip.gov.py\\\/ip\\\/#website\",\"url\":\"https:\\\/\\\/www.ip.gov.py\\\/ip\\\/\",\"name\":\".::Agencia IP::.\",\"description\":\"\",\"publisher\":{\"@id\":\"https:\\\/\\\/www.ip.gov.py\\\/ip\\\/#organization\"},\"potentialAction\":[{\"@type\":\"SearchAction\",\"target\":{\"@type\":\"EntryPoint\",\"urlTemplate\":\"https:\\\/\\\/www.ip.gov.py\\\/ip\\\/?s={search_term_string}\"},\"query-input\":{\"@type\":\"PropertyValueSpecification\",\"valueRequired\":true,\"valueName\":\"search_term_string\"}}],\"inLanguage\":\"es\"},{\"@type\":\"Organization\",\"@id\":\"https:\\\/\\\/www.ip.gov.py\\\/ip\\\/#organization\",\"name\":\"Agencia IP\",\"url\":\"https:\\\/\\\/www.ip.gov.py\\\/ip\\\/\",\"logo\":{\"@type\":\"ImageObject\",\"inLanguage\":\"es\",\"@id\":\"https:\\\/\\\/www.ip.gov.py\\\/ip\\\/#\\\/schema\\\/logo\\\/image\\\/\",\"url\":\"https:\\\/\\\/www.ip.gov.py\\\/ip\\\/wp-content\\\/uploads\\\/2018\\\/01\\\/Agencia-IP.jpg\",\"contentUrl\":\"https:\\\/\\\/www.ip.gov.py\\\/ip\\\/wp-content\\\/uploads\\\/2018\\\/01\\\/Agencia-IP.jpg\",\"width\":150,\"height\":150,\"caption\":\"Agencia IP\"},\"image\":{\"@id\":\"https:\\\/\\\/www.ip.gov.py\\\/ip\\\/#\\\/schema\\\/logo\\\/image\\\/\"},\"sameAs\":[\"https:\\\/\\\/www.facebook.com\\\/IPParaguay\\\/\",\"https:\\\/\\\/x.com\\\/IPParaguay\",\"https:\\\/\\\/www.instagram.com\\\/IPParaguay\"]},{\"@type\":\"Person\",\"@id\":\"https:\\\/\\\/www.ip.gov.py\\\/ip\\\/#\\\/schema\\\/person\\\/613765cf13d420d448042e6802220539\",\"name\":\"Karina L\u00f3pez\",\"url\":\"https:\\\/\\\/www.ip.gov.py\\\/ip\\\/author\\\/klopez\\\/\"}]}<\/script>\n<!-- \/ Yoast SEO plugin. -->","yoast_head_json":{"title":"Gobierno proyecta extender por cuatro meses la asistencia econ\u00f3mica a trav\u00e9s de \u201cPytyv\u00f5 2.0\u201d - .::Agencia IP::.","robots":{"index":"index","follow":"follow","max-snippet":"max-snippet:-1","max-image-preview":"max-image-preview:large","max-video-preview":"max-video-preview:-1"},"canonical":"https:\/\/www.ip.gov.py\/ip\/2020\/06\/23\/gobierno-proyecta-extender-por-cuatro-meses-la-asistencia-economica-a-traves-de-pytyvo-2-0\/","og_locale":"es_ES","og_type":"article","og_title":"Gobierno proyecta extender por cuatro meses la asistencia econ\u00f3mica a trav\u00e9s de \u201cPytyv\u00f5 2.0\u201d - .::Agencia IP::.","og_description":"Asunci\u00f3n, Agencia IP.- El viceministro de Econom\u00eda, Humberto Colm\u00e1n, adelant\u00f3 que est\u00e1n ajustando los detalles de la nueva versi\u00f3n del subsidio econ\u00f3mico denominado \u201cPytyv\u00f5 2.0\u201d, destinado a trabajadores informales, principalmente de las zonas fronterizas. La idea es extender la cobertura por cuatro meses y llegar a m\u00e1s personas.","og_url":"https:\/\/www.ip.gov.py\/ip\/2020\/06\/23\/gobierno-proyecta-extender-por-cuatro-meses-la-asistencia-economica-a-traves-de-pytyvo-2-0\/","og_site_name":".::Agencia IP::.","article_publisher":"https:\/\/www.facebook.com\/IPParaguay\/","article_published_time":"2020-06-23T17:57:36+00:00","article_modified_time":"2020-06-23T19:29:19+00:00","og_image":[{"width":1280,"height":994,"url":"https:\/\/www.ip.gov.py\/ip\/wp-content\/uploads\/2020\/06\/humberto-colma-viceministro-de-economia.jpg","type":"image\/jpeg"}],"author":"Karina L\u00f3pez","twitter_card":"summary_large_image","twitter_creator":"@IPParaguay","twitter_site":"@IPParaguay","twitter_misc":{"Escrito por":"Karina L\u00f3pez","Tiempo de lectura":"2 minutos"},"schema":{"@context":"https:\/\/schema.org","@graph":[{"@type":"Article","@id":"https:\/\/www.ip.gov.py\/ip\/2020\/06\/23\/gobierno-proyecta-extender-por-cuatro-meses-la-asistencia-economica-a-traves-de-pytyvo-2-0\/#article","isPartOf":{"@id":"https:\/\/www.ip.gov.py\/ip\/2020\/06\/23\/gobierno-proyecta-extender-por-cuatro-meses-la-asistencia-economica-a-traves-de-pytyvo-2-0\/"},"author":{"name":"Karina L\u00f3pez","@id":"https:\/\/www.ip.gov.py\/ip\/#\/schema\/person\/613765cf13d420d448042e6802220539"},"headline":"Gobierno proyecta extender por cuatro meses la asistencia econ\u00f3mica a trav\u00e9s de \u201cPytyv\u00f5 2.0\u201d","datePublished":"2020-06-23T17:57:36+00:00","dateModified":"2020-06-23T19:29:19+00:00","mainEntityOfPage":{"@id":"https:\/\/www.ip.gov.py\/ip\/2020\/06\/23\/gobierno-proyecta-extender-por-cuatro-meses-la-asistencia-economica-a-traves-de-pytyvo-2-0\/"},"wordCount":344,"publisher":{"@id":"https:\/\/www.ip.gov.py\/ip\/#organization"},"image":{"@id":"https:\/\/www.ip.gov.py\/ip\/2020\/06\/23\/gobierno-proyecta-extender-por-cuatro-meses-la-asistencia-economica-a-traves-de-pytyvo-2-0\/#primaryimage"},"thumbnailUrl":"https:\/\/www.ip.gov.py\/ip\/wp-content\/uploads\/2020\/06\/humberto-colma-viceministro-de-economia.jpg","articleSection":["Pol\u00edtica"],"inLanguage":"es"},{"@type":"WebPage","@id":"https:\/\/www.ip.gov.py\/ip\/2020\/06\/23\/gobierno-proyecta-extender-por-cuatro-meses-la-asistencia-economica-a-traves-de-pytyvo-2-0\/","url":"https:\/\/www.ip.gov.py\/ip\/2020\/06\/23\/gobierno-proyecta-extender-por-cuatro-meses-la-asistencia-economica-a-traves-de-pytyvo-2-0\/","name":"Gobierno proyecta extender por cuatro meses la asistencia econ\u00f3mica a trav\u00e9s de \u201cPytyv\u00f5 2.0\u201d - .::Agencia IP::.","isPartOf":{"@id":"https:\/\/www.ip.gov.py\/ip\/#website"},"primaryImageOfPage":{"@id":"https:\/\/www.ip.gov.py\/ip\/2020\/06\/23\/gobierno-proyecta-extender-por-cuatro-meses-la-asistencia-economica-a-traves-de-pytyvo-2-0\/#primaryimage"},"image":{"@id":"https:\/\/www.ip.gov.py\/ip\/2020\/06\/23\/gobierno-proyecta-extender-por-cuatro-meses-la-asistencia-economica-a-traves-de-pytyvo-2-0\/#primaryimage"},"thumbnailUrl":"https:\/\/www.ip.gov.py\/ip\/wp-content\/uploads\/2020\/06\/humberto-colma-viceministro-de-economia.jpg","datePublished":"2020-06-23T17:57:36+00:00","dateModified":"2020-06-23T19:29:19+00:00","breadcrumb":{"@id":"https:\/\/www.ip.gov.py\/ip\/2020\/06\/23\/gobierno-proyecta-extender-por-cuatro-meses-la-asistencia-economica-a-traves-de-pytyvo-2-0\/#breadcrumb"},"inLanguage":"es","potentialAction":[{"@type":"ReadAction","target":["https:\/\/www.ip.gov.py\/ip\/2020\/06\/23\/gobierno-proyecta-extender-por-cuatro-meses-la-asistencia-economica-a-traves-de-pytyvo-2-0\/"]}]},{"@type":"ImageObject","inLanguage":"es","@id":"https:\/\/www.ip.gov.py\/ip\/2020\/06\/23\/gobierno-proyecta-extender-por-cuatro-meses-la-asistencia-economica-a-traves-de-pytyvo-2-0\/#primaryimage","url":"https:\/\/www.ip.gov.py\/ip\/wp-content\/uploads\/2020\/06\/humberto-colma-viceministro-de-economia.jpg","contentUrl":"https:\/\/www.ip.gov.py\/ip\/wp-content\/uploads\/2020\/06\/humberto-colma-viceministro-de-economia.jpg","width":1280,"height":994,"caption":"Humberto Colm\u00e1n, viceministro de Econom\u00eda. Foto Agencia IP"},{"@type":"BreadcrumbList","@id":"https:\/\/www.ip.gov.py\/ip\/2020\/06\/23\/gobierno-proyecta-extender-por-cuatro-meses-la-asistencia-economica-a-traves-de-pytyvo-2-0\/#breadcrumb","itemListElement":[{"@type":"ListItem","position":1,"name":"Portada","item":"https:\/\/www.ip.gov.py\/ip\/"},{"@type":"ListItem","position":2,"name":"Gobierno proyecta extender por cuatro meses la asistencia econ\u00f3mica a trav\u00e9s de \u201cPytyv\u00f5 2.0\u201d"}]},{"@type":"WebSite","@id":"https:\/\/www.ip.gov.py\/ip\/#website","url":"https:\/\/www.ip.gov.py\/ip\/","name":".::Agencia IP::.","description":"","publisher":{"@id":"https:\/\/www.ip.gov.py\/ip\/#organization"},"potentialAction":[{"@type":"SearchAction","target":{"@type":"EntryPoint","urlTemplate":"https:\/\/www.ip.gov.py\/ip\/?s={search_term_string}"},"query-input":{"@type":"PropertyValueSpecification","valueRequired":true,"valueName":"search_term_string"}}],"inLanguage":"es"},{"@type":"Organization","@id":"https:\/\/www.ip.gov.py\/ip\/#organization","name":"Agencia IP","url":"https:\/\/www.ip.gov.py\/ip\/","logo":{"@type":"ImageObject","inLanguage":"es","@id":"https:\/\/www.ip.gov.py\/ip\/#\/schema\/logo\/image\/","url":"https:\/\/www.ip.gov.py\/ip\/wp-content\/uploads\/2018\/01\/Agencia-IP.jpg","contentUrl":"https:\/\/www.ip.gov.py\/ip\/wp-content\/uploads\/2018\/01\/Agencia-IP.jpg","width":150,"height":150,"caption":"Agencia IP"},"image":{"@id":"https:\/\/www.ip.gov.py\/ip\/#\/schema\/logo\/image\/"},"sameAs":["https:\/\/www.facebook.com\/IPParaguay\/","https:\/\/x.com\/IPParaguay","https:\/\/www.instagram.com\/IPParaguay"]},{"@type":"Person","@id":"https:\/\/www.ip.gov.py\/ip\/#\/schema\/person\/613765cf13d420d448042e6802220539","name":"Karina L\u00f3pez","url":"https:\/\/www.ip.gov.py\/ip\/author\/klopez\/"}]}},"_links":{"self":[{"href":"https:\/\/www.ip.gov.py\/ip\/wp-json\/wp\/v2\/posts\/321687","targetHints":{"allow":["GET"]}}],"collection":[{"href":"https:\/\/www.ip.gov.py\/ip\/wp-json\/wp\/v2\/posts"}],"about":[{"href":"https:\/\/www.ip.gov.py\/ip\/wp-json\/wp\/v2\/types\/post"}],"author":[{"embeddable":true,"href":"https:\/\/www.ip.gov.py\/ip\/wp-json\/wp\/v2\/users\/7"}],"replies":[{"embeddable":true,"href":"https:\/\/www.ip.gov.py\/ip\/wp-json\/wp\/v2\/comments?post=321687"}],"version-history":[{"count":0,"href":"https:\/\/www.ip.gov.py\/ip\/wp-json\/wp\/v2\/posts\/321687\/revisions"}],"wp:featuredmedia":[{"embeddable":true,"href":"https:\/\/www.ip.gov.py\/ip\/wp-json\/wp\/v2\/media\/321690"}],"wp:attachment":[{"href":"https:\/\/www.ip.gov.py\/ip\/wp-json\/wp\/v2\/media?parent=321687"}],"wp:term":[{"taxonomy":"category","embeddable":true,"href":"https:\/\/www.ip.gov.py\/ip\/wp-json\/wp\/v2\/categories?post=321687"},{"taxonomy":"post_tag","embeddable":true,"href":"https:\/\/www.ip.gov.py\/ip\/wp-json\/wp\/v2\/tags?post=321687"}],"curies":[{"name":"wp","href":"https:\/\/api.w.org\/{rel}","templated":true}]}}