{"id":32337,"date":"2015-06-29T13:40:43","date_gmt":"2015-06-29T17:40:43","guid":{"rendered":"http:\/\/desarrollo.ip.gov.py\/ip\/?p=32337"},"modified":"2015-06-29T13:40:43","modified_gmt":"2015-06-29T17:40:43","slug":"sinfonica-conmemorara-independencia-de-estados-unidos","status":"publish","type":"post","link":"https:\/\/www.ip.gov.py\/ip\/2015\/06\/29\/sinfonica-conmemorara-independencia-de-estados-unidos\/","title":{"rendered":"Sinf\u00f3nica conmemorar\u00e1 independencia de Estados Unidos"},"content":{"rendered":"<p style=\"text-align: justify;\"><em><strong>Asunci\u00f3n, IP.-<\/strong><\/em> La Orquesta Sinf\u00f3nica de la Ciudad de Asunci\u00f3n realizara su segundo concierto este jueves 2 de Julio a las 20:30 en el Teatro Municipal Ignacio A. Pane, en conmemoraci\u00f3n a la proclamaci\u00f3n de la independencia de los Estados Unidos de Am\u00e9rica. El precio de las entradas es de 25.000 para adultos, 10.000 en para\u00edso y 2.000 para estudiantes.<br \/>\n<!--more--><\/p>\n<p style=\"text-align: justify;\">Contar\u00e1 con la participaci\u00f3n de Daniel Luzko como director, Iman Khosrowpour, violinista estadounidense y Daniel Ayala, pianista paraguayo en calidad de solistas.<\/p>\n<p style=\"text-align: justify;\">Las consultas y reservas se podr\u00e1n realizar en la Oficina de la Sociedad Filarm\u00f3nica de Asunci\u00f3n en la Casa Bicentenario de la M\u00fasica, Cerro Cora 848 e\/ Tacuary y EEUU o a los tel\u00e9fonos 492-416 y 443-774.<\/p>\n<p style=\"text-align: justify;\">La programaci\u00f3n incluye en la Primera Parte, la Suite \u00abEl Gran Ca\u00f1\u00f3n del Colorado\u00bb, compuesta por Ferde Grof\u00e9 entre 1929 y 1931 y estrenada con \u00e9xito considerable de la cr\u00edtica. Inspirada despu\u00e9s de una visita al monumental parque nacional.<\/p>\n<p style=\"text-align: justify;\">Cada secci\u00f3n de la suite refleja impresiones del compositor ante la imponente belleza de la naturaleza poderosa de aquella regi\u00f3n.<\/p>\n<p style=\"text-align: justify;\">La siguiente descripci\u00f3n va adjunta a los movimientos de la obra, Amanecer, es temprano en el desierto. El sol sale lentamente despertando los acentuados colores que anuncian un d\u00eda pleno, paisajes del desierto, es silencioso y misterioso, pero hermoso.<\/p>\n<p style=\"text-align: justify;\">Desde el momento que los rayos del sol se reflejan y desparraman sobre las majestuosas dunas, el escenario se convierte en un relieve pict\u00f3rico con elementos de relieve \u00fanico.<\/p>\n<p style=\"text-align: justify;\">Recorriendo senderos un viajero recorre los senderos con ayuda de un animal (burro). Las pronunciadas pezu\u00f1as del animal crean un ambiente r\u00edtmico para la canci\u00f3n del viajero. Los sonidos del r\u00edo anuncian la llegada a un cercano oasis.<\/p>\n<p style=\"text-align: justify;\">Una caba\u00f1a aparece para un descanso y se escucha una cajita musical que transmite memorias del trayecto recorrido. Atardecer, las sombras de la noche se aproximan sobre el desierto en el atardecer.<\/p>\n<p style=\"text-align: justify;\">Se pueden o\u00edr sonidos animales a lo lejos en el paisaje una tormenta se escucha la llegada de un temporal que aparece gradualmente. Rel\u00e1mpagos y torrentes de lluvia culminan en un desenlace dram\u00e1tico.<\/p>\n<p style=\"text-align: justify;\">Una vez terminada la manifestaci\u00f3n natural de energ\u00eda temperamental, la luna reaparece detr\u00e1s de las nubes regocijando con su luz la grandeza natural este majestuoso lugar.<\/p>\n<p style=\"text-align: justify;\">En la segunda parte han de interpretar el Concierto para Viol\u00edn y Orquesta de Daniel Luzko en car\u00e1cter de estreno mundial. Esta obra est\u00e1 dedicada al maestro Jos\u00e9 Lu\u00eds Miranda, profesor del compositor.<\/p>\n<p style=\"text-align: justify;\">La obra fue escrita por Daniel Luzko en diferentes etapas el primer movimiento, en 1997 como parte de requisitos de culminaci\u00f3n de estudios de doctorado, este movimiento fue estrenado por Khosrowpour en 2012 con la Orquesta de Irvine Valley College dirigida por Stephen Rochford.<\/p>\n<p style=\"text-align: justify;\">El profesor Miranda presenci\u00f3 su estreno y tras el \u00e9xito de la obra, el compositor escribi\u00f3 los dos movimientos restantes en 2015 (a\u00fan no estrenados).<\/p>\n<p style=\"text-align: justify;\">Para el cierre de una noche de conmemoraci\u00f3n y homenaje, Rapsodia in Blue de George Gershwin, la obra data de 1924, originalmente para piano solo y banda de jazz. En ella se combinan elementos de m\u00fasica cl\u00e1sica con efectos de influencia jazz\u00edstica.<\/p>\n<p style=\"text-align: justify;\">Por eso muchas veces los pianistas le dan su propia interpretaci\u00f3n y estilo. La obra fue estrenada el 12 de febrero de 1924 con el mismo Gershwin al piano.<\/p>\n<p style=\"text-align: justify;\">En esta rapsodia la palabra azul \u00abblue\u00bb se refiere tanto al estilo musical blues (como canci\u00f3n de este t\u00edpico g\u00e9nero musical americano) como al estado de \u00e1nimo blue que significa en ingl\u00e9s \u00abmelanc\u00f3lico y juguet\u00f3n\u00bb.<\/p>\n<p style=\"text-align: justify;\">La versi\u00f3n para piano y orquesta sinf\u00f3nica que ser\u00e1 ejecutada fue arreglada por Ferde Grof\u00e9 en 1946, se ha convertido en una de las obras m\u00e1s populares de la m\u00fasica cl\u00e1sica americana.<\/p>\n<p style=\"text-align: justify;\"><strong>Daniel Luzko<\/strong><\/p>\n<p style=\"text-align: justify;\">Realiz\u00f3 sus estudios musicales en el Conservatorio de M\u00fasica \u00abJosefina de Gehre\u00bb de Encarnaci\u00f3n, adem\u00e1s de la Universidad de Kansas obteniendo el t\u00edtulo de licenciatura en piano y masterado en composici\u00f3n musical, Academia de M\u00fasica Federico Chopin en Varsovia, Polonia, con el t\u00edtulo de diploma en m\u00fasica composici\u00f3n y piano y la Universidad Cat\u00f3lica de las Am\u00e9ricas, Doctorado en Composici\u00f3n Musical.<\/p>\n<p style=\"text-align: justify;\">Entre sus maestros m\u00e1s destacados figuran Marian Borkowski, Andrzej Dutkiewicz, Jack Winerock, Luis Szar\u00e1n, Jos\u00e9 Luis Miranda, Edward Mattila y Helmut Braunlich. Trabaja desde hace m\u00e1s de 15 a\u00f1os como profesor titular de Teor\u00eda y Composici\u00f3n Musical en Irvine Valley College y actualmente vive en Long Beach, California.<\/p>\n<p style=\"text-align: justify;\"><strong>Los solistas<\/strong><br \/>\n<strong>Iman Khosrowpour<\/strong><\/p>\n<p style=\"text-align: justify;\">Naci\u00f3 en Teher\u00e1n, Ir\u00e1n y emigr\u00f3 a Estados Unidos cuando ten\u00eda dos a\u00f1os de edad. Comenz\u00f3 sus estudios de viol\u00edn a la edad de once a\u00f1os En s\u00f3lo dos a\u00f1os fue aceptado como alumno de Erick Friedman, alumno preciado de Jascha Heifetz.<\/p>\n<p style=\"text-align: justify;\">Se gradu\u00f3 en el Conservatorio Peabody de la Universidad de Rice y el Conservatorio de Nueva Inglaterra, hizo su debut en concierto con la Orquesta Sinf\u00f3nica del Pac\u00edfico a la edad de diecis\u00e9is a\u00f1os.<\/p>\n<p style=\"text-align: justify;\">Ha realizado giras y conciertos en Jap\u00f3n, Canad\u00e1, Brasil, Alemania, Rep\u00fablica Checa, y en todo los Estados Unidos. En el verano de 2013 hizo su debut europeo con el Concierto para viol\u00edn de Mendelssohn con la Orquesta de Virtuosos Checa en Brno, Rep\u00fablica Checa.<\/p>\n<p style=\"text-align: justify;\">Los conciertos para la temporada 2015 incluyen recitales en Tokio, Jap\u00f3n; Berl\u00edn y Bonn, Alemania e Irvine, California. Ejecuta en un viol\u00edn 1919 Romeo Antoniazzi.<\/p>\n<p style=\"text-align: justify;\"><strong>Daniel Ayala<\/strong><\/p>\n<p style=\"text-align: justify;\">Inici\u00f3 sus estudios de piano a los 5 a\u00f1os con su madre la profesora Elida Gim\u00e9nez y luego con el maestro Jos\u00e9 Luis Miranda, gradu\u00e1ndose en 2006 de la Escuela Musical Miranda en piano y teor\u00eda musical.<\/p>\n<p style=\"text-align: justify;\">Desde el 2007 hasta el 2008 continu\u00f3 sus estudios con el Pablo Yegros, particip\u00f3 en numerosas masterclases y talleres de m\u00fasica en Argentina y Francia.<\/p>\n<p style=\"text-align: justify;\">Adem\u00e1s en el Camping Musical Mamorei, interpretaci\u00f3n de m\u00fasica de c\u00e1mara con Jocelynn Swigger, Estados Unidos y master clases con Miguel Baselga en Espa\u00f1a.<\/p>\n<p style=\"text-align: justify;\">En la Pittsburg State University particip\u00f3 de masterclases con Michael Kirkendoll, Nichollas Philips, Robert Saterlee, Washington Garc\u00eda y Peter Collins. Luego de graduarse en el 2013 en Pittsburg State University regres\u00f3 a Paraguay, desempe\u00f1\u00e1ndose como solista, docente y pianista en la Universidad Nacional de Asunci\u00f3n.<\/p>\n","protected":false},"excerpt":{"rendered":"<p>Asunci\u00f3n, IP.- La Orquesta Sinf\u00f3nica de la Ciudad de Asunci\u00f3n realizara su segundo concierto este jueves 2 de Julio a las 20:30 en el Teatro Municipal Ignacio A. Pane, en conmemoraci\u00f3n a la proclamaci\u00f3n de la independencia de los Estados Unidos de Am\u00e9rica. El precio de las entradas es de 25.000 para adultos, 10.000 en [&hellip;]<\/p>\n","protected":false},"author":13,"featured_media":32338,"comment_status":"closed","ping_status":"closed","sticky":false,"template":"","format":"standard","meta":{"_monsterinsights_skip_tracking":false,"_monsterinsights_sitenote_active":false,"_monsterinsights_sitenote_note":"","_monsterinsights_sitenote_category":0,"footnotes":""},"categories":[7],"tags":[],"class_list":{"0":"post-32337","1":"post","2":"type-post","3":"status-publish","4":"format-standard","5":"has-post-thumbnail","7":"category-cultura"},"yoast_head":"<!-- This site is optimized with the Yoast SEO plugin v27.5 - https:\/\/yoast.com\/product\/yoast-seo-wordpress\/ -->\n<title>Sinf\u00f3nica conmemorar\u00e1 independencia de Estados Unidos - .::Agencia IP::.<\/title>\n<meta name=\"robots\" content=\"index, follow, max-snippet:-1, max-image-preview:large, max-video-preview:-1\" \/>\n<link rel=\"canonical\" href=\"https:\/\/www.ip.gov.py\/ip\/2015\/06\/29\/sinfonica-conmemorara-independencia-de-estados-unidos\/\" \/>\n<meta property=\"og:locale\" content=\"es_ES\" \/>\n<meta property=\"og:type\" content=\"article\" \/>\n<meta property=\"og:title\" content=\"Sinf\u00f3nica conmemorar\u00e1 independencia de Estados Unidos - .::Agencia IP::.\" \/>\n<meta property=\"og:description\" content=\"Asunci\u00f3n, IP.- La Orquesta Sinf\u00f3nica de la Ciudad de Asunci\u00f3n realizara su segundo concierto este jueves 2 de Julio a las 20:30 en el Teatro Municipal Ignacio A. Pane, en conmemoraci\u00f3n a la proclamaci\u00f3n de la independencia de los Estados Unidos de Am\u00e9rica. El precio de las entradas es de 25.000 para adultos, 10.000 en [&hellip;]\" \/>\n<meta property=\"og:url\" content=\"https:\/\/www.ip.gov.py\/ip\/2015\/06\/29\/sinfonica-conmemorara-independencia-de-estados-unidos\/\" \/>\n<meta property=\"og:site_name\" content=\".::Agencia IP::.\" \/>\n<meta property=\"article:publisher\" content=\"https:\/\/www.facebook.com\/IPParaguay\/\" \/>\n<meta property=\"article:published_time\" content=\"2015-06-29T17:40:43+00:00\" \/>\n<meta property=\"og:image\" content=\"https:\/\/www.ip.gov.py\/ip\/wp-content\/uploads\/2015\/06\/Daniel-Luzko_m\u00fasico.jpg\" \/>\n\t<meta property=\"og:image:width\" content=\"829\" \/>\n\t<meta property=\"og:image:height\" content=\"1239\" \/>\n\t<meta property=\"og:image:type\" content=\"image\/jpeg\" \/>\n<meta name=\"author\" content=\"Lorena FLores\" \/>\n<meta name=\"twitter:card\" content=\"summary_large_image\" \/>\n<meta name=\"twitter:creator\" content=\"@IPParaguay\" \/>\n<meta name=\"twitter:site\" content=\"@IPParaguay\" \/>\n<meta name=\"twitter:label1\" content=\"Escrito por\" \/>\n\t<meta name=\"twitter:data1\" content=\"Lorena FLores\" \/>\n\t<meta name=\"twitter:label2\" content=\"Tiempo de lectura\" \/>\n\t<meta name=\"twitter:data2\" content=\"5 minutos\" \/>\n<script type=\"application\/ld+json\" class=\"yoast-schema-graph\">{\"@context\":\"https:\\\/\\\/schema.org\",\"@graph\":[{\"@type\":\"Article\",\"@id\":\"https:\\\/\\\/www.ip.gov.py\\\/ip\\\/2015\\\/06\\\/29\\\/sinfonica-conmemorara-independencia-de-estados-unidos\\\/#article\",\"isPartOf\":{\"@id\":\"https:\\\/\\\/www.ip.gov.py\\\/ip\\\/2015\\\/06\\\/29\\\/sinfonica-conmemorara-independencia-de-estados-unidos\\\/\"},\"author\":{\"name\":\"Lorena FLores\",\"@id\":\"https:\\\/\\\/www.ip.gov.py\\\/ip\\\/#\\\/schema\\\/person\\\/b6c3764e56c4e0180b10787cbf3f1294\"},\"headline\":\"Sinf\u00f3nica conmemorar\u00e1 independencia de Estados Unidos\",\"datePublished\":\"2015-06-29T17:40:43+00:00\",\"mainEntityOfPage\":{\"@id\":\"https:\\\/\\\/www.ip.gov.py\\\/ip\\\/2015\\\/06\\\/29\\\/sinfonica-conmemorara-independencia-de-estados-unidos\\\/\"},\"wordCount\":1096,\"publisher\":{\"@id\":\"https:\\\/\\\/www.ip.gov.py\\\/ip\\\/#organization\"},\"image\":{\"@id\":\"https:\\\/\\\/www.ip.gov.py\\\/ip\\\/2015\\\/06\\\/29\\\/sinfonica-conmemorara-independencia-de-estados-unidos\\\/#primaryimage\"},\"thumbnailUrl\":\"https:\\\/\\\/www.ip.gov.py\\\/ip\\\/wp-content\\\/uploads\\\/2015\\\/06\\\/Daniel-Luzko_m\u00fasico.jpg\",\"articleSection\":[\"Cultura\"],\"inLanguage\":\"es\"},{\"@type\":\"WebPage\",\"@id\":\"https:\\\/\\\/www.ip.gov.py\\\/ip\\\/2015\\\/06\\\/29\\\/sinfonica-conmemorara-independencia-de-estados-unidos\\\/\",\"url\":\"https:\\\/\\\/www.ip.gov.py\\\/ip\\\/2015\\\/06\\\/29\\\/sinfonica-conmemorara-independencia-de-estados-unidos\\\/\",\"name\":\"Sinf\u00f3nica conmemorar\u00e1 independencia de Estados Unidos - .::Agencia IP::.\",\"isPartOf\":{\"@id\":\"https:\\\/\\\/www.ip.gov.py\\\/ip\\\/#website\"},\"primaryImageOfPage\":{\"@id\":\"https:\\\/\\\/www.ip.gov.py\\\/ip\\\/2015\\\/06\\\/29\\\/sinfonica-conmemorara-independencia-de-estados-unidos\\\/#primaryimage\"},\"image\":{\"@id\":\"https:\\\/\\\/www.ip.gov.py\\\/ip\\\/2015\\\/06\\\/29\\\/sinfonica-conmemorara-independencia-de-estados-unidos\\\/#primaryimage\"},\"thumbnailUrl\":\"https:\\\/\\\/www.ip.gov.py\\\/ip\\\/wp-content\\\/uploads\\\/2015\\\/06\\\/Daniel-Luzko_m\u00fasico.jpg\",\"datePublished\":\"2015-06-29T17:40:43+00:00\",\"breadcrumb\":{\"@id\":\"https:\\\/\\\/www.ip.gov.py\\\/ip\\\/2015\\\/06\\\/29\\\/sinfonica-conmemorara-independencia-de-estados-unidos\\\/#breadcrumb\"},\"inLanguage\":\"es\",\"potentialAction\":[{\"@type\":\"ReadAction\",\"target\":[\"https:\\\/\\\/www.ip.gov.py\\\/ip\\\/2015\\\/06\\\/29\\\/sinfonica-conmemorara-independencia-de-estados-unidos\\\/\"]}]},{\"@type\":\"ImageObject\",\"inLanguage\":\"es\",\"@id\":\"https:\\\/\\\/www.ip.gov.py\\\/ip\\\/2015\\\/06\\\/29\\\/sinfonica-conmemorara-independencia-de-estados-unidos\\\/#primaryimage\",\"url\":\"https:\\\/\\\/www.ip.gov.py\\\/ip\\\/wp-content\\\/uploads\\\/2015\\\/06\\\/Daniel-Luzko_m\u00fasico.jpg\",\"contentUrl\":\"https:\\\/\\\/www.ip.gov.py\\\/ip\\\/wp-content\\\/uploads\\\/2015\\\/06\\\/Daniel-Luzko_m\u00fasico.jpg\",\"width\":829,\"height\":1239,\"caption\":\"Daniel Luzko.\"},{\"@type\":\"BreadcrumbList\",\"@id\":\"https:\\\/\\\/www.ip.gov.py\\\/ip\\\/2015\\\/06\\\/29\\\/sinfonica-conmemorara-independencia-de-estados-unidos\\\/#breadcrumb\",\"itemListElement\":[{\"@type\":\"ListItem\",\"position\":1,\"name\":\"Portada\",\"item\":\"https:\\\/\\\/www.ip.gov.py\\\/ip\\\/\"},{\"@type\":\"ListItem\",\"position\":2,\"name\":\"Sinf\u00f3nica conmemorar\u00e1 independencia de Estados Unidos\"}]},{\"@type\":\"WebSite\",\"@id\":\"https:\\\/\\\/www.ip.gov.py\\\/ip\\\/#website\",\"url\":\"https:\\\/\\\/www.ip.gov.py\\\/ip\\\/\",\"name\":\".::Agencia IP::.\",\"description\":\"\",\"publisher\":{\"@id\":\"https:\\\/\\\/www.ip.gov.py\\\/ip\\\/#organization\"},\"potentialAction\":[{\"@type\":\"SearchAction\",\"target\":{\"@type\":\"EntryPoint\",\"urlTemplate\":\"https:\\\/\\\/www.ip.gov.py\\\/ip\\\/?s={search_term_string}\"},\"query-input\":{\"@type\":\"PropertyValueSpecification\",\"valueRequired\":true,\"valueName\":\"search_term_string\"}}],\"inLanguage\":\"es\"},{\"@type\":\"Organization\",\"@id\":\"https:\\\/\\\/www.ip.gov.py\\\/ip\\\/#organization\",\"name\":\"Agencia IP\",\"url\":\"https:\\\/\\\/www.ip.gov.py\\\/ip\\\/\",\"logo\":{\"@type\":\"ImageObject\",\"inLanguage\":\"es\",\"@id\":\"https:\\\/\\\/www.ip.gov.py\\\/ip\\\/#\\\/schema\\\/logo\\\/image\\\/\",\"url\":\"https:\\\/\\\/www.ip.gov.py\\\/ip\\\/wp-content\\\/uploads\\\/2018\\\/01\\\/Agencia-IP.jpg\",\"contentUrl\":\"https:\\\/\\\/www.ip.gov.py\\\/ip\\\/wp-content\\\/uploads\\\/2018\\\/01\\\/Agencia-IP.jpg\",\"width\":150,\"height\":150,\"caption\":\"Agencia IP\"},\"image\":{\"@id\":\"https:\\\/\\\/www.ip.gov.py\\\/ip\\\/#\\\/schema\\\/logo\\\/image\\\/\"},\"sameAs\":[\"https:\\\/\\\/www.facebook.com\\\/IPParaguay\\\/\",\"https:\\\/\\\/x.com\\\/IPParaguay\",\"https:\\\/\\\/www.instagram.com\\\/IPParaguay\"]},{\"@type\":\"Person\",\"@id\":\"https:\\\/\\\/www.ip.gov.py\\\/ip\\\/#\\\/schema\\\/person\\\/b6c3764e56c4e0180b10787cbf3f1294\",\"name\":\"Lorena FLores\",\"url\":\"https:\\\/\\\/www.ip.gov.py\\\/ip\\\/author\\\/lflores\\\/\"}]}<\/script>\n<!-- \/ Yoast SEO plugin. -->","yoast_head_json":{"title":"Sinf\u00f3nica conmemorar\u00e1 independencia de Estados Unidos - .::Agencia IP::.","robots":{"index":"index","follow":"follow","max-snippet":"max-snippet:-1","max-image-preview":"max-image-preview:large","max-video-preview":"max-video-preview:-1"},"canonical":"https:\/\/www.ip.gov.py\/ip\/2015\/06\/29\/sinfonica-conmemorara-independencia-de-estados-unidos\/","og_locale":"es_ES","og_type":"article","og_title":"Sinf\u00f3nica conmemorar\u00e1 independencia de Estados Unidos - .::Agencia IP::.","og_description":"Asunci\u00f3n, IP.- La Orquesta Sinf\u00f3nica de la Ciudad de Asunci\u00f3n realizara su segundo concierto este jueves 2 de Julio a las 20:30 en el Teatro Municipal Ignacio A. Pane, en conmemoraci\u00f3n a la proclamaci\u00f3n de la independencia de los Estados Unidos de Am\u00e9rica. El precio de las entradas es de 25.000 para adultos, 10.000 en [&hellip;]","og_url":"https:\/\/www.ip.gov.py\/ip\/2015\/06\/29\/sinfonica-conmemorara-independencia-de-estados-unidos\/","og_site_name":".::Agencia IP::.","article_publisher":"https:\/\/www.facebook.com\/IPParaguay\/","article_published_time":"2015-06-29T17:40:43+00:00","og_image":[{"width":829,"height":1239,"url":"https:\/\/www.ip.gov.py\/ip\/wp-content\/uploads\/2015\/06\/Daniel-Luzko_m\u00fasico.jpg","type":"image\/jpeg"}],"author":"Lorena FLores","twitter_card":"summary_large_image","twitter_creator":"@IPParaguay","twitter_site":"@IPParaguay","twitter_misc":{"Escrito por":"Lorena FLores","Tiempo de lectura":"5 minutos"},"schema":{"@context":"https:\/\/schema.org","@graph":[{"@type":"Article","@id":"https:\/\/www.ip.gov.py\/ip\/2015\/06\/29\/sinfonica-conmemorara-independencia-de-estados-unidos\/#article","isPartOf":{"@id":"https:\/\/www.ip.gov.py\/ip\/2015\/06\/29\/sinfonica-conmemorara-independencia-de-estados-unidos\/"},"author":{"name":"Lorena FLores","@id":"https:\/\/www.ip.gov.py\/ip\/#\/schema\/person\/b6c3764e56c4e0180b10787cbf3f1294"},"headline":"Sinf\u00f3nica conmemorar\u00e1 independencia de Estados Unidos","datePublished":"2015-06-29T17:40:43+00:00","mainEntityOfPage":{"@id":"https:\/\/www.ip.gov.py\/ip\/2015\/06\/29\/sinfonica-conmemorara-independencia-de-estados-unidos\/"},"wordCount":1096,"publisher":{"@id":"https:\/\/www.ip.gov.py\/ip\/#organization"},"image":{"@id":"https:\/\/www.ip.gov.py\/ip\/2015\/06\/29\/sinfonica-conmemorara-independencia-de-estados-unidos\/#primaryimage"},"thumbnailUrl":"https:\/\/www.ip.gov.py\/ip\/wp-content\/uploads\/2015\/06\/Daniel-Luzko_m\u00fasico.jpg","articleSection":["Cultura"],"inLanguage":"es"},{"@type":"WebPage","@id":"https:\/\/www.ip.gov.py\/ip\/2015\/06\/29\/sinfonica-conmemorara-independencia-de-estados-unidos\/","url":"https:\/\/www.ip.gov.py\/ip\/2015\/06\/29\/sinfonica-conmemorara-independencia-de-estados-unidos\/","name":"Sinf\u00f3nica conmemorar\u00e1 independencia de Estados Unidos - .::Agencia IP::.","isPartOf":{"@id":"https:\/\/www.ip.gov.py\/ip\/#website"},"primaryImageOfPage":{"@id":"https:\/\/www.ip.gov.py\/ip\/2015\/06\/29\/sinfonica-conmemorara-independencia-de-estados-unidos\/#primaryimage"},"image":{"@id":"https:\/\/www.ip.gov.py\/ip\/2015\/06\/29\/sinfonica-conmemorara-independencia-de-estados-unidos\/#primaryimage"},"thumbnailUrl":"https:\/\/www.ip.gov.py\/ip\/wp-content\/uploads\/2015\/06\/Daniel-Luzko_m\u00fasico.jpg","datePublished":"2015-06-29T17:40:43+00:00","breadcrumb":{"@id":"https:\/\/www.ip.gov.py\/ip\/2015\/06\/29\/sinfonica-conmemorara-independencia-de-estados-unidos\/#breadcrumb"},"inLanguage":"es","potentialAction":[{"@type":"ReadAction","target":["https:\/\/www.ip.gov.py\/ip\/2015\/06\/29\/sinfonica-conmemorara-independencia-de-estados-unidos\/"]}]},{"@type":"ImageObject","inLanguage":"es","@id":"https:\/\/www.ip.gov.py\/ip\/2015\/06\/29\/sinfonica-conmemorara-independencia-de-estados-unidos\/#primaryimage","url":"https:\/\/www.ip.gov.py\/ip\/wp-content\/uploads\/2015\/06\/Daniel-Luzko_m\u00fasico.jpg","contentUrl":"https:\/\/www.ip.gov.py\/ip\/wp-content\/uploads\/2015\/06\/Daniel-Luzko_m\u00fasico.jpg","width":829,"height":1239,"caption":"Daniel Luzko."},{"@type":"BreadcrumbList","@id":"https:\/\/www.ip.gov.py\/ip\/2015\/06\/29\/sinfonica-conmemorara-independencia-de-estados-unidos\/#breadcrumb","itemListElement":[{"@type":"ListItem","position":1,"name":"Portada","item":"https:\/\/www.ip.gov.py\/ip\/"},{"@type":"ListItem","position":2,"name":"Sinf\u00f3nica conmemorar\u00e1 independencia de Estados Unidos"}]},{"@type":"WebSite","@id":"https:\/\/www.ip.gov.py\/ip\/#website","url":"https:\/\/www.ip.gov.py\/ip\/","name":".::Agencia IP::.","description":"","publisher":{"@id":"https:\/\/www.ip.gov.py\/ip\/#organization"},"potentialAction":[{"@type":"SearchAction","target":{"@type":"EntryPoint","urlTemplate":"https:\/\/www.ip.gov.py\/ip\/?s={search_term_string}"},"query-input":{"@type":"PropertyValueSpecification","valueRequired":true,"valueName":"search_term_string"}}],"inLanguage":"es"},{"@type":"Organization","@id":"https:\/\/www.ip.gov.py\/ip\/#organization","name":"Agencia IP","url":"https:\/\/www.ip.gov.py\/ip\/","logo":{"@type":"ImageObject","inLanguage":"es","@id":"https:\/\/www.ip.gov.py\/ip\/#\/schema\/logo\/image\/","url":"https:\/\/www.ip.gov.py\/ip\/wp-content\/uploads\/2018\/01\/Agencia-IP.jpg","contentUrl":"https:\/\/www.ip.gov.py\/ip\/wp-content\/uploads\/2018\/01\/Agencia-IP.jpg","width":150,"height":150,"caption":"Agencia IP"},"image":{"@id":"https:\/\/www.ip.gov.py\/ip\/#\/schema\/logo\/image\/"},"sameAs":["https:\/\/www.facebook.com\/IPParaguay\/","https:\/\/x.com\/IPParaguay","https:\/\/www.instagram.com\/IPParaguay"]},{"@type":"Person","@id":"https:\/\/www.ip.gov.py\/ip\/#\/schema\/person\/b6c3764e56c4e0180b10787cbf3f1294","name":"Lorena FLores","url":"https:\/\/www.ip.gov.py\/ip\/author\/lflores\/"}]}},"_links":{"self":[{"href":"https:\/\/www.ip.gov.py\/ip\/wp-json\/wp\/v2\/posts\/32337","targetHints":{"allow":["GET"]}}],"collection":[{"href":"https:\/\/www.ip.gov.py\/ip\/wp-json\/wp\/v2\/posts"}],"about":[{"href":"https:\/\/www.ip.gov.py\/ip\/wp-json\/wp\/v2\/types\/post"}],"author":[{"embeddable":true,"href":"https:\/\/www.ip.gov.py\/ip\/wp-json\/wp\/v2\/users\/13"}],"replies":[{"embeddable":true,"href":"https:\/\/www.ip.gov.py\/ip\/wp-json\/wp\/v2\/comments?post=32337"}],"version-history":[{"count":0,"href":"https:\/\/www.ip.gov.py\/ip\/wp-json\/wp\/v2\/posts\/32337\/revisions"}],"wp:featuredmedia":[{"embeddable":true,"href":"https:\/\/www.ip.gov.py\/ip\/wp-json\/wp\/v2\/media\/32338"}],"wp:attachment":[{"href":"https:\/\/www.ip.gov.py\/ip\/wp-json\/wp\/v2\/media?parent=32337"}],"wp:term":[{"taxonomy":"category","embeddable":true,"href":"https:\/\/www.ip.gov.py\/ip\/wp-json\/wp\/v2\/categories?post=32337"},{"taxonomy":"post_tag","embeddable":true,"href":"https:\/\/www.ip.gov.py\/ip\/wp-json\/wp\/v2\/tags?post=32337"}],"curies":[{"name":"wp","href":"https:\/\/api.w.org\/{rel}","templated":true}]}}