{"id":323756,"date":"2020-07-07T10:56:55","date_gmt":"2020-07-07T14:56:55","guid":{"rendered":"https:\/\/www.ip.gov.py\/ip\/?p=323756"},"modified":"2020-07-07T11:18:53","modified_gmt":"2020-07-07T15:18:53","slug":"la-policia-nacional-cuenta-con-departamento-familiar-a-fin-de-contrarrestar-los-casos-de-violencia-domestica","status":"publish","type":"post","link":"https:\/\/www.ip.gov.py\/ip\/2020\/07\/07\/la-policia-nacional-cuenta-con-departamento-familiar-a-fin-de-contrarrestar-los-casos-de-violencia-domestica\/","title":{"rendered":"Departamento Familiar de la Polic\u00eda Nacional trabaja para contrarrestar casos de violencia dom\u00e9stica"},"content":{"rendered":"<p style=\"text-align: justify;\"><em><strong>Asunci\u00f3n, Agencia IP.-<\/strong><\/em> La Polic\u00eda Nacional a trav\u00e9s de su Departamento de Acci\u00f3n Social y Asuntos Familiares lleva adelante servicio de asistencia y acompa\u00f1amiento psicol\u00f3gico a agentes policiales con el fin de contrarrestar los casos de violencia intrafamiliar en el pa\u00eds.<\/p>\n<p style=\"text-align: justify;\"><!--more--><\/p>\n<p style=\"text-align: justify;\">En relaci\u00f3n a la situaci\u00f3n de la salud mental dentro de la instituci\u00f3n, tras el qu\u00edntuple homicidio y posterior suicidio de un suboficial, la jefa del Departamento de Acci\u00f3n social y Asuntos Familiares, Norma Vera, \u00a0inform\u00f3 que la Polic\u00eda Nacional encara acciones espec\u00edficas de contenci\u00f3n y apoyo psicol\u00f3gico.<\/p>\n<p style=\"text-align: justify;\">\u201cActualmente estamos trabajando en actividades de atenci\u00f3n y acompa\u00f1amiento con los compa\u00f1eros que fueron procesados por violencia intrafamiliar. Hacemos grupos de ayuda para manejo de la ira y el desarrollo de la inteligencia emocional\u201d, manifest\u00f3 la Crio Ppal. en conversaci\u00f3n con Radio Nacional del Paraguay.<\/p>\n<p style=\"text-align: justify;\">La comisario enfatiz\u00f3 que desde el departamento a su cargo se coordinan acciones con la Direcci\u00f3n de Personal de Gesti\u00f3n, quienes derivan el listado del personal policial que se halla bajo proceso por hechos de violencia dom\u00e9stica. \u201cRealizamos psicoterapia de tal modo a que ellos puedan llevar una mejor conducta con su familia, comunidad y dentro de su lugar de trabajo\u201d, se\u00f1al\u00f3.<\/p>\n<p style=\"text-align: justify;\">En ese contexto, asever\u00f3 que la asistencia es desarrollada con total discreci\u00f3n. \u201cConforme a la \u00e9tica profesional, informamos solamente a las autoridades respectivas el desarrollo de la psicoterapia y sus resultados\u201d, indic\u00f3 Vera.<\/p>\n<p style=\"text-align: justify;\">El Departamento de Acci\u00f3n Social que lleva trabajando hace dos a\u00f1os en los casos de violencia dom\u00e9stica, ofrece apoyo psicol\u00f3gico, asesor\u00eda legal y tambi\u00e9n nutricional a fin de asistir y mejorar la calidad de vida del agente policial.<\/p>\n<p style=\"text-align: justify;\">Por otra parte, detall\u00f3 que otras de las iniciativas impulsadas por el departamento es acompa\u00f1ar a las respectivas familias durante el fallecimiento de un agente policial. \u201cTenemos un protocolo de asistencia para los familiares que atraviesan un proceso de duelo. Tambi\u00e9n ofrecemos contenci\u00f3n psicol\u00f3gica\u201d, finaliz\u00f3 la comisario principal Norma Vera.<\/p>\n","protected":false},"excerpt":{"rendered":"<p>Asunci\u00f3n, Agencia IP.- La Polic\u00eda Nacional a trav\u00e9s de su Departamento de Acci\u00f3n Social y Asuntos Familiares lleva adelante servicio de asistencia y acompa\u00f1amiento psicol\u00f3gico a agentes policiales con el fin de contrarrestar los casos de violencia intrafamiliar en el pa\u00eds.<\/p>\n","protected":false},"author":31,"featured_media":109721,"comment_status":"closed","ping_status":"closed","sticky":false,"template":"","format":"standard","meta":{"_monsterinsights_skip_tracking":false,"_monsterinsights_sitenote_active":false,"_monsterinsights_sitenote_note":"","_monsterinsights_sitenote_category":0,"footnotes":""},"categories":[4],"tags":[],"class_list":{"0":"post-323756","1":"post","2":"type-post","3":"status-publish","4":"format-standard","5":"has-post-thumbnail","7":"category-nacionales"},"yoast_head":"<!-- This site is optimized with the Yoast SEO plugin v27.5 - https:\/\/yoast.com\/product\/yoast-seo-wordpress\/ -->\n<title>Departamento Familiar de la Polic\u00eda Nacional trabaja para contrarrestar casos de violencia dom\u00e9stica - .::Agencia IP::.<\/title>\n<meta name=\"robots\" content=\"index, follow, max-snippet:-1, max-image-preview:large, max-video-preview:-1\" \/>\n<link rel=\"canonical\" href=\"https:\/\/www.ip.gov.py\/ip\/2020\/07\/07\/la-policia-nacional-cuenta-con-departamento-familiar-a-fin-de-contrarrestar-los-casos-de-violencia-domestica\/\" \/>\n<meta property=\"og:locale\" content=\"es_ES\" \/>\n<meta property=\"og:type\" content=\"article\" \/>\n<meta property=\"og:title\" content=\"Departamento Familiar de la Polic\u00eda Nacional trabaja para contrarrestar casos de violencia dom\u00e9stica - .::Agencia IP::.\" \/>\n<meta property=\"og:description\" content=\"Asunci\u00f3n, Agencia IP.- La Polic\u00eda Nacional a trav\u00e9s de su Departamento de Acci\u00f3n Social y Asuntos Familiares lleva adelante servicio de asistencia y acompa\u00f1amiento psicol\u00f3gico a agentes policiales con el fin de contrarrestar los casos de violencia intrafamiliar en el pa\u00eds.\" \/>\n<meta property=\"og:url\" content=\"https:\/\/www.ip.gov.py\/ip\/2020\/07\/07\/la-policia-nacional-cuenta-con-departamento-familiar-a-fin-de-contrarrestar-los-casos-de-violencia-domestica\/\" \/>\n<meta property=\"og:site_name\" content=\".::Agencia IP::.\" \/>\n<meta property=\"article:publisher\" content=\"https:\/\/www.facebook.com\/IPParaguay\/\" \/>\n<meta property=\"article:published_time\" content=\"2020-07-07T14:56:55+00:00\" \/>\n<meta property=\"article:modified_time\" content=\"2020-07-07T15:18:53+00:00\" \/>\n<meta property=\"og:image\" content=\"https:\/\/www.ip.gov.py\/ip\/wp-content\/uploads\/2016\/07\/policia-nacional_inauguracion-1.jpg\" \/>\n\t<meta property=\"og:image:width\" content=\"1280\" \/>\n\t<meta property=\"og:image:height\" content=\"903\" \/>\n\t<meta property=\"og:image:type\" content=\"image\/jpeg\" \/>\n<meta name=\"author\" content=\"Veronica Gimenez\" \/>\n<meta name=\"twitter:card\" content=\"summary_large_image\" \/>\n<meta name=\"twitter:creator\" content=\"@IPParaguay\" \/>\n<meta name=\"twitter:site\" content=\"@IPParaguay\" \/>\n<meta name=\"twitter:label1\" content=\"Escrito por\" \/>\n\t<meta name=\"twitter:data1\" content=\"Veronica Gimenez\" \/>\n\t<meta name=\"twitter:label2\" content=\"Tiempo de lectura\" \/>\n\t<meta name=\"twitter:data2\" content=\"2 minutos\" \/>\n<script type=\"application\/ld+json\" class=\"yoast-schema-graph\">{\"@context\":\"https:\\\/\\\/schema.org\",\"@graph\":[{\"@type\":\"Article\",\"@id\":\"https:\\\/\\\/www.ip.gov.py\\\/ip\\\/2020\\\/07\\\/07\\\/la-policia-nacional-cuenta-con-departamento-familiar-a-fin-de-contrarrestar-los-casos-de-violencia-domestica\\\/#article\",\"isPartOf\":{\"@id\":\"https:\\\/\\\/www.ip.gov.py\\\/ip\\\/2020\\\/07\\\/07\\\/la-policia-nacional-cuenta-con-departamento-familiar-a-fin-de-contrarrestar-los-casos-de-violencia-domestica\\\/\"},\"author\":{\"name\":\"Veronica Gimenez\",\"@id\":\"https:\\\/\\\/www.ip.gov.py\\\/ip\\\/#\\\/schema\\\/person\\\/80dabd959b84f4db18b2b1a238d83e30\"},\"headline\":\"Departamento Familiar de la Polic\u00eda Nacional trabaja para contrarrestar casos de violencia dom\u00e9stica\",\"datePublished\":\"2020-07-07T14:56:55+00:00\",\"dateModified\":\"2020-07-07T15:18:53+00:00\",\"mainEntityOfPage\":{\"@id\":\"https:\\\/\\\/www.ip.gov.py\\\/ip\\\/2020\\\/07\\\/07\\\/la-policia-nacional-cuenta-con-departamento-familiar-a-fin-de-contrarrestar-los-casos-de-violencia-domestica\\\/\"},\"wordCount\":368,\"publisher\":{\"@id\":\"https:\\\/\\\/www.ip.gov.py\\\/ip\\\/#organization\"},\"image\":{\"@id\":\"https:\\\/\\\/www.ip.gov.py\\\/ip\\\/2020\\\/07\\\/07\\\/la-policia-nacional-cuenta-con-departamento-familiar-a-fin-de-contrarrestar-los-casos-de-violencia-domestica\\\/#primaryimage\"},\"thumbnailUrl\":\"https:\\\/\\\/www.ip.gov.py\\\/ip\\\/wp-content\\\/uploads\\\/2016\\\/07\\\/policia-nacional_inauguracion-1.jpg\",\"articleSection\":[\"Nacionales\"],\"inLanguage\":\"es\"},{\"@type\":\"WebPage\",\"@id\":\"https:\\\/\\\/www.ip.gov.py\\\/ip\\\/2020\\\/07\\\/07\\\/la-policia-nacional-cuenta-con-departamento-familiar-a-fin-de-contrarrestar-los-casos-de-violencia-domestica\\\/\",\"url\":\"https:\\\/\\\/www.ip.gov.py\\\/ip\\\/2020\\\/07\\\/07\\\/la-policia-nacional-cuenta-con-departamento-familiar-a-fin-de-contrarrestar-los-casos-de-violencia-domestica\\\/\",\"name\":\"Departamento Familiar de la Polic\u00eda Nacional trabaja para contrarrestar casos de violencia dom\u00e9stica - .::Agencia IP::.\",\"isPartOf\":{\"@id\":\"https:\\\/\\\/www.ip.gov.py\\\/ip\\\/#website\"},\"primaryImageOfPage\":{\"@id\":\"https:\\\/\\\/www.ip.gov.py\\\/ip\\\/2020\\\/07\\\/07\\\/la-policia-nacional-cuenta-con-departamento-familiar-a-fin-de-contrarrestar-los-casos-de-violencia-domestica\\\/#primaryimage\"},\"image\":{\"@id\":\"https:\\\/\\\/www.ip.gov.py\\\/ip\\\/2020\\\/07\\\/07\\\/la-policia-nacional-cuenta-con-departamento-familiar-a-fin-de-contrarrestar-los-casos-de-violencia-domestica\\\/#primaryimage\"},\"thumbnailUrl\":\"https:\\\/\\\/www.ip.gov.py\\\/ip\\\/wp-content\\\/uploads\\\/2016\\\/07\\\/policia-nacional_inauguracion-1.jpg\",\"datePublished\":\"2020-07-07T14:56:55+00:00\",\"dateModified\":\"2020-07-07T15:18:53+00:00\",\"breadcrumb\":{\"@id\":\"https:\\\/\\\/www.ip.gov.py\\\/ip\\\/2020\\\/07\\\/07\\\/la-policia-nacional-cuenta-con-departamento-familiar-a-fin-de-contrarrestar-los-casos-de-violencia-domestica\\\/#breadcrumb\"},\"inLanguage\":\"es\",\"potentialAction\":[{\"@type\":\"ReadAction\",\"target\":[\"https:\\\/\\\/www.ip.gov.py\\\/ip\\\/2020\\\/07\\\/07\\\/la-policia-nacional-cuenta-con-departamento-familiar-a-fin-de-contrarrestar-los-casos-de-violencia-domestica\\\/\"]}]},{\"@type\":\"ImageObject\",\"inLanguage\":\"es\",\"@id\":\"https:\\\/\\\/www.ip.gov.py\\\/ip\\\/2020\\\/07\\\/07\\\/la-policia-nacional-cuenta-con-departamento-familiar-a-fin-de-contrarrestar-los-casos-de-violencia-domestica\\\/#primaryimage\",\"url\":\"https:\\\/\\\/www.ip.gov.py\\\/ip\\\/wp-content\\\/uploads\\\/2016\\\/07\\\/policia-nacional_inauguracion-1.jpg\",\"contentUrl\":\"https:\\\/\\\/www.ip.gov.py\\\/ip\\\/wp-content\\\/uploads\\\/2016\\\/07\\\/policia-nacional_inauguracion-1.jpg\",\"width\":1280,\"height\":903},{\"@type\":\"BreadcrumbList\",\"@id\":\"https:\\\/\\\/www.ip.gov.py\\\/ip\\\/2020\\\/07\\\/07\\\/la-policia-nacional-cuenta-con-departamento-familiar-a-fin-de-contrarrestar-los-casos-de-violencia-domestica\\\/#breadcrumb\",\"itemListElement\":[{\"@type\":\"ListItem\",\"position\":1,\"name\":\"Portada\",\"item\":\"https:\\\/\\\/www.ip.gov.py\\\/ip\\\/\"},{\"@type\":\"ListItem\",\"position\":2,\"name\":\"Departamento Familiar de la Polic\u00eda Nacional trabaja para contrarrestar casos de violencia dom\u00e9stica\"}]},{\"@type\":\"WebSite\",\"@id\":\"https:\\\/\\\/www.ip.gov.py\\\/ip\\\/#website\",\"url\":\"https:\\\/\\\/www.ip.gov.py\\\/ip\\\/\",\"name\":\".::Agencia IP::.\",\"description\":\"\",\"publisher\":{\"@id\":\"https:\\\/\\\/www.ip.gov.py\\\/ip\\\/#organization\"},\"potentialAction\":[{\"@type\":\"SearchAction\",\"target\":{\"@type\":\"EntryPoint\",\"urlTemplate\":\"https:\\\/\\\/www.ip.gov.py\\\/ip\\\/?s={search_term_string}\"},\"query-input\":{\"@type\":\"PropertyValueSpecification\",\"valueRequired\":true,\"valueName\":\"search_term_string\"}}],\"inLanguage\":\"es\"},{\"@type\":\"Organization\",\"@id\":\"https:\\\/\\\/www.ip.gov.py\\\/ip\\\/#organization\",\"name\":\"Agencia IP\",\"url\":\"https:\\\/\\\/www.ip.gov.py\\\/ip\\\/\",\"logo\":{\"@type\":\"ImageObject\",\"inLanguage\":\"es\",\"@id\":\"https:\\\/\\\/www.ip.gov.py\\\/ip\\\/#\\\/schema\\\/logo\\\/image\\\/\",\"url\":\"https:\\\/\\\/www.ip.gov.py\\\/ip\\\/wp-content\\\/uploads\\\/2018\\\/01\\\/Agencia-IP.jpg\",\"contentUrl\":\"https:\\\/\\\/www.ip.gov.py\\\/ip\\\/wp-content\\\/uploads\\\/2018\\\/01\\\/Agencia-IP.jpg\",\"width\":150,\"height\":150,\"caption\":\"Agencia IP\"},\"image\":{\"@id\":\"https:\\\/\\\/www.ip.gov.py\\\/ip\\\/#\\\/schema\\\/logo\\\/image\\\/\"},\"sameAs\":[\"https:\\\/\\\/www.facebook.com\\\/IPParaguay\\\/\",\"https:\\\/\\\/x.com\\\/IPParaguay\",\"https:\\\/\\\/www.instagram.com\\\/IPParaguay\"]},{\"@type\":\"Person\",\"@id\":\"https:\\\/\\\/www.ip.gov.py\\\/ip\\\/#\\\/schema\\\/person\\\/80dabd959b84f4db18b2b1a238d83e30\",\"name\":\"Veronica Gimenez\",\"url\":\"https:\\\/\\\/www.ip.gov.py\\\/ip\\\/author\\\/vgimenez\\\/\"}]}<\/script>\n<!-- \/ Yoast SEO plugin. -->","yoast_head_json":{"title":"Departamento Familiar de la Polic\u00eda Nacional trabaja para contrarrestar casos de violencia dom\u00e9stica - .::Agencia IP::.","robots":{"index":"index","follow":"follow","max-snippet":"max-snippet:-1","max-image-preview":"max-image-preview:large","max-video-preview":"max-video-preview:-1"},"canonical":"https:\/\/www.ip.gov.py\/ip\/2020\/07\/07\/la-policia-nacional-cuenta-con-departamento-familiar-a-fin-de-contrarrestar-los-casos-de-violencia-domestica\/","og_locale":"es_ES","og_type":"article","og_title":"Departamento Familiar de la Polic\u00eda Nacional trabaja para contrarrestar casos de violencia dom\u00e9stica - .::Agencia IP::.","og_description":"Asunci\u00f3n, Agencia IP.- La Polic\u00eda Nacional a trav\u00e9s de su Departamento de Acci\u00f3n Social y Asuntos Familiares lleva adelante servicio de asistencia y acompa\u00f1amiento psicol\u00f3gico a agentes policiales con el fin de contrarrestar los casos de violencia intrafamiliar en el pa\u00eds.","og_url":"https:\/\/www.ip.gov.py\/ip\/2020\/07\/07\/la-policia-nacional-cuenta-con-departamento-familiar-a-fin-de-contrarrestar-los-casos-de-violencia-domestica\/","og_site_name":".::Agencia IP::.","article_publisher":"https:\/\/www.facebook.com\/IPParaguay\/","article_published_time":"2020-07-07T14:56:55+00:00","article_modified_time":"2020-07-07T15:18:53+00:00","og_image":[{"width":1280,"height":903,"url":"https:\/\/www.ip.gov.py\/ip\/wp-content\/uploads\/2016\/07\/policia-nacional_inauguracion-1.jpg","type":"image\/jpeg"}],"author":"Veronica Gimenez","twitter_card":"summary_large_image","twitter_creator":"@IPParaguay","twitter_site":"@IPParaguay","twitter_misc":{"Escrito por":"Veronica Gimenez","Tiempo de lectura":"2 minutos"},"schema":{"@context":"https:\/\/schema.org","@graph":[{"@type":"Article","@id":"https:\/\/www.ip.gov.py\/ip\/2020\/07\/07\/la-policia-nacional-cuenta-con-departamento-familiar-a-fin-de-contrarrestar-los-casos-de-violencia-domestica\/#article","isPartOf":{"@id":"https:\/\/www.ip.gov.py\/ip\/2020\/07\/07\/la-policia-nacional-cuenta-con-departamento-familiar-a-fin-de-contrarrestar-los-casos-de-violencia-domestica\/"},"author":{"name":"Veronica Gimenez","@id":"https:\/\/www.ip.gov.py\/ip\/#\/schema\/person\/80dabd959b84f4db18b2b1a238d83e30"},"headline":"Departamento Familiar de la Polic\u00eda Nacional trabaja para contrarrestar casos de violencia dom\u00e9stica","datePublished":"2020-07-07T14:56:55+00:00","dateModified":"2020-07-07T15:18:53+00:00","mainEntityOfPage":{"@id":"https:\/\/www.ip.gov.py\/ip\/2020\/07\/07\/la-policia-nacional-cuenta-con-departamento-familiar-a-fin-de-contrarrestar-los-casos-de-violencia-domestica\/"},"wordCount":368,"publisher":{"@id":"https:\/\/www.ip.gov.py\/ip\/#organization"},"image":{"@id":"https:\/\/www.ip.gov.py\/ip\/2020\/07\/07\/la-policia-nacional-cuenta-con-departamento-familiar-a-fin-de-contrarrestar-los-casos-de-violencia-domestica\/#primaryimage"},"thumbnailUrl":"https:\/\/www.ip.gov.py\/ip\/wp-content\/uploads\/2016\/07\/policia-nacional_inauguracion-1.jpg","articleSection":["Nacionales"],"inLanguage":"es"},{"@type":"WebPage","@id":"https:\/\/www.ip.gov.py\/ip\/2020\/07\/07\/la-policia-nacional-cuenta-con-departamento-familiar-a-fin-de-contrarrestar-los-casos-de-violencia-domestica\/","url":"https:\/\/www.ip.gov.py\/ip\/2020\/07\/07\/la-policia-nacional-cuenta-con-departamento-familiar-a-fin-de-contrarrestar-los-casos-de-violencia-domestica\/","name":"Departamento Familiar de la Polic\u00eda Nacional trabaja para contrarrestar casos de violencia dom\u00e9stica - .::Agencia IP::.","isPartOf":{"@id":"https:\/\/www.ip.gov.py\/ip\/#website"},"primaryImageOfPage":{"@id":"https:\/\/www.ip.gov.py\/ip\/2020\/07\/07\/la-policia-nacional-cuenta-con-departamento-familiar-a-fin-de-contrarrestar-los-casos-de-violencia-domestica\/#primaryimage"},"image":{"@id":"https:\/\/www.ip.gov.py\/ip\/2020\/07\/07\/la-policia-nacional-cuenta-con-departamento-familiar-a-fin-de-contrarrestar-los-casos-de-violencia-domestica\/#primaryimage"},"thumbnailUrl":"https:\/\/www.ip.gov.py\/ip\/wp-content\/uploads\/2016\/07\/policia-nacional_inauguracion-1.jpg","datePublished":"2020-07-07T14:56:55+00:00","dateModified":"2020-07-07T15:18:53+00:00","breadcrumb":{"@id":"https:\/\/www.ip.gov.py\/ip\/2020\/07\/07\/la-policia-nacional-cuenta-con-departamento-familiar-a-fin-de-contrarrestar-los-casos-de-violencia-domestica\/#breadcrumb"},"inLanguage":"es","potentialAction":[{"@type":"ReadAction","target":["https:\/\/www.ip.gov.py\/ip\/2020\/07\/07\/la-policia-nacional-cuenta-con-departamento-familiar-a-fin-de-contrarrestar-los-casos-de-violencia-domestica\/"]}]},{"@type":"ImageObject","inLanguage":"es","@id":"https:\/\/www.ip.gov.py\/ip\/2020\/07\/07\/la-policia-nacional-cuenta-con-departamento-familiar-a-fin-de-contrarrestar-los-casos-de-violencia-domestica\/#primaryimage","url":"https:\/\/www.ip.gov.py\/ip\/wp-content\/uploads\/2016\/07\/policia-nacional_inauguracion-1.jpg","contentUrl":"https:\/\/www.ip.gov.py\/ip\/wp-content\/uploads\/2016\/07\/policia-nacional_inauguracion-1.jpg","width":1280,"height":903},{"@type":"BreadcrumbList","@id":"https:\/\/www.ip.gov.py\/ip\/2020\/07\/07\/la-policia-nacional-cuenta-con-departamento-familiar-a-fin-de-contrarrestar-los-casos-de-violencia-domestica\/#breadcrumb","itemListElement":[{"@type":"ListItem","position":1,"name":"Portada","item":"https:\/\/www.ip.gov.py\/ip\/"},{"@type":"ListItem","position":2,"name":"Departamento Familiar de la Polic\u00eda Nacional trabaja para contrarrestar casos de violencia dom\u00e9stica"}]},{"@type":"WebSite","@id":"https:\/\/www.ip.gov.py\/ip\/#website","url":"https:\/\/www.ip.gov.py\/ip\/","name":".::Agencia IP::.","description":"","publisher":{"@id":"https:\/\/www.ip.gov.py\/ip\/#organization"},"potentialAction":[{"@type":"SearchAction","target":{"@type":"EntryPoint","urlTemplate":"https:\/\/www.ip.gov.py\/ip\/?s={search_term_string}"},"query-input":{"@type":"PropertyValueSpecification","valueRequired":true,"valueName":"search_term_string"}}],"inLanguage":"es"},{"@type":"Organization","@id":"https:\/\/www.ip.gov.py\/ip\/#organization","name":"Agencia IP","url":"https:\/\/www.ip.gov.py\/ip\/","logo":{"@type":"ImageObject","inLanguage":"es","@id":"https:\/\/www.ip.gov.py\/ip\/#\/schema\/logo\/image\/","url":"https:\/\/www.ip.gov.py\/ip\/wp-content\/uploads\/2018\/01\/Agencia-IP.jpg","contentUrl":"https:\/\/www.ip.gov.py\/ip\/wp-content\/uploads\/2018\/01\/Agencia-IP.jpg","width":150,"height":150,"caption":"Agencia IP"},"image":{"@id":"https:\/\/www.ip.gov.py\/ip\/#\/schema\/logo\/image\/"},"sameAs":["https:\/\/www.facebook.com\/IPParaguay\/","https:\/\/x.com\/IPParaguay","https:\/\/www.instagram.com\/IPParaguay"]},{"@type":"Person","@id":"https:\/\/www.ip.gov.py\/ip\/#\/schema\/person\/80dabd959b84f4db18b2b1a238d83e30","name":"Veronica Gimenez","url":"https:\/\/www.ip.gov.py\/ip\/author\/vgimenez\/"}]}},"_links":{"self":[{"href":"https:\/\/www.ip.gov.py\/ip\/wp-json\/wp\/v2\/posts\/323756","targetHints":{"allow":["GET"]}}],"collection":[{"href":"https:\/\/www.ip.gov.py\/ip\/wp-json\/wp\/v2\/posts"}],"about":[{"href":"https:\/\/www.ip.gov.py\/ip\/wp-json\/wp\/v2\/types\/post"}],"author":[{"embeddable":true,"href":"https:\/\/www.ip.gov.py\/ip\/wp-json\/wp\/v2\/users\/31"}],"replies":[{"embeddable":true,"href":"https:\/\/www.ip.gov.py\/ip\/wp-json\/wp\/v2\/comments?post=323756"}],"version-history":[{"count":0,"href":"https:\/\/www.ip.gov.py\/ip\/wp-json\/wp\/v2\/posts\/323756\/revisions"}],"wp:featuredmedia":[{"embeddable":true,"href":"https:\/\/www.ip.gov.py\/ip\/wp-json\/wp\/v2\/media\/109721"}],"wp:attachment":[{"href":"https:\/\/www.ip.gov.py\/ip\/wp-json\/wp\/v2\/media?parent=323756"}],"wp:term":[{"taxonomy":"category","embeddable":true,"href":"https:\/\/www.ip.gov.py\/ip\/wp-json\/wp\/v2\/categories?post=323756"},{"taxonomy":"post_tag","embeddable":true,"href":"https:\/\/www.ip.gov.py\/ip\/wp-json\/wp\/v2\/tags?post=323756"}],"curies":[{"name":"wp","href":"https:\/\/api.w.org\/{rel}","templated":true}]}}