{"id":32429,"date":"2015-06-29T20:33:02","date_gmt":"2015-06-30T00:33:02","guid":{"rendered":"http:\/\/desarrollo.ip.gov.py\/ip\/?p=32429"},"modified":"2015-07-03T08:06:08","modified_gmt":"2015-07-03T12:06:08","slug":"exponen-historicas-imagenes-de-la-peregrinacion-del-papa-francisco-en-israel","status":"publish","type":"post","link":"https:\/\/www.ip.gov.py\/ip\/2015\/06\/29\/exponen-historicas-imagenes-de-la-peregrinacion-del-papa-francisco-en-israel\/","title":{"rendered":"Exponen hist\u00f3ricas im\u00e1genes de la peregrinaci\u00f3n del Papa Francisco en Israel"},"content":{"rendered":"<p style=\"text-align: justify;\"><strong><em>Asunci\u00f3n, IP.-<\/em> <\/strong>El Centro Cultural El Cabildo y el Consulado honorario de Israel en Paraguay exponen la muestra fotogr\u00e1fica \u201cVisita del Papa Francisco a Israel\u201d, cuya apertura tendr\u00e1 lugar\u00a0este mi\u00e9rcoles\u00a0a las 19:00 en la Sala de Exposiciones Temporarias del Cabildo.<!--more--><\/p>\n<p style=\"text-align: justify;\">La exposici\u00f3n abarca los momentos m\u00e1s significativos de la visita del Papa Francisco a Israel. La iniciativa refleja la uni\u00f3n entre las dos religiones; el valor del di\u00e1logo interreligioso como un instrumento nuevo que tienen los pueblos para acordar posiciones.<\/p>\n<p style=\"text-align: justify;\">Las im\u00e1genes muestran al Sumo Pont\u00edfice en el Muro de los Lamentos, en una misa en el Cen\u00e1culo de Monte Sion, de visita en la Bas\u00edlica de Getseman\u00ed junto al presidente Shimon P\u00e9res, entre otras im\u00e1genes. Su postura es un llamado a la moderaci\u00f3n y al encuentro fraterno entre los pueblos.<\/p>\n<p style=\"text-align: justify;\">Tan solo un a\u00f1o despu\u00e9s de su asunci\u00f3n, Francisco decidi\u00f3 peregrinar a Tierra Santa, su primera visita oficial al Estado de Israel. En este viaje se dieron momentos hist\u00f3ricos como el que atestigua la foto capturada en el Muro de los Lamentos, junto a Omar Abboud y el rabino Abraham Skorka, otros dos argentinos de fe musulmana y jud\u00eda, respectivamente, quienes lo acompa\u00f1aron a lo largo de todo su traslado.<\/p>\n<p style=\"text-align: justify;\">Los conocedores de la trayectoria de Francisco testimonian que siendo arzobispo de Buenos Aires, el cardenal Jorge Bergoglio mantuvo relaciones cercanas con la comunidad jud\u00eda, visit\u00f3 sinagogas y hasta escribi\u00f3 un libro junto con el rabino Skorka. En Roma, \u00a0el\u00a0hoy\u00a0Santo Padre, continu\u00f3 con esta tradici\u00f3n.<\/p>\n<p style=\"text-align: justify;\">El l\u00edder cat\u00f3lico coloc\u00f3 una flor en la tumba de Teodoro Herzl, \u201cel legendario visionario del Estado de Israel\u201d, y visit\u00f3 el Museo del Holocausto, as\u00ed como los lugares sagrados de las religiones monote\u00edstas. En enero \u00faltimo, el Papa Francisco declar\u00f3 que \u201cun cristiano no puede ser antisemita porque las ra\u00edces mismas del cristianismo son de fe jud\u00eda\u201d.<\/p>\n<p style=\"text-align: justify;\">La presencia del Papa Francisco en Israel y Medio Oriente ha llevado un mensaje de confianza. Su postura es un llamado a la moderaci\u00f3n y al encuentro fraterno entre los pueblos.<\/p>\n<p style=\"text-align: justify;\">Medios extranjeros, recogieron, en dicha oportunidad, la preocupaci\u00f3n del Santo Padre por el destino de los cristianos en la regi\u00f3n, pues han sufrido persecuci\u00f3n y violencia por parte de las organizaciones extremistas isl\u00e1micas. El Papa ha resaltado la necesidad de un freno a las agresiones, dentro de los medios aceptados por la comunidad internacional.<\/p>\n","protected":false},"excerpt":{"rendered":"<p>Asunci\u00f3n, IP.- El Centro Cultural El Cabildo y el Consulado honorario de Israel en Paraguay exponen la muestra fotogr\u00e1fica \u201cVisita del Papa Francisco a Israel\u201d, cuya apertura tendr\u00e1 lugar\u00a0este mi\u00e9rcoles\u00a0a las 19:00 en la Sala de Exposiciones Temporarias del Cabildo.<\/p>\n","protected":false},"author":16,"featured_media":33386,"comment_status":"closed","ping_status":"closed","sticky":false,"template":"","format":"standard","meta":{"_monsterinsights_skip_tracking":false,"_monsterinsights_sitenote_active":false,"_monsterinsights_sitenote_note":"","_monsterinsights_sitenote_category":0,"footnotes":""},"categories":[7],"tags":[],"class_list":{"0":"post-32429","1":"post","2":"type-post","3":"status-publish","4":"format-standard","5":"has-post-thumbnail","7":"category-cultura"},"yoast_head":"<!-- This site is optimized with the Yoast SEO plugin v27.5 - https:\/\/yoast.com\/product\/yoast-seo-wordpress\/ -->\n<title>Exponen hist\u00f3ricas im\u00e1genes de la peregrinaci\u00f3n del Papa Francisco en Israel - .::Agencia IP::.<\/title>\n<meta name=\"robots\" content=\"index, follow, max-snippet:-1, max-image-preview:large, max-video-preview:-1\" \/>\n<link rel=\"canonical\" href=\"https:\/\/www.ip.gov.py\/ip\/2015\/06\/29\/exponen-historicas-imagenes-de-la-peregrinacion-del-papa-francisco-en-israel\/\" \/>\n<meta property=\"og:locale\" content=\"es_ES\" \/>\n<meta property=\"og:type\" content=\"article\" \/>\n<meta property=\"og:title\" content=\"Exponen hist\u00f3ricas im\u00e1genes de la peregrinaci\u00f3n del Papa Francisco en Israel - .::Agencia IP::.\" \/>\n<meta property=\"og:description\" content=\"Asunci\u00f3n, IP.- El Centro Cultural El Cabildo y el Consulado honorario de Israel en Paraguay exponen la muestra fotogr\u00e1fica \u201cVisita del Papa Francisco a Israel\u201d, cuya apertura tendr\u00e1 lugar\u00a0este mi\u00e9rcoles\u00a0a las 19:00 en la Sala de Exposiciones Temporarias del Cabildo.\" \/>\n<meta property=\"og:url\" content=\"https:\/\/www.ip.gov.py\/ip\/2015\/06\/29\/exponen-historicas-imagenes-de-la-peregrinacion-del-papa-francisco-en-israel\/\" \/>\n<meta property=\"og:site_name\" content=\".::Agencia IP::.\" \/>\n<meta property=\"article:publisher\" content=\"https:\/\/www.facebook.com\/IPParaguay\/\" \/>\n<meta property=\"article:published_time\" content=\"2015-06-30T00:33:02+00:00\" \/>\n<meta property=\"article:modified_time\" content=\"2015-07-03T12:06:08+00:00\" \/>\n<meta property=\"og:image\" content=\"https:\/\/www.ip.gov.py\/ip\/wp-content\/uploads\/2015\/06\/Fotos-del-papa-en-Israel_exposici\u00f3n_Cabildo.jpg\" \/>\n\t<meta property=\"og:image:width\" content=\"874\" \/>\n\t<meta property=\"og:image:height\" content=\"504\" \/>\n\t<meta property=\"og:image:type\" content=\"image\/jpeg\" \/>\n<meta name=\"author\" content=\"Mieres Carlos\" \/>\n<meta name=\"twitter:card\" content=\"summary_large_image\" \/>\n<meta name=\"twitter:creator\" content=\"@IPParaguay\" \/>\n<meta name=\"twitter:site\" content=\"@IPParaguay\" \/>\n<meta name=\"twitter:label1\" content=\"Escrito por\" \/>\n\t<meta name=\"twitter:data1\" content=\"Mieres Carlos\" \/>\n\t<meta name=\"twitter:label2\" content=\"Tiempo de lectura\" \/>\n\t<meta name=\"twitter:data2\" content=\"2 minutos\" \/>\n<script type=\"application\/ld+json\" class=\"yoast-schema-graph\">{\"@context\":\"https:\\\/\\\/schema.org\",\"@graph\":[{\"@type\":\"Article\",\"@id\":\"https:\\\/\\\/www.ip.gov.py\\\/ip\\\/2015\\\/06\\\/29\\\/exponen-historicas-imagenes-de-la-peregrinacion-del-papa-francisco-en-israel\\\/#article\",\"isPartOf\":{\"@id\":\"https:\\\/\\\/www.ip.gov.py\\\/ip\\\/2015\\\/06\\\/29\\\/exponen-historicas-imagenes-de-la-peregrinacion-del-papa-francisco-en-israel\\\/\"},\"author\":{\"name\":\"Mieres Carlos\",\"@id\":\"https:\\\/\\\/www.ip.gov.py\\\/ip\\\/#\\\/schema\\\/person\\\/d296ada7587138eee5286479faa715bf\"},\"headline\":\"Exponen hist\u00f3ricas im\u00e1genes de la peregrinaci\u00f3n del Papa Francisco en Israel\",\"datePublished\":\"2015-06-30T00:33:02+00:00\",\"dateModified\":\"2015-07-03T12:06:08+00:00\",\"mainEntityOfPage\":{\"@id\":\"https:\\\/\\\/www.ip.gov.py\\\/ip\\\/2015\\\/06\\\/29\\\/exponen-historicas-imagenes-de-la-peregrinacion-del-papa-francisco-en-israel\\\/\"},\"wordCount\":439,\"publisher\":{\"@id\":\"https:\\\/\\\/www.ip.gov.py\\\/ip\\\/#organization\"},\"image\":{\"@id\":\"https:\\\/\\\/www.ip.gov.py\\\/ip\\\/2015\\\/06\\\/29\\\/exponen-historicas-imagenes-de-la-peregrinacion-del-papa-francisco-en-israel\\\/#primaryimage\"},\"thumbnailUrl\":\"https:\\\/\\\/www.ip.gov.py\\\/ip\\\/wp-content\\\/uploads\\\/2015\\\/06\\\/Fotos-del-papa-en-Israel_exposici\u00f3n_Cabildo.jpg\",\"articleSection\":[\"Cultura\"],\"inLanguage\":\"es\"},{\"@type\":\"WebPage\",\"@id\":\"https:\\\/\\\/www.ip.gov.py\\\/ip\\\/2015\\\/06\\\/29\\\/exponen-historicas-imagenes-de-la-peregrinacion-del-papa-francisco-en-israel\\\/\",\"url\":\"https:\\\/\\\/www.ip.gov.py\\\/ip\\\/2015\\\/06\\\/29\\\/exponen-historicas-imagenes-de-la-peregrinacion-del-papa-francisco-en-israel\\\/\",\"name\":\"Exponen hist\u00f3ricas im\u00e1genes de la peregrinaci\u00f3n del Papa Francisco en Israel - .::Agencia IP::.\",\"isPartOf\":{\"@id\":\"https:\\\/\\\/www.ip.gov.py\\\/ip\\\/#website\"},\"primaryImageOfPage\":{\"@id\":\"https:\\\/\\\/www.ip.gov.py\\\/ip\\\/2015\\\/06\\\/29\\\/exponen-historicas-imagenes-de-la-peregrinacion-del-papa-francisco-en-israel\\\/#primaryimage\"},\"image\":{\"@id\":\"https:\\\/\\\/www.ip.gov.py\\\/ip\\\/2015\\\/06\\\/29\\\/exponen-historicas-imagenes-de-la-peregrinacion-del-papa-francisco-en-israel\\\/#primaryimage\"},\"thumbnailUrl\":\"https:\\\/\\\/www.ip.gov.py\\\/ip\\\/wp-content\\\/uploads\\\/2015\\\/06\\\/Fotos-del-papa-en-Israel_exposici\u00f3n_Cabildo.jpg\",\"datePublished\":\"2015-06-30T00:33:02+00:00\",\"dateModified\":\"2015-07-03T12:06:08+00:00\",\"breadcrumb\":{\"@id\":\"https:\\\/\\\/www.ip.gov.py\\\/ip\\\/2015\\\/06\\\/29\\\/exponen-historicas-imagenes-de-la-peregrinacion-del-papa-francisco-en-israel\\\/#breadcrumb\"},\"inLanguage\":\"es\",\"potentialAction\":[{\"@type\":\"ReadAction\",\"target\":[\"https:\\\/\\\/www.ip.gov.py\\\/ip\\\/2015\\\/06\\\/29\\\/exponen-historicas-imagenes-de-la-peregrinacion-del-papa-francisco-en-israel\\\/\"]}]},{\"@type\":\"ImageObject\",\"inLanguage\":\"es\",\"@id\":\"https:\\\/\\\/www.ip.gov.py\\\/ip\\\/2015\\\/06\\\/29\\\/exponen-historicas-imagenes-de-la-peregrinacion-del-papa-francisco-en-israel\\\/#primaryimage\",\"url\":\"https:\\\/\\\/www.ip.gov.py\\\/ip\\\/wp-content\\\/uploads\\\/2015\\\/06\\\/Fotos-del-papa-en-Israel_exposici\u00f3n_Cabildo.jpg\",\"contentUrl\":\"https:\\\/\\\/www.ip.gov.py\\\/ip\\\/wp-content\\\/uploads\\\/2015\\\/06\\\/Fotos-del-papa-en-Israel_exposici\u00f3n_Cabildo.jpg\",\"width\":874,\"height\":504},{\"@type\":\"BreadcrumbList\",\"@id\":\"https:\\\/\\\/www.ip.gov.py\\\/ip\\\/2015\\\/06\\\/29\\\/exponen-historicas-imagenes-de-la-peregrinacion-del-papa-francisco-en-israel\\\/#breadcrumb\",\"itemListElement\":[{\"@type\":\"ListItem\",\"position\":1,\"name\":\"Portada\",\"item\":\"https:\\\/\\\/www.ip.gov.py\\\/ip\\\/\"},{\"@type\":\"ListItem\",\"position\":2,\"name\":\"Exponen hist\u00f3ricas im\u00e1genes de la peregrinaci\u00f3n del Papa Francisco en Israel\"}]},{\"@type\":\"WebSite\",\"@id\":\"https:\\\/\\\/www.ip.gov.py\\\/ip\\\/#website\",\"url\":\"https:\\\/\\\/www.ip.gov.py\\\/ip\\\/\",\"name\":\".::Agencia IP::.\",\"description\":\"\",\"publisher\":{\"@id\":\"https:\\\/\\\/www.ip.gov.py\\\/ip\\\/#organization\"},\"potentialAction\":[{\"@type\":\"SearchAction\",\"target\":{\"@type\":\"EntryPoint\",\"urlTemplate\":\"https:\\\/\\\/www.ip.gov.py\\\/ip\\\/?s={search_term_string}\"},\"query-input\":{\"@type\":\"PropertyValueSpecification\",\"valueRequired\":true,\"valueName\":\"search_term_string\"}}],\"inLanguage\":\"es\"},{\"@type\":\"Organization\",\"@id\":\"https:\\\/\\\/www.ip.gov.py\\\/ip\\\/#organization\",\"name\":\"Agencia IP\",\"url\":\"https:\\\/\\\/www.ip.gov.py\\\/ip\\\/\",\"logo\":{\"@type\":\"ImageObject\",\"inLanguage\":\"es\",\"@id\":\"https:\\\/\\\/www.ip.gov.py\\\/ip\\\/#\\\/schema\\\/logo\\\/image\\\/\",\"url\":\"https:\\\/\\\/www.ip.gov.py\\\/ip\\\/wp-content\\\/uploads\\\/2018\\\/01\\\/Agencia-IP.jpg\",\"contentUrl\":\"https:\\\/\\\/www.ip.gov.py\\\/ip\\\/wp-content\\\/uploads\\\/2018\\\/01\\\/Agencia-IP.jpg\",\"width\":150,\"height\":150,\"caption\":\"Agencia IP\"},\"image\":{\"@id\":\"https:\\\/\\\/www.ip.gov.py\\\/ip\\\/#\\\/schema\\\/logo\\\/image\\\/\"},\"sameAs\":[\"https:\\\/\\\/www.facebook.com\\\/IPParaguay\\\/\",\"https:\\\/\\\/x.com\\\/IPParaguay\",\"https:\\\/\\\/www.instagram.com\\\/IPParaguay\"]},{\"@type\":\"Person\",\"@id\":\"https:\\\/\\\/www.ip.gov.py\\\/ip\\\/#\\\/schema\\\/person\\\/d296ada7587138eee5286479faa715bf\",\"name\":\"Mieres Carlos\",\"url\":\"https:\\\/\\\/www.ip.gov.py\\\/ip\\\/author\\\/cmieres\\\/\"}]}<\/script>\n<!-- \/ Yoast SEO plugin. -->","yoast_head_json":{"title":"Exponen hist\u00f3ricas im\u00e1genes de la peregrinaci\u00f3n del Papa Francisco en Israel - .::Agencia IP::.","robots":{"index":"index","follow":"follow","max-snippet":"max-snippet:-1","max-image-preview":"max-image-preview:large","max-video-preview":"max-video-preview:-1"},"canonical":"https:\/\/www.ip.gov.py\/ip\/2015\/06\/29\/exponen-historicas-imagenes-de-la-peregrinacion-del-papa-francisco-en-israel\/","og_locale":"es_ES","og_type":"article","og_title":"Exponen hist\u00f3ricas im\u00e1genes de la peregrinaci\u00f3n del Papa Francisco en Israel - .::Agencia IP::.","og_description":"Asunci\u00f3n, IP.- El Centro Cultural El Cabildo y el Consulado honorario de Israel en Paraguay exponen la muestra fotogr\u00e1fica \u201cVisita del Papa Francisco a Israel\u201d, cuya apertura tendr\u00e1 lugar\u00a0este mi\u00e9rcoles\u00a0a las 19:00 en la Sala de Exposiciones Temporarias del Cabildo.","og_url":"https:\/\/www.ip.gov.py\/ip\/2015\/06\/29\/exponen-historicas-imagenes-de-la-peregrinacion-del-papa-francisco-en-israel\/","og_site_name":".::Agencia IP::.","article_publisher":"https:\/\/www.facebook.com\/IPParaguay\/","article_published_time":"2015-06-30T00:33:02+00:00","article_modified_time":"2015-07-03T12:06:08+00:00","og_image":[{"width":874,"height":504,"url":"https:\/\/www.ip.gov.py\/ip\/wp-content\/uploads\/2015\/06\/Fotos-del-papa-en-Israel_exposici\u00f3n_Cabildo.jpg","type":"image\/jpeg"}],"author":"Mieres Carlos","twitter_card":"summary_large_image","twitter_creator":"@IPParaguay","twitter_site":"@IPParaguay","twitter_misc":{"Escrito por":"Mieres Carlos","Tiempo de lectura":"2 minutos"},"schema":{"@context":"https:\/\/schema.org","@graph":[{"@type":"Article","@id":"https:\/\/www.ip.gov.py\/ip\/2015\/06\/29\/exponen-historicas-imagenes-de-la-peregrinacion-del-papa-francisco-en-israel\/#article","isPartOf":{"@id":"https:\/\/www.ip.gov.py\/ip\/2015\/06\/29\/exponen-historicas-imagenes-de-la-peregrinacion-del-papa-francisco-en-israel\/"},"author":{"name":"Mieres Carlos","@id":"https:\/\/www.ip.gov.py\/ip\/#\/schema\/person\/d296ada7587138eee5286479faa715bf"},"headline":"Exponen hist\u00f3ricas im\u00e1genes de la peregrinaci\u00f3n del Papa Francisco en Israel","datePublished":"2015-06-30T00:33:02+00:00","dateModified":"2015-07-03T12:06:08+00:00","mainEntityOfPage":{"@id":"https:\/\/www.ip.gov.py\/ip\/2015\/06\/29\/exponen-historicas-imagenes-de-la-peregrinacion-del-papa-francisco-en-israel\/"},"wordCount":439,"publisher":{"@id":"https:\/\/www.ip.gov.py\/ip\/#organization"},"image":{"@id":"https:\/\/www.ip.gov.py\/ip\/2015\/06\/29\/exponen-historicas-imagenes-de-la-peregrinacion-del-papa-francisco-en-israel\/#primaryimage"},"thumbnailUrl":"https:\/\/www.ip.gov.py\/ip\/wp-content\/uploads\/2015\/06\/Fotos-del-papa-en-Israel_exposici\u00f3n_Cabildo.jpg","articleSection":["Cultura"],"inLanguage":"es"},{"@type":"WebPage","@id":"https:\/\/www.ip.gov.py\/ip\/2015\/06\/29\/exponen-historicas-imagenes-de-la-peregrinacion-del-papa-francisco-en-israel\/","url":"https:\/\/www.ip.gov.py\/ip\/2015\/06\/29\/exponen-historicas-imagenes-de-la-peregrinacion-del-papa-francisco-en-israel\/","name":"Exponen hist\u00f3ricas im\u00e1genes de la peregrinaci\u00f3n del Papa Francisco en Israel - .::Agencia IP::.","isPartOf":{"@id":"https:\/\/www.ip.gov.py\/ip\/#website"},"primaryImageOfPage":{"@id":"https:\/\/www.ip.gov.py\/ip\/2015\/06\/29\/exponen-historicas-imagenes-de-la-peregrinacion-del-papa-francisco-en-israel\/#primaryimage"},"image":{"@id":"https:\/\/www.ip.gov.py\/ip\/2015\/06\/29\/exponen-historicas-imagenes-de-la-peregrinacion-del-papa-francisco-en-israel\/#primaryimage"},"thumbnailUrl":"https:\/\/www.ip.gov.py\/ip\/wp-content\/uploads\/2015\/06\/Fotos-del-papa-en-Israel_exposici\u00f3n_Cabildo.jpg","datePublished":"2015-06-30T00:33:02+00:00","dateModified":"2015-07-03T12:06:08+00:00","breadcrumb":{"@id":"https:\/\/www.ip.gov.py\/ip\/2015\/06\/29\/exponen-historicas-imagenes-de-la-peregrinacion-del-papa-francisco-en-israel\/#breadcrumb"},"inLanguage":"es","potentialAction":[{"@type":"ReadAction","target":["https:\/\/www.ip.gov.py\/ip\/2015\/06\/29\/exponen-historicas-imagenes-de-la-peregrinacion-del-papa-francisco-en-israel\/"]}]},{"@type":"ImageObject","inLanguage":"es","@id":"https:\/\/www.ip.gov.py\/ip\/2015\/06\/29\/exponen-historicas-imagenes-de-la-peregrinacion-del-papa-francisco-en-israel\/#primaryimage","url":"https:\/\/www.ip.gov.py\/ip\/wp-content\/uploads\/2015\/06\/Fotos-del-papa-en-Israel_exposici\u00f3n_Cabildo.jpg","contentUrl":"https:\/\/www.ip.gov.py\/ip\/wp-content\/uploads\/2015\/06\/Fotos-del-papa-en-Israel_exposici\u00f3n_Cabildo.jpg","width":874,"height":504},{"@type":"BreadcrumbList","@id":"https:\/\/www.ip.gov.py\/ip\/2015\/06\/29\/exponen-historicas-imagenes-de-la-peregrinacion-del-papa-francisco-en-israel\/#breadcrumb","itemListElement":[{"@type":"ListItem","position":1,"name":"Portada","item":"https:\/\/www.ip.gov.py\/ip\/"},{"@type":"ListItem","position":2,"name":"Exponen hist\u00f3ricas im\u00e1genes de la peregrinaci\u00f3n del Papa Francisco en Israel"}]},{"@type":"WebSite","@id":"https:\/\/www.ip.gov.py\/ip\/#website","url":"https:\/\/www.ip.gov.py\/ip\/","name":".::Agencia IP::.","description":"","publisher":{"@id":"https:\/\/www.ip.gov.py\/ip\/#organization"},"potentialAction":[{"@type":"SearchAction","target":{"@type":"EntryPoint","urlTemplate":"https:\/\/www.ip.gov.py\/ip\/?s={search_term_string}"},"query-input":{"@type":"PropertyValueSpecification","valueRequired":true,"valueName":"search_term_string"}}],"inLanguage":"es"},{"@type":"Organization","@id":"https:\/\/www.ip.gov.py\/ip\/#organization","name":"Agencia IP","url":"https:\/\/www.ip.gov.py\/ip\/","logo":{"@type":"ImageObject","inLanguage":"es","@id":"https:\/\/www.ip.gov.py\/ip\/#\/schema\/logo\/image\/","url":"https:\/\/www.ip.gov.py\/ip\/wp-content\/uploads\/2018\/01\/Agencia-IP.jpg","contentUrl":"https:\/\/www.ip.gov.py\/ip\/wp-content\/uploads\/2018\/01\/Agencia-IP.jpg","width":150,"height":150,"caption":"Agencia IP"},"image":{"@id":"https:\/\/www.ip.gov.py\/ip\/#\/schema\/logo\/image\/"},"sameAs":["https:\/\/www.facebook.com\/IPParaguay\/","https:\/\/x.com\/IPParaguay","https:\/\/www.instagram.com\/IPParaguay"]},{"@type":"Person","@id":"https:\/\/www.ip.gov.py\/ip\/#\/schema\/person\/d296ada7587138eee5286479faa715bf","name":"Mieres Carlos","url":"https:\/\/www.ip.gov.py\/ip\/author\/cmieres\/"}]}},"_links":{"self":[{"href":"https:\/\/www.ip.gov.py\/ip\/wp-json\/wp\/v2\/posts\/32429","targetHints":{"allow":["GET"]}}],"collection":[{"href":"https:\/\/www.ip.gov.py\/ip\/wp-json\/wp\/v2\/posts"}],"about":[{"href":"https:\/\/www.ip.gov.py\/ip\/wp-json\/wp\/v2\/types\/post"}],"author":[{"embeddable":true,"href":"https:\/\/www.ip.gov.py\/ip\/wp-json\/wp\/v2\/users\/16"}],"replies":[{"embeddable":true,"href":"https:\/\/www.ip.gov.py\/ip\/wp-json\/wp\/v2\/comments?post=32429"}],"version-history":[{"count":0,"href":"https:\/\/www.ip.gov.py\/ip\/wp-json\/wp\/v2\/posts\/32429\/revisions"}],"wp:featuredmedia":[{"embeddable":true,"href":"https:\/\/www.ip.gov.py\/ip\/wp-json\/wp\/v2\/media\/33386"}],"wp:attachment":[{"href":"https:\/\/www.ip.gov.py\/ip\/wp-json\/wp\/v2\/media?parent=32429"}],"wp:term":[{"taxonomy":"category","embeddable":true,"href":"https:\/\/www.ip.gov.py\/ip\/wp-json\/wp\/v2\/categories?post=32429"},{"taxonomy":"post_tag","embeddable":true,"href":"https:\/\/www.ip.gov.py\/ip\/wp-json\/wp\/v2\/tags?post=32429"}],"curies":[{"name":"wp","href":"https:\/\/api.w.org\/{rel}","templated":true}]}}