{"id":32477,"date":"2015-06-30T07:56:42","date_gmt":"2015-06-30T11:56:42","guid":{"rendered":"http:\/\/desarrollo.ip.gov.py\/ip\/?p=32477"},"modified":"2015-06-30T10:52:37","modified_gmt":"2015-06-30T14:52:37","slug":"cuarteto-de-la-osn-se-presentara-a-festival-tradiconal-de-argentina","status":"publish","type":"post","link":"https:\/\/www.ip.gov.py\/ip\/2015\/06\/30\/cuarteto-de-la-osn-se-presentara-a-festival-tradiconal-de-argentina\/","title":{"rendered":"Cuarteto de la OSN se presentar\u00e1 a festival tradicional de Argentina"},"content":{"rendered":"<p style=\"text-align: justify;\"><em><strong>Asunci\u00f3n, IP.-<\/strong> <\/em>Con un repertorio de alto nivel el Cuarteto de Cuerdas de la Sinf\u00f3nica Nacional del Paraguay (OSN), ser\u00e1 invitado especial de la Edici\u00f3n N\u00ba 31 del Gran Festival \u201cFormosus\u201d, este viernes de 3 de julio, a partir de las 21:30, en el Auditorio del Teatro de la Ciudad de Formosa (Argentina) con entrada libre y gratuita.<br \/>\n<!--more--><\/p>\n<p style=\"text-align: justify;\">Integran este reconocido cuarteto los maestros Gustavo Barrientos Gim\u00e9nez (viol\u00edn I), Rodolfo Britos (viol\u00edn ii), Rub\u00e9n Marcelo Jim\u00e9nez Aguilar (viola) y H\u00e9ctor Rodr\u00edguez (violoncello).<\/p>\n<p style=\"text-align: justify;\">En esta oportunidad los presentes escuchar\u00e1n las siguientes obras \u201cQuinteto para 2 violines, 2 violas y violoncello en Si b Mayor, Kv 147\u201d de W. Amadeus Mozart y del \u201cQuinteto N\u00ba 2 para 2 violines, 2 violas y violoncello en Sol Mayor, Opus 111\u201d de Johannes Brahms.<\/p>\n<p style=\"text-align: justify;\">Para desarrollar el antes citado repertorio contar\u00e1n con la participaci\u00f3n especial del violinista Paulo Alonso, como m\u00fasico invitado.<\/p>\n<p style=\"text-align: justify;\">El festival \u201cFormosus\u201d es un importante encuentro tradicional, organizado por \u201cFormosus &#8211; Desarrollo Cultural\u201d que re\u00fane a destacados int\u00e9rpretes, principalmente de Am\u00e9rica del Sur, con el fin de promover la integraci\u00f3n entre las naciones hermanas.<\/p>\n<p style=\"text-align: justify;\">A\u00f1os anteriores otros elencos de c\u00e1mara de la Sinf\u00f3nica Nacional han participado exitosamente en este festival.<\/p>\n<p style=\"text-align: justify;\">Esta actividad se realiza en el marco del programa de extensi\u00f3n cultural que exitosamente desarrolla la OSN, dando a conocer el arte paraguayo y el talento de los m\u00fasicos del pa\u00eds en el \u00e1mbito nacional e internacional.<\/p>\n","protected":false},"excerpt":{"rendered":"<p>Asunci\u00f3n, IP.- Con un repertorio de alto nivel el Cuarteto de Cuerdas de la Sinf\u00f3nica Nacional del Paraguay (OSN), ser\u00e1 invitado especial de la Edici\u00f3n N\u00ba 31 del Gran Festival \u201cFormosus\u201d, este viernes de 3 de julio, a partir de las 21:30, en el Auditorio del Teatro de la Ciudad de Formosa (Argentina) con entrada [&hellip;]<\/p>\n","protected":false},"author":13,"featured_media":32479,"comment_status":"closed","ping_status":"closed","sticky":false,"template":"","format":"standard","meta":{"_monsterinsights_skip_tracking":false,"_monsterinsights_sitenote_active":false,"_monsterinsights_sitenote_note":"","_monsterinsights_sitenote_category":0,"footnotes":""},"categories":[7],"tags":[],"class_list":{"0":"post-32477","1":"post","2":"type-post","3":"status-publish","4":"format-standard","5":"has-post-thumbnail","7":"category-cultura"},"yoast_head":"<!-- This site is optimized with the Yoast SEO plugin v27.5 - https:\/\/yoast.com\/product\/yoast-seo-wordpress\/ -->\n<title>Cuarteto de la OSN se presentar\u00e1 a festival tradicional de Argentina - .::Agencia IP::.<\/title>\n<meta name=\"robots\" content=\"index, follow, max-snippet:-1, max-image-preview:large, max-video-preview:-1\" \/>\n<link rel=\"canonical\" href=\"https:\/\/www.ip.gov.py\/ip\/2015\/06\/30\/cuarteto-de-la-osn-se-presentara-a-festival-tradiconal-de-argentina\/\" \/>\n<meta property=\"og:locale\" content=\"es_ES\" \/>\n<meta property=\"og:type\" content=\"article\" \/>\n<meta property=\"og:title\" content=\"Cuarteto de la OSN se presentar\u00e1 a festival tradicional de Argentina - .::Agencia IP::.\" \/>\n<meta property=\"og:description\" content=\"Asunci\u00f3n, IP.- Con un repertorio de alto nivel el Cuarteto de Cuerdas de la Sinf\u00f3nica Nacional del Paraguay (OSN), ser\u00e1 invitado especial de la Edici\u00f3n N\u00ba 31 del Gran Festival \u201cFormosus\u201d, este viernes de 3 de julio, a partir de las 21:30, en el Auditorio del Teatro de la Ciudad de Formosa (Argentina) con entrada [&hellip;]\" \/>\n<meta property=\"og:url\" content=\"https:\/\/www.ip.gov.py\/ip\/2015\/06\/30\/cuarteto-de-la-osn-se-presentara-a-festival-tradiconal-de-argentina\/\" \/>\n<meta property=\"og:site_name\" content=\".::Agencia IP::.\" \/>\n<meta property=\"article:publisher\" content=\"https:\/\/www.facebook.com\/IPParaguay\/\" \/>\n<meta property=\"article:published_time\" content=\"2015-06-30T11:56:42+00:00\" \/>\n<meta property=\"article:modified_time\" content=\"2015-06-30T14:52:37+00:00\" \/>\n<meta property=\"og:image\" content=\"https:\/\/www.ip.gov.py\/ip\/wp-content\/uploads\/2015\/06\/Cuarteto-de-la-OSN_Formosa.jpg\" \/>\n\t<meta property=\"og:image:width\" content=\"860\" \/>\n\t<meta property=\"og:image:height\" content=\"602\" \/>\n\t<meta property=\"og:image:type\" content=\"image\/jpeg\" \/>\n<meta name=\"author\" content=\"Lorena FLores\" \/>\n<meta name=\"twitter:card\" content=\"summary_large_image\" \/>\n<meta name=\"twitter:creator\" content=\"@IPParaguay\" \/>\n<meta name=\"twitter:site\" content=\"@IPParaguay\" \/>\n<meta name=\"twitter:label1\" content=\"Escrito por\" \/>\n\t<meta name=\"twitter:data1\" content=\"Lorena FLores\" \/>\n\t<meta name=\"twitter:label2\" content=\"Tiempo de lectura\" \/>\n\t<meta name=\"twitter:data2\" content=\"1 minuto\" \/>\n<script type=\"application\/ld+json\" class=\"yoast-schema-graph\">{\"@context\":\"https:\\\/\\\/schema.org\",\"@graph\":[{\"@type\":\"Article\",\"@id\":\"https:\\\/\\\/www.ip.gov.py\\\/ip\\\/2015\\\/06\\\/30\\\/cuarteto-de-la-osn-se-presentara-a-festival-tradiconal-de-argentina\\\/#article\",\"isPartOf\":{\"@id\":\"https:\\\/\\\/www.ip.gov.py\\\/ip\\\/2015\\\/06\\\/30\\\/cuarteto-de-la-osn-se-presentara-a-festival-tradiconal-de-argentina\\\/\"},\"author\":{\"name\":\"Lorena FLores\",\"@id\":\"https:\\\/\\\/www.ip.gov.py\\\/ip\\\/#\\\/schema\\\/person\\\/b6c3764e56c4e0180b10787cbf3f1294\"},\"headline\":\"Cuarteto de la OSN se presentar\u00e1 a festival tradicional de Argentina\",\"datePublished\":\"2015-06-30T11:56:42+00:00\",\"dateModified\":\"2015-06-30T14:52:37+00:00\",\"mainEntityOfPage\":{\"@id\":\"https:\\\/\\\/www.ip.gov.py\\\/ip\\\/2015\\\/06\\\/30\\\/cuarteto-de-la-osn-se-presentara-a-festival-tradiconal-de-argentina\\\/\"},\"wordCount\":261,\"publisher\":{\"@id\":\"https:\\\/\\\/www.ip.gov.py\\\/ip\\\/#organization\"},\"image\":{\"@id\":\"https:\\\/\\\/www.ip.gov.py\\\/ip\\\/2015\\\/06\\\/30\\\/cuarteto-de-la-osn-se-presentara-a-festival-tradiconal-de-argentina\\\/#primaryimage\"},\"thumbnailUrl\":\"https:\\\/\\\/www.ip.gov.py\\\/ip\\\/wp-content\\\/uploads\\\/2015\\\/06\\\/Cuarteto-de-la-OSN_Formosa.jpg\",\"articleSection\":[\"Cultura\"],\"inLanguage\":\"es\"},{\"@type\":\"WebPage\",\"@id\":\"https:\\\/\\\/www.ip.gov.py\\\/ip\\\/2015\\\/06\\\/30\\\/cuarteto-de-la-osn-se-presentara-a-festival-tradiconal-de-argentina\\\/\",\"url\":\"https:\\\/\\\/www.ip.gov.py\\\/ip\\\/2015\\\/06\\\/30\\\/cuarteto-de-la-osn-se-presentara-a-festival-tradiconal-de-argentina\\\/\",\"name\":\"Cuarteto de la OSN se presentar\u00e1 a festival tradicional de Argentina - .::Agencia IP::.\",\"isPartOf\":{\"@id\":\"https:\\\/\\\/www.ip.gov.py\\\/ip\\\/#website\"},\"primaryImageOfPage\":{\"@id\":\"https:\\\/\\\/www.ip.gov.py\\\/ip\\\/2015\\\/06\\\/30\\\/cuarteto-de-la-osn-se-presentara-a-festival-tradiconal-de-argentina\\\/#primaryimage\"},\"image\":{\"@id\":\"https:\\\/\\\/www.ip.gov.py\\\/ip\\\/2015\\\/06\\\/30\\\/cuarteto-de-la-osn-se-presentara-a-festival-tradiconal-de-argentina\\\/#primaryimage\"},\"thumbnailUrl\":\"https:\\\/\\\/www.ip.gov.py\\\/ip\\\/wp-content\\\/uploads\\\/2015\\\/06\\\/Cuarteto-de-la-OSN_Formosa.jpg\",\"datePublished\":\"2015-06-30T11:56:42+00:00\",\"dateModified\":\"2015-06-30T14:52:37+00:00\",\"breadcrumb\":{\"@id\":\"https:\\\/\\\/www.ip.gov.py\\\/ip\\\/2015\\\/06\\\/30\\\/cuarteto-de-la-osn-se-presentara-a-festival-tradiconal-de-argentina\\\/#breadcrumb\"},\"inLanguage\":\"es\",\"potentialAction\":[{\"@type\":\"ReadAction\",\"target\":[\"https:\\\/\\\/www.ip.gov.py\\\/ip\\\/2015\\\/06\\\/30\\\/cuarteto-de-la-osn-se-presentara-a-festival-tradiconal-de-argentina\\\/\"]}]},{\"@type\":\"ImageObject\",\"inLanguage\":\"es\",\"@id\":\"https:\\\/\\\/www.ip.gov.py\\\/ip\\\/2015\\\/06\\\/30\\\/cuarteto-de-la-osn-se-presentara-a-festival-tradiconal-de-argentina\\\/#primaryimage\",\"url\":\"https:\\\/\\\/www.ip.gov.py\\\/ip\\\/wp-content\\\/uploads\\\/2015\\\/06\\\/Cuarteto-de-la-OSN_Formosa.jpg\",\"contentUrl\":\"https:\\\/\\\/www.ip.gov.py\\\/ip\\\/wp-content\\\/uploads\\\/2015\\\/06\\\/Cuarteto-de-la-OSN_Formosa.jpg\",\"width\":860,\"height\":602},{\"@type\":\"BreadcrumbList\",\"@id\":\"https:\\\/\\\/www.ip.gov.py\\\/ip\\\/2015\\\/06\\\/30\\\/cuarteto-de-la-osn-se-presentara-a-festival-tradiconal-de-argentina\\\/#breadcrumb\",\"itemListElement\":[{\"@type\":\"ListItem\",\"position\":1,\"name\":\"Portada\",\"item\":\"https:\\\/\\\/www.ip.gov.py\\\/ip\\\/\"},{\"@type\":\"ListItem\",\"position\":2,\"name\":\"Cuarteto de la OSN se presentar\u00e1 a festival tradicional de Argentina\"}]},{\"@type\":\"WebSite\",\"@id\":\"https:\\\/\\\/www.ip.gov.py\\\/ip\\\/#website\",\"url\":\"https:\\\/\\\/www.ip.gov.py\\\/ip\\\/\",\"name\":\".::Agencia IP::.\",\"description\":\"\",\"publisher\":{\"@id\":\"https:\\\/\\\/www.ip.gov.py\\\/ip\\\/#organization\"},\"potentialAction\":[{\"@type\":\"SearchAction\",\"target\":{\"@type\":\"EntryPoint\",\"urlTemplate\":\"https:\\\/\\\/www.ip.gov.py\\\/ip\\\/?s={search_term_string}\"},\"query-input\":{\"@type\":\"PropertyValueSpecification\",\"valueRequired\":true,\"valueName\":\"search_term_string\"}}],\"inLanguage\":\"es\"},{\"@type\":\"Organization\",\"@id\":\"https:\\\/\\\/www.ip.gov.py\\\/ip\\\/#organization\",\"name\":\"Agencia IP\",\"url\":\"https:\\\/\\\/www.ip.gov.py\\\/ip\\\/\",\"logo\":{\"@type\":\"ImageObject\",\"inLanguage\":\"es\",\"@id\":\"https:\\\/\\\/www.ip.gov.py\\\/ip\\\/#\\\/schema\\\/logo\\\/image\\\/\",\"url\":\"https:\\\/\\\/www.ip.gov.py\\\/ip\\\/wp-content\\\/uploads\\\/2018\\\/01\\\/Agencia-IP.jpg\",\"contentUrl\":\"https:\\\/\\\/www.ip.gov.py\\\/ip\\\/wp-content\\\/uploads\\\/2018\\\/01\\\/Agencia-IP.jpg\",\"width\":150,\"height\":150,\"caption\":\"Agencia IP\"},\"image\":{\"@id\":\"https:\\\/\\\/www.ip.gov.py\\\/ip\\\/#\\\/schema\\\/logo\\\/image\\\/\"},\"sameAs\":[\"https:\\\/\\\/www.facebook.com\\\/IPParaguay\\\/\",\"https:\\\/\\\/x.com\\\/IPParaguay\",\"https:\\\/\\\/www.instagram.com\\\/IPParaguay\"]},{\"@type\":\"Person\",\"@id\":\"https:\\\/\\\/www.ip.gov.py\\\/ip\\\/#\\\/schema\\\/person\\\/b6c3764e56c4e0180b10787cbf3f1294\",\"name\":\"Lorena FLores\",\"url\":\"https:\\\/\\\/www.ip.gov.py\\\/ip\\\/author\\\/lflores\\\/\"}]}<\/script>\n<!-- \/ Yoast SEO plugin. -->","yoast_head_json":{"title":"Cuarteto de la OSN se presentar\u00e1 a festival tradicional de Argentina - .::Agencia IP::.","robots":{"index":"index","follow":"follow","max-snippet":"max-snippet:-1","max-image-preview":"max-image-preview:large","max-video-preview":"max-video-preview:-1"},"canonical":"https:\/\/www.ip.gov.py\/ip\/2015\/06\/30\/cuarteto-de-la-osn-se-presentara-a-festival-tradiconal-de-argentina\/","og_locale":"es_ES","og_type":"article","og_title":"Cuarteto de la OSN se presentar\u00e1 a festival tradicional de Argentina - .::Agencia IP::.","og_description":"Asunci\u00f3n, IP.- Con un repertorio de alto nivel el Cuarteto de Cuerdas de la Sinf\u00f3nica Nacional del Paraguay (OSN), ser\u00e1 invitado especial de la Edici\u00f3n N\u00ba 31 del Gran Festival \u201cFormosus\u201d, este viernes de 3 de julio, a partir de las 21:30, en el Auditorio del Teatro de la Ciudad de Formosa (Argentina) con entrada [&hellip;]","og_url":"https:\/\/www.ip.gov.py\/ip\/2015\/06\/30\/cuarteto-de-la-osn-se-presentara-a-festival-tradiconal-de-argentina\/","og_site_name":".::Agencia IP::.","article_publisher":"https:\/\/www.facebook.com\/IPParaguay\/","article_published_time":"2015-06-30T11:56:42+00:00","article_modified_time":"2015-06-30T14:52:37+00:00","og_image":[{"width":860,"height":602,"url":"https:\/\/www.ip.gov.py\/ip\/wp-content\/uploads\/2015\/06\/Cuarteto-de-la-OSN_Formosa.jpg","type":"image\/jpeg"}],"author":"Lorena FLores","twitter_card":"summary_large_image","twitter_creator":"@IPParaguay","twitter_site":"@IPParaguay","twitter_misc":{"Escrito por":"Lorena FLores","Tiempo de lectura":"1 minuto"},"schema":{"@context":"https:\/\/schema.org","@graph":[{"@type":"Article","@id":"https:\/\/www.ip.gov.py\/ip\/2015\/06\/30\/cuarteto-de-la-osn-se-presentara-a-festival-tradiconal-de-argentina\/#article","isPartOf":{"@id":"https:\/\/www.ip.gov.py\/ip\/2015\/06\/30\/cuarteto-de-la-osn-se-presentara-a-festival-tradiconal-de-argentina\/"},"author":{"name":"Lorena FLores","@id":"https:\/\/www.ip.gov.py\/ip\/#\/schema\/person\/b6c3764e56c4e0180b10787cbf3f1294"},"headline":"Cuarteto de la OSN se presentar\u00e1 a festival tradicional de Argentina","datePublished":"2015-06-30T11:56:42+00:00","dateModified":"2015-06-30T14:52:37+00:00","mainEntityOfPage":{"@id":"https:\/\/www.ip.gov.py\/ip\/2015\/06\/30\/cuarteto-de-la-osn-se-presentara-a-festival-tradiconal-de-argentina\/"},"wordCount":261,"publisher":{"@id":"https:\/\/www.ip.gov.py\/ip\/#organization"},"image":{"@id":"https:\/\/www.ip.gov.py\/ip\/2015\/06\/30\/cuarteto-de-la-osn-se-presentara-a-festival-tradiconal-de-argentina\/#primaryimage"},"thumbnailUrl":"https:\/\/www.ip.gov.py\/ip\/wp-content\/uploads\/2015\/06\/Cuarteto-de-la-OSN_Formosa.jpg","articleSection":["Cultura"],"inLanguage":"es"},{"@type":"WebPage","@id":"https:\/\/www.ip.gov.py\/ip\/2015\/06\/30\/cuarteto-de-la-osn-se-presentara-a-festival-tradiconal-de-argentina\/","url":"https:\/\/www.ip.gov.py\/ip\/2015\/06\/30\/cuarteto-de-la-osn-se-presentara-a-festival-tradiconal-de-argentina\/","name":"Cuarteto de la OSN se presentar\u00e1 a festival tradicional de Argentina - .::Agencia IP::.","isPartOf":{"@id":"https:\/\/www.ip.gov.py\/ip\/#website"},"primaryImageOfPage":{"@id":"https:\/\/www.ip.gov.py\/ip\/2015\/06\/30\/cuarteto-de-la-osn-se-presentara-a-festival-tradiconal-de-argentina\/#primaryimage"},"image":{"@id":"https:\/\/www.ip.gov.py\/ip\/2015\/06\/30\/cuarteto-de-la-osn-se-presentara-a-festival-tradiconal-de-argentina\/#primaryimage"},"thumbnailUrl":"https:\/\/www.ip.gov.py\/ip\/wp-content\/uploads\/2015\/06\/Cuarteto-de-la-OSN_Formosa.jpg","datePublished":"2015-06-30T11:56:42+00:00","dateModified":"2015-06-30T14:52:37+00:00","breadcrumb":{"@id":"https:\/\/www.ip.gov.py\/ip\/2015\/06\/30\/cuarteto-de-la-osn-se-presentara-a-festival-tradiconal-de-argentina\/#breadcrumb"},"inLanguage":"es","potentialAction":[{"@type":"ReadAction","target":["https:\/\/www.ip.gov.py\/ip\/2015\/06\/30\/cuarteto-de-la-osn-se-presentara-a-festival-tradiconal-de-argentina\/"]}]},{"@type":"ImageObject","inLanguage":"es","@id":"https:\/\/www.ip.gov.py\/ip\/2015\/06\/30\/cuarteto-de-la-osn-se-presentara-a-festival-tradiconal-de-argentina\/#primaryimage","url":"https:\/\/www.ip.gov.py\/ip\/wp-content\/uploads\/2015\/06\/Cuarteto-de-la-OSN_Formosa.jpg","contentUrl":"https:\/\/www.ip.gov.py\/ip\/wp-content\/uploads\/2015\/06\/Cuarteto-de-la-OSN_Formosa.jpg","width":860,"height":602},{"@type":"BreadcrumbList","@id":"https:\/\/www.ip.gov.py\/ip\/2015\/06\/30\/cuarteto-de-la-osn-se-presentara-a-festival-tradiconal-de-argentina\/#breadcrumb","itemListElement":[{"@type":"ListItem","position":1,"name":"Portada","item":"https:\/\/www.ip.gov.py\/ip\/"},{"@type":"ListItem","position":2,"name":"Cuarteto de la OSN se presentar\u00e1 a festival tradicional de Argentina"}]},{"@type":"WebSite","@id":"https:\/\/www.ip.gov.py\/ip\/#website","url":"https:\/\/www.ip.gov.py\/ip\/","name":".::Agencia IP::.","description":"","publisher":{"@id":"https:\/\/www.ip.gov.py\/ip\/#organization"},"potentialAction":[{"@type":"SearchAction","target":{"@type":"EntryPoint","urlTemplate":"https:\/\/www.ip.gov.py\/ip\/?s={search_term_string}"},"query-input":{"@type":"PropertyValueSpecification","valueRequired":true,"valueName":"search_term_string"}}],"inLanguage":"es"},{"@type":"Organization","@id":"https:\/\/www.ip.gov.py\/ip\/#organization","name":"Agencia IP","url":"https:\/\/www.ip.gov.py\/ip\/","logo":{"@type":"ImageObject","inLanguage":"es","@id":"https:\/\/www.ip.gov.py\/ip\/#\/schema\/logo\/image\/","url":"https:\/\/www.ip.gov.py\/ip\/wp-content\/uploads\/2018\/01\/Agencia-IP.jpg","contentUrl":"https:\/\/www.ip.gov.py\/ip\/wp-content\/uploads\/2018\/01\/Agencia-IP.jpg","width":150,"height":150,"caption":"Agencia IP"},"image":{"@id":"https:\/\/www.ip.gov.py\/ip\/#\/schema\/logo\/image\/"},"sameAs":["https:\/\/www.facebook.com\/IPParaguay\/","https:\/\/x.com\/IPParaguay","https:\/\/www.instagram.com\/IPParaguay"]},{"@type":"Person","@id":"https:\/\/www.ip.gov.py\/ip\/#\/schema\/person\/b6c3764e56c4e0180b10787cbf3f1294","name":"Lorena FLores","url":"https:\/\/www.ip.gov.py\/ip\/author\/lflores\/"}]}},"_links":{"self":[{"href":"https:\/\/www.ip.gov.py\/ip\/wp-json\/wp\/v2\/posts\/32477","targetHints":{"allow":["GET"]}}],"collection":[{"href":"https:\/\/www.ip.gov.py\/ip\/wp-json\/wp\/v2\/posts"}],"about":[{"href":"https:\/\/www.ip.gov.py\/ip\/wp-json\/wp\/v2\/types\/post"}],"author":[{"embeddable":true,"href":"https:\/\/www.ip.gov.py\/ip\/wp-json\/wp\/v2\/users\/13"}],"replies":[{"embeddable":true,"href":"https:\/\/www.ip.gov.py\/ip\/wp-json\/wp\/v2\/comments?post=32477"}],"version-history":[{"count":0,"href":"https:\/\/www.ip.gov.py\/ip\/wp-json\/wp\/v2\/posts\/32477\/revisions"}],"wp:featuredmedia":[{"embeddable":true,"href":"https:\/\/www.ip.gov.py\/ip\/wp-json\/wp\/v2\/media\/32479"}],"wp:attachment":[{"href":"https:\/\/www.ip.gov.py\/ip\/wp-json\/wp\/v2\/media?parent=32477"}],"wp:term":[{"taxonomy":"category","embeddable":true,"href":"https:\/\/www.ip.gov.py\/ip\/wp-json\/wp\/v2\/categories?post=32477"},{"taxonomy":"post_tag","embeddable":true,"href":"https:\/\/www.ip.gov.py\/ip\/wp-json\/wp\/v2\/tags?post=32477"}],"curies":[{"name":"wp","href":"https:\/\/api.w.org\/{rel}","templated":true}]}}