{"id":32899,"date":"2015-07-01T11:51:00","date_gmt":"2015-07-01T15:51:00","guid":{"rendered":"http:\/\/desarrollo.ip.gov.py\/ip\/?p=32899"},"modified":"2023-12-22T18:51:50","modified_gmt":"2023-12-22T21:51:50","slug":"realizaran-concierto-de-bandas-militares-como-previa-a-la-visita-del-papa-francisco","status":"publish","type":"post","link":"https:\/\/www.ip.gov.py\/ip\/2015\/07\/01\/realizaran-concierto-de-bandas-militares-como-previa-a-la-visita-del-papa-francisco\/","title":{"rendered":"Realizar\u00e1n concierto de Bandas Militares como previa a la visita del Papa Francisco"},"content":{"rendered":"<p style=\"text-align: justify;\"><em><strong>Asunci\u00f3n, IP.-<\/strong><\/em> Este jueves a las 20:00 en la explanada de la Iglesia de Trinidad se realizar\u00e1 un Concierto de Bandas Militares como previa a la Visita Papal, con el apoyo de la Municipalidad de Asunci\u00f3n. El acceso es libre y gratuito.<br \/>\n<!--more--><\/p>\n<p style=\"text-align: justify;\">Participar\u00e1 la Banda Militar de la Fuerza A\u00e9rea Paraguaya, bajo la direcci\u00f3n del Tte. Cnel. Carlos Ocampos y la Banda Concierto del Ej\u00e9rcito Paraguayo, bajo la direcci\u00f3n del Tte. Cnel. Manuel Zabel Barreiro.<\/p>\n<p style=\"text-align: justify;\">Las respectivas agrupaciones interpretar\u00e1n su amplio repertorio que incluye m\u00fasica sacra y popular.<\/p>\n","protected":false},"excerpt":{"rendered":"<p>Asunci\u00f3n, IP.- Este jueves a las 20:00 en la explanada de la Iglesia de Trinidad se realizar\u00e1 un Concierto de Bandas Militares como previa a la Visita Papal, con el apoyo de la Municipalidad de Asunci\u00f3n. El acceso es libre y gratuito.<\/p>\n","protected":false},"author":13,"featured_media":32913,"comment_status":"closed","ping_status":"closed","sticky":false,"template":"","format":"standard","meta":{"_monsterinsights_skip_tracking":false,"_monsterinsights_sitenote_active":false,"_monsterinsights_sitenote_note":"","_monsterinsights_sitenote_category":0,"footnotes":""},"categories":[7,4],"tags":[2121],"class_list":{"0":"post-32899","1":"post","2":"type-post","3":"status-publish","4":"format-standard","5":"has-post-thumbnail","7":"category-cultura","8":"category-nacionales","9":"tag-papa-francisco"},"yoast_head":"<!-- This site is optimized with the Yoast SEO plugin v27.5 - https:\/\/yoast.com\/product\/yoast-seo-wordpress\/ -->\n<title>Realizar\u00e1n concierto de Bandas Militares como previa a la visita del Papa Francisco - .::Agencia IP::.<\/title>\n<meta name=\"robots\" content=\"index, follow, max-snippet:-1, max-image-preview:large, max-video-preview:-1\" \/>\n<link rel=\"canonical\" href=\"https:\/\/www.ip.gov.py\/ip\/2015\/07\/01\/realizaran-concierto-de-bandas-militares-como-previa-a-la-visita-del-papa-francisco\/\" \/>\n<meta property=\"og:locale\" content=\"es_ES\" \/>\n<meta property=\"og:type\" content=\"article\" \/>\n<meta property=\"og:title\" content=\"Realizar\u00e1n concierto de Bandas Militares como previa a la visita del Papa Francisco - .::Agencia IP::.\" \/>\n<meta property=\"og:description\" content=\"Asunci\u00f3n, IP.- Este jueves a las 20:00 en la explanada de la Iglesia de Trinidad se realizar\u00e1 un Concierto de Bandas Militares como previa a la Visita Papal, con el apoyo de la Municipalidad de Asunci\u00f3n. El acceso es libre y gratuito.\" \/>\n<meta property=\"og:url\" content=\"https:\/\/www.ip.gov.py\/ip\/2015\/07\/01\/realizaran-concierto-de-bandas-militares-como-previa-a-la-visita-del-papa-francisco\/\" \/>\n<meta property=\"og:site_name\" content=\".::Agencia IP::.\" \/>\n<meta property=\"article:publisher\" content=\"https:\/\/www.facebook.com\/IPParaguay\/\" \/>\n<meta property=\"article:published_time\" content=\"2015-07-01T15:51:00+00:00\" \/>\n<meta property=\"article:modified_time\" content=\"2023-12-22T21:51:50+00:00\" \/>\n<meta property=\"og:image\" content=\"https:\/\/www.ip.gov.py\/ip\/wp-content\/uploads\/2015\/07\/banda-armada-nacional.jpg\" \/>\n\t<meta property=\"og:image:width\" content=\"1000\" \/>\n\t<meta property=\"og:image:height\" content=\"624\" \/>\n\t<meta property=\"og:image:type\" content=\"image\/jpeg\" \/>\n<meta name=\"author\" content=\"Lorena FLores\" \/>\n<meta name=\"twitter:card\" content=\"summary_large_image\" \/>\n<meta name=\"twitter:creator\" content=\"@IPParaguay\" \/>\n<meta name=\"twitter:site\" content=\"@IPParaguay\" \/>\n<meta name=\"twitter:label1\" content=\"Escrito por\" \/>\n\t<meta name=\"twitter:data1\" content=\"Lorena FLores\" \/>\n<script type=\"application\/ld+json\" class=\"yoast-schema-graph\">{\"@context\":\"https:\\\/\\\/schema.org\",\"@graph\":[{\"@type\":\"Article\",\"@id\":\"https:\\\/\\\/www.ip.gov.py\\\/ip\\\/2015\\\/07\\\/01\\\/realizaran-concierto-de-bandas-militares-como-previa-a-la-visita-del-papa-francisco\\\/#article\",\"isPartOf\":{\"@id\":\"https:\\\/\\\/www.ip.gov.py\\\/ip\\\/2015\\\/07\\\/01\\\/realizaran-concierto-de-bandas-militares-como-previa-a-la-visita-del-papa-francisco\\\/\"},\"author\":{\"name\":\"Lorena FLores\",\"@id\":\"https:\\\/\\\/www.ip.gov.py\\\/ip\\\/#\\\/schema\\\/person\\\/b6c3764e56c4e0180b10787cbf3f1294\"},\"headline\":\"Realizar\u00e1n concierto de Bandas Militares como previa a la visita del Papa Francisco\",\"datePublished\":\"2015-07-01T15:51:00+00:00\",\"dateModified\":\"2023-12-22T21:51:50+00:00\",\"mainEntityOfPage\":{\"@id\":\"https:\\\/\\\/www.ip.gov.py\\\/ip\\\/2015\\\/07\\\/01\\\/realizaran-concierto-de-bandas-militares-como-previa-a-la-visita-del-papa-francisco\\\/\"},\"wordCount\":110,\"publisher\":{\"@id\":\"https:\\\/\\\/www.ip.gov.py\\\/ip\\\/#organization\"},\"image\":{\"@id\":\"https:\\\/\\\/www.ip.gov.py\\\/ip\\\/2015\\\/07\\\/01\\\/realizaran-concierto-de-bandas-militares-como-previa-a-la-visita-del-papa-francisco\\\/#primaryimage\"},\"thumbnailUrl\":\"https:\\\/\\\/www.ip.gov.py\\\/ip\\\/wp-content\\\/uploads\\\/2015\\\/07\\\/banda-armada-nacional.jpg\",\"keywords\":[\"Papa Francisco\"],\"articleSection\":[\"Cultura\",\"Nacionales\"],\"inLanguage\":\"es\"},{\"@type\":\"WebPage\",\"@id\":\"https:\\\/\\\/www.ip.gov.py\\\/ip\\\/2015\\\/07\\\/01\\\/realizaran-concierto-de-bandas-militares-como-previa-a-la-visita-del-papa-francisco\\\/\",\"url\":\"https:\\\/\\\/www.ip.gov.py\\\/ip\\\/2015\\\/07\\\/01\\\/realizaran-concierto-de-bandas-militares-como-previa-a-la-visita-del-papa-francisco\\\/\",\"name\":\"Realizar\u00e1n concierto de Bandas Militares como previa a la visita del Papa Francisco - .::Agencia IP::.\",\"isPartOf\":{\"@id\":\"https:\\\/\\\/www.ip.gov.py\\\/ip\\\/#website\"},\"primaryImageOfPage\":{\"@id\":\"https:\\\/\\\/www.ip.gov.py\\\/ip\\\/2015\\\/07\\\/01\\\/realizaran-concierto-de-bandas-militares-como-previa-a-la-visita-del-papa-francisco\\\/#primaryimage\"},\"image\":{\"@id\":\"https:\\\/\\\/www.ip.gov.py\\\/ip\\\/2015\\\/07\\\/01\\\/realizaran-concierto-de-bandas-militares-como-previa-a-la-visita-del-papa-francisco\\\/#primaryimage\"},\"thumbnailUrl\":\"https:\\\/\\\/www.ip.gov.py\\\/ip\\\/wp-content\\\/uploads\\\/2015\\\/07\\\/banda-armada-nacional.jpg\",\"datePublished\":\"2015-07-01T15:51:00+00:00\",\"dateModified\":\"2023-12-22T21:51:50+00:00\",\"breadcrumb\":{\"@id\":\"https:\\\/\\\/www.ip.gov.py\\\/ip\\\/2015\\\/07\\\/01\\\/realizaran-concierto-de-bandas-militares-como-previa-a-la-visita-del-papa-francisco\\\/#breadcrumb\"},\"inLanguage\":\"es\",\"potentialAction\":[{\"@type\":\"ReadAction\",\"target\":[\"https:\\\/\\\/www.ip.gov.py\\\/ip\\\/2015\\\/07\\\/01\\\/realizaran-concierto-de-bandas-militares-como-previa-a-la-visita-del-papa-francisco\\\/\"]}]},{\"@type\":\"ImageObject\",\"inLanguage\":\"es\",\"@id\":\"https:\\\/\\\/www.ip.gov.py\\\/ip\\\/2015\\\/07\\\/01\\\/realizaran-concierto-de-bandas-militares-como-previa-a-la-visita-del-papa-francisco\\\/#primaryimage\",\"url\":\"https:\\\/\\\/www.ip.gov.py\\\/ip\\\/wp-content\\\/uploads\\\/2015\\\/07\\\/banda-armada-nacional.jpg\",\"contentUrl\":\"https:\\\/\\\/www.ip.gov.py\\\/ip\\\/wp-content\\\/uploads\\\/2015\\\/07\\\/banda-armada-nacional.jpg\",\"width\":1000,\"height\":624},{\"@type\":\"BreadcrumbList\",\"@id\":\"https:\\\/\\\/www.ip.gov.py\\\/ip\\\/2015\\\/07\\\/01\\\/realizaran-concierto-de-bandas-militares-como-previa-a-la-visita-del-papa-francisco\\\/#breadcrumb\",\"itemListElement\":[{\"@type\":\"ListItem\",\"position\":1,\"name\":\"Portada\",\"item\":\"https:\\\/\\\/www.ip.gov.py\\\/ip\\\/\"},{\"@type\":\"ListItem\",\"position\":2,\"name\":\"Realizar\u00e1n concierto de Bandas Militares como previa a la visita del Papa Francisco\"}]},{\"@type\":\"WebSite\",\"@id\":\"https:\\\/\\\/www.ip.gov.py\\\/ip\\\/#website\",\"url\":\"https:\\\/\\\/www.ip.gov.py\\\/ip\\\/\",\"name\":\".::Agencia IP::.\",\"description\":\"\",\"publisher\":{\"@id\":\"https:\\\/\\\/www.ip.gov.py\\\/ip\\\/#organization\"},\"potentialAction\":[{\"@type\":\"SearchAction\",\"target\":{\"@type\":\"EntryPoint\",\"urlTemplate\":\"https:\\\/\\\/www.ip.gov.py\\\/ip\\\/?s={search_term_string}\"},\"query-input\":{\"@type\":\"PropertyValueSpecification\",\"valueRequired\":true,\"valueName\":\"search_term_string\"}}],\"inLanguage\":\"es\"},{\"@type\":\"Organization\",\"@id\":\"https:\\\/\\\/www.ip.gov.py\\\/ip\\\/#organization\",\"name\":\"Agencia IP\",\"url\":\"https:\\\/\\\/www.ip.gov.py\\\/ip\\\/\",\"logo\":{\"@type\":\"ImageObject\",\"inLanguage\":\"es\",\"@id\":\"https:\\\/\\\/www.ip.gov.py\\\/ip\\\/#\\\/schema\\\/logo\\\/image\\\/\",\"url\":\"https:\\\/\\\/www.ip.gov.py\\\/ip\\\/wp-content\\\/uploads\\\/2018\\\/01\\\/Agencia-IP.jpg\",\"contentUrl\":\"https:\\\/\\\/www.ip.gov.py\\\/ip\\\/wp-content\\\/uploads\\\/2018\\\/01\\\/Agencia-IP.jpg\",\"width\":150,\"height\":150,\"caption\":\"Agencia IP\"},\"image\":{\"@id\":\"https:\\\/\\\/www.ip.gov.py\\\/ip\\\/#\\\/schema\\\/logo\\\/image\\\/\"},\"sameAs\":[\"https:\\\/\\\/www.facebook.com\\\/IPParaguay\\\/\",\"https:\\\/\\\/x.com\\\/IPParaguay\",\"https:\\\/\\\/www.instagram.com\\\/IPParaguay\"]},{\"@type\":\"Person\",\"@id\":\"https:\\\/\\\/www.ip.gov.py\\\/ip\\\/#\\\/schema\\\/person\\\/b6c3764e56c4e0180b10787cbf3f1294\",\"name\":\"Lorena FLores\",\"url\":\"https:\\\/\\\/www.ip.gov.py\\\/ip\\\/author\\\/lflores\\\/\"}]}<\/script>\n<!-- \/ Yoast SEO plugin. -->","yoast_head_json":{"title":"Realizar\u00e1n concierto de Bandas Militares como previa a la visita del Papa Francisco - .::Agencia IP::.","robots":{"index":"index","follow":"follow","max-snippet":"max-snippet:-1","max-image-preview":"max-image-preview:large","max-video-preview":"max-video-preview:-1"},"canonical":"https:\/\/www.ip.gov.py\/ip\/2015\/07\/01\/realizaran-concierto-de-bandas-militares-como-previa-a-la-visita-del-papa-francisco\/","og_locale":"es_ES","og_type":"article","og_title":"Realizar\u00e1n concierto de Bandas Militares como previa a la visita del Papa Francisco - .::Agencia IP::.","og_description":"Asunci\u00f3n, IP.- Este jueves a las 20:00 en la explanada de la Iglesia de Trinidad se realizar\u00e1 un Concierto de Bandas Militares como previa a la Visita Papal, con el apoyo de la Municipalidad de Asunci\u00f3n. El acceso es libre y gratuito.","og_url":"https:\/\/www.ip.gov.py\/ip\/2015\/07\/01\/realizaran-concierto-de-bandas-militares-como-previa-a-la-visita-del-papa-francisco\/","og_site_name":".::Agencia IP::.","article_publisher":"https:\/\/www.facebook.com\/IPParaguay\/","article_published_time":"2015-07-01T15:51:00+00:00","article_modified_time":"2023-12-22T21:51:50+00:00","og_image":[{"width":1000,"height":624,"url":"https:\/\/www.ip.gov.py\/ip\/wp-content\/uploads\/2015\/07\/banda-armada-nacional.jpg","type":"image\/jpeg"}],"author":"Lorena FLores","twitter_card":"summary_large_image","twitter_creator":"@IPParaguay","twitter_site":"@IPParaguay","twitter_misc":{"Escrito por":"Lorena FLores"},"schema":{"@context":"https:\/\/schema.org","@graph":[{"@type":"Article","@id":"https:\/\/www.ip.gov.py\/ip\/2015\/07\/01\/realizaran-concierto-de-bandas-militares-como-previa-a-la-visita-del-papa-francisco\/#article","isPartOf":{"@id":"https:\/\/www.ip.gov.py\/ip\/2015\/07\/01\/realizaran-concierto-de-bandas-militares-como-previa-a-la-visita-del-papa-francisco\/"},"author":{"name":"Lorena FLores","@id":"https:\/\/www.ip.gov.py\/ip\/#\/schema\/person\/b6c3764e56c4e0180b10787cbf3f1294"},"headline":"Realizar\u00e1n concierto de Bandas Militares como previa a la visita del Papa Francisco","datePublished":"2015-07-01T15:51:00+00:00","dateModified":"2023-12-22T21:51:50+00:00","mainEntityOfPage":{"@id":"https:\/\/www.ip.gov.py\/ip\/2015\/07\/01\/realizaran-concierto-de-bandas-militares-como-previa-a-la-visita-del-papa-francisco\/"},"wordCount":110,"publisher":{"@id":"https:\/\/www.ip.gov.py\/ip\/#organization"},"image":{"@id":"https:\/\/www.ip.gov.py\/ip\/2015\/07\/01\/realizaran-concierto-de-bandas-militares-como-previa-a-la-visita-del-papa-francisco\/#primaryimage"},"thumbnailUrl":"https:\/\/www.ip.gov.py\/ip\/wp-content\/uploads\/2015\/07\/banda-armada-nacional.jpg","keywords":["Papa Francisco"],"articleSection":["Cultura","Nacionales"],"inLanguage":"es"},{"@type":"WebPage","@id":"https:\/\/www.ip.gov.py\/ip\/2015\/07\/01\/realizaran-concierto-de-bandas-militares-como-previa-a-la-visita-del-papa-francisco\/","url":"https:\/\/www.ip.gov.py\/ip\/2015\/07\/01\/realizaran-concierto-de-bandas-militares-como-previa-a-la-visita-del-papa-francisco\/","name":"Realizar\u00e1n concierto de Bandas Militares como previa a la visita del Papa Francisco - .::Agencia IP::.","isPartOf":{"@id":"https:\/\/www.ip.gov.py\/ip\/#website"},"primaryImageOfPage":{"@id":"https:\/\/www.ip.gov.py\/ip\/2015\/07\/01\/realizaran-concierto-de-bandas-militares-como-previa-a-la-visita-del-papa-francisco\/#primaryimage"},"image":{"@id":"https:\/\/www.ip.gov.py\/ip\/2015\/07\/01\/realizaran-concierto-de-bandas-militares-como-previa-a-la-visita-del-papa-francisco\/#primaryimage"},"thumbnailUrl":"https:\/\/www.ip.gov.py\/ip\/wp-content\/uploads\/2015\/07\/banda-armada-nacional.jpg","datePublished":"2015-07-01T15:51:00+00:00","dateModified":"2023-12-22T21:51:50+00:00","breadcrumb":{"@id":"https:\/\/www.ip.gov.py\/ip\/2015\/07\/01\/realizaran-concierto-de-bandas-militares-como-previa-a-la-visita-del-papa-francisco\/#breadcrumb"},"inLanguage":"es","potentialAction":[{"@type":"ReadAction","target":["https:\/\/www.ip.gov.py\/ip\/2015\/07\/01\/realizaran-concierto-de-bandas-militares-como-previa-a-la-visita-del-papa-francisco\/"]}]},{"@type":"ImageObject","inLanguage":"es","@id":"https:\/\/www.ip.gov.py\/ip\/2015\/07\/01\/realizaran-concierto-de-bandas-militares-como-previa-a-la-visita-del-papa-francisco\/#primaryimage","url":"https:\/\/www.ip.gov.py\/ip\/wp-content\/uploads\/2015\/07\/banda-armada-nacional.jpg","contentUrl":"https:\/\/www.ip.gov.py\/ip\/wp-content\/uploads\/2015\/07\/banda-armada-nacional.jpg","width":1000,"height":624},{"@type":"BreadcrumbList","@id":"https:\/\/www.ip.gov.py\/ip\/2015\/07\/01\/realizaran-concierto-de-bandas-militares-como-previa-a-la-visita-del-papa-francisco\/#breadcrumb","itemListElement":[{"@type":"ListItem","position":1,"name":"Portada","item":"https:\/\/www.ip.gov.py\/ip\/"},{"@type":"ListItem","position":2,"name":"Realizar\u00e1n concierto de Bandas Militares como previa a la visita del Papa Francisco"}]},{"@type":"WebSite","@id":"https:\/\/www.ip.gov.py\/ip\/#website","url":"https:\/\/www.ip.gov.py\/ip\/","name":".::Agencia IP::.","description":"","publisher":{"@id":"https:\/\/www.ip.gov.py\/ip\/#organization"},"potentialAction":[{"@type":"SearchAction","target":{"@type":"EntryPoint","urlTemplate":"https:\/\/www.ip.gov.py\/ip\/?s={search_term_string}"},"query-input":{"@type":"PropertyValueSpecification","valueRequired":true,"valueName":"search_term_string"}}],"inLanguage":"es"},{"@type":"Organization","@id":"https:\/\/www.ip.gov.py\/ip\/#organization","name":"Agencia IP","url":"https:\/\/www.ip.gov.py\/ip\/","logo":{"@type":"ImageObject","inLanguage":"es","@id":"https:\/\/www.ip.gov.py\/ip\/#\/schema\/logo\/image\/","url":"https:\/\/www.ip.gov.py\/ip\/wp-content\/uploads\/2018\/01\/Agencia-IP.jpg","contentUrl":"https:\/\/www.ip.gov.py\/ip\/wp-content\/uploads\/2018\/01\/Agencia-IP.jpg","width":150,"height":150,"caption":"Agencia IP"},"image":{"@id":"https:\/\/www.ip.gov.py\/ip\/#\/schema\/logo\/image\/"},"sameAs":["https:\/\/www.facebook.com\/IPParaguay\/","https:\/\/x.com\/IPParaguay","https:\/\/www.instagram.com\/IPParaguay"]},{"@type":"Person","@id":"https:\/\/www.ip.gov.py\/ip\/#\/schema\/person\/b6c3764e56c4e0180b10787cbf3f1294","name":"Lorena FLores","url":"https:\/\/www.ip.gov.py\/ip\/author\/lflores\/"}]}},"_links":{"self":[{"href":"https:\/\/www.ip.gov.py\/ip\/wp-json\/wp\/v2\/posts\/32899","targetHints":{"allow":["GET"]}}],"collection":[{"href":"https:\/\/www.ip.gov.py\/ip\/wp-json\/wp\/v2\/posts"}],"about":[{"href":"https:\/\/www.ip.gov.py\/ip\/wp-json\/wp\/v2\/types\/post"}],"author":[{"embeddable":true,"href":"https:\/\/www.ip.gov.py\/ip\/wp-json\/wp\/v2\/users\/13"}],"replies":[{"embeddable":true,"href":"https:\/\/www.ip.gov.py\/ip\/wp-json\/wp\/v2\/comments?post=32899"}],"version-history":[{"count":1,"href":"https:\/\/www.ip.gov.py\/ip\/wp-json\/wp\/v2\/posts\/32899\/revisions"}],"predecessor-version":[{"id":481474,"href":"https:\/\/www.ip.gov.py\/ip\/wp-json\/wp\/v2\/posts\/32899\/revisions\/481474"}],"wp:featuredmedia":[{"embeddable":true,"href":"https:\/\/www.ip.gov.py\/ip\/wp-json\/wp\/v2\/media\/32913"}],"wp:attachment":[{"href":"https:\/\/www.ip.gov.py\/ip\/wp-json\/wp\/v2\/media?parent=32899"}],"wp:term":[{"taxonomy":"category","embeddable":true,"href":"https:\/\/www.ip.gov.py\/ip\/wp-json\/wp\/v2\/categories?post=32899"},{"taxonomy":"post_tag","embeddable":true,"href":"https:\/\/www.ip.gov.py\/ip\/wp-json\/wp\/v2\/tags?post=32899"}],"curies":[{"name":"wp","href":"https:\/\/api.w.org\/{rel}","templated":true}]}}