{"id":32960,"date":"2015-07-01T15:46:17","date_gmt":"2015-07-01T19:46:17","guid":{"rendered":"http:\/\/desarrollo.ip.gov.py\/ip\/?p=32960"},"modified":"2015-07-01T15:51:06","modified_gmt":"2015-07-01T19:51:06","slug":"presentaran-segundo-documental-que-indaga-los-origenes-indigenas-del-futbol","status":"publish","type":"post","link":"https:\/\/www.ip.gov.py\/ip\/2015\/07\/01\/presentaran-segundo-documental-que-indaga-los-origenes-indigenas-del-futbol\/","title":{"rendered":"Presentar\u00e1n segundo documental que indaga los or\u00edgenes ind\u00edgenas del f\u00fatbol"},"content":{"rendered":"<p style=\"text-align: justify;\"><em><strong>Asunci\u00f3n, IP.-<\/strong><\/em> El audiovisual que indaga sobre los or\u00edgenes ind\u00edgenas del f\u00fatbol, se lanza este jueves a las 17:00 en el Cine Teatro del Puerto. El material se constituye como la segunda parte de la pel\u00edcula \u201cLos Guaran\u00edes Inventaron el F\u00fatbol\u201d, estrenada en el 2014.<br \/>\n<!--more--><\/p>\n<p style=\"text-align: justify;\">La pel\u00edcula profundiza sobre los or\u00edgenes ind\u00edgenas del f\u00fatbol y su conexi\u00f3n hist\u00f3rica con el juego Guaran\u00ed del Manga \u00d1embosar\u00e1i, registrado por los sacerdotes jesuitas en las Reducciones Guaran\u00ed.<\/p>\n<p style=\"text-align: justify;\">Tiene por objetivo mostrar a trav\u00e9s del escenario del f\u00fatbol la diversidad cultural \u00e9tnica que habita nuestro pa\u00eds con sus lenguas y ceremonias, las historias de los clubes ind\u00edgenas y el proceso para la conformaci\u00f3n de la Selecci\u00f3n Paraguaya Ind\u00edgena, que jugar\u00e1 la Copa Am\u00e9rica Ind\u00edgena por primera vez en Chile 2015.<\/p>\n<p style=\"text-align: justify;\">La selecci\u00f3n ind\u00edgena viaja a Chile este julio para su competencia futbol\u00edstica internacional.<\/p>\n<p style=\"text-align: justify;\">La presentaci\u00f3n de la pel\u00edcula estar\u00e1 a cargo de las principales autoridades de las instituciones involucradas en la producci\u00f3n del documental, as\u00ed como el equipo realizador.<\/p>\n<p style=\"text-align: justify;\"><strong>Pel\u00edcula ser\u00e1 obsequiada por los Ind\u00edgenas al papa Francisco<\/strong><\/p>\n<p style=\"text-align: justify;\">El documental sobre el Manga \u00d1embosar\u00e1i fue producido por un equipo inter-institucional a nivel nacional e internacional se cont\u00f3 con el aporte del grupo de Rap Guaran\u00ed Br\u00f4 MC&#8217;s, grupo musical ind\u00edgena Kaiowa del Brasil, creadores de la M\u00fasica para la pel\u00edcula y el trailers.<\/p>\n<p style=\"text-align: justify;\">Las pinturas fueron realizadas por la artista argentina Alicia Segovia, quien expondr\u00e1 sus obras sobre el Manga \u00d1embosar\u00e1i el d\u00eda del lanzamiento de la pel\u00edcula.<\/p>\n<p style=\"text-align: justify;\">La realizaci\u00f3n y gui\u00f3n es de Marcos Yb\u00e1\u00f1ez y Margarita Mir\u00f3 estuvo en la Revisi\u00f3n Hist\u00f3rica ambos de la Secretaria Nacional de Cultura (SNC).<\/p>\n<p style=\"text-align: justify;\">En la producci\u00f3n del audiovisual y el v\u00ednculo con las comunidades ind\u00edgenas se cont\u00f3 con el trabajo de Alba Eiragui Duarte, ind\u00edgena Guaran\u00ed de la Direcci\u00f3n General de Educaci\u00f3n Ind\u00edgena del Ministerio de Educaci\u00f3n y Cultura (MEC).<\/p>\n<p style=\"text-align: justify;\">La misma inform\u00f3 que la pel\u00edcula ser\u00e1 obsequiada por los Pueblos Ind\u00edgenas al papa Francisco en su visita al Paraguay.<\/p>\n<p style=\"text-align: justify;\">El documental sobre f\u00fatbol ind\u00edgena sirve como escenario para mostrar la diversidad cultural de nuestro pa\u00eds y parte de Am\u00e9rica.<\/p>\n<p style=\"text-align: justify;\">Es una experiencia interesante porque uni\u00f3 en un trabajo inter-institucional de rescate audiovisual a varias entidades p\u00fablicas como la SNC, Paraguay TV HD, MEC, a trav\u00e9s de la Direcci\u00f3n General de Educaci\u00f3n Ind\u00edgena, la Secretar\u00eda Nacional de Deportes, el Instituto Paraguayo del Ind\u00edgena, la Asociaci\u00f3n Ciudadela Cultural de San Ignacio Guaz\u00fa y Clubes de los pueblos originarios.<\/p>\n<p style=\"text-align: justify;\">El Manga \u00d1embosar\u00e1i es m\u00e1s que un juego de la pelota con los pies inventado por la naci\u00f3n guaran\u00ed, es la misma historia que va rodando de un pueblo que lucha por mantener su cultura, su lengua guaran\u00ed dentro y fuera de las canchas.<\/p>\n<p>Este juego ancestral perdura en la memoria de sus ancianos, ni\u00f1os y j\u00f3venes en las aldeas ind\u00edgenas.<\/p>\n<p style=\"text-align: justify;\">Hoy los creadores de este deporte ind\u00edgena que se hizo universal lo practican en su evoluci\u00f3n denominado f\u00fatbol, pero conservando sus ra\u00edces propias, sus caracter\u00edsticas comunes que vienen de generaci\u00f3n en generaci\u00f3n, trasmitida en la oralidad de sus culturas, sus ceremonias, rezos, cantos y pr\u00e1cticas ancestrales.<\/p>\n<p style=\"text-align: justify;\">El f\u00fatbol ind\u00edgena aunque desconocido, existe, con su identidad cultural propia, su forma de jugar, siendo hasta hoy un deporte de integraci\u00f3n inter-cultural entre los pueblos ind\u00edgenas.<\/p>\n<p style=\"text-align: justify;\">En la actualidad los futbolistas ind\u00edgenas se preparan para hacer historia en el f\u00fatbol en la Copa Am\u00e9rica de Chile 2015.<\/p>\n","protected":false},"excerpt":{"rendered":"<p>Asunci\u00f3n, IP.- El audiovisual que indaga sobre los or\u00edgenes ind\u00edgenas del f\u00fatbol, se lanza este jueves a las 17:00 en el Cine Teatro del Puerto. El material se constituye como la segunda parte de la pel\u00edcula \u201cLos Guaran\u00edes Inventaron el F\u00fatbol\u201d, estrenada en el 2014.<\/p>\n","protected":false},"author":13,"featured_media":32966,"comment_status":"closed","ping_status":"closed","sticky":false,"template":"","format":"standard","meta":{"_monsterinsights_skip_tracking":false,"_monsterinsights_sitenote_active":false,"_monsterinsights_sitenote_note":"","_monsterinsights_sitenote_category":0,"footnotes":""},"categories":[7],"tags":[],"class_list":{"0":"post-32960","1":"post","2":"type-post","3":"status-publish","4":"format-standard","5":"has-post-thumbnail","7":"category-cultura"},"yoast_head":"<!-- This site is optimized with the Yoast SEO plugin v27.5 - https:\/\/yoast.com\/product\/yoast-seo-wordpress\/ -->\n<title>Presentar\u00e1n segundo documental que indaga los or\u00edgenes ind\u00edgenas del f\u00fatbol - .::Agencia IP::.<\/title>\n<meta name=\"robots\" content=\"index, follow, max-snippet:-1, max-image-preview:large, max-video-preview:-1\" \/>\n<link rel=\"canonical\" href=\"https:\/\/www.ip.gov.py\/ip\/2015\/07\/01\/presentaran-segundo-documental-que-indaga-los-origenes-indigenas-del-futbol\/\" \/>\n<meta property=\"og:locale\" content=\"es_ES\" \/>\n<meta property=\"og:type\" content=\"article\" \/>\n<meta property=\"og:title\" content=\"Presentar\u00e1n segundo documental que indaga los or\u00edgenes ind\u00edgenas del f\u00fatbol - .::Agencia IP::.\" \/>\n<meta property=\"og:description\" content=\"Asunci\u00f3n, IP.- El audiovisual que indaga sobre los or\u00edgenes ind\u00edgenas del f\u00fatbol, se lanza este jueves a las 17:00 en el Cine Teatro del Puerto. El material se constituye como la segunda parte de la pel\u00edcula \u201cLos Guaran\u00edes Inventaron el F\u00fatbol\u201d, estrenada en el 2014.\" \/>\n<meta property=\"og:url\" content=\"https:\/\/www.ip.gov.py\/ip\/2015\/07\/01\/presentaran-segundo-documental-que-indaga-los-origenes-indigenas-del-futbol\/\" \/>\n<meta property=\"og:site_name\" content=\".::Agencia IP::.\" \/>\n<meta property=\"article:publisher\" content=\"https:\/\/www.facebook.com\/IPParaguay\/\" \/>\n<meta property=\"article:published_time\" content=\"2015-07-01T19:46:17+00:00\" \/>\n<meta property=\"article:modified_time\" content=\"2015-07-01T19:51:06+00:00\" \/>\n<meta property=\"og:image\" content=\"https:\/\/www.ip.gov.py\/ip\/wp-content\/uploads\/2015\/07\/Manga-\u00f1embosar\u00e1i_futbol-ind\u00edgena.jpg\" \/>\n\t<meta property=\"og:image:width\" content=\"845\" \/>\n\t<meta property=\"og:image:height\" content=\"475\" \/>\n\t<meta property=\"og:image:type\" content=\"image\/jpeg\" \/>\n<meta name=\"author\" content=\"Lorena FLores\" \/>\n<meta name=\"twitter:card\" content=\"summary_large_image\" \/>\n<meta name=\"twitter:creator\" content=\"@IPParaguay\" \/>\n<meta name=\"twitter:site\" content=\"@IPParaguay\" \/>\n<meta name=\"twitter:label1\" content=\"Escrito por\" \/>\n\t<meta name=\"twitter:data1\" content=\"Lorena FLores\" \/>\n\t<meta name=\"twitter:label2\" content=\"Tiempo de lectura\" \/>\n\t<meta name=\"twitter:data2\" content=\"3 minutos\" \/>\n<script type=\"application\/ld+json\" class=\"yoast-schema-graph\">{\"@context\":\"https:\\\/\\\/schema.org\",\"@graph\":[{\"@type\":\"Article\",\"@id\":\"https:\\\/\\\/www.ip.gov.py\\\/ip\\\/2015\\\/07\\\/01\\\/presentaran-segundo-documental-que-indaga-los-origenes-indigenas-del-futbol\\\/#article\",\"isPartOf\":{\"@id\":\"https:\\\/\\\/www.ip.gov.py\\\/ip\\\/2015\\\/07\\\/01\\\/presentaran-segundo-documental-que-indaga-los-origenes-indigenas-del-futbol\\\/\"},\"author\":{\"name\":\"Lorena FLores\",\"@id\":\"https:\\\/\\\/www.ip.gov.py\\\/ip\\\/#\\\/schema\\\/person\\\/b6c3764e56c4e0180b10787cbf3f1294\"},\"headline\":\"Presentar\u00e1n segundo documental que indaga los or\u00edgenes ind\u00edgenas del f\u00fatbol\",\"datePublished\":\"2015-07-01T19:46:17+00:00\",\"dateModified\":\"2015-07-01T19:51:06+00:00\",\"mainEntityOfPage\":{\"@id\":\"https:\\\/\\\/www.ip.gov.py\\\/ip\\\/2015\\\/07\\\/01\\\/presentaran-segundo-documental-que-indaga-los-origenes-indigenas-del-futbol\\\/\"},\"wordCount\":655,\"publisher\":{\"@id\":\"https:\\\/\\\/www.ip.gov.py\\\/ip\\\/#organization\"},\"image\":{\"@id\":\"https:\\\/\\\/www.ip.gov.py\\\/ip\\\/2015\\\/07\\\/01\\\/presentaran-segundo-documental-que-indaga-los-origenes-indigenas-del-futbol\\\/#primaryimage\"},\"thumbnailUrl\":\"https:\\\/\\\/www.ip.gov.py\\\/ip\\\/wp-content\\\/uploads\\\/2015\\\/07\\\/Manga-\u00f1embosar\u00e1i_futbol-ind\u00edgena.jpg\",\"articleSection\":[\"Cultura\"],\"inLanguage\":\"es\"},{\"@type\":\"WebPage\",\"@id\":\"https:\\\/\\\/www.ip.gov.py\\\/ip\\\/2015\\\/07\\\/01\\\/presentaran-segundo-documental-que-indaga-los-origenes-indigenas-del-futbol\\\/\",\"url\":\"https:\\\/\\\/www.ip.gov.py\\\/ip\\\/2015\\\/07\\\/01\\\/presentaran-segundo-documental-que-indaga-los-origenes-indigenas-del-futbol\\\/\",\"name\":\"Presentar\u00e1n segundo documental que indaga los or\u00edgenes ind\u00edgenas del f\u00fatbol - .::Agencia IP::.\",\"isPartOf\":{\"@id\":\"https:\\\/\\\/www.ip.gov.py\\\/ip\\\/#website\"},\"primaryImageOfPage\":{\"@id\":\"https:\\\/\\\/www.ip.gov.py\\\/ip\\\/2015\\\/07\\\/01\\\/presentaran-segundo-documental-que-indaga-los-origenes-indigenas-del-futbol\\\/#primaryimage\"},\"image\":{\"@id\":\"https:\\\/\\\/www.ip.gov.py\\\/ip\\\/2015\\\/07\\\/01\\\/presentaran-segundo-documental-que-indaga-los-origenes-indigenas-del-futbol\\\/#primaryimage\"},\"thumbnailUrl\":\"https:\\\/\\\/www.ip.gov.py\\\/ip\\\/wp-content\\\/uploads\\\/2015\\\/07\\\/Manga-\u00f1embosar\u00e1i_futbol-ind\u00edgena.jpg\",\"datePublished\":\"2015-07-01T19:46:17+00:00\",\"dateModified\":\"2015-07-01T19:51:06+00:00\",\"breadcrumb\":{\"@id\":\"https:\\\/\\\/www.ip.gov.py\\\/ip\\\/2015\\\/07\\\/01\\\/presentaran-segundo-documental-que-indaga-los-origenes-indigenas-del-futbol\\\/#breadcrumb\"},\"inLanguage\":\"es\",\"potentialAction\":[{\"@type\":\"ReadAction\",\"target\":[\"https:\\\/\\\/www.ip.gov.py\\\/ip\\\/2015\\\/07\\\/01\\\/presentaran-segundo-documental-que-indaga-los-origenes-indigenas-del-futbol\\\/\"]}]},{\"@type\":\"ImageObject\",\"inLanguage\":\"es\",\"@id\":\"https:\\\/\\\/www.ip.gov.py\\\/ip\\\/2015\\\/07\\\/01\\\/presentaran-segundo-documental-que-indaga-los-origenes-indigenas-del-futbol\\\/#primaryimage\",\"url\":\"https:\\\/\\\/www.ip.gov.py\\\/ip\\\/wp-content\\\/uploads\\\/2015\\\/07\\\/Manga-\u00f1embosar\u00e1i_futbol-ind\u00edgena.jpg\",\"contentUrl\":\"https:\\\/\\\/www.ip.gov.py\\\/ip\\\/wp-content\\\/uploads\\\/2015\\\/07\\\/Manga-\u00f1embosar\u00e1i_futbol-ind\u00edgena.jpg\",\"width\":845,\"height\":475},{\"@type\":\"BreadcrumbList\",\"@id\":\"https:\\\/\\\/www.ip.gov.py\\\/ip\\\/2015\\\/07\\\/01\\\/presentaran-segundo-documental-que-indaga-los-origenes-indigenas-del-futbol\\\/#breadcrumb\",\"itemListElement\":[{\"@type\":\"ListItem\",\"position\":1,\"name\":\"Portada\",\"item\":\"https:\\\/\\\/www.ip.gov.py\\\/ip\\\/\"},{\"@type\":\"ListItem\",\"position\":2,\"name\":\"Presentar\u00e1n segundo documental que indaga los or\u00edgenes ind\u00edgenas del f\u00fatbol\"}]},{\"@type\":\"WebSite\",\"@id\":\"https:\\\/\\\/www.ip.gov.py\\\/ip\\\/#website\",\"url\":\"https:\\\/\\\/www.ip.gov.py\\\/ip\\\/\",\"name\":\".::Agencia IP::.\",\"description\":\"\",\"publisher\":{\"@id\":\"https:\\\/\\\/www.ip.gov.py\\\/ip\\\/#organization\"},\"potentialAction\":[{\"@type\":\"SearchAction\",\"target\":{\"@type\":\"EntryPoint\",\"urlTemplate\":\"https:\\\/\\\/www.ip.gov.py\\\/ip\\\/?s={search_term_string}\"},\"query-input\":{\"@type\":\"PropertyValueSpecification\",\"valueRequired\":true,\"valueName\":\"search_term_string\"}}],\"inLanguage\":\"es\"},{\"@type\":\"Organization\",\"@id\":\"https:\\\/\\\/www.ip.gov.py\\\/ip\\\/#organization\",\"name\":\"Agencia IP\",\"url\":\"https:\\\/\\\/www.ip.gov.py\\\/ip\\\/\",\"logo\":{\"@type\":\"ImageObject\",\"inLanguage\":\"es\",\"@id\":\"https:\\\/\\\/www.ip.gov.py\\\/ip\\\/#\\\/schema\\\/logo\\\/image\\\/\",\"url\":\"https:\\\/\\\/www.ip.gov.py\\\/ip\\\/wp-content\\\/uploads\\\/2018\\\/01\\\/Agencia-IP.jpg\",\"contentUrl\":\"https:\\\/\\\/www.ip.gov.py\\\/ip\\\/wp-content\\\/uploads\\\/2018\\\/01\\\/Agencia-IP.jpg\",\"width\":150,\"height\":150,\"caption\":\"Agencia IP\"},\"image\":{\"@id\":\"https:\\\/\\\/www.ip.gov.py\\\/ip\\\/#\\\/schema\\\/logo\\\/image\\\/\"},\"sameAs\":[\"https:\\\/\\\/www.facebook.com\\\/IPParaguay\\\/\",\"https:\\\/\\\/x.com\\\/IPParaguay\",\"https:\\\/\\\/www.instagram.com\\\/IPParaguay\"]},{\"@type\":\"Person\",\"@id\":\"https:\\\/\\\/www.ip.gov.py\\\/ip\\\/#\\\/schema\\\/person\\\/b6c3764e56c4e0180b10787cbf3f1294\",\"name\":\"Lorena FLores\",\"url\":\"https:\\\/\\\/www.ip.gov.py\\\/ip\\\/author\\\/lflores\\\/\"}]}<\/script>\n<!-- \/ Yoast SEO plugin. -->","yoast_head_json":{"title":"Presentar\u00e1n segundo documental que indaga los or\u00edgenes ind\u00edgenas del f\u00fatbol - .::Agencia IP::.","robots":{"index":"index","follow":"follow","max-snippet":"max-snippet:-1","max-image-preview":"max-image-preview:large","max-video-preview":"max-video-preview:-1"},"canonical":"https:\/\/www.ip.gov.py\/ip\/2015\/07\/01\/presentaran-segundo-documental-que-indaga-los-origenes-indigenas-del-futbol\/","og_locale":"es_ES","og_type":"article","og_title":"Presentar\u00e1n segundo documental que indaga los or\u00edgenes ind\u00edgenas del f\u00fatbol - .::Agencia IP::.","og_description":"Asunci\u00f3n, IP.- El audiovisual que indaga sobre los or\u00edgenes ind\u00edgenas del f\u00fatbol, se lanza este jueves a las 17:00 en el Cine Teatro del Puerto. El material se constituye como la segunda parte de la pel\u00edcula \u201cLos Guaran\u00edes Inventaron el F\u00fatbol\u201d, estrenada en el 2014.","og_url":"https:\/\/www.ip.gov.py\/ip\/2015\/07\/01\/presentaran-segundo-documental-que-indaga-los-origenes-indigenas-del-futbol\/","og_site_name":".::Agencia IP::.","article_publisher":"https:\/\/www.facebook.com\/IPParaguay\/","article_published_time":"2015-07-01T19:46:17+00:00","article_modified_time":"2015-07-01T19:51:06+00:00","og_image":[{"width":845,"height":475,"url":"https:\/\/www.ip.gov.py\/ip\/wp-content\/uploads\/2015\/07\/Manga-\u00f1embosar\u00e1i_futbol-ind\u00edgena.jpg","type":"image\/jpeg"}],"author":"Lorena FLores","twitter_card":"summary_large_image","twitter_creator":"@IPParaguay","twitter_site":"@IPParaguay","twitter_misc":{"Escrito por":"Lorena FLores","Tiempo de lectura":"3 minutos"},"schema":{"@context":"https:\/\/schema.org","@graph":[{"@type":"Article","@id":"https:\/\/www.ip.gov.py\/ip\/2015\/07\/01\/presentaran-segundo-documental-que-indaga-los-origenes-indigenas-del-futbol\/#article","isPartOf":{"@id":"https:\/\/www.ip.gov.py\/ip\/2015\/07\/01\/presentaran-segundo-documental-que-indaga-los-origenes-indigenas-del-futbol\/"},"author":{"name":"Lorena FLores","@id":"https:\/\/www.ip.gov.py\/ip\/#\/schema\/person\/b6c3764e56c4e0180b10787cbf3f1294"},"headline":"Presentar\u00e1n segundo documental que indaga los or\u00edgenes ind\u00edgenas del f\u00fatbol","datePublished":"2015-07-01T19:46:17+00:00","dateModified":"2015-07-01T19:51:06+00:00","mainEntityOfPage":{"@id":"https:\/\/www.ip.gov.py\/ip\/2015\/07\/01\/presentaran-segundo-documental-que-indaga-los-origenes-indigenas-del-futbol\/"},"wordCount":655,"publisher":{"@id":"https:\/\/www.ip.gov.py\/ip\/#organization"},"image":{"@id":"https:\/\/www.ip.gov.py\/ip\/2015\/07\/01\/presentaran-segundo-documental-que-indaga-los-origenes-indigenas-del-futbol\/#primaryimage"},"thumbnailUrl":"https:\/\/www.ip.gov.py\/ip\/wp-content\/uploads\/2015\/07\/Manga-\u00f1embosar\u00e1i_futbol-ind\u00edgena.jpg","articleSection":["Cultura"],"inLanguage":"es"},{"@type":"WebPage","@id":"https:\/\/www.ip.gov.py\/ip\/2015\/07\/01\/presentaran-segundo-documental-que-indaga-los-origenes-indigenas-del-futbol\/","url":"https:\/\/www.ip.gov.py\/ip\/2015\/07\/01\/presentaran-segundo-documental-que-indaga-los-origenes-indigenas-del-futbol\/","name":"Presentar\u00e1n segundo documental que indaga los or\u00edgenes ind\u00edgenas del f\u00fatbol - .::Agencia IP::.","isPartOf":{"@id":"https:\/\/www.ip.gov.py\/ip\/#website"},"primaryImageOfPage":{"@id":"https:\/\/www.ip.gov.py\/ip\/2015\/07\/01\/presentaran-segundo-documental-que-indaga-los-origenes-indigenas-del-futbol\/#primaryimage"},"image":{"@id":"https:\/\/www.ip.gov.py\/ip\/2015\/07\/01\/presentaran-segundo-documental-que-indaga-los-origenes-indigenas-del-futbol\/#primaryimage"},"thumbnailUrl":"https:\/\/www.ip.gov.py\/ip\/wp-content\/uploads\/2015\/07\/Manga-\u00f1embosar\u00e1i_futbol-ind\u00edgena.jpg","datePublished":"2015-07-01T19:46:17+00:00","dateModified":"2015-07-01T19:51:06+00:00","breadcrumb":{"@id":"https:\/\/www.ip.gov.py\/ip\/2015\/07\/01\/presentaran-segundo-documental-que-indaga-los-origenes-indigenas-del-futbol\/#breadcrumb"},"inLanguage":"es","potentialAction":[{"@type":"ReadAction","target":["https:\/\/www.ip.gov.py\/ip\/2015\/07\/01\/presentaran-segundo-documental-que-indaga-los-origenes-indigenas-del-futbol\/"]}]},{"@type":"ImageObject","inLanguage":"es","@id":"https:\/\/www.ip.gov.py\/ip\/2015\/07\/01\/presentaran-segundo-documental-que-indaga-los-origenes-indigenas-del-futbol\/#primaryimage","url":"https:\/\/www.ip.gov.py\/ip\/wp-content\/uploads\/2015\/07\/Manga-\u00f1embosar\u00e1i_futbol-ind\u00edgena.jpg","contentUrl":"https:\/\/www.ip.gov.py\/ip\/wp-content\/uploads\/2015\/07\/Manga-\u00f1embosar\u00e1i_futbol-ind\u00edgena.jpg","width":845,"height":475},{"@type":"BreadcrumbList","@id":"https:\/\/www.ip.gov.py\/ip\/2015\/07\/01\/presentaran-segundo-documental-que-indaga-los-origenes-indigenas-del-futbol\/#breadcrumb","itemListElement":[{"@type":"ListItem","position":1,"name":"Portada","item":"https:\/\/www.ip.gov.py\/ip\/"},{"@type":"ListItem","position":2,"name":"Presentar\u00e1n segundo documental que indaga los or\u00edgenes ind\u00edgenas del f\u00fatbol"}]},{"@type":"WebSite","@id":"https:\/\/www.ip.gov.py\/ip\/#website","url":"https:\/\/www.ip.gov.py\/ip\/","name":".::Agencia IP::.","description":"","publisher":{"@id":"https:\/\/www.ip.gov.py\/ip\/#organization"},"potentialAction":[{"@type":"SearchAction","target":{"@type":"EntryPoint","urlTemplate":"https:\/\/www.ip.gov.py\/ip\/?s={search_term_string}"},"query-input":{"@type":"PropertyValueSpecification","valueRequired":true,"valueName":"search_term_string"}}],"inLanguage":"es"},{"@type":"Organization","@id":"https:\/\/www.ip.gov.py\/ip\/#organization","name":"Agencia IP","url":"https:\/\/www.ip.gov.py\/ip\/","logo":{"@type":"ImageObject","inLanguage":"es","@id":"https:\/\/www.ip.gov.py\/ip\/#\/schema\/logo\/image\/","url":"https:\/\/www.ip.gov.py\/ip\/wp-content\/uploads\/2018\/01\/Agencia-IP.jpg","contentUrl":"https:\/\/www.ip.gov.py\/ip\/wp-content\/uploads\/2018\/01\/Agencia-IP.jpg","width":150,"height":150,"caption":"Agencia IP"},"image":{"@id":"https:\/\/www.ip.gov.py\/ip\/#\/schema\/logo\/image\/"},"sameAs":["https:\/\/www.facebook.com\/IPParaguay\/","https:\/\/x.com\/IPParaguay","https:\/\/www.instagram.com\/IPParaguay"]},{"@type":"Person","@id":"https:\/\/www.ip.gov.py\/ip\/#\/schema\/person\/b6c3764e56c4e0180b10787cbf3f1294","name":"Lorena FLores","url":"https:\/\/www.ip.gov.py\/ip\/author\/lflores\/"}]}},"_links":{"self":[{"href":"https:\/\/www.ip.gov.py\/ip\/wp-json\/wp\/v2\/posts\/32960","targetHints":{"allow":["GET"]}}],"collection":[{"href":"https:\/\/www.ip.gov.py\/ip\/wp-json\/wp\/v2\/posts"}],"about":[{"href":"https:\/\/www.ip.gov.py\/ip\/wp-json\/wp\/v2\/types\/post"}],"author":[{"embeddable":true,"href":"https:\/\/www.ip.gov.py\/ip\/wp-json\/wp\/v2\/users\/13"}],"replies":[{"embeddable":true,"href":"https:\/\/www.ip.gov.py\/ip\/wp-json\/wp\/v2\/comments?post=32960"}],"version-history":[{"count":0,"href":"https:\/\/www.ip.gov.py\/ip\/wp-json\/wp\/v2\/posts\/32960\/revisions"}],"wp:featuredmedia":[{"embeddable":true,"href":"https:\/\/www.ip.gov.py\/ip\/wp-json\/wp\/v2\/media\/32966"}],"wp:attachment":[{"href":"https:\/\/www.ip.gov.py\/ip\/wp-json\/wp\/v2\/media?parent=32960"}],"wp:term":[{"taxonomy":"category","embeddable":true,"href":"https:\/\/www.ip.gov.py\/ip\/wp-json\/wp\/v2\/categories?post=32960"},{"taxonomy":"post_tag","embeddable":true,"href":"https:\/\/www.ip.gov.py\/ip\/wp-json\/wp\/v2\/tags?post=32960"}],"curies":[{"name":"wp","href":"https:\/\/api.w.org\/{rel}","templated":true}]}}