{"id":33074,"date":"2015-07-02T09:27:39","date_gmt":"2015-07-02T13:27:39","guid":{"rendered":"http:\/\/desarrollo.ip.gov.py\/ip\/?p=33074"},"modified":"2015-07-02T09:36:39","modified_gmt":"2015-07-02T13:36:39","slug":"festival-de-guitarras-inicia-este-jueves","status":"publish","type":"post","link":"https:\/\/www.ip.gov.py\/ip\/2015\/07\/02\/festival-de-guitarras-inicia-este-jueves\/","title":{"rendered":"Festival de \u00abguitarras latinas\u00bb se inicia este jueves"},"content":{"rendered":"<p style=\"text-align: justify;\"><em><strong>Asunci\u00f3n, IP.-<\/strong> <\/em>Del 2 al 5 de julio se realizar\u00e1 en nuestro pa\u00eds la tercera edici\u00f3n del Festival y Seminario de las \u201cGuitarras Latinas\u201d, con la presencia de artistas de cinco pa\u00edses. Este jueves la actividad inicia con una conferencia sobre el trabajo de construcci\u00f3n artesanal de guitarras a a cargo de la directora de la Escuela de Luther\u00eda y Taller de Guitarras Borja de la ciudad de Luque.<br \/>\n<!--more--><\/p>\n<p style=\"text-align: justify;\">Durante cuatro d\u00edas los asistentes disfrutar\u00e1n de conciertos, clases y conferencias magistrales con guitarristas de Latinoam\u00e9rica y Europa.<\/p>\n<p style=\"text-align: justify;\">Edwin Guevara (Colombia), Alexis M\u00e9ndez (Cuba &#8211; Bolivia), Diego Campagna (Italia), Daniel Olmos y Ramiro Mart\u00ednez (M\u00e9xico), participar\u00e1n en \u201cGuitarras Latinas\u201d, que se realizar\u00e1 nuevamente bajo la direcci\u00f3n de la concertista paraguaya Daiana Ferreira Da Costa.<\/p>\n<p style=\"text-align: justify;\">La actividad cuenta con el apoyo del Centro Cultural de la Rep\u00fablica El Cabildo, la Casa Bicentenario de la M\u00fasica Agust\u00edn Barrios, la Direcci\u00f3n General de Cultura y Turismo de la Municipalidad de Asunci\u00f3n, el Teatro Municipal.<\/p>\n<p style=\"text-align: justify;\">Adem\u00e1s de las Embajadas de M\u00e9xico, Colombia e Italia, la Agencia Mexicana de Cooperaci\u00f3n Internacional para el Desarrollo, Embajada del Estado Plurinacional de Bolivia, Ministerio de Relaciones Exteriores y Tv C\u00e1mara. Fue declarado de inter\u00e9s tur\u00edstico y nacional por la Secretaria Nacional de Turismo (Senatur).<\/p>\n<p style=\"text-align: justify;\">El programa tiene previsto la realizaci\u00f3n de conciertos el s\u00e1bado 4 de julio a las 20:00 y el domingo 5 a las 19:00 en el Teatro Municipal Ignacio A. Pane.<\/p>\n<p style=\"text-align: justify;\">El s\u00e1bado actuar\u00e1n Daiana Ferreira Da Costa &amp; Friends (Rolando Chaparro y su banda), Alexis M\u00e9ndez (Cuba \u2013 Bolivia) y Daniel Olmos (M\u00e9xico).<\/p>\n<p style=\"text-align: justify;\">El domingo estar\u00e1n Edwin Guevara (Colombia), Ramiro Mart\u00ednez (M\u00e9xico) y Diego Campagna (Italia). Las entradas se encuentran a la venta en Red UTS a 25 mil guaran\u00edes.<\/p>\n<p style=\"text-align: justify;\"><strong>Conferencias para todo p\u00fablico<\/strong><\/p>\n<p style=\"text-align: justify;\">El jueves 2 de julio, a partir de las 9:30 se realizar\u00e1 una conferencia sobre el trabajo de construcci\u00f3n artesanal de guitarras a cargo de Luz Borja, directora de la Escuela de Luther\u00eda y Taller de Guitarras Borja, de la ciudad de Luque.<\/p>\n<p style=\"text-align: justify;\">Seguidamente el maestro Edwin Guevara de Colombia, hablar\u00e1 sobre \u201cLa m\u00fasica tradicional latinoamericana y su influencia en el repertorio de la guitarra cl\u00e1sica\u201d. Ambas conferencias ser\u00e1n en la Casa Bicentenario de la M\u00fasica Agust\u00edn Barrios. El acceso ser\u00e1 libre y gratuito.<\/p>\n<p style=\"text-align: justify;\"><strong>Clases magistrales<\/strong><\/p>\n<p style=\"text-align: justify;\">Se realizar\u00e1n dos d\u00edas intensivos de clases magistrales, el jueves 2 y viernes 3 de julio. El jueves ser\u00e1 de 15:00 a 18:00 en la Casa Bicentenario de la M\u00fasica Agust\u00edn Barrios.<\/p>\n<p style=\"text-align: justify;\">El viernes 3 se desarrollar\u00e1 una clase magistral a cargo del Maestro Diego Campagna (Italia), organizada conjuntamente con la Embajada de Italia y la Facultad de Arquitectura, Dise\u00f1o y Arte de la UNA (FADA), a partir de las 9:00 en las instalaciones de la Orquesta Sinf\u00f3nica Nacional, barrio Mcal. Francisco Solano L\u00f3pez, Asunci\u00f3n.<\/p>\n<p style=\"text-align: justify;\">Todas las clases ser\u00e1n gratuitas y abiertas al p\u00fablico en general. En las mismas, los alumnos activos (guitarristas previamente inscriptos) analizar\u00e1n obras, modos de interpretaci\u00f3n, dificultades t\u00e9cnicas de los int\u00e9rpretes y los diferentes estilos de repertorio. Los alumnos oyentes no requerir\u00e1n de inscripciones previas.<\/p>\n<p style=\"text-align: justify;\">Las inscripciones para alumnos activos podr\u00e1n realizarse desde el lunes 8 al lunes 29 de junio enviando su biograf\u00eda musical al e-mail: info@daianaferreiradacosta.com o llamando al 0994 151366.<\/p>\n","protected":false},"excerpt":{"rendered":"<p>Asunci\u00f3n, IP.- Del 2 al 5 de julio se realizar\u00e1 en nuestro pa\u00eds la tercera edici\u00f3n del Festival y Seminario de las \u201cGuitarras Latinas\u201d, con la presencia de artistas de cinco pa\u00edses. Este jueves la actividad inicia con una conferencia sobre el trabajo de construcci\u00f3n artesanal de guitarras a a cargo de la directora de [&hellip;]<\/p>\n","protected":false},"author":13,"featured_media":33075,"comment_status":"closed","ping_status":"closed","sticky":false,"template":"","format":"standard","meta":{"_monsterinsights_skip_tracking":false,"_monsterinsights_sitenote_active":false,"_monsterinsights_sitenote_note":"","_monsterinsights_sitenote_category":0,"footnotes":""},"categories":[7],"tags":[],"class_list":{"0":"post-33074","1":"post","2":"type-post","3":"status-publish","4":"format-standard","5":"has-post-thumbnail","7":"category-cultura"},"yoast_head":"<!-- This site is optimized with the Yoast SEO plugin v27.5 - https:\/\/yoast.com\/product\/yoast-seo-wordpress\/ -->\n<title>Festival de &quot;guitarras latinas&quot; se inicia este jueves - .::Agencia IP::.<\/title>\n<meta name=\"robots\" content=\"index, follow, max-snippet:-1, max-image-preview:large, max-video-preview:-1\" \/>\n<link rel=\"canonical\" href=\"https:\/\/www.ip.gov.py\/ip\/2015\/07\/02\/festival-de-guitarras-inicia-este-jueves\/\" \/>\n<meta property=\"og:locale\" content=\"es_ES\" \/>\n<meta property=\"og:type\" content=\"article\" \/>\n<meta property=\"og:title\" content=\"Festival de &quot;guitarras latinas&quot; se inicia este jueves - .::Agencia IP::.\" \/>\n<meta property=\"og:description\" content=\"Asunci\u00f3n, IP.- Del 2 al 5 de julio se realizar\u00e1 en nuestro pa\u00eds la tercera edici\u00f3n del Festival y Seminario de las \u201cGuitarras Latinas\u201d, con la presencia de artistas de cinco pa\u00edses. Este jueves la actividad inicia con una conferencia sobre el trabajo de construcci\u00f3n artesanal de guitarras a a cargo de la directora de [&hellip;]\" \/>\n<meta property=\"og:url\" content=\"https:\/\/www.ip.gov.py\/ip\/2015\/07\/02\/festival-de-guitarras-inicia-este-jueves\/\" \/>\n<meta property=\"og:site_name\" content=\".::Agencia IP::.\" \/>\n<meta property=\"article:publisher\" content=\"https:\/\/www.facebook.com\/IPParaguay\/\" \/>\n<meta property=\"article:published_time\" content=\"2015-07-02T13:27:39+00:00\" \/>\n<meta property=\"article:modified_time\" content=\"2015-07-02T13:36:39+00:00\" \/>\n<meta property=\"og:image\" content=\"https:\/\/www.ip.gov.py\/ip\/wp-content\/uploads\/2015\/07\/Guitarristas-de-5-pa\u00edses_Cultura.jpg\" \/>\n\t<meta property=\"og:image:width\" content=\"874\" \/>\n\t<meta property=\"og:image:height\" content=\"510\" \/>\n\t<meta property=\"og:image:type\" content=\"image\/jpeg\" \/>\n<meta name=\"author\" content=\"Lorena FLores\" \/>\n<meta name=\"twitter:card\" content=\"summary_large_image\" \/>\n<meta name=\"twitter:creator\" content=\"@IPParaguay\" \/>\n<meta name=\"twitter:site\" content=\"@IPParaguay\" \/>\n<meta name=\"twitter:label1\" content=\"Escrito por\" \/>\n\t<meta name=\"twitter:data1\" content=\"Lorena FLores\" \/>\n\t<meta name=\"twitter:label2\" content=\"Tiempo de lectura\" \/>\n\t<meta name=\"twitter:data2\" content=\"3 minutos\" \/>\n<script type=\"application\/ld+json\" class=\"yoast-schema-graph\">{\"@context\":\"https:\\\/\\\/schema.org\",\"@graph\":[{\"@type\":\"Article\",\"@id\":\"https:\\\/\\\/www.ip.gov.py\\\/ip\\\/2015\\\/07\\\/02\\\/festival-de-guitarras-inicia-este-jueves\\\/#article\",\"isPartOf\":{\"@id\":\"https:\\\/\\\/www.ip.gov.py\\\/ip\\\/2015\\\/07\\\/02\\\/festival-de-guitarras-inicia-este-jueves\\\/\"},\"author\":{\"name\":\"Lorena FLores\",\"@id\":\"https:\\\/\\\/www.ip.gov.py\\\/ip\\\/#\\\/schema\\\/person\\\/b6c3764e56c4e0180b10787cbf3f1294\"},\"headline\":\"Festival de \u00abguitarras latinas\u00bb se inicia este jueves\",\"datePublished\":\"2015-07-02T13:27:39+00:00\",\"dateModified\":\"2015-07-02T13:36:39+00:00\",\"mainEntityOfPage\":{\"@id\":\"https:\\\/\\\/www.ip.gov.py\\\/ip\\\/2015\\\/07\\\/02\\\/festival-de-guitarras-inicia-este-jueves\\\/\"},\"wordCount\":583,\"publisher\":{\"@id\":\"https:\\\/\\\/www.ip.gov.py\\\/ip\\\/#organization\"},\"image\":{\"@id\":\"https:\\\/\\\/www.ip.gov.py\\\/ip\\\/2015\\\/07\\\/02\\\/festival-de-guitarras-inicia-este-jueves\\\/#primaryimage\"},\"thumbnailUrl\":\"https:\\\/\\\/www.ip.gov.py\\\/ip\\\/wp-content\\\/uploads\\\/2015\\\/07\\\/Guitarristas-de-5-pa\u00edses_Cultura.jpg\",\"articleSection\":[\"Cultura\"],\"inLanguage\":\"es\"},{\"@type\":\"WebPage\",\"@id\":\"https:\\\/\\\/www.ip.gov.py\\\/ip\\\/2015\\\/07\\\/02\\\/festival-de-guitarras-inicia-este-jueves\\\/\",\"url\":\"https:\\\/\\\/www.ip.gov.py\\\/ip\\\/2015\\\/07\\\/02\\\/festival-de-guitarras-inicia-este-jueves\\\/\",\"name\":\"Festival de \\\"guitarras latinas\\\" se inicia este jueves - .::Agencia IP::.\",\"isPartOf\":{\"@id\":\"https:\\\/\\\/www.ip.gov.py\\\/ip\\\/#website\"},\"primaryImageOfPage\":{\"@id\":\"https:\\\/\\\/www.ip.gov.py\\\/ip\\\/2015\\\/07\\\/02\\\/festival-de-guitarras-inicia-este-jueves\\\/#primaryimage\"},\"image\":{\"@id\":\"https:\\\/\\\/www.ip.gov.py\\\/ip\\\/2015\\\/07\\\/02\\\/festival-de-guitarras-inicia-este-jueves\\\/#primaryimage\"},\"thumbnailUrl\":\"https:\\\/\\\/www.ip.gov.py\\\/ip\\\/wp-content\\\/uploads\\\/2015\\\/07\\\/Guitarristas-de-5-pa\u00edses_Cultura.jpg\",\"datePublished\":\"2015-07-02T13:27:39+00:00\",\"dateModified\":\"2015-07-02T13:36:39+00:00\",\"breadcrumb\":{\"@id\":\"https:\\\/\\\/www.ip.gov.py\\\/ip\\\/2015\\\/07\\\/02\\\/festival-de-guitarras-inicia-este-jueves\\\/#breadcrumb\"},\"inLanguage\":\"es\",\"potentialAction\":[{\"@type\":\"ReadAction\",\"target\":[\"https:\\\/\\\/www.ip.gov.py\\\/ip\\\/2015\\\/07\\\/02\\\/festival-de-guitarras-inicia-este-jueves\\\/\"]}]},{\"@type\":\"ImageObject\",\"inLanguage\":\"es\",\"@id\":\"https:\\\/\\\/www.ip.gov.py\\\/ip\\\/2015\\\/07\\\/02\\\/festival-de-guitarras-inicia-este-jueves\\\/#primaryimage\",\"url\":\"https:\\\/\\\/www.ip.gov.py\\\/ip\\\/wp-content\\\/uploads\\\/2015\\\/07\\\/Guitarristas-de-5-pa\u00edses_Cultura.jpg\",\"contentUrl\":\"https:\\\/\\\/www.ip.gov.py\\\/ip\\\/wp-content\\\/uploads\\\/2015\\\/07\\\/Guitarristas-de-5-pa\u00edses_Cultura.jpg\",\"width\":874,\"height\":510},{\"@type\":\"BreadcrumbList\",\"@id\":\"https:\\\/\\\/www.ip.gov.py\\\/ip\\\/2015\\\/07\\\/02\\\/festival-de-guitarras-inicia-este-jueves\\\/#breadcrumb\",\"itemListElement\":[{\"@type\":\"ListItem\",\"position\":1,\"name\":\"Portada\",\"item\":\"https:\\\/\\\/www.ip.gov.py\\\/ip\\\/\"},{\"@type\":\"ListItem\",\"position\":2,\"name\":\"Festival de \u00abguitarras latinas\u00bb se inicia este jueves\"}]},{\"@type\":\"WebSite\",\"@id\":\"https:\\\/\\\/www.ip.gov.py\\\/ip\\\/#website\",\"url\":\"https:\\\/\\\/www.ip.gov.py\\\/ip\\\/\",\"name\":\".::Agencia IP::.\",\"description\":\"\",\"publisher\":{\"@id\":\"https:\\\/\\\/www.ip.gov.py\\\/ip\\\/#organization\"},\"potentialAction\":[{\"@type\":\"SearchAction\",\"target\":{\"@type\":\"EntryPoint\",\"urlTemplate\":\"https:\\\/\\\/www.ip.gov.py\\\/ip\\\/?s={search_term_string}\"},\"query-input\":{\"@type\":\"PropertyValueSpecification\",\"valueRequired\":true,\"valueName\":\"search_term_string\"}}],\"inLanguage\":\"es\"},{\"@type\":\"Organization\",\"@id\":\"https:\\\/\\\/www.ip.gov.py\\\/ip\\\/#organization\",\"name\":\"Agencia IP\",\"url\":\"https:\\\/\\\/www.ip.gov.py\\\/ip\\\/\",\"logo\":{\"@type\":\"ImageObject\",\"inLanguage\":\"es\",\"@id\":\"https:\\\/\\\/www.ip.gov.py\\\/ip\\\/#\\\/schema\\\/logo\\\/image\\\/\",\"url\":\"https:\\\/\\\/www.ip.gov.py\\\/ip\\\/wp-content\\\/uploads\\\/2018\\\/01\\\/Agencia-IP.jpg\",\"contentUrl\":\"https:\\\/\\\/www.ip.gov.py\\\/ip\\\/wp-content\\\/uploads\\\/2018\\\/01\\\/Agencia-IP.jpg\",\"width\":150,\"height\":150,\"caption\":\"Agencia IP\"},\"image\":{\"@id\":\"https:\\\/\\\/www.ip.gov.py\\\/ip\\\/#\\\/schema\\\/logo\\\/image\\\/\"},\"sameAs\":[\"https:\\\/\\\/www.facebook.com\\\/IPParaguay\\\/\",\"https:\\\/\\\/x.com\\\/IPParaguay\",\"https:\\\/\\\/www.instagram.com\\\/IPParaguay\"]},{\"@type\":\"Person\",\"@id\":\"https:\\\/\\\/www.ip.gov.py\\\/ip\\\/#\\\/schema\\\/person\\\/b6c3764e56c4e0180b10787cbf3f1294\",\"name\":\"Lorena FLores\",\"url\":\"https:\\\/\\\/www.ip.gov.py\\\/ip\\\/author\\\/lflores\\\/\"}]}<\/script>\n<!-- \/ Yoast SEO plugin. -->","yoast_head_json":{"title":"Festival de \"guitarras latinas\" se inicia este jueves - .::Agencia IP::.","robots":{"index":"index","follow":"follow","max-snippet":"max-snippet:-1","max-image-preview":"max-image-preview:large","max-video-preview":"max-video-preview:-1"},"canonical":"https:\/\/www.ip.gov.py\/ip\/2015\/07\/02\/festival-de-guitarras-inicia-este-jueves\/","og_locale":"es_ES","og_type":"article","og_title":"Festival de \"guitarras latinas\" se inicia este jueves - .::Agencia IP::.","og_description":"Asunci\u00f3n, IP.- Del 2 al 5 de julio se realizar\u00e1 en nuestro pa\u00eds la tercera edici\u00f3n del Festival y Seminario de las \u201cGuitarras Latinas\u201d, con la presencia de artistas de cinco pa\u00edses. Este jueves la actividad inicia con una conferencia sobre el trabajo de construcci\u00f3n artesanal de guitarras a a cargo de la directora de [&hellip;]","og_url":"https:\/\/www.ip.gov.py\/ip\/2015\/07\/02\/festival-de-guitarras-inicia-este-jueves\/","og_site_name":".::Agencia IP::.","article_publisher":"https:\/\/www.facebook.com\/IPParaguay\/","article_published_time":"2015-07-02T13:27:39+00:00","article_modified_time":"2015-07-02T13:36:39+00:00","og_image":[{"width":874,"height":510,"url":"https:\/\/www.ip.gov.py\/ip\/wp-content\/uploads\/2015\/07\/Guitarristas-de-5-pa\u00edses_Cultura.jpg","type":"image\/jpeg"}],"author":"Lorena FLores","twitter_card":"summary_large_image","twitter_creator":"@IPParaguay","twitter_site":"@IPParaguay","twitter_misc":{"Escrito por":"Lorena FLores","Tiempo de lectura":"3 minutos"},"schema":{"@context":"https:\/\/schema.org","@graph":[{"@type":"Article","@id":"https:\/\/www.ip.gov.py\/ip\/2015\/07\/02\/festival-de-guitarras-inicia-este-jueves\/#article","isPartOf":{"@id":"https:\/\/www.ip.gov.py\/ip\/2015\/07\/02\/festival-de-guitarras-inicia-este-jueves\/"},"author":{"name":"Lorena FLores","@id":"https:\/\/www.ip.gov.py\/ip\/#\/schema\/person\/b6c3764e56c4e0180b10787cbf3f1294"},"headline":"Festival de \u00abguitarras latinas\u00bb se inicia este jueves","datePublished":"2015-07-02T13:27:39+00:00","dateModified":"2015-07-02T13:36:39+00:00","mainEntityOfPage":{"@id":"https:\/\/www.ip.gov.py\/ip\/2015\/07\/02\/festival-de-guitarras-inicia-este-jueves\/"},"wordCount":583,"publisher":{"@id":"https:\/\/www.ip.gov.py\/ip\/#organization"},"image":{"@id":"https:\/\/www.ip.gov.py\/ip\/2015\/07\/02\/festival-de-guitarras-inicia-este-jueves\/#primaryimage"},"thumbnailUrl":"https:\/\/www.ip.gov.py\/ip\/wp-content\/uploads\/2015\/07\/Guitarristas-de-5-pa\u00edses_Cultura.jpg","articleSection":["Cultura"],"inLanguage":"es"},{"@type":"WebPage","@id":"https:\/\/www.ip.gov.py\/ip\/2015\/07\/02\/festival-de-guitarras-inicia-este-jueves\/","url":"https:\/\/www.ip.gov.py\/ip\/2015\/07\/02\/festival-de-guitarras-inicia-este-jueves\/","name":"Festival de \"guitarras latinas\" se inicia este jueves - .::Agencia IP::.","isPartOf":{"@id":"https:\/\/www.ip.gov.py\/ip\/#website"},"primaryImageOfPage":{"@id":"https:\/\/www.ip.gov.py\/ip\/2015\/07\/02\/festival-de-guitarras-inicia-este-jueves\/#primaryimage"},"image":{"@id":"https:\/\/www.ip.gov.py\/ip\/2015\/07\/02\/festival-de-guitarras-inicia-este-jueves\/#primaryimage"},"thumbnailUrl":"https:\/\/www.ip.gov.py\/ip\/wp-content\/uploads\/2015\/07\/Guitarristas-de-5-pa\u00edses_Cultura.jpg","datePublished":"2015-07-02T13:27:39+00:00","dateModified":"2015-07-02T13:36:39+00:00","breadcrumb":{"@id":"https:\/\/www.ip.gov.py\/ip\/2015\/07\/02\/festival-de-guitarras-inicia-este-jueves\/#breadcrumb"},"inLanguage":"es","potentialAction":[{"@type":"ReadAction","target":["https:\/\/www.ip.gov.py\/ip\/2015\/07\/02\/festival-de-guitarras-inicia-este-jueves\/"]}]},{"@type":"ImageObject","inLanguage":"es","@id":"https:\/\/www.ip.gov.py\/ip\/2015\/07\/02\/festival-de-guitarras-inicia-este-jueves\/#primaryimage","url":"https:\/\/www.ip.gov.py\/ip\/wp-content\/uploads\/2015\/07\/Guitarristas-de-5-pa\u00edses_Cultura.jpg","contentUrl":"https:\/\/www.ip.gov.py\/ip\/wp-content\/uploads\/2015\/07\/Guitarristas-de-5-pa\u00edses_Cultura.jpg","width":874,"height":510},{"@type":"BreadcrumbList","@id":"https:\/\/www.ip.gov.py\/ip\/2015\/07\/02\/festival-de-guitarras-inicia-este-jueves\/#breadcrumb","itemListElement":[{"@type":"ListItem","position":1,"name":"Portada","item":"https:\/\/www.ip.gov.py\/ip\/"},{"@type":"ListItem","position":2,"name":"Festival de \u00abguitarras latinas\u00bb se inicia este jueves"}]},{"@type":"WebSite","@id":"https:\/\/www.ip.gov.py\/ip\/#website","url":"https:\/\/www.ip.gov.py\/ip\/","name":".::Agencia IP::.","description":"","publisher":{"@id":"https:\/\/www.ip.gov.py\/ip\/#organization"},"potentialAction":[{"@type":"SearchAction","target":{"@type":"EntryPoint","urlTemplate":"https:\/\/www.ip.gov.py\/ip\/?s={search_term_string}"},"query-input":{"@type":"PropertyValueSpecification","valueRequired":true,"valueName":"search_term_string"}}],"inLanguage":"es"},{"@type":"Organization","@id":"https:\/\/www.ip.gov.py\/ip\/#organization","name":"Agencia IP","url":"https:\/\/www.ip.gov.py\/ip\/","logo":{"@type":"ImageObject","inLanguage":"es","@id":"https:\/\/www.ip.gov.py\/ip\/#\/schema\/logo\/image\/","url":"https:\/\/www.ip.gov.py\/ip\/wp-content\/uploads\/2018\/01\/Agencia-IP.jpg","contentUrl":"https:\/\/www.ip.gov.py\/ip\/wp-content\/uploads\/2018\/01\/Agencia-IP.jpg","width":150,"height":150,"caption":"Agencia IP"},"image":{"@id":"https:\/\/www.ip.gov.py\/ip\/#\/schema\/logo\/image\/"},"sameAs":["https:\/\/www.facebook.com\/IPParaguay\/","https:\/\/x.com\/IPParaguay","https:\/\/www.instagram.com\/IPParaguay"]},{"@type":"Person","@id":"https:\/\/www.ip.gov.py\/ip\/#\/schema\/person\/b6c3764e56c4e0180b10787cbf3f1294","name":"Lorena FLores","url":"https:\/\/www.ip.gov.py\/ip\/author\/lflores\/"}]}},"_links":{"self":[{"href":"https:\/\/www.ip.gov.py\/ip\/wp-json\/wp\/v2\/posts\/33074","targetHints":{"allow":["GET"]}}],"collection":[{"href":"https:\/\/www.ip.gov.py\/ip\/wp-json\/wp\/v2\/posts"}],"about":[{"href":"https:\/\/www.ip.gov.py\/ip\/wp-json\/wp\/v2\/types\/post"}],"author":[{"embeddable":true,"href":"https:\/\/www.ip.gov.py\/ip\/wp-json\/wp\/v2\/users\/13"}],"replies":[{"embeddable":true,"href":"https:\/\/www.ip.gov.py\/ip\/wp-json\/wp\/v2\/comments?post=33074"}],"version-history":[{"count":0,"href":"https:\/\/www.ip.gov.py\/ip\/wp-json\/wp\/v2\/posts\/33074\/revisions"}],"wp:featuredmedia":[{"embeddable":true,"href":"https:\/\/www.ip.gov.py\/ip\/wp-json\/wp\/v2\/media\/33075"}],"wp:attachment":[{"href":"https:\/\/www.ip.gov.py\/ip\/wp-json\/wp\/v2\/media?parent=33074"}],"wp:term":[{"taxonomy":"category","embeddable":true,"href":"https:\/\/www.ip.gov.py\/ip\/wp-json\/wp\/v2\/categories?post=33074"},{"taxonomy":"post_tag","embeddable":true,"href":"https:\/\/www.ip.gov.py\/ip\/wp-json\/wp\/v2\/tags?post=33074"}],"curies":[{"name":"wp","href":"https:\/\/api.w.org\/{rel}","templated":true}]}}