{"id":333882,"date":"2020-09-15T12:18:12","date_gmt":"2020-09-15T16:18:12","guid":{"rendered":"https:\/\/www.ip.gov.py\/ip\/?p=333882"},"modified":"2020-09-15T12:20:21","modified_gmt":"2020-09-15T16:20:21","slug":"parque-lineal-de-cde-y-costanera-de-hernandarias-reabriran-sus-puertas-con-medidas-de-seguridad","status":"publish","type":"post","link":"https:\/\/www.ip.gov.py\/ip\/2020\/09\/15\/parque-lineal-de-cde-y-costanera-de-hernandarias-reabriran-sus-puertas-con-medidas-de-seguridad\/","title":{"rendered":"Parque Lineal de CDE y Costanera de Hernandarias reabrir\u00e1n sus puertas con medidas de seguridad"},"content":{"rendered":"<p style=\"text-align: justify;\"><em><strong>Asunci\u00f3n, Agencia IP.-<\/strong> <\/em>El Parque Lineal Manuel Ortiz Guerrero de Ciudad del Este (CDE) y la Costanera de Hernandarias abrir\u00e1n nuevamente sus puertas al p\u00fablico en los pr\u00f3ximos d\u00edas, con la implementaci\u00f3n de las medidas sanitarias dispuestas por el Ministerio de Salud P\u00fablica, de forma a mitigar posibles contagios del covid-19.<!--more--><\/p>\n<p style=\"text-align: justify;\">La Asesor\u00eda de Turismo de Itaipu se encuentra ultimando los detalles para la habilitaci\u00f3n de ambos sitios de esparcimiento que est\u00e1n bajo el cuidado de la Entidad.<\/p>\n<p style=\"text-align: justify;\">Conforme a lo se\u00f1alado, el asesor de Turismo de la margen paraguaya, Rogelio Sallaberry refiri\u00f3 que el parque y la costanera estar\u00e1n abiertos todos los d\u00edas, incluso feriados, de 08:00 a 19:00.<\/p>\n<p style=\"text-align: justify;\">Para el acceso se deber\u00e1 presentar c\u00e9dula de identidad y el uso de mascarillas es imprescindible. Adem\u00e1s, las personas solo podr\u00e1n permanecer una hora en ambos lugares y no est\u00e1 permitido el uso de bancos, bebederos y de \u00e1reas comunitarias, explic\u00f3 Sallaberry.<\/p>\n<p style=\"text-align: justify;\">A\u00f1adi\u00f3 que tampoco est\u00e1 permitido el ingreso de bicicletas; pues, ambas pistas se utilizar\u00e1n para caminata y el sentido de circulaci\u00f3n ser\u00e1 \u00fanico. Podr\u00e1n estar dentro de los espacios hasta 300 visitantes por hora. Por consiguiente, al llenarse el cupo, los dem\u00e1s interesados deber\u00e1n aguardar para ingresar. Se pide a los concurrentes que respeten el distanciamiento social de dos metros, en todo momento.<\/p>\n<figure id=\"attachment_333886\" aria-describedby=\"caption-attachment-333886\" style=\"width: 336px\" class=\"wp-caption alignright\"><img loading=\"lazy\" decoding=\"async\" class=\" wp-image-333886\" src=\"https:\/\/www.ip.gov.py\/ip\/wp-content\/uploads\/2020\/09\/Parque-Lineal-CDE-600x391.jpg\" alt=\"\" width=\"336\" height=\"219\" srcset=\"https:\/\/www.ip.gov.py\/ip\/wp-content\/uploads\/2020\/09\/Parque-Lineal-CDE-600x391.jpg 600w, https:\/\/www.ip.gov.py\/ip\/wp-content\/uploads\/2020\/09\/Parque-Lineal-CDE-1024x667.jpg 1024w, https:\/\/www.ip.gov.py\/ip\/wp-content\/uploads\/2020\/09\/Parque-Lineal-CDE-768x500.jpg 768w, https:\/\/www.ip.gov.py\/ip\/wp-content\/uploads\/2020\/09\/Parque-Lineal-CDE-696x453.jpg 696w, https:\/\/www.ip.gov.py\/ip\/wp-content\/uploads\/2020\/09\/Parque-Lineal-CDE-1068x696.jpg 1068w, https:\/\/www.ip.gov.py\/ip\/wp-content\/uploads\/2020\/09\/Parque-Lineal-CDE-645x420.jpg 645w, https:\/\/www.ip.gov.py\/ip\/wp-content\/uploads\/2020\/09\/Parque-Lineal-CDE-741x486.jpg 741w, https:\/\/www.ip.gov.py\/ip\/wp-content\/uploads\/2020\/09\/Parque-Lineal-CDE.jpg 1280w\" sizes=\"auto, (max-width: 336px) 100vw, 336px\" \/><figcaption id=\"caption-attachment-333886\" class=\"wp-caption-text\">Foto: Itaipu<\/figcaption><\/figure>\n<p style=\"text-align: justify;\">El Parque Lineal fue inaugurado en octubre del a\u00f1o pasado y se constituy\u00f3 en un nuevo atractivo del Complejo Tur\u00edstico Itaipu. La construcci\u00f3n y equipamiento del predio represent\u00f3 una inversi\u00f3n de 16.363 millones de guaran\u00edes (2,5 millones de d\u00f3lares), en el marco de la pol\u00edtica de responsabilidad social y medioambiental de la Binacional.<\/p>\n<p style=\"text-align: justify;\">El parque cuenta con 650 metros de senderos tipo paver, 1.300 metros de senderos peatonales de hormig\u00f3n y 540 metros de senderos de tierra para un recorrido en contacto con la vegetaci\u00f3n y el curso h\u00eddrico que atraviesa el lugar. En la construcci\u00f3n se utilizaron materiales sustentables.<\/p>\n<p style=\"text-align: justify;\">La Costanera Hernandarias representa todo un \u00edcono en el desarrollo tur\u00edstico de Alto Paran\u00e1. El tan anhelado espacio recreativo, a orillas del lago Itaipu, se hizo posible a finales del a\u00f1o 2014. El lugar comprende canchas, \u00e1rea de descanso, ba\u00f1os sexados, camineros, parques infantiles y bicisendas.<\/p>\n<p style=\"text-align: justify;\">Este peculiar punto de encuentro, cuenta adem\u00e1s con la playa que aglutina a miles de visitantes en \u00e9poca de verano. El sitio tambi\u00e9n es utilizado para la realizaci\u00f3n de actividades culturales durante el a\u00f1o, donde se congregan compatriotas y extranjeros.<\/p>\n","protected":false},"excerpt":{"rendered":"<p>Asunci\u00f3n, Agencia IP.- El Parque Lineal Manuel Ortiz Guerrero de Ciudad del Este (CDE) y la Costanera de Hernandarias abrir\u00e1n nuevamente sus puertas al p\u00fablico en los pr\u00f3ximos d\u00edas, con la implementaci\u00f3n de las medidas sanitarias dispuestas por el Ministerio de Salud P\u00fablica, de forma a mitigar posibles contagios del covid-19.<\/p>\n","protected":false},"author":23,"featured_media":333884,"comment_status":"closed","ping_status":"closed","sticky":false,"template":"","format":"standard","meta":{"_monsterinsights_skip_tracking":false,"_monsterinsights_sitenote_active":false,"_monsterinsights_sitenote_note":"","_monsterinsights_sitenote_category":0,"footnotes":""},"categories":[4],"tags":[],"class_list":{"0":"post-333882","1":"post","2":"type-post","3":"status-publish","4":"format-standard","5":"has-post-thumbnail","7":"category-nacionales"},"yoast_head":"<!-- This site is optimized with the Yoast SEO plugin v27.4 - https:\/\/yoast.com\/product\/yoast-seo-wordpress\/ -->\n<title>Parque Lineal de CDE y Costanera de Hernandarias reabrir\u00e1n sus puertas con medidas de seguridad - .::Agencia IP::.<\/title>\n<meta name=\"robots\" content=\"index, follow, max-snippet:-1, max-image-preview:large, max-video-preview:-1\" \/>\n<link rel=\"canonical\" href=\"https:\/\/www.ip.gov.py\/ip\/2020\/09\/15\/parque-lineal-de-cde-y-costanera-de-hernandarias-reabriran-sus-puertas-con-medidas-de-seguridad\/\" \/>\n<meta property=\"og:locale\" content=\"es_ES\" \/>\n<meta property=\"og:type\" content=\"article\" \/>\n<meta property=\"og:title\" content=\"Parque Lineal de CDE y Costanera de Hernandarias reabrir\u00e1n sus puertas con medidas de seguridad - .::Agencia IP::.\" \/>\n<meta property=\"og:description\" content=\"Asunci\u00f3n, Agencia IP.- El Parque Lineal Manuel Ortiz Guerrero de Ciudad del Este (CDE) y la Costanera de Hernandarias abrir\u00e1n nuevamente sus puertas al p\u00fablico en los pr\u00f3ximos d\u00edas, con la implementaci\u00f3n de las medidas sanitarias dispuestas por el Ministerio de Salud P\u00fablica, de forma a mitigar posibles contagios del covid-19.\" \/>\n<meta property=\"og:url\" content=\"https:\/\/www.ip.gov.py\/ip\/2020\/09\/15\/parque-lineal-de-cde-y-costanera-de-hernandarias-reabriran-sus-puertas-con-medidas-de-seguridad\/\" \/>\n<meta property=\"og:site_name\" content=\".::Agencia IP::.\" \/>\n<meta property=\"article:publisher\" content=\"https:\/\/www.facebook.com\/IPParaguay\/\" \/>\n<meta property=\"article:published_time\" content=\"2020-09-15T16:18:12+00:00\" \/>\n<meta property=\"article:modified_time\" content=\"2020-09-15T16:20:21+00:00\" \/>\n<meta property=\"og:image\" content=\"https:\/\/www.ip.gov.py\/ip\/wp-content\/uploads\/2020\/09\/Parque-Lineal.jpg\" \/>\n\t<meta property=\"og:image:width\" content=\"1280\" \/>\n\t<meta property=\"og:image:height\" content=\"853\" \/>\n\t<meta property=\"og:image:type\" content=\"image\/jpeg\" \/>\n<meta name=\"author\" content=\"Noelia Ferreira\" \/>\n<meta name=\"twitter:card\" content=\"summary_large_image\" \/>\n<meta name=\"twitter:creator\" content=\"@IPParaguay\" \/>\n<meta name=\"twitter:site\" content=\"@IPParaguay\" \/>\n<meta name=\"twitter:label1\" content=\"Escrito por\" \/>\n\t<meta name=\"twitter:data1\" content=\"Noelia Ferreira\" \/>\n\t<meta name=\"twitter:label2\" content=\"Tiempo de lectura\" \/>\n\t<meta name=\"twitter:data2\" content=\"2 minutos\" \/>\n<script type=\"application\/ld+json\" class=\"yoast-schema-graph\">{\"@context\":\"https:\\\/\\\/schema.org\",\"@graph\":[{\"@type\":\"Article\",\"@id\":\"https:\\\/\\\/www.ip.gov.py\\\/ip\\\/2020\\\/09\\\/15\\\/parque-lineal-de-cde-y-costanera-de-hernandarias-reabriran-sus-puertas-con-medidas-de-seguridad\\\/#article\",\"isPartOf\":{\"@id\":\"https:\\\/\\\/www.ip.gov.py\\\/ip\\\/2020\\\/09\\\/15\\\/parque-lineal-de-cde-y-costanera-de-hernandarias-reabriran-sus-puertas-con-medidas-de-seguridad\\\/\"},\"author\":{\"name\":\"Noelia Ferreira\",\"@id\":\"https:\\\/\\\/www.ip.gov.py\\\/ip\\\/#\\\/schema\\\/person\\\/791af27a9219bdbf9064abb776bb41c2\"},\"headline\":\"Parque Lineal de CDE y Costanera de Hernandarias reabrir\u00e1n sus puertas con medidas de seguridad\",\"datePublished\":\"2020-09-15T16:18:12+00:00\",\"dateModified\":\"2020-09-15T16:20:21+00:00\",\"mainEntityOfPage\":{\"@id\":\"https:\\\/\\\/www.ip.gov.py\\\/ip\\\/2020\\\/09\\\/15\\\/parque-lineal-de-cde-y-costanera-de-hernandarias-reabriran-sus-puertas-con-medidas-de-seguridad\\\/\"},\"wordCount\":458,\"publisher\":{\"@id\":\"https:\\\/\\\/www.ip.gov.py\\\/ip\\\/#organization\"},\"image\":{\"@id\":\"https:\\\/\\\/www.ip.gov.py\\\/ip\\\/2020\\\/09\\\/15\\\/parque-lineal-de-cde-y-costanera-de-hernandarias-reabriran-sus-puertas-con-medidas-de-seguridad\\\/#primaryimage\"},\"thumbnailUrl\":\"https:\\\/\\\/www.ip.gov.py\\\/ip\\\/wp-content\\\/uploads\\\/2020\\\/09\\\/Parque-Lineal.jpg\",\"articleSection\":[\"Nacionales\"],\"inLanguage\":\"es\"},{\"@type\":\"WebPage\",\"@id\":\"https:\\\/\\\/www.ip.gov.py\\\/ip\\\/2020\\\/09\\\/15\\\/parque-lineal-de-cde-y-costanera-de-hernandarias-reabriran-sus-puertas-con-medidas-de-seguridad\\\/\",\"url\":\"https:\\\/\\\/www.ip.gov.py\\\/ip\\\/2020\\\/09\\\/15\\\/parque-lineal-de-cde-y-costanera-de-hernandarias-reabriran-sus-puertas-con-medidas-de-seguridad\\\/\",\"name\":\"Parque Lineal de CDE y Costanera de Hernandarias reabrir\u00e1n sus puertas con medidas de seguridad - .::Agencia IP::.\",\"isPartOf\":{\"@id\":\"https:\\\/\\\/www.ip.gov.py\\\/ip\\\/#website\"},\"primaryImageOfPage\":{\"@id\":\"https:\\\/\\\/www.ip.gov.py\\\/ip\\\/2020\\\/09\\\/15\\\/parque-lineal-de-cde-y-costanera-de-hernandarias-reabriran-sus-puertas-con-medidas-de-seguridad\\\/#primaryimage\"},\"image\":{\"@id\":\"https:\\\/\\\/www.ip.gov.py\\\/ip\\\/2020\\\/09\\\/15\\\/parque-lineal-de-cde-y-costanera-de-hernandarias-reabriran-sus-puertas-con-medidas-de-seguridad\\\/#primaryimage\"},\"thumbnailUrl\":\"https:\\\/\\\/www.ip.gov.py\\\/ip\\\/wp-content\\\/uploads\\\/2020\\\/09\\\/Parque-Lineal.jpg\",\"datePublished\":\"2020-09-15T16:18:12+00:00\",\"dateModified\":\"2020-09-15T16:20:21+00:00\",\"breadcrumb\":{\"@id\":\"https:\\\/\\\/www.ip.gov.py\\\/ip\\\/2020\\\/09\\\/15\\\/parque-lineal-de-cde-y-costanera-de-hernandarias-reabriran-sus-puertas-con-medidas-de-seguridad\\\/#breadcrumb\"},\"inLanguage\":\"es\",\"potentialAction\":[{\"@type\":\"ReadAction\",\"target\":[\"https:\\\/\\\/www.ip.gov.py\\\/ip\\\/2020\\\/09\\\/15\\\/parque-lineal-de-cde-y-costanera-de-hernandarias-reabriran-sus-puertas-con-medidas-de-seguridad\\\/\"]}]},{\"@type\":\"ImageObject\",\"inLanguage\":\"es\",\"@id\":\"https:\\\/\\\/www.ip.gov.py\\\/ip\\\/2020\\\/09\\\/15\\\/parque-lineal-de-cde-y-costanera-de-hernandarias-reabriran-sus-puertas-con-medidas-de-seguridad\\\/#primaryimage\",\"url\":\"https:\\\/\\\/www.ip.gov.py\\\/ip\\\/wp-content\\\/uploads\\\/2020\\\/09\\\/Parque-Lineal.jpg\",\"contentUrl\":\"https:\\\/\\\/www.ip.gov.py\\\/ip\\\/wp-content\\\/uploads\\\/2020\\\/09\\\/Parque-Lineal.jpg\",\"width\":1280,\"height\":853,\"caption\":\"Foto: Itaipu\"},{\"@type\":\"BreadcrumbList\",\"@id\":\"https:\\\/\\\/www.ip.gov.py\\\/ip\\\/2020\\\/09\\\/15\\\/parque-lineal-de-cde-y-costanera-de-hernandarias-reabriran-sus-puertas-con-medidas-de-seguridad\\\/#breadcrumb\",\"itemListElement\":[{\"@type\":\"ListItem\",\"position\":1,\"name\":\"Portada\",\"item\":\"https:\\\/\\\/www.ip.gov.py\\\/ip\\\/\"},{\"@type\":\"ListItem\",\"position\":2,\"name\":\"Parque Lineal de CDE y Costanera de Hernandarias reabrir\u00e1n sus puertas con medidas de seguridad\"}]},{\"@type\":\"WebSite\",\"@id\":\"https:\\\/\\\/www.ip.gov.py\\\/ip\\\/#website\",\"url\":\"https:\\\/\\\/www.ip.gov.py\\\/ip\\\/\",\"name\":\".::Agencia IP::.\",\"description\":\"\",\"publisher\":{\"@id\":\"https:\\\/\\\/www.ip.gov.py\\\/ip\\\/#organization\"},\"potentialAction\":[{\"@type\":\"SearchAction\",\"target\":{\"@type\":\"EntryPoint\",\"urlTemplate\":\"https:\\\/\\\/www.ip.gov.py\\\/ip\\\/?s={search_term_string}\"},\"query-input\":{\"@type\":\"PropertyValueSpecification\",\"valueRequired\":true,\"valueName\":\"search_term_string\"}}],\"inLanguage\":\"es\"},{\"@type\":\"Organization\",\"@id\":\"https:\\\/\\\/www.ip.gov.py\\\/ip\\\/#organization\",\"name\":\"Agencia IP\",\"url\":\"https:\\\/\\\/www.ip.gov.py\\\/ip\\\/\",\"logo\":{\"@type\":\"ImageObject\",\"inLanguage\":\"es\",\"@id\":\"https:\\\/\\\/www.ip.gov.py\\\/ip\\\/#\\\/schema\\\/logo\\\/image\\\/\",\"url\":\"https:\\\/\\\/www.ip.gov.py\\\/ip\\\/wp-content\\\/uploads\\\/2018\\\/01\\\/Agencia-IP.jpg\",\"contentUrl\":\"https:\\\/\\\/www.ip.gov.py\\\/ip\\\/wp-content\\\/uploads\\\/2018\\\/01\\\/Agencia-IP.jpg\",\"width\":150,\"height\":150,\"caption\":\"Agencia IP\"},\"image\":{\"@id\":\"https:\\\/\\\/www.ip.gov.py\\\/ip\\\/#\\\/schema\\\/logo\\\/image\\\/\"},\"sameAs\":[\"https:\\\/\\\/www.facebook.com\\\/IPParaguay\\\/\",\"https:\\\/\\\/x.com\\\/IPParaguay\",\"https:\\\/\\\/www.instagram.com\\\/IPParaguay\"]},{\"@type\":\"Person\",\"@id\":\"https:\\\/\\\/www.ip.gov.py\\\/ip\\\/#\\\/schema\\\/person\\\/791af27a9219bdbf9064abb776bb41c2\",\"name\":\"Noelia Ferreira\",\"sameAs\":[\"http:\\\/\\\/www.ip.gov.py\"],\"url\":\"https:\\\/\\\/www.ip.gov.py\\\/ip\\\/author\\\/nferreira\\\/\"}]}<\/script>\n<!-- \/ Yoast SEO plugin. -->","yoast_head_json":{"title":"Parque Lineal de CDE y Costanera de Hernandarias reabrir\u00e1n sus puertas con medidas de seguridad - .::Agencia IP::.","robots":{"index":"index","follow":"follow","max-snippet":"max-snippet:-1","max-image-preview":"max-image-preview:large","max-video-preview":"max-video-preview:-1"},"canonical":"https:\/\/www.ip.gov.py\/ip\/2020\/09\/15\/parque-lineal-de-cde-y-costanera-de-hernandarias-reabriran-sus-puertas-con-medidas-de-seguridad\/","og_locale":"es_ES","og_type":"article","og_title":"Parque Lineal de CDE y Costanera de Hernandarias reabrir\u00e1n sus puertas con medidas de seguridad - .::Agencia IP::.","og_description":"Asunci\u00f3n, Agencia IP.- El Parque Lineal Manuel Ortiz Guerrero de Ciudad del Este (CDE) y la Costanera de Hernandarias abrir\u00e1n nuevamente sus puertas al p\u00fablico en los pr\u00f3ximos d\u00edas, con la implementaci\u00f3n de las medidas sanitarias dispuestas por el Ministerio de Salud P\u00fablica, de forma a mitigar posibles contagios del covid-19.","og_url":"https:\/\/www.ip.gov.py\/ip\/2020\/09\/15\/parque-lineal-de-cde-y-costanera-de-hernandarias-reabriran-sus-puertas-con-medidas-de-seguridad\/","og_site_name":".::Agencia IP::.","article_publisher":"https:\/\/www.facebook.com\/IPParaguay\/","article_published_time":"2020-09-15T16:18:12+00:00","article_modified_time":"2020-09-15T16:20:21+00:00","og_image":[{"width":1280,"height":853,"url":"https:\/\/www.ip.gov.py\/ip\/wp-content\/uploads\/2020\/09\/Parque-Lineal.jpg","type":"image\/jpeg"}],"author":"Noelia Ferreira","twitter_card":"summary_large_image","twitter_creator":"@IPParaguay","twitter_site":"@IPParaguay","twitter_misc":{"Escrito por":"Noelia Ferreira","Tiempo de lectura":"2 minutos"},"schema":{"@context":"https:\/\/schema.org","@graph":[{"@type":"Article","@id":"https:\/\/www.ip.gov.py\/ip\/2020\/09\/15\/parque-lineal-de-cde-y-costanera-de-hernandarias-reabriran-sus-puertas-con-medidas-de-seguridad\/#article","isPartOf":{"@id":"https:\/\/www.ip.gov.py\/ip\/2020\/09\/15\/parque-lineal-de-cde-y-costanera-de-hernandarias-reabriran-sus-puertas-con-medidas-de-seguridad\/"},"author":{"name":"Noelia Ferreira","@id":"https:\/\/www.ip.gov.py\/ip\/#\/schema\/person\/791af27a9219bdbf9064abb776bb41c2"},"headline":"Parque Lineal de CDE y Costanera de Hernandarias reabrir\u00e1n sus puertas con medidas de seguridad","datePublished":"2020-09-15T16:18:12+00:00","dateModified":"2020-09-15T16:20:21+00:00","mainEntityOfPage":{"@id":"https:\/\/www.ip.gov.py\/ip\/2020\/09\/15\/parque-lineal-de-cde-y-costanera-de-hernandarias-reabriran-sus-puertas-con-medidas-de-seguridad\/"},"wordCount":458,"publisher":{"@id":"https:\/\/www.ip.gov.py\/ip\/#organization"},"image":{"@id":"https:\/\/www.ip.gov.py\/ip\/2020\/09\/15\/parque-lineal-de-cde-y-costanera-de-hernandarias-reabriran-sus-puertas-con-medidas-de-seguridad\/#primaryimage"},"thumbnailUrl":"https:\/\/www.ip.gov.py\/ip\/wp-content\/uploads\/2020\/09\/Parque-Lineal.jpg","articleSection":["Nacionales"],"inLanguage":"es"},{"@type":"WebPage","@id":"https:\/\/www.ip.gov.py\/ip\/2020\/09\/15\/parque-lineal-de-cde-y-costanera-de-hernandarias-reabriran-sus-puertas-con-medidas-de-seguridad\/","url":"https:\/\/www.ip.gov.py\/ip\/2020\/09\/15\/parque-lineal-de-cde-y-costanera-de-hernandarias-reabriran-sus-puertas-con-medidas-de-seguridad\/","name":"Parque Lineal de CDE y Costanera de Hernandarias reabrir\u00e1n sus puertas con medidas de seguridad - .::Agencia IP::.","isPartOf":{"@id":"https:\/\/www.ip.gov.py\/ip\/#website"},"primaryImageOfPage":{"@id":"https:\/\/www.ip.gov.py\/ip\/2020\/09\/15\/parque-lineal-de-cde-y-costanera-de-hernandarias-reabriran-sus-puertas-con-medidas-de-seguridad\/#primaryimage"},"image":{"@id":"https:\/\/www.ip.gov.py\/ip\/2020\/09\/15\/parque-lineal-de-cde-y-costanera-de-hernandarias-reabriran-sus-puertas-con-medidas-de-seguridad\/#primaryimage"},"thumbnailUrl":"https:\/\/www.ip.gov.py\/ip\/wp-content\/uploads\/2020\/09\/Parque-Lineal.jpg","datePublished":"2020-09-15T16:18:12+00:00","dateModified":"2020-09-15T16:20:21+00:00","breadcrumb":{"@id":"https:\/\/www.ip.gov.py\/ip\/2020\/09\/15\/parque-lineal-de-cde-y-costanera-de-hernandarias-reabriran-sus-puertas-con-medidas-de-seguridad\/#breadcrumb"},"inLanguage":"es","potentialAction":[{"@type":"ReadAction","target":["https:\/\/www.ip.gov.py\/ip\/2020\/09\/15\/parque-lineal-de-cde-y-costanera-de-hernandarias-reabriran-sus-puertas-con-medidas-de-seguridad\/"]}]},{"@type":"ImageObject","inLanguage":"es","@id":"https:\/\/www.ip.gov.py\/ip\/2020\/09\/15\/parque-lineal-de-cde-y-costanera-de-hernandarias-reabriran-sus-puertas-con-medidas-de-seguridad\/#primaryimage","url":"https:\/\/www.ip.gov.py\/ip\/wp-content\/uploads\/2020\/09\/Parque-Lineal.jpg","contentUrl":"https:\/\/www.ip.gov.py\/ip\/wp-content\/uploads\/2020\/09\/Parque-Lineal.jpg","width":1280,"height":853,"caption":"Foto: Itaipu"},{"@type":"BreadcrumbList","@id":"https:\/\/www.ip.gov.py\/ip\/2020\/09\/15\/parque-lineal-de-cde-y-costanera-de-hernandarias-reabriran-sus-puertas-con-medidas-de-seguridad\/#breadcrumb","itemListElement":[{"@type":"ListItem","position":1,"name":"Portada","item":"https:\/\/www.ip.gov.py\/ip\/"},{"@type":"ListItem","position":2,"name":"Parque Lineal de CDE y Costanera de Hernandarias reabrir\u00e1n sus puertas con medidas de seguridad"}]},{"@type":"WebSite","@id":"https:\/\/www.ip.gov.py\/ip\/#website","url":"https:\/\/www.ip.gov.py\/ip\/","name":".::Agencia IP::.","description":"","publisher":{"@id":"https:\/\/www.ip.gov.py\/ip\/#organization"},"potentialAction":[{"@type":"SearchAction","target":{"@type":"EntryPoint","urlTemplate":"https:\/\/www.ip.gov.py\/ip\/?s={search_term_string}"},"query-input":{"@type":"PropertyValueSpecification","valueRequired":true,"valueName":"search_term_string"}}],"inLanguage":"es"},{"@type":"Organization","@id":"https:\/\/www.ip.gov.py\/ip\/#organization","name":"Agencia IP","url":"https:\/\/www.ip.gov.py\/ip\/","logo":{"@type":"ImageObject","inLanguage":"es","@id":"https:\/\/www.ip.gov.py\/ip\/#\/schema\/logo\/image\/","url":"https:\/\/www.ip.gov.py\/ip\/wp-content\/uploads\/2018\/01\/Agencia-IP.jpg","contentUrl":"https:\/\/www.ip.gov.py\/ip\/wp-content\/uploads\/2018\/01\/Agencia-IP.jpg","width":150,"height":150,"caption":"Agencia IP"},"image":{"@id":"https:\/\/www.ip.gov.py\/ip\/#\/schema\/logo\/image\/"},"sameAs":["https:\/\/www.facebook.com\/IPParaguay\/","https:\/\/x.com\/IPParaguay","https:\/\/www.instagram.com\/IPParaguay"]},{"@type":"Person","@id":"https:\/\/www.ip.gov.py\/ip\/#\/schema\/person\/791af27a9219bdbf9064abb776bb41c2","name":"Noelia Ferreira","sameAs":["http:\/\/www.ip.gov.py"],"url":"https:\/\/www.ip.gov.py\/ip\/author\/nferreira\/"}]}},"_links":{"self":[{"href":"https:\/\/www.ip.gov.py\/ip\/wp-json\/wp\/v2\/posts\/333882","targetHints":{"allow":["GET"]}}],"collection":[{"href":"https:\/\/www.ip.gov.py\/ip\/wp-json\/wp\/v2\/posts"}],"about":[{"href":"https:\/\/www.ip.gov.py\/ip\/wp-json\/wp\/v2\/types\/post"}],"author":[{"embeddable":true,"href":"https:\/\/www.ip.gov.py\/ip\/wp-json\/wp\/v2\/users\/23"}],"replies":[{"embeddable":true,"href":"https:\/\/www.ip.gov.py\/ip\/wp-json\/wp\/v2\/comments?post=333882"}],"version-history":[{"count":0,"href":"https:\/\/www.ip.gov.py\/ip\/wp-json\/wp\/v2\/posts\/333882\/revisions"}],"wp:featuredmedia":[{"embeddable":true,"href":"https:\/\/www.ip.gov.py\/ip\/wp-json\/wp\/v2\/media\/333884"}],"wp:attachment":[{"href":"https:\/\/www.ip.gov.py\/ip\/wp-json\/wp\/v2\/media?parent=333882"}],"wp:term":[{"taxonomy":"category","embeddable":true,"href":"https:\/\/www.ip.gov.py\/ip\/wp-json\/wp\/v2\/categories?post=333882"},{"taxonomy":"post_tag","embeddable":true,"href":"https:\/\/www.ip.gov.py\/ip\/wp-json\/wp\/v2\/tags?post=333882"}],"curies":[{"name":"wp","href":"https:\/\/api.w.org\/{rel}","templated":true}]}}