{"id":337695,"date":"2020-10-12T15:34:54","date_gmt":"2020-10-12T18:34:54","guid":{"rendered":"https:\/\/www.ip.gov.py\/ip\/?p=337695"},"modified":"2020-10-12T17:24:34","modified_gmt":"2020-10-12T20:24:34","slug":"inicia-campana-emprende-seguro-para-la-reactivacion-economica-de-emprendedores","status":"publish","type":"post","link":"https:\/\/www.ip.gov.py\/ip\/2020\/10\/12\/inicia-campana-emprende-seguro-para-la-reactivacion-economica-de-emprendedores\/","title":{"rendered":"Inicia campa\u00f1a \u201cEmprend\u00e9 Seguro\u201d para la reactivaci\u00f3n econ\u00f3mica de emprendedores"},"content":{"rendered":"<p style=\"text-align: justify;\"><em><strong>Asunci\u00f3n, Agencia IP.-<\/strong><\/em> El Ministerio de Trabajo (Mtess), a trav\u00e9s de su Centro de Entrenamiento del Emprendedor (CEE), lanz\u00f3 este lunes la campa\u00f1a nacional \u201cEmprend\u00e9 Seguro\u201d, que consiste en ense\u00f1ar y desarrollar en los emprendedores estrategias y herramientas \u00f3ptimas para una efectiva reactivaci\u00f3n econ\u00f3mica.<\/p>\n<p style=\"text-align: justify;\"><!--more--><\/p>\n<p style=\"text-align: justify;\">La campa\u00f1a tiene previsto realizar de octubre a diciembre webinars, c\u00e1psulas de aprendizajes e infograf\u00edas para una reactivaci\u00f3n econ\u00f3mica efectiva, buscando un retorno de manera m\u00e1s efectiva y segura posible, aprendiendo a convivir con el covid-19, pero sobre todo seguir desarrollando los emprendimientos.<\/p>\n<p style=\"text-align: justify;\">En la oportunidad, la ministra del Mtess, Carla Bacigalupo dijo que esta iniciativa brindar\u00e1 herramientas a los emprendedores en diferentes \u00e1mbitos, en todo lo que hace a la seguridad ocupacional que corresponde al pilar m\u00e1s importante de esta campa\u00f1a.<\/p>\n<p style=\"text-align: justify;\">\u201cPara que todos los emprendedores puedan salir adelante pero con estricto cumplimiento y con conocimiento de protocolos y normas sanitarias, con un servicio de gu\u00eda permanente y en l\u00ednea con el Ministerio de Trabajo, para que no tengan ni una sola duda de c\u00f3mo aplicar un protocolo o una norma sanitaria\u201d, manifest\u00f3.<\/p>\n<p style=\"text-align: justify;\">Mencion\u00f3 adem\u00e1s que hoy m\u00e1s que nunca cobra importancia, dado que el pa\u00eds se encuentra en pleno proceso de reactivaci\u00f3n de la econom\u00eda y del empleo, ya en estadio de levantamiento de las fases de la cuarentena, pero a\u00fan con una sujeci\u00f3n muy estricta a las normas de seguridad ocupacional para evitar el contagio del coronavirus.<\/p>\n<p style=\"text-align: justify;\">Por su parte, el vicepresidente primero de la Uni\u00f3n Industrial Paraguaya (UIP), Enrique Duarte resalt\u00f3 la uni\u00f3n que logr\u00f3 la cartera de Trabajo con el sector empresarial y las centrales sindicales para llevar adelante diversos proyectos que apuntan al desarrollo del pa\u00eds.<\/p>\n<p style=\"text-align: justify;\">\u201cSe ha logrado algo muy dif\u00edcil entre los paraguayos, que el sector empresarial, el sindical y el propio Gobierno, se despojen de toda posici\u00f3n mezquina y entender que solamente juntos podemos enfrentar esta crisis, no solo la crisis, sino tambi\u00e9n el desarrollo del pa\u00eds\u201d, sostuvo duarte.<\/p>\n<p style=\"text-align: justify;\">\u201cEmprend\u00e9 Seguro\u201d consiste en ense\u00f1ar y desarrollar en los emprendedores estrategias y herramientas \u00f3ptimas para una efectiva reactivaci\u00f3n econ\u00f3mica sin importar el rubro, con normas de seguridad, consejos \u00fatiles, tecnolog\u00eda y vida saludable, en el marco de la culminaci\u00f3n de las fases de la cuarentena por coronavirus.<\/p>\n<p style=\"text-align: justify;\">El evento se realiz\u00f3 en la ma\u00f1ana de hoy con la presencia de la ministra de Trabajo, Carla Bacigalupo, el viceministro de Empleo, Daniel S\u00e1nchez, el vicepresidente de la UIP, Enrique Duarte; Micaela Raquel Von Schocher, de la consultora GST, de la Asomipymes y de \u201cQuiero Frutas\u201d, entre otras autoridades e invitados.<\/p>\n","protected":false},"excerpt":{"rendered":"<p>Asunci\u00f3n, Agencia IP.- El Ministerio de Trabajo (Mtess), a trav\u00e9s de su Centro de Entrenamiento del Emprendedor (CEE), lanz\u00f3 este lunes la campa\u00f1a nacional \u201cEmprend\u00e9 Seguro\u201d, que consiste en ense\u00f1ar y desarrollar en los emprendedores estrategias y herramientas \u00f3ptimas para una efectiva reactivaci\u00f3n econ\u00f3mica.<\/p>\n","protected":false},"author":31,"featured_media":337696,"comment_status":"closed","ping_status":"closed","sticky":false,"template":"","format":"standard","meta":{"_monsterinsights_skip_tracking":false,"_monsterinsights_sitenote_active":false,"_monsterinsights_sitenote_note":"","_monsterinsights_sitenote_category":0,"footnotes":""},"categories":[9],"tags":[],"class_list":{"0":"post-337695","1":"post","2":"type-post","3":"status-publish","4":"format-standard","5":"has-post-thumbnail","7":"category-economia"},"yoast_head":"<!-- This site is optimized with the Yoast SEO plugin v27.5 - https:\/\/yoast.com\/product\/yoast-seo-wordpress\/ -->\n<title>Inicia campa\u00f1a \u201cEmprend\u00e9 Seguro\u201d para la reactivaci\u00f3n econ\u00f3mica de emprendedores - .::Agencia IP::.<\/title>\n<meta name=\"robots\" content=\"index, follow, max-snippet:-1, max-image-preview:large, max-video-preview:-1\" \/>\n<link rel=\"canonical\" href=\"https:\/\/www.ip.gov.py\/ip\/2020\/10\/12\/inicia-campana-emprende-seguro-para-la-reactivacion-economica-de-emprendedores\/\" \/>\n<meta property=\"og:locale\" content=\"es_ES\" \/>\n<meta property=\"og:type\" content=\"article\" \/>\n<meta property=\"og:title\" content=\"Inicia campa\u00f1a \u201cEmprend\u00e9 Seguro\u201d para la reactivaci\u00f3n econ\u00f3mica de emprendedores - .::Agencia IP::.\" \/>\n<meta property=\"og:description\" content=\"Asunci\u00f3n, Agencia IP.- El Ministerio de Trabajo (Mtess), a trav\u00e9s de su Centro de Entrenamiento del Emprendedor (CEE), lanz\u00f3 este lunes la campa\u00f1a nacional \u201cEmprend\u00e9 Seguro\u201d, que consiste en ense\u00f1ar y desarrollar en los emprendedores estrategias y herramientas \u00f3ptimas para una efectiva reactivaci\u00f3n econ\u00f3mica.\" \/>\n<meta property=\"og:url\" content=\"https:\/\/www.ip.gov.py\/ip\/2020\/10\/12\/inicia-campana-emprende-seguro-para-la-reactivacion-economica-de-emprendedores\/\" \/>\n<meta property=\"og:site_name\" content=\".::Agencia IP::.\" \/>\n<meta property=\"article:publisher\" content=\"https:\/\/www.facebook.com\/IPParaguay\/\" \/>\n<meta property=\"article:published_time\" content=\"2020-10-12T18:34:54+00:00\" \/>\n<meta property=\"article:modified_time\" content=\"2020-10-12T20:24:34+00:00\" \/>\n<meta property=\"og:image\" content=\"https:\/\/www.ip.gov.py\/ip\/wp-content\/uploads\/2020\/10\/WhatsApp-Image-2020-10-12-at-13.25.26-1.jpeg\" \/>\n\t<meta property=\"og:image:width\" content=\"1280\" \/>\n\t<meta property=\"og:image:height\" content=\"853\" \/>\n\t<meta property=\"og:image:type\" content=\"image\/jpeg\" \/>\n<meta name=\"author\" content=\"Veronica Gimenez\" \/>\n<meta name=\"twitter:card\" content=\"summary_large_image\" \/>\n<meta name=\"twitter:creator\" content=\"@IPParaguay\" \/>\n<meta name=\"twitter:site\" content=\"@IPParaguay\" \/>\n<meta name=\"twitter:label1\" content=\"Escrito por\" \/>\n\t<meta name=\"twitter:data1\" content=\"Veronica Gimenez\" \/>\n\t<meta name=\"twitter:label2\" content=\"Tiempo de lectura\" \/>\n\t<meta name=\"twitter:data2\" content=\"2 minutos\" \/>\n<script type=\"application\/ld+json\" class=\"yoast-schema-graph\">{\"@context\":\"https:\\\/\\\/schema.org\",\"@graph\":[{\"@type\":\"Article\",\"@id\":\"https:\\\/\\\/www.ip.gov.py\\\/ip\\\/2020\\\/10\\\/12\\\/inicia-campana-emprende-seguro-para-la-reactivacion-economica-de-emprendedores\\\/#article\",\"isPartOf\":{\"@id\":\"https:\\\/\\\/www.ip.gov.py\\\/ip\\\/2020\\\/10\\\/12\\\/inicia-campana-emprende-seguro-para-la-reactivacion-economica-de-emprendedores\\\/\"},\"author\":{\"name\":\"Veronica Gimenez\",\"@id\":\"https:\\\/\\\/www.ip.gov.py\\\/ip\\\/#\\\/schema\\\/person\\\/80dabd959b84f4db18b2b1a238d83e30\"},\"headline\":\"Inicia campa\u00f1a \u201cEmprend\u00e9 Seguro\u201d para la reactivaci\u00f3n econ\u00f3mica de emprendedores\",\"datePublished\":\"2020-10-12T18:34:54+00:00\",\"dateModified\":\"2020-10-12T20:24:34+00:00\",\"mainEntityOfPage\":{\"@id\":\"https:\\\/\\\/www.ip.gov.py\\\/ip\\\/2020\\\/10\\\/12\\\/inicia-campana-emprende-seguro-para-la-reactivacion-economica-de-emprendedores\\\/\"},\"wordCount\":473,\"publisher\":{\"@id\":\"https:\\\/\\\/www.ip.gov.py\\\/ip\\\/#organization\"},\"image\":{\"@id\":\"https:\\\/\\\/www.ip.gov.py\\\/ip\\\/2020\\\/10\\\/12\\\/inicia-campana-emprende-seguro-para-la-reactivacion-economica-de-emprendedores\\\/#primaryimage\"},\"thumbnailUrl\":\"https:\\\/\\\/www.ip.gov.py\\\/ip\\\/wp-content\\\/uploads\\\/2020\\\/10\\\/WhatsApp-Image-2020-10-12-at-13.25.26-1.jpeg\",\"articleSection\":[\"Econom\u00eda\"],\"inLanguage\":\"es\"},{\"@type\":\"WebPage\",\"@id\":\"https:\\\/\\\/www.ip.gov.py\\\/ip\\\/2020\\\/10\\\/12\\\/inicia-campana-emprende-seguro-para-la-reactivacion-economica-de-emprendedores\\\/\",\"url\":\"https:\\\/\\\/www.ip.gov.py\\\/ip\\\/2020\\\/10\\\/12\\\/inicia-campana-emprende-seguro-para-la-reactivacion-economica-de-emprendedores\\\/\",\"name\":\"Inicia campa\u00f1a \u201cEmprend\u00e9 Seguro\u201d para la reactivaci\u00f3n econ\u00f3mica de emprendedores - .::Agencia IP::.\",\"isPartOf\":{\"@id\":\"https:\\\/\\\/www.ip.gov.py\\\/ip\\\/#website\"},\"primaryImageOfPage\":{\"@id\":\"https:\\\/\\\/www.ip.gov.py\\\/ip\\\/2020\\\/10\\\/12\\\/inicia-campana-emprende-seguro-para-la-reactivacion-economica-de-emprendedores\\\/#primaryimage\"},\"image\":{\"@id\":\"https:\\\/\\\/www.ip.gov.py\\\/ip\\\/2020\\\/10\\\/12\\\/inicia-campana-emprende-seguro-para-la-reactivacion-economica-de-emprendedores\\\/#primaryimage\"},\"thumbnailUrl\":\"https:\\\/\\\/www.ip.gov.py\\\/ip\\\/wp-content\\\/uploads\\\/2020\\\/10\\\/WhatsApp-Image-2020-10-12-at-13.25.26-1.jpeg\",\"datePublished\":\"2020-10-12T18:34:54+00:00\",\"dateModified\":\"2020-10-12T20:24:34+00:00\",\"breadcrumb\":{\"@id\":\"https:\\\/\\\/www.ip.gov.py\\\/ip\\\/2020\\\/10\\\/12\\\/inicia-campana-emprende-seguro-para-la-reactivacion-economica-de-emprendedores\\\/#breadcrumb\"},\"inLanguage\":\"es\",\"potentialAction\":[{\"@type\":\"ReadAction\",\"target\":[\"https:\\\/\\\/www.ip.gov.py\\\/ip\\\/2020\\\/10\\\/12\\\/inicia-campana-emprende-seguro-para-la-reactivacion-economica-de-emprendedores\\\/\"]}]},{\"@type\":\"ImageObject\",\"inLanguage\":\"es\",\"@id\":\"https:\\\/\\\/www.ip.gov.py\\\/ip\\\/2020\\\/10\\\/12\\\/inicia-campana-emprende-seguro-para-la-reactivacion-economica-de-emprendedores\\\/#primaryimage\",\"url\":\"https:\\\/\\\/www.ip.gov.py\\\/ip\\\/wp-content\\\/uploads\\\/2020\\\/10\\\/WhatsApp-Image-2020-10-12-at-13.25.26-1.jpeg\",\"contentUrl\":\"https:\\\/\\\/www.ip.gov.py\\\/ip\\\/wp-content\\\/uploads\\\/2020\\\/10\\\/WhatsApp-Image-2020-10-12-at-13.25.26-1.jpeg\",\"width\":1280,\"height\":853,\"caption\":\"Autoridades presentaron la campa\u00f1a que busca reactivar la econom\u00eda de los emprendedores. Foto: Mtess\"},{\"@type\":\"BreadcrumbList\",\"@id\":\"https:\\\/\\\/www.ip.gov.py\\\/ip\\\/2020\\\/10\\\/12\\\/inicia-campana-emprende-seguro-para-la-reactivacion-economica-de-emprendedores\\\/#breadcrumb\",\"itemListElement\":[{\"@type\":\"ListItem\",\"position\":1,\"name\":\"Portada\",\"item\":\"https:\\\/\\\/www.ip.gov.py\\\/ip\\\/\"},{\"@type\":\"ListItem\",\"position\":2,\"name\":\"Inicia campa\u00f1a \u201cEmprend\u00e9 Seguro\u201d para la reactivaci\u00f3n econ\u00f3mica de emprendedores\"}]},{\"@type\":\"WebSite\",\"@id\":\"https:\\\/\\\/www.ip.gov.py\\\/ip\\\/#website\",\"url\":\"https:\\\/\\\/www.ip.gov.py\\\/ip\\\/\",\"name\":\".::Agencia IP::.\",\"description\":\"\",\"publisher\":{\"@id\":\"https:\\\/\\\/www.ip.gov.py\\\/ip\\\/#organization\"},\"potentialAction\":[{\"@type\":\"SearchAction\",\"target\":{\"@type\":\"EntryPoint\",\"urlTemplate\":\"https:\\\/\\\/www.ip.gov.py\\\/ip\\\/?s={search_term_string}\"},\"query-input\":{\"@type\":\"PropertyValueSpecification\",\"valueRequired\":true,\"valueName\":\"search_term_string\"}}],\"inLanguage\":\"es\"},{\"@type\":\"Organization\",\"@id\":\"https:\\\/\\\/www.ip.gov.py\\\/ip\\\/#organization\",\"name\":\"Agencia IP\",\"url\":\"https:\\\/\\\/www.ip.gov.py\\\/ip\\\/\",\"logo\":{\"@type\":\"ImageObject\",\"inLanguage\":\"es\",\"@id\":\"https:\\\/\\\/www.ip.gov.py\\\/ip\\\/#\\\/schema\\\/logo\\\/image\\\/\",\"url\":\"https:\\\/\\\/www.ip.gov.py\\\/ip\\\/wp-content\\\/uploads\\\/2018\\\/01\\\/Agencia-IP.jpg\",\"contentUrl\":\"https:\\\/\\\/www.ip.gov.py\\\/ip\\\/wp-content\\\/uploads\\\/2018\\\/01\\\/Agencia-IP.jpg\",\"width\":150,\"height\":150,\"caption\":\"Agencia IP\"},\"image\":{\"@id\":\"https:\\\/\\\/www.ip.gov.py\\\/ip\\\/#\\\/schema\\\/logo\\\/image\\\/\"},\"sameAs\":[\"https:\\\/\\\/www.facebook.com\\\/IPParaguay\\\/\",\"https:\\\/\\\/x.com\\\/IPParaguay\",\"https:\\\/\\\/www.instagram.com\\\/IPParaguay\"]},{\"@type\":\"Person\",\"@id\":\"https:\\\/\\\/www.ip.gov.py\\\/ip\\\/#\\\/schema\\\/person\\\/80dabd959b84f4db18b2b1a238d83e30\",\"name\":\"Veronica Gimenez\",\"url\":\"https:\\\/\\\/www.ip.gov.py\\\/ip\\\/author\\\/vgimenez\\\/\"}]}<\/script>\n<!-- \/ Yoast SEO plugin. -->","yoast_head_json":{"title":"Inicia campa\u00f1a \u201cEmprend\u00e9 Seguro\u201d para la reactivaci\u00f3n econ\u00f3mica de emprendedores - .::Agencia IP::.","robots":{"index":"index","follow":"follow","max-snippet":"max-snippet:-1","max-image-preview":"max-image-preview:large","max-video-preview":"max-video-preview:-1"},"canonical":"https:\/\/www.ip.gov.py\/ip\/2020\/10\/12\/inicia-campana-emprende-seguro-para-la-reactivacion-economica-de-emprendedores\/","og_locale":"es_ES","og_type":"article","og_title":"Inicia campa\u00f1a \u201cEmprend\u00e9 Seguro\u201d para la reactivaci\u00f3n econ\u00f3mica de emprendedores - .::Agencia IP::.","og_description":"Asunci\u00f3n, Agencia IP.- El Ministerio de Trabajo (Mtess), a trav\u00e9s de su Centro de Entrenamiento del Emprendedor (CEE), lanz\u00f3 este lunes la campa\u00f1a nacional \u201cEmprend\u00e9 Seguro\u201d, que consiste en ense\u00f1ar y desarrollar en los emprendedores estrategias y herramientas \u00f3ptimas para una efectiva reactivaci\u00f3n econ\u00f3mica.","og_url":"https:\/\/www.ip.gov.py\/ip\/2020\/10\/12\/inicia-campana-emprende-seguro-para-la-reactivacion-economica-de-emprendedores\/","og_site_name":".::Agencia IP::.","article_publisher":"https:\/\/www.facebook.com\/IPParaguay\/","article_published_time":"2020-10-12T18:34:54+00:00","article_modified_time":"2020-10-12T20:24:34+00:00","og_image":[{"width":1280,"height":853,"url":"https:\/\/www.ip.gov.py\/ip\/wp-content\/uploads\/2020\/10\/WhatsApp-Image-2020-10-12-at-13.25.26-1.jpeg","type":"image\/jpeg"}],"author":"Veronica Gimenez","twitter_card":"summary_large_image","twitter_creator":"@IPParaguay","twitter_site":"@IPParaguay","twitter_misc":{"Escrito por":"Veronica Gimenez","Tiempo de lectura":"2 minutos"},"schema":{"@context":"https:\/\/schema.org","@graph":[{"@type":"Article","@id":"https:\/\/www.ip.gov.py\/ip\/2020\/10\/12\/inicia-campana-emprende-seguro-para-la-reactivacion-economica-de-emprendedores\/#article","isPartOf":{"@id":"https:\/\/www.ip.gov.py\/ip\/2020\/10\/12\/inicia-campana-emprende-seguro-para-la-reactivacion-economica-de-emprendedores\/"},"author":{"name":"Veronica Gimenez","@id":"https:\/\/www.ip.gov.py\/ip\/#\/schema\/person\/80dabd959b84f4db18b2b1a238d83e30"},"headline":"Inicia campa\u00f1a \u201cEmprend\u00e9 Seguro\u201d para la reactivaci\u00f3n econ\u00f3mica de emprendedores","datePublished":"2020-10-12T18:34:54+00:00","dateModified":"2020-10-12T20:24:34+00:00","mainEntityOfPage":{"@id":"https:\/\/www.ip.gov.py\/ip\/2020\/10\/12\/inicia-campana-emprende-seguro-para-la-reactivacion-economica-de-emprendedores\/"},"wordCount":473,"publisher":{"@id":"https:\/\/www.ip.gov.py\/ip\/#organization"},"image":{"@id":"https:\/\/www.ip.gov.py\/ip\/2020\/10\/12\/inicia-campana-emprende-seguro-para-la-reactivacion-economica-de-emprendedores\/#primaryimage"},"thumbnailUrl":"https:\/\/www.ip.gov.py\/ip\/wp-content\/uploads\/2020\/10\/WhatsApp-Image-2020-10-12-at-13.25.26-1.jpeg","articleSection":["Econom\u00eda"],"inLanguage":"es"},{"@type":"WebPage","@id":"https:\/\/www.ip.gov.py\/ip\/2020\/10\/12\/inicia-campana-emprende-seguro-para-la-reactivacion-economica-de-emprendedores\/","url":"https:\/\/www.ip.gov.py\/ip\/2020\/10\/12\/inicia-campana-emprende-seguro-para-la-reactivacion-economica-de-emprendedores\/","name":"Inicia campa\u00f1a \u201cEmprend\u00e9 Seguro\u201d para la reactivaci\u00f3n econ\u00f3mica de emprendedores - .::Agencia IP::.","isPartOf":{"@id":"https:\/\/www.ip.gov.py\/ip\/#website"},"primaryImageOfPage":{"@id":"https:\/\/www.ip.gov.py\/ip\/2020\/10\/12\/inicia-campana-emprende-seguro-para-la-reactivacion-economica-de-emprendedores\/#primaryimage"},"image":{"@id":"https:\/\/www.ip.gov.py\/ip\/2020\/10\/12\/inicia-campana-emprende-seguro-para-la-reactivacion-economica-de-emprendedores\/#primaryimage"},"thumbnailUrl":"https:\/\/www.ip.gov.py\/ip\/wp-content\/uploads\/2020\/10\/WhatsApp-Image-2020-10-12-at-13.25.26-1.jpeg","datePublished":"2020-10-12T18:34:54+00:00","dateModified":"2020-10-12T20:24:34+00:00","breadcrumb":{"@id":"https:\/\/www.ip.gov.py\/ip\/2020\/10\/12\/inicia-campana-emprende-seguro-para-la-reactivacion-economica-de-emprendedores\/#breadcrumb"},"inLanguage":"es","potentialAction":[{"@type":"ReadAction","target":["https:\/\/www.ip.gov.py\/ip\/2020\/10\/12\/inicia-campana-emprende-seguro-para-la-reactivacion-economica-de-emprendedores\/"]}]},{"@type":"ImageObject","inLanguage":"es","@id":"https:\/\/www.ip.gov.py\/ip\/2020\/10\/12\/inicia-campana-emprende-seguro-para-la-reactivacion-economica-de-emprendedores\/#primaryimage","url":"https:\/\/www.ip.gov.py\/ip\/wp-content\/uploads\/2020\/10\/WhatsApp-Image-2020-10-12-at-13.25.26-1.jpeg","contentUrl":"https:\/\/www.ip.gov.py\/ip\/wp-content\/uploads\/2020\/10\/WhatsApp-Image-2020-10-12-at-13.25.26-1.jpeg","width":1280,"height":853,"caption":"Autoridades presentaron la campa\u00f1a que busca reactivar la econom\u00eda de los emprendedores. Foto: Mtess"},{"@type":"BreadcrumbList","@id":"https:\/\/www.ip.gov.py\/ip\/2020\/10\/12\/inicia-campana-emprende-seguro-para-la-reactivacion-economica-de-emprendedores\/#breadcrumb","itemListElement":[{"@type":"ListItem","position":1,"name":"Portada","item":"https:\/\/www.ip.gov.py\/ip\/"},{"@type":"ListItem","position":2,"name":"Inicia campa\u00f1a \u201cEmprend\u00e9 Seguro\u201d para la reactivaci\u00f3n econ\u00f3mica de emprendedores"}]},{"@type":"WebSite","@id":"https:\/\/www.ip.gov.py\/ip\/#website","url":"https:\/\/www.ip.gov.py\/ip\/","name":".::Agencia IP::.","description":"","publisher":{"@id":"https:\/\/www.ip.gov.py\/ip\/#organization"},"potentialAction":[{"@type":"SearchAction","target":{"@type":"EntryPoint","urlTemplate":"https:\/\/www.ip.gov.py\/ip\/?s={search_term_string}"},"query-input":{"@type":"PropertyValueSpecification","valueRequired":true,"valueName":"search_term_string"}}],"inLanguage":"es"},{"@type":"Organization","@id":"https:\/\/www.ip.gov.py\/ip\/#organization","name":"Agencia IP","url":"https:\/\/www.ip.gov.py\/ip\/","logo":{"@type":"ImageObject","inLanguage":"es","@id":"https:\/\/www.ip.gov.py\/ip\/#\/schema\/logo\/image\/","url":"https:\/\/www.ip.gov.py\/ip\/wp-content\/uploads\/2018\/01\/Agencia-IP.jpg","contentUrl":"https:\/\/www.ip.gov.py\/ip\/wp-content\/uploads\/2018\/01\/Agencia-IP.jpg","width":150,"height":150,"caption":"Agencia IP"},"image":{"@id":"https:\/\/www.ip.gov.py\/ip\/#\/schema\/logo\/image\/"},"sameAs":["https:\/\/www.facebook.com\/IPParaguay\/","https:\/\/x.com\/IPParaguay","https:\/\/www.instagram.com\/IPParaguay"]},{"@type":"Person","@id":"https:\/\/www.ip.gov.py\/ip\/#\/schema\/person\/80dabd959b84f4db18b2b1a238d83e30","name":"Veronica Gimenez","url":"https:\/\/www.ip.gov.py\/ip\/author\/vgimenez\/"}]}},"_links":{"self":[{"href":"https:\/\/www.ip.gov.py\/ip\/wp-json\/wp\/v2\/posts\/337695","targetHints":{"allow":["GET"]}}],"collection":[{"href":"https:\/\/www.ip.gov.py\/ip\/wp-json\/wp\/v2\/posts"}],"about":[{"href":"https:\/\/www.ip.gov.py\/ip\/wp-json\/wp\/v2\/types\/post"}],"author":[{"embeddable":true,"href":"https:\/\/www.ip.gov.py\/ip\/wp-json\/wp\/v2\/users\/31"}],"replies":[{"embeddable":true,"href":"https:\/\/www.ip.gov.py\/ip\/wp-json\/wp\/v2\/comments?post=337695"}],"version-history":[{"count":0,"href":"https:\/\/www.ip.gov.py\/ip\/wp-json\/wp\/v2\/posts\/337695\/revisions"}],"wp:featuredmedia":[{"embeddable":true,"href":"https:\/\/www.ip.gov.py\/ip\/wp-json\/wp\/v2\/media\/337696"}],"wp:attachment":[{"href":"https:\/\/www.ip.gov.py\/ip\/wp-json\/wp\/v2\/media?parent=337695"}],"wp:term":[{"taxonomy":"category","embeddable":true,"href":"https:\/\/www.ip.gov.py\/ip\/wp-json\/wp\/v2\/categories?post=337695"},{"taxonomy":"post_tag","embeddable":true,"href":"https:\/\/www.ip.gov.py\/ip\/wp-json\/wp\/v2\/tags?post=337695"}],"curies":[{"name":"wp","href":"https:\/\/api.w.org\/{rel}","templated":true}]}}