{"id":337770,"date":"2020-10-13T09:41:37","date_gmt":"2020-10-13T12:41:37","guid":{"rendered":"https:\/\/www.ip.gov.py\/ip\/?p=337770"},"modified":"2020-10-13T09:43:14","modified_gmt":"2020-10-13T12:43:14","slug":"joven-emprende-en-la-venta-de-electrodomesticos-con-apoyo-del-cah","status":"publish","type":"post","link":"https:\/\/www.ip.gov.py\/ip\/2020\/10\/13\/joven-emprende-en-la-venta-de-electrodomesticos-con-apoyo-del-cah\/","title":{"rendered":"Joven refuerza negocio familiar de venta de electrodom\u00e9sticos con apoyo del CAH"},"content":{"rendered":"<p style=\"text-align: justify;\"><em><strong>Asunci\u00f3n, Agencia IP.-<\/strong><\/em> El Cr\u00e9dito Agr\u00edcola de Habilitaci\u00f3n (CAH) mediante los servicios que presta en su Centro de Atenci\u00f3n al Cliente de la localidad de San Jos\u00e9 de los Arroyos entreg\u00f3 un pr\u00e9stamo a la joven Gloria Lomaquis (27 a\u00f1os) para que pueda reforzar y mantener el comercio de venta de electrodom\u00e9sticos de su familia. <!--more--><\/p>\n<p style=\"text-align: justify;\">El Gobierno Nacional a trav\u00e9s del CAH contin\u00faa apoyando al sector productivo y emprendedor del pa\u00eds y una de las beneficiarias actualmente es Gloria Lomaquis quien accedi\u00f3 al producto comercio covid-19, dicha l\u00ednea fue lanzada para paliar los efectos de la pandemia.<\/p>\n<p style=\"text-align: justify;\">La prestataria es emprendedora dedicada al comercio con un local denominado \u201cElectrodom\u00e9sticos Casa y Hogar\u201d; d\u00f3nde comercializa muebles y una inmensa variedad de electrodom\u00e9sticos, bicicletas, accesorios para bebes, adem\u00e1s de contar con servicios de boca de cobranza.<\/p>\n<figure id=\"attachment_337781\" aria-describedby=\"caption-attachment-337781\" style=\"width: 330px\" class=\"wp-caption alignright\"><img loading=\"lazy\" decoding=\"async\" class=\" wp-image-337781\" src=\"https:\/\/www.ip.gov.py\/ip\/wp-content\/uploads\/2020\/10\/CAH-Emprendedora--600x384.jpeg\" alt=\"\" width=\"330\" height=\"211\" srcset=\"https:\/\/www.ip.gov.py\/ip\/wp-content\/uploads\/2020\/10\/CAH-Emprendedora--600x384.jpeg 600w, https:\/\/www.ip.gov.py\/ip\/wp-content\/uploads\/2020\/10\/CAH-Emprendedora--696x445.jpeg 696w, https:\/\/www.ip.gov.py\/ip\/wp-content\/uploads\/2020\/10\/CAH-Emprendedora--657x420.jpeg 657w, https:\/\/www.ip.gov.py\/ip\/wp-content\/uploads\/2020\/10\/CAH-Emprendedora-.jpeg 732w\" sizes=\"auto, (max-width: 330px) 100vw, 330px\" \/><figcaption id=\"caption-attachment-337781\" class=\"wp-caption-text\">Foto: CAH<\/figcaption><\/figure>\n<p style=\"text-align: justify;\">El local comercial es una herencia familiar, ubicada en el centro de la ciudad de San Jos\u00e9 de los Arroyos desde el 2006 que fue reforzada por Gloria, quien cont\u00f3 con el apoyo financiero de la sucursal del Cr\u00e9dito Agr\u00edcola de Habilitaci\u00f3n.<\/p>\n<p style=\"text-align: justify;\">Para llevar adelante el negocio cuenta con 4 personas contratadas que a la vez contribuye al sustento de dichas familias, para los interesados en visitar el local, lo pueden hacer de Lunes a S\u00e1bado de 07:00 a 18:00. Tambi\u00e9n podes acceder a las redes sociales del negocio en<\/p>\n<p style=\"text-align: justify;\">La misma tambi\u00e9n cuenta con redes sociales del negocio en <a href=\"https:\/\/www.facebook.com\/electrodomesticoscasayhogar\" target=\"_blank\" rel=\"noopener noreferrer\">Facebook<\/a> e <a href=\"https:\/\/www.instagram.com\/casayhogar\/?hl=es-la\" target=\"_blank\" rel=\"noopener noreferrer\">Instagram.<\/a><\/p>\n<p style=\"text-align: justify;\">Recordamos que a trav\u00e9s de la l\u00ednea de cr\u00e9dito \u201cJuventud Emprendedora\u201d, el CAH ofrece hasta 10 millones de guaran\u00edes a j\u00f3venes de entre 18 y 35 a\u00f1os que quieran emprender alg\u00fan negocio como salida laboral. Con ello, se pretende facilitar recursos como capital operativo para insumos. El plazo de financiamiento se extiende hasta por dos a\u00f1os.<\/p>\n","protected":false},"excerpt":{"rendered":"<p>Asunci\u00f3n, Agencia IP.- El Cr\u00e9dito Agr\u00edcola de Habilitaci\u00f3n (CAH) mediante los servicios que presta en su Centro de Atenci\u00f3n al Cliente de la localidad de San Jos\u00e9 de los Arroyos entreg\u00f3 un pr\u00e9stamo a la joven Gloria Lomaquis (27 a\u00f1os) para que pueda reforzar y mantener el comercio de venta de electrodom\u00e9sticos de su familia.<\/p>\n","protected":false},"author":23,"featured_media":337777,"comment_status":"closed","ping_status":"closed","sticky":false,"template":"","format":"standard","meta":{"_monsterinsights_skip_tracking":false,"_monsterinsights_sitenote_active":false,"_monsterinsights_sitenote_note":"","_monsterinsights_sitenote_category":0,"footnotes":""},"categories":[9],"tags":[],"class_list":{"0":"post-337770","1":"post","2":"type-post","3":"status-publish","4":"format-standard","5":"has-post-thumbnail","7":"category-economia"},"yoast_head":"<!-- This site is optimized with the Yoast SEO plugin v27.5 - https:\/\/yoast.com\/product\/yoast-seo-wordpress\/ -->\n<title>Joven refuerza negocio familiar de venta de electrodom\u00e9sticos con apoyo del CAH - .::Agencia IP::.<\/title>\n<meta name=\"robots\" content=\"index, follow, max-snippet:-1, max-image-preview:large, max-video-preview:-1\" \/>\n<link rel=\"canonical\" href=\"https:\/\/www.ip.gov.py\/ip\/2020\/10\/13\/joven-emprende-en-la-venta-de-electrodomesticos-con-apoyo-del-cah\/\" \/>\n<meta property=\"og:locale\" content=\"es_ES\" \/>\n<meta property=\"og:type\" content=\"article\" \/>\n<meta property=\"og:title\" content=\"Joven refuerza negocio familiar de venta de electrodom\u00e9sticos con apoyo del CAH - .::Agencia IP::.\" \/>\n<meta property=\"og:description\" content=\"Asunci\u00f3n, Agencia IP.- El Cr\u00e9dito Agr\u00edcola de Habilitaci\u00f3n (CAH) mediante los servicios que presta en su Centro de Atenci\u00f3n al Cliente de la localidad de San Jos\u00e9 de los Arroyos entreg\u00f3 un pr\u00e9stamo a la joven Gloria Lomaquis (27 a\u00f1os) para que pueda reforzar y mantener el comercio de venta de electrodom\u00e9sticos de su familia.\" \/>\n<meta property=\"og:url\" content=\"https:\/\/www.ip.gov.py\/ip\/2020\/10\/13\/joven-emprende-en-la-venta-de-electrodomesticos-con-apoyo-del-cah\/\" \/>\n<meta property=\"og:site_name\" content=\".::Agencia IP::.\" \/>\n<meta property=\"article:publisher\" content=\"https:\/\/www.facebook.com\/IPParaguay\/\" \/>\n<meta property=\"article:published_time\" content=\"2020-10-13T12:41:37+00:00\" \/>\n<meta property=\"article:modified_time\" content=\"2020-10-13T12:43:14+00:00\" \/>\n<meta property=\"og:image\" content=\"https:\/\/www.ip.gov.py\/ip\/wp-content\/uploads\/2020\/10\/CAH-.jpeg\" \/>\n\t<meta property=\"og:image:width\" content=\"1280\" \/>\n\t<meta property=\"og:image:height\" content=\"706\" \/>\n\t<meta property=\"og:image:type\" content=\"image\/jpeg\" \/>\n<meta name=\"author\" content=\"Noelia Ferreira\" \/>\n<meta name=\"twitter:card\" content=\"summary_large_image\" \/>\n<meta name=\"twitter:creator\" content=\"@IPParaguay\" \/>\n<meta name=\"twitter:site\" content=\"@IPParaguay\" \/>\n<meta name=\"twitter:label1\" content=\"Escrito por\" \/>\n\t<meta name=\"twitter:data1\" content=\"Noelia Ferreira\" \/>\n\t<meta name=\"twitter:label2\" content=\"Tiempo de lectura\" \/>\n\t<meta name=\"twitter:data2\" content=\"2 minutos\" \/>\n<script type=\"application\/ld+json\" class=\"yoast-schema-graph\">{\"@context\":\"https:\\\/\\\/schema.org\",\"@graph\":[{\"@type\":\"Article\",\"@id\":\"https:\\\/\\\/www.ip.gov.py\\\/ip\\\/2020\\\/10\\\/13\\\/joven-emprende-en-la-venta-de-electrodomesticos-con-apoyo-del-cah\\\/#article\",\"isPartOf\":{\"@id\":\"https:\\\/\\\/www.ip.gov.py\\\/ip\\\/2020\\\/10\\\/13\\\/joven-emprende-en-la-venta-de-electrodomesticos-con-apoyo-del-cah\\\/\"},\"author\":{\"name\":\"Noelia Ferreira\",\"@id\":\"https:\\\/\\\/www.ip.gov.py\\\/ip\\\/#\\\/schema\\\/person\\\/791af27a9219bdbf9064abb776bb41c2\"},\"headline\":\"Joven refuerza negocio familiar de venta de electrodom\u00e9sticos con apoyo del CAH\",\"datePublished\":\"2020-10-13T12:41:37+00:00\",\"dateModified\":\"2020-10-13T12:43:14+00:00\",\"mainEntityOfPage\":{\"@id\":\"https:\\\/\\\/www.ip.gov.py\\\/ip\\\/2020\\\/10\\\/13\\\/joven-emprende-en-la-venta-de-electrodomesticos-con-apoyo-del-cah\\\/\"},\"wordCount\":338,\"publisher\":{\"@id\":\"https:\\\/\\\/www.ip.gov.py\\\/ip\\\/#organization\"},\"image\":{\"@id\":\"https:\\\/\\\/www.ip.gov.py\\\/ip\\\/2020\\\/10\\\/13\\\/joven-emprende-en-la-venta-de-electrodomesticos-con-apoyo-del-cah\\\/#primaryimage\"},\"thumbnailUrl\":\"https:\\\/\\\/www.ip.gov.py\\\/ip\\\/wp-content\\\/uploads\\\/2020\\\/10\\\/CAH-.jpeg\",\"articleSection\":[\"Econom\u00eda\"],\"inLanguage\":\"es\"},{\"@type\":\"WebPage\",\"@id\":\"https:\\\/\\\/www.ip.gov.py\\\/ip\\\/2020\\\/10\\\/13\\\/joven-emprende-en-la-venta-de-electrodomesticos-con-apoyo-del-cah\\\/\",\"url\":\"https:\\\/\\\/www.ip.gov.py\\\/ip\\\/2020\\\/10\\\/13\\\/joven-emprende-en-la-venta-de-electrodomesticos-con-apoyo-del-cah\\\/\",\"name\":\"Joven refuerza negocio familiar de venta de electrodom\u00e9sticos con apoyo del CAH - .::Agencia IP::.\",\"isPartOf\":{\"@id\":\"https:\\\/\\\/www.ip.gov.py\\\/ip\\\/#website\"},\"primaryImageOfPage\":{\"@id\":\"https:\\\/\\\/www.ip.gov.py\\\/ip\\\/2020\\\/10\\\/13\\\/joven-emprende-en-la-venta-de-electrodomesticos-con-apoyo-del-cah\\\/#primaryimage\"},\"image\":{\"@id\":\"https:\\\/\\\/www.ip.gov.py\\\/ip\\\/2020\\\/10\\\/13\\\/joven-emprende-en-la-venta-de-electrodomesticos-con-apoyo-del-cah\\\/#primaryimage\"},\"thumbnailUrl\":\"https:\\\/\\\/www.ip.gov.py\\\/ip\\\/wp-content\\\/uploads\\\/2020\\\/10\\\/CAH-.jpeg\",\"datePublished\":\"2020-10-13T12:41:37+00:00\",\"dateModified\":\"2020-10-13T12:43:14+00:00\",\"breadcrumb\":{\"@id\":\"https:\\\/\\\/www.ip.gov.py\\\/ip\\\/2020\\\/10\\\/13\\\/joven-emprende-en-la-venta-de-electrodomesticos-con-apoyo-del-cah\\\/#breadcrumb\"},\"inLanguage\":\"es\",\"potentialAction\":[{\"@type\":\"ReadAction\",\"target\":[\"https:\\\/\\\/www.ip.gov.py\\\/ip\\\/2020\\\/10\\\/13\\\/joven-emprende-en-la-venta-de-electrodomesticos-con-apoyo-del-cah\\\/\"]}]},{\"@type\":\"ImageObject\",\"inLanguage\":\"es\",\"@id\":\"https:\\\/\\\/www.ip.gov.py\\\/ip\\\/2020\\\/10\\\/13\\\/joven-emprende-en-la-venta-de-electrodomesticos-con-apoyo-del-cah\\\/#primaryimage\",\"url\":\"https:\\\/\\\/www.ip.gov.py\\\/ip\\\/wp-content\\\/uploads\\\/2020\\\/10\\\/CAH-.jpeg\",\"contentUrl\":\"https:\\\/\\\/www.ip.gov.py\\\/ip\\\/wp-content\\\/uploads\\\/2020\\\/10\\\/CAH-.jpeg\",\"width\":1280,\"height\":706,\"caption\":\"La compra de electrodom\u00e9sticos tuvieron un repunte en octubre. Foto: CAH\"},{\"@type\":\"BreadcrumbList\",\"@id\":\"https:\\\/\\\/www.ip.gov.py\\\/ip\\\/2020\\\/10\\\/13\\\/joven-emprende-en-la-venta-de-electrodomesticos-con-apoyo-del-cah\\\/#breadcrumb\",\"itemListElement\":[{\"@type\":\"ListItem\",\"position\":1,\"name\":\"Portada\",\"item\":\"https:\\\/\\\/www.ip.gov.py\\\/ip\\\/\"},{\"@type\":\"ListItem\",\"position\":2,\"name\":\"Joven refuerza negocio familiar de venta de electrodom\u00e9sticos con apoyo del CAH\"}]},{\"@type\":\"WebSite\",\"@id\":\"https:\\\/\\\/www.ip.gov.py\\\/ip\\\/#website\",\"url\":\"https:\\\/\\\/www.ip.gov.py\\\/ip\\\/\",\"name\":\".::Agencia IP::.\",\"description\":\"\",\"publisher\":{\"@id\":\"https:\\\/\\\/www.ip.gov.py\\\/ip\\\/#organization\"},\"potentialAction\":[{\"@type\":\"SearchAction\",\"target\":{\"@type\":\"EntryPoint\",\"urlTemplate\":\"https:\\\/\\\/www.ip.gov.py\\\/ip\\\/?s={search_term_string}\"},\"query-input\":{\"@type\":\"PropertyValueSpecification\",\"valueRequired\":true,\"valueName\":\"search_term_string\"}}],\"inLanguage\":\"es\"},{\"@type\":\"Organization\",\"@id\":\"https:\\\/\\\/www.ip.gov.py\\\/ip\\\/#organization\",\"name\":\"Agencia IP\",\"url\":\"https:\\\/\\\/www.ip.gov.py\\\/ip\\\/\",\"logo\":{\"@type\":\"ImageObject\",\"inLanguage\":\"es\",\"@id\":\"https:\\\/\\\/www.ip.gov.py\\\/ip\\\/#\\\/schema\\\/logo\\\/image\\\/\",\"url\":\"https:\\\/\\\/www.ip.gov.py\\\/ip\\\/wp-content\\\/uploads\\\/2018\\\/01\\\/Agencia-IP.jpg\",\"contentUrl\":\"https:\\\/\\\/www.ip.gov.py\\\/ip\\\/wp-content\\\/uploads\\\/2018\\\/01\\\/Agencia-IP.jpg\",\"width\":150,\"height\":150,\"caption\":\"Agencia IP\"},\"image\":{\"@id\":\"https:\\\/\\\/www.ip.gov.py\\\/ip\\\/#\\\/schema\\\/logo\\\/image\\\/\"},\"sameAs\":[\"https:\\\/\\\/www.facebook.com\\\/IPParaguay\\\/\",\"https:\\\/\\\/x.com\\\/IPParaguay\",\"https:\\\/\\\/www.instagram.com\\\/IPParaguay\"]},{\"@type\":\"Person\",\"@id\":\"https:\\\/\\\/www.ip.gov.py\\\/ip\\\/#\\\/schema\\\/person\\\/791af27a9219bdbf9064abb776bb41c2\",\"name\":\"Noelia Ferreira\",\"sameAs\":[\"http:\\\/\\\/www.ip.gov.py\"],\"url\":\"https:\\\/\\\/www.ip.gov.py\\\/ip\\\/author\\\/nferreira\\\/\"}]}<\/script>\n<!-- \/ Yoast SEO plugin. -->","yoast_head_json":{"title":"Joven refuerza negocio familiar de venta de electrodom\u00e9sticos con apoyo del CAH - .::Agencia IP::.","robots":{"index":"index","follow":"follow","max-snippet":"max-snippet:-1","max-image-preview":"max-image-preview:large","max-video-preview":"max-video-preview:-1"},"canonical":"https:\/\/www.ip.gov.py\/ip\/2020\/10\/13\/joven-emprende-en-la-venta-de-electrodomesticos-con-apoyo-del-cah\/","og_locale":"es_ES","og_type":"article","og_title":"Joven refuerza negocio familiar de venta de electrodom\u00e9sticos con apoyo del CAH - .::Agencia IP::.","og_description":"Asunci\u00f3n, Agencia IP.- El Cr\u00e9dito Agr\u00edcola de Habilitaci\u00f3n (CAH) mediante los servicios que presta en su Centro de Atenci\u00f3n al Cliente de la localidad de San Jos\u00e9 de los Arroyos entreg\u00f3 un pr\u00e9stamo a la joven Gloria Lomaquis (27 a\u00f1os) para que pueda reforzar y mantener el comercio de venta de electrodom\u00e9sticos de su familia.","og_url":"https:\/\/www.ip.gov.py\/ip\/2020\/10\/13\/joven-emprende-en-la-venta-de-electrodomesticos-con-apoyo-del-cah\/","og_site_name":".::Agencia IP::.","article_publisher":"https:\/\/www.facebook.com\/IPParaguay\/","article_published_time":"2020-10-13T12:41:37+00:00","article_modified_time":"2020-10-13T12:43:14+00:00","og_image":[{"width":1280,"height":706,"url":"https:\/\/www.ip.gov.py\/ip\/wp-content\/uploads\/2020\/10\/CAH-.jpeg","type":"image\/jpeg"}],"author":"Noelia Ferreira","twitter_card":"summary_large_image","twitter_creator":"@IPParaguay","twitter_site":"@IPParaguay","twitter_misc":{"Escrito por":"Noelia Ferreira","Tiempo de lectura":"2 minutos"},"schema":{"@context":"https:\/\/schema.org","@graph":[{"@type":"Article","@id":"https:\/\/www.ip.gov.py\/ip\/2020\/10\/13\/joven-emprende-en-la-venta-de-electrodomesticos-con-apoyo-del-cah\/#article","isPartOf":{"@id":"https:\/\/www.ip.gov.py\/ip\/2020\/10\/13\/joven-emprende-en-la-venta-de-electrodomesticos-con-apoyo-del-cah\/"},"author":{"name":"Noelia Ferreira","@id":"https:\/\/www.ip.gov.py\/ip\/#\/schema\/person\/791af27a9219bdbf9064abb776bb41c2"},"headline":"Joven refuerza negocio familiar de venta de electrodom\u00e9sticos con apoyo del CAH","datePublished":"2020-10-13T12:41:37+00:00","dateModified":"2020-10-13T12:43:14+00:00","mainEntityOfPage":{"@id":"https:\/\/www.ip.gov.py\/ip\/2020\/10\/13\/joven-emprende-en-la-venta-de-electrodomesticos-con-apoyo-del-cah\/"},"wordCount":338,"publisher":{"@id":"https:\/\/www.ip.gov.py\/ip\/#organization"},"image":{"@id":"https:\/\/www.ip.gov.py\/ip\/2020\/10\/13\/joven-emprende-en-la-venta-de-electrodomesticos-con-apoyo-del-cah\/#primaryimage"},"thumbnailUrl":"https:\/\/www.ip.gov.py\/ip\/wp-content\/uploads\/2020\/10\/CAH-.jpeg","articleSection":["Econom\u00eda"],"inLanguage":"es"},{"@type":"WebPage","@id":"https:\/\/www.ip.gov.py\/ip\/2020\/10\/13\/joven-emprende-en-la-venta-de-electrodomesticos-con-apoyo-del-cah\/","url":"https:\/\/www.ip.gov.py\/ip\/2020\/10\/13\/joven-emprende-en-la-venta-de-electrodomesticos-con-apoyo-del-cah\/","name":"Joven refuerza negocio familiar de venta de electrodom\u00e9sticos con apoyo del CAH - .::Agencia IP::.","isPartOf":{"@id":"https:\/\/www.ip.gov.py\/ip\/#website"},"primaryImageOfPage":{"@id":"https:\/\/www.ip.gov.py\/ip\/2020\/10\/13\/joven-emprende-en-la-venta-de-electrodomesticos-con-apoyo-del-cah\/#primaryimage"},"image":{"@id":"https:\/\/www.ip.gov.py\/ip\/2020\/10\/13\/joven-emprende-en-la-venta-de-electrodomesticos-con-apoyo-del-cah\/#primaryimage"},"thumbnailUrl":"https:\/\/www.ip.gov.py\/ip\/wp-content\/uploads\/2020\/10\/CAH-.jpeg","datePublished":"2020-10-13T12:41:37+00:00","dateModified":"2020-10-13T12:43:14+00:00","breadcrumb":{"@id":"https:\/\/www.ip.gov.py\/ip\/2020\/10\/13\/joven-emprende-en-la-venta-de-electrodomesticos-con-apoyo-del-cah\/#breadcrumb"},"inLanguage":"es","potentialAction":[{"@type":"ReadAction","target":["https:\/\/www.ip.gov.py\/ip\/2020\/10\/13\/joven-emprende-en-la-venta-de-electrodomesticos-con-apoyo-del-cah\/"]}]},{"@type":"ImageObject","inLanguage":"es","@id":"https:\/\/www.ip.gov.py\/ip\/2020\/10\/13\/joven-emprende-en-la-venta-de-electrodomesticos-con-apoyo-del-cah\/#primaryimage","url":"https:\/\/www.ip.gov.py\/ip\/wp-content\/uploads\/2020\/10\/CAH-.jpeg","contentUrl":"https:\/\/www.ip.gov.py\/ip\/wp-content\/uploads\/2020\/10\/CAH-.jpeg","width":1280,"height":706,"caption":"La compra de electrodom\u00e9sticos tuvieron un repunte en octubre. Foto: CAH"},{"@type":"BreadcrumbList","@id":"https:\/\/www.ip.gov.py\/ip\/2020\/10\/13\/joven-emprende-en-la-venta-de-electrodomesticos-con-apoyo-del-cah\/#breadcrumb","itemListElement":[{"@type":"ListItem","position":1,"name":"Portada","item":"https:\/\/www.ip.gov.py\/ip\/"},{"@type":"ListItem","position":2,"name":"Joven refuerza negocio familiar de venta de electrodom\u00e9sticos con apoyo del CAH"}]},{"@type":"WebSite","@id":"https:\/\/www.ip.gov.py\/ip\/#website","url":"https:\/\/www.ip.gov.py\/ip\/","name":".::Agencia IP::.","description":"","publisher":{"@id":"https:\/\/www.ip.gov.py\/ip\/#organization"},"potentialAction":[{"@type":"SearchAction","target":{"@type":"EntryPoint","urlTemplate":"https:\/\/www.ip.gov.py\/ip\/?s={search_term_string}"},"query-input":{"@type":"PropertyValueSpecification","valueRequired":true,"valueName":"search_term_string"}}],"inLanguage":"es"},{"@type":"Organization","@id":"https:\/\/www.ip.gov.py\/ip\/#organization","name":"Agencia IP","url":"https:\/\/www.ip.gov.py\/ip\/","logo":{"@type":"ImageObject","inLanguage":"es","@id":"https:\/\/www.ip.gov.py\/ip\/#\/schema\/logo\/image\/","url":"https:\/\/www.ip.gov.py\/ip\/wp-content\/uploads\/2018\/01\/Agencia-IP.jpg","contentUrl":"https:\/\/www.ip.gov.py\/ip\/wp-content\/uploads\/2018\/01\/Agencia-IP.jpg","width":150,"height":150,"caption":"Agencia IP"},"image":{"@id":"https:\/\/www.ip.gov.py\/ip\/#\/schema\/logo\/image\/"},"sameAs":["https:\/\/www.facebook.com\/IPParaguay\/","https:\/\/x.com\/IPParaguay","https:\/\/www.instagram.com\/IPParaguay"]},{"@type":"Person","@id":"https:\/\/www.ip.gov.py\/ip\/#\/schema\/person\/791af27a9219bdbf9064abb776bb41c2","name":"Noelia Ferreira","sameAs":["http:\/\/www.ip.gov.py"],"url":"https:\/\/www.ip.gov.py\/ip\/author\/nferreira\/"}]}},"_links":{"self":[{"href":"https:\/\/www.ip.gov.py\/ip\/wp-json\/wp\/v2\/posts\/337770","targetHints":{"allow":["GET"]}}],"collection":[{"href":"https:\/\/www.ip.gov.py\/ip\/wp-json\/wp\/v2\/posts"}],"about":[{"href":"https:\/\/www.ip.gov.py\/ip\/wp-json\/wp\/v2\/types\/post"}],"author":[{"embeddable":true,"href":"https:\/\/www.ip.gov.py\/ip\/wp-json\/wp\/v2\/users\/23"}],"replies":[{"embeddable":true,"href":"https:\/\/www.ip.gov.py\/ip\/wp-json\/wp\/v2\/comments?post=337770"}],"version-history":[{"count":0,"href":"https:\/\/www.ip.gov.py\/ip\/wp-json\/wp\/v2\/posts\/337770\/revisions"}],"wp:featuredmedia":[{"embeddable":true,"href":"https:\/\/www.ip.gov.py\/ip\/wp-json\/wp\/v2\/media\/337777"}],"wp:attachment":[{"href":"https:\/\/www.ip.gov.py\/ip\/wp-json\/wp\/v2\/media?parent=337770"}],"wp:term":[{"taxonomy":"category","embeddable":true,"href":"https:\/\/www.ip.gov.py\/ip\/wp-json\/wp\/v2\/categories?post=337770"},{"taxonomy":"post_tag","embeddable":true,"href":"https:\/\/www.ip.gov.py\/ip\/wp-json\/wp\/v2\/tags?post=337770"}],"curies":[{"name":"wp","href":"https:\/\/api.w.org\/{rel}","templated":true}]}}