{"id":340994,"date":"2020-11-03T14:46:41","date_gmt":"2020-11-03T17:46:41","guid":{"rendered":"https:\/\/www.ip.gov.py\/ip\/?p=340994"},"modified":"2020-11-03T15:30:23","modified_gmt":"2020-11-03T18:30:23","slug":"referentes-departamentales-se-adhieren-a-proceso-de-transformacion-educativa","status":"publish","type":"post","link":"https:\/\/www.ip.gov.py\/ip\/2020\/11\/03\/referentes-departamentales-se-adhieren-a-proceso-de-transformacion-educativa\/","title":{"rendered":"Referentes departamentales se adhieren a proceso de Transformaci\u00f3n Educativa"},"content":{"rendered":"<p style=\"text-align: justify;\"><em><strong>Asunci\u00f3n, Paraguay, Agencia IP.-<\/strong><\/em> Mediante una consulta amplia y participativa donde se analiz\u00f3 el sistema de la educaci\u00f3n paraguaya, referentes departamentales iniciaron su adhesi\u00f3n al proceso de Transformaci\u00f3n Educativa que encara el Ministerio de Educaci\u00f3n y Ciencias (MEC).<!--more--><\/p>\n<p style=\"text-align: justify;\">El segundo conversatorio \u201c<a href=\"https:\/\/www.ip.gov.py\/ip\/desarrollan-proceso-participativo-para-la-transformacion-educativa-2030\/\" target=\"_blank\" rel=\"noopener noreferrer\">Transformemos la Educaci\u00f3n<\/a>\u201d, desarrollada de manera virtual, convoc\u00f3 a directores departamentales y supervisores de varios puntos del pa\u00eds, a fin de brindar informaci\u00f3n relevante y aportar al proceso participativo, hecho que fue valorado por las autoridades del MEC.<\/p>\n<p style=\"text-align: justify;\">Con el ejercicio de descubrir las mejores pr\u00e1cticas e imaginar escenarios futuros, los participantes aportaron con reflexiones, experiencias y saberes para el dise\u00f1o de lo que deber\u00eda ser el proceso de transformaci\u00f3n educativa. Esta actividad se lleva adelante en el marco del dise\u00f1o de la estrategia de Transformaci\u00f3n Educativa del Paraguay 2030.<\/p>\n<p style=\"text-align: justify;\">En la ocasi\u00f3n, los participantes analizaron el sistema educativo desde la \u00f3ptica nacional y territorial, y como pol\u00edtica de Estado, contribuyendo con un intercambio de experiencias y conocimientos de cada departamento con la mirada puesta en la construcci\u00f3n de una visi\u00f3n compartida de la educaci\u00f3n.<\/p>\n<p style=\"text-align: justify;\">La din\u00e1mica de trabajo se bas\u00f3 en el abordaje de un di\u00e1logo sobre lo que ya funciona en el sistema e imaginar posibilidades para avanzar aprovechando las fortalezas ya existentes.<\/p>\n<p style=\"text-align: justify;\">Este evento fue realizado como parte de una serie de conversatorios similares que seguir\u00e1 convocando a actores del \u00e1mbito docente, estudiantil, institutos de educaci\u00f3n superior y de formaci\u00f3n docente, asociaciones de padres, entre otros.<\/p>\n<h4 style=\"text-align: justify;\"><strong>Transformaci\u00f3n Educativa en Paraguay<\/strong><\/h4>\n<p style=\"text-align: justify;\">El proyecto Transformaci\u00f3n Educativa del Paraguay 2030, impulsa este proceso de consulta amplia, con una visi\u00f3n territorial y de la diversidad en el que la sociedad paraguaya y sus autoridades podr\u00e1n enriquecer los di\u00e1logos sociales y encontrar propuestas viables que mejoren las condiciones de la poblaci\u00f3n en el futuro cercano.<\/p>\n<p style=\"text-align: justify;\">Transformar la educaci\u00f3n paraguaya es el gran objetivo y, con este sue\u00f1o, desde finales del 2018, se vienen realizando diferentes actividades para analizar el sistema educativo actual, mediante el relevamiento de informaci\u00f3n documental y entrevistas con actores claves y comunidades educativas.<\/p>\n<p style=\"text-align: justify;\">La participaci\u00f3n ciudadana es el eje fundamental de este amplio di\u00e1logo nacional para la construcci\u00f3n del Plan Nacional de Transformaci\u00f3n Educativa y la Hoja de Ruta 2020-2030, que contendr\u00e1 lineamientos estrat\u00e9gicos y l\u00edneas de acci\u00f3n para los pr\u00f3ximos 10 a\u00f1os.<\/p>\n<p style=\"text-align: justify;\">Liderado por el MEC, el proceso de transformaci\u00f3n educativa es impulsado por un Comit\u00e9 Estrat\u00e9gico integrado por representantes del Ministerio de Hacienda (MH), la Secretar\u00eda T\u00e9cnica de Planificaci\u00f3n del Desarrollo Econ\u00f3mico y Social (STP), la Unidad de Gesti\u00f3n de la Presidencia de la Rep\u00fablica (UGPR), y miembros de la sociedad civil.<\/p>\n<p style=\"text-align: justify;\">Se cuenta asimismo con la colaboraci\u00f3n de especialistas nacionales, universidades extranjeras y organizaciones locales quienes aportan su s\u00f3lida experiencia y conocimientos al proceso de construcci\u00f3n del plan.<\/p>\n","protected":false},"excerpt":{"rendered":"<p>Asunci\u00f3n, Paraguay, Agencia IP.- Mediante una consulta amplia y participativa donde se analiz\u00f3 el sistema de la educaci\u00f3n paraguaya, referentes departamentales iniciaron su adhesi\u00f3n al proceso de Transformaci\u00f3n Educativa que encara el Ministerio de Educaci\u00f3n y Ciencias (MEC).<\/p>\n","protected":false},"author":29,"featured_media":336488,"comment_status":"closed","ping_status":"closed","sticky":false,"template":"","format":"standard","meta":{"_monsterinsights_skip_tracking":false,"_monsterinsights_sitenote_active":false,"_monsterinsights_sitenote_note":"","_monsterinsights_sitenote_category":0,"footnotes":""},"categories":[2988,4],"tags":[3279,40,162,3166],"class_list":{"0":"post-340994","1":"post","2":"type-post","3":"status-publish","4":"format-standard","5":"has-post-thumbnail","7":"category-educacion","8":"category-nacionales","9":"tag-educacion-paraguaya","10":"tag-mec","11":"tag-paraguay","12":"tag-transformacion-educativa"},"yoast_head":"<!-- This site is optimized with the Yoast SEO plugin v27.5 - https:\/\/yoast.com\/product\/yoast-seo-wordpress\/ -->\n<title>Referentes departamentales se adhieren a proceso de Transformaci\u00f3n Educativa - .::Agencia IP::.<\/title>\n<meta name=\"robots\" content=\"index, follow, max-snippet:-1, max-image-preview:large, max-video-preview:-1\" \/>\n<link rel=\"canonical\" href=\"https:\/\/www.ip.gov.py\/ip\/2020\/11\/03\/referentes-departamentales-se-adhieren-a-proceso-de-transformacion-educativa\/\" \/>\n<meta property=\"og:locale\" content=\"es_ES\" \/>\n<meta property=\"og:type\" content=\"article\" \/>\n<meta property=\"og:title\" content=\"Referentes departamentales se adhieren a proceso de Transformaci\u00f3n Educativa - .::Agencia IP::.\" \/>\n<meta property=\"og:description\" content=\"Asunci\u00f3n, Paraguay, Agencia IP.- Mediante una consulta amplia y participativa donde se analiz\u00f3 el sistema de la educaci\u00f3n paraguaya, referentes departamentales iniciaron su adhesi\u00f3n al proceso de Transformaci\u00f3n Educativa que encara el Ministerio de Educaci\u00f3n y Ciencias (MEC).\" \/>\n<meta property=\"og:url\" content=\"https:\/\/www.ip.gov.py\/ip\/2020\/11\/03\/referentes-departamentales-se-adhieren-a-proceso-de-transformacion-educativa\/\" \/>\n<meta property=\"og:site_name\" content=\".::Agencia IP::.\" \/>\n<meta property=\"article:publisher\" content=\"https:\/\/www.facebook.com\/IPParaguay\/\" \/>\n<meta property=\"article:published_time\" content=\"2020-11-03T17:46:41+00:00\" \/>\n<meta property=\"article:modified_time\" content=\"2020-11-03T18:30:23+00:00\" \/>\n<meta property=\"og:image\" content=\"https:\/\/www.ip.gov.py\/ip\/wp-content\/uploads\/2020\/10\/Transformaci\u00f3n-educativa-MEC.jpeg\" \/>\n\t<meta property=\"og:image:width\" content=\"520\" \/>\n\t<meta property=\"og:image:height\" content=\"294\" \/>\n\t<meta property=\"og:image:type\" content=\"image\/jpeg\" \/>\n<meta name=\"author\" content=\"jzelada\" \/>\n<meta name=\"twitter:card\" content=\"summary_large_image\" \/>\n<meta name=\"twitter:creator\" content=\"@IPParaguay\" \/>\n<meta name=\"twitter:site\" content=\"@IPParaguay\" \/>\n<meta name=\"twitter:label1\" content=\"Escrito por\" \/>\n\t<meta name=\"twitter:data1\" content=\"jzelada\" \/>\n\t<meta name=\"twitter:label2\" content=\"Tiempo de lectura\" \/>\n\t<meta name=\"twitter:data2\" content=\"3 minutos\" \/>\n<script type=\"application\/ld+json\" class=\"yoast-schema-graph\">{\"@context\":\"https:\\\/\\\/schema.org\",\"@graph\":[{\"@type\":\"Article\",\"@id\":\"https:\\\/\\\/www.ip.gov.py\\\/ip\\\/2020\\\/11\\\/03\\\/referentes-departamentales-se-adhieren-a-proceso-de-transformacion-educativa\\\/#article\",\"isPartOf\":{\"@id\":\"https:\\\/\\\/www.ip.gov.py\\\/ip\\\/2020\\\/11\\\/03\\\/referentes-departamentales-se-adhieren-a-proceso-de-transformacion-educativa\\\/\"},\"author\":{\"name\":\"jzelada\",\"@id\":\"https:\\\/\\\/www.ip.gov.py\\\/ip\\\/#\\\/schema\\\/person\\\/b0f4c235f0f0d7a0985bbb33c6a7941e\"},\"headline\":\"Referentes departamentales se adhieren a proceso de Transformaci\u00f3n Educativa\",\"datePublished\":\"2020-11-03T17:46:41+00:00\",\"dateModified\":\"2020-11-03T18:30:23+00:00\",\"mainEntityOfPage\":{\"@id\":\"https:\\\/\\\/www.ip.gov.py\\\/ip\\\/2020\\\/11\\\/03\\\/referentes-departamentales-se-adhieren-a-proceso-de-transformacion-educativa\\\/\"},\"wordCount\":512,\"publisher\":{\"@id\":\"https:\\\/\\\/www.ip.gov.py\\\/ip\\\/#organization\"},\"image\":{\"@id\":\"https:\\\/\\\/www.ip.gov.py\\\/ip\\\/2020\\\/11\\\/03\\\/referentes-departamentales-se-adhieren-a-proceso-de-transformacion-educativa\\\/#primaryimage\"},\"thumbnailUrl\":\"https:\\\/\\\/www.ip.gov.py\\\/ip\\\/wp-content\\\/uploads\\\/2020\\\/10\\\/Transformaci\u00f3n-educativa-MEC.jpeg\",\"keywords\":[\"educaci\u00f3n paraguaya\",\"MEC\",\"paraguay\",\"transformaci\u00f3n educativa\"],\"articleSection\":[\"Educaci\u00f3n\",\"Nacionales\"],\"inLanguage\":\"es\"},{\"@type\":\"WebPage\",\"@id\":\"https:\\\/\\\/www.ip.gov.py\\\/ip\\\/2020\\\/11\\\/03\\\/referentes-departamentales-se-adhieren-a-proceso-de-transformacion-educativa\\\/\",\"url\":\"https:\\\/\\\/www.ip.gov.py\\\/ip\\\/2020\\\/11\\\/03\\\/referentes-departamentales-se-adhieren-a-proceso-de-transformacion-educativa\\\/\",\"name\":\"Referentes departamentales se adhieren a proceso de Transformaci\u00f3n Educativa - .::Agencia IP::.\",\"isPartOf\":{\"@id\":\"https:\\\/\\\/www.ip.gov.py\\\/ip\\\/#website\"},\"primaryImageOfPage\":{\"@id\":\"https:\\\/\\\/www.ip.gov.py\\\/ip\\\/2020\\\/11\\\/03\\\/referentes-departamentales-se-adhieren-a-proceso-de-transformacion-educativa\\\/#primaryimage\"},\"image\":{\"@id\":\"https:\\\/\\\/www.ip.gov.py\\\/ip\\\/2020\\\/11\\\/03\\\/referentes-departamentales-se-adhieren-a-proceso-de-transformacion-educativa\\\/#primaryimage\"},\"thumbnailUrl\":\"https:\\\/\\\/www.ip.gov.py\\\/ip\\\/wp-content\\\/uploads\\\/2020\\\/10\\\/Transformaci\u00f3n-educativa-MEC.jpeg\",\"datePublished\":\"2020-11-03T17:46:41+00:00\",\"dateModified\":\"2020-11-03T18:30:23+00:00\",\"breadcrumb\":{\"@id\":\"https:\\\/\\\/www.ip.gov.py\\\/ip\\\/2020\\\/11\\\/03\\\/referentes-departamentales-se-adhieren-a-proceso-de-transformacion-educativa\\\/#breadcrumb\"},\"inLanguage\":\"es\",\"potentialAction\":[{\"@type\":\"ReadAction\",\"target\":[\"https:\\\/\\\/www.ip.gov.py\\\/ip\\\/2020\\\/11\\\/03\\\/referentes-departamentales-se-adhieren-a-proceso-de-transformacion-educativa\\\/\"]}]},{\"@type\":\"ImageObject\",\"inLanguage\":\"es\",\"@id\":\"https:\\\/\\\/www.ip.gov.py\\\/ip\\\/2020\\\/11\\\/03\\\/referentes-departamentales-se-adhieren-a-proceso-de-transformacion-educativa\\\/#primaryimage\",\"url\":\"https:\\\/\\\/www.ip.gov.py\\\/ip\\\/wp-content\\\/uploads\\\/2020\\\/10\\\/Transformaci\u00f3n-educativa-MEC.jpeg\",\"contentUrl\":\"https:\\\/\\\/www.ip.gov.py\\\/ip\\\/wp-content\\\/uploads\\\/2020\\\/10\\\/Transformaci\u00f3n-educativa-MEC.jpeg\",\"width\":520,\"height\":294,\"caption\":\"Paraguay avanza en el proceso de Transformaci\u00f3n educativa. Foto MEC\"},{\"@type\":\"BreadcrumbList\",\"@id\":\"https:\\\/\\\/www.ip.gov.py\\\/ip\\\/2020\\\/11\\\/03\\\/referentes-departamentales-se-adhieren-a-proceso-de-transformacion-educativa\\\/#breadcrumb\",\"itemListElement\":[{\"@type\":\"ListItem\",\"position\":1,\"name\":\"Portada\",\"item\":\"https:\\\/\\\/www.ip.gov.py\\\/ip\\\/\"},{\"@type\":\"ListItem\",\"position\":2,\"name\":\"Referentes departamentales se adhieren a proceso de Transformaci\u00f3n Educativa\"}]},{\"@type\":\"WebSite\",\"@id\":\"https:\\\/\\\/www.ip.gov.py\\\/ip\\\/#website\",\"url\":\"https:\\\/\\\/www.ip.gov.py\\\/ip\\\/\",\"name\":\".::Agencia IP::.\",\"description\":\"\",\"publisher\":{\"@id\":\"https:\\\/\\\/www.ip.gov.py\\\/ip\\\/#organization\"},\"potentialAction\":[{\"@type\":\"SearchAction\",\"target\":{\"@type\":\"EntryPoint\",\"urlTemplate\":\"https:\\\/\\\/www.ip.gov.py\\\/ip\\\/?s={search_term_string}\"},\"query-input\":{\"@type\":\"PropertyValueSpecification\",\"valueRequired\":true,\"valueName\":\"search_term_string\"}}],\"inLanguage\":\"es\"},{\"@type\":\"Organization\",\"@id\":\"https:\\\/\\\/www.ip.gov.py\\\/ip\\\/#organization\",\"name\":\"Agencia IP\",\"url\":\"https:\\\/\\\/www.ip.gov.py\\\/ip\\\/\",\"logo\":{\"@type\":\"ImageObject\",\"inLanguage\":\"es\",\"@id\":\"https:\\\/\\\/www.ip.gov.py\\\/ip\\\/#\\\/schema\\\/logo\\\/image\\\/\",\"url\":\"https:\\\/\\\/www.ip.gov.py\\\/ip\\\/wp-content\\\/uploads\\\/2018\\\/01\\\/Agencia-IP.jpg\",\"contentUrl\":\"https:\\\/\\\/www.ip.gov.py\\\/ip\\\/wp-content\\\/uploads\\\/2018\\\/01\\\/Agencia-IP.jpg\",\"width\":150,\"height\":150,\"caption\":\"Agencia IP\"},\"image\":{\"@id\":\"https:\\\/\\\/www.ip.gov.py\\\/ip\\\/#\\\/schema\\\/logo\\\/image\\\/\"},\"sameAs\":[\"https:\\\/\\\/www.facebook.com\\\/IPParaguay\\\/\",\"https:\\\/\\\/x.com\\\/IPParaguay\",\"https:\\\/\\\/www.instagram.com\\\/IPParaguay\"]},{\"@type\":\"Person\",\"@id\":\"https:\\\/\\\/www.ip.gov.py\\\/ip\\\/#\\\/schema\\\/person\\\/b0f4c235f0f0d7a0985bbb33c6a7941e\",\"name\":\"jzelada\",\"url\":\"https:\\\/\\\/www.ip.gov.py\\\/ip\\\/author\\\/jzelada\\\/\"}]}<\/script>\n<!-- \/ Yoast SEO plugin. -->","yoast_head_json":{"title":"Referentes departamentales se adhieren a proceso de Transformaci\u00f3n Educativa - .::Agencia IP::.","robots":{"index":"index","follow":"follow","max-snippet":"max-snippet:-1","max-image-preview":"max-image-preview:large","max-video-preview":"max-video-preview:-1"},"canonical":"https:\/\/www.ip.gov.py\/ip\/2020\/11\/03\/referentes-departamentales-se-adhieren-a-proceso-de-transformacion-educativa\/","og_locale":"es_ES","og_type":"article","og_title":"Referentes departamentales se adhieren a proceso de Transformaci\u00f3n Educativa - .::Agencia IP::.","og_description":"Asunci\u00f3n, Paraguay, Agencia IP.- Mediante una consulta amplia y participativa donde se analiz\u00f3 el sistema de la educaci\u00f3n paraguaya, referentes departamentales iniciaron su adhesi\u00f3n al proceso de Transformaci\u00f3n Educativa que encara el Ministerio de Educaci\u00f3n y Ciencias (MEC).","og_url":"https:\/\/www.ip.gov.py\/ip\/2020\/11\/03\/referentes-departamentales-se-adhieren-a-proceso-de-transformacion-educativa\/","og_site_name":".::Agencia IP::.","article_publisher":"https:\/\/www.facebook.com\/IPParaguay\/","article_published_time":"2020-11-03T17:46:41+00:00","article_modified_time":"2020-11-03T18:30:23+00:00","og_image":[{"width":520,"height":294,"url":"https:\/\/www.ip.gov.py\/ip\/wp-content\/uploads\/2020\/10\/Transformaci\u00f3n-educativa-MEC.jpeg","type":"image\/jpeg"}],"author":"jzelada","twitter_card":"summary_large_image","twitter_creator":"@IPParaguay","twitter_site":"@IPParaguay","twitter_misc":{"Escrito por":"jzelada","Tiempo de lectura":"3 minutos"},"schema":{"@context":"https:\/\/schema.org","@graph":[{"@type":"Article","@id":"https:\/\/www.ip.gov.py\/ip\/2020\/11\/03\/referentes-departamentales-se-adhieren-a-proceso-de-transformacion-educativa\/#article","isPartOf":{"@id":"https:\/\/www.ip.gov.py\/ip\/2020\/11\/03\/referentes-departamentales-se-adhieren-a-proceso-de-transformacion-educativa\/"},"author":{"name":"jzelada","@id":"https:\/\/www.ip.gov.py\/ip\/#\/schema\/person\/b0f4c235f0f0d7a0985bbb33c6a7941e"},"headline":"Referentes departamentales se adhieren a proceso de Transformaci\u00f3n Educativa","datePublished":"2020-11-03T17:46:41+00:00","dateModified":"2020-11-03T18:30:23+00:00","mainEntityOfPage":{"@id":"https:\/\/www.ip.gov.py\/ip\/2020\/11\/03\/referentes-departamentales-se-adhieren-a-proceso-de-transformacion-educativa\/"},"wordCount":512,"publisher":{"@id":"https:\/\/www.ip.gov.py\/ip\/#organization"},"image":{"@id":"https:\/\/www.ip.gov.py\/ip\/2020\/11\/03\/referentes-departamentales-se-adhieren-a-proceso-de-transformacion-educativa\/#primaryimage"},"thumbnailUrl":"https:\/\/www.ip.gov.py\/ip\/wp-content\/uploads\/2020\/10\/Transformaci\u00f3n-educativa-MEC.jpeg","keywords":["educaci\u00f3n paraguaya","MEC","paraguay","transformaci\u00f3n educativa"],"articleSection":["Educaci\u00f3n","Nacionales"],"inLanguage":"es"},{"@type":"WebPage","@id":"https:\/\/www.ip.gov.py\/ip\/2020\/11\/03\/referentes-departamentales-se-adhieren-a-proceso-de-transformacion-educativa\/","url":"https:\/\/www.ip.gov.py\/ip\/2020\/11\/03\/referentes-departamentales-se-adhieren-a-proceso-de-transformacion-educativa\/","name":"Referentes departamentales se adhieren a proceso de Transformaci\u00f3n Educativa - .::Agencia IP::.","isPartOf":{"@id":"https:\/\/www.ip.gov.py\/ip\/#website"},"primaryImageOfPage":{"@id":"https:\/\/www.ip.gov.py\/ip\/2020\/11\/03\/referentes-departamentales-se-adhieren-a-proceso-de-transformacion-educativa\/#primaryimage"},"image":{"@id":"https:\/\/www.ip.gov.py\/ip\/2020\/11\/03\/referentes-departamentales-se-adhieren-a-proceso-de-transformacion-educativa\/#primaryimage"},"thumbnailUrl":"https:\/\/www.ip.gov.py\/ip\/wp-content\/uploads\/2020\/10\/Transformaci\u00f3n-educativa-MEC.jpeg","datePublished":"2020-11-03T17:46:41+00:00","dateModified":"2020-11-03T18:30:23+00:00","breadcrumb":{"@id":"https:\/\/www.ip.gov.py\/ip\/2020\/11\/03\/referentes-departamentales-se-adhieren-a-proceso-de-transformacion-educativa\/#breadcrumb"},"inLanguage":"es","potentialAction":[{"@type":"ReadAction","target":["https:\/\/www.ip.gov.py\/ip\/2020\/11\/03\/referentes-departamentales-se-adhieren-a-proceso-de-transformacion-educativa\/"]}]},{"@type":"ImageObject","inLanguage":"es","@id":"https:\/\/www.ip.gov.py\/ip\/2020\/11\/03\/referentes-departamentales-se-adhieren-a-proceso-de-transformacion-educativa\/#primaryimage","url":"https:\/\/www.ip.gov.py\/ip\/wp-content\/uploads\/2020\/10\/Transformaci\u00f3n-educativa-MEC.jpeg","contentUrl":"https:\/\/www.ip.gov.py\/ip\/wp-content\/uploads\/2020\/10\/Transformaci\u00f3n-educativa-MEC.jpeg","width":520,"height":294,"caption":"Paraguay avanza en el proceso de Transformaci\u00f3n educativa. Foto MEC"},{"@type":"BreadcrumbList","@id":"https:\/\/www.ip.gov.py\/ip\/2020\/11\/03\/referentes-departamentales-se-adhieren-a-proceso-de-transformacion-educativa\/#breadcrumb","itemListElement":[{"@type":"ListItem","position":1,"name":"Portada","item":"https:\/\/www.ip.gov.py\/ip\/"},{"@type":"ListItem","position":2,"name":"Referentes departamentales se adhieren a proceso de Transformaci\u00f3n Educativa"}]},{"@type":"WebSite","@id":"https:\/\/www.ip.gov.py\/ip\/#website","url":"https:\/\/www.ip.gov.py\/ip\/","name":".::Agencia IP::.","description":"","publisher":{"@id":"https:\/\/www.ip.gov.py\/ip\/#organization"},"potentialAction":[{"@type":"SearchAction","target":{"@type":"EntryPoint","urlTemplate":"https:\/\/www.ip.gov.py\/ip\/?s={search_term_string}"},"query-input":{"@type":"PropertyValueSpecification","valueRequired":true,"valueName":"search_term_string"}}],"inLanguage":"es"},{"@type":"Organization","@id":"https:\/\/www.ip.gov.py\/ip\/#organization","name":"Agencia IP","url":"https:\/\/www.ip.gov.py\/ip\/","logo":{"@type":"ImageObject","inLanguage":"es","@id":"https:\/\/www.ip.gov.py\/ip\/#\/schema\/logo\/image\/","url":"https:\/\/www.ip.gov.py\/ip\/wp-content\/uploads\/2018\/01\/Agencia-IP.jpg","contentUrl":"https:\/\/www.ip.gov.py\/ip\/wp-content\/uploads\/2018\/01\/Agencia-IP.jpg","width":150,"height":150,"caption":"Agencia IP"},"image":{"@id":"https:\/\/www.ip.gov.py\/ip\/#\/schema\/logo\/image\/"},"sameAs":["https:\/\/www.facebook.com\/IPParaguay\/","https:\/\/x.com\/IPParaguay","https:\/\/www.instagram.com\/IPParaguay"]},{"@type":"Person","@id":"https:\/\/www.ip.gov.py\/ip\/#\/schema\/person\/b0f4c235f0f0d7a0985bbb33c6a7941e","name":"jzelada","url":"https:\/\/www.ip.gov.py\/ip\/author\/jzelada\/"}]}},"_links":{"self":[{"href":"https:\/\/www.ip.gov.py\/ip\/wp-json\/wp\/v2\/posts\/340994","targetHints":{"allow":["GET"]}}],"collection":[{"href":"https:\/\/www.ip.gov.py\/ip\/wp-json\/wp\/v2\/posts"}],"about":[{"href":"https:\/\/www.ip.gov.py\/ip\/wp-json\/wp\/v2\/types\/post"}],"author":[{"embeddable":true,"href":"https:\/\/www.ip.gov.py\/ip\/wp-json\/wp\/v2\/users\/29"}],"replies":[{"embeddable":true,"href":"https:\/\/www.ip.gov.py\/ip\/wp-json\/wp\/v2\/comments?post=340994"}],"version-history":[{"count":0,"href":"https:\/\/www.ip.gov.py\/ip\/wp-json\/wp\/v2\/posts\/340994\/revisions"}],"wp:featuredmedia":[{"embeddable":true,"href":"https:\/\/www.ip.gov.py\/ip\/wp-json\/wp\/v2\/media\/336488"}],"wp:attachment":[{"href":"https:\/\/www.ip.gov.py\/ip\/wp-json\/wp\/v2\/media?parent=340994"}],"wp:term":[{"taxonomy":"category","embeddable":true,"href":"https:\/\/www.ip.gov.py\/ip\/wp-json\/wp\/v2\/categories?post=340994"},{"taxonomy":"post_tag","embeddable":true,"href":"https:\/\/www.ip.gov.py\/ip\/wp-json\/wp\/v2\/tags?post=340994"}],"curies":[{"name":"wp","href":"https:\/\/api.w.org\/{rel}","templated":true}]}}