{"id":341853,"date":"2020-11-10T08:32:43","date_gmt":"2020-11-10T11:32:43","guid":{"rendered":"https:\/\/www.ip.gov.py\/ip\/?p=341853"},"modified":"2020-11-10T11:41:07","modified_gmt":"2020-11-10T14:41:07","slug":"mec-desmiente-brotes-de-covid-19-en-colegio-de-cordillera","status":"publish","type":"post","link":"https:\/\/www.ip.gov.py\/ip\/2020\/11\/10\/mec-desmiente-brotes-de-covid-19-en-colegio-de-cordillera\/","title":{"rendered":"MEC desmiente brotes de covid-19 en colegio de Cordillera"},"content":{"rendered":"<p style=\"text-align: justify;\"><em><strong>Asunci\u00f3n, Paraguay, Agencia IP.-<\/strong><\/em> El Ministerio de Educaci\u00f3n y Ciencias (MEC) desminti\u00f3 un supuesto brote de casos positivos de covid-19 en una instituci\u00f3n educativa del departamento de Cordillera, y aclar\u00f3 que el colegio ni siquiera estaba incluido entre los habilitados para el retorno a clases.<!--more--><\/p>\n<p style=\"text-align: justify;\">A trav\u00e9s de un comunicado, el MEC inform\u00f3 que desde la Direcci\u00f3n Departamental de Cordillera se verific\u00f3 la condici\u00f3n de las instalaciones de los colegios de la zona mediante la supervisi\u00f3n de la Comisi\u00f3n de Riesgos, en la primera semana de noviembre, por lo que se desmiente alg\u00fan brote del nuevo coronavirus en establecimientos educativos.<\/p>\n<p style=\"text-align: justify;\">En este contexto, se aclara que el Colegio Nacional \u201cDefensores del Chaco\u201d del distrito de Isla Puc\u00fa, no est\u00e1 incluido dentro de las instituciones educativas habilitadas para el retorno a clases presenciales en Cordillera.<\/p>\n<p style=\"text-align: justify;\">\u201cDesde la cartera educativa, se insta a la ciudadan\u00eda a recurrir a las instancias correspondientes, para acceder a la informaci\u00f3n oficial y confiable, evitando as\u00ed la viralizaci\u00f3n de noticias imprecisas, falsas o maliciosas\u201d, recomend\u00f3 el MEC.<\/p>\n<p style=\"text-align: justify;\">As\u00ed tambi\u00e9n la instituci\u00f3n informa que durante la semana del 2 al 6 de noviembre, se desarroll\u00f3 la primera fase del retorno voluntario a clases presenciales, verificando las instalaciones educativas de cada instituci\u00f3n con supervisi\u00f3n de la Comisi\u00f3n de Riesgos.<\/p>\n<p style=\"text-align: justify;\">En base a protocolo y a la gu\u00eda de orientaciones para el <a href=\"https:\/\/www.ip.gov.py\/ip\/mec-implementara-sistema-hibrido-y-voluntario-para-un-posible-retorno-a-clases\/\" target=\"_blank\" rel=\"noopener noreferrer\">retorno seguro a clases presenciales<\/a>, el MEC prev\u00e9 el monitoreo constante de las diferentes instituciones educativas en todo el pa\u00eds, que cuenten con la habilitaci\u00f3n pertinente para recibir a los estudiantes del \u00faltimo a\u00f1o de la Educaci\u00f3n Media, asegura la cartera de Estado.<\/p>\n<p style=\"text-align: justify;\">En su <a href=\"https:\/\/twitter.com\/EduardoPetta\" target=\"_blank\" rel=\"noopener noreferrer\">cuenta de Twitter<\/a>, el ministro de Educaci\u00f3n, Eduardo Petta, asegur\u00f3 que \u201cNo se han reportado casos de brotes en instituciones educativas, en docentes, ni alumnos de la instituci\u00f3n mencionada\u201d, tal como lo manifest\u00f3 el director de la Tercera Regi\u00f3n Sanitaria de Cordillera, doctor Eduardo Jara.<\/p>\n<p style=\"text-align: justify;\">Para acceder al comunicado de la Direcci\u00f3n Departamental de Cordillera y de la Tercera Regi\u00f3n Sanitaria Cordillera hacer <a href=\"https:\/\/www.mec.gov.py\/cms\/?ref=300069-el-mec-desmiente-brotes-de-casos-positivos-de--covid-19-en-instituciones-educativas-de-cordillera\">click aqu\u00ed<\/a>.<\/p>\n","protected":false},"excerpt":{"rendered":"<p>Asunci\u00f3n, Paraguay, Agencia IP.- El Ministerio de Educaci\u00f3n y Ciencias (MEC) desminti\u00f3 un supuesto brote de casos positivos de covid-19 en una instituci\u00f3n educativa del departamento de Cordillera, y aclar\u00f3 que el colegio ni siquiera estaba incluido entre los habilitados para el retorno a clases.<\/p>\n","protected":false},"author":29,"featured_media":311049,"comment_status":"closed","ping_status":"closed","sticky":false,"template":"","format":"standard","meta":{"_monsterinsights_skip_tracking":false,"_monsterinsights_sitenote_active":false,"_monsterinsights_sitenote_note":"","_monsterinsights_sitenote_category":0,"footnotes":""},"categories":[2988,4],"tags":[1153,2985,40,3141],"class_list":{"0":"post-341853","1":"post","2":"type-post","3":"status-publish","4":"format-standard","5":"has-post-thumbnail","7":"category-educacion","8":"category-nacionales","9":"tag-cordillera","10":"tag-covid-19","11":"tag-mec","12":"tag-retorno-a-clases"},"yoast_head":"<!-- This site is optimized with the Yoast SEO plugin v27.5 - https:\/\/yoast.com\/product\/yoast-seo-wordpress\/ -->\n<title>MEC desmiente brotes de covid-19 en colegio de Cordillera - .::Agencia IP::.<\/title>\n<meta name=\"robots\" content=\"index, follow, max-snippet:-1, max-image-preview:large, max-video-preview:-1\" \/>\n<link rel=\"canonical\" href=\"https:\/\/www.ip.gov.py\/ip\/2020\/11\/10\/mec-desmiente-brotes-de-covid-19-en-colegio-de-cordillera\/\" \/>\n<meta property=\"og:locale\" content=\"es_ES\" \/>\n<meta property=\"og:type\" content=\"article\" \/>\n<meta property=\"og:title\" content=\"MEC desmiente brotes de covid-19 en colegio de Cordillera - .::Agencia IP::.\" \/>\n<meta property=\"og:description\" content=\"Asunci\u00f3n, Paraguay, Agencia IP.- El Ministerio de Educaci\u00f3n y Ciencias (MEC) desminti\u00f3 un supuesto brote de casos positivos de covid-19 en una instituci\u00f3n educativa del departamento de Cordillera, y aclar\u00f3 que el colegio ni siquiera estaba incluido entre los habilitados para el retorno a clases.\" \/>\n<meta property=\"og:url\" content=\"https:\/\/www.ip.gov.py\/ip\/2020\/11\/10\/mec-desmiente-brotes-de-covid-19-en-colegio-de-cordillera\/\" \/>\n<meta property=\"og:site_name\" content=\".::Agencia IP::.\" \/>\n<meta property=\"article:publisher\" content=\"https:\/\/www.facebook.com\/IPParaguay\/\" \/>\n<meta property=\"article:published_time\" content=\"2020-11-10T11:32:43+00:00\" \/>\n<meta property=\"article:modified_time\" content=\"2020-11-10T14:41:07+00:00\" \/>\n<meta property=\"og:image\" content=\"https:\/\/www.ip.gov.py\/ip\/wp-content\/uploads\/2020\/04\/Eduardo-Petta-Educaico\u0301n-.jpeg\" \/>\n\t<meta property=\"og:image:width\" content=\"1280\" \/>\n\t<meta property=\"og:image:height\" content=\"853\" \/>\n\t<meta property=\"og:image:type\" content=\"image\/jpeg\" \/>\n<meta name=\"author\" content=\"jzelada\" \/>\n<meta name=\"twitter:card\" content=\"summary_large_image\" \/>\n<meta name=\"twitter:creator\" content=\"@IPParaguay\" \/>\n<meta name=\"twitter:site\" content=\"@IPParaguay\" \/>\n<meta name=\"twitter:label1\" content=\"Escrito por\" \/>\n\t<meta name=\"twitter:data1\" content=\"jzelada\" \/>\n\t<meta name=\"twitter:label2\" content=\"Tiempo de lectura\" \/>\n\t<meta name=\"twitter:data2\" content=\"2 minutos\" \/>\n<script type=\"application\/ld+json\" class=\"yoast-schema-graph\">{\"@context\":\"https:\\\/\\\/schema.org\",\"@graph\":[{\"@type\":\"Article\",\"@id\":\"https:\\\/\\\/www.ip.gov.py\\\/ip\\\/2020\\\/11\\\/10\\\/mec-desmiente-brotes-de-covid-19-en-colegio-de-cordillera\\\/#article\",\"isPartOf\":{\"@id\":\"https:\\\/\\\/www.ip.gov.py\\\/ip\\\/2020\\\/11\\\/10\\\/mec-desmiente-brotes-de-covid-19-en-colegio-de-cordillera\\\/\"},\"author\":{\"name\":\"jzelada\",\"@id\":\"https:\\\/\\\/www.ip.gov.py\\\/ip\\\/#\\\/schema\\\/person\\\/b0f4c235f0f0d7a0985bbb33c6a7941e\"},\"headline\":\"MEC desmiente brotes de covid-19 en colegio de Cordillera\",\"datePublished\":\"2020-11-10T11:32:43+00:00\",\"dateModified\":\"2020-11-10T14:41:07+00:00\",\"mainEntityOfPage\":{\"@id\":\"https:\\\/\\\/www.ip.gov.py\\\/ip\\\/2020\\\/11\\\/10\\\/mec-desmiente-brotes-de-covid-19-en-colegio-de-cordillera\\\/\"},\"wordCount\":367,\"publisher\":{\"@id\":\"https:\\\/\\\/www.ip.gov.py\\\/ip\\\/#organization\"},\"image\":{\"@id\":\"https:\\\/\\\/www.ip.gov.py\\\/ip\\\/2020\\\/11\\\/10\\\/mec-desmiente-brotes-de-covid-19-en-colegio-de-cordillera\\\/#primaryimage\"},\"thumbnailUrl\":\"https:\\\/\\\/www.ip.gov.py\\\/ip\\\/wp-content\\\/uploads\\\/2020\\\/04\\\/Eduardo-Petta-Educaico\u0301n-.jpeg\",\"keywords\":[\"Cordillera\",\"covid-19\",\"MEC\",\"retorno a clases\"],\"articleSection\":[\"Educaci\u00f3n\",\"Nacionales\"],\"inLanguage\":\"es\"},{\"@type\":\"WebPage\",\"@id\":\"https:\\\/\\\/www.ip.gov.py\\\/ip\\\/2020\\\/11\\\/10\\\/mec-desmiente-brotes-de-covid-19-en-colegio-de-cordillera\\\/\",\"url\":\"https:\\\/\\\/www.ip.gov.py\\\/ip\\\/2020\\\/11\\\/10\\\/mec-desmiente-brotes-de-covid-19-en-colegio-de-cordillera\\\/\",\"name\":\"MEC desmiente brotes de covid-19 en colegio de Cordillera - .::Agencia IP::.\",\"isPartOf\":{\"@id\":\"https:\\\/\\\/www.ip.gov.py\\\/ip\\\/#website\"},\"primaryImageOfPage\":{\"@id\":\"https:\\\/\\\/www.ip.gov.py\\\/ip\\\/2020\\\/11\\\/10\\\/mec-desmiente-brotes-de-covid-19-en-colegio-de-cordillera\\\/#primaryimage\"},\"image\":{\"@id\":\"https:\\\/\\\/www.ip.gov.py\\\/ip\\\/2020\\\/11\\\/10\\\/mec-desmiente-brotes-de-covid-19-en-colegio-de-cordillera\\\/#primaryimage\"},\"thumbnailUrl\":\"https:\\\/\\\/www.ip.gov.py\\\/ip\\\/wp-content\\\/uploads\\\/2020\\\/04\\\/Eduardo-Petta-Educaico\u0301n-.jpeg\",\"datePublished\":\"2020-11-10T11:32:43+00:00\",\"dateModified\":\"2020-11-10T14:41:07+00:00\",\"breadcrumb\":{\"@id\":\"https:\\\/\\\/www.ip.gov.py\\\/ip\\\/2020\\\/11\\\/10\\\/mec-desmiente-brotes-de-covid-19-en-colegio-de-cordillera\\\/#breadcrumb\"},\"inLanguage\":\"es\",\"potentialAction\":[{\"@type\":\"ReadAction\",\"target\":[\"https:\\\/\\\/www.ip.gov.py\\\/ip\\\/2020\\\/11\\\/10\\\/mec-desmiente-brotes-de-covid-19-en-colegio-de-cordillera\\\/\"]}]},{\"@type\":\"ImageObject\",\"inLanguage\":\"es\",\"@id\":\"https:\\\/\\\/www.ip.gov.py\\\/ip\\\/2020\\\/11\\\/10\\\/mec-desmiente-brotes-de-covid-19-en-colegio-de-cordillera\\\/#primaryimage\",\"url\":\"https:\\\/\\\/www.ip.gov.py\\\/ip\\\/wp-content\\\/uploads\\\/2020\\\/04\\\/Eduardo-Petta-Educaico\u0301n-.jpeg\",\"contentUrl\":\"https:\\\/\\\/www.ip.gov.py\\\/ip\\\/wp-content\\\/uploads\\\/2020\\\/04\\\/Eduardo-Petta-Educaico\u0301n-.jpeg\",\"width\":1280,\"height\":853,\"caption\":\"El ministro Eduardo Petta desminti\u00f3 brote de covid-19 en colegio de Cordillera. Foto: MEC\"},{\"@type\":\"BreadcrumbList\",\"@id\":\"https:\\\/\\\/www.ip.gov.py\\\/ip\\\/2020\\\/11\\\/10\\\/mec-desmiente-brotes-de-covid-19-en-colegio-de-cordillera\\\/#breadcrumb\",\"itemListElement\":[{\"@type\":\"ListItem\",\"position\":1,\"name\":\"Portada\",\"item\":\"https:\\\/\\\/www.ip.gov.py\\\/ip\\\/\"},{\"@type\":\"ListItem\",\"position\":2,\"name\":\"MEC desmiente brotes de covid-19 en colegio de Cordillera\"}]},{\"@type\":\"WebSite\",\"@id\":\"https:\\\/\\\/www.ip.gov.py\\\/ip\\\/#website\",\"url\":\"https:\\\/\\\/www.ip.gov.py\\\/ip\\\/\",\"name\":\".::Agencia IP::.\",\"description\":\"\",\"publisher\":{\"@id\":\"https:\\\/\\\/www.ip.gov.py\\\/ip\\\/#organization\"},\"potentialAction\":[{\"@type\":\"SearchAction\",\"target\":{\"@type\":\"EntryPoint\",\"urlTemplate\":\"https:\\\/\\\/www.ip.gov.py\\\/ip\\\/?s={search_term_string}\"},\"query-input\":{\"@type\":\"PropertyValueSpecification\",\"valueRequired\":true,\"valueName\":\"search_term_string\"}}],\"inLanguage\":\"es\"},{\"@type\":\"Organization\",\"@id\":\"https:\\\/\\\/www.ip.gov.py\\\/ip\\\/#organization\",\"name\":\"Agencia IP\",\"url\":\"https:\\\/\\\/www.ip.gov.py\\\/ip\\\/\",\"logo\":{\"@type\":\"ImageObject\",\"inLanguage\":\"es\",\"@id\":\"https:\\\/\\\/www.ip.gov.py\\\/ip\\\/#\\\/schema\\\/logo\\\/image\\\/\",\"url\":\"https:\\\/\\\/www.ip.gov.py\\\/ip\\\/wp-content\\\/uploads\\\/2018\\\/01\\\/Agencia-IP.jpg\",\"contentUrl\":\"https:\\\/\\\/www.ip.gov.py\\\/ip\\\/wp-content\\\/uploads\\\/2018\\\/01\\\/Agencia-IP.jpg\",\"width\":150,\"height\":150,\"caption\":\"Agencia IP\"},\"image\":{\"@id\":\"https:\\\/\\\/www.ip.gov.py\\\/ip\\\/#\\\/schema\\\/logo\\\/image\\\/\"},\"sameAs\":[\"https:\\\/\\\/www.facebook.com\\\/IPParaguay\\\/\",\"https:\\\/\\\/x.com\\\/IPParaguay\",\"https:\\\/\\\/www.instagram.com\\\/IPParaguay\"]},{\"@type\":\"Person\",\"@id\":\"https:\\\/\\\/www.ip.gov.py\\\/ip\\\/#\\\/schema\\\/person\\\/b0f4c235f0f0d7a0985bbb33c6a7941e\",\"name\":\"jzelada\",\"url\":\"https:\\\/\\\/www.ip.gov.py\\\/ip\\\/author\\\/jzelada\\\/\"}]}<\/script>\n<!-- \/ Yoast SEO plugin. -->","yoast_head_json":{"title":"MEC desmiente brotes de covid-19 en colegio de Cordillera - .::Agencia IP::.","robots":{"index":"index","follow":"follow","max-snippet":"max-snippet:-1","max-image-preview":"max-image-preview:large","max-video-preview":"max-video-preview:-1"},"canonical":"https:\/\/www.ip.gov.py\/ip\/2020\/11\/10\/mec-desmiente-brotes-de-covid-19-en-colegio-de-cordillera\/","og_locale":"es_ES","og_type":"article","og_title":"MEC desmiente brotes de covid-19 en colegio de Cordillera - .::Agencia IP::.","og_description":"Asunci\u00f3n, Paraguay, Agencia IP.- El Ministerio de Educaci\u00f3n y Ciencias (MEC) desminti\u00f3 un supuesto brote de casos positivos de covid-19 en una instituci\u00f3n educativa del departamento de Cordillera, y aclar\u00f3 que el colegio ni siquiera estaba incluido entre los habilitados para el retorno a clases.","og_url":"https:\/\/www.ip.gov.py\/ip\/2020\/11\/10\/mec-desmiente-brotes-de-covid-19-en-colegio-de-cordillera\/","og_site_name":".::Agencia IP::.","article_publisher":"https:\/\/www.facebook.com\/IPParaguay\/","article_published_time":"2020-11-10T11:32:43+00:00","article_modified_time":"2020-11-10T14:41:07+00:00","og_image":[{"width":1280,"height":853,"url":"https:\/\/www.ip.gov.py\/ip\/wp-content\/uploads\/2020\/04\/Eduardo-Petta-Educaico\u0301n-.jpeg","type":"image\/jpeg"}],"author":"jzelada","twitter_card":"summary_large_image","twitter_creator":"@IPParaguay","twitter_site":"@IPParaguay","twitter_misc":{"Escrito por":"jzelada","Tiempo de lectura":"2 minutos"},"schema":{"@context":"https:\/\/schema.org","@graph":[{"@type":"Article","@id":"https:\/\/www.ip.gov.py\/ip\/2020\/11\/10\/mec-desmiente-brotes-de-covid-19-en-colegio-de-cordillera\/#article","isPartOf":{"@id":"https:\/\/www.ip.gov.py\/ip\/2020\/11\/10\/mec-desmiente-brotes-de-covid-19-en-colegio-de-cordillera\/"},"author":{"name":"jzelada","@id":"https:\/\/www.ip.gov.py\/ip\/#\/schema\/person\/b0f4c235f0f0d7a0985bbb33c6a7941e"},"headline":"MEC desmiente brotes de covid-19 en colegio de Cordillera","datePublished":"2020-11-10T11:32:43+00:00","dateModified":"2020-11-10T14:41:07+00:00","mainEntityOfPage":{"@id":"https:\/\/www.ip.gov.py\/ip\/2020\/11\/10\/mec-desmiente-brotes-de-covid-19-en-colegio-de-cordillera\/"},"wordCount":367,"publisher":{"@id":"https:\/\/www.ip.gov.py\/ip\/#organization"},"image":{"@id":"https:\/\/www.ip.gov.py\/ip\/2020\/11\/10\/mec-desmiente-brotes-de-covid-19-en-colegio-de-cordillera\/#primaryimage"},"thumbnailUrl":"https:\/\/www.ip.gov.py\/ip\/wp-content\/uploads\/2020\/04\/Eduardo-Petta-Educaico\u0301n-.jpeg","keywords":["Cordillera","covid-19","MEC","retorno a clases"],"articleSection":["Educaci\u00f3n","Nacionales"],"inLanguage":"es"},{"@type":"WebPage","@id":"https:\/\/www.ip.gov.py\/ip\/2020\/11\/10\/mec-desmiente-brotes-de-covid-19-en-colegio-de-cordillera\/","url":"https:\/\/www.ip.gov.py\/ip\/2020\/11\/10\/mec-desmiente-brotes-de-covid-19-en-colegio-de-cordillera\/","name":"MEC desmiente brotes de covid-19 en colegio de Cordillera - .::Agencia IP::.","isPartOf":{"@id":"https:\/\/www.ip.gov.py\/ip\/#website"},"primaryImageOfPage":{"@id":"https:\/\/www.ip.gov.py\/ip\/2020\/11\/10\/mec-desmiente-brotes-de-covid-19-en-colegio-de-cordillera\/#primaryimage"},"image":{"@id":"https:\/\/www.ip.gov.py\/ip\/2020\/11\/10\/mec-desmiente-brotes-de-covid-19-en-colegio-de-cordillera\/#primaryimage"},"thumbnailUrl":"https:\/\/www.ip.gov.py\/ip\/wp-content\/uploads\/2020\/04\/Eduardo-Petta-Educaico\u0301n-.jpeg","datePublished":"2020-11-10T11:32:43+00:00","dateModified":"2020-11-10T14:41:07+00:00","breadcrumb":{"@id":"https:\/\/www.ip.gov.py\/ip\/2020\/11\/10\/mec-desmiente-brotes-de-covid-19-en-colegio-de-cordillera\/#breadcrumb"},"inLanguage":"es","potentialAction":[{"@type":"ReadAction","target":["https:\/\/www.ip.gov.py\/ip\/2020\/11\/10\/mec-desmiente-brotes-de-covid-19-en-colegio-de-cordillera\/"]}]},{"@type":"ImageObject","inLanguage":"es","@id":"https:\/\/www.ip.gov.py\/ip\/2020\/11\/10\/mec-desmiente-brotes-de-covid-19-en-colegio-de-cordillera\/#primaryimage","url":"https:\/\/www.ip.gov.py\/ip\/wp-content\/uploads\/2020\/04\/Eduardo-Petta-Educaico\u0301n-.jpeg","contentUrl":"https:\/\/www.ip.gov.py\/ip\/wp-content\/uploads\/2020\/04\/Eduardo-Petta-Educaico\u0301n-.jpeg","width":1280,"height":853,"caption":"El ministro Eduardo Petta desminti\u00f3 brote de covid-19 en colegio de Cordillera. Foto: MEC"},{"@type":"BreadcrumbList","@id":"https:\/\/www.ip.gov.py\/ip\/2020\/11\/10\/mec-desmiente-brotes-de-covid-19-en-colegio-de-cordillera\/#breadcrumb","itemListElement":[{"@type":"ListItem","position":1,"name":"Portada","item":"https:\/\/www.ip.gov.py\/ip\/"},{"@type":"ListItem","position":2,"name":"MEC desmiente brotes de covid-19 en colegio de Cordillera"}]},{"@type":"WebSite","@id":"https:\/\/www.ip.gov.py\/ip\/#website","url":"https:\/\/www.ip.gov.py\/ip\/","name":".::Agencia IP::.","description":"","publisher":{"@id":"https:\/\/www.ip.gov.py\/ip\/#organization"},"potentialAction":[{"@type":"SearchAction","target":{"@type":"EntryPoint","urlTemplate":"https:\/\/www.ip.gov.py\/ip\/?s={search_term_string}"},"query-input":{"@type":"PropertyValueSpecification","valueRequired":true,"valueName":"search_term_string"}}],"inLanguage":"es"},{"@type":"Organization","@id":"https:\/\/www.ip.gov.py\/ip\/#organization","name":"Agencia IP","url":"https:\/\/www.ip.gov.py\/ip\/","logo":{"@type":"ImageObject","inLanguage":"es","@id":"https:\/\/www.ip.gov.py\/ip\/#\/schema\/logo\/image\/","url":"https:\/\/www.ip.gov.py\/ip\/wp-content\/uploads\/2018\/01\/Agencia-IP.jpg","contentUrl":"https:\/\/www.ip.gov.py\/ip\/wp-content\/uploads\/2018\/01\/Agencia-IP.jpg","width":150,"height":150,"caption":"Agencia IP"},"image":{"@id":"https:\/\/www.ip.gov.py\/ip\/#\/schema\/logo\/image\/"},"sameAs":["https:\/\/www.facebook.com\/IPParaguay\/","https:\/\/x.com\/IPParaguay","https:\/\/www.instagram.com\/IPParaguay"]},{"@type":"Person","@id":"https:\/\/www.ip.gov.py\/ip\/#\/schema\/person\/b0f4c235f0f0d7a0985bbb33c6a7941e","name":"jzelada","url":"https:\/\/www.ip.gov.py\/ip\/author\/jzelada\/"}]}},"_links":{"self":[{"href":"https:\/\/www.ip.gov.py\/ip\/wp-json\/wp\/v2\/posts\/341853","targetHints":{"allow":["GET"]}}],"collection":[{"href":"https:\/\/www.ip.gov.py\/ip\/wp-json\/wp\/v2\/posts"}],"about":[{"href":"https:\/\/www.ip.gov.py\/ip\/wp-json\/wp\/v2\/types\/post"}],"author":[{"embeddable":true,"href":"https:\/\/www.ip.gov.py\/ip\/wp-json\/wp\/v2\/users\/29"}],"replies":[{"embeddable":true,"href":"https:\/\/www.ip.gov.py\/ip\/wp-json\/wp\/v2\/comments?post=341853"}],"version-history":[{"count":0,"href":"https:\/\/www.ip.gov.py\/ip\/wp-json\/wp\/v2\/posts\/341853\/revisions"}],"wp:featuredmedia":[{"embeddable":true,"href":"https:\/\/www.ip.gov.py\/ip\/wp-json\/wp\/v2\/media\/311049"}],"wp:attachment":[{"href":"https:\/\/www.ip.gov.py\/ip\/wp-json\/wp\/v2\/media?parent=341853"}],"wp:term":[{"taxonomy":"category","embeddable":true,"href":"https:\/\/www.ip.gov.py\/ip\/wp-json\/wp\/v2\/categories?post=341853"},{"taxonomy":"post_tag","embeddable":true,"href":"https:\/\/www.ip.gov.py\/ip\/wp-json\/wp\/v2\/tags?post=341853"}],"curies":[{"name":"wp","href":"https:\/\/api.w.org\/{rel}","templated":true}]}}