{"id":344165,"date":"2020-11-25T09:09:55","date_gmt":"2020-11-25T12:09:55","guid":{"rendered":"https:\/\/www.ip.gov.py\/ip\/?p=344165"},"modified":"2020-11-25T09:34:57","modified_gmt":"2020-11-25T12:34:57","slug":"la-onu-defendio-el-derecho-de-migrantes-a-acceder-a-la-vacuna-contra-el-covid-19","status":"publish","type":"post","link":"https:\/\/www.ip.gov.py\/ip\/2020\/11\/25\/la-onu-defendio-el-derecho-de-migrantes-a-acceder-a-la-vacuna-contra-el-covid-19\/","title":{"rendered":"La ONU defendi\u00f3 el derecho de migrantes a acceder a la vacuna contra el vovid-19"},"content":{"rendered":"<p style=\"text-align: justify;\"><em><strong>Nueva York.-<\/strong><\/em>Las Naciones Unidas agreg\u00f3 que \u201cno se puede permitir que estas poblaciones se vean privadas de las vacunas, una de las mejores rutas para salir de la pandemia\u201d<!--more--><\/p>\n<p style=\"text-align: justify;\">Una cantidad \u201cdesproporcionada\u201d de migrantes, refugiados y desplazados se quedan fuera de los programas rutinarios de vacunaci\u00f3n, por lo que la Organizaci\u00f3n Internacional para las Migraciones (OIM) ha recordado el derecho que tienen al acceso a vacunas, especialmente a la pr\u00f3xima inoculaci\u00f3n contra el coronavirus, por lo que deben ser incluidos en las estrategias de los gobiernos.<\/p>\n<p style=\"text-align: justify;\">Para esto, la OIM se ha aliado con la Alianza para las Vacunas Gavi, para \u201cgarantizar que los migrantes y las personas desplazadas por la fuerza sean considerados e incluidos en los esfuerzos para encontrar y distribuir una vacuna contra la COVID-19\u201d.<\/p>\n<p style=\"text-align: justify;\">\u201cA pesar del enorme progreso en las \u00faltimas dos d\u00e9cadas para garantizar que los ni\u00f1os de todo el mundo tengan acceso a vacunas que salvan vidas, cada a\u00f1o 14 millones de ni\u00f1os siguen sin recibir las b\u00e1sicas\u201d, ha lamentado el director ejecutivo de Gavi, Seth Berkley, que ha detallado que la mayor\u00eda de ellos provienen de poblaciones de migrantes, refugiados y desplazados.<\/p>\n<p style=\"text-align: justify;\">En este sentido, Berkley ha advertido de que \u201cno se puede permitir que estas poblaciones se vean privadas de las vacunas COVID-19, una de las mejores rutas para salir de la pandemia\u201d.<\/p>\n<p style=\"text-align: justify;\">\u201cPara que la distribuci\u00f3n de cualquier posible vacuna COVID-19 sea lo m\u00e1s justa y equitativa posible, la OIM contribuir\u00e1 con su experiencia en salud, datos y otras capacidades t\u00e9cnicas basadas en su vasta experiencia trabajando con migrantes y personas desplazadas por la fuerza. Es fundamental para el bienestar de todos no dejar atr\u00e1s a los que est\u00e1n en mayor riesgo\u201d, ha asegurado el director general de la OIM, Ant\u00f3nio Vitorino.<\/p>\n<p style=\"text-align: justify;\">La experiencia e infraestructura de la OIM incluye un \u201cs\u00f3lido sistema de distribuci\u00f3n y almacenamiento de vacunas, con personal continuamente capacitado y actualizado con las normas internacionales\u201d, ha resaltado Vitorino.<\/p>\n<p style=\"text-align: justify;\">Con este objetivo nace la asociaci\u00f3n entre ambos organismos, para asegurar la inclusi\u00f3n de estas poblaciones \u201cen las respuestas de los gobiernos a la COVID-19, en particular los esfuerzos de vacunaci\u00f3n\u201d.Infobae.<\/p>\n","protected":false},"excerpt":{"rendered":"<p>Nueva York.-Las Naciones Unidas agreg\u00f3 que \u201cno se puede permitir que estas poblaciones se vean privadas de las vacunas, una de las mejores rutas para salir de la pandemia\u201d<\/p>\n","protected":false},"author":11,"featured_media":344166,"comment_status":"closed","ping_status":"closed","sticky":false,"template":"","format":"standard","meta":{"_monsterinsights_skip_tracking":false,"_monsterinsights_sitenote_active":false,"_monsterinsights_sitenote_note":"","_monsterinsights_sitenote_category":0,"footnotes":""},"categories":[5],"tags":[79,274,3424],"class_list":{"0":"post-344165","1":"post","2":"type-post","3":"status-publish","4":"format-standard","5":"has-post-thumbnail","7":"category-internacionales","8":"tag-migrantes","9":"tag-onu","10":"tag-vacunas"},"yoast_head":"<!-- This site is optimized with the Yoast SEO plugin v27.5 - https:\/\/yoast.com\/product\/yoast-seo-wordpress\/ -->\n<title>La ONU defendi\u00f3 el derecho de migrantes a acceder a la vacuna contra el vovid-19 - .::Agencia IP::.<\/title>\n<meta name=\"robots\" content=\"index, follow, max-snippet:-1, max-image-preview:large, max-video-preview:-1\" \/>\n<link rel=\"canonical\" href=\"https:\/\/www.ip.gov.py\/ip\/2020\/11\/25\/la-onu-defendio-el-derecho-de-migrantes-a-acceder-a-la-vacuna-contra-el-covid-19\/\" \/>\n<meta property=\"og:locale\" content=\"es_ES\" \/>\n<meta property=\"og:type\" content=\"article\" \/>\n<meta property=\"og:title\" content=\"La ONU defendi\u00f3 el derecho de migrantes a acceder a la vacuna contra el vovid-19 - .::Agencia IP::.\" \/>\n<meta property=\"og:description\" content=\"Nueva York.-Las Naciones Unidas agreg\u00f3 que \u201cno se puede permitir que estas poblaciones se vean privadas de las vacunas, una de las mejores rutas para salir de la pandemia\u201d\" \/>\n<meta property=\"og:url\" content=\"https:\/\/www.ip.gov.py\/ip\/2020\/11\/25\/la-onu-defendio-el-derecho-de-migrantes-a-acceder-a-la-vacuna-contra-el-covid-19\/\" \/>\n<meta property=\"og:site_name\" content=\".::Agencia IP::.\" \/>\n<meta property=\"article:publisher\" content=\"https:\/\/www.facebook.com\/IPParaguay\/\" \/>\n<meta property=\"article:published_time\" content=\"2020-11-25T12:09:55+00:00\" \/>\n<meta property=\"article:modified_time\" content=\"2020-11-25T12:34:57+00:00\" \/>\n<meta property=\"og:image\" content=\"https:\/\/www.ip.gov.py\/ip\/wp-content\/uploads\/2020\/11\/Migrantes-ONU.jpg\" \/>\n\t<meta property=\"og:image:width\" content=\"645\" \/>\n\t<meta property=\"og:image:height\" content=\"430\" \/>\n\t<meta property=\"og:image:type\" content=\"image\/jpeg\" \/>\n<meta name=\"author\" content=\"vrios\" \/>\n<meta name=\"twitter:card\" content=\"summary_large_image\" \/>\n<meta name=\"twitter:creator\" content=\"@IPParaguay\" \/>\n<meta name=\"twitter:site\" content=\"@IPParaguay\" \/>\n<meta name=\"twitter:label1\" content=\"Escrito por\" \/>\n\t<meta name=\"twitter:data1\" content=\"vrios\" \/>\n\t<meta name=\"twitter:label2\" content=\"Tiempo de lectura\" \/>\n\t<meta name=\"twitter:data2\" content=\"2 minutos\" \/>\n<script type=\"application\/ld+json\" class=\"yoast-schema-graph\">{\"@context\":\"https:\\\/\\\/schema.org\",\"@graph\":[{\"@type\":\"Article\",\"@id\":\"https:\\\/\\\/www.ip.gov.py\\\/ip\\\/2020\\\/11\\\/25\\\/la-onu-defendio-el-derecho-de-migrantes-a-acceder-a-la-vacuna-contra-el-covid-19\\\/#article\",\"isPartOf\":{\"@id\":\"https:\\\/\\\/www.ip.gov.py\\\/ip\\\/2020\\\/11\\\/25\\\/la-onu-defendio-el-derecho-de-migrantes-a-acceder-a-la-vacuna-contra-el-covid-19\\\/\"},\"author\":{\"name\":\"vrios\",\"@id\":\"https:\\\/\\\/www.ip.gov.py\\\/ip\\\/#\\\/schema\\\/person\\\/fa3668852e893cb0423795330f919039\"},\"headline\":\"La ONU defendi\u00f3 el derecho de migrantes a acceder a la vacuna contra el vovid-19\",\"datePublished\":\"2020-11-25T12:09:55+00:00\",\"dateModified\":\"2020-11-25T12:34:57+00:00\",\"mainEntityOfPage\":{\"@id\":\"https:\\\/\\\/www.ip.gov.py\\\/ip\\\/2020\\\/11\\\/25\\\/la-onu-defendio-el-derecho-de-migrantes-a-acceder-a-la-vacuna-contra-el-covid-19\\\/\"},\"wordCount\":391,\"publisher\":{\"@id\":\"https:\\\/\\\/www.ip.gov.py\\\/ip\\\/#organization\"},\"image\":{\"@id\":\"https:\\\/\\\/www.ip.gov.py\\\/ip\\\/2020\\\/11\\\/25\\\/la-onu-defendio-el-derecho-de-migrantes-a-acceder-a-la-vacuna-contra-el-covid-19\\\/#primaryimage\"},\"thumbnailUrl\":\"https:\\\/\\\/www.ip.gov.py\\\/ip\\\/wp-content\\\/uploads\\\/2020\\\/11\\\/Migrantes-ONU.jpg\",\"keywords\":[\"migrantes\",\"ONU\",\"Vacunas\"],\"articleSection\":[\"Internacionales\"],\"inLanguage\":\"es\"},{\"@type\":\"WebPage\",\"@id\":\"https:\\\/\\\/www.ip.gov.py\\\/ip\\\/2020\\\/11\\\/25\\\/la-onu-defendio-el-derecho-de-migrantes-a-acceder-a-la-vacuna-contra-el-covid-19\\\/\",\"url\":\"https:\\\/\\\/www.ip.gov.py\\\/ip\\\/2020\\\/11\\\/25\\\/la-onu-defendio-el-derecho-de-migrantes-a-acceder-a-la-vacuna-contra-el-covid-19\\\/\",\"name\":\"La ONU defendi\u00f3 el derecho de migrantes a acceder a la vacuna contra el vovid-19 - .::Agencia IP::.\",\"isPartOf\":{\"@id\":\"https:\\\/\\\/www.ip.gov.py\\\/ip\\\/#website\"},\"primaryImageOfPage\":{\"@id\":\"https:\\\/\\\/www.ip.gov.py\\\/ip\\\/2020\\\/11\\\/25\\\/la-onu-defendio-el-derecho-de-migrantes-a-acceder-a-la-vacuna-contra-el-covid-19\\\/#primaryimage\"},\"image\":{\"@id\":\"https:\\\/\\\/www.ip.gov.py\\\/ip\\\/2020\\\/11\\\/25\\\/la-onu-defendio-el-derecho-de-migrantes-a-acceder-a-la-vacuna-contra-el-covid-19\\\/#primaryimage\"},\"thumbnailUrl\":\"https:\\\/\\\/www.ip.gov.py\\\/ip\\\/wp-content\\\/uploads\\\/2020\\\/11\\\/Migrantes-ONU.jpg\",\"datePublished\":\"2020-11-25T12:09:55+00:00\",\"dateModified\":\"2020-11-25T12:34:57+00:00\",\"breadcrumb\":{\"@id\":\"https:\\\/\\\/www.ip.gov.py\\\/ip\\\/2020\\\/11\\\/25\\\/la-onu-defendio-el-derecho-de-migrantes-a-acceder-a-la-vacuna-contra-el-covid-19\\\/#breadcrumb\"},\"inLanguage\":\"es\",\"potentialAction\":[{\"@type\":\"ReadAction\",\"target\":[\"https:\\\/\\\/www.ip.gov.py\\\/ip\\\/2020\\\/11\\\/25\\\/la-onu-defendio-el-derecho-de-migrantes-a-acceder-a-la-vacuna-contra-el-covid-19\\\/\"]}]},{\"@type\":\"ImageObject\",\"inLanguage\":\"es\",\"@id\":\"https:\\\/\\\/www.ip.gov.py\\\/ip\\\/2020\\\/11\\\/25\\\/la-onu-defendio-el-derecho-de-migrantes-a-acceder-a-la-vacuna-contra-el-covid-19\\\/#primaryimage\",\"url\":\"https:\\\/\\\/www.ip.gov.py\\\/ip\\\/wp-content\\\/uploads\\\/2020\\\/11\\\/Migrantes-ONU.jpg\",\"contentUrl\":\"https:\\\/\\\/www.ip.gov.py\\\/ip\\\/wp-content\\\/uploads\\\/2020\\\/11\\\/Migrantes-ONU.jpg\",\"width\":645,\"height\":430,\"caption\":\"Reuters\"},{\"@type\":\"BreadcrumbList\",\"@id\":\"https:\\\/\\\/www.ip.gov.py\\\/ip\\\/2020\\\/11\\\/25\\\/la-onu-defendio-el-derecho-de-migrantes-a-acceder-a-la-vacuna-contra-el-covid-19\\\/#breadcrumb\",\"itemListElement\":[{\"@type\":\"ListItem\",\"position\":1,\"name\":\"Portada\",\"item\":\"https:\\\/\\\/www.ip.gov.py\\\/ip\\\/\"},{\"@type\":\"ListItem\",\"position\":2,\"name\":\"La ONU defendi\u00f3 el derecho de migrantes a acceder a la vacuna contra el vovid-19\"}]},{\"@type\":\"WebSite\",\"@id\":\"https:\\\/\\\/www.ip.gov.py\\\/ip\\\/#website\",\"url\":\"https:\\\/\\\/www.ip.gov.py\\\/ip\\\/\",\"name\":\".::Agencia IP::.\",\"description\":\"\",\"publisher\":{\"@id\":\"https:\\\/\\\/www.ip.gov.py\\\/ip\\\/#organization\"},\"potentialAction\":[{\"@type\":\"SearchAction\",\"target\":{\"@type\":\"EntryPoint\",\"urlTemplate\":\"https:\\\/\\\/www.ip.gov.py\\\/ip\\\/?s={search_term_string}\"},\"query-input\":{\"@type\":\"PropertyValueSpecification\",\"valueRequired\":true,\"valueName\":\"search_term_string\"}}],\"inLanguage\":\"es\"},{\"@type\":\"Organization\",\"@id\":\"https:\\\/\\\/www.ip.gov.py\\\/ip\\\/#organization\",\"name\":\"Agencia IP\",\"url\":\"https:\\\/\\\/www.ip.gov.py\\\/ip\\\/\",\"logo\":{\"@type\":\"ImageObject\",\"inLanguage\":\"es\",\"@id\":\"https:\\\/\\\/www.ip.gov.py\\\/ip\\\/#\\\/schema\\\/logo\\\/image\\\/\",\"url\":\"https:\\\/\\\/www.ip.gov.py\\\/ip\\\/wp-content\\\/uploads\\\/2018\\\/01\\\/Agencia-IP.jpg\",\"contentUrl\":\"https:\\\/\\\/www.ip.gov.py\\\/ip\\\/wp-content\\\/uploads\\\/2018\\\/01\\\/Agencia-IP.jpg\",\"width\":150,\"height\":150,\"caption\":\"Agencia IP\"},\"image\":{\"@id\":\"https:\\\/\\\/www.ip.gov.py\\\/ip\\\/#\\\/schema\\\/logo\\\/image\\\/\"},\"sameAs\":[\"https:\\\/\\\/www.facebook.com\\\/IPParaguay\\\/\",\"https:\\\/\\\/x.com\\\/IPParaguay\",\"https:\\\/\\\/www.instagram.com\\\/IPParaguay\"]},{\"@type\":\"Person\",\"@id\":\"https:\\\/\\\/www.ip.gov.py\\\/ip\\\/#\\\/schema\\\/person\\\/fa3668852e893cb0423795330f919039\",\"name\":\"vrios\",\"url\":\"https:\\\/\\\/www.ip.gov.py\\\/ip\\\/author\\\/vrios\\\/\"}]}<\/script>\n<!-- \/ Yoast SEO plugin. -->","yoast_head_json":{"title":"La ONU defendi\u00f3 el derecho de migrantes a acceder a la vacuna contra el vovid-19 - .::Agencia IP::.","robots":{"index":"index","follow":"follow","max-snippet":"max-snippet:-1","max-image-preview":"max-image-preview:large","max-video-preview":"max-video-preview:-1"},"canonical":"https:\/\/www.ip.gov.py\/ip\/2020\/11\/25\/la-onu-defendio-el-derecho-de-migrantes-a-acceder-a-la-vacuna-contra-el-covid-19\/","og_locale":"es_ES","og_type":"article","og_title":"La ONU defendi\u00f3 el derecho de migrantes a acceder a la vacuna contra el vovid-19 - .::Agencia IP::.","og_description":"Nueva York.-Las Naciones Unidas agreg\u00f3 que \u201cno se puede permitir que estas poblaciones se vean privadas de las vacunas, una de las mejores rutas para salir de la pandemia\u201d","og_url":"https:\/\/www.ip.gov.py\/ip\/2020\/11\/25\/la-onu-defendio-el-derecho-de-migrantes-a-acceder-a-la-vacuna-contra-el-covid-19\/","og_site_name":".::Agencia IP::.","article_publisher":"https:\/\/www.facebook.com\/IPParaguay\/","article_published_time":"2020-11-25T12:09:55+00:00","article_modified_time":"2020-11-25T12:34:57+00:00","og_image":[{"width":645,"height":430,"url":"https:\/\/www.ip.gov.py\/ip\/wp-content\/uploads\/2020\/11\/Migrantes-ONU.jpg","type":"image\/jpeg"}],"author":"vrios","twitter_card":"summary_large_image","twitter_creator":"@IPParaguay","twitter_site":"@IPParaguay","twitter_misc":{"Escrito por":"vrios","Tiempo de lectura":"2 minutos"},"schema":{"@context":"https:\/\/schema.org","@graph":[{"@type":"Article","@id":"https:\/\/www.ip.gov.py\/ip\/2020\/11\/25\/la-onu-defendio-el-derecho-de-migrantes-a-acceder-a-la-vacuna-contra-el-covid-19\/#article","isPartOf":{"@id":"https:\/\/www.ip.gov.py\/ip\/2020\/11\/25\/la-onu-defendio-el-derecho-de-migrantes-a-acceder-a-la-vacuna-contra-el-covid-19\/"},"author":{"name":"vrios","@id":"https:\/\/www.ip.gov.py\/ip\/#\/schema\/person\/fa3668852e893cb0423795330f919039"},"headline":"La ONU defendi\u00f3 el derecho de migrantes a acceder a la vacuna contra el vovid-19","datePublished":"2020-11-25T12:09:55+00:00","dateModified":"2020-11-25T12:34:57+00:00","mainEntityOfPage":{"@id":"https:\/\/www.ip.gov.py\/ip\/2020\/11\/25\/la-onu-defendio-el-derecho-de-migrantes-a-acceder-a-la-vacuna-contra-el-covid-19\/"},"wordCount":391,"publisher":{"@id":"https:\/\/www.ip.gov.py\/ip\/#organization"},"image":{"@id":"https:\/\/www.ip.gov.py\/ip\/2020\/11\/25\/la-onu-defendio-el-derecho-de-migrantes-a-acceder-a-la-vacuna-contra-el-covid-19\/#primaryimage"},"thumbnailUrl":"https:\/\/www.ip.gov.py\/ip\/wp-content\/uploads\/2020\/11\/Migrantes-ONU.jpg","keywords":["migrantes","ONU","Vacunas"],"articleSection":["Internacionales"],"inLanguage":"es"},{"@type":"WebPage","@id":"https:\/\/www.ip.gov.py\/ip\/2020\/11\/25\/la-onu-defendio-el-derecho-de-migrantes-a-acceder-a-la-vacuna-contra-el-covid-19\/","url":"https:\/\/www.ip.gov.py\/ip\/2020\/11\/25\/la-onu-defendio-el-derecho-de-migrantes-a-acceder-a-la-vacuna-contra-el-covid-19\/","name":"La ONU defendi\u00f3 el derecho de migrantes a acceder a la vacuna contra el vovid-19 - .::Agencia IP::.","isPartOf":{"@id":"https:\/\/www.ip.gov.py\/ip\/#website"},"primaryImageOfPage":{"@id":"https:\/\/www.ip.gov.py\/ip\/2020\/11\/25\/la-onu-defendio-el-derecho-de-migrantes-a-acceder-a-la-vacuna-contra-el-covid-19\/#primaryimage"},"image":{"@id":"https:\/\/www.ip.gov.py\/ip\/2020\/11\/25\/la-onu-defendio-el-derecho-de-migrantes-a-acceder-a-la-vacuna-contra-el-covid-19\/#primaryimage"},"thumbnailUrl":"https:\/\/www.ip.gov.py\/ip\/wp-content\/uploads\/2020\/11\/Migrantes-ONU.jpg","datePublished":"2020-11-25T12:09:55+00:00","dateModified":"2020-11-25T12:34:57+00:00","breadcrumb":{"@id":"https:\/\/www.ip.gov.py\/ip\/2020\/11\/25\/la-onu-defendio-el-derecho-de-migrantes-a-acceder-a-la-vacuna-contra-el-covid-19\/#breadcrumb"},"inLanguage":"es","potentialAction":[{"@type":"ReadAction","target":["https:\/\/www.ip.gov.py\/ip\/2020\/11\/25\/la-onu-defendio-el-derecho-de-migrantes-a-acceder-a-la-vacuna-contra-el-covid-19\/"]}]},{"@type":"ImageObject","inLanguage":"es","@id":"https:\/\/www.ip.gov.py\/ip\/2020\/11\/25\/la-onu-defendio-el-derecho-de-migrantes-a-acceder-a-la-vacuna-contra-el-covid-19\/#primaryimage","url":"https:\/\/www.ip.gov.py\/ip\/wp-content\/uploads\/2020\/11\/Migrantes-ONU.jpg","contentUrl":"https:\/\/www.ip.gov.py\/ip\/wp-content\/uploads\/2020\/11\/Migrantes-ONU.jpg","width":645,"height":430,"caption":"Reuters"},{"@type":"BreadcrumbList","@id":"https:\/\/www.ip.gov.py\/ip\/2020\/11\/25\/la-onu-defendio-el-derecho-de-migrantes-a-acceder-a-la-vacuna-contra-el-covid-19\/#breadcrumb","itemListElement":[{"@type":"ListItem","position":1,"name":"Portada","item":"https:\/\/www.ip.gov.py\/ip\/"},{"@type":"ListItem","position":2,"name":"La ONU defendi\u00f3 el derecho de migrantes a acceder a la vacuna contra el vovid-19"}]},{"@type":"WebSite","@id":"https:\/\/www.ip.gov.py\/ip\/#website","url":"https:\/\/www.ip.gov.py\/ip\/","name":".::Agencia IP::.","description":"","publisher":{"@id":"https:\/\/www.ip.gov.py\/ip\/#organization"},"potentialAction":[{"@type":"SearchAction","target":{"@type":"EntryPoint","urlTemplate":"https:\/\/www.ip.gov.py\/ip\/?s={search_term_string}"},"query-input":{"@type":"PropertyValueSpecification","valueRequired":true,"valueName":"search_term_string"}}],"inLanguage":"es"},{"@type":"Organization","@id":"https:\/\/www.ip.gov.py\/ip\/#organization","name":"Agencia IP","url":"https:\/\/www.ip.gov.py\/ip\/","logo":{"@type":"ImageObject","inLanguage":"es","@id":"https:\/\/www.ip.gov.py\/ip\/#\/schema\/logo\/image\/","url":"https:\/\/www.ip.gov.py\/ip\/wp-content\/uploads\/2018\/01\/Agencia-IP.jpg","contentUrl":"https:\/\/www.ip.gov.py\/ip\/wp-content\/uploads\/2018\/01\/Agencia-IP.jpg","width":150,"height":150,"caption":"Agencia IP"},"image":{"@id":"https:\/\/www.ip.gov.py\/ip\/#\/schema\/logo\/image\/"},"sameAs":["https:\/\/www.facebook.com\/IPParaguay\/","https:\/\/x.com\/IPParaguay","https:\/\/www.instagram.com\/IPParaguay"]},{"@type":"Person","@id":"https:\/\/www.ip.gov.py\/ip\/#\/schema\/person\/fa3668852e893cb0423795330f919039","name":"vrios","url":"https:\/\/www.ip.gov.py\/ip\/author\/vrios\/"}]}},"_links":{"self":[{"href":"https:\/\/www.ip.gov.py\/ip\/wp-json\/wp\/v2\/posts\/344165","targetHints":{"allow":["GET"]}}],"collection":[{"href":"https:\/\/www.ip.gov.py\/ip\/wp-json\/wp\/v2\/posts"}],"about":[{"href":"https:\/\/www.ip.gov.py\/ip\/wp-json\/wp\/v2\/types\/post"}],"author":[{"embeddable":true,"href":"https:\/\/www.ip.gov.py\/ip\/wp-json\/wp\/v2\/users\/11"}],"replies":[{"embeddable":true,"href":"https:\/\/www.ip.gov.py\/ip\/wp-json\/wp\/v2\/comments?post=344165"}],"version-history":[{"count":0,"href":"https:\/\/www.ip.gov.py\/ip\/wp-json\/wp\/v2\/posts\/344165\/revisions"}],"wp:featuredmedia":[{"embeddable":true,"href":"https:\/\/www.ip.gov.py\/ip\/wp-json\/wp\/v2\/media\/344166"}],"wp:attachment":[{"href":"https:\/\/www.ip.gov.py\/ip\/wp-json\/wp\/v2\/media?parent=344165"}],"wp:term":[{"taxonomy":"category","embeddable":true,"href":"https:\/\/www.ip.gov.py\/ip\/wp-json\/wp\/v2\/categories?post=344165"},{"taxonomy":"post_tag","embeddable":true,"href":"https:\/\/www.ip.gov.py\/ip\/wp-json\/wp\/v2\/tags?post=344165"}],"curies":[{"name":"wp","href":"https:\/\/api.w.org\/{rel}","templated":true}]}}