{"id":344455,"date":"2020-11-27T06:19:13","date_gmt":"2020-11-27T09:19:13","guid":{"rendered":"https:\/\/www.ip.gov.py\/ip\/?p=344455"},"modified":"2020-11-27T06:32:20","modified_gmt":"2020-11-27T09:32:20","slug":"te-amo-paraguay-se-suma-para-dar-mayor-visibilidad-al-pais-como-destino-turistico","status":"publish","type":"post","link":"https:\/\/www.ip.gov.py\/ip\/2020\/11\/27\/te-amo-paraguay-se-suma-para-dar-mayor-visibilidad-al-pais-como-destino-turistico\/","title":{"rendered":"\u00abTe Amo Paraguay\u00bb se suma para dar mayor visibilidad al pa\u00eds como destino tur\u00edstico"},"content":{"rendered":"<p style=\"text-align: justify;\"><em><strong>Asunci\u00f3n, Paraguay, Agencia IP.-<\/strong><\/em> Anoche fue presentada la plataforma virtual \u201cTe Amo Paraguay\u201d, que surge para dar una mayor visibilidad nacional e internacional al Paraguay como destino tur\u00edstico.<!--more--><\/p>\n<p style=\"text-align: justify;\">La ministra de Turismo, Sof\u00eda Montiel estuvo presente en el evento de presentaci\u00f3n de <strong><a href=\"https:\/\/www.passportpy.com\/?fbclid=IwAR07zIHgq8tLi-U2SnRmMcF6WS4YyT8umHGdOCb59thIsO7lRyhQeqgTl40\" target=\"_blank\" rel=\"noopener noreferrer\">la nueva plataforma virtual \u201cTe Amo Paraguay\u201d<\/a><\/strong>, que surge para dar una mayor visibilidad nacional e internacional al Paraguay como destino, con miras a la reactivaci\u00f3n tur\u00edstica y con beneficios para todos los sectores.<\/p>\n<p style=\"text-align: justify;\">Esta iniciativa de la Asociaci\u00f3n Industrial Hotelera del Paraguay (Aihpy), con el apoyo de la Secretar\u00eda Nacional de Turismo (Senatur), se inici\u00f3 con la firma de un acuerdo internacional con la Red Latinoamericana de Emprendimiento (Pymela) y la agencia de Negocios Moratti, para la creaci\u00f3n de un sitio web que integrara a todos los actores del turismo del Paraguay.<\/p>\n<p style=\"text-align: justify;\">\u201cHemos aprendido de la pandemia, que unidos podemos hacer grandes cosas, y esta plataforma es la prueba que podemos salir adelante trabajando juntos\u201d, manifest\u00f3 la presidente de la Aihpy, Cecilia Cartes, quien resalt\u00f3 el incansable apoyo de la titular ministerial.<\/p>\n<figure id=\"attachment_344461\" aria-describedby=\"caption-attachment-344461\" style=\"width: 400px\" class=\"wp-caption alignright\"><img loading=\"lazy\" decoding=\"async\" class=\" wp-image-344461\" src=\"https:\/\/www.ip.gov.py\/ip\/wp-content\/uploads\/2020\/11\/Senatur-01-600x381.jpg\" alt=\"\" width=\"400\" height=\"254\" srcset=\"https:\/\/www.ip.gov.py\/ip\/wp-content\/uploads\/2020\/11\/Senatur-01-600x381.jpg 600w, https:\/\/www.ip.gov.py\/ip\/wp-content\/uploads\/2020\/11\/Senatur-01-768x488.jpg 768w, https:\/\/www.ip.gov.py\/ip\/wp-content\/uploads\/2020\/11\/Senatur-01-696x442.jpg 696w, https:\/\/www.ip.gov.py\/ip\/wp-content\/uploads\/2020\/11\/Senatur-01-662x420.jpg 662w, https:\/\/www.ip.gov.py\/ip\/wp-content\/uploads\/2020\/11\/Senatur-01.jpg 1024w\" sizes=\"auto, (max-width: 400px) 100vw, 400px\" \/><figcaption id=\"caption-attachment-344461\" class=\"wp-caption-text\">Foto: Senatur<\/figcaption><\/figure>\n<p style=\"text-align: justify;\">Por su parte, la titular de Senatur, destac\u00f3 el trabajo a trav\u00e9s de una mancomunidad y sinergia necesaria para poder enfrentar este escenario que ha afectado al mundo, pero con un destino destacado como seguro para viajar con el sello Safe Travels otorgado la WTTC. \u201cHoy tenemos un escenario propicio y optimista que har\u00e1 posible que esta fuerza que tiene el sector se pueda reflejar hacia una nueva normalidad\u201d, enfatiz\u00f3.<\/p>\n<p style=\"text-align: justify;\">El consultor Alberto de la Fuente fue el encargado de presentar la plataforma #TeAmoParaguay que tiene como mensaje central amar al Paraguay, pa\u00eds que espera a los visitantes con todo lo que tiene para ofrecerles.<\/p>\n<p style=\"text-align: justify;\">Para finalizar la Senatur detalla que el sitio web ofrece informaci\u00f3n, datos sobre los destinos de pa\u00eds, lista de actividades, d\u00f3nde dormir, d\u00f3nde comer, fotos maravillosas de las bellezas naturales y mucho m\u00e1s.<\/p>\n","protected":false},"excerpt":{"rendered":"<p>Asunci\u00f3n, Paraguay, Agencia IP.- Anoche fue presentada la plataforma virtual \u201cTe Amo Paraguay\u201d, que surge para dar una mayor visibilidad nacional e internacional al Paraguay como destino tur\u00edstico.<\/p>\n","protected":false},"author":23,"featured_media":344458,"comment_status":"closed","ping_status":"closed","sticky":false,"template":"","format":"standard","meta":{"_monsterinsights_skip_tracking":false,"_monsterinsights_sitenote_active":false,"_monsterinsights_sitenote_note":"","_monsterinsights_sitenote_category":0,"footnotes":""},"categories":[9],"tags":[3980,3979,3981,111],"class_list":{"0":"post-344455","1":"post","2":"type-post","3":"status-publish","4":"format-standard","5":"has-post-thumbnail","7":"category-economia","8":"tag-aihpy","9":"tag-plataforma-te-amo-paraguay","10":"tag-pymela","11":"tag-senatur"},"yoast_head":"<!-- This site is optimized with the Yoast SEO plugin v27.5 - https:\/\/yoast.com\/product\/yoast-seo-wordpress\/ -->\n<title>&quot;Te Amo Paraguay&quot; se suma para dar mayor visibilidad al pa\u00eds como destino tur\u00edstico - .::Agencia IP::.<\/title>\n<meta name=\"robots\" content=\"index, follow, max-snippet:-1, max-image-preview:large, max-video-preview:-1\" \/>\n<link rel=\"canonical\" href=\"https:\/\/www.ip.gov.py\/ip\/2020\/11\/27\/te-amo-paraguay-se-suma-para-dar-mayor-visibilidad-al-pais-como-destino-turistico\/\" \/>\n<meta property=\"og:locale\" content=\"es_ES\" \/>\n<meta property=\"og:type\" content=\"article\" \/>\n<meta property=\"og:title\" content=\"&quot;Te Amo Paraguay&quot; se suma para dar mayor visibilidad al pa\u00eds como destino tur\u00edstico - .::Agencia IP::.\" \/>\n<meta property=\"og:description\" content=\"Asunci\u00f3n, Paraguay, Agencia IP.- Anoche fue presentada la plataforma virtual \u201cTe Amo Paraguay\u201d, que surge para dar una mayor visibilidad nacional e internacional al Paraguay como destino tur\u00edstico.\" \/>\n<meta property=\"og:url\" content=\"https:\/\/www.ip.gov.py\/ip\/2020\/11\/27\/te-amo-paraguay-se-suma-para-dar-mayor-visibilidad-al-pais-como-destino-turistico\/\" \/>\n<meta property=\"og:site_name\" content=\".::Agencia IP::.\" \/>\n<meta property=\"article:publisher\" content=\"https:\/\/www.facebook.com\/IPParaguay\/\" \/>\n<meta property=\"article:published_time\" content=\"2020-11-27T09:19:13+00:00\" \/>\n<meta property=\"article:modified_time\" content=\"2020-11-27T09:32:20+00:00\" \/>\n<meta property=\"og:image\" content=\"https:\/\/www.ip.gov.py\/ip\/wp-content\/uploads\/2020\/11\/Senatur-3.jpg\" \/>\n\t<meta property=\"og:image:width\" content=\"1024\" \/>\n\t<meta property=\"og:image:height\" content=\"683\" \/>\n\t<meta property=\"og:image:type\" content=\"image\/jpeg\" \/>\n<meta name=\"author\" content=\"Noelia Ferreira\" \/>\n<meta name=\"twitter:card\" content=\"summary_large_image\" \/>\n<meta name=\"twitter:creator\" content=\"@IPParaguay\" \/>\n<meta name=\"twitter:site\" content=\"@IPParaguay\" \/>\n<meta name=\"twitter:label1\" content=\"Escrito por\" \/>\n\t<meta name=\"twitter:data1\" content=\"Noelia Ferreira\" \/>\n\t<meta name=\"twitter:label2\" content=\"Tiempo de lectura\" \/>\n\t<meta name=\"twitter:data2\" content=\"2 minutos\" \/>\n<script type=\"application\/ld+json\" class=\"yoast-schema-graph\">{\"@context\":\"https:\\\/\\\/schema.org\",\"@graph\":[{\"@type\":\"Article\",\"@id\":\"https:\\\/\\\/www.ip.gov.py\\\/ip\\\/2020\\\/11\\\/27\\\/te-amo-paraguay-se-suma-para-dar-mayor-visibilidad-al-pais-como-destino-turistico\\\/#article\",\"isPartOf\":{\"@id\":\"https:\\\/\\\/www.ip.gov.py\\\/ip\\\/2020\\\/11\\\/27\\\/te-amo-paraguay-se-suma-para-dar-mayor-visibilidad-al-pais-como-destino-turistico\\\/\"},\"author\":{\"name\":\"Noelia Ferreira\",\"@id\":\"https:\\\/\\\/www.ip.gov.py\\\/ip\\\/#\\\/schema\\\/person\\\/791af27a9219bdbf9064abb776bb41c2\"},\"headline\":\"\u00abTe Amo Paraguay\u00bb se suma para dar mayor visibilidad al pa\u00eds como destino tur\u00edstico\",\"datePublished\":\"2020-11-27T09:19:13+00:00\",\"dateModified\":\"2020-11-27T09:32:20+00:00\",\"mainEntityOfPage\":{\"@id\":\"https:\\\/\\\/www.ip.gov.py\\\/ip\\\/2020\\\/11\\\/27\\\/te-amo-paraguay-se-suma-para-dar-mayor-visibilidad-al-pais-como-destino-turistico\\\/\"},\"wordCount\":355,\"publisher\":{\"@id\":\"https:\\\/\\\/www.ip.gov.py\\\/ip\\\/#organization\"},\"image\":{\"@id\":\"https:\\\/\\\/www.ip.gov.py\\\/ip\\\/2020\\\/11\\\/27\\\/te-amo-paraguay-se-suma-para-dar-mayor-visibilidad-al-pais-como-destino-turistico\\\/#primaryimage\"},\"thumbnailUrl\":\"https:\\\/\\\/www.ip.gov.py\\\/ip\\\/wp-content\\\/uploads\\\/2020\\\/11\\\/Senatur-3.jpg\",\"keywords\":[\"Aihpy\",\"Plataforma \\\"Te Amo Paraguay\\\"\",\"Pymela\",\"Senatur\"],\"articleSection\":[\"Econom\u00eda\"],\"inLanguage\":\"es\"},{\"@type\":\"WebPage\",\"@id\":\"https:\\\/\\\/www.ip.gov.py\\\/ip\\\/2020\\\/11\\\/27\\\/te-amo-paraguay-se-suma-para-dar-mayor-visibilidad-al-pais-como-destino-turistico\\\/\",\"url\":\"https:\\\/\\\/www.ip.gov.py\\\/ip\\\/2020\\\/11\\\/27\\\/te-amo-paraguay-se-suma-para-dar-mayor-visibilidad-al-pais-como-destino-turistico\\\/\",\"name\":\"\\\"Te Amo Paraguay\\\" se suma para dar mayor visibilidad al pa\u00eds como destino tur\u00edstico - .::Agencia IP::.\",\"isPartOf\":{\"@id\":\"https:\\\/\\\/www.ip.gov.py\\\/ip\\\/#website\"},\"primaryImageOfPage\":{\"@id\":\"https:\\\/\\\/www.ip.gov.py\\\/ip\\\/2020\\\/11\\\/27\\\/te-amo-paraguay-se-suma-para-dar-mayor-visibilidad-al-pais-como-destino-turistico\\\/#primaryimage\"},\"image\":{\"@id\":\"https:\\\/\\\/www.ip.gov.py\\\/ip\\\/2020\\\/11\\\/27\\\/te-amo-paraguay-se-suma-para-dar-mayor-visibilidad-al-pais-como-destino-turistico\\\/#primaryimage\"},\"thumbnailUrl\":\"https:\\\/\\\/www.ip.gov.py\\\/ip\\\/wp-content\\\/uploads\\\/2020\\\/11\\\/Senatur-3.jpg\",\"datePublished\":\"2020-11-27T09:19:13+00:00\",\"dateModified\":\"2020-11-27T09:32:20+00:00\",\"breadcrumb\":{\"@id\":\"https:\\\/\\\/www.ip.gov.py\\\/ip\\\/2020\\\/11\\\/27\\\/te-amo-paraguay-se-suma-para-dar-mayor-visibilidad-al-pais-como-destino-turistico\\\/#breadcrumb\"},\"inLanguage\":\"es\",\"potentialAction\":[{\"@type\":\"ReadAction\",\"target\":[\"https:\\\/\\\/www.ip.gov.py\\\/ip\\\/2020\\\/11\\\/27\\\/te-amo-paraguay-se-suma-para-dar-mayor-visibilidad-al-pais-como-destino-turistico\\\/\"]}]},{\"@type\":\"ImageObject\",\"inLanguage\":\"es\",\"@id\":\"https:\\\/\\\/www.ip.gov.py\\\/ip\\\/2020\\\/11\\\/27\\\/te-amo-paraguay-se-suma-para-dar-mayor-visibilidad-al-pais-como-destino-turistico\\\/#primaryimage\",\"url\":\"https:\\\/\\\/www.ip.gov.py\\\/ip\\\/wp-content\\\/uploads\\\/2020\\\/11\\\/Senatur-3.jpg\",\"contentUrl\":\"https:\\\/\\\/www.ip.gov.py\\\/ip\\\/wp-content\\\/uploads\\\/2020\\\/11\\\/Senatur-3.jpg\",\"width\":1024,\"height\":683,\"caption\":\"Foto: Senatur\"},{\"@type\":\"BreadcrumbList\",\"@id\":\"https:\\\/\\\/www.ip.gov.py\\\/ip\\\/2020\\\/11\\\/27\\\/te-amo-paraguay-se-suma-para-dar-mayor-visibilidad-al-pais-como-destino-turistico\\\/#breadcrumb\",\"itemListElement\":[{\"@type\":\"ListItem\",\"position\":1,\"name\":\"Portada\",\"item\":\"https:\\\/\\\/www.ip.gov.py\\\/ip\\\/\"},{\"@type\":\"ListItem\",\"position\":2,\"name\":\"\u00abTe Amo Paraguay\u00bb se suma para dar mayor visibilidad al pa\u00eds como destino tur\u00edstico\"}]},{\"@type\":\"WebSite\",\"@id\":\"https:\\\/\\\/www.ip.gov.py\\\/ip\\\/#website\",\"url\":\"https:\\\/\\\/www.ip.gov.py\\\/ip\\\/\",\"name\":\".::Agencia IP::.\",\"description\":\"\",\"publisher\":{\"@id\":\"https:\\\/\\\/www.ip.gov.py\\\/ip\\\/#organization\"},\"potentialAction\":[{\"@type\":\"SearchAction\",\"target\":{\"@type\":\"EntryPoint\",\"urlTemplate\":\"https:\\\/\\\/www.ip.gov.py\\\/ip\\\/?s={search_term_string}\"},\"query-input\":{\"@type\":\"PropertyValueSpecification\",\"valueRequired\":true,\"valueName\":\"search_term_string\"}}],\"inLanguage\":\"es\"},{\"@type\":\"Organization\",\"@id\":\"https:\\\/\\\/www.ip.gov.py\\\/ip\\\/#organization\",\"name\":\"Agencia IP\",\"url\":\"https:\\\/\\\/www.ip.gov.py\\\/ip\\\/\",\"logo\":{\"@type\":\"ImageObject\",\"inLanguage\":\"es\",\"@id\":\"https:\\\/\\\/www.ip.gov.py\\\/ip\\\/#\\\/schema\\\/logo\\\/image\\\/\",\"url\":\"https:\\\/\\\/www.ip.gov.py\\\/ip\\\/wp-content\\\/uploads\\\/2018\\\/01\\\/Agencia-IP.jpg\",\"contentUrl\":\"https:\\\/\\\/www.ip.gov.py\\\/ip\\\/wp-content\\\/uploads\\\/2018\\\/01\\\/Agencia-IP.jpg\",\"width\":150,\"height\":150,\"caption\":\"Agencia IP\"},\"image\":{\"@id\":\"https:\\\/\\\/www.ip.gov.py\\\/ip\\\/#\\\/schema\\\/logo\\\/image\\\/\"},\"sameAs\":[\"https:\\\/\\\/www.facebook.com\\\/IPParaguay\\\/\",\"https:\\\/\\\/x.com\\\/IPParaguay\",\"https:\\\/\\\/www.instagram.com\\\/IPParaguay\"]},{\"@type\":\"Person\",\"@id\":\"https:\\\/\\\/www.ip.gov.py\\\/ip\\\/#\\\/schema\\\/person\\\/791af27a9219bdbf9064abb776bb41c2\",\"name\":\"Noelia Ferreira\",\"sameAs\":[\"http:\\\/\\\/www.ip.gov.py\"],\"url\":\"https:\\\/\\\/www.ip.gov.py\\\/ip\\\/author\\\/nferreira\\\/\"}]}<\/script>\n<!-- \/ Yoast SEO plugin. -->","yoast_head_json":{"title":"\"Te Amo Paraguay\" se suma para dar mayor visibilidad al pa\u00eds como destino tur\u00edstico - .::Agencia IP::.","robots":{"index":"index","follow":"follow","max-snippet":"max-snippet:-1","max-image-preview":"max-image-preview:large","max-video-preview":"max-video-preview:-1"},"canonical":"https:\/\/www.ip.gov.py\/ip\/2020\/11\/27\/te-amo-paraguay-se-suma-para-dar-mayor-visibilidad-al-pais-como-destino-turistico\/","og_locale":"es_ES","og_type":"article","og_title":"\"Te Amo Paraguay\" se suma para dar mayor visibilidad al pa\u00eds como destino tur\u00edstico - .::Agencia IP::.","og_description":"Asunci\u00f3n, Paraguay, Agencia IP.- Anoche fue presentada la plataforma virtual \u201cTe Amo Paraguay\u201d, que surge para dar una mayor visibilidad nacional e internacional al Paraguay como destino tur\u00edstico.","og_url":"https:\/\/www.ip.gov.py\/ip\/2020\/11\/27\/te-amo-paraguay-se-suma-para-dar-mayor-visibilidad-al-pais-como-destino-turistico\/","og_site_name":".::Agencia IP::.","article_publisher":"https:\/\/www.facebook.com\/IPParaguay\/","article_published_time":"2020-11-27T09:19:13+00:00","article_modified_time":"2020-11-27T09:32:20+00:00","og_image":[{"width":1024,"height":683,"url":"https:\/\/www.ip.gov.py\/ip\/wp-content\/uploads\/2020\/11\/Senatur-3.jpg","type":"image\/jpeg"}],"author":"Noelia Ferreira","twitter_card":"summary_large_image","twitter_creator":"@IPParaguay","twitter_site":"@IPParaguay","twitter_misc":{"Escrito por":"Noelia Ferreira","Tiempo de lectura":"2 minutos"},"schema":{"@context":"https:\/\/schema.org","@graph":[{"@type":"Article","@id":"https:\/\/www.ip.gov.py\/ip\/2020\/11\/27\/te-amo-paraguay-se-suma-para-dar-mayor-visibilidad-al-pais-como-destino-turistico\/#article","isPartOf":{"@id":"https:\/\/www.ip.gov.py\/ip\/2020\/11\/27\/te-amo-paraguay-se-suma-para-dar-mayor-visibilidad-al-pais-como-destino-turistico\/"},"author":{"name":"Noelia Ferreira","@id":"https:\/\/www.ip.gov.py\/ip\/#\/schema\/person\/791af27a9219bdbf9064abb776bb41c2"},"headline":"\u00abTe Amo Paraguay\u00bb se suma para dar mayor visibilidad al pa\u00eds como destino tur\u00edstico","datePublished":"2020-11-27T09:19:13+00:00","dateModified":"2020-11-27T09:32:20+00:00","mainEntityOfPage":{"@id":"https:\/\/www.ip.gov.py\/ip\/2020\/11\/27\/te-amo-paraguay-se-suma-para-dar-mayor-visibilidad-al-pais-como-destino-turistico\/"},"wordCount":355,"publisher":{"@id":"https:\/\/www.ip.gov.py\/ip\/#organization"},"image":{"@id":"https:\/\/www.ip.gov.py\/ip\/2020\/11\/27\/te-amo-paraguay-se-suma-para-dar-mayor-visibilidad-al-pais-como-destino-turistico\/#primaryimage"},"thumbnailUrl":"https:\/\/www.ip.gov.py\/ip\/wp-content\/uploads\/2020\/11\/Senatur-3.jpg","keywords":["Aihpy","Plataforma \"Te Amo Paraguay\"","Pymela","Senatur"],"articleSection":["Econom\u00eda"],"inLanguage":"es"},{"@type":"WebPage","@id":"https:\/\/www.ip.gov.py\/ip\/2020\/11\/27\/te-amo-paraguay-se-suma-para-dar-mayor-visibilidad-al-pais-como-destino-turistico\/","url":"https:\/\/www.ip.gov.py\/ip\/2020\/11\/27\/te-amo-paraguay-se-suma-para-dar-mayor-visibilidad-al-pais-como-destino-turistico\/","name":"\"Te Amo Paraguay\" se suma para dar mayor visibilidad al pa\u00eds como destino tur\u00edstico - .::Agencia IP::.","isPartOf":{"@id":"https:\/\/www.ip.gov.py\/ip\/#website"},"primaryImageOfPage":{"@id":"https:\/\/www.ip.gov.py\/ip\/2020\/11\/27\/te-amo-paraguay-se-suma-para-dar-mayor-visibilidad-al-pais-como-destino-turistico\/#primaryimage"},"image":{"@id":"https:\/\/www.ip.gov.py\/ip\/2020\/11\/27\/te-amo-paraguay-se-suma-para-dar-mayor-visibilidad-al-pais-como-destino-turistico\/#primaryimage"},"thumbnailUrl":"https:\/\/www.ip.gov.py\/ip\/wp-content\/uploads\/2020\/11\/Senatur-3.jpg","datePublished":"2020-11-27T09:19:13+00:00","dateModified":"2020-11-27T09:32:20+00:00","breadcrumb":{"@id":"https:\/\/www.ip.gov.py\/ip\/2020\/11\/27\/te-amo-paraguay-se-suma-para-dar-mayor-visibilidad-al-pais-como-destino-turistico\/#breadcrumb"},"inLanguage":"es","potentialAction":[{"@type":"ReadAction","target":["https:\/\/www.ip.gov.py\/ip\/2020\/11\/27\/te-amo-paraguay-se-suma-para-dar-mayor-visibilidad-al-pais-como-destino-turistico\/"]}]},{"@type":"ImageObject","inLanguage":"es","@id":"https:\/\/www.ip.gov.py\/ip\/2020\/11\/27\/te-amo-paraguay-se-suma-para-dar-mayor-visibilidad-al-pais-como-destino-turistico\/#primaryimage","url":"https:\/\/www.ip.gov.py\/ip\/wp-content\/uploads\/2020\/11\/Senatur-3.jpg","contentUrl":"https:\/\/www.ip.gov.py\/ip\/wp-content\/uploads\/2020\/11\/Senatur-3.jpg","width":1024,"height":683,"caption":"Foto: Senatur"},{"@type":"BreadcrumbList","@id":"https:\/\/www.ip.gov.py\/ip\/2020\/11\/27\/te-amo-paraguay-se-suma-para-dar-mayor-visibilidad-al-pais-como-destino-turistico\/#breadcrumb","itemListElement":[{"@type":"ListItem","position":1,"name":"Portada","item":"https:\/\/www.ip.gov.py\/ip\/"},{"@type":"ListItem","position":2,"name":"\u00abTe Amo Paraguay\u00bb se suma para dar mayor visibilidad al pa\u00eds como destino tur\u00edstico"}]},{"@type":"WebSite","@id":"https:\/\/www.ip.gov.py\/ip\/#website","url":"https:\/\/www.ip.gov.py\/ip\/","name":".::Agencia IP::.","description":"","publisher":{"@id":"https:\/\/www.ip.gov.py\/ip\/#organization"},"potentialAction":[{"@type":"SearchAction","target":{"@type":"EntryPoint","urlTemplate":"https:\/\/www.ip.gov.py\/ip\/?s={search_term_string}"},"query-input":{"@type":"PropertyValueSpecification","valueRequired":true,"valueName":"search_term_string"}}],"inLanguage":"es"},{"@type":"Organization","@id":"https:\/\/www.ip.gov.py\/ip\/#organization","name":"Agencia IP","url":"https:\/\/www.ip.gov.py\/ip\/","logo":{"@type":"ImageObject","inLanguage":"es","@id":"https:\/\/www.ip.gov.py\/ip\/#\/schema\/logo\/image\/","url":"https:\/\/www.ip.gov.py\/ip\/wp-content\/uploads\/2018\/01\/Agencia-IP.jpg","contentUrl":"https:\/\/www.ip.gov.py\/ip\/wp-content\/uploads\/2018\/01\/Agencia-IP.jpg","width":150,"height":150,"caption":"Agencia IP"},"image":{"@id":"https:\/\/www.ip.gov.py\/ip\/#\/schema\/logo\/image\/"},"sameAs":["https:\/\/www.facebook.com\/IPParaguay\/","https:\/\/x.com\/IPParaguay","https:\/\/www.instagram.com\/IPParaguay"]},{"@type":"Person","@id":"https:\/\/www.ip.gov.py\/ip\/#\/schema\/person\/791af27a9219bdbf9064abb776bb41c2","name":"Noelia Ferreira","sameAs":["http:\/\/www.ip.gov.py"],"url":"https:\/\/www.ip.gov.py\/ip\/author\/nferreira\/"}]}},"_links":{"self":[{"href":"https:\/\/www.ip.gov.py\/ip\/wp-json\/wp\/v2\/posts\/344455","targetHints":{"allow":["GET"]}}],"collection":[{"href":"https:\/\/www.ip.gov.py\/ip\/wp-json\/wp\/v2\/posts"}],"about":[{"href":"https:\/\/www.ip.gov.py\/ip\/wp-json\/wp\/v2\/types\/post"}],"author":[{"embeddable":true,"href":"https:\/\/www.ip.gov.py\/ip\/wp-json\/wp\/v2\/users\/23"}],"replies":[{"embeddable":true,"href":"https:\/\/www.ip.gov.py\/ip\/wp-json\/wp\/v2\/comments?post=344455"}],"version-history":[{"count":0,"href":"https:\/\/www.ip.gov.py\/ip\/wp-json\/wp\/v2\/posts\/344455\/revisions"}],"wp:featuredmedia":[{"embeddable":true,"href":"https:\/\/www.ip.gov.py\/ip\/wp-json\/wp\/v2\/media\/344458"}],"wp:attachment":[{"href":"https:\/\/www.ip.gov.py\/ip\/wp-json\/wp\/v2\/media?parent=344455"}],"wp:term":[{"taxonomy":"category","embeddable":true,"href":"https:\/\/www.ip.gov.py\/ip\/wp-json\/wp\/v2\/categories?post=344455"},{"taxonomy":"post_tag","embeddable":true,"href":"https:\/\/www.ip.gov.py\/ip\/wp-json\/wp\/v2\/tags?post=344455"}],"curies":[{"name":"wp","href":"https:\/\/api.w.org\/{rel}","templated":true}]}}