{"id":346404,"date":"2020-12-12T19:18:47","date_gmt":"2020-12-12T22:18:47","guid":{"rendered":"https:\/\/www.ip.gov.py\/ip\/?p=346404"},"modified":"2020-12-14T06:04:56","modified_gmt":"2020-12-14T09:04:56","slug":"presentan-mural-de-los-objetivos-de-desarrollo-sostenible-para-generar-conciencia-social","status":"publish","type":"post","link":"https:\/\/www.ip.gov.py\/ip\/2020\/12\/12\/presentan-mural-de-los-objetivos-de-desarrollo-sostenible-para-generar-conciencia-social\/","title":{"rendered":"Presentan mural de los Objetivos de Desarrollo Sostenible para generar conciencia social"},"content":{"rendered":"<p style=\"text-align: justify;\"><em><strong>Asunci\u00f3n, Paraguay, Agencia IP.- <\/strong><\/em>Una intervenci\u00f3n art\u00edstica de 17 ilustraciones realizadas por dise\u00f1adores nacionales fue presentada este s\u00e1bado en la Costanera de Asunci\u00f3n, para que m\u00e1s personas puedan conocer, aprender y tomar conciencia sobre cada uno de los 17 Objetivos de Desarrollo Sostenible.<\/p>\n<p><!--more--><\/p>\n<p style=\"text-align: justify;\">La muestra es posible gracias a la Comisi\u00f3n ODS Paraguay y el Programa de las Naciones Unidas para el Desarrollo (PNUD), con el apoyo de la ONU, el Pacto Global y del CIRD.<\/p>\n<p style=\"text-align: justify;\">\u201cLa Agenda 2030 y los ODS nos interpelan a que cada uno de nosotros, desde nuestra comunidad y realidad, contribuyamos para la construcci\u00f3n de una sociedad m\u00e1s justa, inclusiva, pr\u00f3spera y sostenible\u201d afirm\u00f3 la embajadora Estefan\u00eda Laterza, Coordinadora Nacional de la Comisi\u00f3n ODS Paraguay.<\/p>\n<p style=\"text-align: justify;\">\u201cEstamos muy emocionados con esta acci\u00f3n. Muchas personas conocer\u00e1n por primera vez los ODS y el impacto de sus acciones que contribuyen a un mundo m\u00e1s sostenible\u201d<em>,<\/em> destac\u00f3 a su vez Ruth Vera, de la Comisi\u00f3n ODS.<\/p>\n<p style=\"text-align: justify;\">Silvia Morimoto, representante residente del PNUD afirm\u00f3 manifest\u00f3 a su turno que \u201cestamos interconectados y debemos aprender a usar esa interconexi\u00f3n para poder ser mejores, alcanzar un mejor nivel de vida y en definitiva lograr eso que propone la Agenda 2030: transformar el mundo para convertirlo en un espacio mejor, m\u00e1s inclusivo para todas las personas, sin dejar a nadie atr\u00e1s\u201d.<\/p>\n<p style=\"text-align: justify;\">\u201cLos ODS abarcan cuestiones que nos afectan a todos, a nuestro bienestar y el de nuestro planeta. Desde el PNUD estamos convencidos de la relevancia de conocer estos objetivos para que cada uno pueda generar cambios desde su propio entorno y as\u00ed impactar favorablemente en el desarrollo sostenible. Esto es lo que nos motiva y nos lleva a impulsar esta innovadora campa\u00f1a\u201d, a\u00f1adi\u00f3 Alfonso Fern\u00e1ndez, representante adjunto de la organizaci\u00f3n.<\/p>\n<p style=\"text-align: justify;\"><strong>Sobre el mural de los ODS<\/strong><\/p>\n<p style=\"text-align: justify;\"><img loading=\"lazy\" decoding=\"async\" class=\" wp-image-346407 alignleft\" src=\"https:\/\/www.ip.gov.py\/ip\/wp-content\/uploads\/2020\/12\/8dbb0409-a923-4c4e-ac5d-cb209fc1ddda-600x450.jpg\" alt=\"\" width=\"490\" height=\"367\" srcset=\"https:\/\/www.ip.gov.py\/ip\/wp-content\/uploads\/2020\/12\/8dbb0409-a923-4c4e-ac5d-cb209fc1ddda-600x450.jpg 600w, https:\/\/www.ip.gov.py\/ip\/wp-content\/uploads\/2020\/12\/8dbb0409-a923-4c4e-ac5d-cb209fc1ddda-768x576.jpg 768w, https:\/\/www.ip.gov.py\/ip\/wp-content\/uploads\/2020\/12\/8dbb0409-a923-4c4e-ac5d-cb209fc1ddda-696x522.jpg 696w, https:\/\/www.ip.gov.py\/ip\/wp-content\/uploads\/2020\/12\/8dbb0409-a923-4c4e-ac5d-cb209fc1ddda-560x420.jpg 560w, https:\/\/www.ip.gov.py\/ip\/wp-content\/uploads\/2020\/12\/8dbb0409-a923-4c4e-ac5d-cb209fc1ddda-80x60.jpg 80w, https:\/\/www.ip.gov.py\/ip\/wp-content\/uploads\/2020\/12\/8dbb0409-a923-4c4e-ac5d-cb209fc1ddda-265x198.jpg 265w, https:\/\/www.ip.gov.py\/ip\/wp-content\/uploads\/2020\/12\/8dbb0409-a923-4c4e-ac5d-cb209fc1ddda.jpg 1024w\" sizes=\"auto, (max-width: 490px) 100vw, 490px\" \/>Las 17 ilustraciones estuvieron a cargo de destacados artistas paraguayos; cada una de ellas representa a un objetivo espec\u00edfico<em>. <\/em>\u201cFue una sorpresa muy linda haber ilustrado el Objetivo 7, que habla de energ\u00eda asequible y no contaminante. Desde chica mis pap\u00e1s me dec\u00edan que apague la luz y ahora les doy la raz\u00f3n, no se trataba solo del gasto monetario que generaba sino de la energ\u00eda que estaba desperdiciando. Entonces seamos responsables y hagamos nuestra parte\u201d, asevera Sof\u00eda Heyn, una de las dise\u00f1adoras.<\/p>\n<p style=\"text-align: justify;\">El mural de los ODS estar\u00e1 abierto del s\u00e1bado 12 al domingo 13 de diciembre en la Costanera de Asunci\u00f3n. Los visitantes podr\u00e1n encontrar debajo de cada ilustraci\u00f3n un c\u00f3digo QR para colaborar con la difusi\u00f3n y adem\u00e1s recibir\u00e1n el dibujo del ODS elegido impreso en papel a cambio de un tuit.<\/p>\n<p style=\"text-align: justify;\">\u201cUna vez que escanean el c\u00f3digo les lleva directamente al p\u00f3ster para poder descargarlo y publicarlo en sus redes sociales, de esta manera queremos generar conciencia y que el mensaje llegue a m\u00e1s personas\u201d, explica Ruth Vera.<\/p>\n<p style=\"text-align: justify;\"><strong>\u00bfQu\u00e9 son los 17 Objetivos de Desarrollo Sostenible? <\/strong><\/p>\n<p style=\"text-align: justify;\">Los 17 Objetivos de Desarrollo Sostenible (ODS), que sustituyen a los Objetivos de Desarrollo del Milenio (ODM), son un llamado de acci\u00f3n universal que invita a todos a reafirmar el compromiso de poner fin a la pobreza, crear un planeta m\u00e1s sostenible, seguro y pr\u00f3spero para la humanidad. Es importante que se cumpla cada uno de estos objetivos para el 2030:<\/p>\n<ol style=\"text-align: justify;\">\n<li>Fin de la pobreza<\/li>\n<li>Hambre cero<\/li>\n<li>Salud y bienestar<\/li>\n<li>Educaci\u00f3n de calidad<\/li>\n<li>Igualdad de g\u00e9nero<\/li>\n<li>Agua limpia y saneamiento<\/li>\n<li>Energ\u00eda asequible y no contaminante<\/li>\n<li>Trabajo decente y crecimiento econ\u00f3mico<\/li>\n<li>Industria, innovaci\u00f3n e infraestructura<\/li>\n<li>Reducir las desigualdades<\/li>\n<li>Ciudades y comunidades sostenibles<\/li>\n<li>Producci\u00f3n y consumo responsables<\/li>\n<li>Acci\u00f3n por el clima<\/li>\n<li>Vida submarina<\/li>\n<li>Vida de ecosistemas terrestres<\/li>\n<li>Paz, Justicia e Instituciones s\u00f3lidas<\/li>\n<li>Alianzas para lograr los objetivos<\/li>\n<\/ol>\n<p style=\"text-align: justify;\"><strong>Contexto de los ODS en Paraguay<\/strong><\/p>\n<p style=\"text-align: justify;\">Los ODS se\u00f1alan las interconexiones entre las dimensiones sociales, econ\u00f3micas y medioambientales del desarrollo sostenible del planeta.<\/p>\n<p style=\"text-align: justify;\">El firme compromiso del Paraguay con los ODS fue plasmado en 2016 con la creaci\u00f3n de la Comisi\u00f3n interinstitucional, Comisi\u00f3n ODS Paraguay, con el mandato de coordinar y articular los trabajos y esfuerzos realizados a nivel pa\u00eds para avanzar en el cumplimiento de las metas y objetivos de la Agenda 2030 y trabajar de manera trasversal en la promoci\u00f3n, sensibilizaci\u00f3n y empoderamiento ciudadano de los ODS.<\/p>\n<p style=\"text-align: justify;\">Los Objetivos de Desarrollo Sostenible requieren a\u00fan de esfuerzos del gobierno, las organizaciones de la sociedad civil (OSCs), las empresas y de la ciudadan\u00eda en general. Por este motivo, mediante esta iniciativa, la Comisi\u00f3n ODS Paraguay, en alianza con el PNUD, busca colaborar para mejorar esta situaci\u00f3n.<\/p>\n<p style=\"text-align: justify;\">Para m\u00e1s informaci\u00f3n acerca de los ODS pueden ingresar a las cuentas oficiales del PNUD Paraguay en Redes Sociales o visitar la p\u00e1gina web <a href=\"about:blank\">www.py.undp.org<\/a><\/p>\n<p style=\"text-align: justify;\"><strong>\u00a0<\/strong><strong>Los 17 artistas que hacen posible el mural <\/strong><\/p>\n<table width=\"753\">\n<tbody>\n<tr>\n<td width=\"418\">1. Fin de la pobreza<\/td>\n<td width=\"335\">Manu Rol\u00f3n<\/td>\n<\/tr>\n<tr>\n<td width=\"418\">2. Hambre Cero<\/td>\n<td width=\"335\">Fafo Ferrao<\/td>\n<\/tr>\n<tr>\n<td width=\"418\">3. Salud y Bienestar<\/td>\n<td width=\"335\">Vero Sforza<\/td>\n<\/tr>\n<tr>\n<td width=\"418\">4. Educaci\u00f3n de calidad<\/td>\n<td width=\"335\">Mag Ruhig<\/td>\n<\/tr>\n<tr>\n<td width=\"418\">5. Igualdad de g\u00e9nero<\/td>\n<td width=\"335\">Regi Rivas<\/td>\n<\/tr>\n<tr>\n<td width=\"418\">6. Agua limpia y saneamiento<\/td>\n<td width=\"335\">Chichi Vinader<\/td>\n<\/tr>\n<tr>\n<td width=\"418\">7. Energ\u00eda Asequible y no contaminante<\/td>\n<td width=\"335\">Sofia Amarilla Heyn<\/td>\n<\/tr>\n<tr>\n<td width=\"418\">8. Trabajo decente y crecimiento econ\u00f3mico<\/td>\n<td width=\"335\">Jorge Tercarioli<\/td>\n<\/tr>\n<tr>\n<td width=\"418\">9. Industria, innovaci\u00f3n e infraestructura<\/td>\n<td width=\"335\">Bianca Fernandez<\/td>\n<\/tr>\n<tr>\n<td width=\"418\">10. Reducci\u00f3n de las desigualdades<\/td>\n<td width=\"335\">Raquel Vargas<\/td>\n<\/tr>\n<tr>\n<td width=\"418\">11. Ciudades y comunidades sostenibles<\/td>\n<td width=\"335\">Edu Vago<\/td>\n<\/tr>\n<tr>\n<td width=\"418\">12. Producci\u00f3n y consumo responsable<\/td>\n<td width=\"335\">Robert Baez<\/td>\n<\/tr>\n<tr>\n<td width=\"418\">13. Acci\u00f3n por el clima<\/td>\n<td width=\"335\">Lucas We<\/td>\n<\/tr>\n<tr>\n<td width=\"418\">14. Vida Submarina<\/td>\n<td width=\"335\">Daniel Arzamendia<\/td>\n<\/tr>\n<tr>\n<td width=\"418\">15. Ecosistemas terrestres<\/td>\n<td width=\"335\">Royor Samudio<\/td>\n<\/tr>\n<tr>\n<td width=\"418\">16. Paz, justicia e instituciones s\u00f3lidas<\/td>\n<td width=\"335\">Andrea Ferreira<\/td>\n<\/tr>\n<tr>\n<td width=\"418\">17. Alianzas para lograr los objetivos<\/td>\n<td width=\"335\">Claudia Pe\u00f1a<\/td>\n<\/tr>\n<\/tbody>\n<\/table>\n<p style=\"text-align: justify;\">\n","protected":false},"excerpt":{"rendered":"<p>Asunci\u00f3n, Paraguay, Agencia IP.- Una intervenci\u00f3n art\u00edstica de 17 ilustraciones realizadas por dise\u00f1adores nacionales fue presentada este s\u00e1bado en la Costanera de Asunci\u00f3n, para que m\u00e1s personas puedan conocer, aprender y tomar conciencia sobre cada uno de los 17 Objetivos de Desarrollo Sostenible.<\/p>\n","protected":false},"author":2,"featured_media":346405,"comment_status":"closed","ping_status":"closed","sticky":false,"template":"","format":"standard","meta":{"_monsterinsights_skip_tracking":false,"_monsterinsights_sitenote_active":false,"_monsterinsights_sitenote_note":"","_monsterinsights_sitenote_category":0,"footnotes":""},"categories":[4],"tags":[],"class_list":{"0":"post-346404","1":"post","2":"type-post","3":"status-publish","4":"format-standard","5":"has-post-thumbnail","7":"category-nacionales"},"yoast_head":"<!-- This site is optimized with the Yoast SEO plugin v27.5 - https:\/\/yoast.com\/product\/yoast-seo-wordpress\/ -->\n<title>Presentan mural de los Objetivos de Desarrollo Sostenible para generar conciencia social - .::Agencia IP::.<\/title>\n<meta name=\"robots\" content=\"index, follow, max-snippet:-1, max-image-preview:large, max-video-preview:-1\" \/>\n<link rel=\"canonical\" href=\"https:\/\/www.ip.gov.py\/ip\/2020\/12\/12\/presentan-mural-de-los-objetivos-de-desarrollo-sostenible-para-generar-conciencia-social\/\" \/>\n<meta property=\"og:locale\" content=\"es_ES\" \/>\n<meta property=\"og:type\" content=\"article\" \/>\n<meta property=\"og:title\" content=\"Presentan mural de los Objetivos de Desarrollo Sostenible para generar conciencia social - .::Agencia IP::.\" \/>\n<meta property=\"og:description\" content=\"Asunci\u00f3n, Paraguay, Agencia IP.- Una intervenci\u00f3n art\u00edstica de 17 ilustraciones realizadas por dise\u00f1adores nacionales fue presentada este s\u00e1bado en la Costanera de Asunci\u00f3n, para que m\u00e1s personas puedan conocer, aprender y tomar conciencia sobre cada uno de los 17 Objetivos de Desarrollo Sostenible.\" \/>\n<meta property=\"og:url\" content=\"https:\/\/www.ip.gov.py\/ip\/2020\/12\/12\/presentan-mural-de-los-objetivos-de-desarrollo-sostenible-para-generar-conciencia-social\/\" \/>\n<meta property=\"og:site_name\" content=\".::Agencia IP::.\" \/>\n<meta property=\"article:publisher\" content=\"https:\/\/www.facebook.com\/IPParaguay\/\" \/>\n<meta property=\"article:published_time\" content=\"2020-12-12T22:18:47+00:00\" \/>\n<meta property=\"article:modified_time\" content=\"2020-12-14T09:04:56+00:00\" \/>\n<meta property=\"og:image\" content=\"https:\/\/www.ip.gov.py\/ip\/wp-content\/uploads\/2020\/12\/e303ae07-fb15-428d-956c-91a4922c628e.jpg\" \/>\n\t<meta property=\"og:image:width\" content=\"1280\" \/>\n\t<meta property=\"og:image:height\" content=\"720\" \/>\n\t<meta property=\"og:image:type\" content=\"image\/jpeg\" \/>\n<meta name=\"author\" content=\"Roque Mereles\" \/>\n<meta name=\"twitter:card\" content=\"summary_large_image\" \/>\n<meta name=\"twitter:creator\" content=\"@IPParaguay\" \/>\n<meta name=\"twitter:site\" content=\"@IPParaguay\" \/>\n<meta name=\"twitter:label1\" content=\"Escrito por\" \/>\n\t<meta name=\"twitter:data1\" content=\"Roque Mereles\" \/>\n\t<meta name=\"twitter:label2\" content=\"Tiempo de lectura\" \/>\n\t<meta name=\"twitter:data2\" content=\"5 minutos\" \/>\n<script type=\"application\/ld+json\" class=\"yoast-schema-graph\">{\"@context\":\"https:\\\/\\\/schema.org\",\"@graph\":[{\"@type\":\"Article\",\"@id\":\"https:\\\/\\\/www.ip.gov.py\\\/ip\\\/2020\\\/12\\\/12\\\/presentan-mural-de-los-objetivos-de-desarrollo-sostenible-para-generar-conciencia-social\\\/#article\",\"isPartOf\":{\"@id\":\"https:\\\/\\\/www.ip.gov.py\\\/ip\\\/2020\\\/12\\\/12\\\/presentan-mural-de-los-objetivos-de-desarrollo-sostenible-para-generar-conciencia-social\\\/\"},\"author\":{\"name\":\"Roque Mereles\",\"@id\":\"https:\\\/\\\/www.ip.gov.py\\\/ip\\\/#\\\/schema\\\/person\\\/7ec1ca00d0a9301ecc37fff902ff6741\"},\"headline\":\"Presentan mural de los Objetivos de Desarrollo Sostenible para generar conciencia social\",\"datePublished\":\"2020-12-12T22:18:47+00:00\",\"dateModified\":\"2020-12-14T09:04:56+00:00\",\"mainEntityOfPage\":{\"@id\":\"https:\\\/\\\/www.ip.gov.py\\\/ip\\\/2020\\\/12\\\/12\\\/presentan-mural-de-los-objetivos-de-desarrollo-sostenible-para-generar-conciencia-social\\\/\"},\"wordCount\":948,\"publisher\":{\"@id\":\"https:\\\/\\\/www.ip.gov.py\\\/ip\\\/#organization\"},\"image\":{\"@id\":\"https:\\\/\\\/www.ip.gov.py\\\/ip\\\/2020\\\/12\\\/12\\\/presentan-mural-de-los-objetivos-de-desarrollo-sostenible-para-generar-conciencia-social\\\/#primaryimage\"},\"thumbnailUrl\":\"https:\\\/\\\/www.ip.gov.py\\\/ip\\\/wp-content\\\/uploads\\\/2020\\\/12\\\/e303ae07-fb15-428d-956c-91a4922c628e.jpg\",\"articleSection\":[\"Nacionales\"],\"inLanguage\":\"es\"},{\"@type\":\"WebPage\",\"@id\":\"https:\\\/\\\/www.ip.gov.py\\\/ip\\\/2020\\\/12\\\/12\\\/presentan-mural-de-los-objetivos-de-desarrollo-sostenible-para-generar-conciencia-social\\\/\",\"url\":\"https:\\\/\\\/www.ip.gov.py\\\/ip\\\/2020\\\/12\\\/12\\\/presentan-mural-de-los-objetivos-de-desarrollo-sostenible-para-generar-conciencia-social\\\/\",\"name\":\"Presentan mural de los Objetivos de Desarrollo Sostenible para generar conciencia social - .::Agencia IP::.\",\"isPartOf\":{\"@id\":\"https:\\\/\\\/www.ip.gov.py\\\/ip\\\/#website\"},\"primaryImageOfPage\":{\"@id\":\"https:\\\/\\\/www.ip.gov.py\\\/ip\\\/2020\\\/12\\\/12\\\/presentan-mural-de-los-objetivos-de-desarrollo-sostenible-para-generar-conciencia-social\\\/#primaryimage\"},\"image\":{\"@id\":\"https:\\\/\\\/www.ip.gov.py\\\/ip\\\/2020\\\/12\\\/12\\\/presentan-mural-de-los-objetivos-de-desarrollo-sostenible-para-generar-conciencia-social\\\/#primaryimage\"},\"thumbnailUrl\":\"https:\\\/\\\/www.ip.gov.py\\\/ip\\\/wp-content\\\/uploads\\\/2020\\\/12\\\/e303ae07-fb15-428d-956c-91a4922c628e.jpg\",\"datePublished\":\"2020-12-12T22:18:47+00:00\",\"dateModified\":\"2020-12-14T09:04:56+00:00\",\"breadcrumb\":{\"@id\":\"https:\\\/\\\/www.ip.gov.py\\\/ip\\\/2020\\\/12\\\/12\\\/presentan-mural-de-los-objetivos-de-desarrollo-sostenible-para-generar-conciencia-social\\\/#breadcrumb\"},\"inLanguage\":\"es\",\"potentialAction\":[{\"@type\":\"ReadAction\",\"target\":[\"https:\\\/\\\/www.ip.gov.py\\\/ip\\\/2020\\\/12\\\/12\\\/presentan-mural-de-los-objetivos-de-desarrollo-sostenible-para-generar-conciencia-social\\\/\"]}]},{\"@type\":\"ImageObject\",\"inLanguage\":\"es\",\"@id\":\"https:\\\/\\\/www.ip.gov.py\\\/ip\\\/2020\\\/12\\\/12\\\/presentan-mural-de-los-objetivos-de-desarrollo-sostenible-para-generar-conciencia-social\\\/#primaryimage\",\"url\":\"https:\\\/\\\/www.ip.gov.py\\\/ip\\\/wp-content\\\/uploads\\\/2020\\\/12\\\/e303ae07-fb15-428d-956c-91a4922c628e.jpg\",\"contentUrl\":\"https:\\\/\\\/www.ip.gov.py\\\/ip\\\/wp-content\\\/uploads\\\/2020\\\/12\\\/e303ae07-fb15-428d-956c-91a4922c628e.jpg\",\"width\":1280,\"height\":720,\"caption\":\"La intervenci\u00f3n fue presentada este s\u00e1bado en la Costanera de Asunci\u00f3n.\"},{\"@type\":\"BreadcrumbList\",\"@id\":\"https:\\\/\\\/www.ip.gov.py\\\/ip\\\/2020\\\/12\\\/12\\\/presentan-mural-de-los-objetivos-de-desarrollo-sostenible-para-generar-conciencia-social\\\/#breadcrumb\",\"itemListElement\":[{\"@type\":\"ListItem\",\"position\":1,\"name\":\"Portada\",\"item\":\"https:\\\/\\\/www.ip.gov.py\\\/ip\\\/\"},{\"@type\":\"ListItem\",\"position\":2,\"name\":\"Presentan mural de los Objetivos de Desarrollo Sostenible para generar conciencia social\"}]},{\"@type\":\"WebSite\",\"@id\":\"https:\\\/\\\/www.ip.gov.py\\\/ip\\\/#website\",\"url\":\"https:\\\/\\\/www.ip.gov.py\\\/ip\\\/\",\"name\":\".::Agencia IP::.\",\"description\":\"\",\"publisher\":{\"@id\":\"https:\\\/\\\/www.ip.gov.py\\\/ip\\\/#organization\"},\"potentialAction\":[{\"@type\":\"SearchAction\",\"target\":{\"@type\":\"EntryPoint\",\"urlTemplate\":\"https:\\\/\\\/www.ip.gov.py\\\/ip\\\/?s={search_term_string}\"},\"query-input\":{\"@type\":\"PropertyValueSpecification\",\"valueRequired\":true,\"valueName\":\"search_term_string\"}}],\"inLanguage\":\"es\"},{\"@type\":\"Organization\",\"@id\":\"https:\\\/\\\/www.ip.gov.py\\\/ip\\\/#organization\",\"name\":\"Agencia IP\",\"url\":\"https:\\\/\\\/www.ip.gov.py\\\/ip\\\/\",\"logo\":{\"@type\":\"ImageObject\",\"inLanguage\":\"es\",\"@id\":\"https:\\\/\\\/www.ip.gov.py\\\/ip\\\/#\\\/schema\\\/logo\\\/image\\\/\",\"url\":\"https:\\\/\\\/www.ip.gov.py\\\/ip\\\/wp-content\\\/uploads\\\/2018\\\/01\\\/Agencia-IP.jpg\",\"contentUrl\":\"https:\\\/\\\/www.ip.gov.py\\\/ip\\\/wp-content\\\/uploads\\\/2018\\\/01\\\/Agencia-IP.jpg\",\"width\":150,\"height\":150,\"caption\":\"Agencia IP\"},\"image\":{\"@id\":\"https:\\\/\\\/www.ip.gov.py\\\/ip\\\/#\\\/schema\\\/logo\\\/image\\\/\"},\"sameAs\":[\"https:\\\/\\\/www.facebook.com\\\/IPParaguay\\\/\",\"https:\\\/\\\/x.com\\\/IPParaguay\",\"https:\\\/\\\/www.instagram.com\\\/IPParaguay\"]},{\"@type\":\"Person\",\"@id\":\"https:\\\/\\\/www.ip.gov.py\\\/ip\\\/#\\\/schema\\\/person\\\/7ec1ca00d0a9301ecc37fff902ff6741\",\"name\":\"Roque Mereles\",\"url\":\"https:\\\/\\\/www.ip.gov.py\\\/ip\\\/author\\\/rmereles\\\/\"}]}<\/script>\n<!-- \/ Yoast SEO plugin. -->","yoast_head_json":{"title":"Presentan mural de los Objetivos de Desarrollo Sostenible para generar conciencia social - .::Agencia IP::.","robots":{"index":"index","follow":"follow","max-snippet":"max-snippet:-1","max-image-preview":"max-image-preview:large","max-video-preview":"max-video-preview:-1"},"canonical":"https:\/\/www.ip.gov.py\/ip\/2020\/12\/12\/presentan-mural-de-los-objetivos-de-desarrollo-sostenible-para-generar-conciencia-social\/","og_locale":"es_ES","og_type":"article","og_title":"Presentan mural de los Objetivos de Desarrollo Sostenible para generar conciencia social - .::Agencia IP::.","og_description":"Asunci\u00f3n, Paraguay, Agencia IP.- Una intervenci\u00f3n art\u00edstica de 17 ilustraciones realizadas por dise\u00f1adores nacionales fue presentada este s\u00e1bado en la Costanera de Asunci\u00f3n, para que m\u00e1s personas puedan conocer, aprender y tomar conciencia sobre cada uno de los 17 Objetivos de Desarrollo Sostenible.","og_url":"https:\/\/www.ip.gov.py\/ip\/2020\/12\/12\/presentan-mural-de-los-objetivos-de-desarrollo-sostenible-para-generar-conciencia-social\/","og_site_name":".::Agencia IP::.","article_publisher":"https:\/\/www.facebook.com\/IPParaguay\/","article_published_time":"2020-12-12T22:18:47+00:00","article_modified_time":"2020-12-14T09:04:56+00:00","og_image":[{"width":1280,"height":720,"url":"https:\/\/www.ip.gov.py\/ip\/wp-content\/uploads\/2020\/12\/e303ae07-fb15-428d-956c-91a4922c628e.jpg","type":"image\/jpeg"}],"author":"Roque Mereles","twitter_card":"summary_large_image","twitter_creator":"@IPParaguay","twitter_site":"@IPParaguay","twitter_misc":{"Escrito por":"Roque Mereles","Tiempo de lectura":"5 minutos"},"schema":{"@context":"https:\/\/schema.org","@graph":[{"@type":"Article","@id":"https:\/\/www.ip.gov.py\/ip\/2020\/12\/12\/presentan-mural-de-los-objetivos-de-desarrollo-sostenible-para-generar-conciencia-social\/#article","isPartOf":{"@id":"https:\/\/www.ip.gov.py\/ip\/2020\/12\/12\/presentan-mural-de-los-objetivos-de-desarrollo-sostenible-para-generar-conciencia-social\/"},"author":{"name":"Roque Mereles","@id":"https:\/\/www.ip.gov.py\/ip\/#\/schema\/person\/7ec1ca00d0a9301ecc37fff902ff6741"},"headline":"Presentan mural de los Objetivos de Desarrollo Sostenible para generar conciencia social","datePublished":"2020-12-12T22:18:47+00:00","dateModified":"2020-12-14T09:04:56+00:00","mainEntityOfPage":{"@id":"https:\/\/www.ip.gov.py\/ip\/2020\/12\/12\/presentan-mural-de-los-objetivos-de-desarrollo-sostenible-para-generar-conciencia-social\/"},"wordCount":948,"publisher":{"@id":"https:\/\/www.ip.gov.py\/ip\/#organization"},"image":{"@id":"https:\/\/www.ip.gov.py\/ip\/2020\/12\/12\/presentan-mural-de-los-objetivos-de-desarrollo-sostenible-para-generar-conciencia-social\/#primaryimage"},"thumbnailUrl":"https:\/\/www.ip.gov.py\/ip\/wp-content\/uploads\/2020\/12\/e303ae07-fb15-428d-956c-91a4922c628e.jpg","articleSection":["Nacionales"],"inLanguage":"es"},{"@type":"WebPage","@id":"https:\/\/www.ip.gov.py\/ip\/2020\/12\/12\/presentan-mural-de-los-objetivos-de-desarrollo-sostenible-para-generar-conciencia-social\/","url":"https:\/\/www.ip.gov.py\/ip\/2020\/12\/12\/presentan-mural-de-los-objetivos-de-desarrollo-sostenible-para-generar-conciencia-social\/","name":"Presentan mural de los Objetivos de Desarrollo Sostenible para generar conciencia social - .::Agencia IP::.","isPartOf":{"@id":"https:\/\/www.ip.gov.py\/ip\/#website"},"primaryImageOfPage":{"@id":"https:\/\/www.ip.gov.py\/ip\/2020\/12\/12\/presentan-mural-de-los-objetivos-de-desarrollo-sostenible-para-generar-conciencia-social\/#primaryimage"},"image":{"@id":"https:\/\/www.ip.gov.py\/ip\/2020\/12\/12\/presentan-mural-de-los-objetivos-de-desarrollo-sostenible-para-generar-conciencia-social\/#primaryimage"},"thumbnailUrl":"https:\/\/www.ip.gov.py\/ip\/wp-content\/uploads\/2020\/12\/e303ae07-fb15-428d-956c-91a4922c628e.jpg","datePublished":"2020-12-12T22:18:47+00:00","dateModified":"2020-12-14T09:04:56+00:00","breadcrumb":{"@id":"https:\/\/www.ip.gov.py\/ip\/2020\/12\/12\/presentan-mural-de-los-objetivos-de-desarrollo-sostenible-para-generar-conciencia-social\/#breadcrumb"},"inLanguage":"es","potentialAction":[{"@type":"ReadAction","target":["https:\/\/www.ip.gov.py\/ip\/2020\/12\/12\/presentan-mural-de-los-objetivos-de-desarrollo-sostenible-para-generar-conciencia-social\/"]}]},{"@type":"ImageObject","inLanguage":"es","@id":"https:\/\/www.ip.gov.py\/ip\/2020\/12\/12\/presentan-mural-de-los-objetivos-de-desarrollo-sostenible-para-generar-conciencia-social\/#primaryimage","url":"https:\/\/www.ip.gov.py\/ip\/wp-content\/uploads\/2020\/12\/e303ae07-fb15-428d-956c-91a4922c628e.jpg","contentUrl":"https:\/\/www.ip.gov.py\/ip\/wp-content\/uploads\/2020\/12\/e303ae07-fb15-428d-956c-91a4922c628e.jpg","width":1280,"height":720,"caption":"La intervenci\u00f3n fue presentada este s\u00e1bado en la Costanera de Asunci\u00f3n."},{"@type":"BreadcrumbList","@id":"https:\/\/www.ip.gov.py\/ip\/2020\/12\/12\/presentan-mural-de-los-objetivos-de-desarrollo-sostenible-para-generar-conciencia-social\/#breadcrumb","itemListElement":[{"@type":"ListItem","position":1,"name":"Portada","item":"https:\/\/www.ip.gov.py\/ip\/"},{"@type":"ListItem","position":2,"name":"Presentan mural de los Objetivos de Desarrollo Sostenible para generar conciencia social"}]},{"@type":"WebSite","@id":"https:\/\/www.ip.gov.py\/ip\/#website","url":"https:\/\/www.ip.gov.py\/ip\/","name":".::Agencia IP::.","description":"","publisher":{"@id":"https:\/\/www.ip.gov.py\/ip\/#organization"},"potentialAction":[{"@type":"SearchAction","target":{"@type":"EntryPoint","urlTemplate":"https:\/\/www.ip.gov.py\/ip\/?s={search_term_string}"},"query-input":{"@type":"PropertyValueSpecification","valueRequired":true,"valueName":"search_term_string"}}],"inLanguage":"es"},{"@type":"Organization","@id":"https:\/\/www.ip.gov.py\/ip\/#organization","name":"Agencia IP","url":"https:\/\/www.ip.gov.py\/ip\/","logo":{"@type":"ImageObject","inLanguage":"es","@id":"https:\/\/www.ip.gov.py\/ip\/#\/schema\/logo\/image\/","url":"https:\/\/www.ip.gov.py\/ip\/wp-content\/uploads\/2018\/01\/Agencia-IP.jpg","contentUrl":"https:\/\/www.ip.gov.py\/ip\/wp-content\/uploads\/2018\/01\/Agencia-IP.jpg","width":150,"height":150,"caption":"Agencia IP"},"image":{"@id":"https:\/\/www.ip.gov.py\/ip\/#\/schema\/logo\/image\/"},"sameAs":["https:\/\/www.facebook.com\/IPParaguay\/","https:\/\/x.com\/IPParaguay","https:\/\/www.instagram.com\/IPParaguay"]},{"@type":"Person","@id":"https:\/\/www.ip.gov.py\/ip\/#\/schema\/person\/7ec1ca00d0a9301ecc37fff902ff6741","name":"Roque Mereles","url":"https:\/\/www.ip.gov.py\/ip\/author\/rmereles\/"}]}},"_links":{"self":[{"href":"https:\/\/www.ip.gov.py\/ip\/wp-json\/wp\/v2\/posts\/346404","targetHints":{"allow":["GET"]}}],"collection":[{"href":"https:\/\/www.ip.gov.py\/ip\/wp-json\/wp\/v2\/posts"}],"about":[{"href":"https:\/\/www.ip.gov.py\/ip\/wp-json\/wp\/v2\/types\/post"}],"author":[{"embeddable":true,"href":"https:\/\/www.ip.gov.py\/ip\/wp-json\/wp\/v2\/users\/2"}],"replies":[{"embeddable":true,"href":"https:\/\/www.ip.gov.py\/ip\/wp-json\/wp\/v2\/comments?post=346404"}],"version-history":[{"count":0,"href":"https:\/\/www.ip.gov.py\/ip\/wp-json\/wp\/v2\/posts\/346404\/revisions"}],"wp:featuredmedia":[{"embeddable":true,"href":"https:\/\/www.ip.gov.py\/ip\/wp-json\/wp\/v2\/media\/346405"}],"wp:attachment":[{"href":"https:\/\/www.ip.gov.py\/ip\/wp-json\/wp\/v2\/media?parent=346404"}],"wp:term":[{"taxonomy":"category","embeddable":true,"href":"https:\/\/www.ip.gov.py\/ip\/wp-json\/wp\/v2\/categories?post=346404"},{"taxonomy":"post_tag","embeddable":true,"href":"https:\/\/www.ip.gov.py\/ip\/wp-json\/wp\/v2\/tags?post=346404"}],"curies":[{"name":"wp","href":"https:\/\/api.w.org\/{rel}","templated":true}]}}