{"id":346801,"date":"2020-12-16T06:50:36","date_gmt":"2020-12-16T09:50:36","guid":{"rendered":"https:\/\/www.ip.gov.py\/ip\/?p=346801"},"modified":"2020-12-15T23:53:02","modified_gmt":"2020-12-16T02:53:02","slug":"senave-capacito-a-tecnicos-y-productores-sobre-el-cultivo-de-banana","status":"publish","type":"post","link":"https:\/\/www.ip.gov.py\/ip\/2020\/12\/16\/senave-capacito-a-tecnicos-y-productores-sobre-el-cultivo-de-banana\/","title":{"rendered":"Senave capacit\u00f3 a t\u00e9cnicos y productores sobre el cultivo de banana"},"content":{"rendered":"<p style=\"text-align: justify;\"><em><strong>Asunci\u00f3n, Paraguay, Agencia IP.-<\/strong><\/em> Unos 50 productores y t\u00e9cnicos que se dedican a la producci\u00f3n de banana, se capacitaron sobre \u201cAspectos t\u00e9cnicos relacionados al cultivo de banana\u201d, curso que fue dictado por especialistas del Servicio Nacional de Calidad y Sanidad Vegetal y de Semillas (Senave).<!--more--><\/p>\n<p style=\"text-align: justify;\">Como parte del programa de capacitaci\u00f3n, se abord\u00f3 lo referente al manejo de plagas en banana; certificaci\u00f3n, Buenas Pr\u00e1cticas Agr\u00edcolas (BPA) en cultivos de banano; requisitos para habilitaci\u00f3n de plantas de empaque; requisitos de calidad e inocuidad de los principales mercados de exportaci\u00f3n de banana.<\/p>\n<p style=\"text-align: justify;\">Tanto el Senave como los productores coincidieron en que el fortalecimiento de las disposiciones t\u00e9cnicas para garantizar la calidad y sanidad de la producci\u00f3n, mantendr\u00e1 y ampliar\u00e1 el prestigio que tiene la banana nacional, tanto en el mercado interno como externo.<\/p>\n<p style=\"text-align: justify;\">A fin de seguir consolidando la producci\u00f3n de este importante rubro, el titular de la instituci\u00f3n, Rodrigo Gonz\u00e1lez, anunci\u00f3 la presencia permanente de t\u00e9cnicos del Senave en la mencionada localidad, apuntando a contribuir en los procesos de adecuaci\u00f3n de la producci\u00f3n nacional a las exigencias fitosanitarias de los pa\u00edses importadores.<\/p>\n<p style=\"text-align: justify;\">Agreg\u00f3 que la banana tambi\u00e9n forma parte del trabajo que se desarrolla el marco del Proyecto de Mejoramiento de la Inocuidad de rubros Agr\u00edcolas de Exportaci\u00f3n para Peque\u00f1os Productores (Inopar), que cuenta con apoyo de la Agencia de Cooperaci\u00f3n Internacional del Jap\u00f3n (JICA), para garantizar la inocuidad de la producci\u00f3n.<\/p>\n<p style=\"text-align: justify;\">Por su parte, Hugo Franco, productor bananero y presidente de la Mesa Nacional Intersectorial de Competitividad Bananera, agradeci\u00f3 el trabajo llevado a cabo por el SENAVE, para apoyar a este sector en constante crecimiento, que se suma tambi\u00e9n al esfuerzo que realiza el productor en su finca.<\/p>\n<p style=\"text-align: justify;\"><strong>Mejores ganancias a pesar de la pandemia\u00a0<\/strong><\/p>\n<p style=\"text-align: justify;\">Franco, explic\u00f3 que pese a la pandemia que afecta a todo el mundo, la exportaci\u00f3n de banana nacional de este a\u00f1o, ha superado las ganancias del a\u00f1o pasado, en el mismo periodo.<\/p>\n<p style=\"text-align: justify;\">\u201cSeg\u00fan informes del Rediex, al 30 octubre de 2020, se reportaron alrededor de 15.000.000 d\u00f3lares en ingresos por exportaci\u00f3n, y como seguimos exportando durante noviembre y diciembre, creemos que estar\u00edamos llegando a los 17.000.000 d\u00f3lares; lo que contrasta con los 11.700.000 d\u00f3lares de 2019\u201d.<\/p>\n","protected":false},"excerpt":{"rendered":"<p>Asunci\u00f3n, Paraguay, Agencia IP.- Unos 50 productores y t\u00e9cnicos que se dedican a la producci\u00f3n de banana, se capacitaron sobre \u201cAspectos t\u00e9cnicos relacionados al cultivo de banana\u201d, curso que fue dictado por especialistas del Servicio Nacional de Calidad y Sanidad Vegetal y de Semillas (Senave).<\/p>\n","protected":false},"author":23,"featured_media":346803,"comment_status":"closed","ping_status":"closed","sticky":false,"template":"","format":"standard","meta":{"_monsterinsights_skip_tracking":false,"_monsterinsights_sitenote_active":false,"_monsterinsights_sitenote_note":"","_monsterinsights_sitenote_category":0,"footnotes":""},"categories":[9],"tags":[358,4372,204,4373],"class_list":{"0":"post-346801","1":"post","2":"type-post","3":"status-publish","4":"format-standard","5":"has-post-thumbnail","7":"category-economia","8":"tag-caaguazu","9":"tag-cultivo-banana","10":"tag-senave","11":"tag-tembiapora"},"yoast_head":"<!-- This site is optimized with the Yoast SEO plugin v27.4 - https:\/\/yoast.com\/product\/yoast-seo-wordpress\/ -->\n<title>Senave capacit\u00f3 a t\u00e9cnicos y productores sobre el cultivo de banana - .::Agencia IP::.<\/title>\n<meta name=\"robots\" content=\"index, follow, max-snippet:-1, max-image-preview:large, max-video-preview:-1\" \/>\n<link rel=\"canonical\" href=\"https:\/\/www.ip.gov.py\/ip\/2020\/12\/16\/senave-capacito-a-tecnicos-y-productores-sobre-el-cultivo-de-banana\/\" \/>\n<meta property=\"og:locale\" content=\"es_ES\" \/>\n<meta property=\"og:type\" content=\"article\" \/>\n<meta property=\"og:title\" content=\"Senave capacit\u00f3 a t\u00e9cnicos y productores sobre el cultivo de banana - .::Agencia IP::.\" \/>\n<meta property=\"og:description\" content=\"Asunci\u00f3n, Paraguay, Agencia IP.- Unos 50 productores y t\u00e9cnicos que se dedican a la producci\u00f3n de banana, se capacitaron sobre \u201cAspectos t\u00e9cnicos relacionados al cultivo de banana\u201d, curso que fue dictado por especialistas del Servicio Nacional de Calidad y Sanidad Vegetal y de Semillas (Senave).\" \/>\n<meta property=\"og:url\" content=\"https:\/\/www.ip.gov.py\/ip\/2020\/12\/16\/senave-capacito-a-tecnicos-y-productores-sobre-el-cultivo-de-banana\/\" \/>\n<meta property=\"og:site_name\" content=\".::Agencia IP::.\" \/>\n<meta property=\"article:publisher\" content=\"https:\/\/www.facebook.com\/IPParaguay\/\" \/>\n<meta property=\"article:published_time\" content=\"2020-12-16T09:50:36+00:00\" \/>\n<meta property=\"og:image\" content=\"https:\/\/www.ip.gov.py\/ip\/wp-content\/uploads\/2020\/12\/Senave.png\" \/>\n\t<meta property=\"og:image:width\" content=\"647\" \/>\n\t<meta property=\"og:image:height\" content=\"351\" \/>\n\t<meta property=\"og:image:type\" content=\"image\/png\" \/>\n<meta name=\"author\" content=\"Noelia Ferreira\" \/>\n<meta name=\"twitter:card\" content=\"summary_large_image\" \/>\n<meta name=\"twitter:creator\" content=\"@IPParaguay\" \/>\n<meta name=\"twitter:site\" content=\"@IPParaguay\" \/>\n<meta name=\"twitter:label1\" content=\"Escrito por\" \/>\n\t<meta name=\"twitter:data1\" content=\"Noelia Ferreira\" \/>\n\t<meta name=\"twitter:label2\" content=\"Tiempo de lectura\" \/>\n\t<meta name=\"twitter:data2\" content=\"2 minutos\" \/>\n<script type=\"application\/ld+json\" class=\"yoast-schema-graph\">{\"@context\":\"https:\\\/\\\/schema.org\",\"@graph\":[{\"@type\":\"Article\",\"@id\":\"https:\\\/\\\/www.ip.gov.py\\\/ip\\\/2020\\\/12\\\/16\\\/senave-capacito-a-tecnicos-y-productores-sobre-el-cultivo-de-banana\\\/#article\",\"isPartOf\":{\"@id\":\"https:\\\/\\\/www.ip.gov.py\\\/ip\\\/2020\\\/12\\\/16\\\/senave-capacito-a-tecnicos-y-productores-sobre-el-cultivo-de-banana\\\/\"},\"author\":{\"name\":\"Noelia Ferreira\",\"@id\":\"https:\\\/\\\/www.ip.gov.py\\\/ip\\\/#\\\/schema\\\/person\\\/791af27a9219bdbf9064abb776bb41c2\"},\"headline\":\"Senave capacit\u00f3 a t\u00e9cnicos y productores sobre el cultivo de banana\",\"datePublished\":\"2020-12-16T09:50:36+00:00\",\"mainEntityOfPage\":{\"@id\":\"https:\\\/\\\/www.ip.gov.py\\\/ip\\\/2020\\\/12\\\/16\\\/senave-capacito-a-tecnicos-y-productores-sobre-el-cultivo-de-banana\\\/\"},\"wordCount\":403,\"publisher\":{\"@id\":\"https:\\\/\\\/www.ip.gov.py\\\/ip\\\/#organization\"},\"image\":{\"@id\":\"https:\\\/\\\/www.ip.gov.py\\\/ip\\\/2020\\\/12\\\/16\\\/senave-capacito-a-tecnicos-y-productores-sobre-el-cultivo-de-banana\\\/#primaryimage\"},\"thumbnailUrl\":\"https:\\\/\\\/www.ip.gov.py\\\/ip\\\/wp-content\\\/uploads\\\/2020\\\/12\\\/Senave.png\",\"keywords\":[\"Caaguaz\u00fa\",\"Cultivo banana\",\"Senave\",\"Tembiapor\u00e1\"],\"articleSection\":[\"Econom\u00eda\"],\"inLanguage\":\"es\"},{\"@type\":\"WebPage\",\"@id\":\"https:\\\/\\\/www.ip.gov.py\\\/ip\\\/2020\\\/12\\\/16\\\/senave-capacito-a-tecnicos-y-productores-sobre-el-cultivo-de-banana\\\/\",\"url\":\"https:\\\/\\\/www.ip.gov.py\\\/ip\\\/2020\\\/12\\\/16\\\/senave-capacito-a-tecnicos-y-productores-sobre-el-cultivo-de-banana\\\/\",\"name\":\"Senave capacit\u00f3 a t\u00e9cnicos y productores sobre el cultivo de banana - .::Agencia IP::.\",\"isPartOf\":{\"@id\":\"https:\\\/\\\/www.ip.gov.py\\\/ip\\\/#website\"},\"primaryImageOfPage\":{\"@id\":\"https:\\\/\\\/www.ip.gov.py\\\/ip\\\/2020\\\/12\\\/16\\\/senave-capacito-a-tecnicos-y-productores-sobre-el-cultivo-de-banana\\\/#primaryimage\"},\"image\":{\"@id\":\"https:\\\/\\\/www.ip.gov.py\\\/ip\\\/2020\\\/12\\\/16\\\/senave-capacito-a-tecnicos-y-productores-sobre-el-cultivo-de-banana\\\/#primaryimage\"},\"thumbnailUrl\":\"https:\\\/\\\/www.ip.gov.py\\\/ip\\\/wp-content\\\/uploads\\\/2020\\\/12\\\/Senave.png\",\"datePublished\":\"2020-12-16T09:50:36+00:00\",\"breadcrumb\":{\"@id\":\"https:\\\/\\\/www.ip.gov.py\\\/ip\\\/2020\\\/12\\\/16\\\/senave-capacito-a-tecnicos-y-productores-sobre-el-cultivo-de-banana\\\/#breadcrumb\"},\"inLanguage\":\"es\",\"potentialAction\":[{\"@type\":\"ReadAction\",\"target\":[\"https:\\\/\\\/www.ip.gov.py\\\/ip\\\/2020\\\/12\\\/16\\\/senave-capacito-a-tecnicos-y-productores-sobre-el-cultivo-de-banana\\\/\"]}]},{\"@type\":\"ImageObject\",\"inLanguage\":\"es\",\"@id\":\"https:\\\/\\\/www.ip.gov.py\\\/ip\\\/2020\\\/12\\\/16\\\/senave-capacito-a-tecnicos-y-productores-sobre-el-cultivo-de-banana\\\/#primaryimage\",\"url\":\"https:\\\/\\\/www.ip.gov.py\\\/ip\\\/wp-content\\\/uploads\\\/2020\\\/12\\\/Senave.png\",\"contentUrl\":\"https:\\\/\\\/www.ip.gov.py\\\/ip\\\/wp-content\\\/uploads\\\/2020\\\/12\\\/Senave.png\",\"width\":647,\"height\":351,\"caption\":\"Las capacitaciones se realizaron el viernes \u00faltimo en las instalaciones de la firma Isla Bonita, ubicada en Tembiapor\u00e1, departamento de Caaguaz\u00fa. Foto: Senave\"},{\"@type\":\"BreadcrumbList\",\"@id\":\"https:\\\/\\\/www.ip.gov.py\\\/ip\\\/2020\\\/12\\\/16\\\/senave-capacito-a-tecnicos-y-productores-sobre-el-cultivo-de-banana\\\/#breadcrumb\",\"itemListElement\":[{\"@type\":\"ListItem\",\"position\":1,\"name\":\"Portada\",\"item\":\"https:\\\/\\\/www.ip.gov.py\\\/ip\\\/\"},{\"@type\":\"ListItem\",\"position\":2,\"name\":\"Senave capacit\u00f3 a t\u00e9cnicos y productores sobre el cultivo de banana\"}]},{\"@type\":\"WebSite\",\"@id\":\"https:\\\/\\\/www.ip.gov.py\\\/ip\\\/#website\",\"url\":\"https:\\\/\\\/www.ip.gov.py\\\/ip\\\/\",\"name\":\".::Agencia IP::.\",\"description\":\"\",\"publisher\":{\"@id\":\"https:\\\/\\\/www.ip.gov.py\\\/ip\\\/#organization\"},\"potentialAction\":[{\"@type\":\"SearchAction\",\"target\":{\"@type\":\"EntryPoint\",\"urlTemplate\":\"https:\\\/\\\/www.ip.gov.py\\\/ip\\\/?s={search_term_string}\"},\"query-input\":{\"@type\":\"PropertyValueSpecification\",\"valueRequired\":true,\"valueName\":\"search_term_string\"}}],\"inLanguage\":\"es\"},{\"@type\":\"Organization\",\"@id\":\"https:\\\/\\\/www.ip.gov.py\\\/ip\\\/#organization\",\"name\":\"Agencia IP\",\"url\":\"https:\\\/\\\/www.ip.gov.py\\\/ip\\\/\",\"logo\":{\"@type\":\"ImageObject\",\"inLanguage\":\"es\",\"@id\":\"https:\\\/\\\/www.ip.gov.py\\\/ip\\\/#\\\/schema\\\/logo\\\/image\\\/\",\"url\":\"https:\\\/\\\/www.ip.gov.py\\\/ip\\\/wp-content\\\/uploads\\\/2018\\\/01\\\/Agencia-IP.jpg\",\"contentUrl\":\"https:\\\/\\\/www.ip.gov.py\\\/ip\\\/wp-content\\\/uploads\\\/2018\\\/01\\\/Agencia-IP.jpg\",\"width\":150,\"height\":150,\"caption\":\"Agencia IP\"},\"image\":{\"@id\":\"https:\\\/\\\/www.ip.gov.py\\\/ip\\\/#\\\/schema\\\/logo\\\/image\\\/\"},\"sameAs\":[\"https:\\\/\\\/www.facebook.com\\\/IPParaguay\\\/\",\"https:\\\/\\\/x.com\\\/IPParaguay\",\"https:\\\/\\\/www.instagram.com\\\/IPParaguay\"]},{\"@type\":\"Person\",\"@id\":\"https:\\\/\\\/www.ip.gov.py\\\/ip\\\/#\\\/schema\\\/person\\\/791af27a9219bdbf9064abb776bb41c2\",\"name\":\"Noelia Ferreira\",\"sameAs\":[\"http:\\\/\\\/www.ip.gov.py\"],\"url\":\"https:\\\/\\\/www.ip.gov.py\\\/ip\\\/author\\\/nferreira\\\/\"}]}<\/script>\n<!-- \/ Yoast SEO plugin. -->","yoast_head_json":{"title":"Senave capacit\u00f3 a t\u00e9cnicos y productores sobre el cultivo de banana - .::Agencia IP::.","robots":{"index":"index","follow":"follow","max-snippet":"max-snippet:-1","max-image-preview":"max-image-preview:large","max-video-preview":"max-video-preview:-1"},"canonical":"https:\/\/www.ip.gov.py\/ip\/2020\/12\/16\/senave-capacito-a-tecnicos-y-productores-sobre-el-cultivo-de-banana\/","og_locale":"es_ES","og_type":"article","og_title":"Senave capacit\u00f3 a t\u00e9cnicos y productores sobre el cultivo de banana - .::Agencia IP::.","og_description":"Asunci\u00f3n, Paraguay, Agencia IP.- Unos 50 productores y t\u00e9cnicos que se dedican a la producci\u00f3n de banana, se capacitaron sobre \u201cAspectos t\u00e9cnicos relacionados al cultivo de banana\u201d, curso que fue dictado por especialistas del Servicio Nacional de Calidad y Sanidad Vegetal y de Semillas (Senave).","og_url":"https:\/\/www.ip.gov.py\/ip\/2020\/12\/16\/senave-capacito-a-tecnicos-y-productores-sobre-el-cultivo-de-banana\/","og_site_name":".::Agencia IP::.","article_publisher":"https:\/\/www.facebook.com\/IPParaguay\/","article_published_time":"2020-12-16T09:50:36+00:00","og_image":[{"width":647,"height":351,"url":"https:\/\/www.ip.gov.py\/ip\/wp-content\/uploads\/2020\/12\/Senave.png","type":"image\/png"}],"author":"Noelia Ferreira","twitter_card":"summary_large_image","twitter_creator":"@IPParaguay","twitter_site":"@IPParaguay","twitter_misc":{"Escrito por":"Noelia Ferreira","Tiempo de lectura":"2 minutos"},"schema":{"@context":"https:\/\/schema.org","@graph":[{"@type":"Article","@id":"https:\/\/www.ip.gov.py\/ip\/2020\/12\/16\/senave-capacito-a-tecnicos-y-productores-sobre-el-cultivo-de-banana\/#article","isPartOf":{"@id":"https:\/\/www.ip.gov.py\/ip\/2020\/12\/16\/senave-capacito-a-tecnicos-y-productores-sobre-el-cultivo-de-banana\/"},"author":{"name":"Noelia Ferreira","@id":"https:\/\/www.ip.gov.py\/ip\/#\/schema\/person\/791af27a9219bdbf9064abb776bb41c2"},"headline":"Senave capacit\u00f3 a t\u00e9cnicos y productores sobre el cultivo de banana","datePublished":"2020-12-16T09:50:36+00:00","mainEntityOfPage":{"@id":"https:\/\/www.ip.gov.py\/ip\/2020\/12\/16\/senave-capacito-a-tecnicos-y-productores-sobre-el-cultivo-de-banana\/"},"wordCount":403,"publisher":{"@id":"https:\/\/www.ip.gov.py\/ip\/#organization"},"image":{"@id":"https:\/\/www.ip.gov.py\/ip\/2020\/12\/16\/senave-capacito-a-tecnicos-y-productores-sobre-el-cultivo-de-banana\/#primaryimage"},"thumbnailUrl":"https:\/\/www.ip.gov.py\/ip\/wp-content\/uploads\/2020\/12\/Senave.png","keywords":["Caaguaz\u00fa","Cultivo banana","Senave","Tembiapor\u00e1"],"articleSection":["Econom\u00eda"],"inLanguage":"es"},{"@type":"WebPage","@id":"https:\/\/www.ip.gov.py\/ip\/2020\/12\/16\/senave-capacito-a-tecnicos-y-productores-sobre-el-cultivo-de-banana\/","url":"https:\/\/www.ip.gov.py\/ip\/2020\/12\/16\/senave-capacito-a-tecnicos-y-productores-sobre-el-cultivo-de-banana\/","name":"Senave capacit\u00f3 a t\u00e9cnicos y productores sobre el cultivo de banana - .::Agencia IP::.","isPartOf":{"@id":"https:\/\/www.ip.gov.py\/ip\/#website"},"primaryImageOfPage":{"@id":"https:\/\/www.ip.gov.py\/ip\/2020\/12\/16\/senave-capacito-a-tecnicos-y-productores-sobre-el-cultivo-de-banana\/#primaryimage"},"image":{"@id":"https:\/\/www.ip.gov.py\/ip\/2020\/12\/16\/senave-capacito-a-tecnicos-y-productores-sobre-el-cultivo-de-banana\/#primaryimage"},"thumbnailUrl":"https:\/\/www.ip.gov.py\/ip\/wp-content\/uploads\/2020\/12\/Senave.png","datePublished":"2020-12-16T09:50:36+00:00","breadcrumb":{"@id":"https:\/\/www.ip.gov.py\/ip\/2020\/12\/16\/senave-capacito-a-tecnicos-y-productores-sobre-el-cultivo-de-banana\/#breadcrumb"},"inLanguage":"es","potentialAction":[{"@type":"ReadAction","target":["https:\/\/www.ip.gov.py\/ip\/2020\/12\/16\/senave-capacito-a-tecnicos-y-productores-sobre-el-cultivo-de-banana\/"]}]},{"@type":"ImageObject","inLanguage":"es","@id":"https:\/\/www.ip.gov.py\/ip\/2020\/12\/16\/senave-capacito-a-tecnicos-y-productores-sobre-el-cultivo-de-banana\/#primaryimage","url":"https:\/\/www.ip.gov.py\/ip\/wp-content\/uploads\/2020\/12\/Senave.png","contentUrl":"https:\/\/www.ip.gov.py\/ip\/wp-content\/uploads\/2020\/12\/Senave.png","width":647,"height":351,"caption":"Las capacitaciones se realizaron el viernes \u00faltimo en las instalaciones de la firma Isla Bonita, ubicada en Tembiapor\u00e1, departamento de Caaguaz\u00fa. Foto: Senave"},{"@type":"BreadcrumbList","@id":"https:\/\/www.ip.gov.py\/ip\/2020\/12\/16\/senave-capacito-a-tecnicos-y-productores-sobre-el-cultivo-de-banana\/#breadcrumb","itemListElement":[{"@type":"ListItem","position":1,"name":"Portada","item":"https:\/\/www.ip.gov.py\/ip\/"},{"@type":"ListItem","position":2,"name":"Senave capacit\u00f3 a t\u00e9cnicos y productores sobre el cultivo de banana"}]},{"@type":"WebSite","@id":"https:\/\/www.ip.gov.py\/ip\/#website","url":"https:\/\/www.ip.gov.py\/ip\/","name":".::Agencia IP::.","description":"","publisher":{"@id":"https:\/\/www.ip.gov.py\/ip\/#organization"},"potentialAction":[{"@type":"SearchAction","target":{"@type":"EntryPoint","urlTemplate":"https:\/\/www.ip.gov.py\/ip\/?s={search_term_string}"},"query-input":{"@type":"PropertyValueSpecification","valueRequired":true,"valueName":"search_term_string"}}],"inLanguage":"es"},{"@type":"Organization","@id":"https:\/\/www.ip.gov.py\/ip\/#organization","name":"Agencia IP","url":"https:\/\/www.ip.gov.py\/ip\/","logo":{"@type":"ImageObject","inLanguage":"es","@id":"https:\/\/www.ip.gov.py\/ip\/#\/schema\/logo\/image\/","url":"https:\/\/www.ip.gov.py\/ip\/wp-content\/uploads\/2018\/01\/Agencia-IP.jpg","contentUrl":"https:\/\/www.ip.gov.py\/ip\/wp-content\/uploads\/2018\/01\/Agencia-IP.jpg","width":150,"height":150,"caption":"Agencia IP"},"image":{"@id":"https:\/\/www.ip.gov.py\/ip\/#\/schema\/logo\/image\/"},"sameAs":["https:\/\/www.facebook.com\/IPParaguay\/","https:\/\/x.com\/IPParaguay","https:\/\/www.instagram.com\/IPParaguay"]},{"@type":"Person","@id":"https:\/\/www.ip.gov.py\/ip\/#\/schema\/person\/791af27a9219bdbf9064abb776bb41c2","name":"Noelia Ferreira","sameAs":["http:\/\/www.ip.gov.py"],"url":"https:\/\/www.ip.gov.py\/ip\/author\/nferreira\/"}]}},"_links":{"self":[{"href":"https:\/\/www.ip.gov.py\/ip\/wp-json\/wp\/v2\/posts\/346801","targetHints":{"allow":["GET"]}}],"collection":[{"href":"https:\/\/www.ip.gov.py\/ip\/wp-json\/wp\/v2\/posts"}],"about":[{"href":"https:\/\/www.ip.gov.py\/ip\/wp-json\/wp\/v2\/types\/post"}],"author":[{"embeddable":true,"href":"https:\/\/www.ip.gov.py\/ip\/wp-json\/wp\/v2\/users\/23"}],"replies":[{"embeddable":true,"href":"https:\/\/www.ip.gov.py\/ip\/wp-json\/wp\/v2\/comments?post=346801"}],"version-history":[{"count":0,"href":"https:\/\/www.ip.gov.py\/ip\/wp-json\/wp\/v2\/posts\/346801\/revisions"}],"wp:featuredmedia":[{"embeddable":true,"href":"https:\/\/www.ip.gov.py\/ip\/wp-json\/wp\/v2\/media\/346803"}],"wp:attachment":[{"href":"https:\/\/www.ip.gov.py\/ip\/wp-json\/wp\/v2\/media?parent=346801"}],"wp:term":[{"taxonomy":"category","embeddable":true,"href":"https:\/\/www.ip.gov.py\/ip\/wp-json\/wp\/v2\/categories?post=346801"},{"taxonomy":"post_tag","embeddable":true,"href":"https:\/\/www.ip.gov.py\/ip\/wp-json\/wp\/v2\/tags?post=346801"}],"curies":[{"name":"wp","href":"https:\/\/api.w.org\/{rel}","templated":true}]}}