{"id":348615,"date":"2020-12-30T13:52:03","date_gmt":"2020-12-30T16:52:03","guid":{"rendered":"https:\/\/www.ip.gov.py\/ip\/?p=348615"},"modified":"2020-12-30T13:52:03","modified_gmt":"2020-12-30T16:52:03","slug":"pedro-sanchez-argentina-es-hoy-una-nacion-mas-feminista","status":"publish","type":"post","link":"https:\/\/www.ip.gov.py\/ip\/2020\/12\/30\/pedro-sanchez-argentina-es-hoy-una-nacion-mas-feminista\/","title":{"rendered":"Pedro S\u00e1nchez: \u201cArgentina es hoy una naci\u00f3n m\u00e1s feminista\u201d"},"content":{"rendered":"<p style=\"text-align: justify;\"><em><strong>Madrid.-<\/strong><\/em>El presidente de Espa\u00f1a celebr\u00f3 la legalizaci\u00f3n del aborto en el pa\u00eds sudamericano, que permitir\u00e1 el acceso a la interrupci\u00f3n voluntaria del embarazo hasta la semana 14 de gestaci\u00f3n.<!--more--><\/p>\n<p style=\"text-align: justify;\">El presidente del Gobierno espa\u00f1ol, el socialista Pedro S\u00e1nchez, celebr\u00f3 este mi\u00e9rcoles la aprobaci\u00f3n de la ley que legaliza el aborto en Argentina, que permite acceder libremente a la interrupci\u00f3n voluntaria del embarazo hasta la semana 14 de la gestaci\u00f3n.<\/p>\n<p style=\"text-align: justify;\">El proyecto legislativo fue respaldado por el Senado, tras ser aprobado anteriormente por los diputados, y fue impulsado por el gobierno del presidente de Argentina, Alberto Fern\u00e1ndez. La legalizaci\u00f3n del aborto fue una demanda hist\u00f3rica de los grupos feministas.<\/p>\n<p style=\"text-align: justify;\">\u201cArgentina es hoy una naci\u00f3n m\u00e1s feminista\u201d, se\u00f1al\u00f3 S\u00e1nchez a trav\u00e9s de su cuenta de Twitter, y subray\u00f3 que se trata de \u201cuna demanda social que, tras varios a\u00f1os de lucha, es ley\u201d.<\/p>\n<p style=\"text-align: justify;\">\u201cAvanzar en derechos para las mujeres hasta alcanzar la plena igualdad es imprescindible en todo el mundo\u201d, a\u00f1adi\u00f3 el gobernante espa\u00f1ol.<\/p>\n<p style=\"text-align: justify;\">La ley fue aprobada con el voto positivo de 38 senadores, contra 29 negativos y una abstenci\u00f3n, tras una sesi\u00f3n de 12 horas de debate parlamentario, durante el cual miles de personas, a favor y en contra, se concentraron a las afueras del Congreso argentino a la espera del resultado.<\/p>\n<p style=\"text-align: justify;\">El proyecto representa un fuerte cambio respecto a la situaci\u00f3n actual -en la que solo se permite abortar legalmente si la mujer sufri\u00f3 una violaci\u00f3n o corre peligro su vida- y autoriza la objeci\u00f3n de conciencia de los facultativos que no quieran participar del aborto, pero siempre que deriven con rapidez a las pacientes a otros profesionales que lo lleven a cabo.<\/p>\n<p style=\"text-align: justify;\">La sanci\u00f3n definitiva del proyecto representa un \u00e9xito para el presidente Fern\u00e1ndez tras un dif\u00edcil 2020 marcado por la pandemia de coronavirus y la imposibilidad de salir de la grave recesi\u00f3n que arrastra el pa\u00eds desde 2018.Infobae.<\/p>\n","protected":false},"excerpt":{"rendered":"<p>Madrid.-El presidente de Espa\u00f1a celebr\u00f3 la legalizaci\u00f3n del aborto en el pa\u00eds sudamericano, que permitir\u00e1 el acceso a la interrupci\u00f3n voluntaria del embarazo hasta la semana 14 de gestaci\u00f3n.<\/p>\n","protected":false},"author":11,"featured_media":348618,"comment_status":"closed","ping_status":"closed","sticky":false,"template":"","format":"standard","meta":{"_monsterinsights_skip_tracking":false,"_monsterinsights_sitenote_active":false,"_monsterinsights_sitenote_note":"","_monsterinsights_sitenote_category":0,"footnotes":""},"categories":[5],"tags":[426,486,4661],"class_list":{"0":"post-348615","1":"post","2":"type-post","3":"status-publish","4":"format-standard","5":"has-post-thumbnail","7":"category-internacionales","9":"tag-espana","10":"tag-pedro-sanchez"},"yoast_head":"<!-- This site is optimized with the Yoast SEO plugin v27.5 - https:\/\/yoast.com\/product\/yoast-seo-wordpress\/ -->\n<title>Pedro S\u00e1nchez: \u201cArgentina es hoy una naci\u00f3n m\u00e1s feminista\u201d - .::Agencia IP::.<\/title>\n<meta name=\"robots\" content=\"index, follow, max-snippet:-1, max-image-preview:large, max-video-preview:-1\" \/>\n<link rel=\"canonical\" href=\"https:\/\/www.ip.gov.py\/ip\/2020\/12\/30\/pedro-sanchez-argentina-es-hoy-una-nacion-mas-feminista\/\" \/>\n<meta property=\"og:locale\" content=\"es_ES\" \/>\n<meta property=\"og:type\" content=\"article\" \/>\n<meta property=\"og:title\" content=\"Pedro S\u00e1nchez: \u201cArgentina es hoy una naci\u00f3n m\u00e1s feminista\u201d - .::Agencia IP::.\" \/>\n<meta property=\"og:description\" content=\"Madrid.-El presidente de Espa\u00f1a celebr\u00f3 la legalizaci\u00f3n del aborto en el pa\u00eds sudamericano, que permitir\u00e1 el acceso a la interrupci\u00f3n voluntaria del embarazo hasta la semana 14 de gestaci\u00f3n.\" \/>\n<meta property=\"og:url\" content=\"https:\/\/www.ip.gov.py\/ip\/2020\/12\/30\/pedro-sanchez-argentina-es-hoy-una-nacion-mas-feminista\/\" \/>\n<meta property=\"og:site_name\" content=\".::Agencia IP::.\" \/>\n<meta property=\"article:publisher\" content=\"https:\/\/www.facebook.com\/IPParaguay\/\" \/>\n<meta property=\"article:published_time\" content=\"2020-12-30T16:52:03+00:00\" \/>\n<meta property=\"og:image\" content=\"https:\/\/www.ip.gov.py\/ip\/wp-content\/uploads\/2020\/12\/Espa\u00f1a-3.jpg\" \/>\n\t<meta property=\"og:image:width\" content=\"653\" \/>\n\t<meta property=\"og:image:height\" content=\"435\" \/>\n\t<meta property=\"og:image:type\" content=\"image\/jpeg\" \/>\n<meta name=\"author\" content=\"vrios\" \/>\n<meta name=\"twitter:card\" content=\"summary_large_image\" \/>\n<meta name=\"twitter:creator\" content=\"@IPParaguay\" \/>\n<meta name=\"twitter:site\" content=\"@IPParaguay\" \/>\n<meta name=\"twitter:label1\" content=\"Escrito por\" \/>\n\t<meta name=\"twitter:data1\" content=\"vrios\" \/>\n\t<meta name=\"twitter:label2\" content=\"Tiempo de lectura\" \/>\n\t<meta name=\"twitter:data2\" content=\"2 minutos\" \/>\n<script type=\"application\/ld+json\" class=\"yoast-schema-graph\">{\"@context\":\"https:\\\/\\\/schema.org\",\"@graph\":[{\"@type\":\"Article\",\"@id\":\"https:\\\/\\\/www.ip.gov.py\\\/ip\\\/2020\\\/12\\\/30\\\/pedro-sanchez-argentina-es-hoy-una-nacion-mas-feminista\\\/#article\",\"isPartOf\":{\"@id\":\"https:\\\/\\\/www.ip.gov.py\\\/ip\\\/2020\\\/12\\\/30\\\/pedro-sanchez-argentina-es-hoy-una-nacion-mas-feminista\\\/\"},\"author\":{\"name\":\"vrios\",\"@id\":\"https:\\\/\\\/www.ip.gov.py\\\/ip\\\/#\\\/schema\\\/person\\\/fa3668852e893cb0423795330f919039\"},\"headline\":\"Pedro S\u00e1nchez: \u201cArgentina es hoy una naci\u00f3n m\u00e1s feminista\u201d\",\"datePublished\":\"2020-12-30T16:52:03+00:00\",\"mainEntityOfPage\":{\"@id\":\"https:\\\/\\\/www.ip.gov.py\\\/ip\\\/2020\\\/12\\\/30\\\/pedro-sanchez-argentina-es-hoy-una-nacion-mas-feminista\\\/\"},\"wordCount\":351,\"publisher\":{\"@id\":\"https:\\\/\\\/www.ip.gov.py\\\/ip\\\/#organization\"},\"image\":{\"@id\":\"https:\\\/\\\/www.ip.gov.py\\\/ip\\\/2020\\\/12\\\/30\\\/pedro-sanchez-argentina-es-hoy-una-nacion-mas-feminista\\\/#primaryimage\"},\"thumbnailUrl\":\"https:\\\/\\\/www.ip.gov.py\\\/ip\\\/wp-content\\\/uploads\\\/2020\\\/12\\\/Espa\u00f1a-3.jpg\",\"keywords\":[\"Argentina\",\"Espa\u00f1a\",\"Pedro S\u00e1nchez\"],\"articleSection\":[\"Internacionales\"],\"inLanguage\":\"es\"},{\"@type\":\"WebPage\",\"@id\":\"https:\\\/\\\/www.ip.gov.py\\\/ip\\\/2020\\\/12\\\/30\\\/pedro-sanchez-argentina-es-hoy-una-nacion-mas-feminista\\\/\",\"url\":\"https:\\\/\\\/www.ip.gov.py\\\/ip\\\/2020\\\/12\\\/30\\\/pedro-sanchez-argentina-es-hoy-una-nacion-mas-feminista\\\/\",\"name\":\"Pedro S\u00e1nchez: \u201cArgentina es hoy una naci\u00f3n m\u00e1s feminista\u201d - .::Agencia IP::.\",\"isPartOf\":{\"@id\":\"https:\\\/\\\/www.ip.gov.py\\\/ip\\\/#website\"},\"primaryImageOfPage\":{\"@id\":\"https:\\\/\\\/www.ip.gov.py\\\/ip\\\/2020\\\/12\\\/30\\\/pedro-sanchez-argentina-es-hoy-una-nacion-mas-feminista\\\/#primaryimage\"},\"image\":{\"@id\":\"https:\\\/\\\/www.ip.gov.py\\\/ip\\\/2020\\\/12\\\/30\\\/pedro-sanchez-argentina-es-hoy-una-nacion-mas-feminista\\\/#primaryimage\"},\"thumbnailUrl\":\"https:\\\/\\\/www.ip.gov.py\\\/ip\\\/wp-content\\\/uploads\\\/2020\\\/12\\\/Espa\u00f1a-3.jpg\",\"datePublished\":\"2020-12-30T16:52:03+00:00\",\"breadcrumb\":{\"@id\":\"https:\\\/\\\/www.ip.gov.py\\\/ip\\\/2020\\\/12\\\/30\\\/pedro-sanchez-argentina-es-hoy-una-nacion-mas-feminista\\\/#breadcrumb\"},\"inLanguage\":\"es\",\"potentialAction\":[{\"@type\":\"ReadAction\",\"target\":[\"https:\\\/\\\/www.ip.gov.py\\\/ip\\\/2020\\\/12\\\/30\\\/pedro-sanchez-argentina-es-hoy-una-nacion-mas-feminista\\\/\"]}]},{\"@type\":\"ImageObject\",\"inLanguage\":\"es\",\"@id\":\"https:\\\/\\\/www.ip.gov.py\\\/ip\\\/2020\\\/12\\\/30\\\/pedro-sanchez-argentina-es-hoy-una-nacion-mas-feminista\\\/#primaryimage\",\"url\":\"https:\\\/\\\/www.ip.gov.py\\\/ip\\\/wp-content\\\/uploads\\\/2020\\\/12\\\/Espa\u00f1a-3.jpg\",\"contentUrl\":\"https:\\\/\\\/www.ip.gov.py\\\/ip\\\/wp-content\\\/uploads\\\/2020\\\/12\\\/Espa\u00f1a-3.jpg\",\"width\":653,\"height\":435,\"caption\":\"Efe\"},{\"@type\":\"BreadcrumbList\",\"@id\":\"https:\\\/\\\/www.ip.gov.py\\\/ip\\\/2020\\\/12\\\/30\\\/pedro-sanchez-argentina-es-hoy-una-nacion-mas-feminista\\\/#breadcrumb\",\"itemListElement\":[{\"@type\":\"ListItem\",\"position\":1,\"name\":\"Portada\",\"item\":\"https:\\\/\\\/www.ip.gov.py\\\/ip\\\/\"},{\"@type\":\"ListItem\",\"position\":2,\"name\":\"Pedro S\u00e1nchez: \u201cArgentina es hoy una naci\u00f3n m\u00e1s feminista\u201d\"}]},{\"@type\":\"WebSite\",\"@id\":\"https:\\\/\\\/www.ip.gov.py\\\/ip\\\/#website\",\"url\":\"https:\\\/\\\/www.ip.gov.py\\\/ip\\\/\",\"name\":\".::Agencia IP::.\",\"description\":\"\",\"publisher\":{\"@id\":\"https:\\\/\\\/www.ip.gov.py\\\/ip\\\/#organization\"},\"potentialAction\":[{\"@type\":\"SearchAction\",\"target\":{\"@type\":\"EntryPoint\",\"urlTemplate\":\"https:\\\/\\\/www.ip.gov.py\\\/ip\\\/?s={search_term_string}\"},\"query-input\":{\"@type\":\"PropertyValueSpecification\",\"valueRequired\":true,\"valueName\":\"search_term_string\"}}],\"inLanguage\":\"es\"},{\"@type\":\"Organization\",\"@id\":\"https:\\\/\\\/www.ip.gov.py\\\/ip\\\/#organization\",\"name\":\"Agencia IP\",\"url\":\"https:\\\/\\\/www.ip.gov.py\\\/ip\\\/\",\"logo\":{\"@type\":\"ImageObject\",\"inLanguage\":\"es\",\"@id\":\"https:\\\/\\\/www.ip.gov.py\\\/ip\\\/#\\\/schema\\\/logo\\\/image\\\/\",\"url\":\"https:\\\/\\\/www.ip.gov.py\\\/ip\\\/wp-content\\\/uploads\\\/2018\\\/01\\\/Agencia-IP.jpg\",\"contentUrl\":\"https:\\\/\\\/www.ip.gov.py\\\/ip\\\/wp-content\\\/uploads\\\/2018\\\/01\\\/Agencia-IP.jpg\",\"width\":150,\"height\":150,\"caption\":\"Agencia IP\"},\"image\":{\"@id\":\"https:\\\/\\\/www.ip.gov.py\\\/ip\\\/#\\\/schema\\\/logo\\\/image\\\/\"},\"sameAs\":[\"https:\\\/\\\/www.facebook.com\\\/IPParaguay\\\/\",\"https:\\\/\\\/x.com\\\/IPParaguay\",\"https:\\\/\\\/www.instagram.com\\\/IPParaguay\"]},{\"@type\":\"Person\",\"@id\":\"https:\\\/\\\/www.ip.gov.py\\\/ip\\\/#\\\/schema\\\/person\\\/fa3668852e893cb0423795330f919039\",\"name\":\"vrios\",\"url\":\"https:\\\/\\\/www.ip.gov.py\\\/ip\\\/author\\\/vrios\\\/\"}]}<\/script>\n<!-- \/ Yoast SEO plugin. -->","yoast_head_json":{"title":"Pedro S\u00e1nchez: \u201cArgentina es hoy una naci\u00f3n m\u00e1s feminista\u201d - .::Agencia IP::.","robots":{"index":"index","follow":"follow","max-snippet":"max-snippet:-1","max-image-preview":"max-image-preview:large","max-video-preview":"max-video-preview:-1"},"canonical":"https:\/\/www.ip.gov.py\/ip\/2020\/12\/30\/pedro-sanchez-argentina-es-hoy-una-nacion-mas-feminista\/","og_locale":"es_ES","og_type":"article","og_title":"Pedro S\u00e1nchez: \u201cArgentina es hoy una naci\u00f3n m\u00e1s feminista\u201d - .::Agencia IP::.","og_description":"Madrid.-El presidente de Espa\u00f1a celebr\u00f3 la legalizaci\u00f3n del aborto en el pa\u00eds sudamericano, que permitir\u00e1 el acceso a la interrupci\u00f3n voluntaria del embarazo hasta la semana 14 de gestaci\u00f3n.","og_url":"https:\/\/www.ip.gov.py\/ip\/2020\/12\/30\/pedro-sanchez-argentina-es-hoy-una-nacion-mas-feminista\/","og_site_name":".::Agencia IP::.","article_publisher":"https:\/\/www.facebook.com\/IPParaguay\/","article_published_time":"2020-12-30T16:52:03+00:00","og_image":[{"width":653,"height":435,"url":"https:\/\/www.ip.gov.py\/ip\/wp-content\/uploads\/2020\/12\/Espa\u00f1a-3.jpg","type":"image\/jpeg"}],"author":"vrios","twitter_card":"summary_large_image","twitter_creator":"@IPParaguay","twitter_site":"@IPParaguay","twitter_misc":{"Escrito por":"vrios","Tiempo de lectura":"2 minutos"},"schema":{"@context":"https:\/\/schema.org","@graph":[{"@type":"Article","@id":"https:\/\/www.ip.gov.py\/ip\/2020\/12\/30\/pedro-sanchez-argentina-es-hoy-una-nacion-mas-feminista\/#article","isPartOf":{"@id":"https:\/\/www.ip.gov.py\/ip\/2020\/12\/30\/pedro-sanchez-argentina-es-hoy-una-nacion-mas-feminista\/"},"author":{"name":"vrios","@id":"https:\/\/www.ip.gov.py\/ip\/#\/schema\/person\/fa3668852e893cb0423795330f919039"},"headline":"Pedro S\u00e1nchez: \u201cArgentina es hoy una naci\u00f3n m\u00e1s feminista\u201d","datePublished":"2020-12-30T16:52:03+00:00","mainEntityOfPage":{"@id":"https:\/\/www.ip.gov.py\/ip\/2020\/12\/30\/pedro-sanchez-argentina-es-hoy-una-nacion-mas-feminista\/"},"wordCount":351,"publisher":{"@id":"https:\/\/www.ip.gov.py\/ip\/#organization"},"image":{"@id":"https:\/\/www.ip.gov.py\/ip\/2020\/12\/30\/pedro-sanchez-argentina-es-hoy-una-nacion-mas-feminista\/#primaryimage"},"thumbnailUrl":"https:\/\/www.ip.gov.py\/ip\/wp-content\/uploads\/2020\/12\/Espa\u00f1a-3.jpg","keywords":["Argentina","Espa\u00f1a","Pedro S\u00e1nchez"],"articleSection":["Internacionales"],"inLanguage":"es"},{"@type":"WebPage","@id":"https:\/\/www.ip.gov.py\/ip\/2020\/12\/30\/pedro-sanchez-argentina-es-hoy-una-nacion-mas-feminista\/","url":"https:\/\/www.ip.gov.py\/ip\/2020\/12\/30\/pedro-sanchez-argentina-es-hoy-una-nacion-mas-feminista\/","name":"Pedro S\u00e1nchez: \u201cArgentina es hoy una naci\u00f3n m\u00e1s feminista\u201d - .::Agencia IP::.","isPartOf":{"@id":"https:\/\/www.ip.gov.py\/ip\/#website"},"primaryImageOfPage":{"@id":"https:\/\/www.ip.gov.py\/ip\/2020\/12\/30\/pedro-sanchez-argentina-es-hoy-una-nacion-mas-feminista\/#primaryimage"},"image":{"@id":"https:\/\/www.ip.gov.py\/ip\/2020\/12\/30\/pedro-sanchez-argentina-es-hoy-una-nacion-mas-feminista\/#primaryimage"},"thumbnailUrl":"https:\/\/www.ip.gov.py\/ip\/wp-content\/uploads\/2020\/12\/Espa\u00f1a-3.jpg","datePublished":"2020-12-30T16:52:03+00:00","breadcrumb":{"@id":"https:\/\/www.ip.gov.py\/ip\/2020\/12\/30\/pedro-sanchez-argentina-es-hoy-una-nacion-mas-feminista\/#breadcrumb"},"inLanguage":"es","potentialAction":[{"@type":"ReadAction","target":["https:\/\/www.ip.gov.py\/ip\/2020\/12\/30\/pedro-sanchez-argentina-es-hoy-una-nacion-mas-feminista\/"]}]},{"@type":"ImageObject","inLanguage":"es","@id":"https:\/\/www.ip.gov.py\/ip\/2020\/12\/30\/pedro-sanchez-argentina-es-hoy-una-nacion-mas-feminista\/#primaryimage","url":"https:\/\/www.ip.gov.py\/ip\/wp-content\/uploads\/2020\/12\/Espa\u00f1a-3.jpg","contentUrl":"https:\/\/www.ip.gov.py\/ip\/wp-content\/uploads\/2020\/12\/Espa\u00f1a-3.jpg","width":653,"height":435,"caption":"Efe"},{"@type":"BreadcrumbList","@id":"https:\/\/www.ip.gov.py\/ip\/2020\/12\/30\/pedro-sanchez-argentina-es-hoy-una-nacion-mas-feminista\/#breadcrumb","itemListElement":[{"@type":"ListItem","position":1,"name":"Portada","item":"https:\/\/www.ip.gov.py\/ip\/"},{"@type":"ListItem","position":2,"name":"Pedro S\u00e1nchez: \u201cArgentina es hoy una naci\u00f3n m\u00e1s feminista\u201d"}]},{"@type":"WebSite","@id":"https:\/\/www.ip.gov.py\/ip\/#website","url":"https:\/\/www.ip.gov.py\/ip\/","name":".::Agencia IP::.","description":"","publisher":{"@id":"https:\/\/www.ip.gov.py\/ip\/#organization"},"potentialAction":[{"@type":"SearchAction","target":{"@type":"EntryPoint","urlTemplate":"https:\/\/www.ip.gov.py\/ip\/?s={search_term_string}"},"query-input":{"@type":"PropertyValueSpecification","valueRequired":true,"valueName":"search_term_string"}}],"inLanguage":"es"},{"@type":"Organization","@id":"https:\/\/www.ip.gov.py\/ip\/#organization","name":"Agencia IP","url":"https:\/\/www.ip.gov.py\/ip\/","logo":{"@type":"ImageObject","inLanguage":"es","@id":"https:\/\/www.ip.gov.py\/ip\/#\/schema\/logo\/image\/","url":"https:\/\/www.ip.gov.py\/ip\/wp-content\/uploads\/2018\/01\/Agencia-IP.jpg","contentUrl":"https:\/\/www.ip.gov.py\/ip\/wp-content\/uploads\/2018\/01\/Agencia-IP.jpg","width":150,"height":150,"caption":"Agencia IP"},"image":{"@id":"https:\/\/www.ip.gov.py\/ip\/#\/schema\/logo\/image\/"},"sameAs":["https:\/\/www.facebook.com\/IPParaguay\/","https:\/\/x.com\/IPParaguay","https:\/\/www.instagram.com\/IPParaguay"]},{"@type":"Person","@id":"https:\/\/www.ip.gov.py\/ip\/#\/schema\/person\/fa3668852e893cb0423795330f919039","name":"vrios","url":"https:\/\/www.ip.gov.py\/ip\/author\/vrios\/"}]}},"_links":{"self":[{"href":"https:\/\/www.ip.gov.py\/ip\/wp-json\/wp\/v2\/posts\/348615","targetHints":{"allow":["GET"]}}],"collection":[{"href":"https:\/\/www.ip.gov.py\/ip\/wp-json\/wp\/v2\/posts"}],"about":[{"href":"https:\/\/www.ip.gov.py\/ip\/wp-json\/wp\/v2\/types\/post"}],"author":[{"embeddable":true,"href":"https:\/\/www.ip.gov.py\/ip\/wp-json\/wp\/v2\/users\/11"}],"replies":[{"embeddable":true,"href":"https:\/\/www.ip.gov.py\/ip\/wp-json\/wp\/v2\/comments?post=348615"}],"version-history":[{"count":0,"href":"https:\/\/www.ip.gov.py\/ip\/wp-json\/wp\/v2\/posts\/348615\/revisions"}],"wp:featuredmedia":[{"embeddable":true,"href":"https:\/\/www.ip.gov.py\/ip\/wp-json\/wp\/v2\/media\/348618"}],"wp:attachment":[{"href":"https:\/\/www.ip.gov.py\/ip\/wp-json\/wp\/v2\/media?parent=348615"}],"wp:term":[{"taxonomy":"category","embeddable":true,"href":"https:\/\/www.ip.gov.py\/ip\/wp-json\/wp\/v2\/categories?post=348615"},{"taxonomy":"post_tag","embeddable":true,"href":"https:\/\/www.ip.gov.py\/ip\/wp-json\/wp\/v2\/tags?post=348615"}],"curies":[{"name":"wp","href":"https:\/\/api.w.org\/{rel}","templated":true}]}}