{"id":349913,"date":"2021-01-13T10:05:17","date_gmt":"2021-01-13T13:05:17","guid":{"rendered":"https:\/\/www.ip.gov.py\/ip\/?p=349913"},"modified":"2021-01-13T10:05:54","modified_gmt":"2021-01-13T13:05:54","slug":"atletas-de-lucha-olimpica-seran-destacados-por-su-la-labor-durante-2020","status":"publish","type":"post","link":"https:\/\/www.ip.gov.py\/ip\/2021\/01\/13\/atletas-de-lucha-olimpica-seran-destacados-por-su-la-labor-durante-2020\/","title":{"rendered":"Atletas de lucha ol\u00edmpica ser\u00e1n destacados por su labor durante el 2020"},"content":{"rendered":"<p style=\"text-align: justify;\"><em><strong>Asunci\u00f3n, Paraguay, Agencia IP.-<\/strong><\/em> El Centro Nacional de Entrenamiento de la Asociaci\u00f3n Paraguaya de Lucha Ol\u00edmpica recibir\u00e1 ma\u00f1ana jueves a los cultores de la disciplina que se han destacado durante el a\u00f1o 2020.<!--more--><\/p>\n<p style=\"text-align: justify;\">El acto dirigido a atletas iniciar\u00e1 a las 18:30 y es impulsado por la entidad matriz de la lucha ol\u00edmpica en Paraguay con el objetivo de dar un reconocimiento a quienes desarrollan la disciplina, detalla el bolet\u00edn remitido desde la Secretar\u00eda Nacional de Deportes (SND).<\/p>\n<p style=\"text-align: justify;\">El presidente de la Asociaci\u00f3n Paraguaya de Lucha Ol\u00edmpica, Carlos Ra\u00fal Guti\u00e9rrez, inform\u00f3 que el \u201cobjetivo principal de la iniciativa es reconocer a los atletas que durante el a\u00f1o 2020, pese a la situaci\u00f3n de pandemia, han logrado destacar al dar continuidad con su proceso de preparaci\u00f3n sin dejar de lado a la pr\u00e1ctica deportiva\u201d, refiri\u00f3.<\/p>\n<p style=\"text-align: justify;\">Guti\u00e9rrez refiri\u00f3 que el reconocimiento incluir\u00e1 a instructores y autoridades de la cartera Deportiva y el Comit\u00e9 Ol\u00edmpico Paraguayo (COP), por su \u201cpermanente apoyo a la lucha ol\u00edmpica\u201d.<\/p>\n<p style=\"text-align: justify;\">As\u00ed mismo, explic\u00f3 que el encuentro cumplir\u00e1 con todas las medidas sanitarias establecidas por las autoridades para el efecto. \u201cLa actividad arrancar\u00e1 a las 18:30 y se llevar\u00e1 a cabo de acuerdo al Protocolo aprobado por la SND y el Ministerio de Salud P\u00fablica y Bienestar Social para la Asociaci\u00f3n Paraguaya de Lucha; esto dando cumplimiento al pedido especial de las autoridades en el uso obligatorio de tapabocas y el manteniendo del distanciamiento, aspectos que permita la prevenci\u00f3n de la propagaci\u00f3n del covid-19\u201d, finaliz\u00f3 el presidente deportivo.<\/p>\n","protected":false},"excerpt":{"rendered":"<p>Asunci\u00f3n, Paraguay, Agencia IP.- El Centro Nacional de Entrenamiento de la Asociaci\u00f3n Paraguaya de Lucha Ol\u00edmpica recibir\u00e1 ma\u00f1ana jueves a los cultores de la disciplina que se han destacado durante el a\u00f1o 2020.<\/p>\n","protected":false},"author":23,"featured_media":349916,"comment_status":"closed","ping_status":"closed","sticky":false,"template":"","format":"standard","meta":{"_monsterinsights_skip_tracking":false,"_monsterinsights_sitenote_active":false,"_monsterinsights_sitenote_note":"","_monsterinsights_sitenote_category":0,"footnotes":""},"categories":[8],"tags":[54,1829,1550,114],"class_list":{"0":"post-349913","1":"post","2":"type-post","3":"status-publish","4":"format-standard","5":"has-post-thumbnail","7":"category-deportes","8":"tag-cop","9":"tag-lucha-olimpica","10":"tag-reconocimiento","11":"tag-snd"},"yoast_head":"<!-- This site is optimized with the Yoast SEO plugin v27.5 - https:\/\/yoast.com\/product\/yoast-seo-wordpress\/ -->\n<title>Atletas de lucha ol\u00edmpica ser\u00e1n destacados por su labor durante el 2020 - .::Agencia IP::.<\/title>\n<meta name=\"robots\" content=\"index, follow, max-snippet:-1, max-image-preview:large, max-video-preview:-1\" \/>\n<link rel=\"canonical\" href=\"https:\/\/www.ip.gov.py\/ip\/2021\/01\/13\/atletas-de-lucha-olimpica-seran-destacados-por-su-la-labor-durante-2020\/\" \/>\n<meta property=\"og:locale\" content=\"es_ES\" \/>\n<meta property=\"og:type\" content=\"article\" \/>\n<meta property=\"og:title\" content=\"Atletas de lucha ol\u00edmpica ser\u00e1n destacados por su labor durante el 2020 - .::Agencia IP::.\" \/>\n<meta property=\"og:description\" content=\"Asunci\u00f3n, Paraguay, Agencia IP.- El Centro Nacional de Entrenamiento de la Asociaci\u00f3n Paraguaya de Lucha Ol\u00edmpica recibir\u00e1 ma\u00f1ana jueves a los cultores de la disciplina que se han destacado durante el a\u00f1o 2020.\" \/>\n<meta property=\"og:url\" content=\"https:\/\/www.ip.gov.py\/ip\/2021\/01\/13\/atletas-de-lucha-olimpica-seran-destacados-por-su-la-labor-durante-2020\/\" \/>\n<meta property=\"og:site_name\" content=\".::Agencia IP::.\" \/>\n<meta property=\"article:publisher\" content=\"https:\/\/www.facebook.com\/IPParaguay\/\" \/>\n<meta property=\"article:published_time\" content=\"2021-01-13T13:05:17+00:00\" \/>\n<meta property=\"article:modified_time\" content=\"2021-01-13T13:05:54+00:00\" \/>\n<meta property=\"og:image\" content=\"https:\/\/www.ip.gov.py\/ip\/wp-content\/uploads\/2021\/01\/Lucha-Olimpica.jpeg\" \/>\n\t<meta property=\"og:image:width\" content=\"800\" \/>\n\t<meta property=\"og:image:height\" content=\"392\" \/>\n\t<meta property=\"og:image:type\" content=\"image\/jpeg\" \/>\n<meta name=\"author\" content=\"Noelia Ferreira\" \/>\n<meta name=\"twitter:card\" content=\"summary_large_image\" \/>\n<meta name=\"twitter:creator\" content=\"@IPParaguay\" \/>\n<meta name=\"twitter:site\" content=\"@IPParaguay\" \/>\n<meta name=\"twitter:label1\" content=\"Escrito por\" \/>\n\t<meta name=\"twitter:data1\" content=\"Noelia Ferreira\" \/>\n\t<meta name=\"twitter:label2\" content=\"Tiempo de lectura\" \/>\n\t<meta name=\"twitter:data2\" content=\"1 minuto\" \/>\n<script type=\"application\/ld+json\" class=\"yoast-schema-graph\">{\"@context\":\"https:\\\/\\\/schema.org\",\"@graph\":[{\"@type\":\"Article\",\"@id\":\"https:\\\/\\\/www.ip.gov.py\\\/ip\\\/2021\\\/01\\\/13\\\/atletas-de-lucha-olimpica-seran-destacados-por-su-la-labor-durante-2020\\\/#article\",\"isPartOf\":{\"@id\":\"https:\\\/\\\/www.ip.gov.py\\\/ip\\\/2021\\\/01\\\/13\\\/atletas-de-lucha-olimpica-seran-destacados-por-su-la-labor-durante-2020\\\/\"},\"author\":{\"name\":\"Noelia Ferreira\",\"@id\":\"https:\\\/\\\/www.ip.gov.py\\\/ip\\\/#\\\/schema\\\/person\\\/791af27a9219bdbf9064abb776bb41c2\"},\"headline\":\"Atletas de lucha ol\u00edmpica ser\u00e1n destacados por su labor durante el 2020\",\"datePublished\":\"2021-01-13T13:05:17+00:00\",\"dateModified\":\"2021-01-13T13:05:54+00:00\",\"mainEntityOfPage\":{\"@id\":\"https:\\\/\\\/www.ip.gov.py\\\/ip\\\/2021\\\/01\\\/13\\\/atletas-de-lucha-olimpica-seran-destacados-por-su-la-labor-durante-2020\\\/\"},\"wordCount\":282,\"publisher\":{\"@id\":\"https:\\\/\\\/www.ip.gov.py\\\/ip\\\/#organization\"},\"image\":{\"@id\":\"https:\\\/\\\/www.ip.gov.py\\\/ip\\\/2021\\\/01\\\/13\\\/atletas-de-lucha-olimpica-seran-destacados-por-su-la-labor-durante-2020\\\/#primaryimage\"},\"thumbnailUrl\":\"https:\\\/\\\/www.ip.gov.py\\\/ip\\\/wp-content\\\/uploads\\\/2021\\\/01\\\/Lucha-Olimpica.jpeg\",\"keywords\":[\"cop\",\"Lucha Ol\u00edmpica\",\"Reconocimiento\",\"SND\"],\"articleSection\":[\"Deportes\"],\"inLanguage\":\"es\"},{\"@type\":\"WebPage\",\"@id\":\"https:\\\/\\\/www.ip.gov.py\\\/ip\\\/2021\\\/01\\\/13\\\/atletas-de-lucha-olimpica-seran-destacados-por-su-la-labor-durante-2020\\\/\",\"url\":\"https:\\\/\\\/www.ip.gov.py\\\/ip\\\/2021\\\/01\\\/13\\\/atletas-de-lucha-olimpica-seran-destacados-por-su-la-labor-durante-2020\\\/\",\"name\":\"Atletas de lucha ol\u00edmpica ser\u00e1n destacados por su labor durante el 2020 - .::Agencia IP::.\",\"isPartOf\":{\"@id\":\"https:\\\/\\\/www.ip.gov.py\\\/ip\\\/#website\"},\"primaryImageOfPage\":{\"@id\":\"https:\\\/\\\/www.ip.gov.py\\\/ip\\\/2021\\\/01\\\/13\\\/atletas-de-lucha-olimpica-seran-destacados-por-su-la-labor-durante-2020\\\/#primaryimage\"},\"image\":{\"@id\":\"https:\\\/\\\/www.ip.gov.py\\\/ip\\\/2021\\\/01\\\/13\\\/atletas-de-lucha-olimpica-seran-destacados-por-su-la-labor-durante-2020\\\/#primaryimage\"},\"thumbnailUrl\":\"https:\\\/\\\/www.ip.gov.py\\\/ip\\\/wp-content\\\/uploads\\\/2021\\\/01\\\/Lucha-Olimpica.jpeg\",\"datePublished\":\"2021-01-13T13:05:17+00:00\",\"dateModified\":\"2021-01-13T13:05:54+00:00\",\"breadcrumb\":{\"@id\":\"https:\\\/\\\/www.ip.gov.py\\\/ip\\\/2021\\\/01\\\/13\\\/atletas-de-lucha-olimpica-seran-destacados-por-su-la-labor-durante-2020\\\/#breadcrumb\"},\"inLanguage\":\"es\",\"potentialAction\":[{\"@type\":\"ReadAction\",\"target\":[\"https:\\\/\\\/www.ip.gov.py\\\/ip\\\/2021\\\/01\\\/13\\\/atletas-de-lucha-olimpica-seran-destacados-por-su-la-labor-durante-2020\\\/\"]}]},{\"@type\":\"ImageObject\",\"inLanguage\":\"es\",\"@id\":\"https:\\\/\\\/www.ip.gov.py\\\/ip\\\/2021\\\/01\\\/13\\\/atletas-de-lucha-olimpica-seran-destacados-por-su-la-labor-durante-2020\\\/#primaryimage\",\"url\":\"https:\\\/\\\/www.ip.gov.py\\\/ip\\\/wp-content\\\/uploads\\\/2021\\\/01\\\/Lucha-Olimpica.jpeg\",\"contentUrl\":\"https:\\\/\\\/www.ip.gov.py\\\/ip\\\/wp-content\\\/uploads\\\/2021\\\/01\\\/Lucha-Olimpica.jpeg\",\"width\":800,\"height\":392,\"caption\":\"Foto: Gentileza Asociaci\u00f3n Paraguaya de Lucha Ol\u00edmpica\"},{\"@type\":\"BreadcrumbList\",\"@id\":\"https:\\\/\\\/www.ip.gov.py\\\/ip\\\/2021\\\/01\\\/13\\\/atletas-de-lucha-olimpica-seran-destacados-por-su-la-labor-durante-2020\\\/#breadcrumb\",\"itemListElement\":[{\"@type\":\"ListItem\",\"position\":1,\"name\":\"Portada\",\"item\":\"https:\\\/\\\/www.ip.gov.py\\\/ip\\\/\"},{\"@type\":\"ListItem\",\"position\":2,\"name\":\"Atletas de lucha ol\u00edmpica ser\u00e1n destacados por su labor durante el 2020\"}]},{\"@type\":\"WebSite\",\"@id\":\"https:\\\/\\\/www.ip.gov.py\\\/ip\\\/#website\",\"url\":\"https:\\\/\\\/www.ip.gov.py\\\/ip\\\/\",\"name\":\".::Agencia IP::.\",\"description\":\"\",\"publisher\":{\"@id\":\"https:\\\/\\\/www.ip.gov.py\\\/ip\\\/#organization\"},\"potentialAction\":[{\"@type\":\"SearchAction\",\"target\":{\"@type\":\"EntryPoint\",\"urlTemplate\":\"https:\\\/\\\/www.ip.gov.py\\\/ip\\\/?s={search_term_string}\"},\"query-input\":{\"@type\":\"PropertyValueSpecification\",\"valueRequired\":true,\"valueName\":\"search_term_string\"}}],\"inLanguage\":\"es\"},{\"@type\":\"Organization\",\"@id\":\"https:\\\/\\\/www.ip.gov.py\\\/ip\\\/#organization\",\"name\":\"Agencia IP\",\"url\":\"https:\\\/\\\/www.ip.gov.py\\\/ip\\\/\",\"logo\":{\"@type\":\"ImageObject\",\"inLanguage\":\"es\",\"@id\":\"https:\\\/\\\/www.ip.gov.py\\\/ip\\\/#\\\/schema\\\/logo\\\/image\\\/\",\"url\":\"https:\\\/\\\/www.ip.gov.py\\\/ip\\\/wp-content\\\/uploads\\\/2018\\\/01\\\/Agencia-IP.jpg\",\"contentUrl\":\"https:\\\/\\\/www.ip.gov.py\\\/ip\\\/wp-content\\\/uploads\\\/2018\\\/01\\\/Agencia-IP.jpg\",\"width\":150,\"height\":150,\"caption\":\"Agencia IP\"},\"image\":{\"@id\":\"https:\\\/\\\/www.ip.gov.py\\\/ip\\\/#\\\/schema\\\/logo\\\/image\\\/\"},\"sameAs\":[\"https:\\\/\\\/www.facebook.com\\\/IPParaguay\\\/\",\"https:\\\/\\\/x.com\\\/IPParaguay\",\"https:\\\/\\\/www.instagram.com\\\/IPParaguay\"]},{\"@type\":\"Person\",\"@id\":\"https:\\\/\\\/www.ip.gov.py\\\/ip\\\/#\\\/schema\\\/person\\\/791af27a9219bdbf9064abb776bb41c2\",\"name\":\"Noelia Ferreira\",\"sameAs\":[\"http:\\\/\\\/www.ip.gov.py\"],\"url\":\"https:\\\/\\\/www.ip.gov.py\\\/ip\\\/author\\\/nferreira\\\/\"}]}<\/script>\n<!-- \/ Yoast SEO plugin. -->","yoast_head_json":{"title":"Atletas de lucha ol\u00edmpica ser\u00e1n destacados por su labor durante el 2020 - .::Agencia IP::.","robots":{"index":"index","follow":"follow","max-snippet":"max-snippet:-1","max-image-preview":"max-image-preview:large","max-video-preview":"max-video-preview:-1"},"canonical":"https:\/\/www.ip.gov.py\/ip\/2021\/01\/13\/atletas-de-lucha-olimpica-seran-destacados-por-su-la-labor-durante-2020\/","og_locale":"es_ES","og_type":"article","og_title":"Atletas de lucha ol\u00edmpica ser\u00e1n destacados por su labor durante el 2020 - .::Agencia IP::.","og_description":"Asunci\u00f3n, Paraguay, Agencia IP.- El Centro Nacional de Entrenamiento de la Asociaci\u00f3n Paraguaya de Lucha Ol\u00edmpica recibir\u00e1 ma\u00f1ana jueves a los cultores de la disciplina que se han destacado durante el a\u00f1o 2020.","og_url":"https:\/\/www.ip.gov.py\/ip\/2021\/01\/13\/atletas-de-lucha-olimpica-seran-destacados-por-su-la-labor-durante-2020\/","og_site_name":".::Agencia IP::.","article_publisher":"https:\/\/www.facebook.com\/IPParaguay\/","article_published_time":"2021-01-13T13:05:17+00:00","article_modified_time":"2021-01-13T13:05:54+00:00","og_image":[{"width":800,"height":392,"url":"https:\/\/www.ip.gov.py\/ip\/wp-content\/uploads\/2021\/01\/Lucha-Olimpica.jpeg","type":"image\/jpeg"}],"author":"Noelia Ferreira","twitter_card":"summary_large_image","twitter_creator":"@IPParaguay","twitter_site":"@IPParaguay","twitter_misc":{"Escrito por":"Noelia Ferreira","Tiempo de lectura":"1 minuto"},"schema":{"@context":"https:\/\/schema.org","@graph":[{"@type":"Article","@id":"https:\/\/www.ip.gov.py\/ip\/2021\/01\/13\/atletas-de-lucha-olimpica-seran-destacados-por-su-la-labor-durante-2020\/#article","isPartOf":{"@id":"https:\/\/www.ip.gov.py\/ip\/2021\/01\/13\/atletas-de-lucha-olimpica-seran-destacados-por-su-la-labor-durante-2020\/"},"author":{"name":"Noelia Ferreira","@id":"https:\/\/www.ip.gov.py\/ip\/#\/schema\/person\/791af27a9219bdbf9064abb776bb41c2"},"headline":"Atletas de lucha ol\u00edmpica ser\u00e1n destacados por su labor durante el 2020","datePublished":"2021-01-13T13:05:17+00:00","dateModified":"2021-01-13T13:05:54+00:00","mainEntityOfPage":{"@id":"https:\/\/www.ip.gov.py\/ip\/2021\/01\/13\/atletas-de-lucha-olimpica-seran-destacados-por-su-la-labor-durante-2020\/"},"wordCount":282,"publisher":{"@id":"https:\/\/www.ip.gov.py\/ip\/#organization"},"image":{"@id":"https:\/\/www.ip.gov.py\/ip\/2021\/01\/13\/atletas-de-lucha-olimpica-seran-destacados-por-su-la-labor-durante-2020\/#primaryimage"},"thumbnailUrl":"https:\/\/www.ip.gov.py\/ip\/wp-content\/uploads\/2021\/01\/Lucha-Olimpica.jpeg","keywords":["cop","Lucha Ol\u00edmpica","Reconocimiento","SND"],"articleSection":["Deportes"],"inLanguage":"es"},{"@type":"WebPage","@id":"https:\/\/www.ip.gov.py\/ip\/2021\/01\/13\/atletas-de-lucha-olimpica-seran-destacados-por-su-la-labor-durante-2020\/","url":"https:\/\/www.ip.gov.py\/ip\/2021\/01\/13\/atletas-de-lucha-olimpica-seran-destacados-por-su-la-labor-durante-2020\/","name":"Atletas de lucha ol\u00edmpica ser\u00e1n destacados por su labor durante el 2020 - .::Agencia IP::.","isPartOf":{"@id":"https:\/\/www.ip.gov.py\/ip\/#website"},"primaryImageOfPage":{"@id":"https:\/\/www.ip.gov.py\/ip\/2021\/01\/13\/atletas-de-lucha-olimpica-seran-destacados-por-su-la-labor-durante-2020\/#primaryimage"},"image":{"@id":"https:\/\/www.ip.gov.py\/ip\/2021\/01\/13\/atletas-de-lucha-olimpica-seran-destacados-por-su-la-labor-durante-2020\/#primaryimage"},"thumbnailUrl":"https:\/\/www.ip.gov.py\/ip\/wp-content\/uploads\/2021\/01\/Lucha-Olimpica.jpeg","datePublished":"2021-01-13T13:05:17+00:00","dateModified":"2021-01-13T13:05:54+00:00","breadcrumb":{"@id":"https:\/\/www.ip.gov.py\/ip\/2021\/01\/13\/atletas-de-lucha-olimpica-seran-destacados-por-su-la-labor-durante-2020\/#breadcrumb"},"inLanguage":"es","potentialAction":[{"@type":"ReadAction","target":["https:\/\/www.ip.gov.py\/ip\/2021\/01\/13\/atletas-de-lucha-olimpica-seran-destacados-por-su-la-labor-durante-2020\/"]}]},{"@type":"ImageObject","inLanguage":"es","@id":"https:\/\/www.ip.gov.py\/ip\/2021\/01\/13\/atletas-de-lucha-olimpica-seran-destacados-por-su-la-labor-durante-2020\/#primaryimage","url":"https:\/\/www.ip.gov.py\/ip\/wp-content\/uploads\/2021\/01\/Lucha-Olimpica.jpeg","contentUrl":"https:\/\/www.ip.gov.py\/ip\/wp-content\/uploads\/2021\/01\/Lucha-Olimpica.jpeg","width":800,"height":392,"caption":"Foto: Gentileza Asociaci\u00f3n Paraguaya de Lucha Ol\u00edmpica"},{"@type":"BreadcrumbList","@id":"https:\/\/www.ip.gov.py\/ip\/2021\/01\/13\/atletas-de-lucha-olimpica-seran-destacados-por-su-la-labor-durante-2020\/#breadcrumb","itemListElement":[{"@type":"ListItem","position":1,"name":"Portada","item":"https:\/\/www.ip.gov.py\/ip\/"},{"@type":"ListItem","position":2,"name":"Atletas de lucha ol\u00edmpica ser\u00e1n destacados por su labor durante el 2020"}]},{"@type":"WebSite","@id":"https:\/\/www.ip.gov.py\/ip\/#website","url":"https:\/\/www.ip.gov.py\/ip\/","name":".::Agencia IP::.","description":"","publisher":{"@id":"https:\/\/www.ip.gov.py\/ip\/#organization"},"potentialAction":[{"@type":"SearchAction","target":{"@type":"EntryPoint","urlTemplate":"https:\/\/www.ip.gov.py\/ip\/?s={search_term_string}"},"query-input":{"@type":"PropertyValueSpecification","valueRequired":true,"valueName":"search_term_string"}}],"inLanguage":"es"},{"@type":"Organization","@id":"https:\/\/www.ip.gov.py\/ip\/#organization","name":"Agencia IP","url":"https:\/\/www.ip.gov.py\/ip\/","logo":{"@type":"ImageObject","inLanguage":"es","@id":"https:\/\/www.ip.gov.py\/ip\/#\/schema\/logo\/image\/","url":"https:\/\/www.ip.gov.py\/ip\/wp-content\/uploads\/2018\/01\/Agencia-IP.jpg","contentUrl":"https:\/\/www.ip.gov.py\/ip\/wp-content\/uploads\/2018\/01\/Agencia-IP.jpg","width":150,"height":150,"caption":"Agencia IP"},"image":{"@id":"https:\/\/www.ip.gov.py\/ip\/#\/schema\/logo\/image\/"},"sameAs":["https:\/\/www.facebook.com\/IPParaguay\/","https:\/\/x.com\/IPParaguay","https:\/\/www.instagram.com\/IPParaguay"]},{"@type":"Person","@id":"https:\/\/www.ip.gov.py\/ip\/#\/schema\/person\/791af27a9219bdbf9064abb776bb41c2","name":"Noelia Ferreira","sameAs":["http:\/\/www.ip.gov.py"],"url":"https:\/\/www.ip.gov.py\/ip\/author\/nferreira\/"}]}},"_links":{"self":[{"href":"https:\/\/www.ip.gov.py\/ip\/wp-json\/wp\/v2\/posts\/349913","targetHints":{"allow":["GET"]}}],"collection":[{"href":"https:\/\/www.ip.gov.py\/ip\/wp-json\/wp\/v2\/posts"}],"about":[{"href":"https:\/\/www.ip.gov.py\/ip\/wp-json\/wp\/v2\/types\/post"}],"author":[{"embeddable":true,"href":"https:\/\/www.ip.gov.py\/ip\/wp-json\/wp\/v2\/users\/23"}],"replies":[{"embeddable":true,"href":"https:\/\/www.ip.gov.py\/ip\/wp-json\/wp\/v2\/comments?post=349913"}],"version-history":[{"count":0,"href":"https:\/\/www.ip.gov.py\/ip\/wp-json\/wp\/v2\/posts\/349913\/revisions"}],"wp:featuredmedia":[{"embeddable":true,"href":"https:\/\/www.ip.gov.py\/ip\/wp-json\/wp\/v2\/media\/349916"}],"wp:attachment":[{"href":"https:\/\/www.ip.gov.py\/ip\/wp-json\/wp\/v2\/media?parent=349913"}],"wp:term":[{"taxonomy":"category","embeddable":true,"href":"https:\/\/www.ip.gov.py\/ip\/wp-json\/wp\/v2\/categories?post=349913"},{"taxonomy":"post_tag","embeddable":true,"href":"https:\/\/www.ip.gov.py\/ip\/wp-json\/wp\/v2\/tags?post=349913"}],"curies":[{"name":"wp","href":"https:\/\/api.w.org\/{rel}","templated":true}]}}