{"id":352090,"date":"2021-02-01T11:46:22","date_gmt":"2021-02-01T14:46:22","guid":{"rendered":"https:\/\/www.ip.gov.py\/ip\/?p=352090"},"modified":"2021-02-01T12:22:51","modified_gmt":"2021-02-01T15:22:51","slug":"paraguay-esta-en-condiciones-de-iniciar-la-vacunacion-anti-covid-19-segun-representante-de-la-ops","status":"publish","type":"post","link":"https:\/\/www.ip.gov.py\/ip\/2021\/02\/01\/paraguay-esta-en-condiciones-de-iniciar-la-vacunacion-anti-covid-19-segun-representante-de-la-ops\/","title":{"rendered":"Paraguay est\u00e1 en condiciones de iniciar la vacunaci\u00f3n anti covid-19, seg\u00fan representante de la OPS"},"content":{"rendered":"<p style=\"text-align: justify;\"><em><strong>Asunci\u00f3n, Paraguay, Agencia IP.-<\/strong><\/em> Para el representante de la Organizaci\u00f3n Panamericana de la Salud OPS\/OMS en nuestro pa\u00eds, Luis Escoto, es una grata sorpresa el anuncio de que <a href=\"https:\/\/www.ip.gov.py\/ip\/paraguay-recibira-300-000-dosis-de-la-vacuna-anti-covid-19-para-mediados-de-febrero\/\" target=\"_blank\" rel=\"noopener noreferrer\">Paraguay acceder\u00e1 a 300 mil dosis de vacunas anti covid-19<\/a> de AstraZeneca a partir de la segunda quincena de febrero a trav\u00e9s del mecanismo Covax, y manifest\u00f3 que el pa\u00eds est\u00e1 en buenas condiciones para iniciar la vacunaci\u00f3n en la brevedad.<!--more--><\/p>\n<p style=\"text-align: justify;\">Revel\u00f3 que esta informaci\u00f3n fue remitida a 36 pa\u00edses de las Am\u00e9ricas para asegurar el acceso de las vacunas a la poblaci\u00f3n vulnerable. Mientras tanto se est\u00e1n estableciendo los acuerdos con los productores de las vacunas, con los transportistas para prever la log\u00edstica sin inconvenientes, y que puedan llegar a partir de la segunda quincena de febrero.<\/p>\n<p style=\"text-align: justify;\">\u201cYa se nos informo que ser\u00e1 la vacuna de AstraZeneca, que llegar\u00e1 en la segunda quincena de febrero, y que se estar\u00edan recibiendo progresivamente cantidades adicionales a lo largo del segundo trimestre, que ser\u00edan en marzo, abril, mayo, junio, para ir cubriendo poco a poco las necesidades que tiene el pa\u00eds\u201d, enfatiz\u00f3.<\/p>\n<p style=\"text-align: justify;\">En di\u00e1logo con Radio Nacional del Paraguay manifest\u00f3 que si bien es cierto \u201c\u00e9sta vacuna est\u00e1 todav\u00eda bajo el an\u00e1lisis de la OMS para recibir la aprobaci\u00f3n del uso de emergencia, que esperemos que se d\u00e9 lo m\u00e1s pronto posible, es una de las vacunas que tiene mayor posibilidad de sumarse al programa nacional de vacunaciones\u201d.<\/p>\n<p style=\"text-align: justify;\">En ese sentido, explic\u00f3 que la misma no necesita ninguna inversi\u00f3n adicional a la que ya tiene nuestro pa\u00eds, en cuanto a la cadena de fr\u00edo, que va de entre 2\u00ba a 7\u00ba de temperatura. Ser\u00e1 de dos dosis, intramuscular, adem\u00e1s el equipo de salud est\u00e1 \u00a0capacitado para su aplicaci\u00f3n.<\/p>\n<p style=\"text-align: justify;\">\u201cLa noticia en todo sentido son muy positivas y nos da muchas esperanzas lo que no significa es que podamos bajar la guardia, y este es un punto sumamente importante\u201d, enfatiz\u00f3 el representante de la OPS\/OMS en Paraguay.<\/p>\n<p style=\"text-align: justify;\">Indic\u00f3 que se ha visto en muchos pa\u00edses de Europa y Am\u00e9rica que al tener acceso a las vacunas como que hay cierto relajamiento, sin embargo se deben seguir con las mismas medidas de protecci\u00f3n por alg\u00fan tiempo importante hasta que gran parte de la poblaci\u00f3n pueda estar inmunizada.<\/p>\n<p style=\"text-align: justify;\">En la primera etapa se estar\u00e1 iniciando la vacunaci\u00f3n con el personal de blanco, los que est\u00e1n en la primera l\u00ednea. Luego progresivamente se ir\u00e1n vacunando a algunos grupos de riesgos, que podr\u00edan tener la enfermedad en la forma grave.<\/p>\n<p style=\"text-align: justify;\">\u201cA ellos se los priorizar\u00e1, cuidarlos, y tenemos que mantener los servicios de salud, y por otro lado, protegerlos a ellos como una demostraci\u00f3n del valor que tiene el trabajo que est\u00e1n haciendo\u201d, agreg\u00f3.<\/p>\n<p style=\"text-align: justify;\">A\u00f1adi\u00f3 que Paraguay podr\u00e1 recibir adem\u00e1s de las dosis de Astra Zeneca, las de otros laboratorios, como Moderna, entre otras, considerando que el pa\u00eds est\u00e1 realizando esfuerzos bilaterales con algunos productores; por lo que se podr\u00eda tener alg\u00fan otro tipo de vacuna en el territorio nacional.<\/p>\n","protected":false},"excerpt":{"rendered":"<p>Asunci\u00f3n, Paraguay, Agencia IP.- Para el representante de la Organizaci\u00f3n Panamericana de la Salud OPS\/OMS en nuestro pa\u00eds, Luis Escoto, es una grata sorpresa el anuncio de que Paraguay acceder\u00e1 a 300 mil dosis de vacunas anti covid-19 de AstraZeneca a partir de la segunda quincena de febrero a trav\u00e9s del mecanismo Covax, y manifest\u00f3 [&hellip;]<\/p>\n","protected":false},"author":29,"featured_media":294161,"comment_status":"closed","ping_status":"closed","sticky":false,"template":"","format":"standard","meta":{"_monsterinsights_skip_tracking":false,"_monsterinsights_sitenote_active":false,"_monsterinsights_sitenote_note":"","_monsterinsights_sitenote_category":0,"footnotes":""},"categories":[2,4,2987],"tags":[5161,872,162,5160],"class_list":{"0":"post-352090","1":"post","2":"type-post","3":"status-publish","4":"format-standard","5":"has-post-thumbnail","7":"category-destacado","8":"category-nacionales","9":"category-salud","10":"tag-astrazeneca","11":"tag-opsoms","12":"tag-paraguay","13":"tag-vacunas-anti-covid-19"},"yoast_head":"<!-- This site is optimized with the Yoast SEO plugin v27.5 - https:\/\/yoast.com\/product\/yoast-seo-wordpress\/ -->\n<title>Paraguay est\u00e1 en condiciones de iniciar la vacunaci\u00f3n anti covid-19, seg\u00fan representante de la OPS - .::Agencia IP::.<\/title>\n<meta name=\"robots\" content=\"index, follow, max-snippet:-1, max-image-preview:large, max-video-preview:-1\" \/>\n<link rel=\"canonical\" href=\"https:\/\/www.ip.gov.py\/ip\/2021\/02\/01\/paraguay-esta-en-condiciones-de-iniciar-la-vacunacion-anti-covid-19-segun-representante-de-la-ops\/\" \/>\n<meta property=\"og:locale\" content=\"es_ES\" \/>\n<meta property=\"og:type\" content=\"article\" \/>\n<meta property=\"og:title\" content=\"Paraguay est\u00e1 en condiciones de iniciar la vacunaci\u00f3n anti covid-19, seg\u00fan representante de la OPS - .::Agencia IP::.\" \/>\n<meta property=\"og:description\" content=\"Asunci\u00f3n, Paraguay, Agencia IP.- Para el representante de la Organizaci\u00f3n Panamericana de la Salud OPS\/OMS en nuestro pa\u00eds, Luis Escoto, es una grata sorpresa el anuncio de que Paraguay acceder\u00e1 a 300 mil dosis de vacunas anti covid-19 de AstraZeneca a partir de la segunda quincena de febrero a trav\u00e9s del mecanismo Covax, y manifest\u00f3 [&hellip;]\" \/>\n<meta property=\"og:url\" content=\"https:\/\/www.ip.gov.py\/ip\/2021\/02\/01\/paraguay-esta-en-condiciones-de-iniciar-la-vacunacion-anti-covid-19-segun-representante-de-la-ops\/\" \/>\n<meta property=\"og:site_name\" content=\".::Agencia IP::.\" \/>\n<meta property=\"article:publisher\" content=\"https:\/\/www.facebook.com\/IPParaguay\/\" \/>\n<meta property=\"article:published_time\" content=\"2021-02-01T14:46:22+00:00\" \/>\n<meta property=\"article:modified_time\" content=\"2021-02-01T15:22:51+00:00\" \/>\n<meta property=\"og:image\" content=\"https:\/\/www.ip.gov.py\/ip\/wp-content\/uploads\/2019\/12\/Escoto-OPS-OMS.jpg\" \/>\n\t<meta property=\"og:image:width\" content=\"1280\" \/>\n\t<meta property=\"og:image:height\" content=\"885\" \/>\n\t<meta property=\"og:image:type\" content=\"image\/jpeg\" \/>\n<meta name=\"author\" content=\"jzelada\" \/>\n<meta name=\"twitter:card\" content=\"summary_large_image\" \/>\n<meta name=\"twitter:creator\" content=\"@IPParaguay\" \/>\n<meta name=\"twitter:site\" content=\"@IPParaguay\" \/>\n<meta name=\"twitter:label1\" content=\"Escrito por\" \/>\n\t<meta name=\"twitter:data1\" content=\"jzelada\" \/>\n\t<meta name=\"twitter:label2\" content=\"Tiempo de lectura\" \/>\n\t<meta name=\"twitter:data2\" content=\"3 minutos\" \/>\n<script type=\"application\/ld+json\" class=\"yoast-schema-graph\">{\"@context\":\"https:\\\/\\\/schema.org\",\"@graph\":[{\"@type\":\"Article\",\"@id\":\"https:\\\/\\\/www.ip.gov.py\\\/ip\\\/2021\\\/02\\\/01\\\/paraguay-esta-en-condiciones-de-iniciar-la-vacunacion-anti-covid-19-segun-representante-de-la-ops\\\/#article\",\"isPartOf\":{\"@id\":\"https:\\\/\\\/www.ip.gov.py\\\/ip\\\/2021\\\/02\\\/01\\\/paraguay-esta-en-condiciones-de-iniciar-la-vacunacion-anti-covid-19-segun-representante-de-la-ops\\\/\"},\"author\":{\"name\":\"jzelada\",\"@id\":\"https:\\\/\\\/www.ip.gov.py\\\/ip\\\/#\\\/schema\\\/person\\\/b0f4c235f0f0d7a0985bbb33c6a7941e\"},\"headline\":\"Paraguay est\u00e1 en condiciones de iniciar la vacunaci\u00f3n anti covid-19, seg\u00fan representante de la OPS\",\"datePublished\":\"2021-02-01T14:46:22+00:00\",\"dateModified\":\"2021-02-01T15:22:51+00:00\",\"mainEntityOfPage\":{\"@id\":\"https:\\\/\\\/www.ip.gov.py\\\/ip\\\/2021\\\/02\\\/01\\\/paraguay-esta-en-condiciones-de-iniciar-la-vacunacion-anti-covid-19-segun-representante-de-la-ops\\\/\"},\"wordCount\":549,\"publisher\":{\"@id\":\"https:\\\/\\\/www.ip.gov.py\\\/ip\\\/#organization\"},\"image\":{\"@id\":\"https:\\\/\\\/www.ip.gov.py\\\/ip\\\/2021\\\/02\\\/01\\\/paraguay-esta-en-condiciones-de-iniciar-la-vacunacion-anti-covid-19-segun-representante-de-la-ops\\\/#primaryimage\"},\"thumbnailUrl\":\"https:\\\/\\\/www.ip.gov.py\\\/ip\\\/wp-content\\\/uploads\\\/2019\\\/12\\\/Escoto-OPS-OMS.jpg\",\"keywords\":[\"AstraZeneca\",\"OPS\\\/OMS\",\"paraguay\",\"vacunas anti covid-19\"],\"articleSection\":[\"Destacado\",\"Nacionales\",\"Salud\"],\"inLanguage\":\"es\"},{\"@type\":\"WebPage\",\"@id\":\"https:\\\/\\\/www.ip.gov.py\\\/ip\\\/2021\\\/02\\\/01\\\/paraguay-esta-en-condiciones-de-iniciar-la-vacunacion-anti-covid-19-segun-representante-de-la-ops\\\/\",\"url\":\"https:\\\/\\\/www.ip.gov.py\\\/ip\\\/2021\\\/02\\\/01\\\/paraguay-esta-en-condiciones-de-iniciar-la-vacunacion-anti-covid-19-segun-representante-de-la-ops\\\/\",\"name\":\"Paraguay est\u00e1 en condiciones de iniciar la vacunaci\u00f3n anti covid-19, seg\u00fan representante de la OPS - .::Agencia IP::.\",\"isPartOf\":{\"@id\":\"https:\\\/\\\/www.ip.gov.py\\\/ip\\\/#website\"},\"primaryImageOfPage\":{\"@id\":\"https:\\\/\\\/www.ip.gov.py\\\/ip\\\/2021\\\/02\\\/01\\\/paraguay-esta-en-condiciones-de-iniciar-la-vacunacion-anti-covid-19-segun-representante-de-la-ops\\\/#primaryimage\"},\"image\":{\"@id\":\"https:\\\/\\\/www.ip.gov.py\\\/ip\\\/2021\\\/02\\\/01\\\/paraguay-esta-en-condiciones-de-iniciar-la-vacunacion-anti-covid-19-segun-representante-de-la-ops\\\/#primaryimage\"},\"thumbnailUrl\":\"https:\\\/\\\/www.ip.gov.py\\\/ip\\\/wp-content\\\/uploads\\\/2019\\\/12\\\/Escoto-OPS-OMS.jpg\",\"datePublished\":\"2021-02-01T14:46:22+00:00\",\"dateModified\":\"2021-02-01T15:22:51+00:00\",\"breadcrumb\":{\"@id\":\"https:\\\/\\\/www.ip.gov.py\\\/ip\\\/2021\\\/02\\\/01\\\/paraguay-esta-en-condiciones-de-iniciar-la-vacunacion-anti-covid-19-segun-representante-de-la-ops\\\/#breadcrumb\"},\"inLanguage\":\"es\",\"potentialAction\":[{\"@type\":\"ReadAction\",\"target\":[\"https:\\\/\\\/www.ip.gov.py\\\/ip\\\/2021\\\/02\\\/01\\\/paraguay-esta-en-condiciones-de-iniciar-la-vacunacion-anti-covid-19-segun-representante-de-la-ops\\\/\"]}]},{\"@type\":\"ImageObject\",\"inLanguage\":\"es\",\"@id\":\"https:\\\/\\\/www.ip.gov.py\\\/ip\\\/2021\\\/02\\\/01\\\/paraguay-esta-en-condiciones-de-iniciar-la-vacunacion-anti-covid-19-segun-representante-de-la-ops\\\/#primaryimage\",\"url\":\"https:\\\/\\\/www.ip.gov.py\\\/ip\\\/wp-content\\\/uploads\\\/2019\\\/12\\\/Escoto-OPS-OMS.jpg\",\"contentUrl\":\"https:\\\/\\\/www.ip.gov.py\\\/ip\\\/wp-content\\\/uploads\\\/2019\\\/12\\\/Escoto-OPS-OMS.jpg\",\"width\":1280,\"height\":885,\"caption\":\"El representnte de la OPS en nuestro pa\u00eds fue retirado del Paraguay. Foto Ilustrativa.\"},{\"@type\":\"BreadcrumbList\",\"@id\":\"https:\\\/\\\/www.ip.gov.py\\\/ip\\\/2021\\\/02\\\/01\\\/paraguay-esta-en-condiciones-de-iniciar-la-vacunacion-anti-covid-19-segun-representante-de-la-ops\\\/#breadcrumb\",\"itemListElement\":[{\"@type\":\"ListItem\",\"position\":1,\"name\":\"Portada\",\"item\":\"https:\\\/\\\/www.ip.gov.py\\\/ip\\\/\"},{\"@type\":\"ListItem\",\"position\":2,\"name\":\"Paraguay est\u00e1 en condiciones de iniciar la vacunaci\u00f3n anti covid-19, seg\u00fan representante de la OPS\"}]},{\"@type\":\"WebSite\",\"@id\":\"https:\\\/\\\/www.ip.gov.py\\\/ip\\\/#website\",\"url\":\"https:\\\/\\\/www.ip.gov.py\\\/ip\\\/\",\"name\":\".::Agencia IP::.\",\"description\":\"\",\"publisher\":{\"@id\":\"https:\\\/\\\/www.ip.gov.py\\\/ip\\\/#organization\"},\"potentialAction\":[{\"@type\":\"SearchAction\",\"target\":{\"@type\":\"EntryPoint\",\"urlTemplate\":\"https:\\\/\\\/www.ip.gov.py\\\/ip\\\/?s={search_term_string}\"},\"query-input\":{\"@type\":\"PropertyValueSpecification\",\"valueRequired\":true,\"valueName\":\"search_term_string\"}}],\"inLanguage\":\"es\"},{\"@type\":\"Organization\",\"@id\":\"https:\\\/\\\/www.ip.gov.py\\\/ip\\\/#organization\",\"name\":\"Agencia IP\",\"url\":\"https:\\\/\\\/www.ip.gov.py\\\/ip\\\/\",\"logo\":{\"@type\":\"ImageObject\",\"inLanguage\":\"es\",\"@id\":\"https:\\\/\\\/www.ip.gov.py\\\/ip\\\/#\\\/schema\\\/logo\\\/image\\\/\",\"url\":\"https:\\\/\\\/www.ip.gov.py\\\/ip\\\/wp-content\\\/uploads\\\/2018\\\/01\\\/Agencia-IP.jpg\",\"contentUrl\":\"https:\\\/\\\/www.ip.gov.py\\\/ip\\\/wp-content\\\/uploads\\\/2018\\\/01\\\/Agencia-IP.jpg\",\"width\":150,\"height\":150,\"caption\":\"Agencia IP\"},\"image\":{\"@id\":\"https:\\\/\\\/www.ip.gov.py\\\/ip\\\/#\\\/schema\\\/logo\\\/image\\\/\"},\"sameAs\":[\"https:\\\/\\\/www.facebook.com\\\/IPParaguay\\\/\",\"https:\\\/\\\/x.com\\\/IPParaguay\",\"https:\\\/\\\/www.instagram.com\\\/IPParaguay\"]},{\"@type\":\"Person\",\"@id\":\"https:\\\/\\\/www.ip.gov.py\\\/ip\\\/#\\\/schema\\\/person\\\/b0f4c235f0f0d7a0985bbb33c6a7941e\",\"name\":\"jzelada\",\"url\":\"https:\\\/\\\/www.ip.gov.py\\\/ip\\\/author\\\/jzelada\\\/\"}]}<\/script>\n<!-- \/ Yoast SEO plugin. -->","yoast_head_json":{"title":"Paraguay est\u00e1 en condiciones de iniciar la vacunaci\u00f3n anti covid-19, seg\u00fan representante de la OPS - .::Agencia IP::.","robots":{"index":"index","follow":"follow","max-snippet":"max-snippet:-1","max-image-preview":"max-image-preview:large","max-video-preview":"max-video-preview:-1"},"canonical":"https:\/\/www.ip.gov.py\/ip\/2021\/02\/01\/paraguay-esta-en-condiciones-de-iniciar-la-vacunacion-anti-covid-19-segun-representante-de-la-ops\/","og_locale":"es_ES","og_type":"article","og_title":"Paraguay est\u00e1 en condiciones de iniciar la vacunaci\u00f3n anti covid-19, seg\u00fan representante de la OPS - .::Agencia IP::.","og_description":"Asunci\u00f3n, Paraguay, Agencia IP.- Para el representante de la Organizaci\u00f3n Panamericana de la Salud OPS\/OMS en nuestro pa\u00eds, Luis Escoto, es una grata sorpresa el anuncio de que Paraguay acceder\u00e1 a 300 mil dosis de vacunas anti covid-19 de AstraZeneca a partir de la segunda quincena de febrero a trav\u00e9s del mecanismo Covax, y manifest\u00f3 [&hellip;]","og_url":"https:\/\/www.ip.gov.py\/ip\/2021\/02\/01\/paraguay-esta-en-condiciones-de-iniciar-la-vacunacion-anti-covid-19-segun-representante-de-la-ops\/","og_site_name":".::Agencia IP::.","article_publisher":"https:\/\/www.facebook.com\/IPParaguay\/","article_published_time":"2021-02-01T14:46:22+00:00","article_modified_time":"2021-02-01T15:22:51+00:00","og_image":[{"width":1280,"height":885,"url":"https:\/\/www.ip.gov.py\/ip\/wp-content\/uploads\/2019\/12\/Escoto-OPS-OMS.jpg","type":"image\/jpeg"}],"author":"jzelada","twitter_card":"summary_large_image","twitter_creator":"@IPParaguay","twitter_site":"@IPParaguay","twitter_misc":{"Escrito por":"jzelada","Tiempo de lectura":"3 minutos"},"schema":{"@context":"https:\/\/schema.org","@graph":[{"@type":"Article","@id":"https:\/\/www.ip.gov.py\/ip\/2021\/02\/01\/paraguay-esta-en-condiciones-de-iniciar-la-vacunacion-anti-covid-19-segun-representante-de-la-ops\/#article","isPartOf":{"@id":"https:\/\/www.ip.gov.py\/ip\/2021\/02\/01\/paraguay-esta-en-condiciones-de-iniciar-la-vacunacion-anti-covid-19-segun-representante-de-la-ops\/"},"author":{"name":"jzelada","@id":"https:\/\/www.ip.gov.py\/ip\/#\/schema\/person\/b0f4c235f0f0d7a0985bbb33c6a7941e"},"headline":"Paraguay est\u00e1 en condiciones de iniciar la vacunaci\u00f3n anti covid-19, seg\u00fan representante de la OPS","datePublished":"2021-02-01T14:46:22+00:00","dateModified":"2021-02-01T15:22:51+00:00","mainEntityOfPage":{"@id":"https:\/\/www.ip.gov.py\/ip\/2021\/02\/01\/paraguay-esta-en-condiciones-de-iniciar-la-vacunacion-anti-covid-19-segun-representante-de-la-ops\/"},"wordCount":549,"publisher":{"@id":"https:\/\/www.ip.gov.py\/ip\/#organization"},"image":{"@id":"https:\/\/www.ip.gov.py\/ip\/2021\/02\/01\/paraguay-esta-en-condiciones-de-iniciar-la-vacunacion-anti-covid-19-segun-representante-de-la-ops\/#primaryimage"},"thumbnailUrl":"https:\/\/www.ip.gov.py\/ip\/wp-content\/uploads\/2019\/12\/Escoto-OPS-OMS.jpg","keywords":["AstraZeneca","OPS\/OMS","paraguay","vacunas anti covid-19"],"articleSection":["Destacado","Nacionales","Salud"],"inLanguage":"es"},{"@type":"WebPage","@id":"https:\/\/www.ip.gov.py\/ip\/2021\/02\/01\/paraguay-esta-en-condiciones-de-iniciar-la-vacunacion-anti-covid-19-segun-representante-de-la-ops\/","url":"https:\/\/www.ip.gov.py\/ip\/2021\/02\/01\/paraguay-esta-en-condiciones-de-iniciar-la-vacunacion-anti-covid-19-segun-representante-de-la-ops\/","name":"Paraguay est\u00e1 en condiciones de iniciar la vacunaci\u00f3n anti covid-19, seg\u00fan representante de la OPS - .::Agencia IP::.","isPartOf":{"@id":"https:\/\/www.ip.gov.py\/ip\/#website"},"primaryImageOfPage":{"@id":"https:\/\/www.ip.gov.py\/ip\/2021\/02\/01\/paraguay-esta-en-condiciones-de-iniciar-la-vacunacion-anti-covid-19-segun-representante-de-la-ops\/#primaryimage"},"image":{"@id":"https:\/\/www.ip.gov.py\/ip\/2021\/02\/01\/paraguay-esta-en-condiciones-de-iniciar-la-vacunacion-anti-covid-19-segun-representante-de-la-ops\/#primaryimage"},"thumbnailUrl":"https:\/\/www.ip.gov.py\/ip\/wp-content\/uploads\/2019\/12\/Escoto-OPS-OMS.jpg","datePublished":"2021-02-01T14:46:22+00:00","dateModified":"2021-02-01T15:22:51+00:00","breadcrumb":{"@id":"https:\/\/www.ip.gov.py\/ip\/2021\/02\/01\/paraguay-esta-en-condiciones-de-iniciar-la-vacunacion-anti-covid-19-segun-representante-de-la-ops\/#breadcrumb"},"inLanguage":"es","potentialAction":[{"@type":"ReadAction","target":["https:\/\/www.ip.gov.py\/ip\/2021\/02\/01\/paraguay-esta-en-condiciones-de-iniciar-la-vacunacion-anti-covid-19-segun-representante-de-la-ops\/"]}]},{"@type":"ImageObject","inLanguage":"es","@id":"https:\/\/www.ip.gov.py\/ip\/2021\/02\/01\/paraguay-esta-en-condiciones-de-iniciar-la-vacunacion-anti-covid-19-segun-representante-de-la-ops\/#primaryimage","url":"https:\/\/www.ip.gov.py\/ip\/wp-content\/uploads\/2019\/12\/Escoto-OPS-OMS.jpg","contentUrl":"https:\/\/www.ip.gov.py\/ip\/wp-content\/uploads\/2019\/12\/Escoto-OPS-OMS.jpg","width":1280,"height":885,"caption":"El representnte de la OPS en nuestro pa\u00eds fue retirado del Paraguay. Foto Ilustrativa."},{"@type":"BreadcrumbList","@id":"https:\/\/www.ip.gov.py\/ip\/2021\/02\/01\/paraguay-esta-en-condiciones-de-iniciar-la-vacunacion-anti-covid-19-segun-representante-de-la-ops\/#breadcrumb","itemListElement":[{"@type":"ListItem","position":1,"name":"Portada","item":"https:\/\/www.ip.gov.py\/ip\/"},{"@type":"ListItem","position":2,"name":"Paraguay est\u00e1 en condiciones de iniciar la vacunaci\u00f3n anti covid-19, seg\u00fan representante de la OPS"}]},{"@type":"WebSite","@id":"https:\/\/www.ip.gov.py\/ip\/#website","url":"https:\/\/www.ip.gov.py\/ip\/","name":".::Agencia IP::.","description":"","publisher":{"@id":"https:\/\/www.ip.gov.py\/ip\/#organization"},"potentialAction":[{"@type":"SearchAction","target":{"@type":"EntryPoint","urlTemplate":"https:\/\/www.ip.gov.py\/ip\/?s={search_term_string}"},"query-input":{"@type":"PropertyValueSpecification","valueRequired":true,"valueName":"search_term_string"}}],"inLanguage":"es"},{"@type":"Organization","@id":"https:\/\/www.ip.gov.py\/ip\/#organization","name":"Agencia IP","url":"https:\/\/www.ip.gov.py\/ip\/","logo":{"@type":"ImageObject","inLanguage":"es","@id":"https:\/\/www.ip.gov.py\/ip\/#\/schema\/logo\/image\/","url":"https:\/\/www.ip.gov.py\/ip\/wp-content\/uploads\/2018\/01\/Agencia-IP.jpg","contentUrl":"https:\/\/www.ip.gov.py\/ip\/wp-content\/uploads\/2018\/01\/Agencia-IP.jpg","width":150,"height":150,"caption":"Agencia IP"},"image":{"@id":"https:\/\/www.ip.gov.py\/ip\/#\/schema\/logo\/image\/"},"sameAs":["https:\/\/www.facebook.com\/IPParaguay\/","https:\/\/x.com\/IPParaguay","https:\/\/www.instagram.com\/IPParaguay"]},{"@type":"Person","@id":"https:\/\/www.ip.gov.py\/ip\/#\/schema\/person\/b0f4c235f0f0d7a0985bbb33c6a7941e","name":"jzelada","url":"https:\/\/www.ip.gov.py\/ip\/author\/jzelada\/"}]}},"_links":{"self":[{"href":"https:\/\/www.ip.gov.py\/ip\/wp-json\/wp\/v2\/posts\/352090","targetHints":{"allow":["GET"]}}],"collection":[{"href":"https:\/\/www.ip.gov.py\/ip\/wp-json\/wp\/v2\/posts"}],"about":[{"href":"https:\/\/www.ip.gov.py\/ip\/wp-json\/wp\/v2\/types\/post"}],"author":[{"embeddable":true,"href":"https:\/\/www.ip.gov.py\/ip\/wp-json\/wp\/v2\/users\/29"}],"replies":[{"embeddable":true,"href":"https:\/\/www.ip.gov.py\/ip\/wp-json\/wp\/v2\/comments?post=352090"}],"version-history":[{"count":0,"href":"https:\/\/www.ip.gov.py\/ip\/wp-json\/wp\/v2\/posts\/352090\/revisions"}],"wp:featuredmedia":[{"embeddable":true,"href":"https:\/\/www.ip.gov.py\/ip\/wp-json\/wp\/v2\/media\/294161"}],"wp:attachment":[{"href":"https:\/\/www.ip.gov.py\/ip\/wp-json\/wp\/v2\/media?parent=352090"}],"wp:term":[{"taxonomy":"category","embeddable":true,"href":"https:\/\/www.ip.gov.py\/ip\/wp-json\/wp\/v2\/categories?post=352090"},{"taxonomy":"post_tag","embeddable":true,"href":"https:\/\/www.ip.gov.py\/ip\/wp-json\/wp\/v2\/tags?post=352090"}],"curies":[{"name":"wp","href":"https:\/\/api.w.org\/{rel}","templated":true}]}}