{"id":353536,"date":"2021-02-12T15:15:00","date_gmt":"2021-02-12T18:15:00","guid":{"rendered":"https:\/\/www.ip.gov.py\/ip\/?p=353536"},"modified":"2021-02-13T00:38:12","modified_gmt":"2021-02-13T03:38:12","slug":"central-cerro-el-2020-con-50-000-casos-confirmados-de-covid-19-que-en-su-mayoria-fueron-jovenes","status":"publish","type":"post","link":"https:\/\/www.ip.gov.py\/ip\/2021\/02\/12\/central-cerro-el-2020-con-50-000-casos-confirmados-de-covid-19-que-en-su-mayoria-fueron-jovenes\/","title":{"rendered":"Central cerr\u00f3 el 2020 con 50.000 casos confirmados de covid-19 que en su mayor\u00eda fueron j\u00f3venes"},"content":{"rendered":"<p style=\"text-align: justify;\"><em><strong>Asunci\u00f3n, Paraguay, Agencia IP.-<\/strong><\/em> El departamento Central, el m\u00e1s poblado del pa\u00eds, en los \u00faltimos meses se convirti\u00f3 en el <a href=\"https:\/\/www.ip.gov.py\/ip\/habitantes-de-asuncion-y-central-distribuyen-el-coronavirus-en-el-interior-del-pais\/\" target=\"_blank\" rel=\"noopener noreferrer\">epicentro de la pandemia de Covid-19<\/a>, donde en el 2020 se dieron unos 50.000 confirmados; de los cuales casi el 60% fueron j\u00f3venes de entre 18 y 30 a\u00f1os.<!--more--><\/p>\n<p style=\"text-align: justify;\">El doctor Roque Silva, director de la Und\u00e9cima Regi\u00f3n Sanitaria inform\u00f3 que al cierre de diciembre del a\u00f1o pasado se hizo una estad\u00edstica de los casos positivos de coronavirus, desde el inicio de la pandemia, en el departamento Central.<\/p>\n<p style=\"text-align: justify;\">Al hacer el estudio por grupos etarios, casi el 60% de los 50.000 casos eran j\u00f3venes, y esa \u201ces una cifra preocupante\u201d, se\u00f1al\u00f3.<\/p>\n<p style=\"text-align: justify;\"><strong>Ocupaci\u00f3n de camas<\/strong><\/p>\n<p style=\"text-align: justify;\">En otro momento, se refiri\u00f3 a la situaci\u00f3n en los hospitales, que en cuanto a la ocupaci\u00f3n de camas de terapia intensiva est\u00e1 en un 95% actualmente, con un leve descenso en internaciones de UTI.<\/p>\n<p style=\"text-align: justify;\">En tanto en las camas comunes hay una ocupaci\u00f3n de entre el 45% al 50% en los diferentes servicios situados en el decimo primer departamento.<\/p>\n<p style=\"text-align: justify;\">No descart\u00f3 que si la poblaci\u00f3n no cumple con los protocolos de higiene y seguridad, nuevamente puedan llenarse los nosocomios de pacientes y enfrentar la situaci\u00f3n de que llegue un paciente para UTI pero no se tenga lugar en el servicio, por lo que se lo tenga que derivar a otro hospital.<\/p>\n<p style=\"text-align: justify;\">\u201cHay una tensa calma, pero esto puede cambiar en cualquier momento, en estas \u00faltimas tres semanas hemos tenido un leve descenso en Central, pero no significa que la gente se relaje. Con que un grupo de personas dejen de hacer las medidas de control, eso podr\u00eda complicar a\u00fan m\u00e1s\u201d, enfatiz\u00f3 el profesional.<\/p>\n<p style=\"text-align: justify;\">\u00a0<strong>Personal sanitario al tope del cansancio<\/strong><\/p>\n<p style=\"text-align: justify;\">\u201cHoy gracias a Dios hay esa posibilidad de que si llega a un servicio p\u00fablico, darle una disponibilidad de cama, pero a veces no hay, y se tiene que esperar, hacer el procedimiento completo al paciente para luego ser derivado, y eso siempre genera un estr\u00e9s adicional al personal sanitario\u201d, subray\u00f3.<\/p>\n<p style=\"text-align: justify;\">En ese sentido, sostuvo que el personal m\u00e9dico est\u00e1 al tope de sus capacidades debido al agotamiento que enfrentan, es por ello que la cartera sanitaria ha establecido las vacaciones escalonadas del trabajador de salud.<\/p>\n<p style=\"text-align: justify;\">\u201cNo hay que olvidar que venimos de una epidemia de dengue realmente important\u00edsima donde el personal sanitario ya tuvo una trabajo encomiable y ahora se suma la pandemia de Covid-19. Uno pide a la gente que se cuide, porque el trabajador de blanco necesita descansar y renovar sus fuerzas\u201d, manifest\u00f3.<\/p>\n<p style=\"text-align: justify;\">\u201cHay que entender que detr\u00e1s de ese mameluco hay un ser humano que necesita descansar y tambi\u00e9n tiene su familia con quien compartir\u201d, agreg\u00f3 el profesional en conversaci\u00f3n con Radio Nacional del Paraguay.<\/p>\n<p style=\"text-align: justify;\"><strong>El 2020 dej\u00f3 30 trabajadores de salud fallecidos<\/strong><\/p>\n<p style=\"text-align: justify;\">En otro momento, coment\u00f3 que en el departamento Central se tuvo un total como 30 fallecidos entre m\u00e9dicos, enfermeras, personal de apoyo y administrativo.<\/p>\n<p style=\"text-align: justify;\">\u201cEs una cantidad importante, hay que soslayar tambi\u00e9n un dato que ninguno de ellos se contagio por contactos con pacientes, todos fueron por eventos extra hospitalarios\u201d, aleg\u00f3.<\/p>\n<p style=\"text-align: justify;\">\u201cCada uno de nosotros debe moverse en una burbuja social permanente, es fundamental movernos con el mismo grupo de personas que a diario uno ve y conoce, y no relajarse en las medidas de control, tambi\u00e9n evitar compartir los utensilios como el terer\u00e9, mate, la botella o lata de bebidas cuando se est\u00e1 en un evento social\u201d, afirm\u00f3.<\/p>\n","protected":false},"excerpt":{"rendered":"<p>Asunci\u00f3n, Paraguay, Agencia IP.- El departamento Central, el m\u00e1s poblado del pa\u00eds, en los \u00faltimos meses se convirti\u00f3 en el epicentro de la pandemia de Covid-19, donde en el 2020 se dieron unos 50.000 confirmados; de los cuales casi el 60% fueron j\u00f3venes de entre 18 y 30 a\u00f1os.<\/p>\n","protected":false},"author":29,"featured_media":309655,"comment_status":"closed","ping_status":"closed","sticky":false,"template":"","format":"standard","meta":{"_monsterinsights_skip_tracking":false,"_monsterinsights_sitenote_active":false,"_monsterinsights_sitenote_note":"","_monsterinsights_sitenote_category":0,"footnotes":""},"categories":[2,4,2987],"tags":[1712,2985,4312],"class_list":{"0":"post-353536","1":"post","2":"type-post","3":"status-publish","4":"format-standard","5":"has-post-thumbnail","7":"category-destacado","8":"category-nacionales","9":"category-salud","10":"tag-central","11":"tag-covid-19","12":"tag-xi-region-sanitaria"},"yoast_head":"<!-- This site is optimized with the Yoast SEO plugin v27.5 - https:\/\/yoast.com\/product\/yoast-seo-wordpress\/ -->\n<title>Central cerr\u00f3 el 2020 con 50.000 casos confirmados de covid-19 que en su mayor\u00eda fueron j\u00f3venes - .::Agencia IP::.<\/title>\n<meta name=\"robots\" content=\"index, follow, max-snippet:-1, max-image-preview:large, max-video-preview:-1\" \/>\n<link rel=\"canonical\" href=\"https:\/\/www.ip.gov.py\/ip\/2021\/02\/12\/central-cerro-el-2020-con-50-000-casos-confirmados-de-covid-19-que-en-su-mayoria-fueron-jovenes\/\" \/>\n<meta property=\"og:locale\" content=\"es_ES\" \/>\n<meta property=\"og:type\" content=\"article\" \/>\n<meta property=\"og:title\" content=\"Central cerr\u00f3 el 2020 con 50.000 casos confirmados de covid-19 que en su mayor\u00eda fueron j\u00f3venes - .::Agencia IP::.\" \/>\n<meta property=\"og:description\" content=\"Asunci\u00f3n, Paraguay, Agencia IP.- El departamento Central, el m\u00e1s poblado del pa\u00eds, en los \u00faltimos meses se convirti\u00f3 en el epicentro de la pandemia de Covid-19, donde en el 2020 se dieron unos 50.000 confirmados; de los cuales casi el 60% fueron j\u00f3venes de entre 18 y 30 a\u00f1os.\" \/>\n<meta property=\"og:url\" content=\"https:\/\/www.ip.gov.py\/ip\/2021\/02\/12\/central-cerro-el-2020-con-50-000-casos-confirmados-de-covid-19-que-en-su-mayoria-fueron-jovenes\/\" \/>\n<meta property=\"og:site_name\" content=\".::Agencia IP::.\" \/>\n<meta property=\"article:publisher\" content=\"https:\/\/www.facebook.com\/IPParaguay\/\" \/>\n<meta property=\"article:published_time\" content=\"2021-02-12T18:15:00+00:00\" \/>\n<meta property=\"article:modified_time\" content=\"2021-02-13T03:38:12+00:00\" \/>\n<meta property=\"og:image\" content=\"https:\/\/www.ip.gov.py\/ip\/wp-content\/uploads\/2020\/03\/coronavirus-tapaboca-medidas-7.jpg\" \/>\n\t<meta property=\"og:image:width\" content=\"1280\" \/>\n\t<meta property=\"og:image:height\" content=\"912\" \/>\n\t<meta property=\"og:image:type\" content=\"image\/jpeg\" \/>\n<meta name=\"author\" content=\"jzelada\" \/>\n<meta name=\"twitter:card\" content=\"summary_large_image\" \/>\n<meta name=\"twitter:creator\" content=\"@IPParaguay\" \/>\n<meta name=\"twitter:site\" content=\"@IPParaguay\" \/>\n<meta name=\"twitter:label1\" content=\"Escrito por\" \/>\n\t<meta name=\"twitter:data1\" content=\"jzelada\" \/>\n\t<meta name=\"twitter:label2\" content=\"Tiempo de lectura\" \/>\n\t<meta name=\"twitter:data2\" content=\"3 minutos\" \/>\n<script type=\"application\/ld+json\" class=\"yoast-schema-graph\">{\"@context\":\"https:\\\/\\\/schema.org\",\"@graph\":[{\"@type\":\"Article\",\"@id\":\"https:\\\/\\\/www.ip.gov.py\\\/ip\\\/2021\\\/02\\\/12\\\/central-cerro-el-2020-con-50-000-casos-confirmados-de-covid-19-que-en-su-mayoria-fueron-jovenes\\\/#article\",\"isPartOf\":{\"@id\":\"https:\\\/\\\/www.ip.gov.py\\\/ip\\\/2021\\\/02\\\/12\\\/central-cerro-el-2020-con-50-000-casos-confirmados-de-covid-19-que-en-su-mayoria-fueron-jovenes\\\/\"},\"author\":{\"name\":\"jzelada\",\"@id\":\"https:\\\/\\\/www.ip.gov.py\\\/ip\\\/#\\\/schema\\\/person\\\/b0f4c235f0f0d7a0985bbb33c6a7941e\"},\"headline\":\"Central cerr\u00f3 el 2020 con 50.000 casos confirmados de covid-19 que en su mayor\u00eda fueron j\u00f3venes\",\"datePublished\":\"2021-02-12T18:15:00+00:00\",\"dateModified\":\"2021-02-13T03:38:12+00:00\",\"mainEntityOfPage\":{\"@id\":\"https:\\\/\\\/www.ip.gov.py\\\/ip\\\/2021\\\/02\\\/12\\\/central-cerro-el-2020-con-50-000-casos-confirmados-de-covid-19-que-en-su-mayoria-fueron-jovenes\\\/\"},\"wordCount\":604,\"publisher\":{\"@id\":\"https:\\\/\\\/www.ip.gov.py\\\/ip\\\/#organization\"},\"image\":{\"@id\":\"https:\\\/\\\/www.ip.gov.py\\\/ip\\\/2021\\\/02\\\/12\\\/central-cerro-el-2020-con-50-000-casos-confirmados-de-covid-19-que-en-su-mayoria-fueron-jovenes\\\/#primaryimage\"},\"thumbnailUrl\":\"https:\\\/\\\/www.ip.gov.py\\\/ip\\\/wp-content\\\/uploads\\\/2020\\\/03\\\/coronavirus-tapaboca-medidas-7.jpg\",\"keywords\":[\"Central\",\"covid-19\",\"XI Regi\u00f3n Sanitaria\"],\"articleSection\":[\"Destacado\",\"Nacionales\",\"Salud\"],\"inLanguage\":\"es\"},{\"@type\":\"WebPage\",\"@id\":\"https:\\\/\\\/www.ip.gov.py\\\/ip\\\/2021\\\/02\\\/12\\\/central-cerro-el-2020-con-50-000-casos-confirmados-de-covid-19-que-en-su-mayoria-fueron-jovenes\\\/\",\"url\":\"https:\\\/\\\/www.ip.gov.py\\\/ip\\\/2021\\\/02\\\/12\\\/central-cerro-el-2020-con-50-000-casos-confirmados-de-covid-19-que-en-su-mayoria-fueron-jovenes\\\/\",\"name\":\"Central cerr\u00f3 el 2020 con 50.000 casos confirmados de covid-19 que en su mayor\u00eda fueron j\u00f3venes - .::Agencia IP::.\",\"isPartOf\":{\"@id\":\"https:\\\/\\\/www.ip.gov.py\\\/ip\\\/#website\"},\"primaryImageOfPage\":{\"@id\":\"https:\\\/\\\/www.ip.gov.py\\\/ip\\\/2021\\\/02\\\/12\\\/central-cerro-el-2020-con-50-000-casos-confirmados-de-covid-19-que-en-su-mayoria-fueron-jovenes\\\/#primaryimage\"},\"image\":{\"@id\":\"https:\\\/\\\/www.ip.gov.py\\\/ip\\\/2021\\\/02\\\/12\\\/central-cerro-el-2020-con-50-000-casos-confirmados-de-covid-19-que-en-su-mayoria-fueron-jovenes\\\/#primaryimage\"},\"thumbnailUrl\":\"https:\\\/\\\/www.ip.gov.py\\\/ip\\\/wp-content\\\/uploads\\\/2020\\\/03\\\/coronavirus-tapaboca-medidas-7.jpg\",\"datePublished\":\"2021-02-12T18:15:00+00:00\",\"dateModified\":\"2021-02-13T03:38:12+00:00\",\"breadcrumb\":{\"@id\":\"https:\\\/\\\/www.ip.gov.py\\\/ip\\\/2021\\\/02\\\/12\\\/central-cerro-el-2020-con-50-000-casos-confirmados-de-covid-19-que-en-su-mayoria-fueron-jovenes\\\/#breadcrumb\"},\"inLanguage\":\"es\",\"potentialAction\":[{\"@type\":\"ReadAction\",\"target\":[\"https:\\\/\\\/www.ip.gov.py\\\/ip\\\/2021\\\/02\\\/12\\\/central-cerro-el-2020-con-50-000-casos-confirmados-de-covid-19-que-en-su-mayoria-fueron-jovenes\\\/\"]}]},{\"@type\":\"ImageObject\",\"inLanguage\":\"es\",\"@id\":\"https:\\\/\\\/www.ip.gov.py\\\/ip\\\/2021\\\/02\\\/12\\\/central-cerro-el-2020-con-50-000-casos-confirmados-de-covid-19-que-en-su-mayoria-fueron-jovenes\\\/#primaryimage\",\"url\":\"https:\\\/\\\/www.ip.gov.py\\\/ip\\\/wp-content\\\/uploads\\\/2020\\\/03\\\/coronavirus-tapaboca-medidas-7.jpg\",\"contentUrl\":\"https:\\\/\\\/www.ip.gov.py\\\/ip\\\/wp-content\\\/uploads\\\/2020\\\/03\\\/coronavirus-tapaboca-medidas-7.jpg\",\"width\":1280,\"height\":912,\"caption\":\"Foto: Agencia IP\"},{\"@type\":\"BreadcrumbList\",\"@id\":\"https:\\\/\\\/www.ip.gov.py\\\/ip\\\/2021\\\/02\\\/12\\\/central-cerro-el-2020-con-50-000-casos-confirmados-de-covid-19-que-en-su-mayoria-fueron-jovenes\\\/#breadcrumb\",\"itemListElement\":[{\"@type\":\"ListItem\",\"position\":1,\"name\":\"Portada\",\"item\":\"https:\\\/\\\/www.ip.gov.py\\\/ip\\\/\"},{\"@type\":\"ListItem\",\"position\":2,\"name\":\"Central cerr\u00f3 el 2020 con 50.000 casos confirmados de covid-19 que en su mayor\u00eda fueron j\u00f3venes\"}]},{\"@type\":\"WebSite\",\"@id\":\"https:\\\/\\\/www.ip.gov.py\\\/ip\\\/#website\",\"url\":\"https:\\\/\\\/www.ip.gov.py\\\/ip\\\/\",\"name\":\".::Agencia IP::.\",\"description\":\"\",\"publisher\":{\"@id\":\"https:\\\/\\\/www.ip.gov.py\\\/ip\\\/#organization\"},\"potentialAction\":[{\"@type\":\"SearchAction\",\"target\":{\"@type\":\"EntryPoint\",\"urlTemplate\":\"https:\\\/\\\/www.ip.gov.py\\\/ip\\\/?s={search_term_string}\"},\"query-input\":{\"@type\":\"PropertyValueSpecification\",\"valueRequired\":true,\"valueName\":\"search_term_string\"}}],\"inLanguage\":\"es\"},{\"@type\":\"Organization\",\"@id\":\"https:\\\/\\\/www.ip.gov.py\\\/ip\\\/#organization\",\"name\":\"Agencia IP\",\"url\":\"https:\\\/\\\/www.ip.gov.py\\\/ip\\\/\",\"logo\":{\"@type\":\"ImageObject\",\"inLanguage\":\"es\",\"@id\":\"https:\\\/\\\/www.ip.gov.py\\\/ip\\\/#\\\/schema\\\/logo\\\/image\\\/\",\"url\":\"https:\\\/\\\/www.ip.gov.py\\\/ip\\\/wp-content\\\/uploads\\\/2018\\\/01\\\/Agencia-IP.jpg\",\"contentUrl\":\"https:\\\/\\\/www.ip.gov.py\\\/ip\\\/wp-content\\\/uploads\\\/2018\\\/01\\\/Agencia-IP.jpg\",\"width\":150,\"height\":150,\"caption\":\"Agencia IP\"},\"image\":{\"@id\":\"https:\\\/\\\/www.ip.gov.py\\\/ip\\\/#\\\/schema\\\/logo\\\/image\\\/\"},\"sameAs\":[\"https:\\\/\\\/www.facebook.com\\\/IPParaguay\\\/\",\"https:\\\/\\\/x.com\\\/IPParaguay\",\"https:\\\/\\\/www.instagram.com\\\/IPParaguay\"]},{\"@type\":\"Person\",\"@id\":\"https:\\\/\\\/www.ip.gov.py\\\/ip\\\/#\\\/schema\\\/person\\\/b0f4c235f0f0d7a0985bbb33c6a7941e\",\"name\":\"jzelada\",\"url\":\"https:\\\/\\\/www.ip.gov.py\\\/ip\\\/author\\\/jzelada\\\/\"}]}<\/script>\n<!-- \/ Yoast SEO plugin. -->","yoast_head_json":{"title":"Central cerr\u00f3 el 2020 con 50.000 casos confirmados de covid-19 que en su mayor\u00eda fueron j\u00f3venes - .::Agencia IP::.","robots":{"index":"index","follow":"follow","max-snippet":"max-snippet:-1","max-image-preview":"max-image-preview:large","max-video-preview":"max-video-preview:-1"},"canonical":"https:\/\/www.ip.gov.py\/ip\/2021\/02\/12\/central-cerro-el-2020-con-50-000-casos-confirmados-de-covid-19-que-en-su-mayoria-fueron-jovenes\/","og_locale":"es_ES","og_type":"article","og_title":"Central cerr\u00f3 el 2020 con 50.000 casos confirmados de covid-19 que en su mayor\u00eda fueron j\u00f3venes - .::Agencia IP::.","og_description":"Asunci\u00f3n, Paraguay, Agencia IP.- El departamento Central, el m\u00e1s poblado del pa\u00eds, en los \u00faltimos meses se convirti\u00f3 en el epicentro de la pandemia de Covid-19, donde en el 2020 se dieron unos 50.000 confirmados; de los cuales casi el 60% fueron j\u00f3venes de entre 18 y 30 a\u00f1os.","og_url":"https:\/\/www.ip.gov.py\/ip\/2021\/02\/12\/central-cerro-el-2020-con-50-000-casos-confirmados-de-covid-19-que-en-su-mayoria-fueron-jovenes\/","og_site_name":".::Agencia IP::.","article_publisher":"https:\/\/www.facebook.com\/IPParaguay\/","article_published_time":"2021-02-12T18:15:00+00:00","article_modified_time":"2021-02-13T03:38:12+00:00","og_image":[{"width":1280,"height":912,"url":"https:\/\/www.ip.gov.py\/ip\/wp-content\/uploads\/2020\/03\/coronavirus-tapaboca-medidas-7.jpg","type":"image\/jpeg"}],"author":"jzelada","twitter_card":"summary_large_image","twitter_creator":"@IPParaguay","twitter_site":"@IPParaguay","twitter_misc":{"Escrito por":"jzelada","Tiempo de lectura":"3 minutos"},"schema":{"@context":"https:\/\/schema.org","@graph":[{"@type":"Article","@id":"https:\/\/www.ip.gov.py\/ip\/2021\/02\/12\/central-cerro-el-2020-con-50-000-casos-confirmados-de-covid-19-que-en-su-mayoria-fueron-jovenes\/#article","isPartOf":{"@id":"https:\/\/www.ip.gov.py\/ip\/2021\/02\/12\/central-cerro-el-2020-con-50-000-casos-confirmados-de-covid-19-que-en-su-mayoria-fueron-jovenes\/"},"author":{"name":"jzelada","@id":"https:\/\/www.ip.gov.py\/ip\/#\/schema\/person\/b0f4c235f0f0d7a0985bbb33c6a7941e"},"headline":"Central cerr\u00f3 el 2020 con 50.000 casos confirmados de covid-19 que en su mayor\u00eda fueron j\u00f3venes","datePublished":"2021-02-12T18:15:00+00:00","dateModified":"2021-02-13T03:38:12+00:00","mainEntityOfPage":{"@id":"https:\/\/www.ip.gov.py\/ip\/2021\/02\/12\/central-cerro-el-2020-con-50-000-casos-confirmados-de-covid-19-que-en-su-mayoria-fueron-jovenes\/"},"wordCount":604,"publisher":{"@id":"https:\/\/www.ip.gov.py\/ip\/#organization"},"image":{"@id":"https:\/\/www.ip.gov.py\/ip\/2021\/02\/12\/central-cerro-el-2020-con-50-000-casos-confirmados-de-covid-19-que-en-su-mayoria-fueron-jovenes\/#primaryimage"},"thumbnailUrl":"https:\/\/www.ip.gov.py\/ip\/wp-content\/uploads\/2020\/03\/coronavirus-tapaboca-medidas-7.jpg","keywords":["Central","covid-19","XI Regi\u00f3n Sanitaria"],"articleSection":["Destacado","Nacionales","Salud"],"inLanguage":"es"},{"@type":"WebPage","@id":"https:\/\/www.ip.gov.py\/ip\/2021\/02\/12\/central-cerro-el-2020-con-50-000-casos-confirmados-de-covid-19-que-en-su-mayoria-fueron-jovenes\/","url":"https:\/\/www.ip.gov.py\/ip\/2021\/02\/12\/central-cerro-el-2020-con-50-000-casos-confirmados-de-covid-19-que-en-su-mayoria-fueron-jovenes\/","name":"Central cerr\u00f3 el 2020 con 50.000 casos confirmados de covid-19 que en su mayor\u00eda fueron j\u00f3venes - .::Agencia IP::.","isPartOf":{"@id":"https:\/\/www.ip.gov.py\/ip\/#website"},"primaryImageOfPage":{"@id":"https:\/\/www.ip.gov.py\/ip\/2021\/02\/12\/central-cerro-el-2020-con-50-000-casos-confirmados-de-covid-19-que-en-su-mayoria-fueron-jovenes\/#primaryimage"},"image":{"@id":"https:\/\/www.ip.gov.py\/ip\/2021\/02\/12\/central-cerro-el-2020-con-50-000-casos-confirmados-de-covid-19-que-en-su-mayoria-fueron-jovenes\/#primaryimage"},"thumbnailUrl":"https:\/\/www.ip.gov.py\/ip\/wp-content\/uploads\/2020\/03\/coronavirus-tapaboca-medidas-7.jpg","datePublished":"2021-02-12T18:15:00+00:00","dateModified":"2021-02-13T03:38:12+00:00","breadcrumb":{"@id":"https:\/\/www.ip.gov.py\/ip\/2021\/02\/12\/central-cerro-el-2020-con-50-000-casos-confirmados-de-covid-19-que-en-su-mayoria-fueron-jovenes\/#breadcrumb"},"inLanguage":"es","potentialAction":[{"@type":"ReadAction","target":["https:\/\/www.ip.gov.py\/ip\/2021\/02\/12\/central-cerro-el-2020-con-50-000-casos-confirmados-de-covid-19-que-en-su-mayoria-fueron-jovenes\/"]}]},{"@type":"ImageObject","inLanguage":"es","@id":"https:\/\/www.ip.gov.py\/ip\/2021\/02\/12\/central-cerro-el-2020-con-50-000-casos-confirmados-de-covid-19-que-en-su-mayoria-fueron-jovenes\/#primaryimage","url":"https:\/\/www.ip.gov.py\/ip\/wp-content\/uploads\/2020\/03\/coronavirus-tapaboca-medidas-7.jpg","contentUrl":"https:\/\/www.ip.gov.py\/ip\/wp-content\/uploads\/2020\/03\/coronavirus-tapaboca-medidas-7.jpg","width":1280,"height":912,"caption":"Foto: Agencia IP"},{"@type":"BreadcrumbList","@id":"https:\/\/www.ip.gov.py\/ip\/2021\/02\/12\/central-cerro-el-2020-con-50-000-casos-confirmados-de-covid-19-que-en-su-mayoria-fueron-jovenes\/#breadcrumb","itemListElement":[{"@type":"ListItem","position":1,"name":"Portada","item":"https:\/\/www.ip.gov.py\/ip\/"},{"@type":"ListItem","position":2,"name":"Central cerr\u00f3 el 2020 con 50.000 casos confirmados de covid-19 que en su mayor\u00eda fueron j\u00f3venes"}]},{"@type":"WebSite","@id":"https:\/\/www.ip.gov.py\/ip\/#website","url":"https:\/\/www.ip.gov.py\/ip\/","name":".::Agencia IP::.","description":"","publisher":{"@id":"https:\/\/www.ip.gov.py\/ip\/#organization"},"potentialAction":[{"@type":"SearchAction","target":{"@type":"EntryPoint","urlTemplate":"https:\/\/www.ip.gov.py\/ip\/?s={search_term_string}"},"query-input":{"@type":"PropertyValueSpecification","valueRequired":true,"valueName":"search_term_string"}}],"inLanguage":"es"},{"@type":"Organization","@id":"https:\/\/www.ip.gov.py\/ip\/#organization","name":"Agencia IP","url":"https:\/\/www.ip.gov.py\/ip\/","logo":{"@type":"ImageObject","inLanguage":"es","@id":"https:\/\/www.ip.gov.py\/ip\/#\/schema\/logo\/image\/","url":"https:\/\/www.ip.gov.py\/ip\/wp-content\/uploads\/2018\/01\/Agencia-IP.jpg","contentUrl":"https:\/\/www.ip.gov.py\/ip\/wp-content\/uploads\/2018\/01\/Agencia-IP.jpg","width":150,"height":150,"caption":"Agencia IP"},"image":{"@id":"https:\/\/www.ip.gov.py\/ip\/#\/schema\/logo\/image\/"},"sameAs":["https:\/\/www.facebook.com\/IPParaguay\/","https:\/\/x.com\/IPParaguay","https:\/\/www.instagram.com\/IPParaguay"]},{"@type":"Person","@id":"https:\/\/www.ip.gov.py\/ip\/#\/schema\/person\/b0f4c235f0f0d7a0985bbb33c6a7941e","name":"jzelada","url":"https:\/\/www.ip.gov.py\/ip\/author\/jzelada\/"}]}},"_links":{"self":[{"href":"https:\/\/www.ip.gov.py\/ip\/wp-json\/wp\/v2\/posts\/353536","targetHints":{"allow":["GET"]}}],"collection":[{"href":"https:\/\/www.ip.gov.py\/ip\/wp-json\/wp\/v2\/posts"}],"about":[{"href":"https:\/\/www.ip.gov.py\/ip\/wp-json\/wp\/v2\/types\/post"}],"author":[{"embeddable":true,"href":"https:\/\/www.ip.gov.py\/ip\/wp-json\/wp\/v2\/users\/29"}],"replies":[{"embeddable":true,"href":"https:\/\/www.ip.gov.py\/ip\/wp-json\/wp\/v2\/comments?post=353536"}],"version-history":[{"count":0,"href":"https:\/\/www.ip.gov.py\/ip\/wp-json\/wp\/v2\/posts\/353536\/revisions"}],"wp:featuredmedia":[{"embeddable":true,"href":"https:\/\/www.ip.gov.py\/ip\/wp-json\/wp\/v2\/media\/309655"}],"wp:attachment":[{"href":"https:\/\/www.ip.gov.py\/ip\/wp-json\/wp\/v2\/media?parent=353536"}],"wp:term":[{"taxonomy":"category","embeddable":true,"href":"https:\/\/www.ip.gov.py\/ip\/wp-json\/wp\/v2\/categories?post=353536"},{"taxonomy":"post_tag","embeddable":true,"href":"https:\/\/www.ip.gov.py\/ip\/wp-json\/wp\/v2\/tags?post=353536"}],"curies":[{"name":"wp","href":"https:\/\/api.w.org\/{rel}","templated":true}]}}