{"id":353719,"date":"2021-02-15T10:46:13","date_gmt":"2021-02-15T13:46:13","guid":{"rendered":"https:\/\/www.ip.gov.py\/ip\/?p=353719"},"modified":"2021-02-15T11:17:21","modified_gmt":"2021-02-15T14:17:21","slug":"investigadores-publican-articulo-sobre-el-miedo-de-la-covid-19-en-paraguay","status":"publish","type":"post","link":"https:\/\/www.ip.gov.py\/ip\/2021\/02\/15\/investigadores-publican-articulo-sobre-el-miedo-de-la-covid-19-en-paraguay\/","title":{"rendered":"Investigadores publican art\u00edculo sobre el miedo de la covid-19 en Paraguay"},"content":{"rendered":"<p style=\"text-align: justify;\"><strong><em>Asunci\u00f3n, Paraguay, Agencia IP.-<\/em><\/strong> Con el objetivo de probar las propiedades psicom\u00e9tricas de la validaci\u00f3n espa\u00f1ola de la Escala de Miedo a covid -19 (tipo de encuesta) en la poblaci\u00f3n paraguaya, varios investigadores realizaron encuestas a 1.245 personas, de las cuales 1077 fueron incluidas en la investigaci\u00f3n.<!--more--><\/p>\n<p style=\"text-align: justify;\">La salud mental de la poblaci\u00f3n es una de las principales \u00e1reas en las que la pandemia por covid-19 afecta.<\/p>\n<p style=\"text-align: justify;\">Diferentes gobiernos tomaron medidas para salvaguardar la salud de sus ciudadanos, como por ejemplo la disminuci\u00f3n del contacto social y el aislamiento, de grandes sectores estas medidas condujeron a un aumento del miedo, ansiedad, s\u00edntomas depresivos, desesperanza, entre otros.<\/p>\n<p style=\"text-align: justify;\">Tambi\u00e9n se sum\u00f3 la presi\u00f3n sobre los sistemas de salud en t\u00e9rminos de recursos y la necesidad de dise\u00f1ar r\u00e1pidamente estrategias para contener el brote de covid-19.<\/p>\n<p style=\"text-align: justify;\">Por estas razones, es clave tener una herramienta para medir el nivel en el que el miedo al coronavirus puede afectar a los individuos. Las encuestas se realizaron a trav\u00e9s de Internet. Todos los participantes cuyas puntuaciones fueron incluidas.<\/p>\n<p style=\"text-align: justify;\">Los resultados del estudio denominado \u201cPropiedades psicom\u00e9tricas de la versi\u00f3n espa\u00f1ola de la escala de miedo a la covid-19 en poblaci\u00f3n paraguaya\u201d fueron publicados en la Irish Journal of Psychological Medicine (Cambridge University Press) e informan que la Escala de Miedo a la covid-19 posee robustas propiedades psicom\u00e9tricas y presenta dos factores, que eval\u00faan el miedo a padecer covid-19 a trav\u00e9s de s\u00edntomas psicol\u00f3gicos y fisiol\u00f3gicos.<\/p>\n<p style=\"text-align: justify;\">En el trabajo se realizaron las encuestas a 1245 sujetos que respondieron voluntariamente, de los cuales se consideraron 1077. Durante este per\u00edodo, la tasa de morbilidad de covid-19 fue de 0,9 pacientes por cada 100.000 habitantes, mientras que la tasa de mortalidad fue 0,04 por 100.000 habitantes.<\/p>\n<p style=\"text-align: justify;\">Los autores del art\u00edculo cient\u00edfico son: Iv\u00e1n Barrios, Carlos R\u00edos-Gonz\u00e1lez, Marcelo O\u2019Higgins, Israel Gonz\u00e1lez-Urbieta, Oscar Garc\u00eda, Jos\u00e9 Almir\u00f3n-Santacruz, Rodrigo Navarro, Osvaldo Melgarejo, Noelia Ruiz D\u00edaz, Jo\u00e3o Mauricio Castaldelli-Maia, Antonio Ventriglio y Julio Torales investigador categorizado en el Programa Nacional de Incentivo a los Investigadores (PRONII) del Conacyt.<\/p>\n","protected":false},"excerpt":{"rendered":"<p>Asunci\u00f3n, Paraguay, Agencia IP.- Con el objetivo de probar las propiedades psicom\u00e9tricas de la validaci\u00f3n espa\u00f1ola de la Escala de Miedo a covid -19 (tipo de encuesta) en la poblaci\u00f3n paraguaya, varios investigadores realizaron encuestas a 1.245 personas, de las cuales 1077 fueron incluidas en la investigaci\u00f3n.<\/p>\n","protected":false},"author":29,"featured_media":353720,"comment_status":"closed","ping_status":"closed","sticky":false,"template":"","format":"standard","meta":{"_monsterinsights_skip_tracking":false,"_monsterinsights_sitenote_active":false,"_monsterinsights_sitenote_note":"","_monsterinsights_sitenote_category":0,"footnotes":""},"categories":[7,2987],"tags":[1105,2985,83,5420,162],"class_list":{"0":"post-353719","1":"post","2":"type-post","3":"status-publish","4":"format-standard","5":"has-post-thumbnail","7":"category-cultura","8":"category-salud","9":"tag-conacyt","10":"tag-covid-19","11":"tag-encuesta","12":"tag-investigadores","13":"tag-paraguay"},"yoast_head":"<!-- This site is optimized with the Yoast SEO plugin v27.5 - https:\/\/yoast.com\/product\/yoast-seo-wordpress\/ -->\n<title>Investigadores publican art\u00edculo sobre el miedo de la covid-19 en Paraguay - .::Agencia IP::.<\/title>\n<meta name=\"robots\" content=\"index, follow, max-snippet:-1, max-image-preview:large, max-video-preview:-1\" \/>\n<link rel=\"canonical\" href=\"https:\/\/www.ip.gov.py\/ip\/2021\/02\/15\/investigadores-publican-articulo-sobre-el-miedo-de-la-covid-19-en-paraguay\/\" \/>\n<meta property=\"og:locale\" content=\"es_ES\" \/>\n<meta property=\"og:type\" content=\"article\" \/>\n<meta property=\"og:title\" content=\"Investigadores publican art\u00edculo sobre el miedo de la covid-19 en Paraguay - .::Agencia IP::.\" \/>\n<meta property=\"og:description\" content=\"Asunci\u00f3n, Paraguay, Agencia IP.- Con el objetivo de probar las propiedades psicom\u00e9tricas de la validaci\u00f3n espa\u00f1ola de la Escala de Miedo a covid -19 (tipo de encuesta) en la poblaci\u00f3n paraguaya, varios investigadores realizaron encuestas a 1.245 personas, de las cuales 1077 fueron incluidas en la investigaci\u00f3n.\" \/>\n<meta property=\"og:url\" content=\"https:\/\/www.ip.gov.py\/ip\/2021\/02\/15\/investigadores-publican-articulo-sobre-el-miedo-de-la-covid-19-en-paraguay\/\" \/>\n<meta property=\"og:site_name\" content=\".::Agencia IP::.\" \/>\n<meta property=\"article:publisher\" content=\"https:\/\/www.facebook.com\/IPParaguay\/\" \/>\n<meta property=\"article:published_time\" content=\"2021-02-15T13:46:13+00:00\" \/>\n<meta property=\"article:modified_time\" content=\"2021-02-15T14:17:21+00:00\" \/>\n<meta property=\"og:image\" content=\"https:\/\/www.ip.gov.py\/ip\/wp-content\/uploads\/2021\/02\/miedo-covid-19.jpg\" \/>\n\t<meta property=\"og:image:width\" content=\"1280\" \/>\n\t<meta property=\"og:image:height\" content=\"720\" \/>\n\t<meta property=\"og:image:type\" content=\"image\/jpeg\" \/>\n<meta name=\"author\" content=\"jzelada\" \/>\n<meta name=\"twitter:card\" content=\"summary_large_image\" \/>\n<meta name=\"twitter:creator\" content=\"@IPParaguay\" \/>\n<meta name=\"twitter:site\" content=\"@IPParaguay\" \/>\n<meta name=\"twitter:label1\" content=\"Escrito por\" \/>\n\t<meta name=\"twitter:data1\" content=\"jzelada\" \/>\n\t<meta name=\"twitter:label2\" content=\"Tiempo de lectura\" \/>\n\t<meta name=\"twitter:data2\" content=\"2 minutos\" \/>\n<script type=\"application\/ld+json\" class=\"yoast-schema-graph\">{\"@context\":\"https:\\\/\\\/schema.org\",\"@graph\":[{\"@type\":\"Article\",\"@id\":\"https:\\\/\\\/www.ip.gov.py\\\/ip\\\/2021\\\/02\\\/15\\\/investigadores-publican-articulo-sobre-el-miedo-de-la-covid-19-en-paraguay\\\/#article\",\"isPartOf\":{\"@id\":\"https:\\\/\\\/www.ip.gov.py\\\/ip\\\/2021\\\/02\\\/15\\\/investigadores-publican-articulo-sobre-el-miedo-de-la-covid-19-en-paraguay\\\/\"},\"author\":{\"name\":\"jzelada\",\"@id\":\"https:\\\/\\\/www.ip.gov.py\\\/ip\\\/#\\\/schema\\\/person\\\/b0f4c235f0f0d7a0985bbb33c6a7941e\"},\"headline\":\"Investigadores publican art\u00edculo sobre el miedo de la covid-19 en Paraguay\",\"datePublished\":\"2021-02-15T13:46:13+00:00\",\"dateModified\":\"2021-02-15T14:17:21+00:00\",\"mainEntityOfPage\":{\"@id\":\"https:\\\/\\\/www.ip.gov.py\\\/ip\\\/2021\\\/02\\\/15\\\/investigadores-publican-articulo-sobre-el-miedo-de-la-covid-19-en-paraguay\\\/\"},\"wordCount\":374,\"publisher\":{\"@id\":\"https:\\\/\\\/www.ip.gov.py\\\/ip\\\/#organization\"},\"image\":{\"@id\":\"https:\\\/\\\/www.ip.gov.py\\\/ip\\\/2021\\\/02\\\/15\\\/investigadores-publican-articulo-sobre-el-miedo-de-la-covid-19-en-paraguay\\\/#primaryimage\"},\"thumbnailUrl\":\"https:\\\/\\\/www.ip.gov.py\\\/ip\\\/wp-content\\\/uploads\\\/2021\\\/02\\\/miedo-covid-19.jpg\",\"keywords\":[\"Conacyt\",\"covid-19\",\"encuesta\",\"investigadores\",\"paraguay\"],\"articleSection\":[\"Cultura\",\"Salud\"],\"inLanguage\":\"es\"},{\"@type\":\"WebPage\",\"@id\":\"https:\\\/\\\/www.ip.gov.py\\\/ip\\\/2021\\\/02\\\/15\\\/investigadores-publican-articulo-sobre-el-miedo-de-la-covid-19-en-paraguay\\\/\",\"url\":\"https:\\\/\\\/www.ip.gov.py\\\/ip\\\/2021\\\/02\\\/15\\\/investigadores-publican-articulo-sobre-el-miedo-de-la-covid-19-en-paraguay\\\/\",\"name\":\"Investigadores publican art\u00edculo sobre el miedo de la covid-19 en Paraguay - .::Agencia IP::.\",\"isPartOf\":{\"@id\":\"https:\\\/\\\/www.ip.gov.py\\\/ip\\\/#website\"},\"primaryImageOfPage\":{\"@id\":\"https:\\\/\\\/www.ip.gov.py\\\/ip\\\/2021\\\/02\\\/15\\\/investigadores-publican-articulo-sobre-el-miedo-de-la-covid-19-en-paraguay\\\/#primaryimage\"},\"image\":{\"@id\":\"https:\\\/\\\/www.ip.gov.py\\\/ip\\\/2021\\\/02\\\/15\\\/investigadores-publican-articulo-sobre-el-miedo-de-la-covid-19-en-paraguay\\\/#primaryimage\"},\"thumbnailUrl\":\"https:\\\/\\\/www.ip.gov.py\\\/ip\\\/wp-content\\\/uploads\\\/2021\\\/02\\\/miedo-covid-19.jpg\",\"datePublished\":\"2021-02-15T13:46:13+00:00\",\"dateModified\":\"2021-02-15T14:17:21+00:00\",\"breadcrumb\":{\"@id\":\"https:\\\/\\\/www.ip.gov.py\\\/ip\\\/2021\\\/02\\\/15\\\/investigadores-publican-articulo-sobre-el-miedo-de-la-covid-19-en-paraguay\\\/#breadcrumb\"},\"inLanguage\":\"es\",\"potentialAction\":[{\"@type\":\"ReadAction\",\"target\":[\"https:\\\/\\\/www.ip.gov.py\\\/ip\\\/2021\\\/02\\\/15\\\/investigadores-publican-articulo-sobre-el-miedo-de-la-covid-19-en-paraguay\\\/\"]}]},{\"@type\":\"ImageObject\",\"inLanguage\":\"es\",\"@id\":\"https:\\\/\\\/www.ip.gov.py\\\/ip\\\/2021\\\/02\\\/15\\\/investigadores-publican-articulo-sobre-el-miedo-de-la-covid-19-en-paraguay\\\/#primaryimage\",\"url\":\"https:\\\/\\\/www.ip.gov.py\\\/ip\\\/wp-content\\\/uploads\\\/2021\\\/02\\\/miedo-covid-19.jpg\",\"contentUrl\":\"https:\\\/\\\/www.ip.gov.py\\\/ip\\\/wp-content\\\/uploads\\\/2021\\\/02\\\/miedo-covid-19.jpg\",\"width\":1280,\"height\":720,\"caption\":\"Foto Ilustrativa.\"},{\"@type\":\"BreadcrumbList\",\"@id\":\"https:\\\/\\\/www.ip.gov.py\\\/ip\\\/2021\\\/02\\\/15\\\/investigadores-publican-articulo-sobre-el-miedo-de-la-covid-19-en-paraguay\\\/#breadcrumb\",\"itemListElement\":[{\"@type\":\"ListItem\",\"position\":1,\"name\":\"Portada\",\"item\":\"https:\\\/\\\/www.ip.gov.py\\\/ip\\\/\"},{\"@type\":\"ListItem\",\"position\":2,\"name\":\"Investigadores publican art\u00edculo sobre el miedo de la covid-19 en Paraguay\"}]},{\"@type\":\"WebSite\",\"@id\":\"https:\\\/\\\/www.ip.gov.py\\\/ip\\\/#website\",\"url\":\"https:\\\/\\\/www.ip.gov.py\\\/ip\\\/\",\"name\":\".::Agencia IP::.\",\"description\":\"\",\"publisher\":{\"@id\":\"https:\\\/\\\/www.ip.gov.py\\\/ip\\\/#organization\"},\"potentialAction\":[{\"@type\":\"SearchAction\",\"target\":{\"@type\":\"EntryPoint\",\"urlTemplate\":\"https:\\\/\\\/www.ip.gov.py\\\/ip\\\/?s={search_term_string}\"},\"query-input\":{\"@type\":\"PropertyValueSpecification\",\"valueRequired\":true,\"valueName\":\"search_term_string\"}}],\"inLanguage\":\"es\"},{\"@type\":\"Organization\",\"@id\":\"https:\\\/\\\/www.ip.gov.py\\\/ip\\\/#organization\",\"name\":\"Agencia IP\",\"url\":\"https:\\\/\\\/www.ip.gov.py\\\/ip\\\/\",\"logo\":{\"@type\":\"ImageObject\",\"inLanguage\":\"es\",\"@id\":\"https:\\\/\\\/www.ip.gov.py\\\/ip\\\/#\\\/schema\\\/logo\\\/image\\\/\",\"url\":\"https:\\\/\\\/www.ip.gov.py\\\/ip\\\/wp-content\\\/uploads\\\/2018\\\/01\\\/Agencia-IP.jpg\",\"contentUrl\":\"https:\\\/\\\/www.ip.gov.py\\\/ip\\\/wp-content\\\/uploads\\\/2018\\\/01\\\/Agencia-IP.jpg\",\"width\":150,\"height\":150,\"caption\":\"Agencia IP\"},\"image\":{\"@id\":\"https:\\\/\\\/www.ip.gov.py\\\/ip\\\/#\\\/schema\\\/logo\\\/image\\\/\"},\"sameAs\":[\"https:\\\/\\\/www.facebook.com\\\/IPParaguay\\\/\",\"https:\\\/\\\/x.com\\\/IPParaguay\",\"https:\\\/\\\/www.instagram.com\\\/IPParaguay\"]},{\"@type\":\"Person\",\"@id\":\"https:\\\/\\\/www.ip.gov.py\\\/ip\\\/#\\\/schema\\\/person\\\/b0f4c235f0f0d7a0985bbb33c6a7941e\",\"name\":\"jzelada\",\"url\":\"https:\\\/\\\/www.ip.gov.py\\\/ip\\\/author\\\/jzelada\\\/\"}]}<\/script>\n<!-- \/ Yoast SEO plugin. -->","yoast_head_json":{"title":"Investigadores publican art\u00edculo sobre el miedo de la covid-19 en Paraguay - .::Agencia IP::.","robots":{"index":"index","follow":"follow","max-snippet":"max-snippet:-1","max-image-preview":"max-image-preview:large","max-video-preview":"max-video-preview:-1"},"canonical":"https:\/\/www.ip.gov.py\/ip\/2021\/02\/15\/investigadores-publican-articulo-sobre-el-miedo-de-la-covid-19-en-paraguay\/","og_locale":"es_ES","og_type":"article","og_title":"Investigadores publican art\u00edculo sobre el miedo de la covid-19 en Paraguay - .::Agencia IP::.","og_description":"Asunci\u00f3n, Paraguay, Agencia IP.- Con el objetivo de probar las propiedades psicom\u00e9tricas de la validaci\u00f3n espa\u00f1ola de la Escala de Miedo a covid -19 (tipo de encuesta) en la poblaci\u00f3n paraguaya, varios investigadores realizaron encuestas a 1.245 personas, de las cuales 1077 fueron incluidas en la investigaci\u00f3n.","og_url":"https:\/\/www.ip.gov.py\/ip\/2021\/02\/15\/investigadores-publican-articulo-sobre-el-miedo-de-la-covid-19-en-paraguay\/","og_site_name":".::Agencia IP::.","article_publisher":"https:\/\/www.facebook.com\/IPParaguay\/","article_published_time":"2021-02-15T13:46:13+00:00","article_modified_time":"2021-02-15T14:17:21+00:00","og_image":[{"width":1280,"height":720,"url":"https:\/\/www.ip.gov.py\/ip\/wp-content\/uploads\/2021\/02\/miedo-covid-19.jpg","type":"image\/jpeg"}],"author":"jzelada","twitter_card":"summary_large_image","twitter_creator":"@IPParaguay","twitter_site":"@IPParaguay","twitter_misc":{"Escrito por":"jzelada","Tiempo de lectura":"2 minutos"},"schema":{"@context":"https:\/\/schema.org","@graph":[{"@type":"Article","@id":"https:\/\/www.ip.gov.py\/ip\/2021\/02\/15\/investigadores-publican-articulo-sobre-el-miedo-de-la-covid-19-en-paraguay\/#article","isPartOf":{"@id":"https:\/\/www.ip.gov.py\/ip\/2021\/02\/15\/investigadores-publican-articulo-sobre-el-miedo-de-la-covid-19-en-paraguay\/"},"author":{"name":"jzelada","@id":"https:\/\/www.ip.gov.py\/ip\/#\/schema\/person\/b0f4c235f0f0d7a0985bbb33c6a7941e"},"headline":"Investigadores publican art\u00edculo sobre el miedo de la covid-19 en Paraguay","datePublished":"2021-02-15T13:46:13+00:00","dateModified":"2021-02-15T14:17:21+00:00","mainEntityOfPage":{"@id":"https:\/\/www.ip.gov.py\/ip\/2021\/02\/15\/investigadores-publican-articulo-sobre-el-miedo-de-la-covid-19-en-paraguay\/"},"wordCount":374,"publisher":{"@id":"https:\/\/www.ip.gov.py\/ip\/#organization"},"image":{"@id":"https:\/\/www.ip.gov.py\/ip\/2021\/02\/15\/investigadores-publican-articulo-sobre-el-miedo-de-la-covid-19-en-paraguay\/#primaryimage"},"thumbnailUrl":"https:\/\/www.ip.gov.py\/ip\/wp-content\/uploads\/2021\/02\/miedo-covid-19.jpg","keywords":["Conacyt","covid-19","encuesta","investigadores","paraguay"],"articleSection":["Cultura","Salud"],"inLanguage":"es"},{"@type":"WebPage","@id":"https:\/\/www.ip.gov.py\/ip\/2021\/02\/15\/investigadores-publican-articulo-sobre-el-miedo-de-la-covid-19-en-paraguay\/","url":"https:\/\/www.ip.gov.py\/ip\/2021\/02\/15\/investigadores-publican-articulo-sobre-el-miedo-de-la-covid-19-en-paraguay\/","name":"Investigadores publican art\u00edculo sobre el miedo de la covid-19 en Paraguay - .::Agencia IP::.","isPartOf":{"@id":"https:\/\/www.ip.gov.py\/ip\/#website"},"primaryImageOfPage":{"@id":"https:\/\/www.ip.gov.py\/ip\/2021\/02\/15\/investigadores-publican-articulo-sobre-el-miedo-de-la-covid-19-en-paraguay\/#primaryimage"},"image":{"@id":"https:\/\/www.ip.gov.py\/ip\/2021\/02\/15\/investigadores-publican-articulo-sobre-el-miedo-de-la-covid-19-en-paraguay\/#primaryimage"},"thumbnailUrl":"https:\/\/www.ip.gov.py\/ip\/wp-content\/uploads\/2021\/02\/miedo-covid-19.jpg","datePublished":"2021-02-15T13:46:13+00:00","dateModified":"2021-02-15T14:17:21+00:00","breadcrumb":{"@id":"https:\/\/www.ip.gov.py\/ip\/2021\/02\/15\/investigadores-publican-articulo-sobre-el-miedo-de-la-covid-19-en-paraguay\/#breadcrumb"},"inLanguage":"es","potentialAction":[{"@type":"ReadAction","target":["https:\/\/www.ip.gov.py\/ip\/2021\/02\/15\/investigadores-publican-articulo-sobre-el-miedo-de-la-covid-19-en-paraguay\/"]}]},{"@type":"ImageObject","inLanguage":"es","@id":"https:\/\/www.ip.gov.py\/ip\/2021\/02\/15\/investigadores-publican-articulo-sobre-el-miedo-de-la-covid-19-en-paraguay\/#primaryimage","url":"https:\/\/www.ip.gov.py\/ip\/wp-content\/uploads\/2021\/02\/miedo-covid-19.jpg","contentUrl":"https:\/\/www.ip.gov.py\/ip\/wp-content\/uploads\/2021\/02\/miedo-covid-19.jpg","width":1280,"height":720,"caption":"Foto Ilustrativa."},{"@type":"BreadcrumbList","@id":"https:\/\/www.ip.gov.py\/ip\/2021\/02\/15\/investigadores-publican-articulo-sobre-el-miedo-de-la-covid-19-en-paraguay\/#breadcrumb","itemListElement":[{"@type":"ListItem","position":1,"name":"Portada","item":"https:\/\/www.ip.gov.py\/ip\/"},{"@type":"ListItem","position":2,"name":"Investigadores publican art\u00edculo sobre el miedo de la covid-19 en Paraguay"}]},{"@type":"WebSite","@id":"https:\/\/www.ip.gov.py\/ip\/#website","url":"https:\/\/www.ip.gov.py\/ip\/","name":".::Agencia IP::.","description":"","publisher":{"@id":"https:\/\/www.ip.gov.py\/ip\/#organization"},"potentialAction":[{"@type":"SearchAction","target":{"@type":"EntryPoint","urlTemplate":"https:\/\/www.ip.gov.py\/ip\/?s={search_term_string}"},"query-input":{"@type":"PropertyValueSpecification","valueRequired":true,"valueName":"search_term_string"}}],"inLanguage":"es"},{"@type":"Organization","@id":"https:\/\/www.ip.gov.py\/ip\/#organization","name":"Agencia IP","url":"https:\/\/www.ip.gov.py\/ip\/","logo":{"@type":"ImageObject","inLanguage":"es","@id":"https:\/\/www.ip.gov.py\/ip\/#\/schema\/logo\/image\/","url":"https:\/\/www.ip.gov.py\/ip\/wp-content\/uploads\/2018\/01\/Agencia-IP.jpg","contentUrl":"https:\/\/www.ip.gov.py\/ip\/wp-content\/uploads\/2018\/01\/Agencia-IP.jpg","width":150,"height":150,"caption":"Agencia IP"},"image":{"@id":"https:\/\/www.ip.gov.py\/ip\/#\/schema\/logo\/image\/"},"sameAs":["https:\/\/www.facebook.com\/IPParaguay\/","https:\/\/x.com\/IPParaguay","https:\/\/www.instagram.com\/IPParaguay"]},{"@type":"Person","@id":"https:\/\/www.ip.gov.py\/ip\/#\/schema\/person\/b0f4c235f0f0d7a0985bbb33c6a7941e","name":"jzelada","url":"https:\/\/www.ip.gov.py\/ip\/author\/jzelada\/"}]}},"_links":{"self":[{"href":"https:\/\/www.ip.gov.py\/ip\/wp-json\/wp\/v2\/posts\/353719","targetHints":{"allow":["GET"]}}],"collection":[{"href":"https:\/\/www.ip.gov.py\/ip\/wp-json\/wp\/v2\/posts"}],"about":[{"href":"https:\/\/www.ip.gov.py\/ip\/wp-json\/wp\/v2\/types\/post"}],"author":[{"embeddable":true,"href":"https:\/\/www.ip.gov.py\/ip\/wp-json\/wp\/v2\/users\/29"}],"replies":[{"embeddable":true,"href":"https:\/\/www.ip.gov.py\/ip\/wp-json\/wp\/v2\/comments?post=353719"}],"version-history":[{"count":0,"href":"https:\/\/www.ip.gov.py\/ip\/wp-json\/wp\/v2\/posts\/353719\/revisions"}],"wp:featuredmedia":[{"embeddable":true,"href":"https:\/\/www.ip.gov.py\/ip\/wp-json\/wp\/v2\/media\/353720"}],"wp:attachment":[{"href":"https:\/\/www.ip.gov.py\/ip\/wp-json\/wp\/v2\/media?parent=353719"}],"wp:term":[{"taxonomy":"category","embeddable":true,"href":"https:\/\/www.ip.gov.py\/ip\/wp-json\/wp\/v2\/categories?post=353719"},{"taxonomy":"post_tag","embeddable":true,"href":"https:\/\/www.ip.gov.py\/ip\/wp-json\/wp\/v2\/tags?post=353719"}],"curies":[{"name":"wp","href":"https:\/\/api.w.org\/{rel}","templated":true}]}}