{"id":354278,"date":"2021-02-18T12:49:08","date_gmt":"2021-02-18T15:49:08","guid":{"rendered":"https:\/\/www.ip.gov.py\/ip\/?p=354278"},"modified":"2021-02-18T15:28:18","modified_gmt":"2021-02-18T18:28:18","slug":"paraguay-confirma-primer-reinfectado-por-covid-19-y-segundo-fallecido-por-dengue","status":"publish","type":"post","link":"https:\/\/www.ip.gov.py\/ip\/2021\/02\/18\/paraguay-confirma-primer-reinfectado-por-covid-19-y-segundo-fallecido-por-dengue\/","title":{"rendered":"Paraguay confirma primer reinfectado por covid-19 y descarta cepas nuevas"},"content":{"rendered":"<p style=\"text-align: justify;\"><em><strong>Asunci\u00f3n, Paraguay, Agencia IP.-<\/strong><\/em> En conferencia de prensa, el ministro de Salud P\u00fablica, Julio Mazzoleni confirm\u00f3 el primer reinfectado por covid-19 en Paraguay, descart\u00f3 la identificaci\u00f3n de cepas nuevas, e inform\u00f3 del segundo fallecido por dengue en lo que va del a\u00f1o.<!--more--><\/p>\n<p style=\"text-align: justify;\">En lo que hace a la reinfecci\u00f3n del coronavirus manifest\u00f3 que se trata de un hombre oriundo de \u00d1emby, departamento Central, que se contagio la primera vez en julio pasado y la reinfecci\u00f3n se dio en noviembre del 2020.<\/p>\n<p style=\"text-align: justify;\">Los datos fueron proporcionados por un laboratorio de mucho prestigio donde se enviaron las muestras de 20 pacientes del \u00faltimo semestre del a\u00f1o pasado para la secuenciaci\u00f3n de evaluaci\u00f3n, donde se resaltan dos informaciones importantes.<\/p>\n<p style=\"text-align: justify;\">\u201cPor secuenciaci\u00f3n se evidencian dos linajes distintos que demuestran la primera reinfecci\u00f3n del pa\u00eds. No se ha identificado ning\u00fan otro linaje del virus de inter\u00e9s de Salud P\u00fablica, en ese periodo de tiempo\u201d, agreg\u00f3.<\/p>\n<p style=\"text-align: justify;\">No obstante manifest\u00f3 que tanto el Laboratorio Central como el Instituto de Investigaci\u00f3n de Ciencias de la Salud se est\u00e1n preparando para que a partir de la pr\u00f3xima semana hagan la propia secuenciaci\u00f3n de estos virus, sin perjuicio de muestras que puedan seguir remiti\u00e9ndose a laboratorios de referencia de la regi\u00f3n.<\/p>\n<h4 style=\"text-align: justify;\"><strong>Nuevo fallecido por dengue<\/strong><\/h4>\n<p style=\"text-align: justify;\">En cuanto al segundo fallecimiento por dengue, manifest\u00f3 que es un hombre de 81 a\u00f1os de la zona de Presidente Franco, Alto Paran\u00e1, que era portador de una enfermedad oncol\u00f3gica y que se present\u00f3 al servicio sanitario por un cuadro abdominal severo.<\/p>\n<p style=\"text-align: justify;\">Indic\u00f3 adem\u00e1s que las notificaciones por dengue aumentaron a 700 por semana, que se extienden a todo el pa\u00eds, y que en la zona norte, espec\u00edficamente en Concepci\u00f3n, hubo un incremento significativo de casos.<\/p>\n<p style=\"text-align: justify;\">Recalc\u00f3 que ante signos de alarma consultar lo antes posible al centro asistencial m\u00e1s pr\u00f3ximo debido a la circulaci\u00f3n del dengue y del Sars-Cov-2.<\/p>\n<p style=\"text-align: justify;\">Confirm\u00f3 adem\u00e1s que hubo un fallecimiento por una infecci\u00f3n simult\u00e1nea de covid-19 y dengue, en un paciente de 70 a\u00f1os, pero que el fallecimiento se dio a causa del coronavirus.<\/p>\n<h4 style=\"text-align: justify;\"><strong>Datos epidemiol\u00f3gicos confirman segunda ola en Alto Paran\u00e1<\/strong><\/h4>\n<p style=\"text-align: justify;\">En la conferencia de prensa, que realiza semanalmente, el ministro mencion\u00f3 que en la \u00faltima semana se tuvo un ascenso de contagios, mientras que las dos anteriores se tuvieron un descenso de la cifra de infecciones por el Sars-Cov-2.<\/p>\n<p style=\"text-align: justify;\">\u201cParaguay tiene una meseta extendida con oscilaciones, la \u00faltima semana muestran un aumento del 18% con respecto a la anterior pero por debajo a las 8 semanas anteriores, a expensas de Central y Capital. Sin duda siempre es preocupante\u201d, manifest\u00f3.<\/p>\n<p style=\"text-align: justify;\">Esta semana tambi\u00e9n tiene n\u00fameros altos, \u201cesperemos que vaya atenu\u00e1ndose, se puede hablar tambi\u00e9n de la zona este del pa\u00eds, se confirma la segunda ola en Alto Paran\u00e1\u201d, recalc\u00f3.<\/p>\n<p style=\"text-align: justify;\">Se\u00f1al\u00f3 que Caazap\u00e1 tambi\u00e9n un brote importante. En tanto que Itap\u00faa si bien no hubo un aumento significativo de casos hay una suerte de meseta, \u201clas \u00faltimas tres semanas representan las m\u00e1s altas de toda la epidemia. As\u00ed que seguir manteni\u00e9ndose en alerta como todo el pa\u00eds\u201d.<\/p>\n<p style=\"text-align: justify;\">Otros de los datos proporcionados por el titular del Ministerio de Salud P\u00fablica y Bienestar Social indican que Misiones tambi\u00e9n tiene un ligero aumento, mientras que los dem\u00e1s departamentos se mantienen estables a excepci\u00f3n de Concepci\u00f3n que tiene dificultades tanto \u00a0con la Covid-19 como con el Dengue.<\/p>\n<p style=\"text-align: justify;\">Inst\u00f3 a los ciudadanos a seguir colaborando con las medidas de mitigaci\u00f3n para evitar la propagaci\u00f3n del coronavirus y con la eliminaci\u00f3n de criaderos del mosquito Aedes aegyti.<\/p>\n<p style=\"text-align: justify;\">Resalt\u00f3 la labor de varias municipalidades que marcaron una diferencia importante a la hora de asumir medidas de mitigaci\u00f3n, por ello, pidi\u00f3 a la ciudadan\u00eda a las autoridades locales que sigan con esa l\u00ednea importante de acci\u00f3n.<\/p>\n","protected":false},"excerpt":{"rendered":"<p>Asunci\u00f3n, Paraguay, Agencia IP.- En conferencia de prensa, el ministro de Salud P\u00fablica, Julio Mazzoleni confirm\u00f3 el primer reinfectado por covid-19 en Paraguay, descart\u00f3 la identificaci\u00f3n de cepas nuevas, e inform\u00f3 del segundo fallecido por dengue en lo que va del a\u00f1o.<\/p>\n","protected":false},"author":29,"featured_media":354279,"comment_status":"closed","ping_status":"closed","sticky":false,"template":"","format":"standard","meta":{"_monsterinsights_skip_tracking":false,"_monsterinsights_sitenote_active":false,"_monsterinsights_sitenote_note":"","_monsterinsights_sitenote_category":0,"footnotes":""},"categories":[4,2987],"tags":[2985,585,565,184,939],"class_list":{"0":"post-354278","1":"post","2":"type-post","3":"status-publish","4":"format-standard","5":"has-post-thumbnail","7":"category-nacionales","8":"category-salud","9":"tag-covid-19","10":"tag-dengue","11":"tag-eliminacion-de-criaderos","12":"tag-mspbs","13":"tag-situacion-epidemiologica"},"yoast_head":"<!-- This site is optimized with the Yoast SEO plugin v27.5 - https:\/\/yoast.com\/product\/yoast-seo-wordpress\/ -->\n<title>Paraguay confirma primer reinfectado por covid-19 y descarta cepas nuevas - .::Agencia IP::.<\/title>\n<meta name=\"robots\" content=\"index, follow, max-snippet:-1, max-image-preview:large, max-video-preview:-1\" \/>\n<link rel=\"canonical\" href=\"https:\/\/www.ip.gov.py\/ip\/2021\/02\/18\/paraguay-confirma-primer-reinfectado-por-covid-19-y-segundo-fallecido-por-dengue\/\" \/>\n<meta property=\"og:locale\" content=\"es_ES\" \/>\n<meta property=\"og:type\" content=\"article\" \/>\n<meta property=\"og:title\" content=\"Paraguay confirma primer reinfectado por covid-19 y descarta cepas nuevas - .::Agencia IP::.\" \/>\n<meta property=\"og:description\" content=\"Asunci\u00f3n, Paraguay, Agencia IP.- En conferencia de prensa, el ministro de Salud P\u00fablica, Julio Mazzoleni confirm\u00f3 el primer reinfectado por covid-19 en Paraguay, descart\u00f3 la identificaci\u00f3n de cepas nuevas, e inform\u00f3 del segundo fallecido por dengue en lo que va del a\u00f1o.\" \/>\n<meta property=\"og:url\" content=\"https:\/\/www.ip.gov.py\/ip\/2021\/02\/18\/paraguay-confirma-primer-reinfectado-por-covid-19-y-segundo-fallecido-por-dengue\/\" \/>\n<meta property=\"og:site_name\" content=\".::Agencia IP::.\" \/>\n<meta property=\"article:publisher\" content=\"https:\/\/www.facebook.com\/IPParaguay\/\" \/>\n<meta property=\"article:published_time\" content=\"2021-02-18T15:49:08+00:00\" \/>\n<meta property=\"article:modified_time\" content=\"2021-02-18T18:28:18+00:00\" \/>\n<meta property=\"og:image\" content=\"https:\/\/www.ip.gov.py\/ip\/wp-content\/uploads\/2021\/02\/Mazzoleni-2.jpg\" \/>\n\t<meta property=\"og:image:width\" content=\"1280\" \/>\n\t<meta property=\"og:image:height\" content=\"852\" \/>\n\t<meta property=\"og:image:type\" content=\"image\/jpeg\" \/>\n<meta name=\"author\" content=\"jzelada\" \/>\n<meta name=\"twitter:card\" content=\"summary_large_image\" \/>\n<meta name=\"twitter:creator\" content=\"@IPParaguay\" \/>\n<meta name=\"twitter:site\" content=\"@IPParaguay\" \/>\n<meta name=\"twitter:label1\" content=\"Escrito por\" \/>\n\t<meta name=\"twitter:data1\" content=\"jzelada\" \/>\n\t<meta name=\"twitter:label2\" content=\"Tiempo de lectura\" \/>\n\t<meta name=\"twitter:data2\" content=\"3 minutos\" \/>\n<script type=\"application\/ld+json\" class=\"yoast-schema-graph\">{\"@context\":\"https:\\\/\\\/schema.org\",\"@graph\":[{\"@type\":\"Article\",\"@id\":\"https:\\\/\\\/www.ip.gov.py\\\/ip\\\/2021\\\/02\\\/18\\\/paraguay-confirma-primer-reinfectado-por-covid-19-y-segundo-fallecido-por-dengue\\\/#article\",\"isPartOf\":{\"@id\":\"https:\\\/\\\/www.ip.gov.py\\\/ip\\\/2021\\\/02\\\/18\\\/paraguay-confirma-primer-reinfectado-por-covid-19-y-segundo-fallecido-por-dengue\\\/\"},\"author\":{\"name\":\"jzelada\",\"@id\":\"https:\\\/\\\/www.ip.gov.py\\\/ip\\\/#\\\/schema\\\/person\\\/b0f4c235f0f0d7a0985bbb33c6a7941e\"},\"headline\":\"Paraguay confirma primer reinfectado por covid-19 y descarta cepas nuevas\",\"datePublished\":\"2021-02-18T15:49:08+00:00\",\"dateModified\":\"2021-02-18T18:28:18+00:00\",\"mainEntityOfPage\":{\"@id\":\"https:\\\/\\\/www.ip.gov.py\\\/ip\\\/2021\\\/02\\\/18\\\/paraguay-confirma-primer-reinfectado-por-covid-19-y-segundo-fallecido-por-dengue\\\/\"},\"wordCount\":672,\"publisher\":{\"@id\":\"https:\\\/\\\/www.ip.gov.py\\\/ip\\\/#organization\"},\"image\":{\"@id\":\"https:\\\/\\\/www.ip.gov.py\\\/ip\\\/2021\\\/02\\\/18\\\/paraguay-confirma-primer-reinfectado-por-covid-19-y-segundo-fallecido-por-dengue\\\/#primaryimage\"},\"thumbnailUrl\":\"https:\\\/\\\/www.ip.gov.py\\\/ip\\\/wp-content\\\/uploads\\\/2021\\\/02\\\/Mazzoleni-2.jpg\",\"keywords\":[\"covid-19\",\"dengue\",\"Eliminaci\u00f3n de criaderos\",\"MSPBS\",\"Situaci\u00f3n epidemiol\u00f3gica\"],\"articleSection\":[\"Nacionales\",\"Salud\"],\"inLanguage\":\"es\"},{\"@type\":\"WebPage\",\"@id\":\"https:\\\/\\\/www.ip.gov.py\\\/ip\\\/2021\\\/02\\\/18\\\/paraguay-confirma-primer-reinfectado-por-covid-19-y-segundo-fallecido-por-dengue\\\/\",\"url\":\"https:\\\/\\\/www.ip.gov.py\\\/ip\\\/2021\\\/02\\\/18\\\/paraguay-confirma-primer-reinfectado-por-covid-19-y-segundo-fallecido-por-dengue\\\/\",\"name\":\"Paraguay confirma primer reinfectado por covid-19 y descarta cepas nuevas - .::Agencia IP::.\",\"isPartOf\":{\"@id\":\"https:\\\/\\\/www.ip.gov.py\\\/ip\\\/#website\"},\"primaryImageOfPage\":{\"@id\":\"https:\\\/\\\/www.ip.gov.py\\\/ip\\\/2021\\\/02\\\/18\\\/paraguay-confirma-primer-reinfectado-por-covid-19-y-segundo-fallecido-por-dengue\\\/#primaryimage\"},\"image\":{\"@id\":\"https:\\\/\\\/www.ip.gov.py\\\/ip\\\/2021\\\/02\\\/18\\\/paraguay-confirma-primer-reinfectado-por-covid-19-y-segundo-fallecido-por-dengue\\\/#primaryimage\"},\"thumbnailUrl\":\"https:\\\/\\\/www.ip.gov.py\\\/ip\\\/wp-content\\\/uploads\\\/2021\\\/02\\\/Mazzoleni-2.jpg\",\"datePublished\":\"2021-02-18T15:49:08+00:00\",\"dateModified\":\"2021-02-18T18:28:18+00:00\",\"breadcrumb\":{\"@id\":\"https:\\\/\\\/www.ip.gov.py\\\/ip\\\/2021\\\/02\\\/18\\\/paraguay-confirma-primer-reinfectado-por-covid-19-y-segundo-fallecido-por-dengue\\\/#breadcrumb\"},\"inLanguage\":\"es\",\"potentialAction\":[{\"@type\":\"ReadAction\",\"target\":[\"https:\\\/\\\/www.ip.gov.py\\\/ip\\\/2021\\\/02\\\/18\\\/paraguay-confirma-primer-reinfectado-por-covid-19-y-segundo-fallecido-por-dengue\\\/\"]}]},{\"@type\":\"ImageObject\",\"inLanguage\":\"es\",\"@id\":\"https:\\\/\\\/www.ip.gov.py\\\/ip\\\/2021\\\/02\\\/18\\\/paraguay-confirma-primer-reinfectado-por-covid-19-y-segundo-fallecido-por-dengue\\\/#primaryimage\",\"url\":\"https:\\\/\\\/www.ip.gov.py\\\/ip\\\/wp-content\\\/uploads\\\/2021\\\/02\\\/Mazzoleni-2.jpg\",\"contentUrl\":\"https:\\\/\\\/www.ip.gov.py\\\/ip\\\/wp-content\\\/uploads\\\/2021\\\/02\\\/Mazzoleni-2.jpg\",\"width\":1280,\"height\":852,\"caption\":\"El ministro Julio Mazzoleni dio detalles sobre la situaci\u00f3n epidemiol\u00f3gica del pa\u00eds. Foto MSPBS\"},{\"@type\":\"BreadcrumbList\",\"@id\":\"https:\\\/\\\/www.ip.gov.py\\\/ip\\\/2021\\\/02\\\/18\\\/paraguay-confirma-primer-reinfectado-por-covid-19-y-segundo-fallecido-por-dengue\\\/#breadcrumb\",\"itemListElement\":[{\"@type\":\"ListItem\",\"position\":1,\"name\":\"Portada\",\"item\":\"https:\\\/\\\/www.ip.gov.py\\\/ip\\\/\"},{\"@type\":\"ListItem\",\"position\":2,\"name\":\"Paraguay confirma primer reinfectado por covid-19 y descarta cepas nuevas\"}]},{\"@type\":\"WebSite\",\"@id\":\"https:\\\/\\\/www.ip.gov.py\\\/ip\\\/#website\",\"url\":\"https:\\\/\\\/www.ip.gov.py\\\/ip\\\/\",\"name\":\".::Agencia IP::.\",\"description\":\"\",\"publisher\":{\"@id\":\"https:\\\/\\\/www.ip.gov.py\\\/ip\\\/#organization\"},\"potentialAction\":[{\"@type\":\"SearchAction\",\"target\":{\"@type\":\"EntryPoint\",\"urlTemplate\":\"https:\\\/\\\/www.ip.gov.py\\\/ip\\\/?s={search_term_string}\"},\"query-input\":{\"@type\":\"PropertyValueSpecification\",\"valueRequired\":true,\"valueName\":\"search_term_string\"}}],\"inLanguage\":\"es\"},{\"@type\":\"Organization\",\"@id\":\"https:\\\/\\\/www.ip.gov.py\\\/ip\\\/#organization\",\"name\":\"Agencia IP\",\"url\":\"https:\\\/\\\/www.ip.gov.py\\\/ip\\\/\",\"logo\":{\"@type\":\"ImageObject\",\"inLanguage\":\"es\",\"@id\":\"https:\\\/\\\/www.ip.gov.py\\\/ip\\\/#\\\/schema\\\/logo\\\/image\\\/\",\"url\":\"https:\\\/\\\/www.ip.gov.py\\\/ip\\\/wp-content\\\/uploads\\\/2018\\\/01\\\/Agencia-IP.jpg\",\"contentUrl\":\"https:\\\/\\\/www.ip.gov.py\\\/ip\\\/wp-content\\\/uploads\\\/2018\\\/01\\\/Agencia-IP.jpg\",\"width\":150,\"height\":150,\"caption\":\"Agencia IP\"},\"image\":{\"@id\":\"https:\\\/\\\/www.ip.gov.py\\\/ip\\\/#\\\/schema\\\/logo\\\/image\\\/\"},\"sameAs\":[\"https:\\\/\\\/www.facebook.com\\\/IPParaguay\\\/\",\"https:\\\/\\\/x.com\\\/IPParaguay\",\"https:\\\/\\\/www.instagram.com\\\/IPParaguay\"]},{\"@type\":\"Person\",\"@id\":\"https:\\\/\\\/www.ip.gov.py\\\/ip\\\/#\\\/schema\\\/person\\\/b0f4c235f0f0d7a0985bbb33c6a7941e\",\"name\":\"jzelada\",\"url\":\"https:\\\/\\\/www.ip.gov.py\\\/ip\\\/author\\\/jzelada\\\/\"}]}<\/script>\n<!-- \/ Yoast SEO plugin. -->","yoast_head_json":{"title":"Paraguay confirma primer reinfectado por covid-19 y descarta cepas nuevas - .::Agencia IP::.","robots":{"index":"index","follow":"follow","max-snippet":"max-snippet:-1","max-image-preview":"max-image-preview:large","max-video-preview":"max-video-preview:-1"},"canonical":"https:\/\/www.ip.gov.py\/ip\/2021\/02\/18\/paraguay-confirma-primer-reinfectado-por-covid-19-y-segundo-fallecido-por-dengue\/","og_locale":"es_ES","og_type":"article","og_title":"Paraguay confirma primer reinfectado por covid-19 y descarta cepas nuevas - .::Agencia IP::.","og_description":"Asunci\u00f3n, Paraguay, Agencia IP.- En conferencia de prensa, el ministro de Salud P\u00fablica, Julio Mazzoleni confirm\u00f3 el primer reinfectado por covid-19 en Paraguay, descart\u00f3 la identificaci\u00f3n de cepas nuevas, e inform\u00f3 del segundo fallecido por dengue en lo que va del a\u00f1o.","og_url":"https:\/\/www.ip.gov.py\/ip\/2021\/02\/18\/paraguay-confirma-primer-reinfectado-por-covid-19-y-segundo-fallecido-por-dengue\/","og_site_name":".::Agencia IP::.","article_publisher":"https:\/\/www.facebook.com\/IPParaguay\/","article_published_time":"2021-02-18T15:49:08+00:00","article_modified_time":"2021-02-18T18:28:18+00:00","og_image":[{"width":1280,"height":852,"url":"https:\/\/www.ip.gov.py\/ip\/wp-content\/uploads\/2021\/02\/Mazzoleni-2.jpg","type":"image\/jpeg"}],"author":"jzelada","twitter_card":"summary_large_image","twitter_creator":"@IPParaguay","twitter_site":"@IPParaguay","twitter_misc":{"Escrito por":"jzelada","Tiempo de lectura":"3 minutos"},"schema":{"@context":"https:\/\/schema.org","@graph":[{"@type":"Article","@id":"https:\/\/www.ip.gov.py\/ip\/2021\/02\/18\/paraguay-confirma-primer-reinfectado-por-covid-19-y-segundo-fallecido-por-dengue\/#article","isPartOf":{"@id":"https:\/\/www.ip.gov.py\/ip\/2021\/02\/18\/paraguay-confirma-primer-reinfectado-por-covid-19-y-segundo-fallecido-por-dengue\/"},"author":{"name":"jzelada","@id":"https:\/\/www.ip.gov.py\/ip\/#\/schema\/person\/b0f4c235f0f0d7a0985bbb33c6a7941e"},"headline":"Paraguay confirma primer reinfectado por covid-19 y descarta cepas nuevas","datePublished":"2021-02-18T15:49:08+00:00","dateModified":"2021-02-18T18:28:18+00:00","mainEntityOfPage":{"@id":"https:\/\/www.ip.gov.py\/ip\/2021\/02\/18\/paraguay-confirma-primer-reinfectado-por-covid-19-y-segundo-fallecido-por-dengue\/"},"wordCount":672,"publisher":{"@id":"https:\/\/www.ip.gov.py\/ip\/#organization"},"image":{"@id":"https:\/\/www.ip.gov.py\/ip\/2021\/02\/18\/paraguay-confirma-primer-reinfectado-por-covid-19-y-segundo-fallecido-por-dengue\/#primaryimage"},"thumbnailUrl":"https:\/\/www.ip.gov.py\/ip\/wp-content\/uploads\/2021\/02\/Mazzoleni-2.jpg","keywords":["covid-19","dengue","Eliminaci\u00f3n de criaderos","MSPBS","Situaci\u00f3n epidemiol\u00f3gica"],"articleSection":["Nacionales","Salud"],"inLanguage":"es"},{"@type":"WebPage","@id":"https:\/\/www.ip.gov.py\/ip\/2021\/02\/18\/paraguay-confirma-primer-reinfectado-por-covid-19-y-segundo-fallecido-por-dengue\/","url":"https:\/\/www.ip.gov.py\/ip\/2021\/02\/18\/paraguay-confirma-primer-reinfectado-por-covid-19-y-segundo-fallecido-por-dengue\/","name":"Paraguay confirma primer reinfectado por covid-19 y descarta cepas nuevas - .::Agencia IP::.","isPartOf":{"@id":"https:\/\/www.ip.gov.py\/ip\/#website"},"primaryImageOfPage":{"@id":"https:\/\/www.ip.gov.py\/ip\/2021\/02\/18\/paraguay-confirma-primer-reinfectado-por-covid-19-y-segundo-fallecido-por-dengue\/#primaryimage"},"image":{"@id":"https:\/\/www.ip.gov.py\/ip\/2021\/02\/18\/paraguay-confirma-primer-reinfectado-por-covid-19-y-segundo-fallecido-por-dengue\/#primaryimage"},"thumbnailUrl":"https:\/\/www.ip.gov.py\/ip\/wp-content\/uploads\/2021\/02\/Mazzoleni-2.jpg","datePublished":"2021-02-18T15:49:08+00:00","dateModified":"2021-02-18T18:28:18+00:00","breadcrumb":{"@id":"https:\/\/www.ip.gov.py\/ip\/2021\/02\/18\/paraguay-confirma-primer-reinfectado-por-covid-19-y-segundo-fallecido-por-dengue\/#breadcrumb"},"inLanguage":"es","potentialAction":[{"@type":"ReadAction","target":["https:\/\/www.ip.gov.py\/ip\/2021\/02\/18\/paraguay-confirma-primer-reinfectado-por-covid-19-y-segundo-fallecido-por-dengue\/"]}]},{"@type":"ImageObject","inLanguage":"es","@id":"https:\/\/www.ip.gov.py\/ip\/2021\/02\/18\/paraguay-confirma-primer-reinfectado-por-covid-19-y-segundo-fallecido-por-dengue\/#primaryimage","url":"https:\/\/www.ip.gov.py\/ip\/wp-content\/uploads\/2021\/02\/Mazzoleni-2.jpg","contentUrl":"https:\/\/www.ip.gov.py\/ip\/wp-content\/uploads\/2021\/02\/Mazzoleni-2.jpg","width":1280,"height":852,"caption":"El ministro Julio Mazzoleni dio detalles sobre la situaci\u00f3n epidemiol\u00f3gica del pa\u00eds. Foto MSPBS"},{"@type":"BreadcrumbList","@id":"https:\/\/www.ip.gov.py\/ip\/2021\/02\/18\/paraguay-confirma-primer-reinfectado-por-covid-19-y-segundo-fallecido-por-dengue\/#breadcrumb","itemListElement":[{"@type":"ListItem","position":1,"name":"Portada","item":"https:\/\/www.ip.gov.py\/ip\/"},{"@type":"ListItem","position":2,"name":"Paraguay confirma primer reinfectado por covid-19 y descarta cepas nuevas"}]},{"@type":"WebSite","@id":"https:\/\/www.ip.gov.py\/ip\/#website","url":"https:\/\/www.ip.gov.py\/ip\/","name":".::Agencia IP::.","description":"","publisher":{"@id":"https:\/\/www.ip.gov.py\/ip\/#organization"},"potentialAction":[{"@type":"SearchAction","target":{"@type":"EntryPoint","urlTemplate":"https:\/\/www.ip.gov.py\/ip\/?s={search_term_string}"},"query-input":{"@type":"PropertyValueSpecification","valueRequired":true,"valueName":"search_term_string"}}],"inLanguage":"es"},{"@type":"Organization","@id":"https:\/\/www.ip.gov.py\/ip\/#organization","name":"Agencia IP","url":"https:\/\/www.ip.gov.py\/ip\/","logo":{"@type":"ImageObject","inLanguage":"es","@id":"https:\/\/www.ip.gov.py\/ip\/#\/schema\/logo\/image\/","url":"https:\/\/www.ip.gov.py\/ip\/wp-content\/uploads\/2018\/01\/Agencia-IP.jpg","contentUrl":"https:\/\/www.ip.gov.py\/ip\/wp-content\/uploads\/2018\/01\/Agencia-IP.jpg","width":150,"height":150,"caption":"Agencia IP"},"image":{"@id":"https:\/\/www.ip.gov.py\/ip\/#\/schema\/logo\/image\/"},"sameAs":["https:\/\/www.facebook.com\/IPParaguay\/","https:\/\/x.com\/IPParaguay","https:\/\/www.instagram.com\/IPParaguay"]},{"@type":"Person","@id":"https:\/\/www.ip.gov.py\/ip\/#\/schema\/person\/b0f4c235f0f0d7a0985bbb33c6a7941e","name":"jzelada","url":"https:\/\/www.ip.gov.py\/ip\/author\/jzelada\/"}]}},"_links":{"self":[{"href":"https:\/\/www.ip.gov.py\/ip\/wp-json\/wp\/v2\/posts\/354278","targetHints":{"allow":["GET"]}}],"collection":[{"href":"https:\/\/www.ip.gov.py\/ip\/wp-json\/wp\/v2\/posts"}],"about":[{"href":"https:\/\/www.ip.gov.py\/ip\/wp-json\/wp\/v2\/types\/post"}],"author":[{"embeddable":true,"href":"https:\/\/www.ip.gov.py\/ip\/wp-json\/wp\/v2\/users\/29"}],"replies":[{"embeddable":true,"href":"https:\/\/www.ip.gov.py\/ip\/wp-json\/wp\/v2\/comments?post=354278"}],"version-history":[{"count":0,"href":"https:\/\/www.ip.gov.py\/ip\/wp-json\/wp\/v2\/posts\/354278\/revisions"}],"wp:featuredmedia":[{"embeddable":true,"href":"https:\/\/www.ip.gov.py\/ip\/wp-json\/wp\/v2\/media\/354279"}],"wp:attachment":[{"href":"https:\/\/www.ip.gov.py\/ip\/wp-json\/wp\/v2\/media?parent=354278"}],"wp:term":[{"taxonomy":"category","embeddable":true,"href":"https:\/\/www.ip.gov.py\/ip\/wp-json\/wp\/v2\/categories?post=354278"},{"taxonomy":"post_tag","embeddable":true,"href":"https:\/\/www.ip.gov.py\/ip\/wp-json\/wp\/v2\/tags?post=354278"}],"curies":[{"name":"wp","href":"https:\/\/api.w.org\/{rel}","templated":true}]}}