{"id":355338,"date":"2021-02-26T10:50:19","date_gmt":"2021-02-26T13:50:19","guid":{"rendered":"https:\/\/www.ip.gov.py\/ip\/?p=355338"},"modified":"2021-02-26T12:15:25","modified_gmt":"2021-02-26T15:15:25","slug":"mec-asegura-que-el-2-de-marzo-iniciaran-las-clases-presenciales-para-el-ano-lectivo-2021","status":"publish","type":"post","link":"https:\/\/www.ip.gov.py\/ip\/2021\/02\/26\/mec-asegura-que-el-2-de-marzo-iniciaran-las-clases-presenciales-para-el-ano-lectivo-2021\/","title":{"rendered":"MEC asegura que el 2 de marzo iniciar\u00e1n las clases presenciales para el a\u00f1o lectivo 2021"},"content":{"rendered":"<p style=\"text-align: justify;\"><em><strong>Asunci\u00f3n, Paraguay, Agencia IP.-<\/strong><\/em> El Ministerio de Educaci\u00f3n y Ciencias asegura que el pr\u00f3ximo martes 2 de marzo se iniciar\u00e1n las <a href=\"https:\/\/www.ip.gov.py\/ip\/comunidad-educativa-realiza-simulacro-de-retorno-seguro-a-clases-presenciales\/\" target=\"_blank\" rel=\"noopener noreferrer\">clases presenciales para el a\u00f1o lectivo 2021<\/a>, en las instituciones educativas del pa\u00eds que est\u00e9n habilitadas.<!--more--><\/p>\n<p style=\"text-align: justify;\">Ante las manifestaciones de los gremios de educadores que anunciaron movilizaciones para la pr\u00f3xima semana y que dificultar\u00eda el retorno a aulas; el ministro de Educaci\u00f3n, Eduardo Petta, sostuvo que el a\u00f1o lectivo para el desarrollo de clases presenciales \u201carrancar\u00e1\u201d el martes.<\/p>\n<p style=\"text-align: justify;\">En conversaci\u00f3n con Radio Nacional del Paraguay, el ministro Petta, indic\u00f3 que aquellos docentes que no se presenten a clases ser\u00e1n pasibles de sanci\u00f3n, como el descuento salarial.<\/p>\n<p style=\"text-align: justify;\">\u201cVeremos cu\u00e1l es la conducta de ellos (docentes), el 1 de marzo anunciaron movilizaci\u00f3n y tambi\u00e9n el 2. Ser\u00e1n dos d\u00edas, entonces es una huelga, y no se comunic\u00f3. \u00a0Se tendr\u00e1 en cuenta la ausencia, porque tienen que comunicar y hacer en forma legal\u201d, anticip\u00f3.<\/p>\n<p style=\"text-align: justify;\">Para la Unicef, Unesco, las clases presenciales se deben dar. No ven con buenos ojos, ya que nunca podes reemplazar lo virtual por presencial. Creemos que lo presencial es posible, se puede retornar a clases\u201d, enfatiz\u00f3.<\/p>\n<p style=\"text-align: justify;\">En otro momento, se\u00f1al\u00f3 que siempre ha escuchado a la comunidad educativa con la instalaci\u00f3n del Aty Guasu, con reuniones virtuales que se desarrollaron durante el a\u00f1o pasado para analizar los diferentes aspectos de la educaci\u00f3n.<\/p>\n<p style=\"text-align: justify;\">\u201cCuestionan (los gremialistas) que no nos abrimos al dialogo, en el 2020 tuvimos 23 reuniones virtuales abierta a docentes, padres, estudiantes, pero los l\u00edderes de los grupos gremiales no participan del Aty Guasu, la regla de ellos es imponer y son muy cambiantes\u201d, recalc\u00f3.<\/p>\n<p style=\"text-align: justify;\"><strong>Retorno a clases progresivo<\/strong><\/p>\n<p style=\"text-align: justify;\">Igualmente, manifest\u00f3 que el retorno a clases se har\u00e1 de manera progresiva, considerando que empezar\u00e1n el pr\u00f3ximo martes, los <a href=\"https:\/\/www.ip.gov.py\/ip\/equipos-de-riesgo-en-cada-departamento-evaluaran-condiciones-en-escuelas-para-clases-presenciales\/\">locales escolares que est\u00e9n habilitados<\/a> y cuenten con la insfraestructura adecuada y el protocolo de bioseguridad.<\/p>\n<figure id=\"attachment_346755\" aria-describedby=\"caption-attachment-346755\" style=\"width: 600px\" class=\"wp-caption alignright\"><img loading=\"lazy\" decoding=\"async\" class=\"size-medium wp-image-346755\" src=\"https:\/\/www.ip.gov.py\/ip\/wp-content\/uploads\/2020\/12\/protocolo-de-higiene-y-seguridad-en-escuelas-y-colegios-600x400.jpg\" alt=\"\" width=\"600\" height=\"400\" srcset=\"https:\/\/www.ip.gov.py\/ip\/wp-content\/uploads\/2020\/12\/protocolo-de-higiene-y-seguridad-en-escuelas-y-colegios-600x400.jpg 600w, https:\/\/www.ip.gov.py\/ip\/wp-content\/uploads\/2020\/12\/protocolo-de-higiene-y-seguridad-en-escuelas-y-colegios-768x512.jpg 768w, https:\/\/www.ip.gov.py\/ip\/wp-content\/uploads\/2020\/12\/protocolo-de-higiene-y-seguridad-en-escuelas-y-colegios-696x464.jpg 696w, https:\/\/www.ip.gov.py\/ip\/wp-content\/uploads\/2020\/12\/protocolo-de-higiene-y-seguridad-en-escuelas-y-colegios-631x420.jpg 631w, https:\/\/www.ip.gov.py\/ip\/wp-content\/uploads\/2020\/12\/protocolo-de-higiene-y-seguridad-en-escuelas-y-colegios.jpg 1024w\" sizes=\"auto, (max-width: 600px) 100vw, 600px\" \/><figcaption id=\"caption-attachment-346755\" class=\"wp-caption-text\">Para las clases presenciales se prev\u00e9 un protocolo de higiene y seguridad en establecimientos escolares. Foto MEC<\/figcaption><\/figure>\n<p style=\"text-align: justify;\">\u201cNo solo pasa por la infraestructura para habilitar las escuelas sino tambi\u00e9n por la bioseguridad. El retorno seguir\u00e1 siendo progresivo a partir del 2 de marzo que se abrir\u00e1n las escuelas, otras abrir\u00e1n 3, o el 4\u201d, explic\u00f3.<\/p>\n<p style=\"text-align: justify;\">Afirm\u00f3 que aquellas instituciones que re\u00fanan los requisitos de bioseguridad, como la correcta se\u00f1alizaci\u00f3n, la <a href=\"https:\/\/www.ip.gov.py\/ip\/entregan-350-lavamanos-y-20-mil-mascarillas-para-instituciones-educativas-de-neembucu\/\" target=\"_blank\" rel=\"noopener noreferrer\">instalaci\u00f3n de lavatorios<\/a> o con canillas suficientes, y con agua, ser\u00e1n habilitadas.<\/p>\n<p style=\"text-align: justify;\">Reconoci\u00f3 que a\u00fan hay instituciones en el pa\u00eds que no tienen agua, que \u201cno tuvieron nunca\u00bb. \u00abSon peque\u00f1as escuelitas\u201d, y\u00a0 que en total llegar\u00edan a 25, que no cuentan ni con tajamar ni pozo.<\/p>\n<p style=\"text-align: justify;\">Confirm\u00f3 que el MEC est\u00e1 previendo trasladar hasta esas escuelas, de equipos de tanque de agua, y gestionar la recarga del vital l\u00edquido, considerando que hay zona del pa\u00eds que la comunidad no cuenta con agua.<\/p>\n<p style=\"text-align: justify;\">\u201cEst\u00e1 muy complicado para nosotros porque hay en zonas que tienen agua salada, y se debe tener un reservorio de agua y de eso se trata. Una vez que tengan el reservorio de agua, una estructura para la presi\u00f3n del tanque de 5.000 litros, se podr\u00e1n habilitar, mientras tanto no, por eso ser\u00e1 una habilitaci\u00f3n progresiva\u201d, ratific\u00f3.<\/p>\n<p style=\"text-align: justify;\">\u201cSer\u00e1 un retorno distinto. Hoy tiene todo un proceso y protocolo es un cambio muy importante en cuanto a la conducta y la disciplina. Lo importante del interior es que hay baja circulaci\u00f3n del virus\u201d, a\u00f1adi\u00f3.<\/p>\n<p style=\"text-align: justify;\"><strong>Distribuci\u00f3n de term\u00f3metros digitales donados por EEUU <\/strong><\/p>\n<p style=\"text-align: justify;\">En cuanto a los <a href=\"https:\/\/www.ip.gov.py\/ip\/mec-recibe-primer-lote-de-10-000-termometros-para-retorno-a-clases-presenciales\/\" target=\"_blank\" rel=\"noopener noreferrer\">10.000 term\u00f3metros digitales donados por los Estados Unidos<\/a> para las instituciones educativas, valor\u00f3 el estrecho relacionamiento con el pa\u00eds del norte, y mencion\u00f3 que en la v\u00edspera se entregaron 800 que empezaron a ser distribuidas en escuelas vulnerables.<\/p>\n<p style=\"text-align: justify;\">\u201cSe entreg\u00f3 ayer 800, y progresivamente se entregar\u00e1n hasta llegar a 10.000, pero son muy buenos equipos que tras el covid-19 se utilizar\u00e1 para cuando los ni\u00f1os sufren dolores de cabeza, temperatura, influenza; y los medidores siempre son una herramienta importante, pero que no hay en las escuelas\u201d, agreg\u00f3.<\/p>\n<p style=\"text-align: justify;\">Subray\u00f3 que la distribuci\u00f3n se har\u00e1 \u201cde abajo para arriba\u201d, primero a zonas vulnerables, como Alto Paraguay, Boquer\u00f3n, principalmente a las comunidad ind\u00edgenas, ya que con estos equipos se podr\u00e1n habilitar a muchas escuelas que requieren de ese requisito fundamental.<\/p>\n<p style=\"text-align: justify;\"><strong>Colaboraci\u00f3n de padres de familia<\/strong><\/p>\n<p style=\"text-align: justify;\">Para las clases presenciales, pidi\u00f3 la colaboraci\u00f3n de los padres de familia para que sus hijos puedan cumplir con las indicaciones de bioseguridad establecidas en los locales escolares.<\/p>\n<p style=\"text-align: justify;\">\u201cNecesitamos la cooperaci\u00f3n de los padres. Digan a sus hijos que vayan a la escuela y se ajustan a las reglas porque es un a\u00f1o distinto\u201d, acot\u00f3.<\/p>\n<p style=\"text-align: justify;\">\u201cSi por ah\u00ed la familia tiene s\u00edntomas, con covid-19 no env\u00eden a los ni\u00f1os a la escuela hasta que pase toda la cuarentena en la casa, porque los ni\u00f1os son asintom\u00e1ticos, y puede llegar a ser un elemento de transmisi\u00f3n. Pido que nos ayudemos y que salga todo bien\u201d, recomend\u00f3.<\/p>\n<p>Finalmente, el ministro Eduardo Petta, anunci\u00f3 que el pr\u00f3ximo martes recorrer\u00e1 varias escuelas y colegios oficiales.<\/p>\n","protected":false},"excerpt":{"rendered":"<p>Asunci\u00f3n, Paraguay, Agencia IP.- El Ministerio de Educaci\u00f3n y Ciencias asegura que el pr\u00f3ximo martes 2 de marzo se iniciar\u00e1n las clases presenciales para el a\u00f1o lectivo 2021, en las instituciones educativas del pa\u00eds que est\u00e9n habilitadas.<\/p>\n","protected":false},"author":29,"featured_media":340710,"comment_status":"closed","ping_status":"closed","sticky":false,"template":"","format":"standard","meta":{"_monsterinsights_skip_tracking":false,"_monsterinsights_sitenote_active":false,"_monsterinsights_sitenote_note":"","_monsterinsights_sitenote_category":0,"footnotes":""},"categories":[2,2988,6],"tags":[3363,3468,5647,40,5648],"class_list":{"0":"post-355338","1":"post","2":"type-post","3":"status-publish","4":"format-standard","5":"has-post-thumbnail","7":"category-destacado","8":"category-educacion","9":"category-politica","10":"tag-clases-presenciales","11":"tag-eduardo-petta","12":"tag-inicio-de-clases","13":"tag-mec","14":"tag-protocolo-de-bioseguridad"},"yoast_head":"<!-- This site is optimized with the Yoast SEO plugin v27.5 - https:\/\/yoast.com\/product\/yoast-seo-wordpress\/ -->\n<title>MEC asegura que el 2 de marzo iniciar\u00e1n las clases presenciales para el a\u00f1o lectivo 2021 - .::Agencia IP::.<\/title>\n<meta name=\"robots\" content=\"index, follow, max-snippet:-1, max-image-preview:large, max-video-preview:-1\" \/>\n<link rel=\"canonical\" href=\"https:\/\/www.ip.gov.py\/ip\/2021\/02\/26\/mec-asegura-que-el-2-de-marzo-iniciaran-las-clases-presenciales-para-el-ano-lectivo-2021\/\" \/>\n<meta property=\"og:locale\" content=\"es_ES\" \/>\n<meta property=\"og:type\" content=\"article\" \/>\n<meta property=\"og:title\" content=\"MEC asegura que el 2 de marzo iniciar\u00e1n las clases presenciales para el a\u00f1o lectivo 2021 - .::Agencia IP::.\" \/>\n<meta property=\"og:description\" content=\"Asunci\u00f3n, Paraguay, Agencia IP.- El Ministerio de Educaci\u00f3n y Ciencias asegura que el pr\u00f3ximo martes 2 de marzo se iniciar\u00e1n las clases presenciales para el a\u00f1o lectivo 2021, en las instituciones educativas del pa\u00eds que est\u00e9n habilitadas.\" \/>\n<meta property=\"og:url\" content=\"https:\/\/www.ip.gov.py\/ip\/2021\/02\/26\/mec-asegura-que-el-2-de-marzo-iniciaran-las-clases-presenciales-para-el-ano-lectivo-2021\/\" \/>\n<meta property=\"og:site_name\" content=\".::Agencia IP::.\" \/>\n<meta property=\"article:publisher\" content=\"https:\/\/www.facebook.com\/IPParaguay\/\" \/>\n<meta property=\"article:published_time\" content=\"2021-02-26T13:50:19+00:00\" \/>\n<meta property=\"article:modified_time\" content=\"2021-02-26T15:15:25+00:00\" \/>\n<meta property=\"og:image\" content=\"https:\/\/www.ip.gov.py\/ip\/wp-content\/uploads\/2020\/11\/retorno-a-clases-1.jpg\" \/>\n\t<meta property=\"og:image:width\" content=\"1280\" \/>\n\t<meta property=\"og:image:height\" content=\"853\" \/>\n\t<meta property=\"og:image:type\" content=\"image\/jpeg\" \/>\n<meta name=\"author\" content=\"jzelada\" \/>\n<meta name=\"twitter:card\" content=\"summary_large_image\" \/>\n<meta name=\"twitter:creator\" content=\"@IPParaguay\" \/>\n<meta name=\"twitter:site\" content=\"@IPParaguay\" \/>\n<meta name=\"twitter:label1\" content=\"Escrito por\" \/>\n\t<meta name=\"twitter:data1\" content=\"jzelada\" \/>\n\t<meta name=\"twitter:label2\" content=\"Tiempo de lectura\" \/>\n\t<meta name=\"twitter:data2\" content=\"4 minutos\" \/>\n<script type=\"application\/ld+json\" class=\"yoast-schema-graph\">{\"@context\":\"https:\\\/\\\/schema.org\",\"@graph\":[{\"@type\":\"Article\",\"@id\":\"https:\\\/\\\/www.ip.gov.py\\\/ip\\\/2021\\\/02\\\/26\\\/mec-asegura-que-el-2-de-marzo-iniciaran-las-clases-presenciales-para-el-ano-lectivo-2021\\\/#article\",\"isPartOf\":{\"@id\":\"https:\\\/\\\/www.ip.gov.py\\\/ip\\\/2021\\\/02\\\/26\\\/mec-asegura-que-el-2-de-marzo-iniciaran-las-clases-presenciales-para-el-ano-lectivo-2021\\\/\"},\"author\":{\"name\":\"jzelada\",\"@id\":\"https:\\\/\\\/www.ip.gov.py\\\/ip\\\/#\\\/schema\\\/person\\\/b0f4c235f0f0d7a0985bbb33c6a7941e\"},\"headline\":\"MEC asegura que el 2 de marzo iniciar\u00e1n las clases presenciales para el a\u00f1o lectivo 2021\",\"datePublished\":\"2021-02-26T13:50:19+00:00\",\"dateModified\":\"2021-02-26T15:15:25+00:00\",\"mainEntityOfPage\":{\"@id\":\"https:\\\/\\\/www.ip.gov.py\\\/ip\\\/2021\\\/02\\\/26\\\/mec-asegura-que-el-2-de-marzo-iniciaran-las-clases-presenciales-para-el-ano-lectivo-2021\\\/\"},\"wordCount\":893,\"publisher\":{\"@id\":\"https:\\\/\\\/www.ip.gov.py\\\/ip\\\/#organization\"},\"image\":{\"@id\":\"https:\\\/\\\/www.ip.gov.py\\\/ip\\\/2021\\\/02\\\/26\\\/mec-asegura-que-el-2-de-marzo-iniciaran-las-clases-presenciales-para-el-ano-lectivo-2021\\\/#primaryimage\"},\"thumbnailUrl\":\"https:\\\/\\\/www.ip.gov.py\\\/ip\\\/wp-content\\\/uploads\\\/2020\\\/11\\\/retorno-a-clases-1.jpg\",\"keywords\":[\"clases presenciales\",\"Eduardo Petta\",\"inicio de clases\",\"MEC\",\"protocolo de bioseguridad\"],\"articleSection\":[\"Destacado\",\"Educaci\u00f3n\",\"Pol\u00edtica\"],\"inLanguage\":\"es\"},{\"@type\":\"WebPage\",\"@id\":\"https:\\\/\\\/www.ip.gov.py\\\/ip\\\/2021\\\/02\\\/26\\\/mec-asegura-que-el-2-de-marzo-iniciaran-las-clases-presenciales-para-el-ano-lectivo-2021\\\/\",\"url\":\"https:\\\/\\\/www.ip.gov.py\\\/ip\\\/2021\\\/02\\\/26\\\/mec-asegura-que-el-2-de-marzo-iniciaran-las-clases-presenciales-para-el-ano-lectivo-2021\\\/\",\"name\":\"MEC asegura que el 2 de marzo iniciar\u00e1n las clases presenciales para el a\u00f1o lectivo 2021 - .::Agencia IP::.\",\"isPartOf\":{\"@id\":\"https:\\\/\\\/www.ip.gov.py\\\/ip\\\/#website\"},\"primaryImageOfPage\":{\"@id\":\"https:\\\/\\\/www.ip.gov.py\\\/ip\\\/2021\\\/02\\\/26\\\/mec-asegura-que-el-2-de-marzo-iniciaran-las-clases-presenciales-para-el-ano-lectivo-2021\\\/#primaryimage\"},\"image\":{\"@id\":\"https:\\\/\\\/www.ip.gov.py\\\/ip\\\/2021\\\/02\\\/26\\\/mec-asegura-que-el-2-de-marzo-iniciaran-las-clases-presenciales-para-el-ano-lectivo-2021\\\/#primaryimage\"},\"thumbnailUrl\":\"https:\\\/\\\/www.ip.gov.py\\\/ip\\\/wp-content\\\/uploads\\\/2020\\\/11\\\/retorno-a-clases-1.jpg\",\"datePublished\":\"2021-02-26T13:50:19+00:00\",\"dateModified\":\"2021-02-26T15:15:25+00:00\",\"breadcrumb\":{\"@id\":\"https:\\\/\\\/www.ip.gov.py\\\/ip\\\/2021\\\/02\\\/26\\\/mec-asegura-que-el-2-de-marzo-iniciaran-las-clases-presenciales-para-el-ano-lectivo-2021\\\/#breadcrumb\"},\"inLanguage\":\"es\",\"potentialAction\":[{\"@type\":\"ReadAction\",\"target\":[\"https:\\\/\\\/www.ip.gov.py\\\/ip\\\/2021\\\/02\\\/26\\\/mec-asegura-que-el-2-de-marzo-iniciaran-las-clases-presenciales-para-el-ano-lectivo-2021\\\/\"]}]},{\"@type\":\"ImageObject\",\"inLanguage\":\"es\",\"@id\":\"https:\\\/\\\/www.ip.gov.py\\\/ip\\\/2021\\\/02\\\/26\\\/mec-asegura-que-el-2-de-marzo-iniciaran-las-clases-presenciales-para-el-ano-lectivo-2021\\\/#primaryimage\",\"url\":\"https:\\\/\\\/www.ip.gov.py\\\/ip\\\/wp-content\\\/uploads\\\/2020\\\/11\\\/retorno-a-clases-1.jpg\",\"contentUrl\":\"https:\\\/\\\/www.ip.gov.py\\\/ip\\\/wp-content\\\/uploads\\\/2020\\\/11\\\/retorno-a-clases-1.jpg\",\"width\":1280,\"height\":853,\"caption\":\"Inicio de clases de alumnos del \u00faltimo a\u00f1o en el Colegio Nacional de la Capital. Foto MEC\"},{\"@type\":\"BreadcrumbList\",\"@id\":\"https:\\\/\\\/www.ip.gov.py\\\/ip\\\/2021\\\/02\\\/26\\\/mec-asegura-que-el-2-de-marzo-iniciaran-las-clases-presenciales-para-el-ano-lectivo-2021\\\/#breadcrumb\",\"itemListElement\":[{\"@type\":\"ListItem\",\"position\":1,\"name\":\"Portada\",\"item\":\"https:\\\/\\\/www.ip.gov.py\\\/ip\\\/\"},{\"@type\":\"ListItem\",\"position\":2,\"name\":\"MEC asegura que el 2 de marzo iniciar\u00e1n las clases presenciales para el a\u00f1o lectivo 2021\"}]},{\"@type\":\"WebSite\",\"@id\":\"https:\\\/\\\/www.ip.gov.py\\\/ip\\\/#website\",\"url\":\"https:\\\/\\\/www.ip.gov.py\\\/ip\\\/\",\"name\":\".::Agencia IP::.\",\"description\":\"\",\"publisher\":{\"@id\":\"https:\\\/\\\/www.ip.gov.py\\\/ip\\\/#organization\"},\"potentialAction\":[{\"@type\":\"SearchAction\",\"target\":{\"@type\":\"EntryPoint\",\"urlTemplate\":\"https:\\\/\\\/www.ip.gov.py\\\/ip\\\/?s={search_term_string}\"},\"query-input\":{\"@type\":\"PropertyValueSpecification\",\"valueRequired\":true,\"valueName\":\"search_term_string\"}}],\"inLanguage\":\"es\"},{\"@type\":\"Organization\",\"@id\":\"https:\\\/\\\/www.ip.gov.py\\\/ip\\\/#organization\",\"name\":\"Agencia IP\",\"url\":\"https:\\\/\\\/www.ip.gov.py\\\/ip\\\/\",\"logo\":{\"@type\":\"ImageObject\",\"inLanguage\":\"es\",\"@id\":\"https:\\\/\\\/www.ip.gov.py\\\/ip\\\/#\\\/schema\\\/logo\\\/image\\\/\",\"url\":\"https:\\\/\\\/www.ip.gov.py\\\/ip\\\/wp-content\\\/uploads\\\/2018\\\/01\\\/Agencia-IP.jpg\",\"contentUrl\":\"https:\\\/\\\/www.ip.gov.py\\\/ip\\\/wp-content\\\/uploads\\\/2018\\\/01\\\/Agencia-IP.jpg\",\"width\":150,\"height\":150,\"caption\":\"Agencia IP\"},\"image\":{\"@id\":\"https:\\\/\\\/www.ip.gov.py\\\/ip\\\/#\\\/schema\\\/logo\\\/image\\\/\"},\"sameAs\":[\"https:\\\/\\\/www.facebook.com\\\/IPParaguay\\\/\",\"https:\\\/\\\/x.com\\\/IPParaguay\",\"https:\\\/\\\/www.instagram.com\\\/IPParaguay\"]},{\"@type\":\"Person\",\"@id\":\"https:\\\/\\\/www.ip.gov.py\\\/ip\\\/#\\\/schema\\\/person\\\/b0f4c235f0f0d7a0985bbb33c6a7941e\",\"name\":\"jzelada\",\"url\":\"https:\\\/\\\/www.ip.gov.py\\\/ip\\\/author\\\/jzelada\\\/\"}]}<\/script>\n<!-- \/ Yoast SEO plugin. -->","yoast_head_json":{"title":"MEC asegura que el 2 de marzo iniciar\u00e1n las clases presenciales para el a\u00f1o lectivo 2021 - .::Agencia IP::.","robots":{"index":"index","follow":"follow","max-snippet":"max-snippet:-1","max-image-preview":"max-image-preview:large","max-video-preview":"max-video-preview:-1"},"canonical":"https:\/\/www.ip.gov.py\/ip\/2021\/02\/26\/mec-asegura-que-el-2-de-marzo-iniciaran-las-clases-presenciales-para-el-ano-lectivo-2021\/","og_locale":"es_ES","og_type":"article","og_title":"MEC asegura que el 2 de marzo iniciar\u00e1n las clases presenciales para el a\u00f1o lectivo 2021 - .::Agencia IP::.","og_description":"Asunci\u00f3n, Paraguay, Agencia IP.- El Ministerio de Educaci\u00f3n y Ciencias asegura que el pr\u00f3ximo martes 2 de marzo se iniciar\u00e1n las clases presenciales para el a\u00f1o lectivo 2021, en las instituciones educativas del pa\u00eds que est\u00e9n habilitadas.","og_url":"https:\/\/www.ip.gov.py\/ip\/2021\/02\/26\/mec-asegura-que-el-2-de-marzo-iniciaran-las-clases-presenciales-para-el-ano-lectivo-2021\/","og_site_name":".::Agencia IP::.","article_publisher":"https:\/\/www.facebook.com\/IPParaguay\/","article_published_time":"2021-02-26T13:50:19+00:00","article_modified_time":"2021-02-26T15:15:25+00:00","og_image":[{"width":1280,"height":853,"url":"https:\/\/www.ip.gov.py\/ip\/wp-content\/uploads\/2020\/11\/retorno-a-clases-1.jpg","type":"image\/jpeg"}],"author":"jzelada","twitter_card":"summary_large_image","twitter_creator":"@IPParaguay","twitter_site":"@IPParaguay","twitter_misc":{"Escrito por":"jzelada","Tiempo de lectura":"4 minutos"},"schema":{"@context":"https:\/\/schema.org","@graph":[{"@type":"Article","@id":"https:\/\/www.ip.gov.py\/ip\/2021\/02\/26\/mec-asegura-que-el-2-de-marzo-iniciaran-las-clases-presenciales-para-el-ano-lectivo-2021\/#article","isPartOf":{"@id":"https:\/\/www.ip.gov.py\/ip\/2021\/02\/26\/mec-asegura-que-el-2-de-marzo-iniciaran-las-clases-presenciales-para-el-ano-lectivo-2021\/"},"author":{"name":"jzelada","@id":"https:\/\/www.ip.gov.py\/ip\/#\/schema\/person\/b0f4c235f0f0d7a0985bbb33c6a7941e"},"headline":"MEC asegura que el 2 de marzo iniciar\u00e1n las clases presenciales para el a\u00f1o lectivo 2021","datePublished":"2021-02-26T13:50:19+00:00","dateModified":"2021-02-26T15:15:25+00:00","mainEntityOfPage":{"@id":"https:\/\/www.ip.gov.py\/ip\/2021\/02\/26\/mec-asegura-que-el-2-de-marzo-iniciaran-las-clases-presenciales-para-el-ano-lectivo-2021\/"},"wordCount":893,"publisher":{"@id":"https:\/\/www.ip.gov.py\/ip\/#organization"},"image":{"@id":"https:\/\/www.ip.gov.py\/ip\/2021\/02\/26\/mec-asegura-que-el-2-de-marzo-iniciaran-las-clases-presenciales-para-el-ano-lectivo-2021\/#primaryimage"},"thumbnailUrl":"https:\/\/www.ip.gov.py\/ip\/wp-content\/uploads\/2020\/11\/retorno-a-clases-1.jpg","keywords":["clases presenciales","Eduardo Petta","inicio de clases","MEC","protocolo de bioseguridad"],"articleSection":["Destacado","Educaci\u00f3n","Pol\u00edtica"],"inLanguage":"es"},{"@type":"WebPage","@id":"https:\/\/www.ip.gov.py\/ip\/2021\/02\/26\/mec-asegura-que-el-2-de-marzo-iniciaran-las-clases-presenciales-para-el-ano-lectivo-2021\/","url":"https:\/\/www.ip.gov.py\/ip\/2021\/02\/26\/mec-asegura-que-el-2-de-marzo-iniciaran-las-clases-presenciales-para-el-ano-lectivo-2021\/","name":"MEC asegura que el 2 de marzo iniciar\u00e1n las clases presenciales para el a\u00f1o lectivo 2021 - .::Agencia IP::.","isPartOf":{"@id":"https:\/\/www.ip.gov.py\/ip\/#website"},"primaryImageOfPage":{"@id":"https:\/\/www.ip.gov.py\/ip\/2021\/02\/26\/mec-asegura-que-el-2-de-marzo-iniciaran-las-clases-presenciales-para-el-ano-lectivo-2021\/#primaryimage"},"image":{"@id":"https:\/\/www.ip.gov.py\/ip\/2021\/02\/26\/mec-asegura-que-el-2-de-marzo-iniciaran-las-clases-presenciales-para-el-ano-lectivo-2021\/#primaryimage"},"thumbnailUrl":"https:\/\/www.ip.gov.py\/ip\/wp-content\/uploads\/2020\/11\/retorno-a-clases-1.jpg","datePublished":"2021-02-26T13:50:19+00:00","dateModified":"2021-02-26T15:15:25+00:00","breadcrumb":{"@id":"https:\/\/www.ip.gov.py\/ip\/2021\/02\/26\/mec-asegura-que-el-2-de-marzo-iniciaran-las-clases-presenciales-para-el-ano-lectivo-2021\/#breadcrumb"},"inLanguage":"es","potentialAction":[{"@type":"ReadAction","target":["https:\/\/www.ip.gov.py\/ip\/2021\/02\/26\/mec-asegura-que-el-2-de-marzo-iniciaran-las-clases-presenciales-para-el-ano-lectivo-2021\/"]}]},{"@type":"ImageObject","inLanguage":"es","@id":"https:\/\/www.ip.gov.py\/ip\/2021\/02\/26\/mec-asegura-que-el-2-de-marzo-iniciaran-las-clases-presenciales-para-el-ano-lectivo-2021\/#primaryimage","url":"https:\/\/www.ip.gov.py\/ip\/wp-content\/uploads\/2020\/11\/retorno-a-clases-1.jpg","contentUrl":"https:\/\/www.ip.gov.py\/ip\/wp-content\/uploads\/2020\/11\/retorno-a-clases-1.jpg","width":1280,"height":853,"caption":"Inicio de clases de alumnos del \u00faltimo a\u00f1o en el Colegio Nacional de la Capital. Foto MEC"},{"@type":"BreadcrumbList","@id":"https:\/\/www.ip.gov.py\/ip\/2021\/02\/26\/mec-asegura-que-el-2-de-marzo-iniciaran-las-clases-presenciales-para-el-ano-lectivo-2021\/#breadcrumb","itemListElement":[{"@type":"ListItem","position":1,"name":"Portada","item":"https:\/\/www.ip.gov.py\/ip\/"},{"@type":"ListItem","position":2,"name":"MEC asegura que el 2 de marzo iniciar\u00e1n las clases presenciales para el a\u00f1o lectivo 2021"}]},{"@type":"WebSite","@id":"https:\/\/www.ip.gov.py\/ip\/#website","url":"https:\/\/www.ip.gov.py\/ip\/","name":".::Agencia IP::.","description":"","publisher":{"@id":"https:\/\/www.ip.gov.py\/ip\/#organization"},"potentialAction":[{"@type":"SearchAction","target":{"@type":"EntryPoint","urlTemplate":"https:\/\/www.ip.gov.py\/ip\/?s={search_term_string}"},"query-input":{"@type":"PropertyValueSpecification","valueRequired":true,"valueName":"search_term_string"}}],"inLanguage":"es"},{"@type":"Organization","@id":"https:\/\/www.ip.gov.py\/ip\/#organization","name":"Agencia IP","url":"https:\/\/www.ip.gov.py\/ip\/","logo":{"@type":"ImageObject","inLanguage":"es","@id":"https:\/\/www.ip.gov.py\/ip\/#\/schema\/logo\/image\/","url":"https:\/\/www.ip.gov.py\/ip\/wp-content\/uploads\/2018\/01\/Agencia-IP.jpg","contentUrl":"https:\/\/www.ip.gov.py\/ip\/wp-content\/uploads\/2018\/01\/Agencia-IP.jpg","width":150,"height":150,"caption":"Agencia IP"},"image":{"@id":"https:\/\/www.ip.gov.py\/ip\/#\/schema\/logo\/image\/"},"sameAs":["https:\/\/www.facebook.com\/IPParaguay\/","https:\/\/x.com\/IPParaguay","https:\/\/www.instagram.com\/IPParaguay"]},{"@type":"Person","@id":"https:\/\/www.ip.gov.py\/ip\/#\/schema\/person\/b0f4c235f0f0d7a0985bbb33c6a7941e","name":"jzelada","url":"https:\/\/www.ip.gov.py\/ip\/author\/jzelada\/"}]}},"_links":{"self":[{"href":"https:\/\/www.ip.gov.py\/ip\/wp-json\/wp\/v2\/posts\/355338","targetHints":{"allow":["GET"]}}],"collection":[{"href":"https:\/\/www.ip.gov.py\/ip\/wp-json\/wp\/v2\/posts"}],"about":[{"href":"https:\/\/www.ip.gov.py\/ip\/wp-json\/wp\/v2\/types\/post"}],"author":[{"embeddable":true,"href":"https:\/\/www.ip.gov.py\/ip\/wp-json\/wp\/v2\/users\/29"}],"replies":[{"embeddable":true,"href":"https:\/\/www.ip.gov.py\/ip\/wp-json\/wp\/v2\/comments?post=355338"}],"version-history":[{"count":0,"href":"https:\/\/www.ip.gov.py\/ip\/wp-json\/wp\/v2\/posts\/355338\/revisions"}],"wp:featuredmedia":[{"embeddable":true,"href":"https:\/\/www.ip.gov.py\/ip\/wp-json\/wp\/v2\/media\/340710"}],"wp:attachment":[{"href":"https:\/\/www.ip.gov.py\/ip\/wp-json\/wp\/v2\/media?parent=355338"}],"wp:term":[{"taxonomy":"category","embeddable":true,"href":"https:\/\/www.ip.gov.py\/ip\/wp-json\/wp\/v2\/categories?post=355338"},{"taxonomy":"post_tag","embeddable":true,"href":"https:\/\/www.ip.gov.py\/ip\/wp-json\/wp\/v2\/tags?post=355338"}],"curies":[{"name":"wp","href":"https:\/\/api.w.org\/{rel}","templated":true}]}}