{"id":355374,"date":"2021-02-26T12:19:32","date_gmt":"2021-02-26T15:19:32","guid":{"rendered":"https:\/\/www.ip.gov.py\/ip\/?p=355374"},"modified":"2021-02-26T12:21:45","modified_gmt":"2021-02-26T15:21:45","slug":"pedro-sanchez-critico-las-conductas-incivicas-del-rey-emerito-juan-carlos-i-que-se-puso-al-dia-con-los-impuestos-pago-casi-usd-5-millones","status":"publish","type":"post","link":"https:\/\/www.ip.gov.py\/ip\/2021\/02\/26\/pedro-sanchez-critico-las-conductas-incivicas-del-rey-emerito-juan-carlos-i-que-se-puso-al-dia-con-los-impuestos-pago-casi-usd-5-millones\/","title":{"rendered":"Pedro S\u00e1nchez critic\u00f3 las \u201cconductas inc\u00edvicas\u201d del rey em\u00e9rito Juan Carlos I"},"content":{"rendered":"<p style=\"text-align: justify;\"><em><strong>Madrid.-<\/strong><\/em>El presidente del gobierno espa\u00f1ol se refiri\u00f3 tambi\u00e9n a la Casa Real y al rey Felipe VI, a quien defini\u00f3 como \u201cejemplar\u201d.<!--more--><\/p>\n<p style=\"text-align: justify;\">El presidente del gobierno espa\u00f1ol, Pedro S\u00e1nchez, afirm\u00f3 este viernes que al igual que sus compatriotas siente \u201crechazo\u201d ante las \u201cconductas inc\u00edvicas\u201d del rey em\u00e9rito Juan Carlos I, luego de que se conociera que este pag\u00f3 m\u00e1s de 5 millones de d\u00f3lares en impuestos atrasados.<\/p>\n<p style=\"text-align: justify;\">\u201cVoy a manifestar de manera rotunda el mismo sentir que tiene la mayor\u00eda de la ciudadan\u00eda espa\u00f1ola, que es de rechazo, siento el mismo rechazo (&#8230;) frente a estas conductas inc\u00edvicas que estamos conociendo en los medios\u201d, dijo S\u00e1nchez en rueda de prensa.<\/p>\n<p style=\"text-align: justify;\">De todas maneras, el l\u00edder socialista dej\u00f3 claro que lo que \u201cse cuestiona y se pone en duda\u201d es \u201cel comportamiento de una persona\u201d y \u201cno se est\u00e1 cuestionando a una instituci\u00f3n, la Casa real o la Corona\u201d.<\/p>\n<p style=\"text-align: justify;\">En ese sentido, se\u00f1al\u00f3 que el actual rey, Felipe VI, quien se ha distanciado de su padre Juan Carlos, \u201cha marcado un antes y un despu\u00e9s a favor de la ejemplaridad, de la transparencia y el buen uso de los recursos p\u00fablicos y tiene en consecuencia todo mi apoyo\u201d.<\/p>\n<p style=\"text-align: justify;\">Exiliado en Abu Dabi y cercado por las investigaciones judiciales, Juan Carlos de Borb\u00f3n abon\u00f3 de forma voluntaria al fisco espa\u00f1ol casi 4,4 millones de euros (5,3 millones de d\u00f3lares) para regularizar su situaci\u00f3n, seg\u00fan inform\u00f3 este viernes su abogado.<\/p>\n<p style=\"text-align: justify;\">Este pago busca liquidar impuestos que debi\u00f3 haber pagado el ex jefe de Estado (1975-2014) por vuelos en jets privados que le fueron costeados por una fundaci\u00f3n con sede en Liechtenstein perteneciente a uno de sus primos.<\/p>\n<p style=\"text-align: justify;\">Es la segunda vez que el rey em\u00e9rito, de 83 a\u00f1os, abona dinero para saldar sus deudas fiscales.<\/p>\n<p style=\"text-align: justify;\">En diciembre, pag\u00f3 680.000 euros (unos 820.000 d\u00f3lares) al fisco, una regularizaci\u00f3n ligada a una investigaci\u00f3n anticorrupci\u00f3n vinculada al uso del rey em\u00e9rito de tarjetas de cr\u00e9dito pagadas por cuentas de terceros: un empresario mexicano y un coronel del ej\u00e9rcito del aire espa\u00f1ol.<\/p>\n","protected":false},"excerpt":{"rendered":"<p>Madrid.-El presidente del gobierno espa\u00f1ol se refiri\u00f3 tambi\u00e9n a la Casa Real y al rey Felipe VI, a quien defini\u00f3 como \u201cejemplar\u201d.<\/p>\n","protected":false},"author":11,"featured_media":355377,"comment_status":"closed","ping_status":"closed","sticky":false,"template":"","format":"standard","meta":{"_monsterinsights_skip_tracking":false,"_monsterinsights_sitenote_active":false,"_monsterinsights_sitenote_note":"","_monsterinsights_sitenote_category":0,"footnotes":""},"categories":[5],"tags":[486,5653,4661],"class_list":{"0":"post-355374","1":"post","2":"type-post","3":"status-publish","4":"format-standard","5":"has-post-thumbnail","8":"tag-espana","9":"tag-juan-carlos-i-criticas","10":"tag-pedro-sanchez"},"yoast_head":"<!-- This site is optimized with the Yoast SEO plugin v27.5 - https:\/\/yoast.com\/product\/yoast-seo-wordpress\/ -->\n<title>Pedro S\u00e1nchez critic\u00f3 las \u201cconductas inc\u00edvicas\u201d del rey em\u00e9rito Juan Carlos I - .::Agencia IP::.<\/title>\n<meta name=\"robots\" content=\"index, follow, max-snippet:-1, max-image-preview:large, max-video-preview:-1\" \/>\n<link rel=\"canonical\" href=\"https:\/\/www.ip.gov.py\/ip\/2021\/02\/26\/pedro-sanchez-critico-las-conductas-incivicas-del-rey-emerito-juan-carlos-i-que-se-puso-al-dia-con-los-impuestos-pago-casi-usd-5-millones\/\" \/>\n<meta property=\"og:locale\" content=\"es_ES\" \/>\n<meta property=\"og:type\" content=\"article\" \/>\n<meta property=\"og:title\" content=\"Pedro S\u00e1nchez critic\u00f3 las \u201cconductas inc\u00edvicas\u201d del rey em\u00e9rito Juan Carlos I - .::Agencia IP::.\" \/>\n<meta property=\"og:description\" content=\"Madrid.-El presidente del gobierno espa\u00f1ol se refiri\u00f3 tambi\u00e9n a la Casa Real y al rey Felipe VI, a quien defini\u00f3 como \u201cejemplar\u201d.\" \/>\n<meta property=\"og:url\" content=\"https:\/\/www.ip.gov.py\/ip\/2021\/02\/26\/pedro-sanchez-critico-las-conductas-incivicas-del-rey-emerito-juan-carlos-i-que-se-puso-al-dia-con-los-impuestos-pago-casi-usd-5-millones\/\" \/>\n<meta property=\"og:site_name\" content=\".::Agencia IP::.\" \/>\n<meta property=\"article:publisher\" content=\"https:\/\/www.facebook.com\/IPParaguay\/\" \/>\n<meta property=\"article:published_time\" content=\"2021-02-26T15:19:32+00:00\" \/>\n<meta property=\"article:modified_time\" content=\"2021-02-26T15:21:45+00:00\" \/>\n<meta property=\"og:image\" content=\"https:\/\/www.ip.gov.py\/ip\/wp-content\/uploads\/2021\/02\/Espa\u00f1a-6.jpg\" \/>\n\t<meta property=\"og:image:width\" content=\"626\" \/>\n\t<meta property=\"og:image:height\" content=\"352\" \/>\n\t<meta property=\"og:image:type\" content=\"image\/jpeg\" \/>\n<meta name=\"author\" content=\"vrios\" \/>\n<meta name=\"twitter:card\" content=\"summary_large_image\" \/>\n<meta name=\"twitter:creator\" content=\"@IPParaguay\" \/>\n<meta name=\"twitter:site\" content=\"@IPParaguay\" \/>\n<meta name=\"twitter:label1\" content=\"Escrito por\" \/>\n\t<meta name=\"twitter:data1\" content=\"vrios\" \/>\n\t<meta name=\"twitter:label2\" content=\"Tiempo de lectura\" \/>\n\t<meta name=\"twitter:data2\" content=\"2 minutos\" \/>\n<script type=\"application\/ld+json\" class=\"yoast-schema-graph\">{\"@context\":\"https:\\\/\\\/schema.org\",\"@graph\":[{\"@type\":\"Article\",\"@id\":\"https:\\\/\\\/www.ip.gov.py\\\/ip\\\/2021\\\/02\\\/26\\\/pedro-sanchez-critico-las-conductas-incivicas-del-rey-emerito-juan-carlos-i-que-se-puso-al-dia-con-los-impuestos-pago-casi-usd-5-millones\\\/#article\",\"isPartOf\":{\"@id\":\"https:\\\/\\\/www.ip.gov.py\\\/ip\\\/2021\\\/02\\\/26\\\/pedro-sanchez-critico-las-conductas-incivicas-del-rey-emerito-juan-carlos-i-que-se-puso-al-dia-con-los-impuestos-pago-casi-usd-5-millones\\\/\"},\"author\":{\"name\":\"vrios\",\"@id\":\"https:\\\/\\\/www.ip.gov.py\\\/ip\\\/#\\\/schema\\\/person\\\/fa3668852e893cb0423795330f919039\"},\"headline\":\"Pedro S\u00e1nchez critic\u00f3 las \u201cconductas inc\u00edvicas\u201d del rey em\u00e9rito Juan Carlos I\",\"datePublished\":\"2021-02-26T15:19:32+00:00\",\"dateModified\":\"2021-02-26T15:21:45+00:00\",\"mainEntityOfPage\":{\"@id\":\"https:\\\/\\\/www.ip.gov.py\\\/ip\\\/2021\\\/02\\\/26\\\/pedro-sanchez-critico-las-conductas-incivicas-del-rey-emerito-juan-carlos-i-que-se-puso-al-dia-con-los-impuestos-pago-casi-usd-5-millones\\\/\"},\"wordCount\":379,\"publisher\":{\"@id\":\"https:\\\/\\\/www.ip.gov.py\\\/ip\\\/#organization\"},\"image\":{\"@id\":\"https:\\\/\\\/www.ip.gov.py\\\/ip\\\/2021\\\/02\\\/26\\\/pedro-sanchez-critico-las-conductas-incivicas-del-rey-emerito-juan-carlos-i-que-se-puso-al-dia-con-los-impuestos-pago-casi-usd-5-millones\\\/#primaryimage\"},\"thumbnailUrl\":\"https:\\\/\\\/www.ip.gov.py\\\/ip\\\/wp-content\\\/uploads\\\/2021\\\/02\\\/Espa\u00f1a-6.jpg\",\"keywords\":[\"Espa\u00f1a\",\"Juan Carlos I. Criticas\",\"Pedro S\u00e1nchez\"],\"articleSection\":[\"Internacionales\"],\"inLanguage\":\"es\"},{\"@type\":\"WebPage\",\"@id\":\"https:\\\/\\\/www.ip.gov.py\\\/ip\\\/2021\\\/02\\\/26\\\/pedro-sanchez-critico-las-conductas-incivicas-del-rey-emerito-juan-carlos-i-que-se-puso-al-dia-con-los-impuestos-pago-casi-usd-5-millones\\\/\",\"url\":\"https:\\\/\\\/www.ip.gov.py\\\/ip\\\/2021\\\/02\\\/26\\\/pedro-sanchez-critico-las-conductas-incivicas-del-rey-emerito-juan-carlos-i-que-se-puso-al-dia-con-los-impuestos-pago-casi-usd-5-millones\\\/\",\"name\":\"Pedro S\u00e1nchez critic\u00f3 las \u201cconductas inc\u00edvicas\u201d del rey em\u00e9rito Juan Carlos I - .::Agencia IP::.\",\"isPartOf\":{\"@id\":\"https:\\\/\\\/www.ip.gov.py\\\/ip\\\/#website\"},\"primaryImageOfPage\":{\"@id\":\"https:\\\/\\\/www.ip.gov.py\\\/ip\\\/2021\\\/02\\\/26\\\/pedro-sanchez-critico-las-conductas-incivicas-del-rey-emerito-juan-carlos-i-que-se-puso-al-dia-con-los-impuestos-pago-casi-usd-5-millones\\\/#primaryimage\"},\"image\":{\"@id\":\"https:\\\/\\\/www.ip.gov.py\\\/ip\\\/2021\\\/02\\\/26\\\/pedro-sanchez-critico-las-conductas-incivicas-del-rey-emerito-juan-carlos-i-que-se-puso-al-dia-con-los-impuestos-pago-casi-usd-5-millones\\\/#primaryimage\"},\"thumbnailUrl\":\"https:\\\/\\\/www.ip.gov.py\\\/ip\\\/wp-content\\\/uploads\\\/2021\\\/02\\\/Espa\u00f1a-6.jpg\",\"datePublished\":\"2021-02-26T15:19:32+00:00\",\"dateModified\":\"2021-02-26T15:21:45+00:00\",\"breadcrumb\":{\"@id\":\"https:\\\/\\\/www.ip.gov.py\\\/ip\\\/2021\\\/02\\\/26\\\/pedro-sanchez-critico-las-conductas-incivicas-del-rey-emerito-juan-carlos-i-que-se-puso-al-dia-con-los-impuestos-pago-casi-usd-5-millones\\\/#breadcrumb\"},\"inLanguage\":\"es\",\"potentialAction\":[{\"@type\":\"ReadAction\",\"target\":[\"https:\\\/\\\/www.ip.gov.py\\\/ip\\\/2021\\\/02\\\/26\\\/pedro-sanchez-critico-las-conductas-incivicas-del-rey-emerito-juan-carlos-i-que-se-puso-al-dia-con-los-impuestos-pago-casi-usd-5-millones\\\/\"]}]},{\"@type\":\"ImageObject\",\"inLanguage\":\"es\",\"@id\":\"https:\\\/\\\/www.ip.gov.py\\\/ip\\\/2021\\\/02\\\/26\\\/pedro-sanchez-critico-las-conductas-incivicas-del-rey-emerito-juan-carlos-i-que-se-puso-al-dia-con-los-impuestos-pago-casi-usd-5-millones\\\/#primaryimage\",\"url\":\"https:\\\/\\\/www.ip.gov.py\\\/ip\\\/wp-content\\\/uploads\\\/2021\\\/02\\\/Espa\u00f1a-6.jpg\",\"contentUrl\":\"https:\\\/\\\/www.ip.gov.py\\\/ip\\\/wp-content\\\/uploads\\\/2021\\\/02\\\/Espa\u00f1a-6.jpg\",\"width\":626,\"height\":352,\"caption\":\"Infobae\"},{\"@type\":\"BreadcrumbList\",\"@id\":\"https:\\\/\\\/www.ip.gov.py\\\/ip\\\/2021\\\/02\\\/26\\\/pedro-sanchez-critico-las-conductas-incivicas-del-rey-emerito-juan-carlos-i-que-se-puso-al-dia-con-los-impuestos-pago-casi-usd-5-millones\\\/#breadcrumb\",\"itemListElement\":[{\"@type\":\"ListItem\",\"position\":1,\"name\":\"Portada\",\"item\":\"https:\\\/\\\/www.ip.gov.py\\\/ip\\\/\"},{\"@type\":\"ListItem\",\"position\":2,\"name\":\"Pedro S\u00e1nchez critic\u00f3 las \u201cconductas inc\u00edvicas\u201d del rey em\u00e9rito Juan Carlos I\"}]},{\"@type\":\"WebSite\",\"@id\":\"https:\\\/\\\/www.ip.gov.py\\\/ip\\\/#website\",\"url\":\"https:\\\/\\\/www.ip.gov.py\\\/ip\\\/\",\"name\":\".::Agencia IP::.\",\"description\":\"\",\"publisher\":{\"@id\":\"https:\\\/\\\/www.ip.gov.py\\\/ip\\\/#organization\"},\"potentialAction\":[{\"@type\":\"SearchAction\",\"target\":{\"@type\":\"EntryPoint\",\"urlTemplate\":\"https:\\\/\\\/www.ip.gov.py\\\/ip\\\/?s={search_term_string}\"},\"query-input\":{\"@type\":\"PropertyValueSpecification\",\"valueRequired\":true,\"valueName\":\"search_term_string\"}}],\"inLanguage\":\"es\"},{\"@type\":\"Organization\",\"@id\":\"https:\\\/\\\/www.ip.gov.py\\\/ip\\\/#organization\",\"name\":\"Agencia IP\",\"url\":\"https:\\\/\\\/www.ip.gov.py\\\/ip\\\/\",\"logo\":{\"@type\":\"ImageObject\",\"inLanguage\":\"es\",\"@id\":\"https:\\\/\\\/www.ip.gov.py\\\/ip\\\/#\\\/schema\\\/logo\\\/image\\\/\",\"url\":\"https:\\\/\\\/www.ip.gov.py\\\/ip\\\/wp-content\\\/uploads\\\/2018\\\/01\\\/Agencia-IP.jpg\",\"contentUrl\":\"https:\\\/\\\/www.ip.gov.py\\\/ip\\\/wp-content\\\/uploads\\\/2018\\\/01\\\/Agencia-IP.jpg\",\"width\":150,\"height\":150,\"caption\":\"Agencia IP\"},\"image\":{\"@id\":\"https:\\\/\\\/www.ip.gov.py\\\/ip\\\/#\\\/schema\\\/logo\\\/image\\\/\"},\"sameAs\":[\"https:\\\/\\\/www.facebook.com\\\/IPParaguay\\\/\",\"https:\\\/\\\/x.com\\\/IPParaguay\",\"https:\\\/\\\/www.instagram.com\\\/IPParaguay\"]},{\"@type\":\"Person\",\"@id\":\"https:\\\/\\\/www.ip.gov.py\\\/ip\\\/#\\\/schema\\\/person\\\/fa3668852e893cb0423795330f919039\",\"name\":\"vrios\",\"url\":\"https:\\\/\\\/www.ip.gov.py\\\/ip\\\/author\\\/vrios\\\/\"}]}<\/script>\n<!-- \/ Yoast SEO plugin. -->","yoast_head_json":{"title":"Pedro S\u00e1nchez critic\u00f3 las \u201cconductas inc\u00edvicas\u201d del rey em\u00e9rito Juan Carlos I - .::Agencia IP::.","robots":{"index":"index","follow":"follow","max-snippet":"max-snippet:-1","max-image-preview":"max-image-preview:large","max-video-preview":"max-video-preview:-1"},"canonical":"https:\/\/www.ip.gov.py\/ip\/2021\/02\/26\/pedro-sanchez-critico-las-conductas-incivicas-del-rey-emerito-juan-carlos-i-que-se-puso-al-dia-con-los-impuestos-pago-casi-usd-5-millones\/","og_locale":"es_ES","og_type":"article","og_title":"Pedro S\u00e1nchez critic\u00f3 las \u201cconductas inc\u00edvicas\u201d del rey em\u00e9rito Juan Carlos I - .::Agencia IP::.","og_description":"Madrid.-El presidente del gobierno espa\u00f1ol se refiri\u00f3 tambi\u00e9n a la Casa Real y al rey Felipe VI, a quien defini\u00f3 como \u201cejemplar\u201d.","og_url":"https:\/\/www.ip.gov.py\/ip\/2021\/02\/26\/pedro-sanchez-critico-las-conductas-incivicas-del-rey-emerito-juan-carlos-i-que-se-puso-al-dia-con-los-impuestos-pago-casi-usd-5-millones\/","og_site_name":".::Agencia IP::.","article_publisher":"https:\/\/www.facebook.com\/IPParaguay\/","article_published_time":"2021-02-26T15:19:32+00:00","article_modified_time":"2021-02-26T15:21:45+00:00","og_image":[{"width":626,"height":352,"url":"https:\/\/www.ip.gov.py\/ip\/wp-content\/uploads\/2021\/02\/Espa\u00f1a-6.jpg","type":"image\/jpeg"}],"author":"vrios","twitter_card":"summary_large_image","twitter_creator":"@IPParaguay","twitter_site":"@IPParaguay","twitter_misc":{"Escrito por":"vrios","Tiempo de lectura":"2 minutos"},"schema":{"@context":"https:\/\/schema.org","@graph":[{"@type":"Article","@id":"https:\/\/www.ip.gov.py\/ip\/2021\/02\/26\/pedro-sanchez-critico-las-conductas-incivicas-del-rey-emerito-juan-carlos-i-que-se-puso-al-dia-con-los-impuestos-pago-casi-usd-5-millones\/#article","isPartOf":{"@id":"https:\/\/www.ip.gov.py\/ip\/2021\/02\/26\/pedro-sanchez-critico-las-conductas-incivicas-del-rey-emerito-juan-carlos-i-que-se-puso-al-dia-con-los-impuestos-pago-casi-usd-5-millones\/"},"author":{"name":"vrios","@id":"https:\/\/www.ip.gov.py\/ip\/#\/schema\/person\/fa3668852e893cb0423795330f919039"},"headline":"Pedro S\u00e1nchez critic\u00f3 las \u201cconductas inc\u00edvicas\u201d del rey em\u00e9rito Juan Carlos I","datePublished":"2021-02-26T15:19:32+00:00","dateModified":"2021-02-26T15:21:45+00:00","mainEntityOfPage":{"@id":"https:\/\/www.ip.gov.py\/ip\/2021\/02\/26\/pedro-sanchez-critico-las-conductas-incivicas-del-rey-emerito-juan-carlos-i-que-se-puso-al-dia-con-los-impuestos-pago-casi-usd-5-millones\/"},"wordCount":379,"publisher":{"@id":"https:\/\/www.ip.gov.py\/ip\/#organization"},"image":{"@id":"https:\/\/www.ip.gov.py\/ip\/2021\/02\/26\/pedro-sanchez-critico-las-conductas-incivicas-del-rey-emerito-juan-carlos-i-que-se-puso-al-dia-con-los-impuestos-pago-casi-usd-5-millones\/#primaryimage"},"thumbnailUrl":"https:\/\/www.ip.gov.py\/ip\/wp-content\/uploads\/2021\/02\/Espa\u00f1a-6.jpg","keywords":["Espa\u00f1a","Juan Carlos I. Criticas","Pedro S\u00e1nchez"],"articleSection":["Internacionales"],"inLanguage":"es"},{"@type":"WebPage","@id":"https:\/\/www.ip.gov.py\/ip\/2021\/02\/26\/pedro-sanchez-critico-las-conductas-incivicas-del-rey-emerito-juan-carlos-i-que-se-puso-al-dia-con-los-impuestos-pago-casi-usd-5-millones\/","url":"https:\/\/www.ip.gov.py\/ip\/2021\/02\/26\/pedro-sanchez-critico-las-conductas-incivicas-del-rey-emerito-juan-carlos-i-que-se-puso-al-dia-con-los-impuestos-pago-casi-usd-5-millones\/","name":"Pedro S\u00e1nchez critic\u00f3 las \u201cconductas inc\u00edvicas\u201d del rey em\u00e9rito Juan Carlos I - .::Agencia IP::.","isPartOf":{"@id":"https:\/\/www.ip.gov.py\/ip\/#website"},"primaryImageOfPage":{"@id":"https:\/\/www.ip.gov.py\/ip\/2021\/02\/26\/pedro-sanchez-critico-las-conductas-incivicas-del-rey-emerito-juan-carlos-i-que-se-puso-al-dia-con-los-impuestos-pago-casi-usd-5-millones\/#primaryimage"},"image":{"@id":"https:\/\/www.ip.gov.py\/ip\/2021\/02\/26\/pedro-sanchez-critico-las-conductas-incivicas-del-rey-emerito-juan-carlos-i-que-se-puso-al-dia-con-los-impuestos-pago-casi-usd-5-millones\/#primaryimage"},"thumbnailUrl":"https:\/\/www.ip.gov.py\/ip\/wp-content\/uploads\/2021\/02\/Espa\u00f1a-6.jpg","datePublished":"2021-02-26T15:19:32+00:00","dateModified":"2021-02-26T15:21:45+00:00","breadcrumb":{"@id":"https:\/\/www.ip.gov.py\/ip\/2021\/02\/26\/pedro-sanchez-critico-las-conductas-incivicas-del-rey-emerito-juan-carlos-i-que-se-puso-al-dia-con-los-impuestos-pago-casi-usd-5-millones\/#breadcrumb"},"inLanguage":"es","potentialAction":[{"@type":"ReadAction","target":["https:\/\/www.ip.gov.py\/ip\/2021\/02\/26\/pedro-sanchez-critico-las-conductas-incivicas-del-rey-emerito-juan-carlos-i-que-se-puso-al-dia-con-los-impuestos-pago-casi-usd-5-millones\/"]}]},{"@type":"ImageObject","inLanguage":"es","@id":"https:\/\/www.ip.gov.py\/ip\/2021\/02\/26\/pedro-sanchez-critico-las-conductas-incivicas-del-rey-emerito-juan-carlos-i-que-se-puso-al-dia-con-los-impuestos-pago-casi-usd-5-millones\/#primaryimage","url":"https:\/\/www.ip.gov.py\/ip\/wp-content\/uploads\/2021\/02\/Espa\u00f1a-6.jpg","contentUrl":"https:\/\/www.ip.gov.py\/ip\/wp-content\/uploads\/2021\/02\/Espa\u00f1a-6.jpg","width":626,"height":352,"caption":"Infobae"},{"@type":"BreadcrumbList","@id":"https:\/\/www.ip.gov.py\/ip\/2021\/02\/26\/pedro-sanchez-critico-las-conductas-incivicas-del-rey-emerito-juan-carlos-i-que-se-puso-al-dia-con-los-impuestos-pago-casi-usd-5-millones\/#breadcrumb","itemListElement":[{"@type":"ListItem","position":1,"name":"Portada","item":"https:\/\/www.ip.gov.py\/ip\/"},{"@type":"ListItem","position":2,"name":"Pedro S\u00e1nchez critic\u00f3 las \u201cconductas inc\u00edvicas\u201d del rey em\u00e9rito Juan Carlos I"}]},{"@type":"WebSite","@id":"https:\/\/www.ip.gov.py\/ip\/#website","url":"https:\/\/www.ip.gov.py\/ip\/","name":".::Agencia IP::.","description":"","publisher":{"@id":"https:\/\/www.ip.gov.py\/ip\/#organization"},"potentialAction":[{"@type":"SearchAction","target":{"@type":"EntryPoint","urlTemplate":"https:\/\/www.ip.gov.py\/ip\/?s={search_term_string}"},"query-input":{"@type":"PropertyValueSpecification","valueRequired":true,"valueName":"search_term_string"}}],"inLanguage":"es"},{"@type":"Organization","@id":"https:\/\/www.ip.gov.py\/ip\/#organization","name":"Agencia IP","url":"https:\/\/www.ip.gov.py\/ip\/","logo":{"@type":"ImageObject","inLanguage":"es","@id":"https:\/\/www.ip.gov.py\/ip\/#\/schema\/logo\/image\/","url":"https:\/\/www.ip.gov.py\/ip\/wp-content\/uploads\/2018\/01\/Agencia-IP.jpg","contentUrl":"https:\/\/www.ip.gov.py\/ip\/wp-content\/uploads\/2018\/01\/Agencia-IP.jpg","width":150,"height":150,"caption":"Agencia IP"},"image":{"@id":"https:\/\/www.ip.gov.py\/ip\/#\/schema\/logo\/image\/"},"sameAs":["https:\/\/www.facebook.com\/IPParaguay\/","https:\/\/x.com\/IPParaguay","https:\/\/www.instagram.com\/IPParaguay"]},{"@type":"Person","@id":"https:\/\/www.ip.gov.py\/ip\/#\/schema\/person\/fa3668852e893cb0423795330f919039","name":"vrios","url":"https:\/\/www.ip.gov.py\/ip\/author\/vrios\/"}]}},"_links":{"self":[{"href":"https:\/\/www.ip.gov.py\/ip\/wp-json\/wp\/v2\/posts\/355374","targetHints":{"allow":["GET"]}}],"collection":[{"href":"https:\/\/www.ip.gov.py\/ip\/wp-json\/wp\/v2\/posts"}],"about":[{"href":"https:\/\/www.ip.gov.py\/ip\/wp-json\/wp\/v2\/types\/post"}],"author":[{"embeddable":true,"href":"https:\/\/www.ip.gov.py\/ip\/wp-json\/wp\/v2\/users\/11"}],"replies":[{"embeddable":true,"href":"https:\/\/www.ip.gov.py\/ip\/wp-json\/wp\/v2\/comments?post=355374"}],"version-history":[{"count":0,"href":"https:\/\/www.ip.gov.py\/ip\/wp-json\/wp\/v2\/posts\/355374\/revisions"}],"wp:featuredmedia":[{"embeddable":true,"href":"https:\/\/www.ip.gov.py\/ip\/wp-json\/wp\/v2\/media\/355377"}],"wp:attachment":[{"href":"https:\/\/www.ip.gov.py\/ip\/wp-json\/wp\/v2\/media?parent=355374"}],"wp:term":[{"taxonomy":"category","embeddable":true,"href":"https:\/\/www.ip.gov.py\/ip\/wp-json\/wp\/v2\/categories?post=355374"},{"taxonomy":"post_tag","embeddable":true,"href":"https:\/\/www.ip.gov.py\/ip\/wp-json\/wp\/v2\/tags?post=355374"}],"curies":[{"name":"wp","href":"https:\/\/api.w.org\/{rel}","templated":true}]}}