{"id":356540,"date":"2021-03-08T15:33:10","date_gmt":"2021-03-08T18:33:10","guid":{"rendered":"https:\/\/www.ip.gov.py\/ip\/?p=356540"},"modified":"2021-03-08T16:25:27","modified_gmt":"2021-03-08T19:25:27","slug":"alertan-que-en-la-ultima-semana-aumento-un-22-los-contagios-de-covid-19-en-central","status":"publish","type":"post","link":"https:\/\/www.ip.gov.py\/ip\/2021\/03\/08\/alertan-que-en-la-ultima-semana-aumento-un-22-los-contagios-de-covid-19-en-central\/","title":{"rendered":"Alertan que en la \u00faltima semana aumentaron un 22% los contagios de covid-19 en Central"},"content":{"rendered":"<p style=\"text-align: justify;\"><em><strong>Asunci\u00f3n, Paraguay, Agencia IP.-<\/strong><\/em> El director de la Und\u00e9cima Regi\u00f3n Sanitaria, doctor Roque Silva, alert\u00f3 sobre el <a href=\"https:\/\/www.ip.gov.py\/ip\/reporte-covid-anuncian-contagios-y-otros-fallecidos\/\" target=\"_blank\" rel=\"noopener noreferrer\">aumento de casos de Covid-19<\/a>, en el departamento Central, que en la \u00faltima semana ascendi\u00f3 en un 22%.<!--more--><\/p>\n<p style=\"text-align: justify;\">Afirm\u00f3 que la semana pasada fue \u201cla peor de la pandemia\u201d, cuando se superaron las 1.000 internaciones, y se lleg\u00f3 a 300 pacientes en terapia intensiva.<\/p>\n<p style=\"text-align: justify;\">As\u00ed tambi\u00e9n mencion\u00f3 que en uno de los d\u00edas se produjeron, en Central, 160 ingresos hospitalarios, y solamente 16 altas, e incluso 36 fallecidos, uno m\u00e1s que la semana anterior.<\/p>\n<p style=\"text-align: justify;\">Manifest\u00f3 que el pa\u00eds est\u00e1 viviendo un momento cr\u00edtico por el relajo ciudadano, que desemboca en un incremento de casos de coronavirus, y ello preocupa porque los hospitales de cabecera se encuentren \u201csaturados y al tope de la ocupaci\u00f3n\u201d.<\/p>\n<p style=\"text-align: justify;\">\u201cHoy ya es un momento cr\u00edtico, porque uno observa el relajo ciudadano y nos tocar\u00e1 ver en 10 o 15 d\u00edas, las consecuencias de la aglomeraci\u00f3n en las manifestaciones que se realizan\u201d, a\u00f1adi\u00f3 el profesional del Ministerio de Salud P\u00fablica y Bienestar Social.<\/p>\n<p style=\"text-align: justify;\">\u201cRealmente preocupa ver que de cada 10 personas, cuatro utilizan tapabocas en la v\u00eda p\u00fablica, en todo momento y actividad; mientras que otras seis no la usan. Es como si dijeran que el covid est\u00e1 lejos, pero est\u00e1 m\u00e1s cerca que nunca\u201d, lament\u00f3.<\/p>\n<p style=\"text-align: justify;\">\u201cEs lo que nos toca vivir, en un momento muy dif\u00edcil, y pedimos a la ciudadan\u00eda que se cuide, cumpliendo con el protocolo sanitario. No les pedimos que se encierren, pero que asuman con responsabilidad al salir a la calle\u201d, exhort\u00f3.<\/p>\n<p style=\"text-align: justify;\">\u201cNosotros necesitamos que la gente utilice las mascarillas, que se laven las manos, y mantenga el distanciamiento social, que es fundamental para prevenir la propagaci\u00f3n del virus\u201d, recalc\u00f3 en entrevista a Radio Nacional del Paraguay.<\/p>\n","protected":false},"excerpt":{"rendered":"<p>Asunci\u00f3n, Paraguay, Agencia IP.- El director de la Und\u00e9cima Regi\u00f3n Sanitaria, doctor Roque Silva, alert\u00f3 sobre el aumento de casos de Covid-19, en el departamento Central, que en la \u00faltima semana ascendi\u00f3 en un 22%.<\/p>\n","protected":false},"author":29,"featured_media":355966,"comment_status":"closed","ping_status":"closed","sticky":false,"template":"","format":"standard","meta":{"_monsterinsights_skip_tracking":false,"_monsterinsights_sitenote_active":false,"_monsterinsights_sitenote_note":"","_monsterinsights_sitenote_category":0,"footnotes":""},"categories":[4,2987],"tags":[5394,1712,2985,184,3101,4312],"class_list":{"0":"post-356540","1":"post","2":"type-post","3":"status-publish","4":"format-standard","5":"has-post-thumbnail","7":"category-nacionales","8":"category-salud","9":"tag-aumento-de-casos","10":"tag-central","11":"tag-covid-19","12":"tag-mspbs","13":"tag-protocolo-sanitario","14":"tag-xi-region-sanitaria"},"yoast_head":"<!-- This site is optimized with the Yoast SEO plugin v27.5 - https:\/\/yoast.com\/product\/yoast-seo-wordpress\/ -->\n<title>Alertan que en la \u00faltima semana aumentaron un 22% los contagios de covid-19 en Central - .::Agencia IP::.<\/title>\n<meta name=\"robots\" content=\"index, follow, max-snippet:-1, max-image-preview:large, max-video-preview:-1\" \/>\n<link rel=\"canonical\" href=\"https:\/\/www.ip.gov.py\/ip\/2021\/03\/08\/alertan-que-en-la-ultima-semana-aumento-un-22-los-contagios-de-covid-19-en-central\/\" \/>\n<meta property=\"og:locale\" content=\"es_ES\" \/>\n<meta property=\"og:type\" content=\"article\" \/>\n<meta property=\"og:title\" content=\"Alertan que en la \u00faltima semana aumentaron un 22% los contagios de covid-19 en Central - .::Agencia IP::.\" \/>\n<meta property=\"og:description\" content=\"Asunci\u00f3n, Paraguay, Agencia IP.- El director de la Und\u00e9cima Regi\u00f3n Sanitaria, doctor Roque Silva, alert\u00f3 sobre el aumento de casos de Covid-19, en el departamento Central, que en la \u00faltima semana ascendi\u00f3 en un 22%.\" \/>\n<meta property=\"og:url\" content=\"https:\/\/www.ip.gov.py\/ip\/2021\/03\/08\/alertan-que-en-la-ultima-semana-aumento-un-22-los-contagios-de-covid-19-en-central\/\" \/>\n<meta property=\"og:site_name\" content=\".::Agencia IP::.\" \/>\n<meta property=\"article:publisher\" content=\"https:\/\/www.facebook.com\/IPParaguay\/\" \/>\n<meta property=\"article:published_time\" content=\"2021-03-08T18:33:10+00:00\" \/>\n<meta property=\"article:modified_time\" content=\"2021-03-08T19:25:27+00:00\" \/>\n<meta property=\"og:image\" content=\"https:\/\/www.ip.gov.py\/ip\/wp-content\/uploads\/2021\/03\/covid-19-MSPBS.jpeg\" \/>\n\t<meta property=\"og:image:width\" content=\"870\" \/>\n\t<meta property=\"og:image:height\" content=\"587\" \/>\n\t<meta property=\"og:image:type\" content=\"image\/jpeg\" \/>\n<meta name=\"author\" content=\"jzelada\" \/>\n<meta name=\"twitter:card\" content=\"summary_large_image\" \/>\n<meta name=\"twitter:creator\" content=\"@IPParaguay\" \/>\n<meta name=\"twitter:site\" content=\"@IPParaguay\" \/>\n<meta name=\"twitter:label1\" content=\"Escrito por\" \/>\n\t<meta name=\"twitter:data1\" content=\"jzelada\" \/>\n\t<meta name=\"twitter:label2\" content=\"Tiempo de lectura\" \/>\n\t<meta name=\"twitter:data2\" content=\"2 minutos\" \/>\n<script type=\"application\/ld+json\" class=\"yoast-schema-graph\">{\"@context\":\"https:\\\/\\\/schema.org\",\"@graph\":[{\"@type\":\"Article\",\"@id\":\"https:\\\/\\\/www.ip.gov.py\\\/ip\\\/2021\\\/03\\\/08\\\/alertan-que-en-la-ultima-semana-aumento-un-22-los-contagios-de-covid-19-en-central\\\/#article\",\"isPartOf\":{\"@id\":\"https:\\\/\\\/www.ip.gov.py\\\/ip\\\/2021\\\/03\\\/08\\\/alertan-que-en-la-ultima-semana-aumento-un-22-los-contagios-de-covid-19-en-central\\\/\"},\"author\":{\"name\":\"jzelada\",\"@id\":\"https:\\\/\\\/www.ip.gov.py\\\/ip\\\/#\\\/schema\\\/person\\\/b0f4c235f0f0d7a0985bbb33c6a7941e\"},\"headline\":\"Alertan que en la \u00faltima semana aumentaron un 22% los contagios de covid-19 en Central\",\"datePublished\":\"2021-03-08T18:33:10+00:00\",\"dateModified\":\"2021-03-08T19:25:27+00:00\",\"mainEntityOfPage\":{\"@id\":\"https:\\\/\\\/www.ip.gov.py\\\/ip\\\/2021\\\/03\\\/08\\\/alertan-que-en-la-ultima-semana-aumento-un-22-los-contagios-de-covid-19-en-central\\\/\"},\"wordCount\":318,\"publisher\":{\"@id\":\"https:\\\/\\\/www.ip.gov.py\\\/ip\\\/#organization\"},\"image\":{\"@id\":\"https:\\\/\\\/www.ip.gov.py\\\/ip\\\/2021\\\/03\\\/08\\\/alertan-que-en-la-ultima-semana-aumento-un-22-los-contagios-de-covid-19-en-central\\\/#primaryimage\"},\"thumbnailUrl\":\"https:\\\/\\\/www.ip.gov.py\\\/ip\\\/wp-content\\\/uploads\\\/2021\\\/03\\\/covid-19-MSPBS.jpeg\",\"keywords\":[\"aumento de casos\",\"Central\",\"covid-19\",\"MSPBS\",\"Protocolo sanitario\",\"XI Regi\u00f3n Sanitaria\"],\"articleSection\":[\"Nacionales\",\"Salud\"],\"inLanguage\":\"es\"},{\"@type\":\"WebPage\",\"@id\":\"https:\\\/\\\/www.ip.gov.py\\\/ip\\\/2021\\\/03\\\/08\\\/alertan-que-en-la-ultima-semana-aumento-un-22-los-contagios-de-covid-19-en-central\\\/\",\"url\":\"https:\\\/\\\/www.ip.gov.py\\\/ip\\\/2021\\\/03\\\/08\\\/alertan-que-en-la-ultima-semana-aumento-un-22-los-contagios-de-covid-19-en-central\\\/\",\"name\":\"Alertan que en la \u00faltima semana aumentaron un 22% los contagios de covid-19 en Central - .::Agencia IP::.\",\"isPartOf\":{\"@id\":\"https:\\\/\\\/www.ip.gov.py\\\/ip\\\/#website\"},\"primaryImageOfPage\":{\"@id\":\"https:\\\/\\\/www.ip.gov.py\\\/ip\\\/2021\\\/03\\\/08\\\/alertan-que-en-la-ultima-semana-aumento-un-22-los-contagios-de-covid-19-en-central\\\/#primaryimage\"},\"image\":{\"@id\":\"https:\\\/\\\/www.ip.gov.py\\\/ip\\\/2021\\\/03\\\/08\\\/alertan-que-en-la-ultima-semana-aumento-un-22-los-contagios-de-covid-19-en-central\\\/#primaryimage\"},\"thumbnailUrl\":\"https:\\\/\\\/www.ip.gov.py\\\/ip\\\/wp-content\\\/uploads\\\/2021\\\/03\\\/covid-19-MSPBS.jpeg\",\"datePublished\":\"2021-03-08T18:33:10+00:00\",\"dateModified\":\"2021-03-08T19:25:27+00:00\",\"breadcrumb\":{\"@id\":\"https:\\\/\\\/www.ip.gov.py\\\/ip\\\/2021\\\/03\\\/08\\\/alertan-que-en-la-ultima-semana-aumento-un-22-los-contagios-de-covid-19-en-central\\\/#breadcrumb\"},\"inLanguage\":\"es\",\"potentialAction\":[{\"@type\":\"ReadAction\",\"target\":[\"https:\\\/\\\/www.ip.gov.py\\\/ip\\\/2021\\\/03\\\/08\\\/alertan-que-en-la-ultima-semana-aumento-un-22-los-contagios-de-covid-19-en-central\\\/\"]}]},{\"@type\":\"ImageObject\",\"inLanguage\":\"es\",\"@id\":\"https:\\\/\\\/www.ip.gov.py\\\/ip\\\/2021\\\/03\\\/08\\\/alertan-que-en-la-ultima-semana-aumento-un-22-los-contagios-de-covid-19-en-central\\\/#primaryimage\",\"url\":\"https:\\\/\\\/www.ip.gov.py\\\/ip\\\/wp-content\\\/uploads\\\/2021\\\/03\\\/covid-19-MSPBS.jpeg\",\"contentUrl\":\"https:\\\/\\\/www.ip.gov.py\\\/ip\\\/wp-content\\\/uploads\\\/2021\\\/03\\\/covid-19-MSPBS.jpeg\",\"width\":870,\"height\":587,\"caption\":\"Foto Ministerio de Salud P\u00fablica\"},{\"@type\":\"BreadcrumbList\",\"@id\":\"https:\\\/\\\/www.ip.gov.py\\\/ip\\\/2021\\\/03\\\/08\\\/alertan-que-en-la-ultima-semana-aumento-un-22-los-contagios-de-covid-19-en-central\\\/#breadcrumb\",\"itemListElement\":[{\"@type\":\"ListItem\",\"position\":1,\"name\":\"Portada\",\"item\":\"https:\\\/\\\/www.ip.gov.py\\\/ip\\\/\"},{\"@type\":\"ListItem\",\"position\":2,\"name\":\"Alertan que en la \u00faltima semana aumentaron un 22% los contagios de covid-19 en Central\"}]},{\"@type\":\"WebSite\",\"@id\":\"https:\\\/\\\/www.ip.gov.py\\\/ip\\\/#website\",\"url\":\"https:\\\/\\\/www.ip.gov.py\\\/ip\\\/\",\"name\":\".::Agencia IP::.\",\"description\":\"\",\"publisher\":{\"@id\":\"https:\\\/\\\/www.ip.gov.py\\\/ip\\\/#organization\"},\"potentialAction\":[{\"@type\":\"SearchAction\",\"target\":{\"@type\":\"EntryPoint\",\"urlTemplate\":\"https:\\\/\\\/www.ip.gov.py\\\/ip\\\/?s={search_term_string}\"},\"query-input\":{\"@type\":\"PropertyValueSpecification\",\"valueRequired\":true,\"valueName\":\"search_term_string\"}}],\"inLanguage\":\"es\"},{\"@type\":\"Organization\",\"@id\":\"https:\\\/\\\/www.ip.gov.py\\\/ip\\\/#organization\",\"name\":\"Agencia IP\",\"url\":\"https:\\\/\\\/www.ip.gov.py\\\/ip\\\/\",\"logo\":{\"@type\":\"ImageObject\",\"inLanguage\":\"es\",\"@id\":\"https:\\\/\\\/www.ip.gov.py\\\/ip\\\/#\\\/schema\\\/logo\\\/image\\\/\",\"url\":\"https:\\\/\\\/www.ip.gov.py\\\/ip\\\/wp-content\\\/uploads\\\/2018\\\/01\\\/Agencia-IP.jpg\",\"contentUrl\":\"https:\\\/\\\/www.ip.gov.py\\\/ip\\\/wp-content\\\/uploads\\\/2018\\\/01\\\/Agencia-IP.jpg\",\"width\":150,\"height\":150,\"caption\":\"Agencia IP\"},\"image\":{\"@id\":\"https:\\\/\\\/www.ip.gov.py\\\/ip\\\/#\\\/schema\\\/logo\\\/image\\\/\"},\"sameAs\":[\"https:\\\/\\\/www.facebook.com\\\/IPParaguay\\\/\",\"https:\\\/\\\/x.com\\\/IPParaguay\",\"https:\\\/\\\/www.instagram.com\\\/IPParaguay\"]},{\"@type\":\"Person\",\"@id\":\"https:\\\/\\\/www.ip.gov.py\\\/ip\\\/#\\\/schema\\\/person\\\/b0f4c235f0f0d7a0985bbb33c6a7941e\",\"name\":\"jzelada\",\"url\":\"https:\\\/\\\/www.ip.gov.py\\\/ip\\\/author\\\/jzelada\\\/\"}]}<\/script>\n<!-- \/ Yoast SEO plugin. -->","yoast_head_json":{"title":"Alertan que en la \u00faltima semana aumentaron un 22% los contagios de covid-19 en Central - .::Agencia IP::.","robots":{"index":"index","follow":"follow","max-snippet":"max-snippet:-1","max-image-preview":"max-image-preview:large","max-video-preview":"max-video-preview:-1"},"canonical":"https:\/\/www.ip.gov.py\/ip\/2021\/03\/08\/alertan-que-en-la-ultima-semana-aumento-un-22-los-contagios-de-covid-19-en-central\/","og_locale":"es_ES","og_type":"article","og_title":"Alertan que en la \u00faltima semana aumentaron un 22% los contagios de covid-19 en Central - .::Agencia IP::.","og_description":"Asunci\u00f3n, Paraguay, Agencia IP.- El director de la Und\u00e9cima Regi\u00f3n Sanitaria, doctor Roque Silva, alert\u00f3 sobre el aumento de casos de Covid-19, en el departamento Central, que en la \u00faltima semana ascendi\u00f3 en un 22%.","og_url":"https:\/\/www.ip.gov.py\/ip\/2021\/03\/08\/alertan-que-en-la-ultima-semana-aumento-un-22-los-contagios-de-covid-19-en-central\/","og_site_name":".::Agencia IP::.","article_publisher":"https:\/\/www.facebook.com\/IPParaguay\/","article_published_time":"2021-03-08T18:33:10+00:00","article_modified_time":"2021-03-08T19:25:27+00:00","og_image":[{"width":870,"height":587,"url":"https:\/\/www.ip.gov.py\/ip\/wp-content\/uploads\/2021\/03\/covid-19-MSPBS.jpeg","type":"image\/jpeg"}],"author":"jzelada","twitter_card":"summary_large_image","twitter_creator":"@IPParaguay","twitter_site":"@IPParaguay","twitter_misc":{"Escrito por":"jzelada","Tiempo de lectura":"2 minutos"},"schema":{"@context":"https:\/\/schema.org","@graph":[{"@type":"Article","@id":"https:\/\/www.ip.gov.py\/ip\/2021\/03\/08\/alertan-que-en-la-ultima-semana-aumento-un-22-los-contagios-de-covid-19-en-central\/#article","isPartOf":{"@id":"https:\/\/www.ip.gov.py\/ip\/2021\/03\/08\/alertan-que-en-la-ultima-semana-aumento-un-22-los-contagios-de-covid-19-en-central\/"},"author":{"name":"jzelada","@id":"https:\/\/www.ip.gov.py\/ip\/#\/schema\/person\/b0f4c235f0f0d7a0985bbb33c6a7941e"},"headline":"Alertan que en la \u00faltima semana aumentaron un 22% los contagios de covid-19 en Central","datePublished":"2021-03-08T18:33:10+00:00","dateModified":"2021-03-08T19:25:27+00:00","mainEntityOfPage":{"@id":"https:\/\/www.ip.gov.py\/ip\/2021\/03\/08\/alertan-que-en-la-ultima-semana-aumento-un-22-los-contagios-de-covid-19-en-central\/"},"wordCount":318,"publisher":{"@id":"https:\/\/www.ip.gov.py\/ip\/#organization"},"image":{"@id":"https:\/\/www.ip.gov.py\/ip\/2021\/03\/08\/alertan-que-en-la-ultima-semana-aumento-un-22-los-contagios-de-covid-19-en-central\/#primaryimage"},"thumbnailUrl":"https:\/\/www.ip.gov.py\/ip\/wp-content\/uploads\/2021\/03\/covid-19-MSPBS.jpeg","keywords":["aumento de casos","Central","covid-19","MSPBS","Protocolo sanitario","XI Regi\u00f3n Sanitaria"],"articleSection":["Nacionales","Salud"],"inLanguage":"es"},{"@type":"WebPage","@id":"https:\/\/www.ip.gov.py\/ip\/2021\/03\/08\/alertan-que-en-la-ultima-semana-aumento-un-22-los-contagios-de-covid-19-en-central\/","url":"https:\/\/www.ip.gov.py\/ip\/2021\/03\/08\/alertan-que-en-la-ultima-semana-aumento-un-22-los-contagios-de-covid-19-en-central\/","name":"Alertan que en la \u00faltima semana aumentaron un 22% los contagios de covid-19 en Central - .::Agencia IP::.","isPartOf":{"@id":"https:\/\/www.ip.gov.py\/ip\/#website"},"primaryImageOfPage":{"@id":"https:\/\/www.ip.gov.py\/ip\/2021\/03\/08\/alertan-que-en-la-ultima-semana-aumento-un-22-los-contagios-de-covid-19-en-central\/#primaryimage"},"image":{"@id":"https:\/\/www.ip.gov.py\/ip\/2021\/03\/08\/alertan-que-en-la-ultima-semana-aumento-un-22-los-contagios-de-covid-19-en-central\/#primaryimage"},"thumbnailUrl":"https:\/\/www.ip.gov.py\/ip\/wp-content\/uploads\/2021\/03\/covid-19-MSPBS.jpeg","datePublished":"2021-03-08T18:33:10+00:00","dateModified":"2021-03-08T19:25:27+00:00","breadcrumb":{"@id":"https:\/\/www.ip.gov.py\/ip\/2021\/03\/08\/alertan-que-en-la-ultima-semana-aumento-un-22-los-contagios-de-covid-19-en-central\/#breadcrumb"},"inLanguage":"es","potentialAction":[{"@type":"ReadAction","target":["https:\/\/www.ip.gov.py\/ip\/2021\/03\/08\/alertan-que-en-la-ultima-semana-aumento-un-22-los-contagios-de-covid-19-en-central\/"]}]},{"@type":"ImageObject","inLanguage":"es","@id":"https:\/\/www.ip.gov.py\/ip\/2021\/03\/08\/alertan-que-en-la-ultima-semana-aumento-un-22-los-contagios-de-covid-19-en-central\/#primaryimage","url":"https:\/\/www.ip.gov.py\/ip\/wp-content\/uploads\/2021\/03\/covid-19-MSPBS.jpeg","contentUrl":"https:\/\/www.ip.gov.py\/ip\/wp-content\/uploads\/2021\/03\/covid-19-MSPBS.jpeg","width":870,"height":587,"caption":"Foto Ministerio de Salud P\u00fablica"},{"@type":"BreadcrumbList","@id":"https:\/\/www.ip.gov.py\/ip\/2021\/03\/08\/alertan-que-en-la-ultima-semana-aumento-un-22-los-contagios-de-covid-19-en-central\/#breadcrumb","itemListElement":[{"@type":"ListItem","position":1,"name":"Portada","item":"https:\/\/www.ip.gov.py\/ip\/"},{"@type":"ListItem","position":2,"name":"Alertan que en la \u00faltima semana aumentaron un 22% los contagios de covid-19 en Central"}]},{"@type":"WebSite","@id":"https:\/\/www.ip.gov.py\/ip\/#website","url":"https:\/\/www.ip.gov.py\/ip\/","name":".::Agencia IP::.","description":"","publisher":{"@id":"https:\/\/www.ip.gov.py\/ip\/#organization"},"potentialAction":[{"@type":"SearchAction","target":{"@type":"EntryPoint","urlTemplate":"https:\/\/www.ip.gov.py\/ip\/?s={search_term_string}"},"query-input":{"@type":"PropertyValueSpecification","valueRequired":true,"valueName":"search_term_string"}}],"inLanguage":"es"},{"@type":"Organization","@id":"https:\/\/www.ip.gov.py\/ip\/#organization","name":"Agencia IP","url":"https:\/\/www.ip.gov.py\/ip\/","logo":{"@type":"ImageObject","inLanguage":"es","@id":"https:\/\/www.ip.gov.py\/ip\/#\/schema\/logo\/image\/","url":"https:\/\/www.ip.gov.py\/ip\/wp-content\/uploads\/2018\/01\/Agencia-IP.jpg","contentUrl":"https:\/\/www.ip.gov.py\/ip\/wp-content\/uploads\/2018\/01\/Agencia-IP.jpg","width":150,"height":150,"caption":"Agencia IP"},"image":{"@id":"https:\/\/www.ip.gov.py\/ip\/#\/schema\/logo\/image\/"},"sameAs":["https:\/\/www.facebook.com\/IPParaguay\/","https:\/\/x.com\/IPParaguay","https:\/\/www.instagram.com\/IPParaguay"]},{"@type":"Person","@id":"https:\/\/www.ip.gov.py\/ip\/#\/schema\/person\/b0f4c235f0f0d7a0985bbb33c6a7941e","name":"jzelada","url":"https:\/\/www.ip.gov.py\/ip\/author\/jzelada\/"}]}},"_links":{"self":[{"href":"https:\/\/www.ip.gov.py\/ip\/wp-json\/wp\/v2\/posts\/356540","targetHints":{"allow":["GET"]}}],"collection":[{"href":"https:\/\/www.ip.gov.py\/ip\/wp-json\/wp\/v2\/posts"}],"about":[{"href":"https:\/\/www.ip.gov.py\/ip\/wp-json\/wp\/v2\/types\/post"}],"author":[{"embeddable":true,"href":"https:\/\/www.ip.gov.py\/ip\/wp-json\/wp\/v2\/users\/29"}],"replies":[{"embeddable":true,"href":"https:\/\/www.ip.gov.py\/ip\/wp-json\/wp\/v2\/comments?post=356540"}],"version-history":[{"count":0,"href":"https:\/\/www.ip.gov.py\/ip\/wp-json\/wp\/v2\/posts\/356540\/revisions"}],"wp:featuredmedia":[{"embeddable":true,"href":"https:\/\/www.ip.gov.py\/ip\/wp-json\/wp\/v2\/media\/355966"}],"wp:attachment":[{"href":"https:\/\/www.ip.gov.py\/ip\/wp-json\/wp\/v2\/media?parent=356540"}],"wp:term":[{"taxonomy":"category","embeddable":true,"href":"https:\/\/www.ip.gov.py\/ip\/wp-json\/wp\/v2\/categories?post=356540"},{"taxonomy":"post_tag","embeddable":true,"href":"https:\/\/www.ip.gov.py\/ip\/wp-json\/wp\/v2\/tags?post=356540"}],"curies":[{"name":"wp","href":"https:\/\/api.w.org\/{rel}","templated":true}]}}