{"id":356727,"date":"2021-03-10T07:47:01","date_gmt":"2021-03-10T10:47:01","guid":{"rendered":"https:\/\/www.ip.gov.py\/ip\/?p=356727"},"modified":"2021-03-10T07:47:01","modified_gmt":"2021-03-10T10:47:01","slug":"tras-un-ano-en-pandemia-el-mundo-mira-atras-y-hacia-delante","status":"publish","type":"post","link":"https:\/\/www.ip.gov.py\/ip\/2021\/03\/10\/tras-un-ano-en-pandemia-el-mundo-mira-atras-y-hacia-delante\/","title":{"rendered":"Tras un a\u00f1o en pandemia, el mundo mira atr\u00e1s y hacia delante"},"content":{"rendered":"<p style=\"text-align: justify;\"><em><strong>Ginebra.-<\/strong><\/em>El 11 de marzo de 2020, la Organizaci\u00f3n Mundial de la Salud declar\u00f3 la pandemia de coronavirus.<!--more--><\/p>\n<p style=\"text-align: justify;\">Ni la mujer de Michigan que se despert\u00f3 una ma\u00f1ana con su esposa fallecida al lado. Ni la trabajadora dom\u00e9stica en Mozambique cuyo sustento qued\u00f3 amenazado por el virus. Ni la estudiante de secundaria exiliada de su clase en un abrir y cerrar de ojos.<\/p>\n<p style=\"text-align: justify;\">Ocurri\u00f3 hace un a\u00f1o. \u201cYo esperaba volver despu\u00e9s de esa semana\u201d, dijo Darelyn Maldonado, de 12 a\u00f1os. \u201cNo pens\u00e9 que tomar\u00eda a\u00f1os\u201d.<\/p>\n<p style=\"text-align: justify;\">El 11 de marzo de 2020, cuando la Organizaci\u00f3n Mundial de la Salud declar\u00f3 una pandemia, pocos pod\u00edan prever el largo camino por delante ni las muchas formas en las que sufrir\u00edan: la muerte y agon\u00eda de millones de personas, econom\u00edas en ruinas, vidas paralizadas y una soledad y un aislamiento casi universales.<\/p>\n<p style=\"text-align: justify;\">Un a\u00f1o despu\u00e9s, algunos sue\u00f1an con el regreso a la normalidad gracias a unas vacunas que parecieron materializarse como por arte de magia. Otros viven en lugares donde la magia parece estar reservada para mundos m\u00e1s ricos.<\/p>\n<p style=\"text-align: justify;\">Al mismo tiempo, la gente est\u00e1 echando la vista atr\u00e1s a d\u00f3nde estaban cuando entendieron por primera vez el cambio dr\u00e1stico que dar\u00eda su vida.<\/p>\n<p style=\"text-align: justify;\">El 11 de marzo de 2020, los casos confirmados de COVID-19 sumaban 125.000 y las muertes reportadas superaban por poco las 5.000. Hoy, 117 millones de personas se han infectado en todo el mundo y, seg\u00fan la Universidad Johns Hopkins, m\u00e1s de 2,6 millones han fallecido.<\/p>\n<p style=\"text-align: justify;\">En ese d\u00eda, Italia cerr\u00f3 tiendas y restaurantes luego de aislarse tras alcanzar los 10.000 contagios. La NBA suspendi\u00f3 su temporada y Tom Hanks, que grababa una pel\u00edcula en Australia, anunci\u00f3 que se hab\u00eda infectado.<\/p>\n<p style=\"text-align: justify;\">Esa noche, el entonces presidente de Estados Unidos, Donald Trump, se dirigi\u00f3 a la naci\u00f3n para anunciar restricciones de viaje a Europa que provocaron una disputa transatl\u00e1ntica. Los aeropuertos se llenaron de multitudes sin mascarilla en los d\u00edas posteriores. Pronto quedar\u00edan vac\u00edos.<\/p>\n<p style=\"text-align: justify;\">Y eso, para gran parte del mundo, fue solo el principio.<\/p>\n<p style=\"text-align: justify;\">Hoy, gracias a que ya est\u00e1 vacunada, Maggie Sedidi es optimista y cree que la vida normal podr\u00eda reanudarse en uno o dos a\u00f1os.<\/p>\n<p style=\"text-align: justify;\">Pero es un optimismo muy peleado. Sedidi, una enfermera de 59 a\u00f1os que trabaja en el hospital Chris Hani Baragwanath de Soweto, recuerda que estaba aterrorizada cuando contrajo el COVID-19. Su jefa enferm\u00f3 al mismo tiempo y muri\u00f3.<\/p>\n<p style=\"text-align: justify;\">Sud\u00e1frica tiene m\u00e1s de 1,5 millones de casos confirmados, incluyendo m\u00e1s de 50.000 decesos, en un pa\u00eds de 60 millones de habitantes.<\/p>\n<p style=\"text-align: justify;\">\u201cTen\u00eda dificultad para respirar y presi\u00f3n en el pecho. Me dur\u00f3 seis meses\u201d, relat\u00f3. \u201cNo pens\u00e9 que fuese a pasar nunca\u201d.<\/p>\n<p style=\"text-align: justify;\">Pero se cur\u00f3 y ha vuelto a trabajar. Otros no han sido tan afortunados. En Estados Unidos, el pa\u00eds m\u00e1s golpeado por el virus en el mundo, 29 millones de personas han pasado la enfermedad y 527.000 han muerto.<\/p>\n<p style=\"text-align: justify;\">Latoria Glenn-Carr y su esposa durante seis a\u00f1os, Tyeisha, fueron diagnosticadas en las urgencias de un hospital cerca de su casa en las afueras de Detroit A pesar de las quejas de Glenn-Carr, las enviaron a casa.<\/p>\n<p style=\"text-align: justify;\">Tyeisha, de 43 a\u00f1os, muri\u00f3 en la cama al lado de su esposa tres d\u00edas despu\u00e9s.<\/p>\n<p style=\"text-align: justify;\">\u201cMe despert\u00e9 un domingo, y no ten\u00eda pulso\u201d, dijo Glenn-Carr.<\/p>\n<p style=\"text-align: justify;\">Un mes m\u00e1s tarde, el COVID-19 se llev\u00f3 tambi\u00e9n a su madre.<\/p>\n<p style=\"text-align: justify;\">A veces, Glenn-Carr piensa que debi\u00f3 haber presionado al hospital para ingresar a Tyeisha, o llevarla a otro lugar. Est\u00e1 enojada con los pol\u00edticos estadounidenses, especialmente con Trump, de quien cree que estaba m\u00e1s preocupado por la econom\u00eda que por la vida de las personas.<\/p>\n<p style=\"text-align: justify;\">\u201cSi hubiese sido m\u00e1s emp\u00e1tico con los problemas y se preocupara por la gente, en general, se lo habr\u00eda tomado m\u00e1s en serio\u201d, se\u00f1al\u00f3. \u201cY por eso, 500.000 personas est\u00e1n muertas\u201d.<\/p>\n<p style=\"text-align: justify;\">Un miembro del personal sirve vino en un restaurante en Trastevere despu\u00e9s de que se aliviaron las restricciones de la enfermedad por coronavirus (COVID-19) en la regi\u00f3n de Lazio, Roma, Italia, 1 febrero 2021.<\/p>\n<p style=\"text-align: justify;\">Con la pandemia llegaron tiempos dif\u00edciles en muchos lugares. En Nepal, la cascada de aventureros extranjeros que llegaban para escalar el Everest se detuvo, un desastre para gu\u00edas como Pasang Rinzee Sherpa.<\/p>\n<p style=\"text-align: justify;\">Sherpa, que ha subido al Everest en dos ocasiones y desde hace 18 a\u00f1os ayuda a los alpinistas a escalar las cumbres m\u00e1s altas del Himalaya, sol\u00eda ganar unos 8.000 d\u00f3lares al a\u00f1o. En los \u00faltimos 12 meses no ha tenido ingresos.<\/p>\n<p style=\"text-align: justify;\">Tuvo que rogarle a su casero en Katmand\u00fa que le perdonase el alquiler. Dej\u00f3 de enviar dinero a sus padres. Subsiste con dos sencillas comidas al d\u00eda.<\/p>\n<p style=\"text-align: justify;\">Ha sido dif\u00edcil. \u201cSomos gente de monta\u00f1a que estamos acostumbrados a caminar libremente por la naturaleza\u201d, dijo Sherpa. \u201cPero durante meses, en la cuarentena, estuvimos obligados a estar confinados en un cuarto en la ciudad de Katmand\u00fa. Fue una tortura mental para nosotros\u201d.<\/p>\n<p style=\"text-align: justify;\">En Mozambique, uno de los pa\u00edses m\u00e1s pobres del mundo, el gobierno prometi\u00f3 ayudas por el equivalente a 20 d\u00f3lares durante tres meses para aquellos que perdieran el trabajo.<\/p>\n<p style=\"text-align: justify;\">\u201cEso nunca ocurri\u00f3\u201d, dijo Alice Nharre, una trabajadora dom\u00e9stica de 45 a\u00f1os. \u201cMi madre se inscribi\u00f3, pero el dinero nunca lleg\u00f3\u201d.<\/p>\n<p style=\"text-align: justify;\">El pa\u00eds ha recibido cerca de 700.000 dosis de una vacuna para sus 30 millones de habitantes, y no est\u00e1 claro cu\u00e1ndo estar\u00e1n disponible para la poblaci\u00f3n en general.<\/p>\n<p style=\"text-align: justify;\">\u201cTal vez sea para los m\u00e9dicos y para la gente importante. Para nosotros, la gente de a pie, no lo sabemos\u201d, apunt\u00f3 encogi\u00e9ndose de hombros.<\/p>\n<p style=\"text-align: justify;\">Cuando Trump empez\u00f3 a referirse al coronavirus como el \u201cvirus chino\u201d, Joyce Kuo se tens\u00f3.<\/p>\n<p style=\"text-align: justify;\">\u201cFue como \u2018\u00a1All\u00e1 vamos, prep\u00e1rate!\u2019\u201d, dijo esta fabricante de muebles de 36 a\u00f1os de Greensboro, Carolina del Norte. Kuo naci\u00f3 en Estados Unidos, pero se le recordaba constantemente que otros sent\u00edan que no pertenece all\u00ed.<\/p>\n<p style=\"text-align: justify;\">Durante una visita al dentista con sus hijos, record\u00f3 Kuo, una mujer blanca en la sala de espera acerc\u00f3 a su hija y dijo en voz alta: \u201cTienes que apartarte de ellos. Probablemente tengan ese virus\u201d.<\/p>\n<p style=\"text-align: justify;\">Mientras, Kuo y su esposo trabajaron para mantener abierto su negocio de muebles de exterior, y empezaron a utilizar materiales de tapicer\u00eda para hacer mascarillas de tela. Adem\u00e1s, comenz\u00f3 a dar clase a sus hijos en casa, terminando su trabajo despu\u00e9s de que se fuesen a dormir.<\/p>\n<p>\u201cPienso que para cualquier padre con hijos, trabajar desde casa es casi una broma\u201d, afirm\u00f3. \u201cHaces lo que puedes\u201d.<\/p>\n<p>Darelyn Maldonado no ha pisado su escuela en Pawtucket, Rhode Island, en un a\u00f1o. Le encantaba ir a clase, pero ahora, en su segundo a\u00f1o de secundaria, tiene dificultades con las lecciones online. A eso hay que sumarle la frustraci\u00f3n por tener que renunciar al s\u00f3ftbol y a muchas otras cosas que le dan alegr\u00eda.<\/p>\n<p>\u201cYa no tengo muchos amigos\u201d, asegur\u00f3 Darelyn.<\/p>\n<p>Hay una luz al final de su t\u00fanel. Los padres lucharon para la reapertura del centro, al que debe regresar el 16 de marzo.<\/p>\n<p>A un a\u00f1o vista, el 11 de marzo de 2022, Darelyn se ve haciendo todas las cosas que ech\u00f3 de menos en este a\u00f1o pand\u00e9mico interminable.Infobae.<\/p>\n","protected":false},"excerpt":{"rendered":"<p>Ginebra.-El 11 de marzo de 2020, la Organizaci\u00f3n Mundial de la Salud declar\u00f3 la pandemia de coronavirus.<\/p>\n","protected":false},"author":11,"featured_media":356728,"comment_status":"closed","ping_status":"closed","sticky":false,"template":"","format":"standard","meta":{"_monsterinsights_skip_tracking":false,"_monsterinsights_sitenote_active":false,"_monsterinsights_sitenote_note":"","_monsterinsights_sitenote_category":0,"footnotes":""},"categories":[5],"tags":[3195,3000,5815,5814],"class_list":{"0":"post-356727","1":"post","2":"type-post","3":"status-publish","4":"format-standard","5":"has-post-thumbnail","7":"category-internacionales","8":"tag-mundo","9":"tag-pandemia","10":"tag-primer-ano","11":"tag-situacion"},"yoast_head":"<!-- This site is optimized with the Yoast SEO plugin v27.5 - https:\/\/yoast.com\/product\/yoast-seo-wordpress\/ -->\n<title>Tras un a\u00f1o en pandemia, el mundo mira atr\u00e1s y hacia delante - .::Agencia IP::.<\/title>\n<meta name=\"robots\" content=\"index, follow, max-snippet:-1, max-image-preview:large, max-video-preview:-1\" \/>\n<link rel=\"canonical\" href=\"https:\/\/www.ip.gov.py\/ip\/2021\/03\/10\/tras-un-ano-en-pandemia-el-mundo-mira-atras-y-hacia-delante\/\" \/>\n<meta property=\"og:locale\" content=\"es_ES\" \/>\n<meta property=\"og:type\" content=\"article\" \/>\n<meta property=\"og:title\" content=\"Tras un a\u00f1o en pandemia, el mundo mira atr\u00e1s y hacia delante - .::Agencia IP::.\" \/>\n<meta property=\"og:description\" content=\"Ginebra.-El 11 de marzo de 2020, la Organizaci\u00f3n Mundial de la Salud declar\u00f3 la pandemia de coronavirus.\" \/>\n<meta property=\"og:url\" content=\"https:\/\/www.ip.gov.py\/ip\/2021\/03\/10\/tras-un-ano-en-pandemia-el-mundo-mira-atras-y-hacia-delante\/\" \/>\n<meta property=\"og:site_name\" content=\".::Agencia IP::.\" \/>\n<meta property=\"article:publisher\" content=\"https:\/\/www.facebook.com\/IPParaguay\/\" \/>\n<meta property=\"article:published_time\" content=\"2021-03-10T10:47:01+00:00\" \/>\n<meta property=\"og:image\" content=\"https:\/\/www.ip.gov.py\/ip\/wp-content\/uploads\/2021\/03\/Coronnavirus.jpg\" \/>\n\t<meta property=\"og:image:width\" content=\"668\" \/>\n\t<meta property=\"og:image:height\" content=\"376\" \/>\n\t<meta property=\"og:image:type\" content=\"image\/jpeg\" \/>\n<meta name=\"author\" content=\"vrios\" \/>\n<meta name=\"twitter:card\" content=\"summary_large_image\" \/>\n<meta name=\"twitter:creator\" content=\"@IPParaguay\" \/>\n<meta name=\"twitter:site\" content=\"@IPParaguay\" \/>\n<meta name=\"twitter:label1\" content=\"Escrito por\" \/>\n\t<meta name=\"twitter:data1\" content=\"vrios\" \/>\n\t<meta name=\"twitter:label2\" content=\"Tiempo de lectura\" \/>\n\t<meta name=\"twitter:data2\" content=\"6 minutos\" \/>\n<script type=\"application\/ld+json\" class=\"yoast-schema-graph\">{\"@context\":\"https:\\\/\\\/schema.org\",\"@graph\":[{\"@type\":\"Article\",\"@id\":\"https:\\\/\\\/www.ip.gov.py\\\/ip\\\/2021\\\/03\\\/10\\\/tras-un-ano-en-pandemia-el-mundo-mira-atras-y-hacia-delante\\\/#article\",\"isPartOf\":{\"@id\":\"https:\\\/\\\/www.ip.gov.py\\\/ip\\\/2021\\\/03\\\/10\\\/tras-un-ano-en-pandemia-el-mundo-mira-atras-y-hacia-delante\\\/\"},\"author\":{\"name\":\"vrios\",\"@id\":\"https:\\\/\\\/www.ip.gov.py\\\/ip\\\/#\\\/schema\\\/person\\\/fa3668852e893cb0423795330f919039\"},\"headline\":\"Tras un a\u00f1o en pandemia, el mundo mira atr\u00e1s y hacia delante\",\"datePublished\":\"2021-03-10T10:47:01+00:00\",\"mainEntityOfPage\":{\"@id\":\"https:\\\/\\\/www.ip.gov.py\\\/ip\\\/2021\\\/03\\\/10\\\/tras-un-ano-en-pandemia-el-mundo-mira-atras-y-hacia-delante\\\/\"},\"wordCount\":1254,\"publisher\":{\"@id\":\"https:\\\/\\\/www.ip.gov.py\\\/ip\\\/#organization\"},\"image\":{\"@id\":\"https:\\\/\\\/www.ip.gov.py\\\/ip\\\/2021\\\/03\\\/10\\\/tras-un-ano-en-pandemia-el-mundo-mira-atras-y-hacia-delante\\\/#primaryimage\"},\"thumbnailUrl\":\"https:\\\/\\\/www.ip.gov.py\\\/ip\\\/wp-content\\\/uploads\\\/2021\\\/03\\\/Coronnavirus.jpg\",\"keywords\":[\"Mundo\",\"pandemia\",\"Primer a\u00f1o\",\"Situaci\u00f3n\"],\"articleSection\":[\"Internacionales\"],\"inLanguage\":\"es\"},{\"@type\":\"WebPage\",\"@id\":\"https:\\\/\\\/www.ip.gov.py\\\/ip\\\/2021\\\/03\\\/10\\\/tras-un-ano-en-pandemia-el-mundo-mira-atras-y-hacia-delante\\\/\",\"url\":\"https:\\\/\\\/www.ip.gov.py\\\/ip\\\/2021\\\/03\\\/10\\\/tras-un-ano-en-pandemia-el-mundo-mira-atras-y-hacia-delante\\\/\",\"name\":\"Tras un a\u00f1o en pandemia, el mundo mira atr\u00e1s y hacia delante - .::Agencia IP::.\",\"isPartOf\":{\"@id\":\"https:\\\/\\\/www.ip.gov.py\\\/ip\\\/#website\"},\"primaryImageOfPage\":{\"@id\":\"https:\\\/\\\/www.ip.gov.py\\\/ip\\\/2021\\\/03\\\/10\\\/tras-un-ano-en-pandemia-el-mundo-mira-atras-y-hacia-delante\\\/#primaryimage\"},\"image\":{\"@id\":\"https:\\\/\\\/www.ip.gov.py\\\/ip\\\/2021\\\/03\\\/10\\\/tras-un-ano-en-pandemia-el-mundo-mira-atras-y-hacia-delante\\\/#primaryimage\"},\"thumbnailUrl\":\"https:\\\/\\\/www.ip.gov.py\\\/ip\\\/wp-content\\\/uploads\\\/2021\\\/03\\\/Coronnavirus.jpg\",\"datePublished\":\"2021-03-10T10:47:01+00:00\",\"breadcrumb\":{\"@id\":\"https:\\\/\\\/www.ip.gov.py\\\/ip\\\/2021\\\/03\\\/10\\\/tras-un-ano-en-pandemia-el-mundo-mira-atras-y-hacia-delante\\\/#breadcrumb\"},\"inLanguage\":\"es\",\"potentialAction\":[{\"@type\":\"ReadAction\",\"target\":[\"https:\\\/\\\/www.ip.gov.py\\\/ip\\\/2021\\\/03\\\/10\\\/tras-un-ano-en-pandemia-el-mundo-mira-atras-y-hacia-delante\\\/\"]}]},{\"@type\":\"ImageObject\",\"inLanguage\":\"es\",\"@id\":\"https:\\\/\\\/www.ip.gov.py\\\/ip\\\/2021\\\/03\\\/10\\\/tras-un-ano-en-pandemia-el-mundo-mira-atras-y-hacia-delante\\\/#primaryimage\",\"url\":\"https:\\\/\\\/www.ip.gov.py\\\/ip\\\/wp-content\\\/uploads\\\/2021\\\/03\\\/Coronnavirus.jpg\",\"contentUrl\":\"https:\\\/\\\/www.ip.gov.py\\\/ip\\\/wp-content\\\/uploads\\\/2021\\\/03\\\/Coronnavirus.jpg\",\"width\":668,\"height\":376,\"caption\":\"Efe\"},{\"@type\":\"BreadcrumbList\",\"@id\":\"https:\\\/\\\/www.ip.gov.py\\\/ip\\\/2021\\\/03\\\/10\\\/tras-un-ano-en-pandemia-el-mundo-mira-atras-y-hacia-delante\\\/#breadcrumb\",\"itemListElement\":[{\"@type\":\"ListItem\",\"position\":1,\"name\":\"Portada\",\"item\":\"https:\\\/\\\/www.ip.gov.py\\\/ip\\\/\"},{\"@type\":\"ListItem\",\"position\":2,\"name\":\"Tras un a\u00f1o en pandemia, el mundo mira atr\u00e1s y hacia delante\"}]},{\"@type\":\"WebSite\",\"@id\":\"https:\\\/\\\/www.ip.gov.py\\\/ip\\\/#website\",\"url\":\"https:\\\/\\\/www.ip.gov.py\\\/ip\\\/\",\"name\":\".::Agencia IP::.\",\"description\":\"\",\"publisher\":{\"@id\":\"https:\\\/\\\/www.ip.gov.py\\\/ip\\\/#organization\"},\"potentialAction\":[{\"@type\":\"SearchAction\",\"target\":{\"@type\":\"EntryPoint\",\"urlTemplate\":\"https:\\\/\\\/www.ip.gov.py\\\/ip\\\/?s={search_term_string}\"},\"query-input\":{\"@type\":\"PropertyValueSpecification\",\"valueRequired\":true,\"valueName\":\"search_term_string\"}}],\"inLanguage\":\"es\"},{\"@type\":\"Organization\",\"@id\":\"https:\\\/\\\/www.ip.gov.py\\\/ip\\\/#organization\",\"name\":\"Agencia IP\",\"url\":\"https:\\\/\\\/www.ip.gov.py\\\/ip\\\/\",\"logo\":{\"@type\":\"ImageObject\",\"inLanguage\":\"es\",\"@id\":\"https:\\\/\\\/www.ip.gov.py\\\/ip\\\/#\\\/schema\\\/logo\\\/image\\\/\",\"url\":\"https:\\\/\\\/www.ip.gov.py\\\/ip\\\/wp-content\\\/uploads\\\/2018\\\/01\\\/Agencia-IP.jpg\",\"contentUrl\":\"https:\\\/\\\/www.ip.gov.py\\\/ip\\\/wp-content\\\/uploads\\\/2018\\\/01\\\/Agencia-IP.jpg\",\"width\":150,\"height\":150,\"caption\":\"Agencia IP\"},\"image\":{\"@id\":\"https:\\\/\\\/www.ip.gov.py\\\/ip\\\/#\\\/schema\\\/logo\\\/image\\\/\"},\"sameAs\":[\"https:\\\/\\\/www.facebook.com\\\/IPParaguay\\\/\",\"https:\\\/\\\/x.com\\\/IPParaguay\",\"https:\\\/\\\/www.instagram.com\\\/IPParaguay\"]},{\"@type\":\"Person\",\"@id\":\"https:\\\/\\\/www.ip.gov.py\\\/ip\\\/#\\\/schema\\\/person\\\/fa3668852e893cb0423795330f919039\",\"name\":\"vrios\",\"url\":\"https:\\\/\\\/www.ip.gov.py\\\/ip\\\/author\\\/vrios\\\/\"}]}<\/script>\n<!-- \/ Yoast SEO plugin. -->","yoast_head_json":{"title":"Tras un a\u00f1o en pandemia, el mundo mira atr\u00e1s y hacia delante - .::Agencia IP::.","robots":{"index":"index","follow":"follow","max-snippet":"max-snippet:-1","max-image-preview":"max-image-preview:large","max-video-preview":"max-video-preview:-1"},"canonical":"https:\/\/www.ip.gov.py\/ip\/2021\/03\/10\/tras-un-ano-en-pandemia-el-mundo-mira-atras-y-hacia-delante\/","og_locale":"es_ES","og_type":"article","og_title":"Tras un a\u00f1o en pandemia, el mundo mira atr\u00e1s y hacia delante - .::Agencia IP::.","og_description":"Ginebra.-El 11 de marzo de 2020, la Organizaci\u00f3n Mundial de la Salud declar\u00f3 la pandemia de coronavirus.","og_url":"https:\/\/www.ip.gov.py\/ip\/2021\/03\/10\/tras-un-ano-en-pandemia-el-mundo-mira-atras-y-hacia-delante\/","og_site_name":".::Agencia IP::.","article_publisher":"https:\/\/www.facebook.com\/IPParaguay\/","article_published_time":"2021-03-10T10:47:01+00:00","og_image":[{"width":668,"height":376,"url":"https:\/\/www.ip.gov.py\/ip\/wp-content\/uploads\/2021\/03\/Coronnavirus.jpg","type":"image\/jpeg"}],"author":"vrios","twitter_card":"summary_large_image","twitter_creator":"@IPParaguay","twitter_site":"@IPParaguay","twitter_misc":{"Escrito por":"vrios","Tiempo de lectura":"6 minutos"},"schema":{"@context":"https:\/\/schema.org","@graph":[{"@type":"Article","@id":"https:\/\/www.ip.gov.py\/ip\/2021\/03\/10\/tras-un-ano-en-pandemia-el-mundo-mira-atras-y-hacia-delante\/#article","isPartOf":{"@id":"https:\/\/www.ip.gov.py\/ip\/2021\/03\/10\/tras-un-ano-en-pandemia-el-mundo-mira-atras-y-hacia-delante\/"},"author":{"name":"vrios","@id":"https:\/\/www.ip.gov.py\/ip\/#\/schema\/person\/fa3668852e893cb0423795330f919039"},"headline":"Tras un a\u00f1o en pandemia, el mundo mira atr\u00e1s y hacia delante","datePublished":"2021-03-10T10:47:01+00:00","mainEntityOfPage":{"@id":"https:\/\/www.ip.gov.py\/ip\/2021\/03\/10\/tras-un-ano-en-pandemia-el-mundo-mira-atras-y-hacia-delante\/"},"wordCount":1254,"publisher":{"@id":"https:\/\/www.ip.gov.py\/ip\/#organization"},"image":{"@id":"https:\/\/www.ip.gov.py\/ip\/2021\/03\/10\/tras-un-ano-en-pandemia-el-mundo-mira-atras-y-hacia-delante\/#primaryimage"},"thumbnailUrl":"https:\/\/www.ip.gov.py\/ip\/wp-content\/uploads\/2021\/03\/Coronnavirus.jpg","keywords":["Mundo","pandemia","Primer a\u00f1o","Situaci\u00f3n"],"articleSection":["Internacionales"],"inLanguage":"es"},{"@type":"WebPage","@id":"https:\/\/www.ip.gov.py\/ip\/2021\/03\/10\/tras-un-ano-en-pandemia-el-mundo-mira-atras-y-hacia-delante\/","url":"https:\/\/www.ip.gov.py\/ip\/2021\/03\/10\/tras-un-ano-en-pandemia-el-mundo-mira-atras-y-hacia-delante\/","name":"Tras un a\u00f1o en pandemia, el mundo mira atr\u00e1s y hacia delante - .::Agencia IP::.","isPartOf":{"@id":"https:\/\/www.ip.gov.py\/ip\/#website"},"primaryImageOfPage":{"@id":"https:\/\/www.ip.gov.py\/ip\/2021\/03\/10\/tras-un-ano-en-pandemia-el-mundo-mira-atras-y-hacia-delante\/#primaryimage"},"image":{"@id":"https:\/\/www.ip.gov.py\/ip\/2021\/03\/10\/tras-un-ano-en-pandemia-el-mundo-mira-atras-y-hacia-delante\/#primaryimage"},"thumbnailUrl":"https:\/\/www.ip.gov.py\/ip\/wp-content\/uploads\/2021\/03\/Coronnavirus.jpg","datePublished":"2021-03-10T10:47:01+00:00","breadcrumb":{"@id":"https:\/\/www.ip.gov.py\/ip\/2021\/03\/10\/tras-un-ano-en-pandemia-el-mundo-mira-atras-y-hacia-delante\/#breadcrumb"},"inLanguage":"es","potentialAction":[{"@type":"ReadAction","target":["https:\/\/www.ip.gov.py\/ip\/2021\/03\/10\/tras-un-ano-en-pandemia-el-mundo-mira-atras-y-hacia-delante\/"]}]},{"@type":"ImageObject","inLanguage":"es","@id":"https:\/\/www.ip.gov.py\/ip\/2021\/03\/10\/tras-un-ano-en-pandemia-el-mundo-mira-atras-y-hacia-delante\/#primaryimage","url":"https:\/\/www.ip.gov.py\/ip\/wp-content\/uploads\/2021\/03\/Coronnavirus.jpg","contentUrl":"https:\/\/www.ip.gov.py\/ip\/wp-content\/uploads\/2021\/03\/Coronnavirus.jpg","width":668,"height":376,"caption":"Efe"},{"@type":"BreadcrumbList","@id":"https:\/\/www.ip.gov.py\/ip\/2021\/03\/10\/tras-un-ano-en-pandemia-el-mundo-mira-atras-y-hacia-delante\/#breadcrumb","itemListElement":[{"@type":"ListItem","position":1,"name":"Portada","item":"https:\/\/www.ip.gov.py\/ip\/"},{"@type":"ListItem","position":2,"name":"Tras un a\u00f1o en pandemia, el mundo mira atr\u00e1s y hacia delante"}]},{"@type":"WebSite","@id":"https:\/\/www.ip.gov.py\/ip\/#website","url":"https:\/\/www.ip.gov.py\/ip\/","name":".::Agencia IP::.","description":"","publisher":{"@id":"https:\/\/www.ip.gov.py\/ip\/#organization"},"potentialAction":[{"@type":"SearchAction","target":{"@type":"EntryPoint","urlTemplate":"https:\/\/www.ip.gov.py\/ip\/?s={search_term_string}"},"query-input":{"@type":"PropertyValueSpecification","valueRequired":true,"valueName":"search_term_string"}}],"inLanguage":"es"},{"@type":"Organization","@id":"https:\/\/www.ip.gov.py\/ip\/#organization","name":"Agencia IP","url":"https:\/\/www.ip.gov.py\/ip\/","logo":{"@type":"ImageObject","inLanguage":"es","@id":"https:\/\/www.ip.gov.py\/ip\/#\/schema\/logo\/image\/","url":"https:\/\/www.ip.gov.py\/ip\/wp-content\/uploads\/2018\/01\/Agencia-IP.jpg","contentUrl":"https:\/\/www.ip.gov.py\/ip\/wp-content\/uploads\/2018\/01\/Agencia-IP.jpg","width":150,"height":150,"caption":"Agencia IP"},"image":{"@id":"https:\/\/www.ip.gov.py\/ip\/#\/schema\/logo\/image\/"},"sameAs":["https:\/\/www.facebook.com\/IPParaguay\/","https:\/\/x.com\/IPParaguay","https:\/\/www.instagram.com\/IPParaguay"]},{"@type":"Person","@id":"https:\/\/www.ip.gov.py\/ip\/#\/schema\/person\/fa3668852e893cb0423795330f919039","name":"vrios","url":"https:\/\/www.ip.gov.py\/ip\/author\/vrios\/"}]}},"_links":{"self":[{"href":"https:\/\/www.ip.gov.py\/ip\/wp-json\/wp\/v2\/posts\/356727","targetHints":{"allow":["GET"]}}],"collection":[{"href":"https:\/\/www.ip.gov.py\/ip\/wp-json\/wp\/v2\/posts"}],"about":[{"href":"https:\/\/www.ip.gov.py\/ip\/wp-json\/wp\/v2\/types\/post"}],"author":[{"embeddable":true,"href":"https:\/\/www.ip.gov.py\/ip\/wp-json\/wp\/v2\/users\/11"}],"replies":[{"embeddable":true,"href":"https:\/\/www.ip.gov.py\/ip\/wp-json\/wp\/v2\/comments?post=356727"}],"version-history":[{"count":0,"href":"https:\/\/www.ip.gov.py\/ip\/wp-json\/wp\/v2\/posts\/356727\/revisions"}],"wp:featuredmedia":[{"embeddable":true,"href":"https:\/\/www.ip.gov.py\/ip\/wp-json\/wp\/v2\/media\/356728"}],"wp:attachment":[{"href":"https:\/\/www.ip.gov.py\/ip\/wp-json\/wp\/v2\/media?parent=356727"}],"wp:term":[{"taxonomy":"category","embeddable":true,"href":"https:\/\/www.ip.gov.py\/ip\/wp-json\/wp\/v2\/categories?post=356727"},{"taxonomy":"post_tag","embeddable":true,"href":"https:\/\/www.ip.gov.py\/ip\/wp-json\/wp\/v2\/tags?post=356727"}],"curies":[{"name":"wp","href":"https:\/\/api.w.org\/{rel}","templated":true}]}}