{"id":357706,"date":"2021-03-17T08:01:57","date_gmt":"2021-03-17T11:01:57","guid":{"rendered":"https:\/\/www.ip.gov.py\/ip\/?p=357706"},"modified":"2021-03-17T08:01:57","modified_gmt":"2021-03-17T11:01:57","slug":"joe-biden-les-dejo-un-claro-mensaje-a-los-migrantes-que-quieren-ingresar-en-estados-unidos-no-vengan","status":"publish","type":"post","link":"https:\/\/www.ip.gov.py\/ip\/2021\/03\/17\/joe-biden-les-dejo-un-claro-mensaje-a-los-migrantes-que-quieren-ingresar-en-estados-unidos-no-vengan\/","title":{"rendered":"Joe Biden les dej\u00f3 un claro mensaje a los migrantes que quieren ingresar en Estados Unidos: \u201cNo vengan\u201d"},"content":{"rendered":"<p><strong>Washington.-<\/strong>Las <em>declaraciones<\/em> del presidente llegaron luego de las cr\u00edticas por el aumento de personas que llegan a la frontera con M\u00e9xico, incluidos miles de menores de edad que viajan sin acompa\u00f1antes.<!--more--><\/p>\n<p>El presidente de Estados Unidos, Joe Biden, pidi\u00f3 a los migrantes no ingresar en el pa\u00eds, mientras en paralelo crecen las cr\u00edticas por el aumento de personas que llegan a la frontera con M\u00e9xico, incluidos miles de menores de edad que viajan sin acompa\u00f1antes.<\/p>\n<p>\u00abPuedo decir claramente &#8216;No vengan&#8217; (&#8230;) No dejen su ciudad o comunidad\u00bb, remarc\u00f3 en una entrevista con ABC News, dirigi\u00e9ndose a los migrantes.<\/p>\n<p>Horas despu\u00e9s de que su jefe de seguridad interior defendiera las pol\u00edticas migratorias del gobierno, Biden tambi\u00e9n rechaz\u00f3 los se\u00f1alamientos que sugieren que su decisi\u00f3n de acabar con la pol\u00edtica de mano dura de su antecesor, Donald Trump, fue lo que provoc\u00f3 el incremento de llegadas desde el extranjero. Adem\u00e1s, se\u00f1al\u00f3 que ha habido aumentos similares en 2019 y 2020.<\/p>\n<p>El nuevo gobierno dem\u00f3crata busca desmantelar muchas de las pol\u00edticas implementadas por Trump, y quiere que el Congreso apruebe una amplia reforma migratoria para dar una v\u00eda a la ciudadan\u00eda a millones de indocumentados.<\/p>\n<p>Por su parte, cr\u00edticos republicanos sostienen que las pol\u00edticas de Biden ocasionaron el fuerte aumento de migrantes que buscan cruzar ilegalmente a Estados Unidos.<\/p>\n<p>\u00abEstamos en v\u00edas de registrar m\u00e1s personas en la frontera sur que en los \u00faltimos 20 a\u00f1os\u00bb, afirm\u00f3 Alejandro Mayorkas, jefe del Departamento de Seguridad Interior (DHS) en un comunicado emitido durante la ma\u00f1ana de este martes.<\/p>\n<p>Y a\u00f1adi\u00f3: \u00abEsto no es nuevo. Hemos experimentado aumentos de la migraci\u00f3n antes, en 2019, en 2014 y antes tambi\u00e9n. Desde abril de 2020 la cantidad registrada en la frontera sur no ha dejado de aumentar\u00bb.<\/p>\n<p>En febrero, fueron arrestadas unas 100.000 personas en la frontera sur -entre ellas 9.457 menores no acompa\u00f1ados-, lo que representa un aumento del 28% respecto de enero, seg\u00fan las autoridades.<\/p>\n<p>En tanto, Mayorkas asegur\u00f3 que el aumento de la llegada de menores se debe a que se puso fin a la pol\u00edtica del gobierno anterior de \u00abexpulsar cruelmente a peque\u00f1os ni\u00f1os y dejarlos en manos de traficantes\u00bb.<\/p>\n<p>\u00abSon ni\u00f1os vulnerables y hemos acabado con la pr\u00e1ctica de la administraci\u00f3n anterior de expulsarlos\u00bb, aclar\u00f3, al tiempo que inform\u00f3 que la mayor\u00eda de las detenciones en la frontera son de adultos que viajan solos y que son devueltos, salvo que sufran alguna \u00abvulnerabilidad grave\u00bb.<\/p>\n<p>En tanto, las familias tambi\u00e9n son devueltas a M\u00e9xico o a sus pa\u00edses de origen, para respetar las reglas impuestas por la pandemia \u00absalvo cuando M\u00e9xico no tiene capacidad de recibirlos\u00bb.<\/p>\n<p>Seg\u00fan Mayorkas, quien es el primer latino y el primer inmigrante en encabezar el DHS, el alza en las llegadas de migrantes se debe a la \u00abpobreza, los elevados niveles de violencia y la corrupci\u00f3n\u00bb en M\u00e9xico, Guatemala, El Salvador y Honduras.Clarin.<\/p>\n","protected":false},"excerpt":{"rendered":"<p>Washington.-Las declaraciones del presidente llegaron luego de las cr\u00edticas por el aumento de personas que llegan a la frontera con M\u00e9xico, incluidos miles de menores de edad que viajan sin acompa\u00f1antes.<\/p>\n","protected":false},"author":11,"featured_media":357707,"comment_status":"closed","ping_status":"closed","sticky":false,"template":"","format":"standard","meta":{"_monsterinsights_skip_tracking":false,"_monsterinsights_sitenote_active":false,"_monsterinsights_sitenote_note":"","_monsterinsights_sitenote_category":0,"footnotes":""},"categories":[5],"tags":[3368,368,79,5459],"class_list":{"0":"post-357706","1":"post","2":"type-post","3":"status-publish","4":"format-standard","5":"has-post-thumbnail","7":"category-internacionales","8":"tag-biden","9":"tag-ee-uu","10":"tag-migrantes","11":"tag-pedido"},"yoast_head":"<!-- This site is optimized with the Yoast SEO plugin v27.5 - https:\/\/yoast.com\/product\/yoast-seo-wordpress\/ -->\n<title>Joe Biden les dej\u00f3 un claro mensaje a los migrantes que quieren ingresar en Estados Unidos: \u201cNo vengan\u201d - .::Agencia IP::.<\/title>\n<meta name=\"robots\" content=\"index, follow, max-snippet:-1, max-image-preview:large, max-video-preview:-1\" \/>\n<link rel=\"canonical\" href=\"https:\/\/www.ip.gov.py\/ip\/2021\/03\/17\/joe-biden-les-dejo-un-claro-mensaje-a-los-migrantes-que-quieren-ingresar-en-estados-unidos-no-vengan\/\" \/>\n<meta property=\"og:locale\" content=\"es_ES\" \/>\n<meta property=\"og:type\" content=\"article\" \/>\n<meta property=\"og:title\" content=\"Joe Biden les dej\u00f3 un claro mensaje a los migrantes que quieren ingresar en Estados Unidos: \u201cNo vengan\u201d - .::Agencia IP::.\" \/>\n<meta property=\"og:description\" content=\"Washington.-Las declaraciones del presidente llegaron luego de las cr\u00edticas por el aumento de personas que llegan a la frontera con M\u00e9xico, incluidos miles de menores de edad que viajan sin acompa\u00f1antes.\" \/>\n<meta property=\"og:url\" content=\"https:\/\/www.ip.gov.py\/ip\/2021\/03\/17\/joe-biden-les-dejo-un-claro-mensaje-a-los-migrantes-que-quieren-ingresar-en-estados-unidos-no-vengan\/\" \/>\n<meta property=\"og:site_name\" content=\".::Agencia IP::.\" \/>\n<meta property=\"article:publisher\" content=\"https:\/\/www.facebook.com\/IPParaguay\/\" \/>\n<meta property=\"article:published_time\" content=\"2021-03-17T11:01:57+00:00\" \/>\n<meta property=\"og:image\" content=\"https:\/\/www.ip.gov.py\/ip\/wp-content\/uploads\/2021\/03\/Biden-3.jpg\" \/>\n\t<meta property=\"og:image:width\" content=\"688\" \/>\n\t<meta property=\"og:image:height\" content=\"458\" \/>\n\t<meta property=\"og:image:type\" content=\"image\/jpeg\" \/>\n<meta name=\"author\" content=\"vrios\" \/>\n<meta name=\"twitter:card\" content=\"summary_large_image\" \/>\n<meta name=\"twitter:creator\" content=\"@IPParaguay\" \/>\n<meta name=\"twitter:site\" content=\"@IPParaguay\" \/>\n<meta name=\"twitter:label1\" content=\"Escrito por\" \/>\n\t<meta name=\"twitter:data1\" content=\"vrios\" \/>\n\t<meta name=\"twitter:label2\" content=\"Tiempo de lectura\" \/>\n\t<meta name=\"twitter:data2\" content=\"3 minutos\" \/>\n<script type=\"application\/ld+json\" class=\"yoast-schema-graph\">{\"@context\":\"https:\\\/\\\/schema.org\",\"@graph\":[{\"@type\":\"Article\",\"@id\":\"https:\\\/\\\/www.ip.gov.py\\\/ip\\\/2021\\\/03\\\/17\\\/joe-biden-les-dejo-un-claro-mensaje-a-los-migrantes-que-quieren-ingresar-en-estados-unidos-no-vengan\\\/#article\",\"isPartOf\":{\"@id\":\"https:\\\/\\\/www.ip.gov.py\\\/ip\\\/2021\\\/03\\\/17\\\/joe-biden-les-dejo-un-claro-mensaje-a-los-migrantes-que-quieren-ingresar-en-estados-unidos-no-vengan\\\/\"},\"author\":{\"name\":\"vrios\",\"@id\":\"https:\\\/\\\/www.ip.gov.py\\\/ip\\\/#\\\/schema\\\/person\\\/fa3668852e893cb0423795330f919039\"},\"headline\":\"Joe Biden les dej\u00f3 un claro mensaje a los migrantes que quieren ingresar en Estados Unidos: \u201cNo vengan\u201d\",\"datePublished\":\"2021-03-17T11:01:57+00:00\",\"mainEntityOfPage\":{\"@id\":\"https:\\\/\\\/www.ip.gov.py\\\/ip\\\/2021\\\/03\\\/17\\\/joe-biden-les-dejo-un-claro-mensaje-a-los-migrantes-que-quieren-ingresar-en-estados-unidos-no-vengan\\\/\"},\"wordCount\":529,\"publisher\":{\"@id\":\"https:\\\/\\\/www.ip.gov.py\\\/ip\\\/#organization\"},\"image\":{\"@id\":\"https:\\\/\\\/www.ip.gov.py\\\/ip\\\/2021\\\/03\\\/17\\\/joe-biden-les-dejo-un-claro-mensaje-a-los-migrantes-que-quieren-ingresar-en-estados-unidos-no-vengan\\\/#primaryimage\"},\"thumbnailUrl\":\"https:\\\/\\\/www.ip.gov.py\\\/ip\\\/wp-content\\\/uploads\\\/2021\\\/03\\\/Biden-3.jpg\",\"keywords\":[\"Biden\",\"EE.UU\",\"migrantes\",\"Pedido\"],\"articleSection\":[\"Internacionales\"],\"inLanguage\":\"es\"},{\"@type\":\"WebPage\",\"@id\":\"https:\\\/\\\/www.ip.gov.py\\\/ip\\\/2021\\\/03\\\/17\\\/joe-biden-les-dejo-un-claro-mensaje-a-los-migrantes-que-quieren-ingresar-en-estados-unidos-no-vengan\\\/\",\"url\":\"https:\\\/\\\/www.ip.gov.py\\\/ip\\\/2021\\\/03\\\/17\\\/joe-biden-les-dejo-un-claro-mensaje-a-los-migrantes-que-quieren-ingresar-en-estados-unidos-no-vengan\\\/\",\"name\":\"Joe Biden les dej\u00f3 un claro mensaje a los migrantes que quieren ingresar en Estados Unidos: \u201cNo vengan\u201d - .::Agencia IP::.\",\"isPartOf\":{\"@id\":\"https:\\\/\\\/www.ip.gov.py\\\/ip\\\/#website\"},\"primaryImageOfPage\":{\"@id\":\"https:\\\/\\\/www.ip.gov.py\\\/ip\\\/2021\\\/03\\\/17\\\/joe-biden-les-dejo-un-claro-mensaje-a-los-migrantes-que-quieren-ingresar-en-estados-unidos-no-vengan\\\/#primaryimage\"},\"image\":{\"@id\":\"https:\\\/\\\/www.ip.gov.py\\\/ip\\\/2021\\\/03\\\/17\\\/joe-biden-les-dejo-un-claro-mensaje-a-los-migrantes-que-quieren-ingresar-en-estados-unidos-no-vengan\\\/#primaryimage\"},\"thumbnailUrl\":\"https:\\\/\\\/www.ip.gov.py\\\/ip\\\/wp-content\\\/uploads\\\/2021\\\/03\\\/Biden-3.jpg\",\"datePublished\":\"2021-03-17T11:01:57+00:00\",\"breadcrumb\":{\"@id\":\"https:\\\/\\\/www.ip.gov.py\\\/ip\\\/2021\\\/03\\\/17\\\/joe-biden-les-dejo-un-claro-mensaje-a-los-migrantes-que-quieren-ingresar-en-estados-unidos-no-vengan\\\/#breadcrumb\"},\"inLanguage\":\"es\",\"potentialAction\":[{\"@type\":\"ReadAction\",\"target\":[\"https:\\\/\\\/www.ip.gov.py\\\/ip\\\/2021\\\/03\\\/17\\\/joe-biden-les-dejo-un-claro-mensaje-a-los-migrantes-que-quieren-ingresar-en-estados-unidos-no-vengan\\\/\"]}]},{\"@type\":\"ImageObject\",\"inLanguage\":\"es\",\"@id\":\"https:\\\/\\\/www.ip.gov.py\\\/ip\\\/2021\\\/03\\\/17\\\/joe-biden-les-dejo-un-claro-mensaje-a-los-migrantes-que-quieren-ingresar-en-estados-unidos-no-vengan\\\/#primaryimage\",\"url\":\"https:\\\/\\\/www.ip.gov.py\\\/ip\\\/wp-content\\\/uploads\\\/2021\\\/03\\\/Biden-3.jpg\",\"contentUrl\":\"https:\\\/\\\/www.ip.gov.py\\\/ip\\\/wp-content\\\/uploads\\\/2021\\\/03\\\/Biden-3.jpg\",\"width\":688,\"height\":458,\"caption\":\"Yahoo Noticias Espa\u00f1a\"},{\"@type\":\"BreadcrumbList\",\"@id\":\"https:\\\/\\\/www.ip.gov.py\\\/ip\\\/2021\\\/03\\\/17\\\/joe-biden-les-dejo-un-claro-mensaje-a-los-migrantes-que-quieren-ingresar-en-estados-unidos-no-vengan\\\/#breadcrumb\",\"itemListElement\":[{\"@type\":\"ListItem\",\"position\":1,\"name\":\"Portada\",\"item\":\"https:\\\/\\\/www.ip.gov.py\\\/ip\\\/\"},{\"@type\":\"ListItem\",\"position\":2,\"name\":\"Joe Biden les dej\u00f3 un claro mensaje a los migrantes que quieren ingresar en Estados Unidos: \u201cNo vengan\u201d\"}]},{\"@type\":\"WebSite\",\"@id\":\"https:\\\/\\\/www.ip.gov.py\\\/ip\\\/#website\",\"url\":\"https:\\\/\\\/www.ip.gov.py\\\/ip\\\/\",\"name\":\".::Agencia IP::.\",\"description\":\"\",\"publisher\":{\"@id\":\"https:\\\/\\\/www.ip.gov.py\\\/ip\\\/#organization\"},\"potentialAction\":[{\"@type\":\"SearchAction\",\"target\":{\"@type\":\"EntryPoint\",\"urlTemplate\":\"https:\\\/\\\/www.ip.gov.py\\\/ip\\\/?s={search_term_string}\"},\"query-input\":{\"@type\":\"PropertyValueSpecification\",\"valueRequired\":true,\"valueName\":\"search_term_string\"}}],\"inLanguage\":\"es\"},{\"@type\":\"Organization\",\"@id\":\"https:\\\/\\\/www.ip.gov.py\\\/ip\\\/#organization\",\"name\":\"Agencia IP\",\"url\":\"https:\\\/\\\/www.ip.gov.py\\\/ip\\\/\",\"logo\":{\"@type\":\"ImageObject\",\"inLanguage\":\"es\",\"@id\":\"https:\\\/\\\/www.ip.gov.py\\\/ip\\\/#\\\/schema\\\/logo\\\/image\\\/\",\"url\":\"https:\\\/\\\/www.ip.gov.py\\\/ip\\\/wp-content\\\/uploads\\\/2018\\\/01\\\/Agencia-IP.jpg\",\"contentUrl\":\"https:\\\/\\\/www.ip.gov.py\\\/ip\\\/wp-content\\\/uploads\\\/2018\\\/01\\\/Agencia-IP.jpg\",\"width\":150,\"height\":150,\"caption\":\"Agencia IP\"},\"image\":{\"@id\":\"https:\\\/\\\/www.ip.gov.py\\\/ip\\\/#\\\/schema\\\/logo\\\/image\\\/\"},\"sameAs\":[\"https:\\\/\\\/www.facebook.com\\\/IPParaguay\\\/\",\"https:\\\/\\\/x.com\\\/IPParaguay\",\"https:\\\/\\\/www.instagram.com\\\/IPParaguay\"]},{\"@type\":\"Person\",\"@id\":\"https:\\\/\\\/www.ip.gov.py\\\/ip\\\/#\\\/schema\\\/person\\\/fa3668852e893cb0423795330f919039\",\"name\":\"vrios\",\"url\":\"https:\\\/\\\/www.ip.gov.py\\\/ip\\\/author\\\/vrios\\\/\"}]}<\/script>\n<!-- \/ Yoast SEO plugin. -->","yoast_head_json":{"title":"Joe Biden les dej\u00f3 un claro mensaje a los migrantes que quieren ingresar en Estados Unidos: \u201cNo vengan\u201d - .::Agencia IP::.","robots":{"index":"index","follow":"follow","max-snippet":"max-snippet:-1","max-image-preview":"max-image-preview:large","max-video-preview":"max-video-preview:-1"},"canonical":"https:\/\/www.ip.gov.py\/ip\/2021\/03\/17\/joe-biden-les-dejo-un-claro-mensaje-a-los-migrantes-que-quieren-ingresar-en-estados-unidos-no-vengan\/","og_locale":"es_ES","og_type":"article","og_title":"Joe Biden les dej\u00f3 un claro mensaje a los migrantes que quieren ingresar en Estados Unidos: \u201cNo vengan\u201d - .::Agencia IP::.","og_description":"Washington.-Las declaraciones del presidente llegaron luego de las cr\u00edticas por el aumento de personas que llegan a la frontera con M\u00e9xico, incluidos miles de menores de edad que viajan sin acompa\u00f1antes.","og_url":"https:\/\/www.ip.gov.py\/ip\/2021\/03\/17\/joe-biden-les-dejo-un-claro-mensaje-a-los-migrantes-que-quieren-ingresar-en-estados-unidos-no-vengan\/","og_site_name":".::Agencia IP::.","article_publisher":"https:\/\/www.facebook.com\/IPParaguay\/","article_published_time":"2021-03-17T11:01:57+00:00","og_image":[{"width":688,"height":458,"url":"https:\/\/www.ip.gov.py\/ip\/wp-content\/uploads\/2021\/03\/Biden-3.jpg","type":"image\/jpeg"}],"author":"vrios","twitter_card":"summary_large_image","twitter_creator":"@IPParaguay","twitter_site":"@IPParaguay","twitter_misc":{"Escrito por":"vrios","Tiempo de lectura":"3 minutos"},"schema":{"@context":"https:\/\/schema.org","@graph":[{"@type":"Article","@id":"https:\/\/www.ip.gov.py\/ip\/2021\/03\/17\/joe-biden-les-dejo-un-claro-mensaje-a-los-migrantes-que-quieren-ingresar-en-estados-unidos-no-vengan\/#article","isPartOf":{"@id":"https:\/\/www.ip.gov.py\/ip\/2021\/03\/17\/joe-biden-les-dejo-un-claro-mensaje-a-los-migrantes-que-quieren-ingresar-en-estados-unidos-no-vengan\/"},"author":{"name":"vrios","@id":"https:\/\/www.ip.gov.py\/ip\/#\/schema\/person\/fa3668852e893cb0423795330f919039"},"headline":"Joe Biden les dej\u00f3 un claro mensaje a los migrantes que quieren ingresar en Estados Unidos: \u201cNo vengan\u201d","datePublished":"2021-03-17T11:01:57+00:00","mainEntityOfPage":{"@id":"https:\/\/www.ip.gov.py\/ip\/2021\/03\/17\/joe-biden-les-dejo-un-claro-mensaje-a-los-migrantes-que-quieren-ingresar-en-estados-unidos-no-vengan\/"},"wordCount":529,"publisher":{"@id":"https:\/\/www.ip.gov.py\/ip\/#organization"},"image":{"@id":"https:\/\/www.ip.gov.py\/ip\/2021\/03\/17\/joe-biden-les-dejo-un-claro-mensaje-a-los-migrantes-que-quieren-ingresar-en-estados-unidos-no-vengan\/#primaryimage"},"thumbnailUrl":"https:\/\/www.ip.gov.py\/ip\/wp-content\/uploads\/2021\/03\/Biden-3.jpg","keywords":["Biden","EE.UU","migrantes","Pedido"],"articleSection":["Internacionales"],"inLanguage":"es"},{"@type":"WebPage","@id":"https:\/\/www.ip.gov.py\/ip\/2021\/03\/17\/joe-biden-les-dejo-un-claro-mensaje-a-los-migrantes-que-quieren-ingresar-en-estados-unidos-no-vengan\/","url":"https:\/\/www.ip.gov.py\/ip\/2021\/03\/17\/joe-biden-les-dejo-un-claro-mensaje-a-los-migrantes-que-quieren-ingresar-en-estados-unidos-no-vengan\/","name":"Joe Biden les dej\u00f3 un claro mensaje a los migrantes que quieren ingresar en Estados Unidos: \u201cNo vengan\u201d - .::Agencia IP::.","isPartOf":{"@id":"https:\/\/www.ip.gov.py\/ip\/#website"},"primaryImageOfPage":{"@id":"https:\/\/www.ip.gov.py\/ip\/2021\/03\/17\/joe-biden-les-dejo-un-claro-mensaje-a-los-migrantes-que-quieren-ingresar-en-estados-unidos-no-vengan\/#primaryimage"},"image":{"@id":"https:\/\/www.ip.gov.py\/ip\/2021\/03\/17\/joe-biden-les-dejo-un-claro-mensaje-a-los-migrantes-que-quieren-ingresar-en-estados-unidos-no-vengan\/#primaryimage"},"thumbnailUrl":"https:\/\/www.ip.gov.py\/ip\/wp-content\/uploads\/2021\/03\/Biden-3.jpg","datePublished":"2021-03-17T11:01:57+00:00","breadcrumb":{"@id":"https:\/\/www.ip.gov.py\/ip\/2021\/03\/17\/joe-biden-les-dejo-un-claro-mensaje-a-los-migrantes-que-quieren-ingresar-en-estados-unidos-no-vengan\/#breadcrumb"},"inLanguage":"es","potentialAction":[{"@type":"ReadAction","target":["https:\/\/www.ip.gov.py\/ip\/2021\/03\/17\/joe-biden-les-dejo-un-claro-mensaje-a-los-migrantes-que-quieren-ingresar-en-estados-unidos-no-vengan\/"]}]},{"@type":"ImageObject","inLanguage":"es","@id":"https:\/\/www.ip.gov.py\/ip\/2021\/03\/17\/joe-biden-les-dejo-un-claro-mensaje-a-los-migrantes-que-quieren-ingresar-en-estados-unidos-no-vengan\/#primaryimage","url":"https:\/\/www.ip.gov.py\/ip\/wp-content\/uploads\/2021\/03\/Biden-3.jpg","contentUrl":"https:\/\/www.ip.gov.py\/ip\/wp-content\/uploads\/2021\/03\/Biden-3.jpg","width":688,"height":458,"caption":"Yahoo Noticias Espa\u00f1a"},{"@type":"BreadcrumbList","@id":"https:\/\/www.ip.gov.py\/ip\/2021\/03\/17\/joe-biden-les-dejo-un-claro-mensaje-a-los-migrantes-que-quieren-ingresar-en-estados-unidos-no-vengan\/#breadcrumb","itemListElement":[{"@type":"ListItem","position":1,"name":"Portada","item":"https:\/\/www.ip.gov.py\/ip\/"},{"@type":"ListItem","position":2,"name":"Joe Biden les dej\u00f3 un claro mensaje a los migrantes que quieren ingresar en Estados Unidos: \u201cNo vengan\u201d"}]},{"@type":"WebSite","@id":"https:\/\/www.ip.gov.py\/ip\/#website","url":"https:\/\/www.ip.gov.py\/ip\/","name":".::Agencia IP::.","description":"","publisher":{"@id":"https:\/\/www.ip.gov.py\/ip\/#organization"},"potentialAction":[{"@type":"SearchAction","target":{"@type":"EntryPoint","urlTemplate":"https:\/\/www.ip.gov.py\/ip\/?s={search_term_string}"},"query-input":{"@type":"PropertyValueSpecification","valueRequired":true,"valueName":"search_term_string"}}],"inLanguage":"es"},{"@type":"Organization","@id":"https:\/\/www.ip.gov.py\/ip\/#organization","name":"Agencia IP","url":"https:\/\/www.ip.gov.py\/ip\/","logo":{"@type":"ImageObject","inLanguage":"es","@id":"https:\/\/www.ip.gov.py\/ip\/#\/schema\/logo\/image\/","url":"https:\/\/www.ip.gov.py\/ip\/wp-content\/uploads\/2018\/01\/Agencia-IP.jpg","contentUrl":"https:\/\/www.ip.gov.py\/ip\/wp-content\/uploads\/2018\/01\/Agencia-IP.jpg","width":150,"height":150,"caption":"Agencia IP"},"image":{"@id":"https:\/\/www.ip.gov.py\/ip\/#\/schema\/logo\/image\/"},"sameAs":["https:\/\/www.facebook.com\/IPParaguay\/","https:\/\/x.com\/IPParaguay","https:\/\/www.instagram.com\/IPParaguay"]},{"@type":"Person","@id":"https:\/\/www.ip.gov.py\/ip\/#\/schema\/person\/fa3668852e893cb0423795330f919039","name":"vrios","url":"https:\/\/www.ip.gov.py\/ip\/author\/vrios\/"}]}},"_links":{"self":[{"href":"https:\/\/www.ip.gov.py\/ip\/wp-json\/wp\/v2\/posts\/357706","targetHints":{"allow":["GET"]}}],"collection":[{"href":"https:\/\/www.ip.gov.py\/ip\/wp-json\/wp\/v2\/posts"}],"about":[{"href":"https:\/\/www.ip.gov.py\/ip\/wp-json\/wp\/v2\/types\/post"}],"author":[{"embeddable":true,"href":"https:\/\/www.ip.gov.py\/ip\/wp-json\/wp\/v2\/users\/11"}],"replies":[{"embeddable":true,"href":"https:\/\/www.ip.gov.py\/ip\/wp-json\/wp\/v2\/comments?post=357706"}],"version-history":[{"count":0,"href":"https:\/\/www.ip.gov.py\/ip\/wp-json\/wp\/v2\/posts\/357706\/revisions"}],"wp:featuredmedia":[{"embeddable":true,"href":"https:\/\/www.ip.gov.py\/ip\/wp-json\/wp\/v2\/media\/357707"}],"wp:attachment":[{"href":"https:\/\/www.ip.gov.py\/ip\/wp-json\/wp\/v2\/media?parent=357706"}],"wp:term":[{"taxonomy":"category","embeddable":true,"href":"https:\/\/www.ip.gov.py\/ip\/wp-json\/wp\/v2\/categories?post=357706"},{"taxonomy":"post_tag","embeddable":true,"href":"https:\/\/www.ip.gov.py\/ip\/wp-json\/wp\/v2\/tags?post=357706"}],"curies":[{"name":"wp","href":"https:\/\/api.w.org\/{rel}","templated":true}]}}