{"id":358066,"date":"2021-03-19T09:28:24","date_gmt":"2021-03-19T12:28:24","guid":{"rendered":"https:\/\/www.ip.gov.py\/ip\/?p=358066"},"modified":"2021-03-19T09:28:24","modified_gmt":"2021-03-19T12:28:24","slug":"rio-prohibio-entrar-al-mar-e-ir-a-la-playa-ante-el-95-de-ocupacion-de-terapia-intensiva","status":"publish","type":"post","link":"https:\/\/www.ip.gov.py\/ip\/2021\/03\/19\/rio-prohibio-entrar-al-mar-e-ir-a-la-playa-ante-el-95-de-ocupacion-de-terapia-intensiva\/","title":{"rendered":"R\u00edo prohibi\u00f3 entrar al mar e ir a la playa, ante el 95% de ocupaci\u00f3n de terapia intensiva"},"content":{"rendered":"<p style=\"text-align: justify;\"><em><strong>Rio de Janeiro.-<\/strong><\/em>La ciudad de R\u00edo de Janeiro, considerada la capital tur\u00edstica de Brasil, decret\u00f3 el toque de queda nocturno y extrem\u00f3 una serie de medidas, para\u00a0 contener el avance de los contagios de coronavirus.<!--more--><\/p>\n<p style=\"text-align: justify;\">La ciudad de R\u00edo de Janeiro, considerada la capital tur\u00edstica de Brasil, decret\u00f3 este viernes la prohibici\u00f3n del uso de las playas y del ba\u00f1o de mar durante este fin de semana, con toque de queda nocturno, para contener el avance de los contagios de coronavirus.<\/p>\n<p style=\"text-align: justify;\">El decreto fue publicado en el Diario Oficial del Municipio de la &#8216;ciudad maravillosa&#8217; por el intendente Eduardo Paes, teniendo en cuenta que R\u00edo de Janeiro es la segunda ciudad m\u00e1s populosa de Brasil.<\/p>\n<p style=\"text-align: justify;\">La medida establece el cese de entradas de pasajeros a la ciudad en \u00f3mnibus y combis, salvo los de los hoteles, con retenes en los principales accesos.<\/p>\n<p style=\"text-align: justify;\">Esta semana la ocupaci\u00f3n de camas de terapia intensiva en la ciudad de Rio en la red p\u00fablica lleg\u00f3 a 95%.<\/p>\n<p style=\"text-align: justify;\">Los \u00abquiosques\u00bb -bares y caf\u00e9s instalados en la costanera de las playas de Leme, Copacabana, Ipanema, Lebl\u00f3n y Barra de Tijuca- fueron autorizados a seguir funcionando, aunque se prohibi\u00f3 el estacionamiento en la regi\u00f3n.<\/p>\n<p style=\"text-align: justify;\">La medida dura hasta las 5 del lunes y tiene como finalidad reducir aglomeraciones para enfrentar la demanda hospitalaria.<\/p>\n<p style=\"text-align: justify;\">R\u00edo de Janeiro y Roraima son los estados que est\u00e1n en estado cr\u00edtico pero no superaron el 80% de ocupaci\u00f3n hospitalaria como el resto del pa\u00eds, que tiene el sistema sanitario colapsado en lo que se refiere a ocupaci\u00f3n de camas UTI (terapia intensiva).<\/p>\n<p style=\"text-align: justify;\">Tambi\u00e9n fueron suspendidas las actividades recreativas de los fines de semana en Aterro de Flamengo, en una de las m\u00e1rgenes de la Bah\u00eda de Guanabara.<\/p>\n<p style=\"text-align: justify;\">R\u00edo ya ven\u00eda aplicado el toque de queda de 23 a 5 y permitiendo la circulaci\u00f3n en playas, pero no la permanencia.<\/p>\n<p style=\"text-align: justify;\">Las actividades econ\u00f3micas no est\u00e1n suspendidas pero para no llenar el transporte p\u00fablico los horarios de entrada de los trabajadores se hizo en forma escalonada por rubro.<\/p>\n<p style=\"text-align: justify;\">El intendente Paes planifica anticipar feriados para reducir la actividad la semana que viene, algo decretado por San Pablo, la mayor ciudad del pa\u00eds, que adelant\u00f3 cinco feriados (tres de 2022) para reducir al m\u00e1ximo la actividad econ\u00f3mica del 26 de marzo al 5 de abril, incluyendo la Semana Santa.<\/p>\n<p style=\"text-align: justify;\">La medida fue tomada luego de que un joven de 22 a\u00f1os muriera en San Pablo luego de 40 horas de espera por una cama de UTI para enfermos de Covid-19.T\u00e9lam.<\/p>\n","protected":false},"excerpt":{"rendered":"<p>Rio de Janeiro.-La ciudad de R\u00edo de Janeiro, considerada la capital tur\u00edstica de Brasil, decret\u00f3 el toque de queda nocturno y extrem\u00f3 una serie de medidas, para\u00a0 contener el avance de los contagios de coronavirus.<\/p>\n","protected":false},"author":11,"featured_media":358067,"comment_status":"closed","ping_status":"closed","sticky":false,"template":"","format":"standard","meta":{"_monsterinsights_skip_tracking":false,"_monsterinsights_sitenote_active":false,"_monsterinsights_sitenote_note":"","_monsterinsights_sitenote_category":0,"footnotes":""},"categories":[5],"tags":[335,3480,3000,5630],"class_list":{"0":"post-358066","1":"post","2":"type-post","3":"status-publish","4":"format-standard","5":"has-post-thumbnail","7":"category-internacionales","8":"tag-brasil","9":"tag-medidas","10":"tag-pandemia","11":"tag-rio-de-janeiro"},"yoast_head":"<!-- This site is optimized with the Yoast SEO plugin v27.5 - https:\/\/yoast.com\/product\/yoast-seo-wordpress\/ -->\n<title>R\u00edo prohibi\u00f3 entrar al mar e ir a la playa, ante el 95% de ocupaci\u00f3n de terapia intensiva - .::Agencia IP::.<\/title>\n<meta name=\"robots\" content=\"index, follow, max-snippet:-1, max-image-preview:large, max-video-preview:-1\" \/>\n<link rel=\"canonical\" href=\"https:\/\/www.ip.gov.py\/ip\/2021\/03\/19\/rio-prohibio-entrar-al-mar-e-ir-a-la-playa-ante-el-95-de-ocupacion-de-terapia-intensiva\/\" \/>\n<meta property=\"og:locale\" content=\"es_ES\" \/>\n<meta property=\"og:type\" content=\"article\" \/>\n<meta property=\"og:title\" content=\"R\u00edo prohibi\u00f3 entrar al mar e ir a la playa, ante el 95% de ocupaci\u00f3n de terapia intensiva - .::Agencia IP::.\" \/>\n<meta property=\"og:description\" content=\"Rio de Janeiro.-La ciudad de R\u00edo de Janeiro, considerada la capital tur\u00edstica de Brasil, decret\u00f3 el toque de queda nocturno y extrem\u00f3 una serie de medidas, para\u00a0 contener el avance de los contagios de coronavirus.\" \/>\n<meta property=\"og:url\" content=\"https:\/\/www.ip.gov.py\/ip\/2021\/03\/19\/rio-prohibio-entrar-al-mar-e-ir-a-la-playa-ante-el-95-de-ocupacion-de-terapia-intensiva\/\" \/>\n<meta property=\"og:site_name\" content=\".::Agencia IP::.\" \/>\n<meta property=\"article:publisher\" content=\"https:\/\/www.facebook.com\/IPParaguay\/\" \/>\n<meta property=\"article:published_time\" content=\"2021-03-19T12:28:24+00:00\" \/>\n<meta property=\"og:image\" content=\"https:\/\/www.ip.gov.py\/ip\/wp-content\/uploads\/2021\/03\/Brasil-3.jpg\" \/>\n\t<meta property=\"og:image:width\" content=\"673\" \/>\n\t<meta property=\"og:image:height\" content=\"379\" \/>\n\t<meta property=\"og:image:type\" content=\"image\/jpeg\" \/>\n<meta name=\"author\" content=\"vrios\" \/>\n<meta name=\"twitter:card\" content=\"summary_large_image\" \/>\n<meta name=\"twitter:creator\" content=\"@IPParaguay\" \/>\n<meta name=\"twitter:site\" content=\"@IPParaguay\" \/>\n<meta name=\"twitter:label1\" content=\"Escrito por\" \/>\n\t<meta name=\"twitter:data1\" content=\"vrios\" \/>\n\t<meta name=\"twitter:label2\" content=\"Tiempo de lectura\" \/>\n\t<meta name=\"twitter:data2\" content=\"2 minutos\" \/>\n<script type=\"application\/ld+json\" class=\"yoast-schema-graph\">{\"@context\":\"https:\\\/\\\/schema.org\",\"@graph\":[{\"@type\":\"Article\",\"@id\":\"https:\\\/\\\/www.ip.gov.py\\\/ip\\\/2021\\\/03\\\/19\\\/rio-prohibio-entrar-al-mar-e-ir-a-la-playa-ante-el-95-de-ocupacion-de-terapia-intensiva\\\/#article\",\"isPartOf\":{\"@id\":\"https:\\\/\\\/www.ip.gov.py\\\/ip\\\/2021\\\/03\\\/19\\\/rio-prohibio-entrar-al-mar-e-ir-a-la-playa-ante-el-95-de-ocupacion-de-terapia-intensiva\\\/\"},\"author\":{\"name\":\"vrios\",\"@id\":\"https:\\\/\\\/www.ip.gov.py\\\/ip\\\/#\\\/schema\\\/person\\\/fa3668852e893cb0423795330f919039\"},\"headline\":\"R\u00edo prohibi\u00f3 entrar al mar e ir a la playa, ante el 95% de ocupaci\u00f3n de terapia intensiva\",\"datePublished\":\"2021-03-19T12:28:24+00:00\",\"mainEntityOfPage\":{\"@id\":\"https:\\\/\\\/www.ip.gov.py\\\/ip\\\/2021\\\/03\\\/19\\\/rio-prohibio-entrar-al-mar-e-ir-a-la-playa-ante-el-95-de-ocupacion-de-terapia-intensiva\\\/\"},\"wordCount\":460,\"publisher\":{\"@id\":\"https:\\\/\\\/www.ip.gov.py\\\/ip\\\/#organization\"},\"image\":{\"@id\":\"https:\\\/\\\/www.ip.gov.py\\\/ip\\\/2021\\\/03\\\/19\\\/rio-prohibio-entrar-al-mar-e-ir-a-la-playa-ante-el-95-de-ocupacion-de-terapia-intensiva\\\/#primaryimage\"},\"thumbnailUrl\":\"https:\\\/\\\/www.ip.gov.py\\\/ip\\\/wp-content\\\/uploads\\\/2021\\\/03\\\/Brasil-3.jpg\",\"keywords\":[\"Brasil\",\"medidas\",\"pandemia\",\"Rio de Janeiro\"],\"articleSection\":[\"Internacionales\"],\"inLanguage\":\"es\"},{\"@type\":\"WebPage\",\"@id\":\"https:\\\/\\\/www.ip.gov.py\\\/ip\\\/2021\\\/03\\\/19\\\/rio-prohibio-entrar-al-mar-e-ir-a-la-playa-ante-el-95-de-ocupacion-de-terapia-intensiva\\\/\",\"url\":\"https:\\\/\\\/www.ip.gov.py\\\/ip\\\/2021\\\/03\\\/19\\\/rio-prohibio-entrar-al-mar-e-ir-a-la-playa-ante-el-95-de-ocupacion-de-terapia-intensiva\\\/\",\"name\":\"R\u00edo prohibi\u00f3 entrar al mar e ir a la playa, ante el 95% de ocupaci\u00f3n de terapia intensiva - .::Agencia IP::.\",\"isPartOf\":{\"@id\":\"https:\\\/\\\/www.ip.gov.py\\\/ip\\\/#website\"},\"primaryImageOfPage\":{\"@id\":\"https:\\\/\\\/www.ip.gov.py\\\/ip\\\/2021\\\/03\\\/19\\\/rio-prohibio-entrar-al-mar-e-ir-a-la-playa-ante-el-95-de-ocupacion-de-terapia-intensiva\\\/#primaryimage\"},\"image\":{\"@id\":\"https:\\\/\\\/www.ip.gov.py\\\/ip\\\/2021\\\/03\\\/19\\\/rio-prohibio-entrar-al-mar-e-ir-a-la-playa-ante-el-95-de-ocupacion-de-terapia-intensiva\\\/#primaryimage\"},\"thumbnailUrl\":\"https:\\\/\\\/www.ip.gov.py\\\/ip\\\/wp-content\\\/uploads\\\/2021\\\/03\\\/Brasil-3.jpg\",\"datePublished\":\"2021-03-19T12:28:24+00:00\",\"breadcrumb\":{\"@id\":\"https:\\\/\\\/www.ip.gov.py\\\/ip\\\/2021\\\/03\\\/19\\\/rio-prohibio-entrar-al-mar-e-ir-a-la-playa-ante-el-95-de-ocupacion-de-terapia-intensiva\\\/#breadcrumb\"},\"inLanguage\":\"es\",\"potentialAction\":[{\"@type\":\"ReadAction\",\"target\":[\"https:\\\/\\\/www.ip.gov.py\\\/ip\\\/2021\\\/03\\\/19\\\/rio-prohibio-entrar-al-mar-e-ir-a-la-playa-ante-el-95-de-ocupacion-de-terapia-intensiva\\\/\"]}]},{\"@type\":\"ImageObject\",\"inLanguage\":\"es\",\"@id\":\"https:\\\/\\\/www.ip.gov.py\\\/ip\\\/2021\\\/03\\\/19\\\/rio-prohibio-entrar-al-mar-e-ir-a-la-playa-ante-el-95-de-ocupacion-de-terapia-intensiva\\\/#primaryimage\",\"url\":\"https:\\\/\\\/www.ip.gov.py\\\/ip\\\/wp-content\\\/uploads\\\/2021\\\/03\\\/Brasil-3.jpg\",\"contentUrl\":\"https:\\\/\\\/www.ip.gov.py\\\/ip\\\/wp-content\\\/uploads\\\/2021\\\/03\\\/Brasil-3.jpg\",\"width\":673,\"height\":379,\"caption\":\"Foto T\u00e9lam\"},{\"@type\":\"BreadcrumbList\",\"@id\":\"https:\\\/\\\/www.ip.gov.py\\\/ip\\\/2021\\\/03\\\/19\\\/rio-prohibio-entrar-al-mar-e-ir-a-la-playa-ante-el-95-de-ocupacion-de-terapia-intensiva\\\/#breadcrumb\",\"itemListElement\":[{\"@type\":\"ListItem\",\"position\":1,\"name\":\"Portada\",\"item\":\"https:\\\/\\\/www.ip.gov.py\\\/ip\\\/\"},{\"@type\":\"ListItem\",\"position\":2,\"name\":\"R\u00edo prohibi\u00f3 entrar al mar e ir a la playa, ante el 95% de ocupaci\u00f3n de terapia intensiva\"}]},{\"@type\":\"WebSite\",\"@id\":\"https:\\\/\\\/www.ip.gov.py\\\/ip\\\/#website\",\"url\":\"https:\\\/\\\/www.ip.gov.py\\\/ip\\\/\",\"name\":\".::Agencia IP::.\",\"description\":\"\",\"publisher\":{\"@id\":\"https:\\\/\\\/www.ip.gov.py\\\/ip\\\/#organization\"},\"potentialAction\":[{\"@type\":\"SearchAction\",\"target\":{\"@type\":\"EntryPoint\",\"urlTemplate\":\"https:\\\/\\\/www.ip.gov.py\\\/ip\\\/?s={search_term_string}\"},\"query-input\":{\"@type\":\"PropertyValueSpecification\",\"valueRequired\":true,\"valueName\":\"search_term_string\"}}],\"inLanguage\":\"es\"},{\"@type\":\"Organization\",\"@id\":\"https:\\\/\\\/www.ip.gov.py\\\/ip\\\/#organization\",\"name\":\"Agencia IP\",\"url\":\"https:\\\/\\\/www.ip.gov.py\\\/ip\\\/\",\"logo\":{\"@type\":\"ImageObject\",\"inLanguage\":\"es\",\"@id\":\"https:\\\/\\\/www.ip.gov.py\\\/ip\\\/#\\\/schema\\\/logo\\\/image\\\/\",\"url\":\"https:\\\/\\\/www.ip.gov.py\\\/ip\\\/wp-content\\\/uploads\\\/2018\\\/01\\\/Agencia-IP.jpg\",\"contentUrl\":\"https:\\\/\\\/www.ip.gov.py\\\/ip\\\/wp-content\\\/uploads\\\/2018\\\/01\\\/Agencia-IP.jpg\",\"width\":150,\"height\":150,\"caption\":\"Agencia IP\"},\"image\":{\"@id\":\"https:\\\/\\\/www.ip.gov.py\\\/ip\\\/#\\\/schema\\\/logo\\\/image\\\/\"},\"sameAs\":[\"https:\\\/\\\/www.facebook.com\\\/IPParaguay\\\/\",\"https:\\\/\\\/x.com\\\/IPParaguay\",\"https:\\\/\\\/www.instagram.com\\\/IPParaguay\"]},{\"@type\":\"Person\",\"@id\":\"https:\\\/\\\/www.ip.gov.py\\\/ip\\\/#\\\/schema\\\/person\\\/fa3668852e893cb0423795330f919039\",\"name\":\"vrios\",\"url\":\"https:\\\/\\\/www.ip.gov.py\\\/ip\\\/author\\\/vrios\\\/\"}]}<\/script>\n<!-- \/ Yoast SEO plugin. -->","yoast_head_json":{"title":"R\u00edo prohibi\u00f3 entrar al mar e ir a la playa, ante el 95% de ocupaci\u00f3n de terapia intensiva - .::Agencia IP::.","robots":{"index":"index","follow":"follow","max-snippet":"max-snippet:-1","max-image-preview":"max-image-preview:large","max-video-preview":"max-video-preview:-1"},"canonical":"https:\/\/www.ip.gov.py\/ip\/2021\/03\/19\/rio-prohibio-entrar-al-mar-e-ir-a-la-playa-ante-el-95-de-ocupacion-de-terapia-intensiva\/","og_locale":"es_ES","og_type":"article","og_title":"R\u00edo prohibi\u00f3 entrar al mar e ir a la playa, ante el 95% de ocupaci\u00f3n de terapia intensiva - .::Agencia IP::.","og_description":"Rio de Janeiro.-La ciudad de R\u00edo de Janeiro, considerada la capital tur\u00edstica de Brasil, decret\u00f3 el toque de queda nocturno y extrem\u00f3 una serie de medidas, para\u00a0 contener el avance de los contagios de coronavirus.","og_url":"https:\/\/www.ip.gov.py\/ip\/2021\/03\/19\/rio-prohibio-entrar-al-mar-e-ir-a-la-playa-ante-el-95-de-ocupacion-de-terapia-intensiva\/","og_site_name":".::Agencia IP::.","article_publisher":"https:\/\/www.facebook.com\/IPParaguay\/","article_published_time":"2021-03-19T12:28:24+00:00","og_image":[{"width":673,"height":379,"url":"https:\/\/www.ip.gov.py\/ip\/wp-content\/uploads\/2021\/03\/Brasil-3.jpg","type":"image\/jpeg"}],"author":"vrios","twitter_card":"summary_large_image","twitter_creator":"@IPParaguay","twitter_site":"@IPParaguay","twitter_misc":{"Escrito por":"vrios","Tiempo de lectura":"2 minutos"},"schema":{"@context":"https:\/\/schema.org","@graph":[{"@type":"Article","@id":"https:\/\/www.ip.gov.py\/ip\/2021\/03\/19\/rio-prohibio-entrar-al-mar-e-ir-a-la-playa-ante-el-95-de-ocupacion-de-terapia-intensiva\/#article","isPartOf":{"@id":"https:\/\/www.ip.gov.py\/ip\/2021\/03\/19\/rio-prohibio-entrar-al-mar-e-ir-a-la-playa-ante-el-95-de-ocupacion-de-terapia-intensiva\/"},"author":{"name":"vrios","@id":"https:\/\/www.ip.gov.py\/ip\/#\/schema\/person\/fa3668852e893cb0423795330f919039"},"headline":"R\u00edo prohibi\u00f3 entrar al mar e ir a la playa, ante el 95% de ocupaci\u00f3n de terapia intensiva","datePublished":"2021-03-19T12:28:24+00:00","mainEntityOfPage":{"@id":"https:\/\/www.ip.gov.py\/ip\/2021\/03\/19\/rio-prohibio-entrar-al-mar-e-ir-a-la-playa-ante-el-95-de-ocupacion-de-terapia-intensiva\/"},"wordCount":460,"publisher":{"@id":"https:\/\/www.ip.gov.py\/ip\/#organization"},"image":{"@id":"https:\/\/www.ip.gov.py\/ip\/2021\/03\/19\/rio-prohibio-entrar-al-mar-e-ir-a-la-playa-ante-el-95-de-ocupacion-de-terapia-intensiva\/#primaryimage"},"thumbnailUrl":"https:\/\/www.ip.gov.py\/ip\/wp-content\/uploads\/2021\/03\/Brasil-3.jpg","keywords":["Brasil","medidas","pandemia","Rio de Janeiro"],"articleSection":["Internacionales"],"inLanguage":"es"},{"@type":"WebPage","@id":"https:\/\/www.ip.gov.py\/ip\/2021\/03\/19\/rio-prohibio-entrar-al-mar-e-ir-a-la-playa-ante-el-95-de-ocupacion-de-terapia-intensiva\/","url":"https:\/\/www.ip.gov.py\/ip\/2021\/03\/19\/rio-prohibio-entrar-al-mar-e-ir-a-la-playa-ante-el-95-de-ocupacion-de-terapia-intensiva\/","name":"R\u00edo prohibi\u00f3 entrar al mar e ir a la playa, ante el 95% de ocupaci\u00f3n de terapia intensiva - .::Agencia IP::.","isPartOf":{"@id":"https:\/\/www.ip.gov.py\/ip\/#website"},"primaryImageOfPage":{"@id":"https:\/\/www.ip.gov.py\/ip\/2021\/03\/19\/rio-prohibio-entrar-al-mar-e-ir-a-la-playa-ante-el-95-de-ocupacion-de-terapia-intensiva\/#primaryimage"},"image":{"@id":"https:\/\/www.ip.gov.py\/ip\/2021\/03\/19\/rio-prohibio-entrar-al-mar-e-ir-a-la-playa-ante-el-95-de-ocupacion-de-terapia-intensiva\/#primaryimage"},"thumbnailUrl":"https:\/\/www.ip.gov.py\/ip\/wp-content\/uploads\/2021\/03\/Brasil-3.jpg","datePublished":"2021-03-19T12:28:24+00:00","breadcrumb":{"@id":"https:\/\/www.ip.gov.py\/ip\/2021\/03\/19\/rio-prohibio-entrar-al-mar-e-ir-a-la-playa-ante-el-95-de-ocupacion-de-terapia-intensiva\/#breadcrumb"},"inLanguage":"es","potentialAction":[{"@type":"ReadAction","target":["https:\/\/www.ip.gov.py\/ip\/2021\/03\/19\/rio-prohibio-entrar-al-mar-e-ir-a-la-playa-ante-el-95-de-ocupacion-de-terapia-intensiva\/"]}]},{"@type":"ImageObject","inLanguage":"es","@id":"https:\/\/www.ip.gov.py\/ip\/2021\/03\/19\/rio-prohibio-entrar-al-mar-e-ir-a-la-playa-ante-el-95-de-ocupacion-de-terapia-intensiva\/#primaryimage","url":"https:\/\/www.ip.gov.py\/ip\/wp-content\/uploads\/2021\/03\/Brasil-3.jpg","contentUrl":"https:\/\/www.ip.gov.py\/ip\/wp-content\/uploads\/2021\/03\/Brasil-3.jpg","width":673,"height":379,"caption":"Foto T\u00e9lam"},{"@type":"BreadcrumbList","@id":"https:\/\/www.ip.gov.py\/ip\/2021\/03\/19\/rio-prohibio-entrar-al-mar-e-ir-a-la-playa-ante-el-95-de-ocupacion-de-terapia-intensiva\/#breadcrumb","itemListElement":[{"@type":"ListItem","position":1,"name":"Portada","item":"https:\/\/www.ip.gov.py\/ip\/"},{"@type":"ListItem","position":2,"name":"R\u00edo prohibi\u00f3 entrar al mar e ir a la playa, ante el 95% de ocupaci\u00f3n de terapia intensiva"}]},{"@type":"WebSite","@id":"https:\/\/www.ip.gov.py\/ip\/#website","url":"https:\/\/www.ip.gov.py\/ip\/","name":".::Agencia IP::.","description":"","publisher":{"@id":"https:\/\/www.ip.gov.py\/ip\/#organization"},"potentialAction":[{"@type":"SearchAction","target":{"@type":"EntryPoint","urlTemplate":"https:\/\/www.ip.gov.py\/ip\/?s={search_term_string}"},"query-input":{"@type":"PropertyValueSpecification","valueRequired":true,"valueName":"search_term_string"}}],"inLanguage":"es"},{"@type":"Organization","@id":"https:\/\/www.ip.gov.py\/ip\/#organization","name":"Agencia IP","url":"https:\/\/www.ip.gov.py\/ip\/","logo":{"@type":"ImageObject","inLanguage":"es","@id":"https:\/\/www.ip.gov.py\/ip\/#\/schema\/logo\/image\/","url":"https:\/\/www.ip.gov.py\/ip\/wp-content\/uploads\/2018\/01\/Agencia-IP.jpg","contentUrl":"https:\/\/www.ip.gov.py\/ip\/wp-content\/uploads\/2018\/01\/Agencia-IP.jpg","width":150,"height":150,"caption":"Agencia IP"},"image":{"@id":"https:\/\/www.ip.gov.py\/ip\/#\/schema\/logo\/image\/"},"sameAs":["https:\/\/www.facebook.com\/IPParaguay\/","https:\/\/x.com\/IPParaguay","https:\/\/www.instagram.com\/IPParaguay"]},{"@type":"Person","@id":"https:\/\/www.ip.gov.py\/ip\/#\/schema\/person\/fa3668852e893cb0423795330f919039","name":"vrios","url":"https:\/\/www.ip.gov.py\/ip\/author\/vrios\/"}]}},"_links":{"self":[{"href":"https:\/\/www.ip.gov.py\/ip\/wp-json\/wp\/v2\/posts\/358066","targetHints":{"allow":["GET"]}}],"collection":[{"href":"https:\/\/www.ip.gov.py\/ip\/wp-json\/wp\/v2\/posts"}],"about":[{"href":"https:\/\/www.ip.gov.py\/ip\/wp-json\/wp\/v2\/types\/post"}],"author":[{"embeddable":true,"href":"https:\/\/www.ip.gov.py\/ip\/wp-json\/wp\/v2\/users\/11"}],"replies":[{"embeddable":true,"href":"https:\/\/www.ip.gov.py\/ip\/wp-json\/wp\/v2\/comments?post=358066"}],"version-history":[{"count":0,"href":"https:\/\/www.ip.gov.py\/ip\/wp-json\/wp\/v2\/posts\/358066\/revisions"}],"wp:featuredmedia":[{"embeddable":true,"href":"https:\/\/www.ip.gov.py\/ip\/wp-json\/wp\/v2\/media\/358067"}],"wp:attachment":[{"href":"https:\/\/www.ip.gov.py\/ip\/wp-json\/wp\/v2\/media?parent=358066"}],"wp:term":[{"taxonomy":"category","embeddable":true,"href":"https:\/\/www.ip.gov.py\/ip\/wp-json\/wp\/v2\/categories?post=358066"},{"taxonomy":"post_tag","embeddable":true,"href":"https:\/\/www.ip.gov.py\/ip\/wp-json\/wp\/v2\/tags?post=358066"}],"curies":[{"name":"wp","href":"https:\/\/api.w.org\/{rel}","templated":true}]}}