{"id":358967,"date":"2021-03-26T08:20:01","date_gmt":"2021-03-26T11:20:01","guid":{"rendered":"https:\/\/www.ip.gov.py\/ip\/?p=358967"},"modified":"2021-03-26T08:20:01","modified_gmt":"2021-03-26T11:20:01","slug":"a-pesar-de-la-advertencia-de-biden-corea-del-norte-probo-otro-misil-tactico","status":"publish","type":"post","link":"https:\/\/www.ip.gov.py\/ip\/2021\/03\/26\/a-pesar-de-la-advertencia-de-biden-corea-del-norte-probo-otro-misil-tactico\/","title":{"rendered":"A pesar de la advertencia de Biden, Corea del Norte prob\u00f3 otro misil t\u00e1ctico"},"content":{"rendered":"<p style=\"text-align: justify;\"><em><strong>Washington.-<\/strong><\/em>Fue el segundo lanzamiento realizado por los norcoreanos en lo que va de la semana, y el primero de misiles bal\u00edsticos desde marzo de 2020.<!--more--><\/p>\n<p style=\"text-align: justify;\">A pocas horas de que el presidente de Estados Unidos, Joe Biden, cuestionara las pruebas con misiles de Corea del Norte y advirtiera que responder\u00e1 a una escalada, las autoridades norcoeanas afirman haber probado en esta jornada un nuevo misil t\u00e1ctico.<\/p>\n<p style=\"text-align: justify;\">La informaci\u00f3n difundida por la agencia Yonhap citando medios norcoreanos precisa que el l\u00edder de Corea del Norte, Kim Jong-un no asisti\u00f3 al lanzamiento.<\/p>\n<p style=\"text-align: justify;\">Previamente, se inform\u00f3 que Corea del Norte dispar\u00f3 dos supuestos misiles bal\u00edsticos de corto alcance en direcci\u00f3n al mar del Jap\u00f3n (mar del Este).<\/p>\n<p style=\"text-align: justify;\">Seg\u00fan las estimaciones de militares surcoreanos, los proyectiles fueron lanzados desde Hamju, en la provincia oriental de Hamgyong del Sur, y cayeron en el mar a unos 450 kil\u00f3metros tras elevarse a una altitud de 60 kil\u00f3metros. Fue el segundo lanzamiento realizado por Corea del Norte en lo que va de la semana, y el primero de misiles bal\u00edsticos desde marzo de 2020.<\/p>\n<p style=\"text-align: justify;\">El domingo Corea del Norte dispar\u00f3 dos misiles de crucero, supuestamente de corto alcance, hacia el mar Amarillo.<\/p>\n<p style=\"text-align: justify;\">Estas pruebas, dijo Biden, violan una resoluci\u00f3n de las Naciones Unidas, tras lo que advirti\u00f3 que Estados Unidos dar\u00e1 una \u00abrespuesta acorde\u00bb si Corea del Norte decide una escalada en sus ensayos de misiles.<\/p>\n<p style=\"text-align: justify;\">\u00abEstamos consultando con nuestros socios y aliados, y habr\u00e1 respuesta si eligen una escalada\u00bb, dijo el mandatario.<\/p>\n<p style=\"text-align: justify;\">Ser\u00e1 una \u00abrespuesta acorde\u00bb, agreg\u00f3 Biden, quien dijo estar \u00abpreparado para alguna forma de diplomacia\u00bb con Pyongyang, pero \u00abtiene que estar condicionada a que su resultado sea la desnuclearizaci\u00f3n\u00bb.T\u00e9lam.<\/p>\n","protected":false},"excerpt":{"rendered":"<p>Washington.-Fue el segundo lanzamiento realizado por los norcoreanos en lo que va de la semana, y el primero de misiles bal\u00edsticos desde marzo de 2020.<\/p>\n","protected":false},"author":11,"featured_media":358968,"comment_status":"closed","ping_status":"closed","sticky":false,"template":"","format":"standard","meta":{"_monsterinsights_skip_tracking":false,"_monsterinsights_sitenote_active":false,"_monsterinsights_sitenote_note":"","_monsterinsights_sitenote_category":0,"footnotes":""},"categories":[5],"tags":[229,368,1225,6097,4021],"class_list":{"0":"post-358967","1":"post","2":"type-post","3":"status-publish","4":"format-standard","5":"has-post-thumbnail","7":"category-internacionales","8":"tag-corea-del-norte","9":"tag-ee-uu","10":"tag-lanzamiento","11":"tag-misil","12":"tag-tension"},"yoast_head":"<!-- This site is optimized with the Yoast SEO plugin v27.5 - https:\/\/yoast.com\/product\/yoast-seo-wordpress\/ -->\n<title>A pesar de la advertencia de Biden, Corea del Norte prob\u00f3 otro misil t\u00e1ctico - .::Agencia IP::.<\/title>\n<meta name=\"robots\" content=\"index, follow, max-snippet:-1, max-image-preview:large, max-video-preview:-1\" \/>\n<link rel=\"canonical\" href=\"https:\/\/www.ip.gov.py\/ip\/2021\/03\/26\/a-pesar-de-la-advertencia-de-biden-corea-del-norte-probo-otro-misil-tactico\/\" \/>\n<meta property=\"og:locale\" content=\"es_ES\" \/>\n<meta property=\"og:type\" content=\"article\" \/>\n<meta property=\"og:title\" content=\"A pesar de la advertencia de Biden, Corea del Norte prob\u00f3 otro misil t\u00e1ctico - .::Agencia IP::.\" \/>\n<meta property=\"og:description\" content=\"Washington.-Fue el segundo lanzamiento realizado por los norcoreanos en lo que va de la semana, y el primero de misiles bal\u00edsticos desde marzo de 2020.\" \/>\n<meta property=\"og:url\" content=\"https:\/\/www.ip.gov.py\/ip\/2021\/03\/26\/a-pesar-de-la-advertencia-de-biden-corea-del-norte-probo-otro-misil-tactico\/\" \/>\n<meta property=\"og:site_name\" content=\".::Agencia IP::.\" \/>\n<meta property=\"article:publisher\" content=\"https:\/\/www.facebook.com\/IPParaguay\/\" \/>\n<meta property=\"article:published_time\" content=\"2021-03-26T11:20:01+00:00\" \/>\n<meta property=\"og:image\" content=\"https:\/\/www.ip.gov.py\/ip\/wp-content\/uploads\/2021\/03\/Corea-del-Norte.jpg\" \/>\n\t<meta property=\"og:image:width\" content=\"653\" \/>\n\t<meta property=\"og:image:height\" content=\"368\" \/>\n\t<meta property=\"og:image:type\" content=\"image\/jpeg\" \/>\n<meta name=\"author\" content=\"vrios\" \/>\n<meta name=\"twitter:card\" content=\"summary_large_image\" \/>\n<meta name=\"twitter:creator\" content=\"@IPParaguay\" \/>\n<meta name=\"twitter:site\" content=\"@IPParaguay\" \/>\n<meta name=\"twitter:label1\" content=\"Escrito por\" \/>\n\t<meta name=\"twitter:data1\" content=\"vrios\" \/>\n\t<meta name=\"twitter:label2\" content=\"Tiempo de lectura\" \/>\n\t<meta name=\"twitter:data2\" content=\"1 minuto\" \/>\n<script type=\"application\/ld+json\" class=\"yoast-schema-graph\">{\"@context\":\"https:\\\/\\\/schema.org\",\"@graph\":[{\"@type\":\"Article\",\"@id\":\"https:\\\/\\\/www.ip.gov.py\\\/ip\\\/2021\\\/03\\\/26\\\/a-pesar-de-la-advertencia-de-biden-corea-del-norte-probo-otro-misil-tactico\\\/#article\",\"isPartOf\":{\"@id\":\"https:\\\/\\\/www.ip.gov.py\\\/ip\\\/2021\\\/03\\\/26\\\/a-pesar-de-la-advertencia-de-biden-corea-del-norte-probo-otro-misil-tactico\\\/\"},\"author\":{\"name\":\"vrios\",\"@id\":\"https:\\\/\\\/www.ip.gov.py\\\/ip\\\/#\\\/schema\\\/person\\\/fa3668852e893cb0423795330f919039\"},\"headline\":\"A pesar de la advertencia de Biden, Corea del Norte prob\u00f3 otro misil t\u00e1ctico\",\"datePublished\":\"2021-03-26T11:20:01+00:00\",\"mainEntityOfPage\":{\"@id\":\"https:\\\/\\\/www.ip.gov.py\\\/ip\\\/2021\\\/03\\\/26\\\/a-pesar-de-la-advertencia-de-biden-corea-del-norte-probo-otro-misil-tactico\\\/\"},\"wordCount\":303,\"publisher\":{\"@id\":\"https:\\\/\\\/www.ip.gov.py\\\/ip\\\/#organization\"},\"image\":{\"@id\":\"https:\\\/\\\/www.ip.gov.py\\\/ip\\\/2021\\\/03\\\/26\\\/a-pesar-de-la-advertencia-de-biden-corea-del-norte-probo-otro-misil-tactico\\\/#primaryimage\"},\"thumbnailUrl\":\"https:\\\/\\\/www.ip.gov.py\\\/ip\\\/wp-content\\\/uploads\\\/2021\\\/03\\\/Corea-del-Norte.jpg\",\"keywords\":[\"Corea del Norte\",\"EE.UU\",\"Lanzamiento\",\"Misil\",\"Tensi\u00f3n\"],\"articleSection\":[\"Internacionales\"],\"inLanguage\":\"es\"},{\"@type\":\"WebPage\",\"@id\":\"https:\\\/\\\/www.ip.gov.py\\\/ip\\\/2021\\\/03\\\/26\\\/a-pesar-de-la-advertencia-de-biden-corea-del-norte-probo-otro-misil-tactico\\\/\",\"url\":\"https:\\\/\\\/www.ip.gov.py\\\/ip\\\/2021\\\/03\\\/26\\\/a-pesar-de-la-advertencia-de-biden-corea-del-norte-probo-otro-misil-tactico\\\/\",\"name\":\"A pesar de la advertencia de Biden, Corea del Norte prob\u00f3 otro misil t\u00e1ctico - .::Agencia IP::.\",\"isPartOf\":{\"@id\":\"https:\\\/\\\/www.ip.gov.py\\\/ip\\\/#website\"},\"primaryImageOfPage\":{\"@id\":\"https:\\\/\\\/www.ip.gov.py\\\/ip\\\/2021\\\/03\\\/26\\\/a-pesar-de-la-advertencia-de-biden-corea-del-norte-probo-otro-misil-tactico\\\/#primaryimage\"},\"image\":{\"@id\":\"https:\\\/\\\/www.ip.gov.py\\\/ip\\\/2021\\\/03\\\/26\\\/a-pesar-de-la-advertencia-de-biden-corea-del-norte-probo-otro-misil-tactico\\\/#primaryimage\"},\"thumbnailUrl\":\"https:\\\/\\\/www.ip.gov.py\\\/ip\\\/wp-content\\\/uploads\\\/2021\\\/03\\\/Corea-del-Norte.jpg\",\"datePublished\":\"2021-03-26T11:20:01+00:00\",\"breadcrumb\":{\"@id\":\"https:\\\/\\\/www.ip.gov.py\\\/ip\\\/2021\\\/03\\\/26\\\/a-pesar-de-la-advertencia-de-biden-corea-del-norte-probo-otro-misil-tactico\\\/#breadcrumb\"},\"inLanguage\":\"es\",\"potentialAction\":[{\"@type\":\"ReadAction\",\"target\":[\"https:\\\/\\\/www.ip.gov.py\\\/ip\\\/2021\\\/03\\\/26\\\/a-pesar-de-la-advertencia-de-biden-corea-del-norte-probo-otro-misil-tactico\\\/\"]}]},{\"@type\":\"ImageObject\",\"inLanguage\":\"es\",\"@id\":\"https:\\\/\\\/www.ip.gov.py\\\/ip\\\/2021\\\/03\\\/26\\\/a-pesar-de-la-advertencia-de-biden-corea-del-norte-probo-otro-misil-tactico\\\/#primaryimage\",\"url\":\"https:\\\/\\\/www.ip.gov.py\\\/ip\\\/wp-content\\\/uploads\\\/2021\\\/03\\\/Corea-del-Norte.jpg\",\"contentUrl\":\"https:\\\/\\\/www.ip.gov.py\\\/ip\\\/wp-content\\\/uploads\\\/2021\\\/03\\\/Corea-del-Norte.jpg\",\"width\":653,\"height\":368,\"caption\":\"Foto T\u00e9lam\\\/ Ilustraci\u00f3n\"},{\"@type\":\"BreadcrumbList\",\"@id\":\"https:\\\/\\\/www.ip.gov.py\\\/ip\\\/2021\\\/03\\\/26\\\/a-pesar-de-la-advertencia-de-biden-corea-del-norte-probo-otro-misil-tactico\\\/#breadcrumb\",\"itemListElement\":[{\"@type\":\"ListItem\",\"position\":1,\"name\":\"Portada\",\"item\":\"https:\\\/\\\/www.ip.gov.py\\\/ip\\\/\"},{\"@type\":\"ListItem\",\"position\":2,\"name\":\"A pesar de la advertencia de Biden, Corea del Norte prob\u00f3 otro misil t\u00e1ctico\"}]},{\"@type\":\"WebSite\",\"@id\":\"https:\\\/\\\/www.ip.gov.py\\\/ip\\\/#website\",\"url\":\"https:\\\/\\\/www.ip.gov.py\\\/ip\\\/\",\"name\":\".::Agencia IP::.\",\"description\":\"\",\"publisher\":{\"@id\":\"https:\\\/\\\/www.ip.gov.py\\\/ip\\\/#organization\"},\"potentialAction\":[{\"@type\":\"SearchAction\",\"target\":{\"@type\":\"EntryPoint\",\"urlTemplate\":\"https:\\\/\\\/www.ip.gov.py\\\/ip\\\/?s={search_term_string}\"},\"query-input\":{\"@type\":\"PropertyValueSpecification\",\"valueRequired\":true,\"valueName\":\"search_term_string\"}}],\"inLanguage\":\"es\"},{\"@type\":\"Organization\",\"@id\":\"https:\\\/\\\/www.ip.gov.py\\\/ip\\\/#organization\",\"name\":\"Agencia IP\",\"url\":\"https:\\\/\\\/www.ip.gov.py\\\/ip\\\/\",\"logo\":{\"@type\":\"ImageObject\",\"inLanguage\":\"es\",\"@id\":\"https:\\\/\\\/www.ip.gov.py\\\/ip\\\/#\\\/schema\\\/logo\\\/image\\\/\",\"url\":\"https:\\\/\\\/www.ip.gov.py\\\/ip\\\/wp-content\\\/uploads\\\/2018\\\/01\\\/Agencia-IP.jpg\",\"contentUrl\":\"https:\\\/\\\/www.ip.gov.py\\\/ip\\\/wp-content\\\/uploads\\\/2018\\\/01\\\/Agencia-IP.jpg\",\"width\":150,\"height\":150,\"caption\":\"Agencia IP\"},\"image\":{\"@id\":\"https:\\\/\\\/www.ip.gov.py\\\/ip\\\/#\\\/schema\\\/logo\\\/image\\\/\"},\"sameAs\":[\"https:\\\/\\\/www.facebook.com\\\/IPParaguay\\\/\",\"https:\\\/\\\/x.com\\\/IPParaguay\",\"https:\\\/\\\/www.instagram.com\\\/IPParaguay\"]},{\"@type\":\"Person\",\"@id\":\"https:\\\/\\\/www.ip.gov.py\\\/ip\\\/#\\\/schema\\\/person\\\/fa3668852e893cb0423795330f919039\",\"name\":\"vrios\",\"url\":\"https:\\\/\\\/www.ip.gov.py\\\/ip\\\/author\\\/vrios\\\/\"}]}<\/script>\n<!-- \/ Yoast SEO plugin. -->","yoast_head_json":{"title":"A pesar de la advertencia de Biden, Corea del Norte prob\u00f3 otro misil t\u00e1ctico - .::Agencia IP::.","robots":{"index":"index","follow":"follow","max-snippet":"max-snippet:-1","max-image-preview":"max-image-preview:large","max-video-preview":"max-video-preview:-1"},"canonical":"https:\/\/www.ip.gov.py\/ip\/2021\/03\/26\/a-pesar-de-la-advertencia-de-biden-corea-del-norte-probo-otro-misil-tactico\/","og_locale":"es_ES","og_type":"article","og_title":"A pesar de la advertencia de Biden, Corea del Norte prob\u00f3 otro misil t\u00e1ctico - .::Agencia IP::.","og_description":"Washington.-Fue el segundo lanzamiento realizado por los norcoreanos en lo que va de la semana, y el primero de misiles bal\u00edsticos desde marzo de 2020.","og_url":"https:\/\/www.ip.gov.py\/ip\/2021\/03\/26\/a-pesar-de-la-advertencia-de-biden-corea-del-norte-probo-otro-misil-tactico\/","og_site_name":".::Agencia IP::.","article_publisher":"https:\/\/www.facebook.com\/IPParaguay\/","article_published_time":"2021-03-26T11:20:01+00:00","og_image":[{"width":653,"height":368,"url":"https:\/\/www.ip.gov.py\/ip\/wp-content\/uploads\/2021\/03\/Corea-del-Norte.jpg","type":"image\/jpeg"}],"author":"vrios","twitter_card":"summary_large_image","twitter_creator":"@IPParaguay","twitter_site":"@IPParaguay","twitter_misc":{"Escrito por":"vrios","Tiempo de lectura":"1 minuto"},"schema":{"@context":"https:\/\/schema.org","@graph":[{"@type":"Article","@id":"https:\/\/www.ip.gov.py\/ip\/2021\/03\/26\/a-pesar-de-la-advertencia-de-biden-corea-del-norte-probo-otro-misil-tactico\/#article","isPartOf":{"@id":"https:\/\/www.ip.gov.py\/ip\/2021\/03\/26\/a-pesar-de-la-advertencia-de-biden-corea-del-norte-probo-otro-misil-tactico\/"},"author":{"name":"vrios","@id":"https:\/\/www.ip.gov.py\/ip\/#\/schema\/person\/fa3668852e893cb0423795330f919039"},"headline":"A pesar de la advertencia de Biden, Corea del Norte prob\u00f3 otro misil t\u00e1ctico","datePublished":"2021-03-26T11:20:01+00:00","mainEntityOfPage":{"@id":"https:\/\/www.ip.gov.py\/ip\/2021\/03\/26\/a-pesar-de-la-advertencia-de-biden-corea-del-norte-probo-otro-misil-tactico\/"},"wordCount":303,"publisher":{"@id":"https:\/\/www.ip.gov.py\/ip\/#organization"},"image":{"@id":"https:\/\/www.ip.gov.py\/ip\/2021\/03\/26\/a-pesar-de-la-advertencia-de-biden-corea-del-norte-probo-otro-misil-tactico\/#primaryimage"},"thumbnailUrl":"https:\/\/www.ip.gov.py\/ip\/wp-content\/uploads\/2021\/03\/Corea-del-Norte.jpg","keywords":["Corea del Norte","EE.UU","Lanzamiento","Misil","Tensi\u00f3n"],"articleSection":["Internacionales"],"inLanguage":"es"},{"@type":"WebPage","@id":"https:\/\/www.ip.gov.py\/ip\/2021\/03\/26\/a-pesar-de-la-advertencia-de-biden-corea-del-norte-probo-otro-misil-tactico\/","url":"https:\/\/www.ip.gov.py\/ip\/2021\/03\/26\/a-pesar-de-la-advertencia-de-biden-corea-del-norte-probo-otro-misil-tactico\/","name":"A pesar de la advertencia de Biden, Corea del Norte prob\u00f3 otro misil t\u00e1ctico - .::Agencia IP::.","isPartOf":{"@id":"https:\/\/www.ip.gov.py\/ip\/#website"},"primaryImageOfPage":{"@id":"https:\/\/www.ip.gov.py\/ip\/2021\/03\/26\/a-pesar-de-la-advertencia-de-biden-corea-del-norte-probo-otro-misil-tactico\/#primaryimage"},"image":{"@id":"https:\/\/www.ip.gov.py\/ip\/2021\/03\/26\/a-pesar-de-la-advertencia-de-biden-corea-del-norte-probo-otro-misil-tactico\/#primaryimage"},"thumbnailUrl":"https:\/\/www.ip.gov.py\/ip\/wp-content\/uploads\/2021\/03\/Corea-del-Norte.jpg","datePublished":"2021-03-26T11:20:01+00:00","breadcrumb":{"@id":"https:\/\/www.ip.gov.py\/ip\/2021\/03\/26\/a-pesar-de-la-advertencia-de-biden-corea-del-norte-probo-otro-misil-tactico\/#breadcrumb"},"inLanguage":"es","potentialAction":[{"@type":"ReadAction","target":["https:\/\/www.ip.gov.py\/ip\/2021\/03\/26\/a-pesar-de-la-advertencia-de-biden-corea-del-norte-probo-otro-misil-tactico\/"]}]},{"@type":"ImageObject","inLanguage":"es","@id":"https:\/\/www.ip.gov.py\/ip\/2021\/03\/26\/a-pesar-de-la-advertencia-de-biden-corea-del-norte-probo-otro-misil-tactico\/#primaryimage","url":"https:\/\/www.ip.gov.py\/ip\/wp-content\/uploads\/2021\/03\/Corea-del-Norte.jpg","contentUrl":"https:\/\/www.ip.gov.py\/ip\/wp-content\/uploads\/2021\/03\/Corea-del-Norte.jpg","width":653,"height":368,"caption":"Foto T\u00e9lam\/ Ilustraci\u00f3n"},{"@type":"BreadcrumbList","@id":"https:\/\/www.ip.gov.py\/ip\/2021\/03\/26\/a-pesar-de-la-advertencia-de-biden-corea-del-norte-probo-otro-misil-tactico\/#breadcrumb","itemListElement":[{"@type":"ListItem","position":1,"name":"Portada","item":"https:\/\/www.ip.gov.py\/ip\/"},{"@type":"ListItem","position":2,"name":"A pesar de la advertencia de Biden, Corea del Norte prob\u00f3 otro misil t\u00e1ctico"}]},{"@type":"WebSite","@id":"https:\/\/www.ip.gov.py\/ip\/#website","url":"https:\/\/www.ip.gov.py\/ip\/","name":".::Agencia IP::.","description":"","publisher":{"@id":"https:\/\/www.ip.gov.py\/ip\/#organization"},"potentialAction":[{"@type":"SearchAction","target":{"@type":"EntryPoint","urlTemplate":"https:\/\/www.ip.gov.py\/ip\/?s={search_term_string}"},"query-input":{"@type":"PropertyValueSpecification","valueRequired":true,"valueName":"search_term_string"}}],"inLanguage":"es"},{"@type":"Organization","@id":"https:\/\/www.ip.gov.py\/ip\/#organization","name":"Agencia IP","url":"https:\/\/www.ip.gov.py\/ip\/","logo":{"@type":"ImageObject","inLanguage":"es","@id":"https:\/\/www.ip.gov.py\/ip\/#\/schema\/logo\/image\/","url":"https:\/\/www.ip.gov.py\/ip\/wp-content\/uploads\/2018\/01\/Agencia-IP.jpg","contentUrl":"https:\/\/www.ip.gov.py\/ip\/wp-content\/uploads\/2018\/01\/Agencia-IP.jpg","width":150,"height":150,"caption":"Agencia IP"},"image":{"@id":"https:\/\/www.ip.gov.py\/ip\/#\/schema\/logo\/image\/"},"sameAs":["https:\/\/www.facebook.com\/IPParaguay\/","https:\/\/x.com\/IPParaguay","https:\/\/www.instagram.com\/IPParaguay"]},{"@type":"Person","@id":"https:\/\/www.ip.gov.py\/ip\/#\/schema\/person\/fa3668852e893cb0423795330f919039","name":"vrios","url":"https:\/\/www.ip.gov.py\/ip\/author\/vrios\/"}]}},"_links":{"self":[{"href":"https:\/\/www.ip.gov.py\/ip\/wp-json\/wp\/v2\/posts\/358967","targetHints":{"allow":["GET"]}}],"collection":[{"href":"https:\/\/www.ip.gov.py\/ip\/wp-json\/wp\/v2\/posts"}],"about":[{"href":"https:\/\/www.ip.gov.py\/ip\/wp-json\/wp\/v2\/types\/post"}],"author":[{"embeddable":true,"href":"https:\/\/www.ip.gov.py\/ip\/wp-json\/wp\/v2\/users\/11"}],"replies":[{"embeddable":true,"href":"https:\/\/www.ip.gov.py\/ip\/wp-json\/wp\/v2\/comments?post=358967"}],"version-history":[{"count":0,"href":"https:\/\/www.ip.gov.py\/ip\/wp-json\/wp\/v2\/posts\/358967\/revisions"}],"wp:featuredmedia":[{"embeddable":true,"href":"https:\/\/www.ip.gov.py\/ip\/wp-json\/wp\/v2\/media\/358968"}],"wp:attachment":[{"href":"https:\/\/www.ip.gov.py\/ip\/wp-json\/wp\/v2\/media?parent=358967"}],"wp:term":[{"taxonomy":"category","embeddable":true,"href":"https:\/\/www.ip.gov.py\/ip\/wp-json\/wp\/v2\/categories?post=358967"},{"taxonomy":"post_tag","embeddable":true,"href":"https:\/\/www.ip.gov.py\/ip\/wp-json\/wp\/v2\/tags?post=358967"}],"curies":[{"name":"wp","href":"https:\/\/api.w.org\/{rel}","templated":true}]}}