{"id":359011,"date":"2021-03-26T10:46:46","date_gmt":"2021-03-26T13:46:46","guid":{"rendered":"https:\/\/www.ip.gov.py\/ip\/?p=359011"},"modified":"2021-03-26T10:46:46","modified_gmt":"2021-03-26T13:46:46","slug":"becal-realizara-este-viernes-una-charla-virtual-sobre-becas-universitarias-2021","status":"publish","type":"post","link":"https:\/\/www.ip.gov.py\/ip\/2021\/03\/26\/becal-realizara-este-viernes-una-charla-virtual-sobre-becas-universitarias-2021\/","title":{"rendered":"Becal realizar\u00e1 este viernes una charla virtual sobre becas universitarias 2021"},"content":{"rendered":"<p style=\"text-align: justify;\"><em><strong>Asunci\u00f3n, Paraguay, Agencia IP.-<\/strong><\/em> El Programa Nacional de Becas de Postgrado en el Exterior \u201cDon Carlos Antonio L\u00f3pez\u201d (Becal) realizar\u00e1 hoy viernes una charla virtual sobre las Becas Universitarias Becal \u2013 Itaip\u00fa Convocatoria 2021, a fin de aclarar todas las dudas de los postulantes.<!--more--><\/p>\n<p style=\"text-align: justify;\">La misma se transmitir\u00e1 a las 13:00, a trav\u00e9s de la p\u00e1gina de Facebook del Programa, disponible en el siguiente <strong><a href=\"https:\/\/www.facebook.com\/becalparaguay\" target=\"_blank\" rel=\"noopener noreferrer\">enlace<\/a><\/strong>.<\/p>\n<p style=\"text-align: justify;\">La presente convocatoria ofrece de forma excepcional un total de 3.100 cupos para los j\u00f3venes sobresalientes y de escasos recursos, egresados de la Educaci\u00f3n Media, de colegios nacionales, subvencionados y privados de todo el pa\u00eds.<\/p>\n<p style=\"text-align: justify;\">En primer lugar, el interesado debe ingresar a la p\u00e1gina web de Itaipu o Becal de manera a leer la Gu\u00eda de Bases y Condiciones y luego poseer un correo electr\u00f3nico personal activo. Posteriormente tiene que acceder al <a href=\"https:\/\/spi.conacyt.gov.py\/user\" target=\"_blank\" rel=\"noopener noreferrer\"><strong>enlace<\/strong> <\/a>del Sistema de Postulaci\u00f3n a Instrumentos (SPI) del Consejo Nacional de Ciencia y Tecnolog\u00eda (Conacyt) para el registro.<\/p>\n<p style=\"text-align: justify;\">El postulante despu\u00e9s de estos pasos debe hacer clic en el enlace que ser\u00e1 remitido por correo electr\u00f3nico y completar el formulario donde deber\u00e1 rellenar correctamente los datos sobre: ubicaci\u00f3n de vivienda (especificar direcci\u00f3n exacta con referencias), n\u00famero telef\u00f3nico, direcci\u00f3n de correo electr\u00f3nico. En \u00faltimo lugar, para cerrar el proceso de inscripci\u00f3n, tiene que hacer clic en la opci\u00f3n de finalizar.<\/p>\n<p style=\"text-align: justify;\">Una observaci\u00f3n importante, es que el sistema guarda autom\u00e1ticamente los campos cargados, se puede ingresar en las pesta\u00f1as \u201cTareas o Mis Postulaciones del SPI\u201d, las veces que se requiera.<\/p>\n<p style=\"text-align: justify;\">Entre los requisitos que deben cumplir los estudiantes para participar se encuentran, haber logrado un promedio m\u00ednimo de 4 en la Educaci\u00f3n Media y tener un ingreso familiar m\u00e1ximo de 7 salarios m\u00ednimos. El 23 de abril se tendr\u00e1 la lista de postulantes y el 22 de mayo se realizar\u00e1 el examen de competencias b\u00e1sicas a nivel nacional.<\/p>\n","protected":false},"excerpt":{"rendered":"<p>Asunci\u00f3n, Paraguay, Agencia IP.- El Programa Nacional de Becas de Postgrado en el Exterior \u201cDon Carlos Antonio L\u00f3pez\u201d (Becal) realizar\u00e1 hoy viernes una charla virtual sobre las Becas Universitarias Becal \u2013 Itaip\u00fa Convocatoria 2021, a fin de aclarar todas las dudas de los postulantes.<\/p>\n","protected":false},"author":23,"featured_media":303871,"comment_status":"closed","ping_status":"closed","sticky":false,"template":"","format":"standard","meta":{"_monsterinsights_skip_tracking":false,"_monsterinsights_sitenote_active":false,"_monsterinsights_sitenote_note":"","_monsterinsights_sitenote_category":0,"footnotes":""},"categories":[7],"tags":[166,4739],"class_list":{"0":"post-359011","1":"post","2":"type-post","3":"status-publish","4":"format-standard","5":"has-post-thumbnail","7":"category-cultura","8":"tag-becal","9":"tag-becas-itaipu-becal"},"yoast_head":"<!-- This site is optimized with the Yoast SEO plugin v27.5 - https:\/\/yoast.com\/product\/yoast-seo-wordpress\/ -->\n<title>Becal realizar\u00e1 este viernes una charla virtual sobre becas universitarias 2021 - .::Agencia IP::.<\/title>\n<meta name=\"robots\" content=\"index, follow, max-snippet:-1, max-image-preview:large, max-video-preview:-1\" \/>\n<link rel=\"canonical\" href=\"https:\/\/www.ip.gov.py\/ip\/2021\/03\/26\/becal-realizara-este-viernes-una-charla-virtual-sobre-becas-universitarias-2021\/\" \/>\n<meta property=\"og:locale\" content=\"es_ES\" \/>\n<meta property=\"og:type\" content=\"article\" \/>\n<meta property=\"og:title\" content=\"Becal realizar\u00e1 este viernes una charla virtual sobre becas universitarias 2021 - .::Agencia IP::.\" \/>\n<meta property=\"og:description\" content=\"Asunci\u00f3n, Paraguay, Agencia IP.- El Programa Nacional de Becas de Postgrado en el Exterior \u201cDon Carlos Antonio L\u00f3pez\u201d (Becal) realizar\u00e1 hoy viernes una charla virtual sobre las Becas Universitarias Becal \u2013 Itaip\u00fa Convocatoria 2021, a fin de aclarar todas las dudas de los postulantes.\" \/>\n<meta property=\"og:url\" content=\"https:\/\/www.ip.gov.py\/ip\/2021\/03\/26\/becal-realizara-este-viernes-una-charla-virtual-sobre-becas-universitarias-2021\/\" \/>\n<meta property=\"og:site_name\" content=\".::Agencia IP::.\" \/>\n<meta property=\"article:publisher\" content=\"https:\/\/www.facebook.com\/IPParaguay\/\" \/>\n<meta property=\"article:published_time\" content=\"2021-03-26T13:46:46+00:00\" \/>\n<meta property=\"og:image\" content=\"https:\/\/www.ip.gov.py\/ip\/wp-content\/uploads\/2020\/02\/Becas-Becal-Itaipu.jpg\" \/>\n\t<meta property=\"og:image:width\" content=\"1280\" \/>\n\t<meta property=\"og:image:height\" content=\"853\" \/>\n\t<meta property=\"og:image:type\" content=\"image\/jpeg\" \/>\n<meta name=\"author\" content=\"Noelia Ferreira\" \/>\n<meta name=\"twitter:card\" content=\"summary_large_image\" \/>\n<meta name=\"twitter:creator\" content=\"@IPParaguay\" \/>\n<meta name=\"twitter:site\" content=\"@IPParaguay\" \/>\n<meta name=\"twitter:label1\" content=\"Escrito por\" \/>\n\t<meta name=\"twitter:data1\" content=\"Noelia Ferreira\" \/>\n\t<meta name=\"twitter:label2\" content=\"Tiempo de lectura\" \/>\n\t<meta name=\"twitter:data2\" content=\"2 minutos\" \/>\n<script type=\"application\/ld+json\" class=\"yoast-schema-graph\">{\"@context\":\"https:\\\/\\\/schema.org\",\"@graph\":[{\"@type\":\"Article\",\"@id\":\"https:\\\/\\\/www.ip.gov.py\\\/ip\\\/2021\\\/03\\\/26\\\/becal-realizara-este-viernes-una-charla-virtual-sobre-becas-universitarias-2021\\\/#article\",\"isPartOf\":{\"@id\":\"https:\\\/\\\/www.ip.gov.py\\\/ip\\\/2021\\\/03\\\/26\\\/becal-realizara-este-viernes-una-charla-virtual-sobre-becas-universitarias-2021\\\/\"},\"author\":{\"name\":\"Noelia Ferreira\",\"@id\":\"https:\\\/\\\/www.ip.gov.py\\\/ip\\\/#\\\/schema\\\/person\\\/791af27a9219bdbf9064abb776bb41c2\"},\"headline\":\"Becal realizar\u00e1 este viernes una charla virtual sobre becas universitarias 2021\",\"datePublished\":\"2021-03-26T13:46:46+00:00\",\"mainEntityOfPage\":{\"@id\":\"https:\\\/\\\/www.ip.gov.py\\\/ip\\\/2021\\\/03\\\/26\\\/becal-realizara-este-viernes-una-charla-virtual-sobre-becas-universitarias-2021\\\/\"},\"wordCount\":338,\"publisher\":{\"@id\":\"https:\\\/\\\/www.ip.gov.py\\\/ip\\\/#organization\"},\"image\":{\"@id\":\"https:\\\/\\\/www.ip.gov.py\\\/ip\\\/2021\\\/03\\\/26\\\/becal-realizara-este-viernes-una-charla-virtual-sobre-becas-universitarias-2021\\\/#primaryimage\"},\"thumbnailUrl\":\"https:\\\/\\\/www.ip.gov.py\\\/ip\\\/wp-content\\\/uploads\\\/2020\\\/02\\\/Becas-Becal-Itaipu.jpg\",\"keywords\":[\"Becal\",\"Becas Itaipu-Becal\"],\"articleSection\":[\"Cultura\"],\"inLanguage\":\"es\"},{\"@type\":\"WebPage\",\"@id\":\"https:\\\/\\\/www.ip.gov.py\\\/ip\\\/2021\\\/03\\\/26\\\/becal-realizara-este-viernes-una-charla-virtual-sobre-becas-universitarias-2021\\\/\",\"url\":\"https:\\\/\\\/www.ip.gov.py\\\/ip\\\/2021\\\/03\\\/26\\\/becal-realizara-este-viernes-una-charla-virtual-sobre-becas-universitarias-2021\\\/\",\"name\":\"Becal realizar\u00e1 este viernes una charla virtual sobre becas universitarias 2021 - .::Agencia IP::.\",\"isPartOf\":{\"@id\":\"https:\\\/\\\/www.ip.gov.py\\\/ip\\\/#website\"},\"primaryImageOfPage\":{\"@id\":\"https:\\\/\\\/www.ip.gov.py\\\/ip\\\/2021\\\/03\\\/26\\\/becal-realizara-este-viernes-una-charla-virtual-sobre-becas-universitarias-2021\\\/#primaryimage\"},\"image\":{\"@id\":\"https:\\\/\\\/www.ip.gov.py\\\/ip\\\/2021\\\/03\\\/26\\\/becal-realizara-este-viernes-una-charla-virtual-sobre-becas-universitarias-2021\\\/#primaryimage\"},\"thumbnailUrl\":\"https:\\\/\\\/www.ip.gov.py\\\/ip\\\/wp-content\\\/uploads\\\/2020\\\/02\\\/Becas-Becal-Itaipu.jpg\",\"datePublished\":\"2021-03-26T13:46:46+00:00\",\"breadcrumb\":{\"@id\":\"https:\\\/\\\/www.ip.gov.py\\\/ip\\\/2021\\\/03\\\/26\\\/becal-realizara-este-viernes-una-charla-virtual-sobre-becas-universitarias-2021\\\/#breadcrumb\"},\"inLanguage\":\"es\",\"potentialAction\":[{\"@type\":\"ReadAction\",\"target\":[\"https:\\\/\\\/www.ip.gov.py\\\/ip\\\/2021\\\/03\\\/26\\\/becal-realizara-este-viernes-una-charla-virtual-sobre-becas-universitarias-2021\\\/\"]}]},{\"@type\":\"ImageObject\",\"inLanguage\":\"es\",\"@id\":\"https:\\\/\\\/www.ip.gov.py\\\/ip\\\/2021\\\/03\\\/26\\\/becal-realizara-este-viernes-una-charla-virtual-sobre-becas-universitarias-2021\\\/#primaryimage\",\"url\":\"https:\\\/\\\/www.ip.gov.py\\\/ip\\\/wp-content\\\/uploads\\\/2020\\\/02\\\/Becas-Becal-Itaipu.jpg\",\"contentUrl\":\"https:\\\/\\\/www.ip.gov.py\\\/ip\\\/wp-content\\\/uploads\\\/2020\\\/02\\\/Becas-Becal-Itaipu.jpg\",\"width\":1280,\"height\":853,\"caption\":\"Foto: Itaipu\"},{\"@type\":\"BreadcrumbList\",\"@id\":\"https:\\\/\\\/www.ip.gov.py\\\/ip\\\/2021\\\/03\\\/26\\\/becal-realizara-este-viernes-una-charla-virtual-sobre-becas-universitarias-2021\\\/#breadcrumb\",\"itemListElement\":[{\"@type\":\"ListItem\",\"position\":1,\"name\":\"Portada\",\"item\":\"https:\\\/\\\/www.ip.gov.py\\\/ip\\\/\"},{\"@type\":\"ListItem\",\"position\":2,\"name\":\"Becal realizar\u00e1 este viernes una charla virtual sobre becas universitarias 2021\"}]},{\"@type\":\"WebSite\",\"@id\":\"https:\\\/\\\/www.ip.gov.py\\\/ip\\\/#website\",\"url\":\"https:\\\/\\\/www.ip.gov.py\\\/ip\\\/\",\"name\":\".::Agencia IP::.\",\"description\":\"\",\"publisher\":{\"@id\":\"https:\\\/\\\/www.ip.gov.py\\\/ip\\\/#organization\"},\"potentialAction\":[{\"@type\":\"SearchAction\",\"target\":{\"@type\":\"EntryPoint\",\"urlTemplate\":\"https:\\\/\\\/www.ip.gov.py\\\/ip\\\/?s={search_term_string}\"},\"query-input\":{\"@type\":\"PropertyValueSpecification\",\"valueRequired\":true,\"valueName\":\"search_term_string\"}}],\"inLanguage\":\"es\"},{\"@type\":\"Organization\",\"@id\":\"https:\\\/\\\/www.ip.gov.py\\\/ip\\\/#organization\",\"name\":\"Agencia IP\",\"url\":\"https:\\\/\\\/www.ip.gov.py\\\/ip\\\/\",\"logo\":{\"@type\":\"ImageObject\",\"inLanguage\":\"es\",\"@id\":\"https:\\\/\\\/www.ip.gov.py\\\/ip\\\/#\\\/schema\\\/logo\\\/image\\\/\",\"url\":\"https:\\\/\\\/www.ip.gov.py\\\/ip\\\/wp-content\\\/uploads\\\/2018\\\/01\\\/Agencia-IP.jpg\",\"contentUrl\":\"https:\\\/\\\/www.ip.gov.py\\\/ip\\\/wp-content\\\/uploads\\\/2018\\\/01\\\/Agencia-IP.jpg\",\"width\":150,\"height\":150,\"caption\":\"Agencia IP\"},\"image\":{\"@id\":\"https:\\\/\\\/www.ip.gov.py\\\/ip\\\/#\\\/schema\\\/logo\\\/image\\\/\"},\"sameAs\":[\"https:\\\/\\\/www.facebook.com\\\/IPParaguay\\\/\",\"https:\\\/\\\/x.com\\\/IPParaguay\",\"https:\\\/\\\/www.instagram.com\\\/IPParaguay\"]},{\"@type\":\"Person\",\"@id\":\"https:\\\/\\\/www.ip.gov.py\\\/ip\\\/#\\\/schema\\\/person\\\/791af27a9219bdbf9064abb776bb41c2\",\"name\":\"Noelia Ferreira\",\"sameAs\":[\"http:\\\/\\\/www.ip.gov.py\"],\"url\":\"https:\\\/\\\/www.ip.gov.py\\\/ip\\\/author\\\/nferreira\\\/\"}]}<\/script>\n<!-- \/ Yoast SEO plugin. -->","yoast_head_json":{"title":"Becal realizar\u00e1 este viernes una charla virtual sobre becas universitarias 2021 - .::Agencia IP::.","robots":{"index":"index","follow":"follow","max-snippet":"max-snippet:-1","max-image-preview":"max-image-preview:large","max-video-preview":"max-video-preview:-1"},"canonical":"https:\/\/www.ip.gov.py\/ip\/2021\/03\/26\/becal-realizara-este-viernes-una-charla-virtual-sobre-becas-universitarias-2021\/","og_locale":"es_ES","og_type":"article","og_title":"Becal realizar\u00e1 este viernes una charla virtual sobre becas universitarias 2021 - .::Agencia IP::.","og_description":"Asunci\u00f3n, Paraguay, Agencia IP.- El Programa Nacional de Becas de Postgrado en el Exterior \u201cDon Carlos Antonio L\u00f3pez\u201d (Becal) realizar\u00e1 hoy viernes una charla virtual sobre las Becas Universitarias Becal \u2013 Itaip\u00fa Convocatoria 2021, a fin de aclarar todas las dudas de los postulantes.","og_url":"https:\/\/www.ip.gov.py\/ip\/2021\/03\/26\/becal-realizara-este-viernes-una-charla-virtual-sobre-becas-universitarias-2021\/","og_site_name":".::Agencia IP::.","article_publisher":"https:\/\/www.facebook.com\/IPParaguay\/","article_published_time":"2021-03-26T13:46:46+00:00","og_image":[{"width":1280,"height":853,"url":"https:\/\/www.ip.gov.py\/ip\/wp-content\/uploads\/2020\/02\/Becas-Becal-Itaipu.jpg","type":"image\/jpeg"}],"author":"Noelia Ferreira","twitter_card":"summary_large_image","twitter_creator":"@IPParaguay","twitter_site":"@IPParaguay","twitter_misc":{"Escrito por":"Noelia Ferreira","Tiempo de lectura":"2 minutos"},"schema":{"@context":"https:\/\/schema.org","@graph":[{"@type":"Article","@id":"https:\/\/www.ip.gov.py\/ip\/2021\/03\/26\/becal-realizara-este-viernes-una-charla-virtual-sobre-becas-universitarias-2021\/#article","isPartOf":{"@id":"https:\/\/www.ip.gov.py\/ip\/2021\/03\/26\/becal-realizara-este-viernes-una-charla-virtual-sobre-becas-universitarias-2021\/"},"author":{"name":"Noelia Ferreira","@id":"https:\/\/www.ip.gov.py\/ip\/#\/schema\/person\/791af27a9219bdbf9064abb776bb41c2"},"headline":"Becal realizar\u00e1 este viernes una charla virtual sobre becas universitarias 2021","datePublished":"2021-03-26T13:46:46+00:00","mainEntityOfPage":{"@id":"https:\/\/www.ip.gov.py\/ip\/2021\/03\/26\/becal-realizara-este-viernes-una-charla-virtual-sobre-becas-universitarias-2021\/"},"wordCount":338,"publisher":{"@id":"https:\/\/www.ip.gov.py\/ip\/#organization"},"image":{"@id":"https:\/\/www.ip.gov.py\/ip\/2021\/03\/26\/becal-realizara-este-viernes-una-charla-virtual-sobre-becas-universitarias-2021\/#primaryimage"},"thumbnailUrl":"https:\/\/www.ip.gov.py\/ip\/wp-content\/uploads\/2020\/02\/Becas-Becal-Itaipu.jpg","keywords":["Becal","Becas Itaipu-Becal"],"articleSection":["Cultura"],"inLanguage":"es"},{"@type":"WebPage","@id":"https:\/\/www.ip.gov.py\/ip\/2021\/03\/26\/becal-realizara-este-viernes-una-charla-virtual-sobre-becas-universitarias-2021\/","url":"https:\/\/www.ip.gov.py\/ip\/2021\/03\/26\/becal-realizara-este-viernes-una-charla-virtual-sobre-becas-universitarias-2021\/","name":"Becal realizar\u00e1 este viernes una charla virtual sobre becas universitarias 2021 - .::Agencia IP::.","isPartOf":{"@id":"https:\/\/www.ip.gov.py\/ip\/#website"},"primaryImageOfPage":{"@id":"https:\/\/www.ip.gov.py\/ip\/2021\/03\/26\/becal-realizara-este-viernes-una-charla-virtual-sobre-becas-universitarias-2021\/#primaryimage"},"image":{"@id":"https:\/\/www.ip.gov.py\/ip\/2021\/03\/26\/becal-realizara-este-viernes-una-charla-virtual-sobre-becas-universitarias-2021\/#primaryimage"},"thumbnailUrl":"https:\/\/www.ip.gov.py\/ip\/wp-content\/uploads\/2020\/02\/Becas-Becal-Itaipu.jpg","datePublished":"2021-03-26T13:46:46+00:00","breadcrumb":{"@id":"https:\/\/www.ip.gov.py\/ip\/2021\/03\/26\/becal-realizara-este-viernes-una-charla-virtual-sobre-becas-universitarias-2021\/#breadcrumb"},"inLanguage":"es","potentialAction":[{"@type":"ReadAction","target":["https:\/\/www.ip.gov.py\/ip\/2021\/03\/26\/becal-realizara-este-viernes-una-charla-virtual-sobre-becas-universitarias-2021\/"]}]},{"@type":"ImageObject","inLanguage":"es","@id":"https:\/\/www.ip.gov.py\/ip\/2021\/03\/26\/becal-realizara-este-viernes-una-charla-virtual-sobre-becas-universitarias-2021\/#primaryimage","url":"https:\/\/www.ip.gov.py\/ip\/wp-content\/uploads\/2020\/02\/Becas-Becal-Itaipu.jpg","contentUrl":"https:\/\/www.ip.gov.py\/ip\/wp-content\/uploads\/2020\/02\/Becas-Becal-Itaipu.jpg","width":1280,"height":853,"caption":"Foto: Itaipu"},{"@type":"BreadcrumbList","@id":"https:\/\/www.ip.gov.py\/ip\/2021\/03\/26\/becal-realizara-este-viernes-una-charla-virtual-sobre-becas-universitarias-2021\/#breadcrumb","itemListElement":[{"@type":"ListItem","position":1,"name":"Portada","item":"https:\/\/www.ip.gov.py\/ip\/"},{"@type":"ListItem","position":2,"name":"Becal realizar\u00e1 este viernes una charla virtual sobre becas universitarias 2021"}]},{"@type":"WebSite","@id":"https:\/\/www.ip.gov.py\/ip\/#website","url":"https:\/\/www.ip.gov.py\/ip\/","name":".::Agencia IP::.","description":"","publisher":{"@id":"https:\/\/www.ip.gov.py\/ip\/#organization"},"potentialAction":[{"@type":"SearchAction","target":{"@type":"EntryPoint","urlTemplate":"https:\/\/www.ip.gov.py\/ip\/?s={search_term_string}"},"query-input":{"@type":"PropertyValueSpecification","valueRequired":true,"valueName":"search_term_string"}}],"inLanguage":"es"},{"@type":"Organization","@id":"https:\/\/www.ip.gov.py\/ip\/#organization","name":"Agencia IP","url":"https:\/\/www.ip.gov.py\/ip\/","logo":{"@type":"ImageObject","inLanguage":"es","@id":"https:\/\/www.ip.gov.py\/ip\/#\/schema\/logo\/image\/","url":"https:\/\/www.ip.gov.py\/ip\/wp-content\/uploads\/2018\/01\/Agencia-IP.jpg","contentUrl":"https:\/\/www.ip.gov.py\/ip\/wp-content\/uploads\/2018\/01\/Agencia-IP.jpg","width":150,"height":150,"caption":"Agencia IP"},"image":{"@id":"https:\/\/www.ip.gov.py\/ip\/#\/schema\/logo\/image\/"},"sameAs":["https:\/\/www.facebook.com\/IPParaguay\/","https:\/\/x.com\/IPParaguay","https:\/\/www.instagram.com\/IPParaguay"]},{"@type":"Person","@id":"https:\/\/www.ip.gov.py\/ip\/#\/schema\/person\/791af27a9219bdbf9064abb776bb41c2","name":"Noelia Ferreira","sameAs":["http:\/\/www.ip.gov.py"],"url":"https:\/\/www.ip.gov.py\/ip\/author\/nferreira\/"}]}},"_links":{"self":[{"href":"https:\/\/www.ip.gov.py\/ip\/wp-json\/wp\/v2\/posts\/359011","targetHints":{"allow":["GET"]}}],"collection":[{"href":"https:\/\/www.ip.gov.py\/ip\/wp-json\/wp\/v2\/posts"}],"about":[{"href":"https:\/\/www.ip.gov.py\/ip\/wp-json\/wp\/v2\/types\/post"}],"author":[{"embeddable":true,"href":"https:\/\/www.ip.gov.py\/ip\/wp-json\/wp\/v2\/users\/23"}],"replies":[{"embeddable":true,"href":"https:\/\/www.ip.gov.py\/ip\/wp-json\/wp\/v2\/comments?post=359011"}],"version-history":[{"count":0,"href":"https:\/\/www.ip.gov.py\/ip\/wp-json\/wp\/v2\/posts\/359011\/revisions"}],"wp:featuredmedia":[{"embeddable":true,"href":"https:\/\/www.ip.gov.py\/ip\/wp-json\/wp\/v2\/media\/303871"}],"wp:attachment":[{"href":"https:\/\/www.ip.gov.py\/ip\/wp-json\/wp\/v2\/media?parent=359011"}],"wp:term":[{"taxonomy":"category","embeddable":true,"href":"https:\/\/www.ip.gov.py\/ip\/wp-json\/wp\/v2\/categories?post=359011"},{"taxonomy":"post_tag","embeddable":true,"href":"https:\/\/www.ip.gov.py\/ip\/wp-json\/wp\/v2\/tags?post=359011"}],"curies":[{"name":"wp","href":"https:\/\/api.w.org\/{rel}","templated":true}]}}