{"id":360798,"date":"2021-04-12T12:02:08","date_gmt":"2021-04-12T16:02:08","guid":{"rendered":"https:\/\/www.ip.gov.py\/ip\/?p=360798"},"modified":"2021-04-12T12:02:27","modified_gmt":"2021-04-12T16:02:27","slug":"viceministerio-verificara-las-flotas-de-buses-inactivas-de-empresas-transportistas","status":"publish","type":"post","link":"https:\/\/www.ip.gov.py\/ip\/2021\/04\/12\/viceministerio-verificara-las-flotas-de-buses-inactivas-de-empresas-transportistas\/","title":{"rendered":"Viceministerio verificar\u00e1 las flotas de buses inactivas de las empresas transportistas"},"content":{"rendered":"<p style=\"font-weight: 400; text-align: justify;\"><em><strong>Asunci\u00f3n, Paraguay, Agencia IP.-\u00a0<\/strong><\/em><span style=\"font-style: inherit; font-weight: inherit;\">El viceministro de Transporte, V\u00edctor S\u00e1nchez, explic\u00f3 que har\u00e1 una visita a las empresas transportistas para saber en detalle porque actualmente existen flotas de buses <\/span><span style=\"font-style: inherit; font-weight: inherit;\">convencionales<\/span><span style=\"font-style: inherit; font-weight: inherit;\"> y diferenciales que no se encuentran operando al 100%. <\/span><!--more--><\/p>\n<p style=\"font-weight: 400; text-align: justify;\"><span style=\"font-style: inherit; font-weight: inherit;\">S\u00e1nchez dijo que actualmente se cuenta con un 62% de la flota de buses convencionales de las empresas transportistas que se encuentran activas y un 38% inactivas, y en cuanto a los buses diferenciales 82% se encuentran activos y un 18% inactivos.\u00a0<\/span><\/p>\n<p style=\"font-weight: 400; text-align: justify;\"><span style=\"font-style: inherit; font-weight: inherit;\">En total sostuvo que ser\u00edan cerca de 550 buses que se encuentran fuera del sistema y que el Viceministerio a su cargo cuenta solamente con 13 fiscalizadores para realizar todo el trabajo.\u00a0<\/span><\/p>\n<p style=\"font-weight: 400; text-align: justify;\"><span style=\"font-style: inherit; font-weight: inherit;\">Por ello dijo que iniciar\u00e1 una visita a las empresas transportistas permisionarias del Viceministerio de Transporte para constatar de manera personal cuales son los inconvenientes con que cuentan esos buses y porque no est\u00e1n prestando servicio en las calles.\u00a0\u00a0<\/span><\/p>\n<p style=\"font-weight: 400; text-align: justify;\"><span style=\"font-style: inherit; font-weight: inherit;\">\u00abQueremos saber si los mismos cuentan con problemas\u00a0mec\u00e1nicos\u00a0leves o graves y tratar de trabajar entre todos para que el usuario final sea el mayor\u00a0beneficiario\u00a0posible. Las empresas\u00a0transportistas\u00a0manifestaron tener problemas mec\u00e1nicos\u00bb, resalt\u00f3 este lunes en entrevista con <strong>Radio Nacional del Paraguay<\/strong>.\u00a0<\/span><\/p>\n<p style=\"font-weight: 400; text-align: justify;\"><span style=\"font-style: inherit; font-weight: inherit;\">En otro momento el viceministro dijo que ese trabajo se acompa\u00f1ar\u00e1 tambi\u00e9n con los datos que son prove\u00eddos mediante el sistema de billetaje electr\u00f3nico del Centro de Control y Monitoreo del Viceministerio de Transporte.\u00a0<\/span><\/p>\n<p style=\"font-weight: 400; text-align: justify;\"><span style=\"font-style: inherit; font-weight: inherit;\">Finalmente aclar\u00f3 para tranquilidad de la ciudadan\u00eda que el pasaje no sufrir\u00e1 ning\u00fan tipo de reajuste.\u00a0\u00a0<\/span><\/p>\n","protected":false},"excerpt":{"rendered":"<p>Asunci\u00f3n, Paraguay, Agencia IP.-\u00a0El viceministro de Transporte, V\u00edctor S\u00e1nchez, explic\u00f3 que har\u00e1 una visita a las empresas transportistas para saber en detalle porque actualmente existen flotas de buses convencionales y diferenciales que no se encuentran operando al 100%.<\/p>\n","protected":false},"author":23,"featured_media":235014,"comment_status":"closed","ping_status":"closed","sticky":false,"template":"","format":"standard","meta":{"_monsterinsights_skip_tracking":false,"_monsterinsights_sitenote_active":false,"_monsterinsights_sitenote_note":"","_monsterinsights_sitenote_category":0,"footnotes":""},"categories":[4],"tags":[497,6296,5738,97,6297,3723,6298],"class_list":{"0":"post-360798","1":"post","2":"type-post","3":"status-publish","4":"format-standard","5":"has-post-thumbnail","7":"category-nacionales","8":"tag-billetaje-electronico","9":"tag-centro-de-control-y-monitoreo","10":"tag-empresas-transportistas","11":"tag-mopc","12":"tag-sistema-de-billetaje-electronico","13":"tag-viceministerio-de-transporte","14":"tag-victor-sanchez"},"yoast_head":"<!-- This site is optimized with the Yoast SEO plugin v27.5 - https:\/\/yoast.com\/product\/yoast-seo-wordpress\/ -->\n<title>Viceministerio verificar\u00e1 las flotas de buses inactivas de las empresas transportistas - .::Agencia IP::.<\/title>\n<meta name=\"robots\" content=\"index, follow, max-snippet:-1, max-image-preview:large, max-video-preview:-1\" \/>\n<link rel=\"canonical\" href=\"https:\/\/www.ip.gov.py\/ip\/2021\/04\/12\/viceministerio-verificara-las-flotas-de-buses-inactivas-de-empresas-transportistas\/\" \/>\n<meta property=\"og:locale\" content=\"es_ES\" \/>\n<meta property=\"og:type\" content=\"article\" \/>\n<meta property=\"og:title\" content=\"Viceministerio verificar\u00e1 las flotas de buses inactivas de las empresas transportistas - .::Agencia IP::.\" \/>\n<meta property=\"og:description\" content=\"Asunci\u00f3n, Paraguay, Agencia IP.-\u00a0El viceministro de Transporte, V\u00edctor S\u00e1nchez, explic\u00f3 que har\u00e1 una visita a las empresas transportistas para saber en detalle porque actualmente existen flotas de buses convencionales y diferenciales que no se encuentran operando al 100%.\" \/>\n<meta property=\"og:url\" content=\"https:\/\/www.ip.gov.py\/ip\/2021\/04\/12\/viceministerio-verificara-las-flotas-de-buses-inactivas-de-empresas-transportistas\/\" \/>\n<meta property=\"og:site_name\" content=\".::Agencia IP::.\" \/>\n<meta property=\"article:publisher\" content=\"https:\/\/www.facebook.com\/IPParaguay\/\" \/>\n<meta property=\"article:published_time\" content=\"2021-04-12T16:02:08+00:00\" \/>\n<meta property=\"article:modified_time\" content=\"2021-04-12T16:02:27+00:00\" \/>\n<meta property=\"og:image\" content=\"https:\/\/www.ip.gov.py\/ip\/wp-content\/uploads\/2018\/08\/precipitaciones-ligeras-clima-bajas-temperaturas-bus-transporte-publico-pasaje-centro.jpg\" \/>\n\t<meta property=\"og:image:width\" content=\"1280\" \/>\n\t<meta property=\"og:image:height\" content=\"853\" \/>\n\t<meta property=\"og:image:type\" content=\"image\/jpeg\" \/>\n<meta name=\"author\" content=\"Noelia Ferreira\" \/>\n<meta name=\"twitter:card\" content=\"summary_large_image\" \/>\n<meta name=\"twitter:creator\" content=\"@IPParaguay\" \/>\n<meta name=\"twitter:site\" content=\"@IPParaguay\" \/>\n<meta name=\"twitter:label1\" content=\"Escrito por\" \/>\n\t<meta name=\"twitter:data1\" content=\"Noelia Ferreira\" \/>\n\t<meta name=\"twitter:label2\" content=\"Tiempo de lectura\" \/>\n\t<meta name=\"twitter:data2\" content=\"1 minuto\" \/>\n<script type=\"application\/ld+json\" class=\"yoast-schema-graph\">{\"@context\":\"https:\\\/\\\/schema.org\",\"@graph\":[{\"@type\":\"Article\",\"@id\":\"https:\\\/\\\/www.ip.gov.py\\\/ip\\\/2021\\\/04\\\/12\\\/viceministerio-verificara-las-flotas-de-buses-inactivas-de-empresas-transportistas\\\/#article\",\"isPartOf\":{\"@id\":\"https:\\\/\\\/www.ip.gov.py\\\/ip\\\/2021\\\/04\\\/12\\\/viceministerio-verificara-las-flotas-de-buses-inactivas-de-empresas-transportistas\\\/\"},\"author\":{\"name\":\"Noelia Ferreira\",\"@id\":\"https:\\\/\\\/www.ip.gov.py\\\/ip\\\/#\\\/schema\\\/person\\\/791af27a9219bdbf9064abb776bb41c2\"},\"headline\":\"Viceministerio verificar\u00e1 las flotas de buses inactivas de las empresas transportistas\",\"datePublished\":\"2021-04-12T16:02:08+00:00\",\"dateModified\":\"2021-04-12T16:02:27+00:00\",\"mainEntityOfPage\":{\"@id\":\"https:\\\/\\\/www.ip.gov.py\\\/ip\\\/2021\\\/04\\\/12\\\/viceministerio-verificara-las-flotas-de-buses-inactivas-de-empresas-transportistas\\\/\"},\"wordCount\":266,\"publisher\":{\"@id\":\"https:\\\/\\\/www.ip.gov.py\\\/ip\\\/#organization\"},\"image\":{\"@id\":\"https:\\\/\\\/www.ip.gov.py\\\/ip\\\/2021\\\/04\\\/12\\\/viceministerio-verificara-las-flotas-de-buses-inactivas-de-empresas-transportistas\\\/#primaryimage\"},\"thumbnailUrl\":\"https:\\\/\\\/www.ip.gov.py\\\/ip\\\/wp-content\\\/uploads\\\/2018\\\/08\\\/precipitaciones-ligeras-clima-bajas-temperaturas-bus-transporte-publico-pasaje-centro.jpg\",\"keywords\":[\"billetaje electr\u00f3nico\",\"Centro de Control y Monitoreo\",\"Empresas transportistas\",\"MOPC\",\"Sistema de billetaje electr\u00f3nico\",\"Viceministerio de Transporte\",\"V\u00edctor S\u00e1nchez\"],\"articleSection\":[\"Nacionales\"],\"inLanguage\":\"es\"},{\"@type\":\"WebPage\",\"@id\":\"https:\\\/\\\/www.ip.gov.py\\\/ip\\\/2021\\\/04\\\/12\\\/viceministerio-verificara-las-flotas-de-buses-inactivas-de-empresas-transportistas\\\/\",\"url\":\"https:\\\/\\\/www.ip.gov.py\\\/ip\\\/2021\\\/04\\\/12\\\/viceministerio-verificara-las-flotas-de-buses-inactivas-de-empresas-transportistas\\\/\",\"name\":\"Viceministerio verificar\u00e1 las flotas de buses inactivas de las empresas transportistas - .::Agencia IP::.\",\"isPartOf\":{\"@id\":\"https:\\\/\\\/www.ip.gov.py\\\/ip\\\/#website\"},\"primaryImageOfPage\":{\"@id\":\"https:\\\/\\\/www.ip.gov.py\\\/ip\\\/2021\\\/04\\\/12\\\/viceministerio-verificara-las-flotas-de-buses-inactivas-de-empresas-transportistas\\\/#primaryimage\"},\"image\":{\"@id\":\"https:\\\/\\\/www.ip.gov.py\\\/ip\\\/2021\\\/04\\\/12\\\/viceministerio-verificara-las-flotas-de-buses-inactivas-de-empresas-transportistas\\\/#primaryimage\"},\"thumbnailUrl\":\"https:\\\/\\\/www.ip.gov.py\\\/ip\\\/wp-content\\\/uploads\\\/2018\\\/08\\\/precipitaciones-ligeras-clima-bajas-temperaturas-bus-transporte-publico-pasaje-centro.jpg\",\"datePublished\":\"2021-04-12T16:02:08+00:00\",\"dateModified\":\"2021-04-12T16:02:27+00:00\",\"breadcrumb\":{\"@id\":\"https:\\\/\\\/www.ip.gov.py\\\/ip\\\/2021\\\/04\\\/12\\\/viceministerio-verificara-las-flotas-de-buses-inactivas-de-empresas-transportistas\\\/#breadcrumb\"},\"inLanguage\":\"es\",\"potentialAction\":[{\"@type\":\"ReadAction\",\"target\":[\"https:\\\/\\\/www.ip.gov.py\\\/ip\\\/2021\\\/04\\\/12\\\/viceministerio-verificara-las-flotas-de-buses-inactivas-de-empresas-transportistas\\\/\"]}]},{\"@type\":\"ImageObject\",\"inLanguage\":\"es\",\"@id\":\"https:\\\/\\\/www.ip.gov.py\\\/ip\\\/2021\\\/04\\\/12\\\/viceministerio-verificara-las-flotas-de-buses-inactivas-de-empresas-transportistas\\\/#primaryimage\",\"url\":\"https:\\\/\\\/www.ip.gov.py\\\/ip\\\/wp-content\\\/uploads\\\/2018\\\/08\\\/precipitaciones-ligeras-clima-bajas-temperaturas-bus-transporte-publico-pasaje-centro.jpg\",\"contentUrl\":\"https:\\\/\\\/www.ip.gov.py\\\/ip\\\/wp-content\\\/uploads\\\/2018\\\/08\\\/precipitaciones-ligeras-clima-bajas-temperaturas-bus-transporte-publico-pasaje-centro.jpg\",\"width\":1280,\"height\":853,\"caption\":\"Ilustraci\u00f3n \\\/ Foto: Agencia IP\"},{\"@type\":\"BreadcrumbList\",\"@id\":\"https:\\\/\\\/www.ip.gov.py\\\/ip\\\/2021\\\/04\\\/12\\\/viceministerio-verificara-las-flotas-de-buses-inactivas-de-empresas-transportistas\\\/#breadcrumb\",\"itemListElement\":[{\"@type\":\"ListItem\",\"position\":1,\"name\":\"Portada\",\"item\":\"https:\\\/\\\/www.ip.gov.py\\\/ip\\\/\"},{\"@type\":\"ListItem\",\"position\":2,\"name\":\"Viceministerio verificar\u00e1 las flotas de buses inactivas de las empresas transportistas\"}]},{\"@type\":\"WebSite\",\"@id\":\"https:\\\/\\\/www.ip.gov.py\\\/ip\\\/#website\",\"url\":\"https:\\\/\\\/www.ip.gov.py\\\/ip\\\/\",\"name\":\".::Agencia IP::.\",\"description\":\"\",\"publisher\":{\"@id\":\"https:\\\/\\\/www.ip.gov.py\\\/ip\\\/#organization\"},\"potentialAction\":[{\"@type\":\"SearchAction\",\"target\":{\"@type\":\"EntryPoint\",\"urlTemplate\":\"https:\\\/\\\/www.ip.gov.py\\\/ip\\\/?s={search_term_string}\"},\"query-input\":{\"@type\":\"PropertyValueSpecification\",\"valueRequired\":true,\"valueName\":\"search_term_string\"}}],\"inLanguage\":\"es\"},{\"@type\":\"Organization\",\"@id\":\"https:\\\/\\\/www.ip.gov.py\\\/ip\\\/#organization\",\"name\":\"Agencia IP\",\"url\":\"https:\\\/\\\/www.ip.gov.py\\\/ip\\\/\",\"logo\":{\"@type\":\"ImageObject\",\"inLanguage\":\"es\",\"@id\":\"https:\\\/\\\/www.ip.gov.py\\\/ip\\\/#\\\/schema\\\/logo\\\/image\\\/\",\"url\":\"https:\\\/\\\/www.ip.gov.py\\\/ip\\\/wp-content\\\/uploads\\\/2018\\\/01\\\/Agencia-IP.jpg\",\"contentUrl\":\"https:\\\/\\\/www.ip.gov.py\\\/ip\\\/wp-content\\\/uploads\\\/2018\\\/01\\\/Agencia-IP.jpg\",\"width\":150,\"height\":150,\"caption\":\"Agencia IP\"},\"image\":{\"@id\":\"https:\\\/\\\/www.ip.gov.py\\\/ip\\\/#\\\/schema\\\/logo\\\/image\\\/\"},\"sameAs\":[\"https:\\\/\\\/www.facebook.com\\\/IPParaguay\\\/\",\"https:\\\/\\\/x.com\\\/IPParaguay\",\"https:\\\/\\\/www.instagram.com\\\/IPParaguay\"]},{\"@type\":\"Person\",\"@id\":\"https:\\\/\\\/www.ip.gov.py\\\/ip\\\/#\\\/schema\\\/person\\\/791af27a9219bdbf9064abb776bb41c2\",\"name\":\"Noelia Ferreira\",\"sameAs\":[\"http:\\\/\\\/www.ip.gov.py\"],\"url\":\"https:\\\/\\\/www.ip.gov.py\\\/ip\\\/author\\\/nferreira\\\/\"}]}<\/script>\n<!-- \/ Yoast SEO plugin. -->","yoast_head_json":{"title":"Viceministerio verificar\u00e1 las flotas de buses inactivas de las empresas transportistas - .::Agencia IP::.","robots":{"index":"index","follow":"follow","max-snippet":"max-snippet:-1","max-image-preview":"max-image-preview:large","max-video-preview":"max-video-preview:-1"},"canonical":"https:\/\/www.ip.gov.py\/ip\/2021\/04\/12\/viceministerio-verificara-las-flotas-de-buses-inactivas-de-empresas-transportistas\/","og_locale":"es_ES","og_type":"article","og_title":"Viceministerio verificar\u00e1 las flotas de buses inactivas de las empresas transportistas - .::Agencia IP::.","og_description":"Asunci\u00f3n, Paraguay, Agencia IP.-\u00a0El viceministro de Transporte, V\u00edctor S\u00e1nchez, explic\u00f3 que har\u00e1 una visita a las empresas transportistas para saber en detalle porque actualmente existen flotas de buses convencionales y diferenciales que no se encuentran operando al 100%.","og_url":"https:\/\/www.ip.gov.py\/ip\/2021\/04\/12\/viceministerio-verificara-las-flotas-de-buses-inactivas-de-empresas-transportistas\/","og_site_name":".::Agencia IP::.","article_publisher":"https:\/\/www.facebook.com\/IPParaguay\/","article_published_time":"2021-04-12T16:02:08+00:00","article_modified_time":"2021-04-12T16:02:27+00:00","og_image":[{"width":1280,"height":853,"url":"https:\/\/www.ip.gov.py\/ip\/wp-content\/uploads\/2018\/08\/precipitaciones-ligeras-clima-bajas-temperaturas-bus-transporte-publico-pasaje-centro.jpg","type":"image\/jpeg"}],"author":"Noelia Ferreira","twitter_card":"summary_large_image","twitter_creator":"@IPParaguay","twitter_site":"@IPParaguay","twitter_misc":{"Escrito por":"Noelia Ferreira","Tiempo de lectura":"1 minuto"},"schema":{"@context":"https:\/\/schema.org","@graph":[{"@type":"Article","@id":"https:\/\/www.ip.gov.py\/ip\/2021\/04\/12\/viceministerio-verificara-las-flotas-de-buses-inactivas-de-empresas-transportistas\/#article","isPartOf":{"@id":"https:\/\/www.ip.gov.py\/ip\/2021\/04\/12\/viceministerio-verificara-las-flotas-de-buses-inactivas-de-empresas-transportistas\/"},"author":{"name":"Noelia Ferreira","@id":"https:\/\/www.ip.gov.py\/ip\/#\/schema\/person\/791af27a9219bdbf9064abb776bb41c2"},"headline":"Viceministerio verificar\u00e1 las flotas de buses inactivas de las empresas transportistas","datePublished":"2021-04-12T16:02:08+00:00","dateModified":"2021-04-12T16:02:27+00:00","mainEntityOfPage":{"@id":"https:\/\/www.ip.gov.py\/ip\/2021\/04\/12\/viceministerio-verificara-las-flotas-de-buses-inactivas-de-empresas-transportistas\/"},"wordCount":266,"publisher":{"@id":"https:\/\/www.ip.gov.py\/ip\/#organization"},"image":{"@id":"https:\/\/www.ip.gov.py\/ip\/2021\/04\/12\/viceministerio-verificara-las-flotas-de-buses-inactivas-de-empresas-transportistas\/#primaryimage"},"thumbnailUrl":"https:\/\/www.ip.gov.py\/ip\/wp-content\/uploads\/2018\/08\/precipitaciones-ligeras-clima-bajas-temperaturas-bus-transporte-publico-pasaje-centro.jpg","keywords":["billetaje electr\u00f3nico","Centro de Control y Monitoreo","Empresas transportistas","MOPC","Sistema de billetaje electr\u00f3nico","Viceministerio de Transporte","V\u00edctor S\u00e1nchez"],"articleSection":["Nacionales"],"inLanguage":"es"},{"@type":"WebPage","@id":"https:\/\/www.ip.gov.py\/ip\/2021\/04\/12\/viceministerio-verificara-las-flotas-de-buses-inactivas-de-empresas-transportistas\/","url":"https:\/\/www.ip.gov.py\/ip\/2021\/04\/12\/viceministerio-verificara-las-flotas-de-buses-inactivas-de-empresas-transportistas\/","name":"Viceministerio verificar\u00e1 las flotas de buses inactivas de las empresas transportistas - .::Agencia IP::.","isPartOf":{"@id":"https:\/\/www.ip.gov.py\/ip\/#website"},"primaryImageOfPage":{"@id":"https:\/\/www.ip.gov.py\/ip\/2021\/04\/12\/viceministerio-verificara-las-flotas-de-buses-inactivas-de-empresas-transportistas\/#primaryimage"},"image":{"@id":"https:\/\/www.ip.gov.py\/ip\/2021\/04\/12\/viceministerio-verificara-las-flotas-de-buses-inactivas-de-empresas-transportistas\/#primaryimage"},"thumbnailUrl":"https:\/\/www.ip.gov.py\/ip\/wp-content\/uploads\/2018\/08\/precipitaciones-ligeras-clima-bajas-temperaturas-bus-transporte-publico-pasaje-centro.jpg","datePublished":"2021-04-12T16:02:08+00:00","dateModified":"2021-04-12T16:02:27+00:00","breadcrumb":{"@id":"https:\/\/www.ip.gov.py\/ip\/2021\/04\/12\/viceministerio-verificara-las-flotas-de-buses-inactivas-de-empresas-transportistas\/#breadcrumb"},"inLanguage":"es","potentialAction":[{"@type":"ReadAction","target":["https:\/\/www.ip.gov.py\/ip\/2021\/04\/12\/viceministerio-verificara-las-flotas-de-buses-inactivas-de-empresas-transportistas\/"]}]},{"@type":"ImageObject","inLanguage":"es","@id":"https:\/\/www.ip.gov.py\/ip\/2021\/04\/12\/viceministerio-verificara-las-flotas-de-buses-inactivas-de-empresas-transportistas\/#primaryimage","url":"https:\/\/www.ip.gov.py\/ip\/wp-content\/uploads\/2018\/08\/precipitaciones-ligeras-clima-bajas-temperaturas-bus-transporte-publico-pasaje-centro.jpg","contentUrl":"https:\/\/www.ip.gov.py\/ip\/wp-content\/uploads\/2018\/08\/precipitaciones-ligeras-clima-bajas-temperaturas-bus-transporte-publico-pasaje-centro.jpg","width":1280,"height":853,"caption":"Ilustraci\u00f3n \/ Foto: Agencia IP"},{"@type":"BreadcrumbList","@id":"https:\/\/www.ip.gov.py\/ip\/2021\/04\/12\/viceministerio-verificara-las-flotas-de-buses-inactivas-de-empresas-transportistas\/#breadcrumb","itemListElement":[{"@type":"ListItem","position":1,"name":"Portada","item":"https:\/\/www.ip.gov.py\/ip\/"},{"@type":"ListItem","position":2,"name":"Viceministerio verificar\u00e1 las flotas de buses inactivas de las empresas transportistas"}]},{"@type":"WebSite","@id":"https:\/\/www.ip.gov.py\/ip\/#website","url":"https:\/\/www.ip.gov.py\/ip\/","name":".::Agencia IP::.","description":"","publisher":{"@id":"https:\/\/www.ip.gov.py\/ip\/#organization"},"potentialAction":[{"@type":"SearchAction","target":{"@type":"EntryPoint","urlTemplate":"https:\/\/www.ip.gov.py\/ip\/?s={search_term_string}"},"query-input":{"@type":"PropertyValueSpecification","valueRequired":true,"valueName":"search_term_string"}}],"inLanguage":"es"},{"@type":"Organization","@id":"https:\/\/www.ip.gov.py\/ip\/#organization","name":"Agencia IP","url":"https:\/\/www.ip.gov.py\/ip\/","logo":{"@type":"ImageObject","inLanguage":"es","@id":"https:\/\/www.ip.gov.py\/ip\/#\/schema\/logo\/image\/","url":"https:\/\/www.ip.gov.py\/ip\/wp-content\/uploads\/2018\/01\/Agencia-IP.jpg","contentUrl":"https:\/\/www.ip.gov.py\/ip\/wp-content\/uploads\/2018\/01\/Agencia-IP.jpg","width":150,"height":150,"caption":"Agencia IP"},"image":{"@id":"https:\/\/www.ip.gov.py\/ip\/#\/schema\/logo\/image\/"},"sameAs":["https:\/\/www.facebook.com\/IPParaguay\/","https:\/\/x.com\/IPParaguay","https:\/\/www.instagram.com\/IPParaguay"]},{"@type":"Person","@id":"https:\/\/www.ip.gov.py\/ip\/#\/schema\/person\/791af27a9219bdbf9064abb776bb41c2","name":"Noelia Ferreira","sameAs":["http:\/\/www.ip.gov.py"],"url":"https:\/\/www.ip.gov.py\/ip\/author\/nferreira\/"}]}},"_links":{"self":[{"href":"https:\/\/www.ip.gov.py\/ip\/wp-json\/wp\/v2\/posts\/360798","targetHints":{"allow":["GET"]}}],"collection":[{"href":"https:\/\/www.ip.gov.py\/ip\/wp-json\/wp\/v2\/posts"}],"about":[{"href":"https:\/\/www.ip.gov.py\/ip\/wp-json\/wp\/v2\/types\/post"}],"author":[{"embeddable":true,"href":"https:\/\/www.ip.gov.py\/ip\/wp-json\/wp\/v2\/users\/23"}],"replies":[{"embeddable":true,"href":"https:\/\/www.ip.gov.py\/ip\/wp-json\/wp\/v2\/comments?post=360798"}],"version-history":[{"count":0,"href":"https:\/\/www.ip.gov.py\/ip\/wp-json\/wp\/v2\/posts\/360798\/revisions"}],"wp:featuredmedia":[{"embeddable":true,"href":"https:\/\/www.ip.gov.py\/ip\/wp-json\/wp\/v2\/media\/235014"}],"wp:attachment":[{"href":"https:\/\/www.ip.gov.py\/ip\/wp-json\/wp\/v2\/media?parent=360798"}],"wp:term":[{"taxonomy":"category","embeddable":true,"href":"https:\/\/www.ip.gov.py\/ip\/wp-json\/wp\/v2\/categories?post=360798"},{"taxonomy":"post_tag","embeddable":true,"href":"https:\/\/www.ip.gov.py\/ip\/wp-json\/wp\/v2\/tags?post=360798"}],"curies":[{"name":"wp","href":"https:\/\/api.w.org\/{rel}","templated":true}]}}