{"id":364407,"date":"2021-05-06T08:38:54","date_gmt":"2021-05-06T12:38:54","guid":{"rendered":"https:\/\/www.ip.gov.py\/ip\/?p=364407"},"modified":"2021-05-06T08:38:54","modified_gmt":"2021-05-06T12:38:54","slug":"becal-cerrara-la-convocatoria-a-maestrias-a-distancia-y-semipresencial","status":"publish","type":"post","link":"https:\/\/www.ip.gov.py\/ip\/2021\/05\/06\/becal-cerrara-la-convocatoria-a-maestrias-a-distancia-y-semipresencial\/","title":{"rendered":"Becal cerrar\u00e1 la convocatoria a maestr\u00edas a distancia y semipresencial"},"content":{"rendered":"<p style=\"text-align: justify;\"><em><strong>Asunci\u00f3n, Paraguay, Agencia IP.-<\/strong><\/em> El Programa Nacional de Becas de Postgrado en el Exterior \u201cDon Carlos Antonio L\u00f3pez\u201d (Becal) cierra, este domingo 9 de mayo, la convocatoria para Becas Autogestionadas de Maestr\u00edas a Distancia y\/o Semipresencial.<!--more--><\/p>\n<p style=\"text-align: justify;\">Las postulaciones pueden realizarse a trav\u00e9s del Sistema de Postulaci\u00f3n a Instrumentos (SPI) del Consejo Nacional de Ciencia y Tecnolog\u00eda (Conacyt) <a href=\"https:\/\/spi.conacyt.gov.py\/user\" target=\"_blank\" rel=\"noopener noreferrer\"><strong>aqu\u00ed<\/strong><\/a>.<\/p>\n<p style=\"text-align: justify;\">Las becas a financiar son para Maestr\u00edas en CTI, dirigidas a todas aquellas personas que realicen estudios en las \u00e1reas de Ciencia, Tecnolog\u00eda e Innovaci\u00f3n, cuyo proyecto de vida sea el fortalecimiento de las capacidades de innovaci\u00f3n de las empresas, gesti\u00f3n p\u00fablica, universidades y centros de I+D.<\/p>\n<p style=\"text-align: justify;\">Tambi\u00e9n se financiar\u00e1n Maestr\u00edas en Educaci\u00f3n y\/o Gesti\u00f3n Educativa, dirigidas a todas aquellas personas que realicen estudios en Educaci\u00f3n, que se encuentren prestando servicios en el \u00e1mbito de educaci\u00f3n con una antig\u00fcedad m\u00ednima de 12 meses a la fecha de postulaci\u00f3n.<\/p>\n<p style=\"text-align: justify;\">La gu\u00eda de bases y condiciones est\u00e1 disponible y puede ser consultada en el siguiente <a href=\"https:\/\/www.becal.gov.py\/wp-content\/uploads\/2021\/02\/GBC-2021-Ver-Final.pdf\" target=\"_blank\" rel=\"noopener noreferrer\"><strong>enlace<\/strong><\/a>. La comunicaci\u00f3n de la lista de preseleccionados a entrevistas se realizar\u00e1 el 18 de junio y la publicaci\u00f3n de la lista de seleccionados se conocer\u00e1 el 30 de junio del 2021.<\/p>\n<p style=\"text-align: justify;\">En caso de consultas sobre el proceso se puede recurrir a las redes sociales de Becal, Facebook: <a href=\"https:\/\/www.facebook.com\/becalparaguay\" target=\"_blank\" rel=\"noopener noreferrer\"><strong>@becalparaguay<\/strong><\/a>, Twitter: <strong><a href=\"https:\/\/twitter.com\/becalpy\" target=\"_blank\" rel=\"noopener noreferrer\">@becalpy<\/a><\/strong>, al correo electr\u00f3nico consultasbecal@hacienda.gov.py o al tel\u00e9fono: (021) 440-007.<\/p>\n<p style=\"text-align: justify;\">El objetivo general de Becal es contribuir al aumento de los niveles de generaci\u00f3n y aplicaci\u00f3n de conocimientos en las \u00e1reas de Ciencia y Tecnolog\u00eda, Innovaci\u00f3n y Gesti\u00f3n y Aprendizaje en la Educaci\u00f3n, a trav\u00e9s del mejoramiento y profesionalizaci\u00f3n del capital humano avanzado del pa\u00eds.<\/p>\n","protected":false},"excerpt":{"rendered":"<p>Asunci\u00f3n, Paraguay, Agencia IP.- El Programa Nacional de Becas de Postgrado en el Exterior \u201cDon Carlos Antonio L\u00f3pez\u201d (Becal) cierra, este domingo 9 de mayo, la convocatoria para Becas Autogestionadas de Maestr\u00edas a Distancia y\/o Semipresencial.<\/p>\n","protected":false},"author":23,"featured_media":360630,"comment_status":"closed","ping_status":"closed","sticky":false,"template":"","format":"standard","meta":{"_monsterinsights_skip_tracking":false,"_monsterinsights_sitenote_active":false,"_monsterinsights_sitenote_note":"","_monsterinsights_sitenote_category":0,"footnotes":""},"categories":[7],"tags":[166,535,1105,1040],"class_list":{"0":"post-364407","1":"post","2":"type-post","3":"status-publish","4":"format-standard","5":"has-post-thumbnail","7":"category-cultura","8":"tag-becal","9":"tag-becas","10":"tag-conacyt","11":"tag-maestrias"},"yoast_head":"<!-- This site is optimized with the Yoast SEO plugin v27.5 - https:\/\/yoast.com\/product\/yoast-seo-wordpress\/ -->\n<title>Becal cerrar\u00e1 la convocatoria a maestr\u00edas a distancia y semipresencial - .::Agencia IP::.<\/title>\n<meta name=\"robots\" content=\"index, follow, max-snippet:-1, max-image-preview:large, max-video-preview:-1\" \/>\n<link rel=\"canonical\" href=\"https:\/\/www.ip.gov.py\/ip\/2021\/05\/06\/becal-cerrara-la-convocatoria-a-maestrias-a-distancia-y-semipresencial\/\" \/>\n<meta property=\"og:locale\" content=\"es_ES\" \/>\n<meta property=\"og:type\" content=\"article\" \/>\n<meta property=\"og:title\" content=\"Becal cerrar\u00e1 la convocatoria a maestr\u00edas a distancia y semipresencial - .::Agencia IP::.\" \/>\n<meta property=\"og:description\" content=\"Asunci\u00f3n, Paraguay, Agencia IP.- El Programa Nacional de Becas de Postgrado en el Exterior \u201cDon Carlos Antonio L\u00f3pez\u201d (Becal) cierra, este domingo 9 de mayo, la convocatoria para Becas Autogestionadas de Maestr\u00edas a Distancia y\/o Semipresencial.\" \/>\n<meta property=\"og:url\" content=\"https:\/\/www.ip.gov.py\/ip\/2021\/05\/06\/becal-cerrara-la-convocatoria-a-maestrias-a-distancia-y-semipresencial\/\" \/>\n<meta property=\"og:site_name\" content=\".::Agencia IP::.\" \/>\n<meta property=\"article:publisher\" content=\"https:\/\/www.facebook.com\/IPParaguay\/\" \/>\n<meta property=\"article:published_time\" content=\"2021-05-06T12:38:54+00:00\" \/>\n<meta property=\"og:image\" content=\"https:\/\/www.ip.gov.py\/ip\/wp-content\/uploads\/2021\/04\/becas-itaipu-becal.jpg\" \/>\n\t<meta property=\"og:image:width\" content=\"1280\" \/>\n\t<meta property=\"og:image:height\" content=\"853\" \/>\n\t<meta property=\"og:image:type\" content=\"image\/jpeg\" \/>\n<meta name=\"author\" content=\"Noelia Ferreira\" \/>\n<meta name=\"twitter:card\" content=\"summary_large_image\" \/>\n<meta name=\"twitter:creator\" content=\"@IPParaguay\" \/>\n<meta name=\"twitter:site\" content=\"@IPParaguay\" \/>\n<meta name=\"twitter:label1\" content=\"Escrito por\" \/>\n\t<meta name=\"twitter:data1\" content=\"Noelia Ferreira\" \/>\n\t<meta name=\"twitter:label2\" content=\"Tiempo de lectura\" \/>\n\t<meta name=\"twitter:data2\" content=\"2 minutos\" \/>\n<script type=\"application\/ld+json\" class=\"yoast-schema-graph\">{\"@context\":\"https:\\\/\\\/schema.org\",\"@graph\":[{\"@type\":\"Article\",\"@id\":\"https:\\\/\\\/www.ip.gov.py\\\/ip\\\/2021\\\/05\\\/06\\\/becal-cerrara-la-convocatoria-a-maestrias-a-distancia-y-semipresencial\\\/#article\",\"isPartOf\":{\"@id\":\"https:\\\/\\\/www.ip.gov.py\\\/ip\\\/2021\\\/05\\\/06\\\/becal-cerrara-la-convocatoria-a-maestrias-a-distancia-y-semipresencial\\\/\"},\"author\":{\"name\":\"Noelia Ferreira\",\"@id\":\"https:\\\/\\\/www.ip.gov.py\\\/ip\\\/#\\\/schema\\\/person\\\/791af27a9219bdbf9064abb776bb41c2\"},\"headline\":\"Becal cerrar\u00e1 la convocatoria a maestr\u00edas a distancia y semipresencial\",\"datePublished\":\"2021-05-06T12:38:54+00:00\",\"mainEntityOfPage\":{\"@id\":\"https:\\\/\\\/www.ip.gov.py\\\/ip\\\/2021\\\/05\\\/06\\\/becal-cerrara-la-convocatoria-a-maestrias-a-distancia-y-semipresencial\\\/\"},\"wordCount\":315,\"publisher\":{\"@id\":\"https:\\\/\\\/www.ip.gov.py\\\/ip\\\/#organization\"},\"image\":{\"@id\":\"https:\\\/\\\/www.ip.gov.py\\\/ip\\\/2021\\\/05\\\/06\\\/becal-cerrara-la-convocatoria-a-maestrias-a-distancia-y-semipresencial\\\/#primaryimage\"},\"thumbnailUrl\":\"https:\\\/\\\/www.ip.gov.py\\\/ip\\\/wp-content\\\/uploads\\\/2021\\\/04\\\/becas-itaipu-becal.jpg\",\"keywords\":[\"Becal\",\"becas\",\"Conacyt\",\"Maestr\u00edas\"],\"articleSection\":[\"Cultura\"],\"inLanguage\":\"es\"},{\"@type\":\"WebPage\",\"@id\":\"https:\\\/\\\/www.ip.gov.py\\\/ip\\\/2021\\\/05\\\/06\\\/becal-cerrara-la-convocatoria-a-maestrias-a-distancia-y-semipresencial\\\/\",\"url\":\"https:\\\/\\\/www.ip.gov.py\\\/ip\\\/2021\\\/05\\\/06\\\/becal-cerrara-la-convocatoria-a-maestrias-a-distancia-y-semipresencial\\\/\",\"name\":\"Becal cerrar\u00e1 la convocatoria a maestr\u00edas a distancia y semipresencial - .::Agencia IP::.\",\"isPartOf\":{\"@id\":\"https:\\\/\\\/www.ip.gov.py\\\/ip\\\/#website\"},\"primaryImageOfPage\":{\"@id\":\"https:\\\/\\\/www.ip.gov.py\\\/ip\\\/2021\\\/05\\\/06\\\/becal-cerrara-la-convocatoria-a-maestrias-a-distancia-y-semipresencial\\\/#primaryimage\"},\"image\":{\"@id\":\"https:\\\/\\\/www.ip.gov.py\\\/ip\\\/2021\\\/05\\\/06\\\/becal-cerrara-la-convocatoria-a-maestrias-a-distancia-y-semipresencial\\\/#primaryimage\"},\"thumbnailUrl\":\"https:\\\/\\\/www.ip.gov.py\\\/ip\\\/wp-content\\\/uploads\\\/2021\\\/04\\\/becas-itaipu-becal.jpg\",\"datePublished\":\"2021-05-06T12:38:54+00:00\",\"breadcrumb\":{\"@id\":\"https:\\\/\\\/www.ip.gov.py\\\/ip\\\/2021\\\/05\\\/06\\\/becal-cerrara-la-convocatoria-a-maestrias-a-distancia-y-semipresencial\\\/#breadcrumb\"},\"inLanguage\":\"es\",\"potentialAction\":[{\"@type\":\"ReadAction\",\"target\":[\"https:\\\/\\\/www.ip.gov.py\\\/ip\\\/2021\\\/05\\\/06\\\/becal-cerrara-la-convocatoria-a-maestrias-a-distancia-y-semipresencial\\\/\"]}]},{\"@type\":\"ImageObject\",\"inLanguage\":\"es\",\"@id\":\"https:\\\/\\\/www.ip.gov.py\\\/ip\\\/2021\\\/05\\\/06\\\/becal-cerrara-la-convocatoria-a-maestrias-a-distancia-y-semipresencial\\\/#primaryimage\",\"url\":\"https:\\\/\\\/www.ip.gov.py\\\/ip\\\/wp-content\\\/uploads\\\/2021\\\/04\\\/becas-itaipu-becal.jpg\",\"contentUrl\":\"https:\\\/\\\/www.ip.gov.py\\\/ip\\\/wp-content\\\/uploads\\\/2021\\\/04\\\/becas-itaipu-becal.jpg\",\"width\":1280,\"height\":853,\"caption\":\"Foto gentileza\\\/Itaipu\"},{\"@type\":\"BreadcrumbList\",\"@id\":\"https:\\\/\\\/www.ip.gov.py\\\/ip\\\/2021\\\/05\\\/06\\\/becal-cerrara-la-convocatoria-a-maestrias-a-distancia-y-semipresencial\\\/#breadcrumb\",\"itemListElement\":[{\"@type\":\"ListItem\",\"position\":1,\"name\":\"Portada\",\"item\":\"https:\\\/\\\/www.ip.gov.py\\\/ip\\\/\"},{\"@type\":\"ListItem\",\"position\":2,\"name\":\"Becal cerrar\u00e1 la convocatoria a maestr\u00edas a distancia y semipresencial\"}]},{\"@type\":\"WebSite\",\"@id\":\"https:\\\/\\\/www.ip.gov.py\\\/ip\\\/#website\",\"url\":\"https:\\\/\\\/www.ip.gov.py\\\/ip\\\/\",\"name\":\".::Agencia IP::.\",\"description\":\"\",\"publisher\":{\"@id\":\"https:\\\/\\\/www.ip.gov.py\\\/ip\\\/#organization\"},\"potentialAction\":[{\"@type\":\"SearchAction\",\"target\":{\"@type\":\"EntryPoint\",\"urlTemplate\":\"https:\\\/\\\/www.ip.gov.py\\\/ip\\\/?s={search_term_string}\"},\"query-input\":{\"@type\":\"PropertyValueSpecification\",\"valueRequired\":true,\"valueName\":\"search_term_string\"}}],\"inLanguage\":\"es\"},{\"@type\":\"Organization\",\"@id\":\"https:\\\/\\\/www.ip.gov.py\\\/ip\\\/#organization\",\"name\":\"Agencia IP\",\"url\":\"https:\\\/\\\/www.ip.gov.py\\\/ip\\\/\",\"logo\":{\"@type\":\"ImageObject\",\"inLanguage\":\"es\",\"@id\":\"https:\\\/\\\/www.ip.gov.py\\\/ip\\\/#\\\/schema\\\/logo\\\/image\\\/\",\"url\":\"https:\\\/\\\/www.ip.gov.py\\\/ip\\\/wp-content\\\/uploads\\\/2018\\\/01\\\/Agencia-IP.jpg\",\"contentUrl\":\"https:\\\/\\\/www.ip.gov.py\\\/ip\\\/wp-content\\\/uploads\\\/2018\\\/01\\\/Agencia-IP.jpg\",\"width\":150,\"height\":150,\"caption\":\"Agencia IP\"},\"image\":{\"@id\":\"https:\\\/\\\/www.ip.gov.py\\\/ip\\\/#\\\/schema\\\/logo\\\/image\\\/\"},\"sameAs\":[\"https:\\\/\\\/www.facebook.com\\\/IPParaguay\\\/\",\"https:\\\/\\\/x.com\\\/IPParaguay\",\"https:\\\/\\\/www.instagram.com\\\/IPParaguay\"]},{\"@type\":\"Person\",\"@id\":\"https:\\\/\\\/www.ip.gov.py\\\/ip\\\/#\\\/schema\\\/person\\\/791af27a9219bdbf9064abb776bb41c2\",\"name\":\"Noelia Ferreira\",\"sameAs\":[\"http:\\\/\\\/www.ip.gov.py\"],\"url\":\"https:\\\/\\\/www.ip.gov.py\\\/ip\\\/author\\\/nferreira\\\/\"}]}<\/script>\n<!-- \/ Yoast SEO plugin. -->","yoast_head_json":{"title":"Becal cerrar\u00e1 la convocatoria a maestr\u00edas a distancia y semipresencial - .::Agencia IP::.","robots":{"index":"index","follow":"follow","max-snippet":"max-snippet:-1","max-image-preview":"max-image-preview:large","max-video-preview":"max-video-preview:-1"},"canonical":"https:\/\/www.ip.gov.py\/ip\/2021\/05\/06\/becal-cerrara-la-convocatoria-a-maestrias-a-distancia-y-semipresencial\/","og_locale":"es_ES","og_type":"article","og_title":"Becal cerrar\u00e1 la convocatoria a maestr\u00edas a distancia y semipresencial - .::Agencia IP::.","og_description":"Asunci\u00f3n, Paraguay, Agencia IP.- El Programa Nacional de Becas de Postgrado en el Exterior \u201cDon Carlos Antonio L\u00f3pez\u201d (Becal) cierra, este domingo 9 de mayo, la convocatoria para Becas Autogestionadas de Maestr\u00edas a Distancia y\/o Semipresencial.","og_url":"https:\/\/www.ip.gov.py\/ip\/2021\/05\/06\/becal-cerrara-la-convocatoria-a-maestrias-a-distancia-y-semipresencial\/","og_site_name":".::Agencia IP::.","article_publisher":"https:\/\/www.facebook.com\/IPParaguay\/","article_published_time":"2021-05-06T12:38:54+00:00","og_image":[{"width":1280,"height":853,"url":"https:\/\/www.ip.gov.py\/ip\/wp-content\/uploads\/2021\/04\/becas-itaipu-becal.jpg","type":"image\/jpeg"}],"author":"Noelia Ferreira","twitter_card":"summary_large_image","twitter_creator":"@IPParaguay","twitter_site":"@IPParaguay","twitter_misc":{"Escrito por":"Noelia Ferreira","Tiempo de lectura":"2 minutos"},"schema":{"@context":"https:\/\/schema.org","@graph":[{"@type":"Article","@id":"https:\/\/www.ip.gov.py\/ip\/2021\/05\/06\/becal-cerrara-la-convocatoria-a-maestrias-a-distancia-y-semipresencial\/#article","isPartOf":{"@id":"https:\/\/www.ip.gov.py\/ip\/2021\/05\/06\/becal-cerrara-la-convocatoria-a-maestrias-a-distancia-y-semipresencial\/"},"author":{"name":"Noelia Ferreira","@id":"https:\/\/www.ip.gov.py\/ip\/#\/schema\/person\/791af27a9219bdbf9064abb776bb41c2"},"headline":"Becal cerrar\u00e1 la convocatoria a maestr\u00edas a distancia y semipresencial","datePublished":"2021-05-06T12:38:54+00:00","mainEntityOfPage":{"@id":"https:\/\/www.ip.gov.py\/ip\/2021\/05\/06\/becal-cerrara-la-convocatoria-a-maestrias-a-distancia-y-semipresencial\/"},"wordCount":315,"publisher":{"@id":"https:\/\/www.ip.gov.py\/ip\/#organization"},"image":{"@id":"https:\/\/www.ip.gov.py\/ip\/2021\/05\/06\/becal-cerrara-la-convocatoria-a-maestrias-a-distancia-y-semipresencial\/#primaryimage"},"thumbnailUrl":"https:\/\/www.ip.gov.py\/ip\/wp-content\/uploads\/2021\/04\/becas-itaipu-becal.jpg","keywords":["Becal","becas","Conacyt","Maestr\u00edas"],"articleSection":["Cultura"],"inLanguage":"es"},{"@type":"WebPage","@id":"https:\/\/www.ip.gov.py\/ip\/2021\/05\/06\/becal-cerrara-la-convocatoria-a-maestrias-a-distancia-y-semipresencial\/","url":"https:\/\/www.ip.gov.py\/ip\/2021\/05\/06\/becal-cerrara-la-convocatoria-a-maestrias-a-distancia-y-semipresencial\/","name":"Becal cerrar\u00e1 la convocatoria a maestr\u00edas a distancia y semipresencial - .::Agencia IP::.","isPartOf":{"@id":"https:\/\/www.ip.gov.py\/ip\/#website"},"primaryImageOfPage":{"@id":"https:\/\/www.ip.gov.py\/ip\/2021\/05\/06\/becal-cerrara-la-convocatoria-a-maestrias-a-distancia-y-semipresencial\/#primaryimage"},"image":{"@id":"https:\/\/www.ip.gov.py\/ip\/2021\/05\/06\/becal-cerrara-la-convocatoria-a-maestrias-a-distancia-y-semipresencial\/#primaryimage"},"thumbnailUrl":"https:\/\/www.ip.gov.py\/ip\/wp-content\/uploads\/2021\/04\/becas-itaipu-becal.jpg","datePublished":"2021-05-06T12:38:54+00:00","breadcrumb":{"@id":"https:\/\/www.ip.gov.py\/ip\/2021\/05\/06\/becal-cerrara-la-convocatoria-a-maestrias-a-distancia-y-semipresencial\/#breadcrumb"},"inLanguage":"es","potentialAction":[{"@type":"ReadAction","target":["https:\/\/www.ip.gov.py\/ip\/2021\/05\/06\/becal-cerrara-la-convocatoria-a-maestrias-a-distancia-y-semipresencial\/"]}]},{"@type":"ImageObject","inLanguage":"es","@id":"https:\/\/www.ip.gov.py\/ip\/2021\/05\/06\/becal-cerrara-la-convocatoria-a-maestrias-a-distancia-y-semipresencial\/#primaryimage","url":"https:\/\/www.ip.gov.py\/ip\/wp-content\/uploads\/2021\/04\/becas-itaipu-becal.jpg","contentUrl":"https:\/\/www.ip.gov.py\/ip\/wp-content\/uploads\/2021\/04\/becas-itaipu-becal.jpg","width":1280,"height":853,"caption":"Foto gentileza\/Itaipu"},{"@type":"BreadcrumbList","@id":"https:\/\/www.ip.gov.py\/ip\/2021\/05\/06\/becal-cerrara-la-convocatoria-a-maestrias-a-distancia-y-semipresencial\/#breadcrumb","itemListElement":[{"@type":"ListItem","position":1,"name":"Portada","item":"https:\/\/www.ip.gov.py\/ip\/"},{"@type":"ListItem","position":2,"name":"Becal cerrar\u00e1 la convocatoria a maestr\u00edas a distancia y semipresencial"}]},{"@type":"WebSite","@id":"https:\/\/www.ip.gov.py\/ip\/#website","url":"https:\/\/www.ip.gov.py\/ip\/","name":".::Agencia IP::.","description":"","publisher":{"@id":"https:\/\/www.ip.gov.py\/ip\/#organization"},"potentialAction":[{"@type":"SearchAction","target":{"@type":"EntryPoint","urlTemplate":"https:\/\/www.ip.gov.py\/ip\/?s={search_term_string}"},"query-input":{"@type":"PropertyValueSpecification","valueRequired":true,"valueName":"search_term_string"}}],"inLanguage":"es"},{"@type":"Organization","@id":"https:\/\/www.ip.gov.py\/ip\/#organization","name":"Agencia IP","url":"https:\/\/www.ip.gov.py\/ip\/","logo":{"@type":"ImageObject","inLanguage":"es","@id":"https:\/\/www.ip.gov.py\/ip\/#\/schema\/logo\/image\/","url":"https:\/\/www.ip.gov.py\/ip\/wp-content\/uploads\/2018\/01\/Agencia-IP.jpg","contentUrl":"https:\/\/www.ip.gov.py\/ip\/wp-content\/uploads\/2018\/01\/Agencia-IP.jpg","width":150,"height":150,"caption":"Agencia IP"},"image":{"@id":"https:\/\/www.ip.gov.py\/ip\/#\/schema\/logo\/image\/"},"sameAs":["https:\/\/www.facebook.com\/IPParaguay\/","https:\/\/x.com\/IPParaguay","https:\/\/www.instagram.com\/IPParaguay"]},{"@type":"Person","@id":"https:\/\/www.ip.gov.py\/ip\/#\/schema\/person\/791af27a9219bdbf9064abb776bb41c2","name":"Noelia Ferreira","sameAs":["http:\/\/www.ip.gov.py"],"url":"https:\/\/www.ip.gov.py\/ip\/author\/nferreira\/"}]}},"_links":{"self":[{"href":"https:\/\/www.ip.gov.py\/ip\/wp-json\/wp\/v2\/posts\/364407","targetHints":{"allow":["GET"]}}],"collection":[{"href":"https:\/\/www.ip.gov.py\/ip\/wp-json\/wp\/v2\/posts"}],"about":[{"href":"https:\/\/www.ip.gov.py\/ip\/wp-json\/wp\/v2\/types\/post"}],"author":[{"embeddable":true,"href":"https:\/\/www.ip.gov.py\/ip\/wp-json\/wp\/v2\/users\/23"}],"replies":[{"embeddable":true,"href":"https:\/\/www.ip.gov.py\/ip\/wp-json\/wp\/v2\/comments?post=364407"}],"version-history":[{"count":0,"href":"https:\/\/www.ip.gov.py\/ip\/wp-json\/wp\/v2\/posts\/364407\/revisions"}],"wp:featuredmedia":[{"embeddable":true,"href":"https:\/\/www.ip.gov.py\/ip\/wp-json\/wp\/v2\/media\/360630"}],"wp:attachment":[{"href":"https:\/\/www.ip.gov.py\/ip\/wp-json\/wp\/v2\/media?parent=364407"}],"wp:term":[{"taxonomy":"category","embeddable":true,"href":"https:\/\/www.ip.gov.py\/ip\/wp-json\/wp\/v2\/categories?post=364407"},{"taxonomy":"post_tag","embeddable":true,"href":"https:\/\/www.ip.gov.py\/ip\/wp-json\/wp\/v2\/tags?post=364407"}],"curies":[{"name":"wp","href":"https:\/\/api.w.org\/{rel}","templated":true}]}}