{"id":365433,"date":"2021-05-13T09:19:53","date_gmt":"2021-05-13T13:19:53","guid":{"rendered":"https:\/\/www.ip.gov.py\/ip\/?p=365433"},"modified":"2021-05-13T12:13:06","modified_gmt":"2021-05-13T16:13:06","slug":"ayolas-inaugura-las-primeras-unidades-de-terapia-y-se-amplia-el-servicio-en-misiones","status":"publish","type":"post","link":"https:\/\/www.ip.gov.py\/ip\/2021\/05\/13\/ayolas-inaugura-las-primeras-unidades-de-terapia-y-se-amplia-el-servicio-en-misiones\/","title":{"rendered":"Ayolas inaugura las primeras unidades de terapia y se ampl\u00eda el servicio en Misiones"},"content":{"rendered":"<p style=\"text-align: justify;\"><em><strong>Asunci\u00f3n, Paraguay, Agencia IP.-<\/strong><\/em> El departamento de Misiones amplia la cantidad de camas de terapia intensiva, con la puesta en servicio de seis nuevas en el Hospital Integrado de Ayolas, instalado mediante una alianza entre el Ministerio de Salud, el Instituto de Previsi\u00f3n Social (IPS) y la Entidad Binacional Yacyret\u00e1 (EBY).<!--more--><\/p>\n<p style=\"text-align: justify;\">La inauguraci\u00f3n se realiz\u00f3 este jueves con la presencia del presidente de la Rep\u00fablica, Mario Abdo Ben\u00edtez, el ministro de Salud, Julio Borba, y el director paraguayo de la Entidad Binacional Yacyret\u00e1, Nicanor Duarte Frutos, adem\u00e1s de otras autoridades.<\/p>\n<p style=\"text-align: justify;\">En total son puestas en servicio seis camas de terapia intensiva, por primera vez en el citado hospital. Yacyret\u00e1 provey\u00f3 insumos y equipamientos m\u00e9dicos por valor de G. 2.858.878.990.<\/p>\n<p style=\"text-align: justify;\">Es importante recordar que en diciembre del 2018, el departamento de Misiones habilit\u00f3 las primeras unidades de terapia intensiva en toda su historia, tanto en el Hospital Regional de San Juan Bautista y en el Hospital Distrital de San Ignacio y hoy lo hizo en Ayolas.<\/p>\n<p style=\"text-align: justify;\">Durante el acto, el ministro Borba enfatiz\u00f3 en que la nueva unidad de terapia intensiva es un anhelo largamente acariciado por lo ayolenses y que ayudar\u00e1 a paliar la necesidad de este servicio, por dem\u00e1s importante \u00a0en el engranaje de atenci\u00f3n de usuarios de esta regi\u00f3n<\/p>\n<p style=\"text-align: justify;\">Asimismo agradeci\u00f3 a la previsional por los recursos invertidos y a Yacyret\u00e1\u00a0 por la respuesta r\u00e1pida a los pedidos de la cartera sanitaria.<\/p>\n<p><strong>\u00abCuando se quiere se pueden lograr grandes cosas\u00bb<\/strong><\/p>\n<p style=\"text-align: justify;\">El secretario de Estado dijo que esta inauguraci\u00f3n es un avance m\u00e1s del sistema integrado de salud y un ejemplo de que cuando se quiere se pueden lograr grandes cosas.<\/p>\n<p style=\"text-align: justify;\"><img loading=\"lazy\" decoding=\"async\" class=\" wp-image-365436 alignright\" src=\"https:\/\/www.ip.gov.py\/ip\/wp-content\/uploads\/2021\/05\/terapia-intensiva-en-Ayolas-Misiones-2-600x400.jpg\" alt=\"\" width=\"333\" height=\"222\" srcset=\"https:\/\/www.ip.gov.py\/ip\/wp-content\/uploads\/2021\/05\/terapia-intensiva-en-Ayolas-Misiones-2-600x400.jpg 600w, https:\/\/www.ip.gov.py\/ip\/wp-content\/uploads\/2021\/05\/terapia-intensiva-en-Ayolas-Misiones-2-768x512.jpg 768w, https:\/\/www.ip.gov.py\/ip\/wp-content\/uploads\/2021\/05\/terapia-intensiva-en-Ayolas-Misiones-2-696x464.jpg 696w, https:\/\/www.ip.gov.py\/ip\/wp-content\/uploads\/2021\/05\/terapia-intensiva-en-Ayolas-Misiones-2-631x420.jpg 631w, https:\/\/www.ip.gov.py\/ip\/wp-content\/uploads\/2021\/05\/terapia-intensiva-en-Ayolas-Misiones-2.jpg 1024w\" sizes=\"auto, (max-width: 333px) 100vw, 333px\" \/>\u201cEs una gran alegr\u00eda concretar la unidad de terapia intensiva\u00a0 en el Hospital Integrado de Ayolas, adecuadas a las actuales necesidades operativas. Somos conscientes de que debemos apostar a procurar grados crecientes de integraci\u00f3n de oferta de servicios a nivel nacional, siendo este el gran desaf\u00edo\u201d, dijo.<\/p>\n<p style=\"text-align: justify;\">En ese contexto, inform\u00f3 que 30 servicios del Ministerio de Salud y del IPS trabajan conjuntamente en distintos puntos del pa\u00eds, ratificando que la integraci\u00f3n es el camino correcto.<\/p>\n<p style=\"text-align: justify;\">\u201cCon voluntad se pueden generar cambios organizativos, presupuestarios y estructurales con calidad, transparencia y eficiencia y sobre todo, beneficiar a las personas, mejorando su calidad de vida\u201d, refiri\u00f3.<\/p>\n<p style=\"text-align: justify;\">\u00abLa pandemia que estamos viviendo nos ense\u00f1a que la optimizaci\u00f3n de recursos es indispensable y solo uni\u00e9ndonos tendremos respuestas oportunas\u00bb, a\u00f1adi\u00f3.<\/p>\n<p><strong>Avances en favor de la gente\u00a0<\/strong><\/p>\n<p style=\"text-align: justify;\">Por su parte, el gobernador de Misiones, Carlos Arrechea, valor\u00f3 el gran esfuerzo que est\u00e1 haciendo el Gobierno para responder a las necesidades de la poblaci\u00f3n. \u201cCada vez estamos obteniendo m\u00e1s logros en favor de nuestra gente\u201d, destac\u00f3.<\/p>\n<p style=\"text-align: justify;\">A la inauguraci\u00f3n del servicio de cuidados intensivos calific\u00f3 de un logro verdaderamente valioso, teniendo en cuenta la coyuntura actual debido a la pandemia del coronavirus.<\/p>\n<p style=\"text-align: justify;\">\u201cEs una necesidad tan grande que ten\u00edamos y que hoy es posible gracias al trabajo conjunto entre el Instituto de Previsi\u00f3n Social (IPS) y la Entidad Binacional Yacyret\u00e1\u201d, indic\u00f3.<\/p>\n<p style=\"text-align: justify;\"><img loading=\"lazy\" decoding=\"async\" class=\" wp-image-365434 alignleft\" src=\"https:\/\/www.ip.gov.py\/ip\/wp-content\/uploads\/2021\/05\/presidente-Ayolas-personal-de-blanco-600x401.jpg\" alt=\"\" width=\"363\" height=\"242\" srcset=\"https:\/\/www.ip.gov.py\/ip\/wp-content\/uploads\/2021\/05\/presidente-Ayolas-personal-de-blanco-600x401.jpg 600w, https:\/\/www.ip.gov.py\/ip\/wp-content\/uploads\/2021\/05\/presidente-Ayolas-personal-de-blanco-768x513.jpg 768w, https:\/\/www.ip.gov.py\/ip\/wp-content\/uploads\/2021\/05\/presidente-Ayolas-personal-de-blanco-696x465.jpg 696w, https:\/\/www.ip.gov.py\/ip\/wp-content\/uploads\/2021\/05\/presidente-Ayolas-personal-de-blanco-628x420.jpg 628w, https:\/\/www.ip.gov.py\/ip\/wp-content\/uploads\/2021\/05\/presidente-Ayolas-personal-de-blanco.jpg 808w\" sizes=\"auto, (max-width: 363px) 100vw, 363px\" \/>En esa misma l\u00ednea, resalt\u00f3 que hoy Misiones es un lujo, ya que dispone de tres hospitales con unidades de terapia intensiva, que se encuentran distribuidos entre Ayolas, San Ignacio y San Juan Bautista.<\/p>\n<p style=\"text-align: justify;\">El jefe departamental manifest\u00f3 que todas las mejoras en el \u00e1rea de salud se realizan mediante un trabajo combinado con el Ministerio de Salud, la previsional y Yacyret\u00e1. \u201cLa salud es una de las \u00e1reas que m\u00e1s nos est\u00e1 ocupando actualmente\u201d, subray\u00f3.<\/p>\n<p style=\"text-align: justify;\">\u201cTodo lo que estamos consiguiendo es gracias a las acciones conjuntas que estamos llevando adelante, esa es la clave\u201d, remarc\u00f3.<\/p>\n<p><strong>\u00abAyolas tiene un servicio de salud que ha mejorado 1000 por ciento\u00bb<\/strong><\/p>\n<p style=\"text-align: justify;\">A su vez, el intendente de Ayolas, Carlos Alberto Duarte, sostuvo que hoy es un d\u00eda hist\u00f3rico para el sistema sanitario de su ciudad.<\/p>\n<p style=\"text-align: justify;\">\u201cAyolas tiene un servicio de salud que ha mejorado 1000 por ciento y hoy estamos inaugurando el servicio de terapia intensiva en esta comunidad, cuando hace cinco a\u00f1os atr\u00e1s no ten\u00edamos ni un solo parto debido a las limitaciones. Es para nosotros un gran logro\u201d, detall\u00f3.<\/p>\n<p style=\"text-align: justify;\">Duarte indic\u00f3 que la suma de voluntades y esfuerzos son herramientas determinantes para hacer frente a los reclamos hist\u00f3ricos de sus compueblanos.<\/p>\n<p style=\"text-align: justify;\">\u201cAc\u00e1 est\u00e1 la inversi\u00f3n de los gastos sociales, que mucha gente quiere saber qu\u00e9 es lo que se est\u00e1 haciendo, hay otras inversiones que vamos a inaugurar en beneficio de la gente que no tiene\u201d, a\u00f1adi\u00f3 finalmente.<\/p>\n","protected":false},"excerpt":{"rendered":"<p>Asunci\u00f3n, Paraguay, Agencia IP.- El departamento de Misiones amplia la cantidad de camas de terapia intensiva, con la puesta en servicio de seis nuevas en el Hospital Integrado de Ayolas, instalado mediante una alianza entre el Ministerio de Salud, el Instituto de Previsi\u00f3n Social (IPS) y la Entidad Binacional Yacyret\u00e1 (EBY).<\/p>\n","protected":false},"author":7,"featured_media":365435,"comment_status":"closed","ping_status":"closed","sticky":false,"template":"","format":"standard","meta":{"_monsterinsights_skip_tracking":false,"_monsterinsights_sitenote_active":false,"_monsterinsights_sitenote_note":"","_monsterinsights_sitenote_category":0,"footnotes":""},"categories":[6],"tags":[2999,620,883,3292],"class_list":{"0":"post-365433","1":"post","2":"type-post","3":"status-publish","4":"format-standard","5":"has-post-thumbnail","7":"category-politica","8":"tag-ayolas","9":"tag-jornada-de-gobierno","10":"tag-misiones","11":"tag-presidente-abdo-benitez"},"yoast_head":"<!-- This site is optimized with the Yoast SEO plugin v27.5 - https:\/\/yoast.com\/product\/yoast-seo-wordpress\/ -->\n<title>Ayolas inaugura las primeras unidades de terapia y se ampl\u00eda el servicio en Misiones - .::Agencia IP::.<\/title>\n<meta name=\"robots\" content=\"index, follow, max-snippet:-1, max-image-preview:large, max-video-preview:-1\" \/>\n<link rel=\"canonical\" href=\"https:\/\/www.ip.gov.py\/ip\/2021\/05\/13\/ayolas-inaugura-las-primeras-unidades-de-terapia-y-se-amplia-el-servicio-en-misiones\/\" \/>\n<meta property=\"og:locale\" content=\"es_ES\" \/>\n<meta property=\"og:type\" content=\"article\" \/>\n<meta property=\"og:title\" content=\"Ayolas inaugura las primeras unidades de terapia y se ampl\u00eda el servicio en Misiones - .::Agencia IP::.\" \/>\n<meta property=\"og:description\" content=\"Asunci\u00f3n, Paraguay, Agencia IP.- El departamento de Misiones amplia la cantidad de camas de terapia intensiva, con la puesta en servicio de seis nuevas en el Hospital Integrado de Ayolas, instalado mediante una alianza entre el Ministerio de Salud, el Instituto de Previsi\u00f3n Social (IPS) y la Entidad Binacional Yacyret\u00e1 (EBY).\" \/>\n<meta property=\"og:url\" content=\"https:\/\/www.ip.gov.py\/ip\/2021\/05\/13\/ayolas-inaugura-las-primeras-unidades-de-terapia-y-se-amplia-el-servicio-en-misiones\/\" \/>\n<meta property=\"og:site_name\" content=\".::Agencia IP::.\" \/>\n<meta property=\"article:publisher\" content=\"https:\/\/www.facebook.com\/IPParaguay\/\" \/>\n<meta property=\"article:published_time\" content=\"2021-05-13T13:19:53+00:00\" \/>\n<meta property=\"article:modified_time\" content=\"2021-05-13T16:13:06+00:00\" \/>\n<meta property=\"og:image\" content=\"https:\/\/www.ip.gov.py\/ip\/wp-content\/uploads\/2021\/05\/terapia-intensiva-en-Ayolas-Misiones-1.jpg\" \/>\n\t<meta property=\"og:image:width\" content=\"1024\" \/>\n\t<meta property=\"og:image:height\" content=\"684\" \/>\n\t<meta property=\"og:image:type\" content=\"image\/jpeg\" \/>\n<meta name=\"author\" content=\"Karina L\u00f3pez\" \/>\n<meta name=\"twitter:card\" content=\"summary_large_image\" \/>\n<meta name=\"twitter:creator\" content=\"@IPParaguay\" \/>\n<meta name=\"twitter:site\" content=\"@IPParaguay\" \/>\n<meta name=\"twitter:label1\" content=\"Escrito por\" \/>\n\t<meta name=\"twitter:data1\" content=\"Karina L\u00f3pez\" \/>\n\t<meta name=\"twitter:label2\" content=\"Tiempo de lectura\" \/>\n\t<meta name=\"twitter:data2\" content=\"4 minutos\" \/>\n<script type=\"application\/ld+json\" class=\"yoast-schema-graph\">{\"@context\":\"https:\\\/\\\/schema.org\",\"@graph\":[{\"@type\":\"Article\",\"@id\":\"https:\\\/\\\/www.ip.gov.py\\\/ip\\\/2021\\\/05\\\/13\\\/ayolas-inaugura-las-primeras-unidades-de-terapia-y-se-amplia-el-servicio-en-misiones\\\/#article\",\"isPartOf\":{\"@id\":\"https:\\\/\\\/www.ip.gov.py\\\/ip\\\/2021\\\/05\\\/13\\\/ayolas-inaugura-las-primeras-unidades-de-terapia-y-se-amplia-el-servicio-en-misiones\\\/\"},\"author\":{\"name\":\"Karina L\u00f3pez\",\"@id\":\"https:\\\/\\\/www.ip.gov.py\\\/ip\\\/#\\\/schema\\\/person\\\/613765cf13d420d448042e6802220539\"},\"headline\":\"Ayolas inaugura las primeras unidades de terapia y se ampl\u00eda el servicio en Misiones\",\"datePublished\":\"2021-05-13T13:19:53+00:00\",\"dateModified\":\"2021-05-13T16:13:06+00:00\",\"mainEntityOfPage\":{\"@id\":\"https:\\\/\\\/www.ip.gov.py\\\/ip\\\/2021\\\/05\\\/13\\\/ayolas-inaugura-las-primeras-unidades-de-terapia-y-se-amplia-el-servicio-en-misiones\\\/\"},\"wordCount\":781,\"publisher\":{\"@id\":\"https:\\\/\\\/www.ip.gov.py\\\/ip\\\/#organization\"},\"image\":{\"@id\":\"https:\\\/\\\/www.ip.gov.py\\\/ip\\\/2021\\\/05\\\/13\\\/ayolas-inaugura-las-primeras-unidades-de-terapia-y-se-amplia-el-servicio-en-misiones\\\/#primaryimage\"},\"thumbnailUrl\":\"https:\\\/\\\/www.ip.gov.py\\\/ip\\\/wp-content\\\/uploads\\\/2021\\\/05\\\/terapia-intensiva-en-Ayolas-Misiones-1.jpg\",\"keywords\":[\"Ayolas\",\"Jornada de Gobierno\",\"Misiones\",\"Presidente Abdo Ben\u00edtez\"],\"articleSection\":[\"Pol\u00edtica\"],\"inLanguage\":\"es\"},{\"@type\":\"WebPage\",\"@id\":\"https:\\\/\\\/www.ip.gov.py\\\/ip\\\/2021\\\/05\\\/13\\\/ayolas-inaugura-las-primeras-unidades-de-terapia-y-se-amplia-el-servicio-en-misiones\\\/\",\"url\":\"https:\\\/\\\/www.ip.gov.py\\\/ip\\\/2021\\\/05\\\/13\\\/ayolas-inaugura-las-primeras-unidades-de-terapia-y-se-amplia-el-servicio-en-misiones\\\/\",\"name\":\"Ayolas inaugura las primeras unidades de terapia y se ampl\u00eda el servicio en Misiones - .::Agencia IP::.\",\"isPartOf\":{\"@id\":\"https:\\\/\\\/www.ip.gov.py\\\/ip\\\/#website\"},\"primaryImageOfPage\":{\"@id\":\"https:\\\/\\\/www.ip.gov.py\\\/ip\\\/2021\\\/05\\\/13\\\/ayolas-inaugura-las-primeras-unidades-de-terapia-y-se-amplia-el-servicio-en-misiones\\\/#primaryimage\"},\"image\":{\"@id\":\"https:\\\/\\\/www.ip.gov.py\\\/ip\\\/2021\\\/05\\\/13\\\/ayolas-inaugura-las-primeras-unidades-de-terapia-y-se-amplia-el-servicio-en-misiones\\\/#primaryimage\"},\"thumbnailUrl\":\"https:\\\/\\\/www.ip.gov.py\\\/ip\\\/wp-content\\\/uploads\\\/2021\\\/05\\\/terapia-intensiva-en-Ayolas-Misiones-1.jpg\",\"datePublished\":\"2021-05-13T13:19:53+00:00\",\"dateModified\":\"2021-05-13T16:13:06+00:00\",\"breadcrumb\":{\"@id\":\"https:\\\/\\\/www.ip.gov.py\\\/ip\\\/2021\\\/05\\\/13\\\/ayolas-inaugura-las-primeras-unidades-de-terapia-y-se-amplia-el-servicio-en-misiones\\\/#breadcrumb\"},\"inLanguage\":\"es\",\"potentialAction\":[{\"@type\":\"ReadAction\",\"target\":[\"https:\\\/\\\/www.ip.gov.py\\\/ip\\\/2021\\\/05\\\/13\\\/ayolas-inaugura-las-primeras-unidades-de-terapia-y-se-amplia-el-servicio-en-misiones\\\/\"]}]},{\"@type\":\"ImageObject\",\"inLanguage\":\"es\",\"@id\":\"https:\\\/\\\/www.ip.gov.py\\\/ip\\\/2021\\\/05\\\/13\\\/ayolas-inaugura-las-primeras-unidades-de-terapia-y-se-amplia-el-servicio-en-misiones\\\/#primaryimage\",\"url\":\"https:\\\/\\\/www.ip.gov.py\\\/ip\\\/wp-content\\\/uploads\\\/2021\\\/05\\\/terapia-intensiva-en-Ayolas-Misiones-1.jpg\",\"contentUrl\":\"https:\\\/\\\/www.ip.gov.py\\\/ip\\\/wp-content\\\/uploads\\\/2021\\\/05\\\/terapia-intensiva-en-Ayolas-Misiones-1.jpg\",\"width\":1024,\"height\":684,\"caption\":\"La ciudad de Ayolas cuenta desde hoy con el servicio de terapia intensiva. Foto Presidencia\"},{\"@type\":\"BreadcrumbList\",\"@id\":\"https:\\\/\\\/www.ip.gov.py\\\/ip\\\/2021\\\/05\\\/13\\\/ayolas-inaugura-las-primeras-unidades-de-terapia-y-se-amplia-el-servicio-en-misiones\\\/#breadcrumb\",\"itemListElement\":[{\"@type\":\"ListItem\",\"position\":1,\"name\":\"Portada\",\"item\":\"https:\\\/\\\/www.ip.gov.py\\\/ip\\\/\"},{\"@type\":\"ListItem\",\"position\":2,\"name\":\"Ayolas inaugura las primeras unidades de terapia y se ampl\u00eda el servicio en Misiones\"}]},{\"@type\":\"WebSite\",\"@id\":\"https:\\\/\\\/www.ip.gov.py\\\/ip\\\/#website\",\"url\":\"https:\\\/\\\/www.ip.gov.py\\\/ip\\\/\",\"name\":\".::Agencia IP::.\",\"description\":\"\",\"publisher\":{\"@id\":\"https:\\\/\\\/www.ip.gov.py\\\/ip\\\/#organization\"},\"potentialAction\":[{\"@type\":\"SearchAction\",\"target\":{\"@type\":\"EntryPoint\",\"urlTemplate\":\"https:\\\/\\\/www.ip.gov.py\\\/ip\\\/?s={search_term_string}\"},\"query-input\":{\"@type\":\"PropertyValueSpecification\",\"valueRequired\":true,\"valueName\":\"search_term_string\"}}],\"inLanguage\":\"es\"},{\"@type\":\"Organization\",\"@id\":\"https:\\\/\\\/www.ip.gov.py\\\/ip\\\/#organization\",\"name\":\"Agencia IP\",\"url\":\"https:\\\/\\\/www.ip.gov.py\\\/ip\\\/\",\"logo\":{\"@type\":\"ImageObject\",\"inLanguage\":\"es\",\"@id\":\"https:\\\/\\\/www.ip.gov.py\\\/ip\\\/#\\\/schema\\\/logo\\\/image\\\/\",\"url\":\"https:\\\/\\\/www.ip.gov.py\\\/ip\\\/wp-content\\\/uploads\\\/2018\\\/01\\\/Agencia-IP.jpg\",\"contentUrl\":\"https:\\\/\\\/www.ip.gov.py\\\/ip\\\/wp-content\\\/uploads\\\/2018\\\/01\\\/Agencia-IP.jpg\",\"width\":150,\"height\":150,\"caption\":\"Agencia IP\"},\"image\":{\"@id\":\"https:\\\/\\\/www.ip.gov.py\\\/ip\\\/#\\\/schema\\\/logo\\\/image\\\/\"},\"sameAs\":[\"https:\\\/\\\/www.facebook.com\\\/IPParaguay\\\/\",\"https:\\\/\\\/x.com\\\/IPParaguay\",\"https:\\\/\\\/www.instagram.com\\\/IPParaguay\"]},{\"@type\":\"Person\",\"@id\":\"https:\\\/\\\/www.ip.gov.py\\\/ip\\\/#\\\/schema\\\/person\\\/613765cf13d420d448042e6802220539\",\"name\":\"Karina L\u00f3pez\",\"url\":\"https:\\\/\\\/www.ip.gov.py\\\/ip\\\/author\\\/klopez\\\/\"}]}<\/script>\n<!-- \/ Yoast SEO plugin. -->","yoast_head_json":{"title":"Ayolas inaugura las primeras unidades de terapia y se ampl\u00eda el servicio en Misiones - .::Agencia IP::.","robots":{"index":"index","follow":"follow","max-snippet":"max-snippet:-1","max-image-preview":"max-image-preview:large","max-video-preview":"max-video-preview:-1"},"canonical":"https:\/\/www.ip.gov.py\/ip\/2021\/05\/13\/ayolas-inaugura-las-primeras-unidades-de-terapia-y-se-amplia-el-servicio-en-misiones\/","og_locale":"es_ES","og_type":"article","og_title":"Ayolas inaugura las primeras unidades de terapia y se ampl\u00eda el servicio en Misiones - .::Agencia IP::.","og_description":"Asunci\u00f3n, Paraguay, Agencia IP.- El departamento de Misiones amplia la cantidad de camas de terapia intensiva, con la puesta en servicio de seis nuevas en el Hospital Integrado de Ayolas, instalado mediante una alianza entre el Ministerio de Salud, el Instituto de Previsi\u00f3n Social (IPS) y la Entidad Binacional Yacyret\u00e1 (EBY).","og_url":"https:\/\/www.ip.gov.py\/ip\/2021\/05\/13\/ayolas-inaugura-las-primeras-unidades-de-terapia-y-se-amplia-el-servicio-en-misiones\/","og_site_name":".::Agencia IP::.","article_publisher":"https:\/\/www.facebook.com\/IPParaguay\/","article_published_time":"2021-05-13T13:19:53+00:00","article_modified_time":"2021-05-13T16:13:06+00:00","og_image":[{"width":1024,"height":684,"url":"https:\/\/www.ip.gov.py\/ip\/wp-content\/uploads\/2021\/05\/terapia-intensiva-en-Ayolas-Misiones-1.jpg","type":"image\/jpeg"}],"author":"Karina L\u00f3pez","twitter_card":"summary_large_image","twitter_creator":"@IPParaguay","twitter_site":"@IPParaguay","twitter_misc":{"Escrito por":"Karina L\u00f3pez","Tiempo de lectura":"4 minutos"},"schema":{"@context":"https:\/\/schema.org","@graph":[{"@type":"Article","@id":"https:\/\/www.ip.gov.py\/ip\/2021\/05\/13\/ayolas-inaugura-las-primeras-unidades-de-terapia-y-se-amplia-el-servicio-en-misiones\/#article","isPartOf":{"@id":"https:\/\/www.ip.gov.py\/ip\/2021\/05\/13\/ayolas-inaugura-las-primeras-unidades-de-terapia-y-se-amplia-el-servicio-en-misiones\/"},"author":{"name":"Karina L\u00f3pez","@id":"https:\/\/www.ip.gov.py\/ip\/#\/schema\/person\/613765cf13d420d448042e6802220539"},"headline":"Ayolas inaugura las primeras unidades de terapia y se ampl\u00eda el servicio en Misiones","datePublished":"2021-05-13T13:19:53+00:00","dateModified":"2021-05-13T16:13:06+00:00","mainEntityOfPage":{"@id":"https:\/\/www.ip.gov.py\/ip\/2021\/05\/13\/ayolas-inaugura-las-primeras-unidades-de-terapia-y-se-amplia-el-servicio-en-misiones\/"},"wordCount":781,"publisher":{"@id":"https:\/\/www.ip.gov.py\/ip\/#organization"},"image":{"@id":"https:\/\/www.ip.gov.py\/ip\/2021\/05\/13\/ayolas-inaugura-las-primeras-unidades-de-terapia-y-se-amplia-el-servicio-en-misiones\/#primaryimage"},"thumbnailUrl":"https:\/\/www.ip.gov.py\/ip\/wp-content\/uploads\/2021\/05\/terapia-intensiva-en-Ayolas-Misiones-1.jpg","keywords":["Ayolas","Jornada de Gobierno","Misiones","Presidente Abdo Ben\u00edtez"],"articleSection":["Pol\u00edtica"],"inLanguage":"es"},{"@type":"WebPage","@id":"https:\/\/www.ip.gov.py\/ip\/2021\/05\/13\/ayolas-inaugura-las-primeras-unidades-de-terapia-y-se-amplia-el-servicio-en-misiones\/","url":"https:\/\/www.ip.gov.py\/ip\/2021\/05\/13\/ayolas-inaugura-las-primeras-unidades-de-terapia-y-se-amplia-el-servicio-en-misiones\/","name":"Ayolas inaugura las primeras unidades de terapia y se ampl\u00eda el servicio en Misiones - .::Agencia IP::.","isPartOf":{"@id":"https:\/\/www.ip.gov.py\/ip\/#website"},"primaryImageOfPage":{"@id":"https:\/\/www.ip.gov.py\/ip\/2021\/05\/13\/ayolas-inaugura-las-primeras-unidades-de-terapia-y-se-amplia-el-servicio-en-misiones\/#primaryimage"},"image":{"@id":"https:\/\/www.ip.gov.py\/ip\/2021\/05\/13\/ayolas-inaugura-las-primeras-unidades-de-terapia-y-se-amplia-el-servicio-en-misiones\/#primaryimage"},"thumbnailUrl":"https:\/\/www.ip.gov.py\/ip\/wp-content\/uploads\/2021\/05\/terapia-intensiva-en-Ayolas-Misiones-1.jpg","datePublished":"2021-05-13T13:19:53+00:00","dateModified":"2021-05-13T16:13:06+00:00","breadcrumb":{"@id":"https:\/\/www.ip.gov.py\/ip\/2021\/05\/13\/ayolas-inaugura-las-primeras-unidades-de-terapia-y-se-amplia-el-servicio-en-misiones\/#breadcrumb"},"inLanguage":"es","potentialAction":[{"@type":"ReadAction","target":["https:\/\/www.ip.gov.py\/ip\/2021\/05\/13\/ayolas-inaugura-las-primeras-unidades-de-terapia-y-se-amplia-el-servicio-en-misiones\/"]}]},{"@type":"ImageObject","inLanguage":"es","@id":"https:\/\/www.ip.gov.py\/ip\/2021\/05\/13\/ayolas-inaugura-las-primeras-unidades-de-terapia-y-se-amplia-el-servicio-en-misiones\/#primaryimage","url":"https:\/\/www.ip.gov.py\/ip\/wp-content\/uploads\/2021\/05\/terapia-intensiva-en-Ayolas-Misiones-1.jpg","contentUrl":"https:\/\/www.ip.gov.py\/ip\/wp-content\/uploads\/2021\/05\/terapia-intensiva-en-Ayolas-Misiones-1.jpg","width":1024,"height":684,"caption":"La ciudad de Ayolas cuenta desde hoy con el servicio de terapia intensiva. Foto Presidencia"},{"@type":"BreadcrumbList","@id":"https:\/\/www.ip.gov.py\/ip\/2021\/05\/13\/ayolas-inaugura-las-primeras-unidades-de-terapia-y-se-amplia-el-servicio-en-misiones\/#breadcrumb","itemListElement":[{"@type":"ListItem","position":1,"name":"Portada","item":"https:\/\/www.ip.gov.py\/ip\/"},{"@type":"ListItem","position":2,"name":"Ayolas inaugura las primeras unidades de terapia y se ampl\u00eda el servicio en Misiones"}]},{"@type":"WebSite","@id":"https:\/\/www.ip.gov.py\/ip\/#website","url":"https:\/\/www.ip.gov.py\/ip\/","name":".::Agencia IP::.","description":"","publisher":{"@id":"https:\/\/www.ip.gov.py\/ip\/#organization"},"potentialAction":[{"@type":"SearchAction","target":{"@type":"EntryPoint","urlTemplate":"https:\/\/www.ip.gov.py\/ip\/?s={search_term_string}"},"query-input":{"@type":"PropertyValueSpecification","valueRequired":true,"valueName":"search_term_string"}}],"inLanguage":"es"},{"@type":"Organization","@id":"https:\/\/www.ip.gov.py\/ip\/#organization","name":"Agencia IP","url":"https:\/\/www.ip.gov.py\/ip\/","logo":{"@type":"ImageObject","inLanguage":"es","@id":"https:\/\/www.ip.gov.py\/ip\/#\/schema\/logo\/image\/","url":"https:\/\/www.ip.gov.py\/ip\/wp-content\/uploads\/2018\/01\/Agencia-IP.jpg","contentUrl":"https:\/\/www.ip.gov.py\/ip\/wp-content\/uploads\/2018\/01\/Agencia-IP.jpg","width":150,"height":150,"caption":"Agencia IP"},"image":{"@id":"https:\/\/www.ip.gov.py\/ip\/#\/schema\/logo\/image\/"},"sameAs":["https:\/\/www.facebook.com\/IPParaguay\/","https:\/\/x.com\/IPParaguay","https:\/\/www.instagram.com\/IPParaguay"]},{"@type":"Person","@id":"https:\/\/www.ip.gov.py\/ip\/#\/schema\/person\/613765cf13d420d448042e6802220539","name":"Karina L\u00f3pez","url":"https:\/\/www.ip.gov.py\/ip\/author\/klopez\/"}]}},"_links":{"self":[{"href":"https:\/\/www.ip.gov.py\/ip\/wp-json\/wp\/v2\/posts\/365433","targetHints":{"allow":["GET"]}}],"collection":[{"href":"https:\/\/www.ip.gov.py\/ip\/wp-json\/wp\/v2\/posts"}],"about":[{"href":"https:\/\/www.ip.gov.py\/ip\/wp-json\/wp\/v2\/types\/post"}],"author":[{"embeddable":true,"href":"https:\/\/www.ip.gov.py\/ip\/wp-json\/wp\/v2\/users\/7"}],"replies":[{"embeddable":true,"href":"https:\/\/www.ip.gov.py\/ip\/wp-json\/wp\/v2\/comments?post=365433"}],"version-history":[{"count":0,"href":"https:\/\/www.ip.gov.py\/ip\/wp-json\/wp\/v2\/posts\/365433\/revisions"}],"wp:featuredmedia":[{"embeddable":true,"href":"https:\/\/www.ip.gov.py\/ip\/wp-json\/wp\/v2\/media\/365435"}],"wp:attachment":[{"href":"https:\/\/www.ip.gov.py\/ip\/wp-json\/wp\/v2\/media?parent=365433"}],"wp:term":[{"taxonomy":"category","embeddable":true,"href":"https:\/\/www.ip.gov.py\/ip\/wp-json\/wp\/v2\/categories?post=365433"},{"taxonomy":"post_tag","embeddable":true,"href":"https:\/\/www.ip.gov.py\/ip\/wp-json\/wp\/v2\/tags?post=365433"}],"curies":[{"name":"wp","href":"https:\/\/api.w.org\/{rel}","templated":true}]}}