{"id":366041,"date":"2021-05-19T10:50:49","date_gmt":"2021-05-19T14:50:49","guid":{"rendered":"https:\/\/www.ip.gov.py\/ip\/?p=366041"},"modified":"2021-05-19T10:50:49","modified_gmt":"2021-05-19T14:50:49","slug":"hay-153-pedidos-de-traslados-para-ocupar-una-cama-de-uti-que-ya-estan-al-tope-en-sector-publico-y-privado","status":"publish","type":"post","link":"https:\/\/www.ip.gov.py\/ip\/2021\/05\/19\/hay-153-pedidos-de-traslados-para-ocupar-una-cama-de-uti-que-ya-estan-al-tope-en-sector-publico-y-privado\/","title":{"rendered":"Hay 153 pedidos de traslados para ocupar una cama de UTI que ya est\u00e1n al tope en sector p\u00fablico y privado"},"content":{"rendered":"<p style=\"text-align: justify;\"><em><strong>Asunci\u00f3n, Agencia IP.-<\/strong><\/em> La doctora Leticia Pintos, directora de Redes y Servicios de Salud, confirm\u00f3 que seg\u00fan el reporte del Seme de hoy, hay 153 pedidos para traslados a la Unidad de Terapia Intensiva, \u201cque est\u00e1n en lista de espera\u201d. Actualmente las UTI a nivel pa\u00eds se encuentran al tope, tanto en hospitales del sector p\u00fablico como privado.<!--more--><\/p>\n<p style=\"text-align: justify;\">Mencion\u00f3 que hasta el momento hay 97 pacientes en las salas de reanimaci\u00f3n y las UTI est\u00e1n totalmente ocupadas, al 100%, tanto por cuadros Covid como por otras patolog\u00edas.<\/p>\n<p style=\"text-align: justify;\">Agreg\u00f3 que son 100 las camas estipuladas en el convenio suscrito entre el Ministerio de Salud P\u00fablica y Bienestar Social y el sector privado para realizar las derivaciones a una UTI; y que hasta el momento la cartera sanitaria ya transfiri\u00f3 a 735 pacientes Covid-19 a los diferentes sanatorios.<\/p>\n<p style=\"text-align: justify;\">Los hospitales en distintos puntos del pa\u00eds est\u00e1n al 100% de ocupaci\u00f3n, que seg\u00fan por regi\u00f3n est\u00e1n abarrotados en Capital, Central, Itap\u00faa, Alto Paran\u00e1, Concepci\u00f3n, y Pedro Juan Caballero, en Amambay, enfatiz\u00f3.<\/p>\n<p style=\"text-align: justify;\">\u201cEstamos en un periodo bastante complicado para traslado de pacientes a una UTI\u201d, expres\u00f3 la profesional durante la <a href=\"https:\/\/www.ip.gov.py\/ip\/salud-destaca-incremento-de-registrados-en-la-web-de-un-60\/\" target=\"_blank\" rel=\"noopener noreferrer\">conferencia de prensa<\/a> realizada en la ma\u00f1ana de este mi\u00e9rcoles, donde se inform\u00f3 sobre el desarrollo de la campa\u00f1a de vacunaci\u00f3n y la situaci\u00f3n de los servicios asistenciales a nivel pa\u00eds.<\/p>\n<p style=\"text-align: justify;\">\u201cHay un alto \u00edndice de gente enferma en todos los departamentos lo que hace que estemos trabajando con personal cansado, lugares al tope, y esto hace que tengamos tambi\u00e9n un servicio que se sienta cansado a la hora de llegar a todas las personas que nos necesitan. Hay muchas personas que est\u00e1n en la urgencia necesitando un sost\u00e9n m\u00e1s complejo de servicios y ese servicio complejo se encuentra retrasado cuando hay mucha gente\u201d, a\u00f1adi\u00f3.<\/p>\n<p style=\"text-align: justify;\">Ante esta situaci\u00f3n apel\u00f3 a la conciencia y al cuidado ciudadano, ya que la \u00fanica forma de disminuir el contagio del Sars-Cov-2 es en la comunidad y no en los hospitales; por lo que exhort\u00f3 al cumplimiento de las medidas sanitarias.<\/p>\n<p style=\"text-align: justify;\">\u201cEstamos queriendo hacer un llamado, de seguir con las normas de cuidados como el uso de tapabocas, distanciamiento f\u00edsico, y el lavado de manos, para disminuir los contagios en la comunidad\u201d, asever\u00f3.<\/p>\n<p style=\"text-align: justify;\">Explic\u00f3 que para las personas que ya recibieron la dosis anti Covid-19, tambi\u00e9n deben cuidarse.<\/p>\n<p style=\"text-align: justify;\">\u201cVacunarse no es librarse de la enfermedad. El cuidado no debe disminuir, al contrario, tenemos que estar m\u00e1s alertas que nunca, cuid\u00e1ndonos\u201d, remarc\u00f3.<\/p>\n<p style=\"text-align: justify;\"><strong>Consulta en todos los establecimientos de salud<\/strong><\/p>\n<p style=\"text-align: justify;\">Otro dato que brind\u00f3 la doctora Pintos es que todas las personas Covid-19 con s\u00edntomas pueden acudir a cualquier servicio de urgencia de un hospital o centro asistencial.<\/p>\n<p style=\"text-align: justify;\">\u201cYa no existen hospital respiratorio y polivalente, al m\u00e1s m\u00ednimo s\u00edntoma de falta de aire pedimos que acudan al hospital para poder disminuir los s\u00edntomas m\u00e1s r\u00e1pidamente sobre todo a los que requieren de ox\u00edgeno. Pueden ser atendidos en cualquier urgencia de cualquier centro hospitalario\u201d, afirm\u00f3<\/p>\n","protected":false},"excerpt":{"rendered":"<p>Asunci\u00f3n, Agencia IP.- La doctora Leticia Pintos, directora de Redes y Servicios de Salud, confirm\u00f3 que seg\u00fan el reporte del Seme de hoy, hay 153 pedidos para traslados a la Unidad de Terapia Intensiva, \u201cque est\u00e1n en lista de espera\u201d. Actualmente las UTI a nivel pa\u00eds se encuentran al tope, tanto en hospitales del sector [&hellip;]<\/p>\n","protected":false},"author":29,"featured_media":366042,"comment_status":"closed","ping_status":"closed","sticky":false,"template":"","format":"standard","meta":{"_monsterinsights_skip_tracking":false,"_monsterinsights_sitenote_active":false,"_monsterinsights_sitenote_note":"","_monsterinsights_sitenote_category":0,"footnotes":""},"categories":[2,4,2987],"tags":[2985,3093,184,3414],"class_list":{"0":"post-366041","1":"post","2":"type-post","3":"status-publish","4":"format-standard","5":"has-post-thumbnail","7":"category-destacado","8":"category-nacionales","9":"category-salud","10":"tag-covid-19","11":"tag-medidas-sanitarias","12":"tag-mspbs","13":"tag-uti"},"yoast_head":"<!-- This site is optimized with the Yoast SEO plugin v27.5 - https:\/\/yoast.com\/product\/yoast-seo-wordpress\/ -->\n<title>Hay 153 pedidos de traslados para ocupar una cama de UTI que ya est\u00e1n al tope en sector p\u00fablico y privado - .::Agencia IP::.<\/title>\n<meta name=\"robots\" content=\"index, follow, max-snippet:-1, max-image-preview:large, max-video-preview:-1\" \/>\n<link rel=\"canonical\" href=\"https:\/\/www.ip.gov.py\/ip\/2021\/05\/19\/hay-153-pedidos-de-traslados-para-ocupar-una-cama-de-uti-que-ya-estan-al-tope-en-sector-publico-y-privado\/\" \/>\n<meta property=\"og:locale\" content=\"es_ES\" \/>\n<meta property=\"og:type\" content=\"article\" \/>\n<meta property=\"og:title\" content=\"Hay 153 pedidos de traslados para ocupar una cama de UTI que ya est\u00e1n al tope en sector p\u00fablico y privado - .::Agencia IP::.\" \/>\n<meta property=\"og:description\" content=\"Asunci\u00f3n, Agencia IP.- La doctora Leticia Pintos, directora de Redes y Servicios de Salud, confirm\u00f3 que seg\u00fan el reporte del Seme de hoy, hay 153 pedidos para traslados a la Unidad de Terapia Intensiva, \u201cque est\u00e1n en lista de espera\u201d. Actualmente las UTI a nivel pa\u00eds se encuentran al tope, tanto en hospitales del sector [&hellip;]\" \/>\n<meta property=\"og:url\" content=\"https:\/\/www.ip.gov.py\/ip\/2021\/05\/19\/hay-153-pedidos-de-traslados-para-ocupar-una-cama-de-uti-que-ya-estan-al-tope-en-sector-publico-y-privado\/\" \/>\n<meta property=\"og:site_name\" content=\".::Agencia IP::.\" \/>\n<meta property=\"article:publisher\" content=\"https:\/\/www.facebook.com\/IPParaguay\/\" \/>\n<meta property=\"article:published_time\" content=\"2021-05-19T14:50:49+00:00\" \/>\n<meta property=\"og:image\" content=\"https:\/\/www.ip.gov.py\/ip\/wp-content\/uploads\/2021\/05\/Conferencia-de-prensa-MSPBS-2.jpg\" \/>\n\t<meta property=\"og:image:width\" content=\"1280\" \/>\n\t<meta property=\"og:image:height\" content=\"853\" \/>\n\t<meta property=\"og:image:type\" content=\"image\/jpeg\" \/>\n<meta name=\"author\" content=\"jzelada\" \/>\n<meta name=\"twitter:card\" content=\"summary_large_image\" \/>\n<meta name=\"twitter:creator\" content=\"@IPParaguay\" \/>\n<meta name=\"twitter:site\" content=\"@IPParaguay\" \/>\n<meta name=\"twitter:label1\" content=\"Escrito por\" \/>\n\t<meta name=\"twitter:data1\" content=\"jzelada\" \/>\n\t<meta name=\"twitter:label2\" content=\"Tiempo de lectura\" \/>\n\t<meta name=\"twitter:data2\" content=\"3 minutos\" \/>\n<script type=\"application\/ld+json\" class=\"yoast-schema-graph\">{\"@context\":\"https:\\\/\\\/schema.org\",\"@graph\":[{\"@type\":\"Article\",\"@id\":\"https:\\\/\\\/www.ip.gov.py\\\/ip\\\/2021\\\/05\\\/19\\\/hay-153-pedidos-de-traslados-para-ocupar-una-cama-de-uti-que-ya-estan-al-tope-en-sector-publico-y-privado\\\/#article\",\"isPartOf\":{\"@id\":\"https:\\\/\\\/www.ip.gov.py\\\/ip\\\/2021\\\/05\\\/19\\\/hay-153-pedidos-de-traslados-para-ocupar-una-cama-de-uti-que-ya-estan-al-tope-en-sector-publico-y-privado\\\/\"},\"author\":{\"name\":\"jzelada\",\"@id\":\"https:\\\/\\\/www.ip.gov.py\\\/ip\\\/#\\\/schema\\\/person\\\/b0f4c235f0f0d7a0985bbb33c6a7941e\"},\"headline\":\"Hay 153 pedidos de traslados para ocupar una cama de UTI que ya est\u00e1n al tope en sector p\u00fablico y privado\",\"datePublished\":\"2021-05-19T14:50:49+00:00\",\"mainEntityOfPage\":{\"@id\":\"https:\\\/\\\/www.ip.gov.py\\\/ip\\\/2021\\\/05\\\/19\\\/hay-153-pedidos-de-traslados-para-ocupar-una-cama-de-uti-que-ya-estan-al-tope-en-sector-publico-y-privado\\\/\"},\"wordCount\":541,\"publisher\":{\"@id\":\"https:\\\/\\\/www.ip.gov.py\\\/ip\\\/#organization\"},\"image\":{\"@id\":\"https:\\\/\\\/www.ip.gov.py\\\/ip\\\/2021\\\/05\\\/19\\\/hay-153-pedidos-de-traslados-para-ocupar-una-cama-de-uti-que-ya-estan-al-tope-en-sector-publico-y-privado\\\/#primaryimage\"},\"thumbnailUrl\":\"https:\\\/\\\/www.ip.gov.py\\\/ip\\\/wp-content\\\/uploads\\\/2021\\\/05\\\/Conferencia-de-prensa-MSPBS-2.jpg\",\"keywords\":[\"covid-19\",\"medidas sanitarias\",\"MSPBS\",\"UTI\"],\"articleSection\":[\"Destacado\",\"Nacionales\",\"Salud\"],\"inLanguage\":\"es\"},{\"@type\":\"WebPage\",\"@id\":\"https:\\\/\\\/www.ip.gov.py\\\/ip\\\/2021\\\/05\\\/19\\\/hay-153-pedidos-de-traslados-para-ocupar-una-cama-de-uti-que-ya-estan-al-tope-en-sector-publico-y-privado\\\/\",\"url\":\"https:\\\/\\\/www.ip.gov.py\\\/ip\\\/2021\\\/05\\\/19\\\/hay-153-pedidos-de-traslados-para-ocupar-una-cama-de-uti-que-ya-estan-al-tope-en-sector-publico-y-privado\\\/\",\"name\":\"Hay 153 pedidos de traslados para ocupar una cama de UTI que ya est\u00e1n al tope en sector p\u00fablico y privado - .::Agencia IP::.\",\"isPartOf\":{\"@id\":\"https:\\\/\\\/www.ip.gov.py\\\/ip\\\/#website\"},\"primaryImageOfPage\":{\"@id\":\"https:\\\/\\\/www.ip.gov.py\\\/ip\\\/2021\\\/05\\\/19\\\/hay-153-pedidos-de-traslados-para-ocupar-una-cama-de-uti-que-ya-estan-al-tope-en-sector-publico-y-privado\\\/#primaryimage\"},\"image\":{\"@id\":\"https:\\\/\\\/www.ip.gov.py\\\/ip\\\/2021\\\/05\\\/19\\\/hay-153-pedidos-de-traslados-para-ocupar-una-cama-de-uti-que-ya-estan-al-tope-en-sector-publico-y-privado\\\/#primaryimage\"},\"thumbnailUrl\":\"https:\\\/\\\/www.ip.gov.py\\\/ip\\\/wp-content\\\/uploads\\\/2021\\\/05\\\/Conferencia-de-prensa-MSPBS-2.jpg\",\"datePublished\":\"2021-05-19T14:50:49+00:00\",\"breadcrumb\":{\"@id\":\"https:\\\/\\\/www.ip.gov.py\\\/ip\\\/2021\\\/05\\\/19\\\/hay-153-pedidos-de-traslados-para-ocupar-una-cama-de-uti-que-ya-estan-al-tope-en-sector-publico-y-privado\\\/#breadcrumb\"},\"inLanguage\":\"es\",\"potentialAction\":[{\"@type\":\"ReadAction\",\"target\":[\"https:\\\/\\\/www.ip.gov.py\\\/ip\\\/2021\\\/05\\\/19\\\/hay-153-pedidos-de-traslados-para-ocupar-una-cama-de-uti-que-ya-estan-al-tope-en-sector-publico-y-privado\\\/\"]}]},{\"@type\":\"ImageObject\",\"inLanguage\":\"es\",\"@id\":\"https:\\\/\\\/www.ip.gov.py\\\/ip\\\/2021\\\/05\\\/19\\\/hay-153-pedidos-de-traslados-para-ocupar-una-cama-de-uti-que-ya-estan-al-tope-en-sector-publico-y-privado\\\/#primaryimage\",\"url\":\"https:\\\/\\\/www.ip.gov.py\\\/ip\\\/wp-content\\\/uploads\\\/2021\\\/05\\\/Conferencia-de-prensa-MSPBS-2.jpg\",\"contentUrl\":\"https:\\\/\\\/www.ip.gov.py\\\/ip\\\/wp-content\\\/uploads\\\/2021\\\/05\\\/Conferencia-de-prensa-MSPBS-2.jpg\",\"width\":1280,\"height\":853,\"caption\":\"En conferencia de prensa, el Ministerio de Salud inform\u00f3 que hay 153 pedidos de traslados para ocupar una cama de UTI. Foto MSPBS\"},{\"@type\":\"BreadcrumbList\",\"@id\":\"https:\\\/\\\/www.ip.gov.py\\\/ip\\\/2021\\\/05\\\/19\\\/hay-153-pedidos-de-traslados-para-ocupar-una-cama-de-uti-que-ya-estan-al-tope-en-sector-publico-y-privado\\\/#breadcrumb\",\"itemListElement\":[{\"@type\":\"ListItem\",\"position\":1,\"name\":\"Portada\",\"item\":\"https:\\\/\\\/www.ip.gov.py\\\/ip\\\/\"},{\"@type\":\"ListItem\",\"position\":2,\"name\":\"Hay 153 pedidos de traslados para ocupar una cama de UTI que ya est\u00e1n al tope en sector p\u00fablico y privado\"}]},{\"@type\":\"WebSite\",\"@id\":\"https:\\\/\\\/www.ip.gov.py\\\/ip\\\/#website\",\"url\":\"https:\\\/\\\/www.ip.gov.py\\\/ip\\\/\",\"name\":\".::Agencia IP::.\",\"description\":\"\",\"publisher\":{\"@id\":\"https:\\\/\\\/www.ip.gov.py\\\/ip\\\/#organization\"},\"potentialAction\":[{\"@type\":\"SearchAction\",\"target\":{\"@type\":\"EntryPoint\",\"urlTemplate\":\"https:\\\/\\\/www.ip.gov.py\\\/ip\\\/?s={search_term_string}\"},\"query-input\":{\"@type\":\"PropertyValueSpecification\",\"valueRequired\":true,\"valueName\":\"search_term_string\"}}],\"inLanguage\":\"es\"},{\"@type\":\"Organization\",\"@id\":\"https:\\\/\\\/www.ip.gov.py\\\/ip\\\/#organization\",\"name\":\"Agencia IP\",\"url\":\"https:\\\/\\\/www.ip.gov.py\\\/ip\\\/\",\"logo\":{\"@type\":\"ImageObject\",\"inLanguage\":\"es\",\"@id\":\"https:\\\/\\\/www.ip.gov.py\\\/ip\\\/#\\\/schema\\\/logo\\\/image\\\/\",\"url\":\"https:\\\/\\\/www.ip.gov.py\\\/ip\\\/wp-content\\\/uploads\\\/2018\\\/01\\\/Agencia-IP.jpg\",\"contentUrl\":\"https:\\\/\\\/www.ip.gov.py\\\/ip\\\/wp-content\\\/uploads\\\/2018\\\/01\\\/Agencia-IP.jpg\",\"width\":150,\"height\":150,\"caption\":\"Agencia IP\"},\"image\":{\"@id\":\"https:\\\/\\\/www.ip.gov.py\\\/ip\\\/#\\\/schema\\\/logo\\\/image\\\/\"},\"sameAs\":[\"https:\\\/\\\/www.facebook.com\\\/IPParaguay\\\/\",\"https:\\\/\\\/x.com\\\/IPParaguay\",\"https:\\\/\\\/www.instagram.com\\\/IPParaguay\"]},{\"@type\":\"Person\",\"@id\":\"https:\\\/\\\/www.ip.gov.py\\\/ip\\\/#\\\/schema\\\/person\\\/b0f4c235f0f0d7a0985bbb33c6a7941e\",\"name\":\"jzelada\",\"url\":\"https:\\\/\\\/www.ip.gov.py\\\/ip\\\/author\\\/jzelada\\\/\"}]}<\/script>\n<!-- \/ Yoast SEO plugin. -->","yoast_head_json":{"title":"Hay 153 pedidos de traslados para ocupar una cama de UTI que ya est\u00e1n al tope en sector p\u00fablico y privado - .::Agencia IP::.","robots":{"index":"index","follow":"follow","max-snippet":"max-snippet:-1","max-image-preview":"max-image-preview:large","max-video-preview":"max-video-preview:-1"},"canonical":"https:\/\/www.ip.gov.py\/ip\/2021\/05\/19\/hay-153-pedidos-de-traslados-para-ocupar-una-cama-de-uti-que-ya-estan-al-tope-en-sector-publico-y-privado\/","og_locale":"es_ES","og_type":"article","og_title":"Hay 153 pedidos de traslados para ocupar una cama de UTI que ya est\u00e1n al tope en sector p\u00fablico y privado - .::Agencia IP::.","og_description":"Asunci\u00f3n, Agencia IP.- La doctora Leticia Pintos, directora de Redes y Servicios de Salud, confirm\u00f3 que seg\u00fan el reporte del Seme de hoy, hay 153 pedidos para traslados a la Unidad de Terapia Intensiva, \u201cque est\u00e1n en lista de espera\u201d. Actualmente las UTI a nivel pa\u00eds se encuentran al tope, tanto en hospitales del sector [&hellip;]","og_url":"https:\/\/www.ip.gov.py\/ip\/2021\/05\/19\/hay-153-pedidos-de-traslados-para-ocupar-una-cama-de-uti-que-ya-estan-al-tope-en-sector-publico-y-privado\/","og_site_name":".::Agencia IP::.","article_publisher":"https:\/\/www.facebook.com\/IPParaguay\/","article_published_time":"2021-05-19T14:50:49+00:00","og_image":[{"width":1280,"height":853,"url":"https:\/\/www.ip.gov.py\/ip\/wp-content\/uploads\/2021\/05\/Conferencia-de-prensa-MSPBS-2.jpg","type":"image\/jpeg"}],"author":"jzelada","twitter_card":"summary_large_image","twitter_creator":"@IPParaguay","twitter_site":"@IPParaguay","twitter_misc":{"Escrito por":"jzelada","Tiempo de lectura":"3 minutos"},"schema":{"@context":"https:\/\/schema.org","@graph":[{"@type":"Article","@id":"https:\/\/www.ip.gov.py\/ip\/2021\/05\/19\/hay-153-pedidos-de-traslados-para-ocupar-una-cama-de-uti-que-ya-estan-al-tope-en-sector-publico-y-privado\/#article","isPartOf":{"@id":"https:\/\/www.ip.gov.py\/ip\/2021\/05\/19\/hay-153-pedidos-de-traslados-para-ocupar-una-cama-de-uti-que-ya-estan-al-tope-en-sector-publico-y-privado\/"},"author":{"name":"jzelada","@id":"https:\/\/www.ip.gov.py\/ip\/#\/schema\/person\/b0f4c235f0f0d7a0985bbb33c6a7941e"},"headline":"Hay 153 pedidos de traslados para ocupar una cama de UTI que ya est\u00e1n al tope en sector p\u00fablico y privado","datePublished":"2021-05-19T14:50:49+00:00","mainEntityOfPage":{"@id":"https:\/\/www.ip.gov.py\/ip\/2021\/05\/19\/hay-153-pedidos-de-traslados-para-ocupar-una-cama-de-uti-que-ya-estan-al-tope-en-sector-publico-y-privado\/"},"wordCount":541,"publisher":{"@id":"https:\/\/www.ip.gov.py\/ip\/#organization"},"image":{"@id":"https:\/\/www.ip.gov.py\/ip\/2021\/05\/19\/hay-153-pedidos-de-traslados-para-ocupar-una-cama-de-uti-que-ya-estan-al-tope-en-sector-publico-y-privado\/#primaryimage"},"thumbnailUrl":"https:\/\/www.ip.gov.py\/ip\/wp-content\/uploads\/2021\/05\/Conferencia-de-prensa-MSPBS-2.jpg","keywords":["covid-19","medidas sanitarias","MSPBS","UTI"],"articleSection":["Destacado","Nacionales","Salud"],"inLanguage":"es"},{"@type":"WebPage","@id":"https:\/\/www.ip.gov.py\/ip\/2021\/05\/19\/hay-153-pedidos-de-traslados-para-ocupar-una-cama-de-uti-que-ya-estan-al-tope-en-sector-publico-y-privado\/","url":"https:\/\/www.ip.gov.py\/ip\/2021\/05\/19\/hay-153-pedidos-de-traslados-para-ocupar-una-cama-de-uti-que-ya-estan-al-tope-en-sector-publico-y-privado\/","name":"Hay 153 pedidos de traslados para ocupar una cama de UTI que ya est\u00e1n al tope en sector p\u00fablico y privado - .::Agencia IP::.","isPartOf":{"@id":"https:\/\/www.ip.gov.py\/ip\/#website"},"primaryImageOfPage":{"@id":"https:\/\/www.ip.gov.py\/ip\/2021\/05\/19\/hay-153-pedidos-de-traslados-para-ocupar-una-cama-de-uti-que-ya-estan-al-tope-en-sector-publico-y-privado\/#primaryimage"},"image":{"@id":"https:\/\/www.ip.gov.py\/ip\/2021\/05\/19\/hay-153-pedidos-de-traslados-para-ocupar-una-cama-de-uti-que-ya-estan-al-tope-en-sector-publico-y-privado\/#primaryimage"},"thumbnailUrl":"https:\/\/www.ip.gov.py\/ip\/wp-content\/uploads\/2021\/05\/Conferencia-de-prensa-MSPBS-2.jpg","datePublished":"2021-05-19T14:50:49+00:00","breadcrumb":{"@id":"https:\/\/www.ip.gov.py\/ip\/2021\/05\/19\/hay-153-pedidos-de-traslados-para-ocupar-una-cama-de-uti-que-ya-estan-al-tope-en-sector-publico-y-privado\/#breadcrumb"},"inLanguage":"es","potentialAction":[{"@type":"ReadAction","target":["https:\/\/www.ip.gov.py\/ip\/2021\/05\/19\/hay-153-pedidos-de-traslados-para-ocupar-una-cama-de-uti-que-ya-estan-al-tope-en-sector-publico-y-privado\/"]}]},{"@type":"ImageObject","inLanguage":"es","@id":"https:\/\/www.ip.gov.py\/ip\/2021\/05\/19\/hay-153-pedidos-de-traslados-para-ocupar-una-cama-de-uti-que-ya-estan-al-tope-en-sector-publico-y-privado\/#primaryimage","url":"https:\/\/www.ip.gov.py\/ip\/wp-content\/uploads\/2021\/05\/Conferencia-de-prensa-MSPBS-2.jpg","contentUrl":"https:\/\/www.ip.gov.py\/ip\/wp-content\/uploads\/2021\/05\/Conferencia-de-prensa-MSPBS-2.jpg","width":1280,"height":853,"caption":"En conferencia de prensa, el Ministerio de Salud inform\u00f3 que hay 153 pedidos de traslados para ocupar una cama de UTI. Foto MSPBS"},{"@type":"BreadcrumbList","@id":"https:\/\/www.ip.gov.py\/ip\/2021\/05\/19\/hay-153-pedidos-de-traslados-para-ocupar-una-cama-de-uti-que-ya-estan-al-tope-en-sector-publico-y-privado\/#breadcrumb","itemListElement":[{"@type":"ListItem","position":1,"name":"Portada","item":"https:\/\/www.ip.gov.py\/ip\/"},{"@type":"ListItem","position":2,"name":"Hay 153 pedidos de traslados para ocupar una cama de UTI que ya est\u00e1n al tope en sector p\u00fablico y privado"}]},{"@type":"WebSite","@id":"https:\/\/www.ip.gov.py\/ip\/#website","url":"https:\/\/www.ip.gov.py\/ip\/","name":".::Agencia IP::.","description":"","publisher":{"@id":"https:\/\/www.ip.gov.py\/ip\/#organization"},"potentialAction":[{"@type":"SearchAction","target":{"@type":"EntryPoint","urlTemplate":"https:\/\/www.ip.gov.py\/ip\/?s={search_term_string}"},"query-input":{"@type":"PropertyValueSpecification","valueRequired":true,"valueName":"search_term_string"}}],"inLanguage":"es"},{"@type":"Organization","@id":"https:\/\/www.ip.gov.py\/ip\/#organization","name":"Agencia IP","url":"https:\/\/www.ip.gov.py\/ip\/","logo":{"@type":"ImageObject","inLanguage":"es","@id":"https:\/\/www.ip.gov.py\/ip\/#\/schema\/logo\/image\/","url":"https:\/\/www.ip.gov.py\/ip\/wp-content\/uploads\/2018\/01\/Agencia-IP.jpg","contentUrl":"https:\/\/www.ip.gov.py\/ip\/wp-content\/uploads\/2018\/01\/Agencia-IP.jpg","width":150,"height":150,"caption":"Agencia IP"},"image":{"@id":"https:\/\/www.ip.gov.py\/ip\/#\/schema\/logo\/image\/"},"sameAs":["https:\/\/www.facebook.com\/IPParaguay\/","https:\/\/x.com\/IPParaguay","https:\/\/www.instagram.com\/IPParaguay"]},{"@type":"Person","@id":"https:\/\/www.ip.gov.py\/ip\/#\/schema\/person\/b0f4c235f0f0d7a0985bbb33c6a7941e","name":"jzelada","url":"https:\/\/www.ip.gov.py\/ip\/author\/jzelada\/"}]}},"_links":{"self":[{"href":"https:\/\/www.ip.gov.py\/ip\/wp-json\/wp\/v2\/posts\/366041","targetHints":{"allow":["GET"]}}],"collection":[{"href":"https:\/\/www.ip.gov.py\/ip\/wp-json\/wp\/v2\/posts"}],"about":[{"href":"https:\/\/www.ip.gov.py\/ip\/wp-json\/wp\/v2\/types\/post"}],"author":[{"embeddable":true,"href":"https:\/\/www.ip.gov.py\/ip\/wp-json\/wp\/v2\/users\/29"}],"replies":[{"embeddable":true,"href":"https:\/\/www.ip.gov.py\/ip\/wp-json\/wp\/v2\/comments?post=366041"}],"version-history":[{"count":0,"href":"https:\/\/www.ip.gov.py\/ip\/wp-json\/wp\/v2\/posts\/366041\/revisions"}],"wp:featuredmedia":[{"embeddable":true,"href":"https:\/\/www.ip.gov.py\/ip\/wp-json\/wp\/v2\/media\/366042"}],"wp:attachment":[{"href":"https:\/\/www.ip.gov.py\/ip\/wp-json\/wp\/v2\/media?parent=366041"}],"wp:term":[{"taxonomy":"category","embeddable":true,"href":"https:\/\/www.ip.gov.py\/ip\/wp-json\/wp\/v2\/categories?post=366041"},{"taxonomy":"post_tag","embeddable":true,"href":"https:\/\/www.ip.gov.py\/ip\/wp-json\/wp\/v2\/tags?post=366041"}],"curies":[{"name":"wp","href":"https:\/\/api.w.org\/{rel}","templated":true}]}}