{"id":366202,"date":"2021-05-20T09:08:51","date_gmt":"2021-05-20T13:08:51","guid":{"rendered":"https:\/\/www.ip.gov.py\/ip\/?p=366202"},"modified":"2021-05-20T09:09:34","modified_gmt":"2021-05-20T13:09:34","slug":"mediante-la-tarifa-tecnica-las-empresas-morosas-o-que-realicen-reguladas-no-podran-cobrar-el-subsidio-asegura-viceministro","status":"publish","type":"post","link":"https:\/\/www.ip.gov.py\/ip\/2021\/05\/20\/mediante-la-tarifa-tecnica-las-empresas-morosas-o-que-realicen-reguladas-no-podran-cobrar-el-subsidio-asegura-viceministro\/","title":{"rendered":"Mediante la tarifa t\u00e9cnica empresas morosas o que hagan reguladas no podr\u00e1n cobrar el subsidio, asegura viceministro"},"content":{"rendered":"<p style=\"text-align: justify;\"><em><strong>Asunci\u00f3n, Agencia IP.-<\/strong><\/em>\u00a0 El viceministro de Transporte, V\u00edctor S\u00e1nchez, asegur\u00f3 que la tarifa t\u00e9cnica se encuentra en su etapa final y que la misma ser\u00e1 presentada el 28 de mayo. En ella se prev\u00e9n reglamentaciones para las empresas transportistas quienes no podr\u00e1n estar en mora o realizar reguladas para poder acceder al cobro del subsidio.<!--more--><\/p>\n<p style=\"text-align: justify;\">El titular del Transporte explic\u00f3 que para la pr\u00f3xima semana ya se tendr\u00e1 la composici\u00f3n de la tarifa t\u00e9cnica y que la misma ser\u00e1 expuesta ante la opini\u00f3n p\u00fablica. \u00abSer\u00e1 socializado por todos los medios y vamos a entrar con una campa\u00f1a comunicacional bastante fuerte explicando los componentes de la tarifa t\u00e9cnica\u00bb, asegur\u00f3.<\/p>\n<p style=\"text-align: justify;\">S\u00e1nchez manifest\u00f3 que la tarifa t\u00e9cnica estar\u00e1 ligada a un monto de subsidio y las reglamentaciones para el cobro de ese subsidio ser\u00e1n totalmente diferentes. \u00abSe va a exigir que se tenga deuda cero correspondiente al mes de operaci\u00f3n. Aquellas empresas morosas en el mes de operaci\u00f3n no van a cobrar el subsidio\u00bb, refiri\u00f3 S\u00e1nchez este jueves en entrevista con la 730 AM.<\/p>\n<p style=\"text-align: justify;\">Dijo que por otro lado por medio de los datos del Centro de Control y Monitoreo se contar\u00e1 con los indicadores de frecuencias y aquellas empresas que realizan \u00abreguladas\u00bb no van a cobrar el subsidio. \u00abEsas son las herramientas con las que estuvimos trabajando en estos d\u00edas y van a ir acompa\u00f1adas de la tarifa t\u00e9cnica\u00bb, agreg\u00f3.<\/p>\n<p style=\"text-align: justify;\">El viceministro de Transporte refiri\u00f3 que por medio de la tarifa t\u00e9cnica lo que se pretende es establecer un buen servicio. \u00abYo quiero que exista un buen servicio, que el usuario del transporte encuentre colectivos y por ello estamos ajustando todos los niveles de controles y servicios\u00bb.<\/p>\n<p style=\"text-align: justify;\">Finalmente, S\u00e1nchez reiter\u00f3 que aquellas empresas que son \u00abmorosas o aquellas empresas que regulen el servicio no van a cobrar el subsidio. Esto nunca se hizo y ahora se est\u00e1 haciendo. Para mi es importante el servicio y como Gobierno debo dar garant\u00edas a todos los actores\u00bb.<\/p>\n","protected":false},"excerpt":{"rendered":"<p>Asunci\u00f3n, Agencia IP.-\u00a0 El viceministro de Transporte, V\u00edctor S\u00e1nchez, asegur\u00f3 que la tarifa t\u00e9cnica se encuentra en su etapa final y que la misma ser\u00e1 presentada el 28 de mayo. En ella se prev\u00e9n reglamentaciones para las empresas transportistas quienes no podr\u00e1n estar en mora o realizar reguladas para poder acceder al cobro del subsidio.<\/p>\n","protected":false},"author":23,"featured_media":313268,"comment_status":"closed","ping_status":"closed","sticky":false,"template":"","format":"standard","meta":{"_monsterinsights_skip_tracking":false,"_monsterinsights_sitenote_active":false,"_monsterinsights_sitenote_note":"","_monsterinsights_sitenote_category":0,"footnotes":""},"categories":[9],"tags":[5738,6352,3723,6298],"class_list":{"0":"post-366202","1":"post","2":"type-post","3":"status-publish","4":"format-standard","5":"has-post-thumbnail","7":"category-economia","8":"tag-empresas-transportistas","9":"tag-tarifa-tecnica","10":"tag-viceministerio-de-transporte","11":"tag-victor-sanchez"},"yoast_head":"<!-- This site is optimized with the Yoast SEO plugin v27.5 - https:\/\/yoast.com\/product\/yoast-seo-wordpress\/ -->\n<title>Mediante la tarifa t\u00e9cnica empresas morosas o que hagan reguladas no podr\u00e1n cobrar el subsidio, asegura viceministro - .::Agencia IP::.<\/title>\n<meta name=\"robots\" content=\"index, follow, max-snippet:-1, max-image-preview:large, max-video-preview:-1\" \/>\n<link rel=\"canonical\" href=\"https:\/\/www.ip.gov.py\/ip\/2021\/05\/20\/mediante-la-tarifa-tecnica-las-empresas-morosas-o-que-realicen-reguladas-no-podran-cobrar-el-subsidio-asegura-viceministro\/\" \/>\n<meta property=\"og:locale\" content=\"es_ES\" \/>\n<meta property=\"og:type\" content=\"article\" \/>\n<meta property=\"og:title\" content=\"Mediante la tarifa t\u00e9cnica empresas morosas o que hagan reguladas no podr\u00e1n cobrar el subsidio, asegura viceministro - .::Agencia IP::.\" \/>\n<meta property=\"og:description\" content=\"Asunci\u00f3n, Agencia IP.-\u00a0 El viceministro de Transporte, V\u00edctor S\u00e1nchez, asegur\u00f3 que la tarifa t\u00e9cnica se encuentra en su etapa final y que la misma ser\u00e1 presentada el 28 de mayo. En ella se prev\u00e9n reglamentaciones para las empresas transportistas quienes no podr\u00e1n estar en mora o realizar reguladas para poder acceder al cobro del subsidio.\" \/>\n<meta property=\"og:url\" content=\"https:\/\/www.ip.gov.py\/ip\/2021\/05\/20\/mediante-la-tarifa-tecnica-las-empresas-morosas-o-que-realicen-reguladas-no-podran-cobrar-el-subsidio-asegura-viceministro\/\" \/>\n<meta property=\"og:site_name\" content=\".::Agencia IP::.\" \/>\n<meta property=\"article:publisher\" content=\"https:\/\/www.facebook.com\/IPParaguay\/\" \/>\n<meta property=\"article:published_time\" content=\"2021-05-20T13:08:51+00:00\" \/>\n<meta property=\"article:modified_time\" content=\"2021-05-20T13:09:34+00:00\" \/>\n<meta property=\"og:image\" content=\"https:\/\/www.ip.gov.py\/ip\/wp-content\/uploads\/2020\/05\/buses-mascarilla-parada.jpg\" \/>\n\t<meta property=\"og:image:width\" content=\"1280\" \/>\n\t<meta property=\"og:image:height\" content=\"774\" \/>\n\t<meta property=\"og:image:type\" content=\"image\/jpeg\" \/>\n<meta name=\"author\" content=\"Noelia Ferreira\" \/>\n<meta name=\"twitter:card\" content=\"summary_large_image\" \/>\n<meta name=\"twitter:creator\" content=\"@IPParaguay\" \/>\n<meta name=\"twitter:site\" content=\"@IPParaguay\" \/>\n<meta name=\"twitter:label1\" content=\"Escrito por\" \/>\n\t<meta name=\"twitter:data1\" content=\"Noelia Ferreira\" \/>\n\t<meta name=\"twitter:label2\" content=\"Tiempo de lectura\" \/>\n\t<meta name=\"twitter:data2\" content=\"2 minutos\" \/>\n<script type=\"application\/ld+json\" class=\"yoast-schema-graph\">{\"@context\":\"https:\\\/\\\/schema.org\",\"@graph\":[{\"@type\":\"Article\",\"@id\":\"https:\\\/\\\/www.ip.gov.py\\\/ip\\\/2021\\\/05\\\/20\\\/mediante-la-tarifa-tecnica-las-empresas-morosas-o-que-realicen-reguladas-no-podran-cobrar-el-subsidio-asegura-viceministro\\\/#article\",\"isPartOf\":{\"@id\":\"https:\\\/\\\/www.ip.gov.py\\\/ip\\\/2021\\\/05\\\/20\\\/mediante-la-tarifa-tecnica-las-empresas-morosas-o-que-realicen-reguladas-no-podran-cobrar-el-subsidio-asegura-viceministro\\\/\"},\"author\":{\"name\":\"Noelia Ferreira\",\"@id\":\"https:\\\/\\\/www.ip.gov.py\\\/ip\\\/#\\\/schema\\\/person\\\/791af27a9219bdbf9064abb776bb41c2\"},\"headline\":\"Mediante la tarifa t\u00e9cnica empresas morosas o que hagan reguladas no podr\u00e1n cobrar el subsidio, asegura viceministro\",\"datePublished\":\"2021-05-20T13:08:51+00:00\",\"dateModified\":\"2021-05-20T13:09:34+00:00\",\"mainEntityOfPage\":{\"@id\":\"https:\\\/\\\/www.ip.gov.py\\\/ip\\\/2021\\\/05\\\/20\\\/mediante-la-tarifa-tecnica-las-empresas-morosas-o-que-realicen-reguladas-no-podran-cobrar-el-subsidio-asegura-viceministro\\\/\"},\"wordCount\":365,\"publisher\":{\"@id\":\"https:\\\/\\\/www.ip.gov.py\\\/ip\\\/#organization\"},\"image\":{\"@id\":\"https:\\\/\\\/www.ip.gov.py\\\/ip\\\/2021\\\/05\\\/20\\\/mediante-la-tarifa-tecnica-las-empresas-morosas-o-que-realicen-reguladas-no-podran-cobrar-el-subsidio-asegura-viceministro\\\/#primaryimage\"},\"thumbnailUrl\":\"https:\\\/\\\/www.ip.gov.py\\\/ip\\\/wp-content\\\/uploads\\\/2020\\\/05\\\/buses-mascarilla-parada.jpg\",\"keywords\":[\"Empresas transportistas\",\"Tarifa t\u00e9cnica\",\"Viceministerio de Transporte\",\"V\u00edctor S\u00e1nchez\"],\"articleSection\":[\"Econom\u00eda\"],\"inLanguage\":\"es\"},{\"@type\":\"WebPage\",\"@id\":\"https:\\\/\\\/www.ip.gov.py\\\/ip\\\/2021\\\/05\\\/20\\\/mediante-la-tarifa-tecnica-las-empresas-morosas-o-que-realicen-reguladas-no-podran-cobrar-el-subsidio-asegura-viceministro\\\/\",\"url\":\"https:\\\/\\\/www.ip.gov.py\\\/ip\\\/2021\\\/05\\\/20\\\/mediante-la-tarifa-tecnica-las-empresas-morosas-o-que-realicen-reguladas-no-podran-cobrar-el-subsidio-asegura-viceministro\\\/\",\"name\":\"Mediante la tarifa t\u00e9cnica empresas morosas o que hagan reguladas no podr\u00e1n cobrar el subsidio, asegura viceministro - .::Agencia IP::.\",\"isPartOf\":{\"@id\":\"https:\\\/\\\/www.ip.gov.py\\\/ip\\\/#website\"},\"primaryImageOfPage\":{\"@id\":\"https:\\\/\\\/www.ip.gov.py\\\/ip\\\/2021\\\/05\\\/20\\\/mediante-la-tarifa-tecnica-las-empresas-morosas-o-que-realicen-reguladas-no-podran-cobrar-el-subsidio-asegura-viceministro\\\/#primaryimage\"},\"image\":{\"@id\":\"https:\\\/\\\/www.ip.gov.py\\\/ip\\\/2021\\\/05\\\/20\\\/mediante-la-tarifa-tecnica-las-empresas-morosas-o-que-realicen-reguladas-no-podran-cobrar-el-subsidio-asegura-viceministro\\\/#primaryimage\"},\"thumbnailUrl\":\"https:\\\/\\\/www.ip.gov.py\\\/ip\\\/wp-content\\\/uploads\\\/2020\\\/05\\\/buses-mascarilla-parada.jpg\",\"datePublished\":\"2021-05-20T13:08:51+00:00\",\"dateModified\":\"2021-05-20T13:09:34+00:00\",\"breadcrumb\":{\"@id\":\"https:\\\/\\\/www.ip.gov.py\\\/ip\\\/2021\\\/05\\\/20\\\/mediante-la-tarifa-tecnica-las-empresas-morosas-o-que-realicen-reguladas-no-podran-cobrar-el-subsidio-asegura-viceministro\\\/#breadcrumb\"},\"inLanguage\":\"es\",\"potentialAction\":[{\"@type\":\"ReadAction\",\"target\":[\"https:\\\/\\\/www.ip.gov.py\\\/ip\\\/2021\\\/05\\\/20\\\/mediante-la-tarifa-tecnica-las-empresas-morosas-o-que-realicen-reguladas-no-podran-cobrar-el-subsidio-asegura-viceministro\\\/\"]}]},{\"@type\":\"ImageObject\",\"inLanguage\":\"es\",\"@id\":\"https:\\\/\\\/www.ip.gov.py\\\/ip\\\/2021\\\/05\\\/20\\\/mediante-la-tarifa-tecnica-las-empresas-morosas-o-que-realicen-reguladas-no-podran-cobrar-el-subsidio-asegura-viceministro\\\/#primaryimage\",\"url\":\"https:\\\/\\\/www.ip.gov.py\\\/ip\\\/wp-content\\\/uploads\\\/2020\\\/05\\\/buses-mascarilla-parada.jpg\",\"contentUrl\":\"https:\\\/\\\/www.ip.gov.py\\\/ip\\\/wp-content\\\/uploads\\\/2020\\\/05\\\/buses-mascarilla-parada.jpg\",\"width\":1280,\"height\":774,\"caption\":\"Ilustraci\u00f3n \\\/ Foto: Agencia IP.\"},{\"@type\":\"BreadcrumbList\",\"@id\":\"https:\\\/\\\/www.ip.gov.py\\\/ip\\\/2021\\\/05\\\/20\\\/mediante-la-tarifa-tecnica-las-empresas-morosas-o-que-realicen-reguladas-no-podran-cobrar-el-subsidio-asegura-viceministro\\\/#breadcrumb\",\"itemListElement\":[{\"@type\":\"ListItem\",\"position\":1,\"name\":\"Portada\",\"item\":\"https:\\\/\\\/www.ip.gov.py\\\/ip\\\/\"},{\"@type\":\"ListItem\",\"position\":2,\"name\":\"Mediante la tarifa t\u00e9cnica empresas morosas o que hagan reguladas no podr\u00e1n cobrar el subsidio, asegura viceministro\"}]},{\"@type\":\"WebSite\",\"@id\":\"https:\\\/\\\/www.ip.gov.py\\\/ip\\\/#website\",\"url\":\"https:\\\/\\\/www.ip.gov.py\\\/ip\\\/\",\"name\":\".::Agencia IP::.\",\"description\":\"\",\"publisher\":{\"@id\":\"https:\\\/\\\/www.ip.gov.py\\\/ip\\\/#organization\"},\"potentialAction\":[{\"@type\":\"SearchAction\",\"target\":{\"@type\":\"EntryPoint\",\"urlTemplate\":\"https:\\\/\\\/www.ip.gov.py\\\/ip\\\/?s={search_term_string}\"},\"query-input\":{\"@type\":\"PropertyValueSpecification\",\"valueRequired\":true,\"valueName\":\"search_term_string\"}}],\"inLanguage\":\"es\"},{\"@type\":\"Organization\",\"@id\":\"https:\\\/\\\/www.ip.gov.py\\\/ip\\\/#organization\",\"name\":\"Agencia IP\",\"url\":\"https:\\\/\\\/www.ip.gov.py\\\/ip\\\/\",\"logo\":{\"@type\":\"ImageObject\",\"inLanguage\":\"es\",\"@id\":\"https:\\\/\\\/www.ip.gov.py\\\/ip\\\/#\\\/schema\\\/logo\\\/image\\\/\",\"url\":\"https:\\\/\\\/www.ip.gov.py\\\/ip\\\/wp-content\\\/uploads\\\/2018\\\/01\\\/Agencia-IP.jpg\",\"contentUrl\":\"https:\\\/\\\/www.ip.gov.py\\\/ip\\\/wp-content\\\/uploads\\\/2018\\\/01\\\/Agencia-IP.jpg\",\"width\":150,\"height\":150,\"caption\":\"Agencia IP\"},\"image\":{\"@id\":\"https:\\\/\\\/www.ip.gov.py\\\/ip\\\/#\\\/schema\\\/logo\\\/image\\\/\"},\"sameAs\":[\"https:\\\/\\\/www.facebook.com\\\/IPParaguay\\\/\",\"https:\\\/\\\/x.com\\\/IPParaguay\",\"https:\\\/\\\/www.instagram.com\\\/IPParaguay\"]},{\"@type\":\"Person\",\"@id\":\"https:\\\/\\\/www.ip.gov.py\\\/ip\\\/#\\\/schema\\\/person\\\/791af27a9219bdbf9064abb776bb41c2\",\"name\":\"Noelia Ferreira\",\"sameAs\":[\"http:\\\/\\\/www.ip.gov.py\"],\"url\":\"https:\\\/\\\/www.ip.gov.py\\\/ip\\\/author\\\/nferreira\\\/\"}]}<\/script>\n<!-- \/ Yoast SEO plugin. -->","yoast_head_json":{"title":"Mediante la tarifa t\u00e9cnica empresas morosas o que hagan reguladas no podr\u00e1n cobrar el subsidio, asegura viceministro - .::Agencia IP::.","robots":{"index":"index","follow":"follow","max-snippet":"max-snippet:-1","max-image-preview":"max-image-preview:large","max-video-preview":"max-video-preview:-1"},"canonical":"https:\/\/www.ip.gov.py\/ip\/2021\/05\/20\/mediante-la-tarifa-tecnica-las-empresas-morosas-o-que-realicen-reguladas-no-podran-cobrar-el-subsidio-asegura-viceministro\/","og_locale":"es_ES","og_type":"article","og_title":"Mediante la tarifa t\u00e9cnica empresas morosas o que hagan reguladas no podr\u00e1n cobrar el subsidio, asegura viceministro - .::Agencia IP::.","og_description":"Asunci\u00f3n, Agencia IP.-\u00a0 El viceministro de Transporte, V\u00edctor S\u00e1nchez, asegur\u00f3 que la tarifa t\u00e9cnica se encuentra en su etapa final y que la misma ser\u00e1 presentada el 28 de mayo. En ella se prev\u00e9n reglamentaciones para las empresas transportistas quienes no podr\u00e1n estar en mora o realizar reguladas para poder acceder al cobro del subsidio.","og_url":"https:\/\/www.ip.gov.py\/ip\/2021\/05\/20\/mediante-la-tarifa-tecnica-las-empresas-morosas-o-que-realicen-reguladas-no-podran-cobrar-el-subsidio-asegura-viceministro\/","og_site_name":".::Agencia IP::.","article_publisher":"https:\/\/www.facebook.com\/IPParaguay\/","article_published_time":"2021-05-20T13:08:51+00:00","article_modified_time":"2021-05-20T13:09:34+00:00","og_image":[{"width":1280,"height":774,"url":"https:\/\/www.ip.gov.py\/ip\/wp-content\/uploads\/2020\/05\/buses-mascarilla-parada.jpg","type":"image\/jpeg"}],"author":"Noelia Ferreira","twitter_card":"summary_large_image","twitter_creator":"@IPParaguay","twitter_site":"@IPParaguay","twitter_misc":{"Escrito por":"Noelia Ferreira","Tiempo de lectura":"2 minutos"},"schema":{"@context":"https:\/\/schema.org","@graph":[{"@type":"Article","@id":"https:\/\/www.ip.gov.py\/ip\/2021\/05\/20\/mediante-la-tarifa-tecnica-las-empresas-morosas-o-que-realicen-reguladas-no-podran-cobrar-el-subsidio-asegura-viceministro\/#article","isPartOf":{"@id":"https:\/\/www.ip.gov.py\/ip\/2021\/05\/20\/mediante-la-tarifa-tecnica-las-empresas-morosas-o-que-realicen-reguladas-no-podran-cobrar-el-subsidio-asegura-viceministro\/"},"author":{"name":"Noelia Ferreira","@id":"https:\/\/www.ip.gov.py\/ip\/#\/schema\/person\/791af27a9219bdbf9064abb776bb41c2"},"headline":"Mediante la tarifa t\u00e9cnica empresas morosas o que hagan reguladas no podr\u00e1n cobrar el subsidio, asegura viceministro","datePublished":"2021-05-20T13:08:51+00:00","dateModified":"2021-05-20T13:09:34+00:00","mainEntityOfPage":{"@id":"https:\/\/www.ip.gov.py\/ip\/2021\/05\/20\/mediante-la-tarifa-tecnica-las-empresas-morosas-o-que-realicen-reguladas-no-podran-cobrar-el-subsidio-asegura-viceministro\/"},"wordCount":365,"publisher":{"@id":"https:\/\/www.ip.gov.py\/ip\/#organization"},"image":{"@id":"https:\/\/www.ip.gov.py\/ip\/2021\/05\/20\/mediante-la-tarifa-tecnica-las-empresas-morosas-o-que-realicen-reguladas-no-podran-cobrar-el-subsidio-asegura-viceministro\/#primaryimage"},"thumbnailUrl":"https:\/\/www.ip.gov.py\/ip\/wp-content\/uploads\/2020\/05\/buses-mascarilla-parada.jpg","keywords":["Empresas transportistas","Tarifa t\u00e9cnica","Viceministerio de Transporte","V\u00edctor S\u00e1nchez"],"articleSection":["Econom\u00eda"],"inLanguage":"es"},{"@type":"WebPage","@id":"https:\/\/www.ip.gov.py\/ip\/2021\/05\/20\/mediante-la-tarifa-tecnica-las-empresas-morosas-o-que-realicen-reguladas-no-podran-cobrar-el-subsidio-asegura-viceministro\/","url":"https:\/\/www.ip.gov.py\/ip\/2021\/05\/20\/mediante-la-tarifa-tecnica-las-empresas-morosas-o-que-realicen-reguladas-no-podran-cobrar-el-subsidio-asegura-viceministro\/","name":"Mediante la tarifa t\u00e9cnica empresas morosas o que hagan reguladas no podr\u00e1n cobrar el subsidio, asegura viceministro - .::Agencia IP::.","isPartOf":{"@id":"https:\/\/www.ip.gov.py\/ip\/#website"},"primaryImageOfPage":{"@id":"https:\/\/www.ip.gov.py\/ip\/2021\/05\/20\/mediante-la-tarifa-tecnica-las-empresas-morosas-o-que-realicen-reguladas-no-podran-cobrar-el-subsidio-asegura-viceministro\/#primaryimage"},"image":{"@id":"https:\/\/www.ip.gov.py\/ip\/2021\/05\/20\/mediante-la-tarifa-tecnica-las-empresas-morosas-o-que-realicen-reguladas-no-podran-cobrar-el-subsidio-asegura-viceministro\/#primaryimage"},"thumbnailUrl":"https:\/\/www.ip.gov.py\/ip\/wp-content\/uploads\/2020\/05\/buses-mascarilla-parada.jpg","datePublished":"2021-05-20T13:08:51+00:00","dateModified":"2021-05-20T13:09:34+00:00","breadcrumb":{"@id":"https:\/\/www.ip.gov.py\/ip\/2021\/05\/20\/mediante-la-tarifa-tecnica-las-empresas-morosas-o-que-realicen-reguladas-no-podran-cobrar-el-subsidio-asegura-viceministro\/#breadcrumb"},"inLanguage":"es","potentialAction":[{"@type":"ReadAction","target":["https:\/\/www.ip.gov.py\/ip\/2021\/05\/20\/mediante-la-tarifa-tecnica-las-empresas-morosas-o-que-realicen-reguladas-no-podran-cobrar-el-subsidio-asegura-viceministro\/"]}]},{"@type":"ImageObject","inLanguage":"es","@id":"https:\/\/www.ip.gov.py\/ip\/2021\/05\/20\/mediante-la-tarifa-tecnica-las-empresas-morosas-o-que-realicen-reguladas-no-podran-cobrar-el-subsidio-asegura-viceministro\/#primaryimage","url":"https:\/\/www.ip.gov.py\/ip\/wp-content\/uploads\/2020\/05\/buses-mascarilla-parada.jpg","contentUrl":"https:\/\/www.ip.gov.py\/ip\/wp-content\/uploads\/2020\/05\/buses-mascarilla-parada.jpg","width":1280,"height":774,"caption":"Ilustraci\u00f3n \/ Foto: Agencia IP."},{"@type":"BreadcrumbList","@id":"https:\/\/www.ip.gov.py\/ip\/2021\/05\/20\/mediante-la-tarifa-tecnica-las-empresas-morosas-o-que-realicen-reguladas-no-podran-cobrar-el-subsidio-asegura-viceministro\/#breadcrumb","itemListElement":[{"@type":"ListItem","position":1,"name":"Portada","item":"https:\/\/www.ip.gov.py\/ip\/"},{"@type":"ListItem","position":2,"name":"Mediante la tarifa t\u00e9cnica empresas morosas o que hagan reguladas no podr\u00e1n cobrar el subsidio, asegura viceministro"}]},{"@type":"WebSite","@id":"https:\/\/www.ip.gov.py\/ip\/#website","url":"https:\/\/www.ip.gov.py\/ip\/","name":".::Agencia IP::.","description":"","publisher":{"@id":"https:\/\/www.ip.gov.py\/ip\/#organization"},"potentialAction":[{"@type":"SearchAction","target":{"@type":"EntryPoint","urlTemplate":"https:\/\/www.ip.gov.py\/ip\/?s={search_term_string}"},"query-input":{"@type":"PropertyValueSpecification","valueRequired":true,"valueName":"search_term_string"}}],"inLanguage":"es"},{"@type":"Organization","@id":"https:\/\/www.ip.gov.py\/ip\/#organization","name":"Agencia IP","url":"https:\/\/www.ip.gov.py\/ip\/","logo":{"@type":"ImageObject","inLanguage":"es","@id":"https:\/\/www.ip.gov.py\/ip\/#\/schema\/logo\/image\/","url":"https:\/\/www.ip.gov.py\/ip\/wp-content\/uploads\/2018\/01\/Agencia-IP.jpg","contentUrl":"https:\/\/www.ip.gov.py\/ip\/wp-content\/uploads\/2018\/01\/Agencia-IP.jpg","width":150,"height":150,"caption":"Agencia IP"},"image":{"@id":"https:\/\/www.ip.gov.py\/ip\/#\/schema\/logo\/image\/"},"sameAs":["https:\/\/www.facebook.com\/IPParaguay\/","https:\/\/x.com\/IPParaguay","https:\/\/www.instagram.com\/IPParaguay"]},{"@type":"Person","@id":"https:\/\/www.ip.gov.py\/ip\/#\/schema\/person\/791af27a9219bdbf9064abb776bb41c2","name":"Noelia Ferreira","sameAs":["http:\/\/www.ip.gov.py"],"url":"https:\/\/www.ip.gov.py\/ip\/author\/nferreira\/"}]}},"_links":{"self":[{"href":"https:\/\/www.ip.gov.py\/ip\/wp-json\/wp\/v2\/posts\/366202","targetHints":{"allow":["GET"]}}],"collection":[{"href":"https:\/\/www.ip.gov.py\/ip\/wp-json\/wp\/v2\/posts"}],"about":[{"href":"https:\/\/www.ip.gov.py\/ip\/wp-json\/wp\/v2\/types\/post"}],"author":[{"embeddable":true,"href":"https:\/\/www.ip.gov.py\/ip\/wp-json\/wp\/v2\/users\/23"}],"replies":[{"embeddable":true,"href":"https:\/\/www.ip.gov.py\/ip\/wp-json\/wp\/v2\/comments?post=366202"}],"version-history":[{"count":0,"href":"https:\/\/www.ip.gov.py\/ip\/wp-json\/wp\/v2\/posts\/366202\/revisions"}],"wp:featuredmedia":[{"embeddable":true,"href":"https:\/\/www.ip.gov.py\/ip\/wp-json\/wp\/v2\/media\/313268"}],"wp:attachment":[{"href":"https:\/\/www.ip.gov.py\/ip\/wp-json\/wp\/v2\/media?parent=366202"}],"wp:term":[{"taxonomy":"category","embeddable":true,"href":"https:\/\/www.ip.gov.py\/ip\/wp-json\/wp\/v2\/categories?post=366202"},{"taxonomy":"post_tag","embeddable":true,"href":"https:\/\/www.ip.gov.py\/ip\/wp-json\/wp\/v2\/tags?post=366202"}],"curies":[{"name":"wp","href":"https:\/\/api.w.org\/{rel}","templated":true}]}}