{"id":366233,"date":"2021-05-20T09:38:22","date_gmt":"2021-05-20T13:38:22","guid":{"rendered":"https:\/\/www.ip.gov.py\/ip\/?p=366233"},"modified":"2021-05-20T09:38:22","modified_gmt":"2021-05-20T13:38:22","slug":"siete-estados-brasilenos-registraron-mas-del-90-de-camas-uci-ocupadas","status":"publish","type":"post","link":"https:\/\/www.ip.gov.py\/ip\/2021\/05\/20\/siete-estados-brasilenos-registraron-mas-del-90-de-camas-uci-ocupadas\/","title":{"rendered":"Siete estados brasile\u00f1os registraron m\u00e1s del 90% de camas UCI ocupadas"},"content":{"rendered":"<p style=\"text-align: justify;\"><em><strong>Brasilia.-<\/strong><\/em>Siete estados brasile\u00f1os registran m\u00e1s del 90 por ciento de camas de unidades de cuidados intensivos ocupadas, mientras el pa\u00eds supera el umbral de 441.000 fallecidos a causa de la pandemia de coronavirus.<!--more--><\/p>\n<p style=\"text-align: justify;\">Pernambuco, Paran\u00e1, R\u00edo Grande del Norte, Cear\u00e1, Santa Catarina, Piau\u00ed y Sergipe son los siete estados en esta situaci\u00f3n, mientras un total de 17 han marcado una tendencia al alza en la ocupaci\u00f3n de estas camas para pacientes afectados por la COVID-19, informa el medio brasile\u00f1o Folha de Sao Paulo.<\/p>\n<p style=\"text-align: justify;\">Este incremento se da en medio de la flexibilizaci\u00f3n de actividades econ\u00f3micas y la reanudaci\u00f3n de clases presenciales en algunos puntos, ya que los gobernadores han apuntado a la estabilidad en las tasas de contagio.<\/p>\n<p style=\"text-align: justify;\">En este contexto, en el estado de Sao Paulo, el gobernador, Joao Doria, ha anunciado flexibilidades en el funcionamiento del comercio en la regi\u00f3n partir del pr\u00f3ximo 1 de junio, mientras varias ciudades del interior han decretado el cierre y toque de queda debido al incremento de casos y hospitalizaciones.<\/p>\n<p style=\"text-align: justify;\">Las medidas m\u00e1s estrictas se han adoptado en las ciudades de Franca, Bebedouro y Batatais, al norte de la regi\u00f3n, ya que los hospitales se encuentran abarrotados, informa UOL.<\/p>\n<p style=\"text-align: justify;\">Mientras tanto, el Ministerio de Salud de Brasil ha registrado\u00a0 2.641 muertos por COVID-19, con lo que el total asciende a 441.691.<\/p>\n<p style=\"text-align: justify;\">En la \u00faltima jornada se han anotado 79.219 nuevos contagios, lo que eleva a 15.812.055 el acumulado de casos confirmados desde que estall\u00f3 la crisis sanitaria.<\/p>\n<p style=\"text-align: justify;\">Hasta el momento, se han aplicado 60,2 millones de dosis de la vacuna contra el coronavirus, con 40,3 millones de personas que han recibido al menos la primera dosis y 19,9 millones que han adquirido el esquema completo &#8211;las dos dosis&#8211;, seg\u00fan el consorcio de medios de comunicaci\u00f3n que analiza la pandemia a diario.<\/p>\n<p style=\"text-align: justify;\">Por otra parte, el exministro de Salud de Brasil Eduardo Pazuello ha defendido este mi\u00e9rcoles ante la Comisi\u00f3n Parlamentaria de Investigaci\u00f3n (CPI), que estudia la gesti\u00f3n gubernamental de la pandemia del coronavirus, que el pa\u00eds es \u201csoberano\u201d y que no tiene por qu\u00e9 seguir las directrices de la Organizaci\u00f3n Mundial de la Salud (OMS).<\/p>\n<p style=\"text-align: justify;\">La esperada comparecencia del general Pazuello ante el CPI se ha producido dos semanas despu\u00e9s de lo previsto, tras alegar que deb\u00eda retrasar su declaraci\u00f3n debido a que hab\u00eda mantenido contacto estrecho con un positivo por coronavirus.<\/p>\n<p style=\"text-align: justify;\">\u201cNo estamos obligados a seguir ning\u00fan tipo de orientaci\u00f3n de la OMS o de la ONU o de cualquier otro. Somos soberanos\u201d, ha argumentado Pazuello, quien ha explicado que dichas organizaciones \u201cestuvieron presentes a diario en el ministerio\u201d y \u201cno pusieron nada\u201d.<\/p>\n<p style=\"text-align: justify;\">\u201cNuestra decisi\u00f3n es plena, Brasil es soberano para tomar sus decisiones en cualquier \u00e1mbito, incluida la salud\u201d, ha insistido Pazuello, quien a pesar de que las directrices de la OMS \u201cno fueron claras\u201d debido a la \u201cla incertidumbre de la situaci\u00f3n\u201d, sino m\u00e1s bien \u201ciban y ven\u00edan\u201d, desde el ministerio \u201cse tuvo en cuenta sus posiciones para apoyar la toma de decisiones\u201d.<\/p>\n<p style=\"text-align: justify;\">Por otro lado, el exministro de Salud ha negado que el presidente, Jair Bolsonaro, ejerciera ning\u00fan tipo de presi\u00f3n sobre \u00e9l y sus decisiones, como s\u00ed criticaron los anteriores responsables de la cartera, Luiz Henrique Mandetta y Nelson Teich, enfatizando que \u201cbajo ninguna circunstancia\u201d le dio \u201c\u00f3rdenes directas\u201d.Infobae.<\/p>\n","protected":false},"excerpt":{"rendered":"<p>Brasilia.-Siete estados brasile\u00f1os registran m\u00e1s del 90 por ciento de camas de unidades de cuidados intensivos ocupadas, mientras el pa\u00eds supera el umbral de 441.000 fallecidos a causa de la pandemia de coronavirus.<\/p>\n","protected":false},"author":11,"featured_media":366236,"comment_status":"closed","ping_status":"closed","sticky":false,"template":"","format":"standard","meta":{"_monsterinsights_skip_tracking":false,"_monsterinsights_sitenote_active":false,"_monsterinsights_sitenote_note":"","_monsterinsights_sitenote_category":0,"footnotes":""},"categories":[5],"tags":[335,4211,1741,3000,3414],"class_list":{"0":"post-366233","1":"post","2":"type-post","3":"status-publish","4":"format-standard","5":"has-post-thumbnail","7":"category-internacionales","8":"tag-brasil","9":"tag-camas","10":"tag-estados","11":"tag-pandemia","12":"tag-uti"},"yoast_head":"<!-- This site is optimized with the Yoast SEO plugin v27.5 - https:\/\/yoast.com\/product\/yoast-seo-wordpress\/ -->\n<title>Siete estados brasile\u00f1os registraron m\u00e1s del 90% de camas UCI ocupadas - .::Agencia IP::.<\/title>\n<meta name=\"robots\" content=\"index, follow, max-snippet:-1, max-image-preview:large, max-video-preview:-1\" \/>\n<link rel=\"canonical\" href=\"https:\/\/www.ip.gov.py\/ip\/2021\/05\/20\/siete-estados-brasilenos-registraron-mas-del-90-de-camas-uci-ocupadas\/\" \/>\n<meta property=\"og:locale\" content=\"es_ES\" \/>\n<meta property=\"og:type\" content=\"article\" \/>\n<meta property=\"og:title\" content=\"Siete estados brasile\u00f1os registraron m\u00e1s del 90% de camas UCI ocupadas - .::Agencia IP::.\" \/>\n<meta property=\"og:description\" content=\"Brasilia.-Siete estados brasile\u00f1os registran m\u00e1s del 90 por ciento de camas de unidades de cuidados intensivos ocupadas, mientras el pa\u00eds supera el umbral de 441.000 fallecidos a causa de la pandemia de coronavirus.\" \/>\n<meta property=\"og:url\" content=\"https:\/\/www.ip.gov.py\/ip\/2021\/05\/20\/siete-estados-brasilenos-registraron-mas-del-90-de-camas-uci-ocupadas\/\" \/>\n<meta property=\"og:site_name\" content=\".::Agencia IP::.\" \/>\n<meta property=\"article:publisher\" content=\"https:\/\/www.facebook.com\/IPParaguay\/\" \/>\n<meta property=\"article:published_time\" content=\"2021-05-20T13:38:22+00:00\" \/>\n<meta property=\"og:image\" content=\"https:\/\/www.ip.gov.py\/ip\/wp-content\/uploads\/2021\/05\/Brasil-5.jpg\" \/>\n\t<meta property=\"og:image:width\" content=\"630\" \/>\n\t<meta property=\"og:image:height\" content=\"420\" \/>\n\t<meta property=\"og:image:type\" content=\"image\/jpeg\" \/>\n<meta name=\"author\" content=\"vrios\" \/>\n<meta name=\"twitter:card\" content=\"summary_large_image\" \/>\n<meta name=\"twitter:creator\" content=\"@IPParaguay\" \/>\n<meta name=\"twitter:site\" content=\"@IPParaguay\" \/>\n<meta name=\"twitter:label1\" content=\"Escrito por\" \/>\n\t<meta name=\"twitter:data1\" content=\"vrios\" \/>\n\t<meta name=\"twitter:label2\" content=\"Tiempo de lectura\" \/>\n\t<meta name=\"twitter:data2\" content=\"3 minutos\" \/>\n<script type=\"application\/ld+json\" class=\"yoast-schema-graph\">{\"@context\":\"https:\\\/\\\/schema.org\",\"@graph\":[{\"@type\":\"Article\",\"@id\":\"https:\\\/\\\/www.ip.gov.py\\\/ip\\\/2021\\\/05\\\/20\\\/siete-estados-brasilenos-registraron-mas-del-90-de-camas-uci-ocupadas\\\/#article\",\"isPartOf\":{\"@id\":\"https:\\\/\\\/www.ip.gov.py\\\/ip\\\/2021\\\/05\\\/20\\\/siete-estados-brasilenos-registraron-mas-del-90-de-camas-uci-ocupadas\\\/\"},\"author\":{\"name\":\"vrios\",\"@id\":\"https:\\\/\\\/www.ip.gov.py\\\/ip\\\/#\\\/schema\\\/person\\\/fa3668852e893cb0423795330f919039\"},\"headline\":\"Siete estados brasile\u00f1os registraron m\u00e1s del 90% de camas UCI ocupadas\",\"datePublished\":\"2021-05-20T13:38:22+00:00\",\"mainEntityOfPage\":{\"@id\":\"https:\\\/\\\/www.ip.gov.py\\\/ip\\\/2021\\\/05\\\/20\\\/siete-estados-brasilenos-registraron-mas-del-90-de-camas-uci-ocupadas\\\/\"},\"wordCount\":580,\"publisher\":{\"@id\":\"https:\\\/\\\/www.ip.gov.py\\\/ip\\\/#organization\"},\"image\":{\"@id\":\"https:\\\/\\\/www.ip.gov.py\\\/ip\\\/2021\\\/05\\\/20\\\/siete-estados-brasilenos-registraron-mas-del-90-de-camas-uci-ocupadas\\\/#primaryimage\"},\"thumbnailUrl\":\"https:\\\/\\\/www.ip.gov.py\\\/ip\\\/wp-content\\\/uploads\\\/2021\\\/05\\\/Brasil-5.jpg\",\"keywords\":[\"Brasil\",\"camas\",\"Estados\",\"pandemia\",\"UTI\"],\"articleSection\":[\"Internacionales\"],\"inLanguage\":\"es\"},{\"@type\":\"WebPage\",\"@id\":\"https:\\\/\\\/www.ip.gov.py\\\/ip\\\/2021\\\/05\\\/20\\\/siete-estados-brasilenos-registraron-mas-del-90-de-camas-uci-ocupadas\\\/\",\"url\":\"https:\\\/\\\/www.ip.gov.py\\\/ip\\\/2021\\\/05\\\/20\\\/siete-estados-brasilenos-registraron-mas-del-90-de-camas-uci-ocupadas\\\/\",\"name\":\"Siete estados brasile\u00f1os registraron m\u00e1s del 90% de camas UCI ocupadas - .::Agencia IP::.\",\"isPartOf\":{\"@id\":\"https:\\\/\\\/www.ip.gov.py\\\/ip\\\/#website\"},\"primaryImageOfPage\":{\"@id\":\"https:\\\/\\\/www.ip.gov.py\\\/ip\\\/2021\\\/05\\\/20\\\/siete-estados-brasilenos-registraron-mas-del-90-de-camas-uci-ocupadas\\\/#primaryimage\"},\"image\":{\"@id\":\"https:\\\/\\\/www.ip.gov.py\\\/ip\\\/2021\\\/05\\\/20\\\/siete-estados-brasilenos-registraron-mas-del-90-de-camas-uci-ocupadas\\\/#primaryimage\"},\"thumbnailUrl\":\"https:\\\/\\\/www.ip.gov.py\\\/ip\\\/wp-content\\\/uploads\\\/2021\\\/05\\\/Brasil-5.jpg\",\"datePublished\":\"2021-05-20T13:38:22+00:00\",\"breadcrumb\":{\"@id\":\"https:\\\/\\\/www.ip.gov.py\\\/ip\\\/2021\\\/05\\\/20\\\/siete-estados-brasilenos-registraron-mas-del-90-de-camas-uci-ocupadas\\\/#breadcrumb\"},\"inLanguage\":\"es\",\"potentialAction\":[{\"@type\":\"ReadAction\",\"target\":[\"https:\\\/\\\/www.ip.gov.py\\\/ip\\\/2021\\\/05\\\/20\\\/siete-estados-brasilenos-registraron-mas-del-90-de-camas-uci-ocupadas\\\/\"]}]},{\"@type\":\"ImageObject\",\"inLanguage\":\"es\",\"@id\":\"https:\\\/\\\/www.ip.gov.py\\\/ip\\\/2021\\\/05\\\/20\\\/siete-estados-brasilenos-registraron-mas-del-90-de-camas-uci-ocupadas\\\/#primaryimage\",\"url\":\"https:\\\/\\\/www.ip.gov.py\\\/ip\\\/wp-content\\\/uploads\\\/2021\\\/05\\\/Brasil-5.jpg\",\"contentUrl\":\"https:\\\/\\\/www.ip.gov.py\\\/ip\\\/wp-content\\\/uploads\\\/2021\\\/05\\\/Brasil-5.jpg\",\"width\":630,\"height\":420,\"caption\":\"Efe\"},{\"@type\":\"BreadcrumbList\",\"@id\":\"https:\\\/\\\/www.ip.gov.py\\\/ip\\\/2021\\\/05\\\/20\\\/siete-estados-brasilenos-registraron-mas-del-90-de-camas-uci-ocupadas\\\/#breadcrumb\",\"itemListElement\":[{\"@type\":\"ListItem\",\"position\":1,\"name\":\"Portada\",\"item\":\"https:\\\/\\\/www.ip.gov.py\\\/ip\\\/\"},{\"@type\":\"ListItem\",\"position\":2,\"name\":\"Siete estados brasile\u00f1os registraron m\u00e1s del 90% de camas UCI ocupadas\"}]},{\"@type\":\"WebSite\",\"@id\":\"https:\\\/\\\/www.ip.gov.py\\\/ip\\\/#website\",\"url\":\"https:\\\/\\\/www.ip.gov.py\\\/ip\\\/\",\"name\":\".::Agencia IP::.\",\"description\":\"\",\"publisher\":{\"@id\":\"https:\\\/\\\/www.ip.gov.py\\\/ip\\\/#organization\"},\"potentialAction\":[{\"@type\":\"SearchAction\",\"target\":{\"@type\":\"EntryPoint\",\"urlTemplate\":\"https:\\\/\\\/www.ip.gov.py\\\/ip\\\/?s={search_term_string}\"},\"query-input\":{\"@type\":\"PropertyValueSpecification\",\"valueRequired\":true,\"valueName\":\"search_term_string\"}}],\"inLanguage\":\"es\"},{\"@type\":\"Organization\",\"@id\":\"https:\\\/\\\/www.ip.gov.py\\\/ip\\\/#organization\",\"name\":\"Agencia IP\",\"url\":\"https:\\\/\\\/www.ip.gov.py\\\/ip\\\/\",\"logo\":{\"@type\":\"ImageObject\",\"inLanguage\":\"es\",\"@id\":\"https:\\\/\\\/www.ip.gov.py\\\/ip\\\/#\\\/schema\\\/logo\\\/image\\\/\",\"url\":\"https:\\\/\\\/www.ip.gov.py\\\/ip\\\/wp-content\\\/uploads\\\/2018\\\/01\\\/Agencia-IP.jpg\",\"contentUrl\":\"https:\\\/\\\/www.ip.gov.py\\\/ip\\\/wp-content\\\/uploads\\\/2018\\\/01\\\/Agencia-IP.jpg\",\"width\":150,\"height\":150,\"caption\":\"Agencia IP\"},\"image\":{\"@id\":\"https:\\\/\\\/www.ip.gov.py\\\/ip\\\/#\\\/schema\\\/logo\\\/image\\\/\"},\"sameAs\":[\"https:\\\/\\\/www.facebook.com\\\/IPParaguay\\\/\",\"https:\\\/\\\/x.com\\\/IPParaguay\",\"https:\\\/\\\/www.instagram.com\\\/IPParaguay\"]},{\"@type\":\"Person\",\"@id\":\"https:\\\/\\\/www.ip.gov.py\\\/ip\\\/#\\\/schema\\\/person\\\/fa3668852e893cb0423795330f919039\",\"name\":\"vrios\",\"url\":\"https:\\\/\\\/www.ip.gov.py\\\/ip\\\/author\\\/vrios\\\/\"}]}<\/script>\n<!-- \/ Yoast SEO plugin. -->","yoast_head_json":{"title":"Siete estados brasile\u00f1os registraron m\u00e1s del 90% de camas UCI ocupadas - .::Agencia IP::.","robots":{"index":"index","follow":"follow","max-snippet":"max-snippet:-1","max-image-preview":"max-image-preview:large","max-video-preview":"max-video-preview:-1"},"canonical":"https:\/\/www.ip.gov.py\/ip\/2021\/05\/20\/siete-estados-brasilenos-registraron-mas-del-90-de-camas-uci-ocupadas\/","og_locale":"es_ES","og_type":"article","og_title":"Siete estados brasile\u00f1os registraron m\u00e1s del 90% de camas UCI ocupadas - .::Agencia IP::.","og_description":"Brasilia.-Siete estados brasile\u00f1os registran m\u00e1s del 90 por ciento de camas de unidades de cuidados intensivos ocupadas, mientras el pa\u00eds supera el umbral de 441.000 fallecidos a causa de la pandemia de coronavirus.","og_url":"https:\/\/www.ip.gov.py\/ip\/2021\/05\/20\/siete-estados-brasilenos-registraron-mas-del-90-de-camas-uci-ocupadas\/","og_site_name":".::Agencia IP::.","article_publisher":"https:\/\/www.facebook.com\/IPParaguay\/","article_published_time":"2021-05-20T13:38:22+00:00","og_image":[{"width":630,"height":420,"url":"https:\/\/www.ip.gov.py\/ip\/wp-content\/uploads\/2021\/05\/Brasil-5.jpg","type":"image\/jpeg"}],"author":"vrios","twitter_card":"summary_large_image","twitter_creator":"@IPParaguay","twitter_site":"@IPParaguay","twitter_misc":{"Escrito por":"vrios","Tiempo de lectura":"3 minutos"},"schema":{"@context":"https:\/\/schema.org","@graph":[{"@type":"Article","@id":"https:\/\/www.ip.gov.py\/ip\/2021\/05\/20\/siete-estados-brasilenos-registraron-mas-del-90-de-camas-uci-ocupadas\/#article","isPartOf":{"@id":"https:\/\/www.ip.gov.py\/ip\/2021\/05\/20\/siete-estados-brasilenos-registraron-mas-del-90-de-camas-uci-ocupadas\/"},"author":{"name":"vrios","@id":"https:\/\/www.ip.gov.py\/ip\/#\/schema\/person\/fa3668852e893cb0423795330f919039"},"headline":"Siete estados brasile\u00f1os registraron m\u00e1s del 90% de camas UCI ocupadas","datePublished":"2021-05-20T13:38:22+00:00","mainEntityOfPage":{"@id":"https:\/\/www.ip.gov.py\/ip\/2021\/05\/20\/siete-estados-brasilenos-registraron-mas-del-90-de-camas-uci-ocupadas\/"},"wordCount":580,"publisher":{"@id":"https:\/\/www.ip.gov.py\/ip\/#organization"},"image":{"@id":"https:\/\/www.ip.gov.py\/ip\/2021\/05\/20\/siete-estados-brasilenos-registraron-mas-del-90-de-camas-uci-ocupadas\/#primaryimage"},"thumbnailUrl":"https:\/\/www.ip.gov.py\/ip\/wp-content\/uploads\/2021\/05\/Brasil-5.jpg","keywords":["Brasil","camas","Estados","pandemia","UTI"],"articleSection":["Internacionales"],"inLanguage":"es"},{"@type":"WebPage","@id":"https:\/\/www.ip.gov.py\/ip\/2021\/05\/20\/siete-estados-brasilenos-registraron-mas-del-90-de-camas-uci-ocupadas\/","url":"https:\/\/www.ip.gov.py\/ip\/2021\/05\/20\/siete-estados-brasilenos-registraron-mas-del-90-de-camas-uci-ocupadas\/","name":"Siete estados brasile\u00f1os registraron m\u00e1s del 90% de camas UCI ocupadas - .::Agencia IP::.","isPartOf":{"@id":"https:\/\/www.ip.gov.py\/ip\/#website"},"primaryImageOfPage":{"@id":"https:\/\/www.ip.gov.py\/ip\/2021\/05\/20\/siete-estados-brasilenos-registraron-mas-del-90-de-camas-uci-ocupadas\/#primaryimage"},"image":{"@id":"https:\/\/www.ip.gov.py\/ip\/2021\/05\/20\/siete-estados-brasilenos-registraron-mas-del-90-de-camas-uci-ocupadas\/#primaryimage"},"thumbnailUrl":"https:\/\/www.ip.gov.py\/ip\/wp-content\/uploads\/2021\/05\/Brasil-5.jpg","datePublished":"2021-05-20T13:38:22+00:00","breadcrumb":{"@id":"https:\/\/www.ip.gov.py\/ip\/2021\/05\/20\/siete-estados-brasilenos-registraron-mas-del-90-de-camas-uci-ocupadas\/#breadcrumb"},"inLanguage":"es","potentialAction":[{"@type":"ReadAction","target":["https:\/\/www.ip.gov.py\/ip\/2021\/05\/20\/siete-estados-brasilenos-registraron-mas-del-90-de-camas-uci-ocupadas\/"]}]},{"@type":"ImageObject","inLanguage":"es","@id":"https:\/\/www.ip.gov.py\/ip\/2021\/05\/20\/siete-estados-brasilenos-registraron-mas-del-90-de-camas-uci-ocupadas\/#primaryimage","url":"https:\/\/www.ip.gov.py\/ip\/wp-content\/uploads\/2021\/05\/Brasil-5.jpg","contentUrl":"https:\/\/www.ip.gov.py\/ip\/wp-content\/uploads\/2021\/05\/Brasil-5.jpg","width":630,"height":420,"caption":"Efe"},{"@type":"BreadcrumbList","@id":"https:\/\/www.ip.gov.py\/ip\/2021\/05\/20\/siete-estados-brasilenos-registraron-mas-del-90-de-camas-uci-ocupadas\/#breadcrumb","itemListElement":[{"@type":"ListItem","position":1,"name":"Portada","item":"https:\/\/www.ip.gov.py\/ip\/"},{"@type":"ListItem","position":2,"name":"Siete estados brasile\u00f1os registraron m\u00e1s del 90% de camas UCI ocupadas"}]},{"@type":"WebSite","@id":"https:\/\/www.ip.gov.py\/ip\/#website","url":"https:\/\/www.ip.gov.py\/ip\/","name":".::Agencia IP::.","description":"","publisher":{"@id":"https:\/\/www.ip.gov.py\/ip\/#organization"},"potentialAction":[{"@type":"SearchAction","target":{"@type":"EntryPoint","urlTemplate":"https:\/\/www.ip.gov.py\/ip\/?s={search_term_string}"},"query-input":{"@type":"PropertyValueSpecification","valueRequired":true,"valueName":"search_term_string"}}],"inLanguage":"es"},{"@type":"Organization","@id":"https:\/\/www.ip.gov.py\/ip\/#organization","name":"Agencia IP","url":"https:\/\/www.ip.gov.py\/ip\/","logo":{"@type":"ImageObject","inLanguage":"es","@id":"https:\/\/www.ip.gov.py\/ip\/#\/schema\/logo\/image\/","url":"https:\/\/www.ip.gov.py\/ip\/wp-content\/uploads\/2018\/01\/Agencia-IP.jpg","contentUrl":"https:\/\/www.ip.gov.py\/ip\/wp-content\/uploads\/2018\/01\/Agencia-IP.jpg","width":150,"height":150,"caption":"Agencia IP"},"image":{"@id":"https:\/\/www.ip.gov.py\/ip\/#\/schema\/logo\/image\/"},"sameAs":["https:\/\/www.facebook.com\/IPParaguay\/","https:\/\/x.com\/IPParaguay","https:\/\/www.instagram.com\/IPParaguay"]},{"@type":"Person","@id":"https:\/\/www.ip.gov.py\/ip\/#\/schema\/person\/fa3668852e893cb0423795330f919039","name":"vrios","url":"https:\/\/www.ip.gov.py\/ip\/author\/vrios\/"}]}},"_links":{"self":[{"href":"https:\/\/www.ip.gov.py\/ip\/wp-json\/wp\/v2\/posts\/366233","targetHints":{"allow":["GET"]}}],"collection":[{"href":"https:\/\/www.ip.gov.py\/ip\/wp-json\/wp\/v2\/posts"}],"about":[{"href":"https:\/\/www.ip.gov.py\/ip\/wp-json\/wp\/v2\/types\/post"}],"author":[{"embeddable":true,"href":"https:\/\/www.ip.gov.py\/ip\/wp-json\/wp\/v2\/users\/11"}],"replies":[{"embeddable":true,"href":"https:\/\/www.ip.gov.py\/ip\/wp-json\/wp\/v2\/comments?post=366233"}],"version-history":[{"count":0,"href":"https:\/\/www.ip.gov.py\/ip\/wp-json\/wp\/v2\/posts\/366233\/revisions"}],"wp:featuredmedia":[{"embeddable":true,"href":"https:\/\/www.ip.gov.py\/ip\/wp-json\/wp\/v2\/media\/366236"}],"wp:attachment":[{"href":"https:\/\/www.ip.gov.py\/ip\/wp-json\/wp\/v2\/media?parent=366233"}],"wp:term":[{"taxonomy":"category","embeddable":true,"href":"https:\/\/www.ip.gov.py\/ip\/wp-json\/wp\/v2\/categories?post=366233"},{"taxonomy":"post_tag","embeddable":true,"href":"https:\/\/www.ip.gov.py\/ip\/wp-json\/wp\/v2\/tags?post=366233"}],"curies":[{"name":"wp","href":"https:\/\/api.w.org\/{rel}","templated":true}]}}